{"id":4338,"date":"2013-11-19T22:24:06","date_gmt":"2013-11-20T01:24:06","guid":{"rendered":"http:\/\/www.isletasnoticias.com.ar\/?p=4338"},"modified":"2013-11-19T22:48:09","modified_gmt":"2013-11-20T01:48:09","slug":"renuncio-moreno-el-funcionario-mas-cuestionado-del-gobierno","status":"publish","type":"post","link":"https:\/\/informelitoral.com.ar\/renuncio-moreno-el-funcionario-mas-cuestionado-del-gobierno\/","title":{"rendered":"Renunci\u00f3 Moreno, el funcionario m\u00e1s cuestionado del Gobierno"},"content":{"rendered":"<div>\n<p style=\"text-align: left;\"><strong>\u00a0El vocero de la Presidencia,\u00a0<em>Alfredo Scoccimarro<\/em>, inform\u00f3 esta tarde que <em>Guillermo Moreno<\/em> present\u00f3 su renuncia como secretario de Comercio Interior. La misma fue aceptada por <em>Cristina Kirchner<\/em> y se har\u00e1 efectiva a partir del 2 de diciembre.\u00a0<\/strong><\/p>\n<\/div>\n<p><img loading=\"lazy\" decoding=\"async\" class=\"size-medium wp-image-4339 aligncenter\" alt=\"moreno\" src=\"http:\/\/www.isletasnoticias.com.ar\/%77%70%2d%63%6f%6e%74%65%6e%74\/uploads\/2013\/11\/moreno-300x168.jpg\" width=\"300\" height=\"168\" srcset=\"https:\/\/informelitoral.com.ar\/%77%70%2d%63%6f%6e%74%65%6e%74\/uploads\/2013\/11\/moreno-300x168.jpg 300w, https:\/\/informelitoral.com.ar\/%77%70%2d%63%6f%6e%74%65%6e%74\/uploads\/2013\/11\/moreno-1024x575.jpg 1024w, https:\/\/informelitoral.com.ar\/%77%70%2d%63%6f%6e%74%65%6e%74\/uploads\/2013\/11\/moreno.jpg 1170w\" sizes=\"auto, (max-width: 300px) 100vw, 300px\" \/><\/p>\n<div>\n<div>El funcionario pasar\u00e1 ahora a desempe\u00f1arse como\u00a0<b>agregado econ\u00f3mico en la embajada de la Argentina en Italia<\/b>, indic\u00f3 Scoccimarro.<\/div>\n<div>La salida de Moreno se comunic\u00f3 un d\u00eda despu\u00e9s de los\u00a0<a href=\"http:\/\/www.infobae.com\/2013\/11\/18\/1524709-cambios-el-gobierno-capitanich-sera-jefe-gabinete-y-kicillof-ministro-economia\">cambios anunciados en el Gabinete<\/a>, en el que se movieron las principales figuras del equipo econ\u00f3mico. De hecho, la permanencia del secretario hab\u00eda sido\u00a0<a href=\"http:\/\/www.infobae.com\/2013\/11\/19\/1524758-la-oposicion-destaco-la-capacidad-gestion-capitanich-y-apunto-contra-los-funcionarios-desplazados\">cuestionada p<\/a><a href=\"http:\/\/www.infobae.com\/2013\/11\/19\/1524758-la-oposicion-destaco-la-capacidad-gestion-capitanich-y-apunto-contra-los-funcionarios-desplazados\">or la oposici\u00f3n<\/a>\u00a0y empresarios al hacer un primer balance de las modificaciones.<\/div>\n<\/div>\n<div>Moreno ocupa la Secretar\u00eda de Comercio Interior desde 2005. Con el correr de los a\u00f1os fue ganando influencia dentro del kirchnerismo hasta controlar \u00e1reas clave de la econom\u00eda, entre ellas el Instituto Nacional de Estad\u00edsticas y Censos (<b>Indec<\/b>), cuyas mediciones son con frecuencia denunciadas como falsas por partidos antikirchneristas y hasta por propios empleados del organismo.<\/div>\n<div>Su obsesi\u00f3n por controlar las estad\u00edsticas lo llev\u00f3 a mantener disputas judiciales con consultoras privadas, que registraban \u00edndices distintos de los que difund\u00eda el Gobierno. De hecho la \u00faltima aparici\u00f3n p\u00fablica que tuvo fue cuando\u00a0<a href=\"http:\/\/www.infobae.com\/2013\/11\/19\/1524796-moreno-volvio-tribunales-y-convencio-los-jueces\">acudi\u00f3 a Tribunales<\/a>\u00a0para defenderse en la apelaci\u00f3n que present\u00f3 su defensa por el\u00a0<b>procesamiento\u00a0<\/b>que le valieron las multas y sanciones que aplic\u00f3 a algunas de esas empresas.<\/div>\n<div>La pelea con las consultoras fue apenas una de las\u00a0<b>numerosas controversias<\/b>\u00a0que rodearon a Moreno durante su gesti\u00f3n, en la que manej\u00f3 con rigor la relaci\u00f3n con el empresariado, al punto de ganarse calificativos de \u00abpatotero\u00bb o \u00abprepotente\u00bb.<\/div>\n<div>\n<div>Entre las medidas auspiciadas con mayor vehemencia por Moreno figuran la inspecci\u00f3n exhaustiva de las exportaciones, el cepo cambiario, las restricciones a las importaciones, el control de precios a supermercados y la elaboraci\u00f3n de canastas de productos de primera necesidad con valores que muchos consideraron que no se cumpl\u00edan. Adem\u00e1s, neg\u00f3 en todo momento la\u00a0<b>inflaci\u00f3n\u00a0<\/b>que med\u00edan entidades privadas.<\/div>\n<div>Algunos de los hechos m\u00e1s pol\u00e9micos del secretario estuvieron relacionados con la participaci\u00f3n que tuvo en representaci\u00f3n del Estado en las asambleas de Papel Prensa y el Grupo Clar\u00edn. Tambi\u00e9n en distintos encuentros con empresarios, a los que p<a href=\"http:\/\/www.infobae.com\/2013\/09\/23\/1510803-el-pongui-pongui-moreno\">resion\u00f3 con distintas metodolog\u00edas<\/a>.<\/div>\n<div>Moreno cumpli\u00f3 funciones en el gobierno kirchnerista desde el momento en que asumi\u00f3 N\u00e9stor Kirchner (antes de Comercio Interior ocup\u00f3 la Secretar\u00eda de Comunicaciones). Su renuncia se produce horas despu\u00e9s de que\u00a0<b>Axel Kicillof<\/b>, su principal adversario en el Gabinete, fue designado como ministro de Econom\u00eda. \u00a0 (Fuente: Infobae).<\/div>\n<\/div>\n","protected":false},"excerpt":{"rendered":"<p>&nbsp;El vocero de la Presidencia,&nbsp;Alfredo Scoccimarro, inform&oacute; esta tarde que Guillermo Moreno present&oacute; su renuncia como secretario de Comercio Interior. La misma fue aceptada por Cristina Kirchner y se har&aacute; efectiva a partir del 2 de diciembre.&nbsp; El funcionario pasar&aacute; ahora a desempe&ntilde;arse como&nbsp;agregado econ&oacute;mico en la embajada de la Argentina en Italia, indic&oacute; Scoccimarro. [&hellip;]<\/p>\n","protected":false},"author":2,"featured_media":0,"comment_status":"open","ping_status":"open","sticky":false,"template":"","format":"standard","meta":{"fifu_image_url":"","fifu_image_alt":"","footnotes":""},"categories":[7,16],"tags":[],"class_list":{"0":"post-4338","1":"post","2":"type-post","3":"status-publish","4":"format-standard","6":"category-nacionales","7":"category-politi"},"yoast_head":"<title>Renunci\u00f3 Moreno, el funcionario m\u00e1s cuestionado del Gobierno - Informe Litoral<\/title>\n<meta name=\"robots\" content=\"index, follow, max-snippet:-1, max-image-preview:large, max-video-preview:-1\" \/>\n<link rel=\"canonical\" href=\"https:\/\/informelitoral.com.ar\/renuncio-moreno-el-funcionario-mas-cuestionado-del-gobierno\/\" \/>\n<meta property=\"og:locale\" content=\"es_ES\" \/>\n<meta property=\"og:type\" content=\"article\" \/>\n<meta property=\"og:title\" content=\"Renunci\u00f3 Moreno, el funcionario m\u00e1s cuestionado del Gobierno - Informe Litoral\" \/>\n<meta property=\"og:description\" content=\"&nbsp;El vocero de la Presidencia,&nbsp;Alfredo Scoccimarro, inform&oacute; esta tarde que Guillermo Moreno present&oacute; su renuncia como secretario de Comercio Interior. La misma fue aceptada por Cristina Kirchner y se har&aacute; efectiva a partir del 2 de diciembre.&nbsp; El funcionario pasar&aacute; ahora a desempe&ntilde;arse como&nbsp;agregado econ&oacute;mico en la embajada de la Argentina en Italia, indic&oacute; Scoccimarro. [&hellip;]\" \/>\n<meta property=\"og:url\" content=\"https:\/\/informelitoral.com.ar\/renuncio-moreno-el-funcionario-mas-cuestionado-del-gobierno\/\" \/>\n<meta property=\"og:site_name\" content=\"Informe Litoral\" \/>\n<meta property=\"article:publisher\" content=\"https:\/\/www.facebook.com\/informelitoral\/\" \/>\n<meta property=\"article:published_time\" content=\"2013-11-20T01:24:06+00:00\" \/>\n<meta property=\"article:modified_time\" content=\"2013-11-20T01:48:09+00:00\" \/>\n<meta property=\"og:image\" content=\"https:\/\/informelitoral.com.ar\/%77%70%2d%63%6f%6e%74%65%6e%74\/uploads\/2013\/11\/moreno.jpg\" \/>\n\t<meta property=\"og:image:width\" content=\"1170\" \/>\n\t<meta property=\"og:image:height\" content=\"658\" \/>\n\t<meta property=\"og:image:type\" content=\"image\/jpeg\" \/>\n<meta name=\"author\" content=\"Gonzalo Schmidt\" \/>\n<meta name=\"twitter:card\" content=\"summary_large_image\" \/>\n<meta name=\"twitter:creator\" content=\"@InformeLitoral\" \/>\n<meta name=\"twitter:site\" content=\"@InformeLitoral\" \/>\n<meta name=\"twitter:label1\" content=\"Escrito por\" \/>\n\t<meta name=\"twitter:data1\" content=\"Gonzalo Schmidt\" \/>\n\t<meta name=\"twitter:label2\" content=\"Tiempo de lectura\" \/>\n\t<meta name=\"twitter:data2\" content=\"2 minutos\" \/>\n<script type=\"application\/ld+json\" class=\"yoast-schema-graph\">{\"@context\":\"https:\\\/\\\/schema.org\",\"@graph\":[{\"@type\":\"Article\",\"@id\":\"https:\\\/\\\/informelitoral.com.ar\\\/renuncio-moreno-el-funcionario-mas-cuestionado-del-gobierno\\\/#article\",\"isPartOf\":{\"@id\":\"https:\\\/\\\/informelitoral.com.ar\\\/renuncio-moreno-el-funcionario-mas-cuestionado-del-gobierno\\\/\"},\"author\":{\"name\":\"Gonzalo Schmidt\",\"@id\":\"https:\\\/\\\/informelitoral.com.ar\\\/#\\\/schema\\\/person\\\/b9d00407c836482871ef1d57bf8e3180\"},\"headline\":\"Renunci\u00f3 Moreno, el funcionario m\u00e1s cuestionado del Gobierno\",\"datePublished\":\"2013-11-20T01:24:06+00:00\",\"dateModified\":\"2013-11-20T01:48:09+00:00\",\"mainEntityOfPage\":{\"@id\":\"https:\\\/\\\/informelitoral.com.ar\\\/renuncio-moreno-el-funcionario-mas-cuestionado-del-gobierno\\\/\"},\"wordCount\":459,\"commentCount\":0,\"publisher\":{\"@id\":\"https:\\\/\\\/informelitoral.com.ar\\\/#organization\"},\"image\":{\"@id\":\"https:\\\/\\\/informelitoral.com.ar\\\/renuncio-moreno-el-funcionario-mas-cuestionado-del-gobierno\\\/#primaryimage\"},\"thumbnailUrl\":\"http:\\\/\\\/www.isletasnoticias.com.ar\\\/%77%70%2d%63%6f%6e%74%65%6e%74\\\/uploads\\\/2013\\\/11\\\/moreno-300x168.jpg\",\"articleSection\":[\"Nacionales\",\"Politica\"],\"inLanguage\":\"es\",\"potentialAction\":[{\"@type\":\"CommentAction\",\"name\":\"Comment\",\"target\":[\"https:\\\/\\\/informelitoral.com.ar\\\/renuncio-moreno-el-funcionario-mas-cuestionado-del-gobierno\\\/#respond\"]}]},{\"@type\":\"WebPage\",\"@id\":\"https:\\\/\\\/informelitoral.com.ar\\\/renuncio-moreno-el-funcionario-mas-cuestionado-del-gobierno\\\/\",\"url\":\"https:\\\/\\\/informelitoral.com.ar\\\/renuncio-moreno-el-funcionario-mas-cuestionado-del-gobierno\\\/\",\"name\":\"Renunci\u00f3 Moreno, el funcionario m\u00e1s cuestionado del Gobierno - Informe Litoral\",\"isPartOf\":{\"@id\":\"https:\\\/\\\/informelitoral.com.ar\\\/#website\"},\"primaryImageOfPage\":{\"@id\":\"https:\\\/\\\/informelitoral.com.ar\\\/renuncio-moreno-el-funcionario-mas-cuestionado-del-gobierno\\\/#primaryimage\"},\"image\":{\"@id\":\"https:\\\/\\\/informelitoral.com.ar\\\/renuncio-moreno-el-funcionario-mas-cuestionado-del-gobierno\\\/#primaryimage\"},\"thumbnailUrl\":\"http:\\\/\\\/www.isletasnoticias.com.ar\\\/%77%70%2d%63%6f%6e%74%65%6e%74\\\/uploads\\\/2013\\\/11\\\/moreno-300x168.jpg\",\"datePublished\":\"2013-11-20T01:24:06+00:00\",\"dateModified\":\"2013-11-20T01:48:09+00:00\",\"breadcrumb\":{\"@id\":\"https:\\\/\\\/informelitoral.com.ar\\\/renuncio-moreno-el-funcionario-mas-cuestionado-del-gobierno\\\/#breadcrumb\"},\"inLanguage\":\"es\",\"potentialAction\":[{\"@type\":\"ReadAction\",\"target\":[\"https:\\\/\\\/informelitoral.com.ar\\\/renuncio-moreno-el-funcionario-mas-cuestionado-del-gobierno\\\/\"]}]},{\"@type\":\"ImageObject\",\"inLanguage\":\"es\",\"@id\":\"https:\\\/\\\/informelitoral.com.ar\\\/renuncio-moreno-el-funcionario-mas-cuestionado-del-gobierno\\\/#primaryimage\",\"url\":\"http:\\\/\\\/www.isletasnoticias.com.ar\\\/%77%70%2d%63%6f%6e%74%65%6e%74\\\/uploads\\\/2013\\\/11\\\/moreno-300x168.jpg\",\"contentUrl\":\"http:\\\/\\\/www.isletasnoticias.com.ar\\\/%77%70%2d%63%6f%6e%74%65%6e%74\\\/uploads\\\/2013\\\/11\\\/moreno-300x168.jpg\"},{\"@type\":\"BreadcrumbList\",\"@id\":\"https:\\\/\\\/informelitoral.com.ar\\\/renuncio-moreno-el-funcionario-mas-cuestionado-del-gobierno\\\/#breadcrumb\",\"itemListElement\":[{\"@type\":\"ListItem\",\"position\":1,\"name\":\"Portada\",\"item\":\"https:\\\/\\\/informelitoral.com.ar\\\/\"},{\"@type\":\"ListItem\",\"position\":2,\"name\":\"Renunci\u00f3 Moreno, el funcionario m\u00e1s cuestionado del Gobierno\"}]},{\"@type\":\"WebSite\",\"@id\":\"https:\\\/\\\/informelitoral.com.ar\\\/#website\",\"url\":\"https:\\\/\\\/informelitoral.com.ar\\\/\",\"name\":\"Informe Litoral\",\"description\":\"&quot;Nos informamos&quot; \",\"publisher\":{\"@id\":\"https:\\\/\\\/informelitoral.com.ar\\\/#organization\"},\"potentialAction\":[{\"@type\":\"SearchAction\",\"target\":{\"@type\":\"EntryPoint\",\"urlTemplate\":\"https:\\\/\\\/informelitoral.com.ar\\\/?s={search_term_string}\"},\"query-input\":{\"@type\":\"PropertyValueSpecification\",\"valueRequired\":true,\"valueName\":\"search_term_string\"}}],\"inLanguage\":\"es\"},{\"@type\":\"Organization\",\"@id\":\"https:\\\/\\\/informelitoral.com.ar\\\/#organization\",\"name\":\"Informe Litoral\",\"url\":\"https:\\\/\\\/informelitoral.com.ar\\\/\",\"logo\":{\"@type\":\"ImageObject\",\"inLanguage\":\"es\",\"@id\":\"https:\\\/\\\/informelitoral.com.ar\\\/#\\\/schema\\\/logo\\\/image\\\/\",\"url\":\"https:\\\/\\\/informelitoral.com.ar\\\/%77%70%2d%63%6f%6e%74%65%6e%74\\\/uploads\\\/2021\\\/01\\\/circulo.png\",\"contentUrl\":\"https:\\\/\\\/informelitoral.com.ar\\\/%77%70%2d%63%6f%6e%74%65%6e%74\\\/uploads\\\/2021\\\/01\\\/circulo.png\",\"width\":723,\"height\":731,\"caption\":\"Informe Litoral\"},\"image\":{\"@id\":\"https:\\\/\\\/informelitoral.com.ar\\\/#\\\/schema\\\/logo\\\/image\\\/\"},\"sameAs\":[\"https:\\\/\\\/www.facebook.com\\\/informelitoral\\\/\",\"https:\\\/\\\/x.com\\\/InformeLitoral\",\"https:\\\/\\\/www.instagram.com\\\/informelitoral\\\/\",\"https:\\\/\\\/www.youtube.com\\\/channel\\\/UCua4Qvz8Icb6MYqhoq9xLXw\"]},{\"@type\":\"Person\",\"@id\":\"https:\\\/\\\/informelitoral.com.ar\\\/#\\\/schema\\\/person\\\/b9d00407c836482871ef1d57bf8e3180\",\"name\":\"Gonzalo Schmidt\",\"image\":{\"@type\":\"ImageObject\",\"inLanguage\":\"es\",\"@id\":\"https:\\\/\\\/secure.gravatar.com\\\/avatar\\\/31a1a7b66ff2de83bd0e9fd79d026630d2d99e55e8bfe501287647b4fd9743de?s=96&d=mm&r=g\",\"url\":\"https:\\\/\\\/secure.gravatar.com\\\/avatar\\\/31a1a7b66ff2de83bd0e9fd79d026630d2d99e55e8bfe501287647b4fd9743de?s=96&d=mm&r=g\",\"contentUrl\":\"https:\\\/\\\/secure.gravatar.com\\\/avatar\\\/31a1a7b66ff2de83bd0e9fd79d026630d2d99e55e8bfe501287647b4fd9743de?s=96&d=mm&r=g\",\"caption\":\"Gonzalo Schmidt\"},\"description\":\"Sitio web de noticias de la provincia de Entre R\u00edos, Argentina. Informaci\u00f3n y entretenimiento. Informe Litoral, nos informamos.\",\"sameAs\":[\"http:\\\/\\\/www.isletasnoticias.com.ar\"],\"url\":\"https:\\\/\\\/informelitoral.com.ar\\\/author\\\/gonzalo\\\/\"}]}<\/script>","yoast_head_json":{"title":"Renunci\u00f3 Moreno, el funcionario m\u00e1s cuestionado del Gobierno - Informe Litoral","robots":{"index":"index","follow":"follow","max-snippet":"max-snippet:-1","max-image-preview":"max-image-preview:large","max-video-preview":"max-video-preview:-1"},"canonical":"https:\/\/informelitoral.com.ar\/renuncio-moreno-el-funcionario-mas-cuestionado-del-gobierno\/","og_locale":"es_ES","og_type":"article","og_title":"Renunci\u00f3 Moreno, el funcionario m\u00e1s cuestionado del Gobierno - Informe Litoral","og_description":"&nbsp;El vocero de la Presidencia,&nbsp;Alfredo Scoccimarro, inform&oacute; esta tarde que Guillermo Moreno present&oacute; su renuncia como secretario de Comercio Interior. La misma fue aceptada por Cristina Kirchner y se har&aacute; efectiva a partir del 2 de diciembre.&nbsp; El funcionario pasar&aacute; ahora a desempe&ntilde;arse como&nbsp;agregado econ&oacute;mico en la embajada de la Argentina en Italia, indic&oacute; Scoccimarro. [&hellip;]","og_url":"https:\/\/informelitoral.com.ar\/renuncio-moreno-el-funcionario-mas-cuestionado-del-gobierno\/","og_site_name":"Informe Litoral","article_publisher":"https:\/\/www.facebook.com\/informelitoral\/","article_published_time":"2013-11-20T01:24:06+00:00","article_modified_time":"2013-11-20T01:48:09+00:00","og_image":[{"width":1170,"height":658,"url":"https:\/\/informelitoral.com.ar\/%77%70%2d%63%6f%6e%74%65%6e%74\/uploads\/2013\/11\/moreno.jpg","type":"image\/jpeg"}],"author":"Gonzalo Schmidt","twitter_card":"summary_large_image","twitter_creator":"@InformeLitoral","twitter_site":"@InformeLitoral","twitter_misc":{"Escrito por":"Gonzalo Schmidt","Tiempo de lectura":"2 minutos"},"schema":{"@context":"https:\/\/schema.org","@graph":[{"@type":"Article","@id":"https:\/\/informelitoral.com.ar\/renuncio-moreno-el-funcionario-mas-cuestionado-del-gobierno\/#article","isPartOf":{"@id":"https:\/\/informelitoral.com.ar\/renuncio-moreno-el-funcionario-mas-cuestionado-del-gobierno\/"},"author":{"name":"Gonzalo Schmidt","@id":"https:\/\/informelitoral.com.ar\/#\/schema\/person\/b9d00407c836482871ef1d57bf8e3180"},"headline":"Renunci\u00f3 Moreno, el funcionario m\u00e1s cuestionado del Gobierno","datePublished":"2013-11-20T01:24:06+00:00","dateModified":"2013-11-20T01:48:09+00:00","mainEntityOfPage":{"@id":"https:\/\/informelitoral.com.ar\/renuncio-moreno-el-funcionario-mas-cuestionado-del-gobierno\/"},"wordCount":459,"commentCount":0,"publisher":{"@id":"https:\/\/informelitoral.com.ar\/#organization"},"image":{"@id":"https:\/\/informelitoral.com.ar\/renuncio-moreno-el-funcionario-mas-cuestionado-del-gobierno\/#primaryimage"},"thumbnailUrl":"http:\/\/www.isletasnoticias.com.ar\/%77%70%2d%63%6f%6e%74%65%6e%74\/uploads\/2013\/11\/moreno-300x168.jpg","articleSection":["Nacionales","Politica"],"inLanguage":"es","potentialAction":[{"@type":"CommentAction","name":"Comment","target":["https:\/\/informelitoral.com.ar\/renuncio-moreno-el-funcionario-mas-cuestionado-del-gobierno\/#respond"]}]},{"@type":"WebPage","@id":"https:\/\/informelitoral.com.ar\/renuncio-moreno-el-funcionario-mas-cuestionado-del-gobierno\/","url":"https:\/\/informelitoral.com.ar\/renuncio-moreno-el-funcionario-mas-cuestionado-del-gobierno\/","name":"Renunci\u00f3 Moreno, el funcionario m\u00e1s cuestionado del Gobierno - Informe Litoral","isPartOf":{"@id":"https:\/\/informelitoral.com.ar\/#website"},"primaryImageOfPage":{"@id":"https:\/\/informelitoral.com.ar\/renuncio-moreno-el-funcionario-mas-cuestionado-del-gobierno\/#primaryimage"},"image":{"@id":"https:\/\/informelitoral.com.ar\/renuncio-moreno-el-funcionario-mas-cuestionado-del-gobierno\/#primaryimage"},"thumbnailUrl":"http:\/\/www.isletasnoticias.com.ar\/%77%70%2d%63%6f%6e%74%65%6e%74\/uploads\/2013\/11\/moreno-300x168.jpg","datePublished":"2013-11-20T01:24:06+00:00","dateModified":"2013-11-20T01:48:09+00:00","breadcrumb":{"@id":"https:\/\/informelitoral.com.ar\/renuncio-moreno-el-funcionario-mas-cuestionado-del-gobierno\/#breadcrumb"},"inLanguage":"es","potentialAction":[{"@type":"ReadAction","target":["https:\/\/informelitoral.com.ar\/renuncio-moreno-el-funcionario-mas-cuestionado-del-gobierno\/"]}]},{"@type":"ImageObject","inLanguage":"es","@id":"https:\/\/informelitoral.com.ar\/renuncio-moreno-el-funcionario-mas-cuestionado-del-gobierno\/#primaryimage","url":"http:\/\/www.isletasnoticias.com.ar\/%77%70%2d%63%6f%6e%74%65%6e%74\/uploads\/2013\/11\/moreno-300x168.jpg","contentUrl":"http:\/\/www.isletasnoticias.com.ar\/%77%70%2d%63%6f%6e%74%65%6e%74\/uploads\/2013\/11\/moreno-300x168.jpg"},{"@type":"BreadcrumbList","@id":"https:\/\/informelitoral.com.ar\/renuncio-moreno-el-funcionario-mas-cuestionado-del-gobierno\/#breadcrumb","itemListElement":[{"@type":"ListItem","position":1,"name":"Portada","item":"https:\/\/informelitoral.com.ar\/"},{"@type":"ListItem","position":2,"name":"Renunci\u00f3 Moreno, el funcionario m\u00e1s cuestionado del Gobierno"}]},{"@type":"WebSite","@id":"https:\/\/informelitoral.com.ar\/#website","url":"https:\/\/informelitoral.com.ar\/","name":"Informe Litoral","description":"&quot;Nos informamos&quot; ","publisher":{"@id":"https:\/\/informelitoral.com.ar\/#organization"},"potentialAction":[{"@type":"SearchAction","target":{"@type":"EntryPoint","urlTemplate":"https:\/\/informelitoral.com.ar\/?s={search_term_string}"},"query-input":{"@type":"PropertyValueSpecification","valueRequired":true,"valueName":"search_term_string"}}],"inLanguage":"es"},{"@type":"Organization","@id":"https:\/\/informelitoral.com.ar\/#organization","name":"Informe Litoral","url":"https:\/\/informelitoral.com.ar\/","logo":{"@type":"ImageObject","inLanguage":"es","@id":"https:\/\/informelitoral.com.ar\/#\/schema\/logo\/image\/","url":"https:\/\/informelitoral.com.ar\/%77%70%2d%63%6f%6e%74%65%6e%74\/uploads\/2021\/01\/circulo.png","contentUrl":"https:\/\/informelitoral.com.ar\/%77%70%2d%63%6f%6e%74%65%6e%74\/uploads\/2021\/01\/circulo.png","width":723,"height":731,"caption":"Informe Litoral"},"image":{"@id":"https:\/\/informelitoral.com.ar\/#\/schema\/logo\/image\/"},"sameAs":["https:\/\/www.facebook.com\/informelitoral\/","https:\/\/x.com\/InformeLitoral","https:\/\/www.instagram.com\/informelitoral\/","https:\/\/www.youtube.com\/channel\/UCua4Qvz8Icb6MYqhoq9xLXw"]},{"@type":"Person","@id":"https:\/\/informelitoral.com.ar\/#\/schema\/person\/b9d00407c836482871ef1d57bf8e3180","name":"Gonzalo Schmidt","image":{"@type":"ImageObject","inLanguage":"es","@id":"https:\/\/secure.gravatar.com\/avatar\/31a1a7b66ff2de83bd0e9fd79d026630d2d99e55e8bfe501287647b4fd9743de?s=96&d=mm&r=g","url":"https:\/\/secure.gravatar.com\/avatar\/31a1a7b66ff2de83bd0e9fd79d026630d2d99e55e8bfe501287647b4fd9743de?s=96&d=mm&r=g","contentUrl":"https:\/\/secure.gravatar.com\/avatar\/31a1a7b66ff2de83bd0e9fd79d026630d2d99e55e8bfe501287647b4fd9743de?s=96&d=mm&r=g","caption":"Gonzalo Schmidt"},"description":"Sitio web de noticias de la provincia de Entre R\u00edos, Argentina. Informaci\u00f3n y entretenimiento. Informe Litoral, nos informamos.","sameAs":["http:\/\/www.isletasnoticias.com.ar"],"url":"https:\/\/informelitoral.com.ar\/author\/gonzalo\/"}]}},"_links":{"self":[{"href":"https:\/\/informelitoral.com.ar\/%77%70%2d%6a%73%6f%6e\/wp\/v2\/posts\/4338","targetHints":{"allow":["GET"]}}],"collection":[{"href":"https:\/\/informelitoral.com.ar\/%77%70%2d%6a%73%6f%6e\/wp\/v2\/posts"}],"about":[{"href":"https:\/\/informelitoral.com.ar\/%77%70%2d%6a%73%6f%6e\/wp\/v2\/types\/post"}],"author":[{"embeddable":true,"href":"https:\/\/informelitoral.com.ar\/%77%70%2d%6a%73%6f%6e\/wp\/v2\/users\/2"}],"replies":[{"embeddable":true,"href":"https:\/\/informelitoral.com.ar\/%77%70%2d%6a%73%6f%6e\/wp\/v2\/comments?post=4338"}],"version-history":[{"count":0,"href":"https:\/\/informelitoral.com.ar\/%77%70%2d%6a%73%6f%6e\/wp\/v2\/posts\/4338\/revisions"}],"wp:attachment":[{"href":"https:\/\/informelitoral.com.ar\/%77%70%2d%6a%73%6f%6e\/wp\/v2\/media?parent=4338"}],"wp:term":[{"taxonomy":"category","embeddable":true,"href":"https:\/\/informelitoral.com.ar\/%77%70%2d%6a%73%6f%6e\/wp\/v2\/categories?post=4338"},{"taxonomy":"post_tag","embeddable":true,"href":"https:\/\/informelitoral.com.ar\/%77%70%2d%6a%73%6f%6e\/wp\/v2\/tags?post=4338"}],"curies":[{"name":"wp","href":"https:\/\/api.w.org\/{rel}","templated":true}]}}