{"id":43342,"date":"2020-05-19T07:22:08","date_gmt":"2020-05-19T10:22:08","guid":{"rendered":"https:\/\/www.isletasnoticias.com.ar\/?p=43342"},"modified":"2020-05-19T16:22:37","modified_gmt":"2020-05-19T19:22:37","slug":"que-significa-que-el-sol-se-encuentre-en-su-minimo-de-actividad","status":"publish","type":"post","link":"https:\/\/informelitoral.com.ar\/que-significa-que-el-sol-se-encuentre-en-su-minimo-de-actividad\/","title":{"rendered":"\u00bfQu\u00e9 significa que el Sol se encuentre en su m\u00ednimo de actividad?"},"content":{"rendered":"<p>La actividad que actualmente registra el Sol es normal, \u201cse trata de una etapa de su ciclo de 11 a\u00f1os y no es una condici\u00f3n por la que debamos preocuparnos o que deba llamar la atenci\u00f3n, y mucho menos tiene relaci\u00f3n con alg\u00fan otro fen\u00f3meno natural\u201d, afirm\u00f3 Am\u00e9rico Gonz\u00e1lez Esparza. \u00c9l es investigador del Instituto de Geof\u00edsica (IGf) de la UNAM y jefe del Servicio de Clima Espacial M\u00e9xico (SCiESMEX).<\/p>\n<h4><em><strong>Es completamente falso que la baja actividad solar pudiera causar clima helado, terremotos o erupciones volc\u00e1nicas, como se ha difundido en los d\u00edas recientes, se\u00f1al\u00f3.<\/strong><\/em><\/h4>\n<p>En estos momentos el Sol est\u00e1 muy tranquilo, en su m\u00ednimo de actividad, pr\u00e1cticamente dormido. Es por esta raz\u00f3n que no presenta manchas en su superficie. Asimismo, aclar\u00f3 que esta disminuci\u00f3n temporal tampoco contribuir\u00e1 a aminorar el calentamiento global. Aunque se ha difundido que ya no tendremos que preocuparnos y eso no es verdad.<\/p>\n<p>\u201cLas variaciones en la radiaci\u00f3n del Sol durante este ciclo son muy peque\u00f1as comparadas con el cambio clim\u00e1tico y aquel fen\u00f3meno no modificar\u00e1 la tendencia en el planeta\u201d, precis\u00f3 el tambi\u00e9n responsable del Laboratorio Nacional de Clima Espacial (LANCE).<\/p>\n<h4><strong>Nuestra estrella tiene ciclos de aproximadamente 11 a\u00f1os.<\/strong><\/h4>\n<figure id=\"attachment_29040\" class=\"wp-caption aligncenter\"><img loading=\"lazy\" decoding=\"async\" class=\"wp-image-29040 size-full\" src=\"https:\/\/dam.ngenespanol.com\/%77%70%2d%63%6f%6e%74%65%6e%74\/uploads\/2020\/05\/actividad-solar-sol.jpg\" sizes=\"auto, (max-width: 800px) 100vw, 800px\" srcset=\"https:\/\/dam.ngenespanol.com\/%77%70%2d%63%6f%6e%74%65%6e%74\/uploads\/2020\/05\/actividad-solar-sol.jpg 800w, https:\/\/dam.ngenespanol.com\/%77%70%2d%63%6f%6e%74%65%6e%74\/uploads\/2020\/05\/actividad-solar-sol-768x430.jpg 768w, https:\/\/dam.ngenespanol.com\/%77%70%2d%63%6f%6e%74%65%6e%74\/uploads\/2020\/05\/actividad-solar-sol-770x431.jpg 770w\" alt=\"NASA Sol baja actividad solar\" width=\"800\" height=\"448\" \/><figcaption class=\"wp-caption-text\">Aqu\u00ed presentamos dos im\u00e1genes del Sol. La primera es en su m\u00e1xima actividad y la segunda en su m\u00ednimo de actividad.<br \/>\nFoto: Cortes\u00eda NASA<\/figcaption><\/figure>\n<p>\u201cDesde hace varios meses entramos en su fase de m\u00ednima actividad, el Sol no tiene manchas en su superficie y es la etapa que indica el nacimiento del siguiente ciclo, el n\u00famero 25, por eso ha estado muy tranquilo; algo habitual en este periodo\u201d, reiter\u00f3.<\/p>\n<p>El doctor en f\u00edsica espacial por el Imperial College, de la Universidad de Londres, Reino Unido, con posdoctorado en el Jet Propulsion Laboratory de la NASA, Estados Unidos, se\u00f1al\u00f3 que en algunos trabajos se ha tratado de predecir c\u00f3mo ser\u00e1n los siguientes ciclos solares porque, aunque se repiten en el lapso mencionado, no siempre son iguales.<\/p>\n<h4><em>\u201cLa predicci\u00f3n del siguiente ciclo es muy importante en t\u00e9rminos de clima espacial, por eso el tema es de inter\u00e9s para nosotros\u201d.<\/em><\/h4>\n<p>Ha habido periodos en donde por varios ciclos el Sol ha presentado baja actividad (pocas manchas y tormentas), y en otros ha sido m\u00e1s intensa. El que reci\u00e9n est\u00e1 terminando, el ciclo 24, fue moderado y podemos decir que en su pico, que fue en 2014, no tuvo pocas ni muchas manchas.<\/p>\n<p>Seg\u00fan algunos modelos sin fundamento f\u00edsico, sino basados en un an\u00e1lisis de series de datos de tiempo, el n\u00famero de manchas solares iba a decrecer.<\/p>\n<p>Se especul\u00f3 que los siguientes ciclos ser\u00edan menos intensos y que posiblemente se repetir\u00edan algunos de muy baja actividad, como los registrados en algunos periodos de la historia, conocidos como los m\u00ednimos de Maunder (de 1645 a 1715) o de Dalton (1790 a 1830), acompa\u00f1ados de una ligera baja en la temperatura del planeta, que fueron calificados como mini eras glaciares.<\/p>\n<figure id=\"attachment_29042\" class=\"wp-caption aligncenter\"><img loading=\"lazy\" decoding=\"async\" class=\"size-full wp-image-29042\" src=\"https:\/\/dam.ngenespanol.com\/%77%70%2d%63%6f%6e%74%65%6e%74\/uploads\/2020\/05\/actividad-solar-sol-22.png\" sizes=\"auto, (max-width: 1032px) 100vw, 1032px\" srcset=\"https:\/\/dam.ngenespanol.com\/%77%70%2d%63%6f%6e%74%65%6e%74\/uploads\/2020\/05\/actividad-solar-sol-22.png 1032w, https:\/\/dam.ngenespanol.com\/%77%70%2d%63%6f%6e%74%65%6e%74\/uploads\/2020\/05\/actividad-solar-sol-22-768x744.png 768w, https:\/\/dam.ngenespanol.com\/%77%70%2d%63%6f%6e%74%65%6e%74\/uploads\/2020\/05\/actividad-solar-sol-22-1024x992.png 1024w, https:\/\/dam.ngenespanol.com\/%77%70%2d%63%6f%6e%74%65%6e%74\/uploads\/2020\/05\/actividad-solar-sol-22-770x746.png 770w\" alt=\"baja actividad solar Sol Planeta\" width=\"1032\" height=\"1000\" \/><figcaption class=\"wp-caption-text\">Foto: Imagen cortes\u00eda ESA-NASA<\/figcaption><\/figure>\n<p>Sin embargo, precis\u00f3 el universitario, \u201cla mayor\u00eda de la comunidad acad\u00e9mica que nos dedicamos a estudiar al Sol y c\u00f3mo su actividad afecta a nuestro planeta, no coincidimos con las predicciones de esos modelos.<\/p>\n<p>En general, el consenso de la comunidad cient\u00edfica, y como estableci\u00f3 la National Oceanic and Atmospheric Administration (NOAA) de Estados Unidos, es que el siguiente ciclo ser\u00e1 muy parecido al que acabamos de terminar. Los miembros de la organizaci\u00f3n Internacional de Servicios de Meteorolog\u00eda del Espacio (ISES) tambi\u00e9n coinciden con esta predicci\u00f3n\u201d.<\/p>\n<h4><em>El pr\u00f3ximo m\u00e1ximo de la actividad solar ocurrir\u00e1 en cuatro o cinco a\u00f1os (2024 o 2025).<\/em><\/h4>\n<p>Asimismo, los expertos consideran que ser\u00e1 parecido al de 2014 en cuanto a intensidad y n\u00famero de tormentas solares. Gonz\u00e1lez Esparza indic\u00f3 que los cient\u00edficos buscan saber c\u00f3mo var\u00eda el ciclo del Sol, y para llegar a eso es necesario entender c\u00f3mo cambia su campo magn\u00e9tico, conocimiento sobre el cual a\u00fan existen muchas dudas.<\/p>\n<p>\u201cNos faltan datos e investigaciones para comprender la evoluci\u00f3n de su ciclo magn\u00e9tico y predecir con certeza c\u00f3mo ser\u00e1 su siguiente fase\u201d. <em>(Fuente: National Geofraphic)<\/em><\/p>\n","protected":false},"excerpt":{"rendered":"<p>En estos momentos el Sol est\u00e1 muy tranquilo, en su m\u00ednimo de actividad, pr\u00e1cticamente dormido. <\/p>\n","protected":false},"author":2,"featured_media":43343,"comment_status":"open","ping_status":"open","sticky":false,"template":"","format":"standard","meta":{"fifu_image_url":"","fifu_image_alt":"","footnotes":""},"categories":[8],"tags":[783],"class_list":{"0":"post-43342","1":"post","2":"type-post","3":"status-publish","4":"format-standard","5":"has-post-thumbnail","7":"category-internacionales","8":"tag-sol"},"yoast_head":"<title>\u00bfQu\u00e9 significa que el Sol se encuentre en su m\u00ednimo de actividad? - Informe Litoral<\/title>\n<meta name=\"robots\" content=\"index, follow, max-snippet:-1, max-image-preview:large, max-video-preview:-1\" \/>\n<link rel=\"canonical\" href=\"https:\/\/informelitoral.com.ar\/que-significa-que-el-sol-se-encuentre-en-su-minimo-de-actividad\/\" \/>\n<meta property=\"og:locale\" content=\"es_ES\" \/>\n<meta property=\"og:type\" content=\"article\" \/>\n<meta property=\"og:title\" content=\"\u00bfQu\u00e9 significa que el Sol se encuentre en su m\u00ednimo de actividad? - Informe Litoral\" \/>\n<meta property=\"og:description\" content=\"En estos momentos el Sol est\u00e1 muy tranquilo, en su m\u00ednimo de actividad, pr\u00e1cticamente dormido.\" \/>\n<meta property=\"og:url\" content=\"https:\/\/informelitoral.com.ar\/que-significa-que-el-sol-se-encuentre-en-su-minimo-de-actividad\/\" \/>\n<meta property=\"og:site_name\" content=\"Informe Litoral\" \/>\n<meta property=\"article:publisher\" content=\"https:\/\/www.facebook.com\/informelitoral\/\" \/>\n<meta property=\"article:published_time\" content=\"2020-05-19T10:22:08+00:00\" \/>\n<meta property=\"article:modified_time\" content=\"2020-05-19T19:22:37+00:00\" \/>\n<meta property=\"og:image\" content=\"https:\/\/informelitoral.com.ar\/%77%70%2d%63%6f%6e%74%65%6e%74\/uploads\/2020\/05\/sol-770x385-1.jpg\" \/>\n\t<meta property=\"og:image:width\" content=\"770\" \/>\n\t<meta property=\"og:image:height\" content=\"385\" \/>\n\t<meta property=\"og:image:type\" content=\"image\/jpeg\" \/>\n<meta name=\"author\" content=\"Gonzalo Schmidt\" \/>\n<meta name=\"twitter:card\" content=\"summary_large_image\" \/>\n<meta name=\"twitter:creator\" content=\"@InformeLitoral\" \/>\n<meta name=\"twitter:site\" content=\"@InformeLitoral\" \/>\n<meta name=\"twitter:label1\" content=\"Escrito por\" \/>\n\t<meta name=\"twitter:data1\" content=\"Gonzalo Schmidt\" \/>\n\t<meta name=\"twitter:label2\" content=\"Tiempo de lectura\" \/>\n\t<meta name=\"twitter:data2\" content=\"4 minutos\" \/>\n<script type=\"application\/ld+json\" class=\"yoast-schema-graph\">{\"@context\":\"https:\\\/\\\/schema.org\",\"@graph\":[{\"@type\":\"Article\",\"@id\":\"https:\\\/\\\/informelitoral.com.ar\\\/que-significa-que-el-sol-se-encuentre-en-su-minimo-de-actividad\\\/#article\",\"isPartOf\":{\"@id\":\"https:\\\/\\\/informelitoral.com.ar\\\/que-significa-que-el-sol-se-encuentre-en-su-minimo-de-actividad\\\/\"},\"author\":{\"name\":\"Gonzalo Schmidt\",\"@id\":\"https:\\\/\\\/informelitoral.com.ar\\\/#\\\/schema\\\/person\\\/b9d00407c836482871ef1d57bf8e3180\"},\"headline\":\"\u00bfQu\u00e9 significa que el Sol se encuentre en su m\u00ednimo de actividad?\",\"datePublished\":\"2020-05-19T10:22:08+00:00\",\"dateModified\":\"2020-05-19T19:22:37+00:00\",\"mainEntityOfPage\":{\"@id\":\"https:\\\/\\\/informelitoral.com.ar\\\/que-significa-que-el-sol-se-encuentre-en-su-minimo-de-actividad\\\/\"},\"wordCount\":736,\"commentCount\":0,\"publisher\":{\"@id\":\"https:\\\/\\\/informelitoral.com.ar\\\/#organization\"},\"image\":{\"@id\":\"https:\\\/\\\/informelitoral.com.ar\\\/que-significa-que-el-sol-se-encuentre-en-su-minimo-de-actividad\\\/#primaryimage\"},\"thumbnailUrl\":\"https:\\\/\\\/informelitoral.com.ar\\\/%77%70%2d%63%6f%6e%74%65%6e%74\\\/uploads\\\/2020\\\/05\\\/sol-770x385-1.jpg\",\"keywords\":[\"Sol\"],\"articleSection\":[\"Internacionales\"],\"inLanguage\":\"es\",\"potentialAction\":[{\"@type\":\"CommentAction\",\"name\":\"Comment\",\"target\":[\"https:\\\/\\\/informelitoral.com.ar\\\/que-significa-que-el-sol-se-encuentre-en-su-minimo-de-actividad\\\/#respond\"]}]},{\"@type\":\"WebPage\",\"@id\":\"https:\\\/\\\/informelitoral.com.ar\\\/que-significa-que-el-sol-se-encuentre-en-su-minimo-de-actividad\\\/\",\"url\":\"https:\\\/\\\/informelitoral.com.ar\\\/que-significa-que-el-sol-se-encuentre-en-su-minimo-de-actividad\\\/\",\"name\":\"\u00bfQu\u00e9 significa que el Sol se encuentre en su m\u00ednimo de actividad? - Informe Litoral\",\"isPartOf\":{\"@id\":\"https:\\\/\\\/informelitoral.com.ar\\\/#website\"},\"primaryImageOfPage\":{\"@id\":\"https:\\\/\\\/informelitoral.com.ar\\\/que-significa-que-el-sol-se-encuentre-en-su-minimo-de-actividad\\\/#primaryimage\"},\"image\":{\"@id\":\"https:\\\/\\\/informelitoral.com.ar\\\/que-significa-que-el-sol-se-encuentre-en-su-minimo-de-actividad\\\/#primaryimage\"},\"thumbnailUrl\":\"https:\\\/\\\/informelitoral.com.ar\\\/%77%70%2d%63%6f%6e%74%65%6e%74\\\/uploads\\\/2020\\\/05\\\/sol-770x385-1.jpg\",\"datePublished\":\"2020-05-19T10:22:08+00:00\",\"dateModified\":\"2020-05-19T19:22:37+00:00\",\"breadcrumb\":{\"@id\":\"https:\\\/\\\/informelitoral.com.ar\\\/que-significa-que-el-sol-se-encuentre-en-su-minimo-de-actividad\\\/#breadcrumb\"},\"inLanguage\":\"es\",\"potentialAction\":[{\"@type\":\"ReadAction\",\"target\":[\"https:\\\/\\\/informelitoral.com.ar\\\/que-significa-que-el-sol-se-encuentre-en-su-minimo-de-actividad\\\/\"]}]},{\"@type\":\"ImageObject\",\"inLanguage\":\"es\",\"@id\":\"https:\\\/\\\/informelitoral.com.ar\\\/que-significa-que-el-sol-se-encuentre-en-su-minimo-de-actividad\\\/#primaryimage\",\"url\":\"https:\\\/\\\/informelitoral.com.ar\\\/%77%70%2d%63%6f%6e%74%65%6e%74\\\/uploads\\\/2020\\\/05\\\/sol-770x385-1.jpg\",\"contentUrl\":\"https:\\\/\\\/informelitoral.com.ar\\\/%77%70%2d%63%6f%6e%74%65%6e%74\\\/uploads\\\/2020\\\/05\\\/sol-770x385-1.jpg\",\"width\":770,\"height\":385},{\"@type\":\"BreadcrumbList\",\"@id\":\"https:\\\/\\\/informelitoral.com.ar\\\/que-significa-que-el-sol-se-encuentre-en-su-minimo-de-actividad\\\/#breadcrumb\",\"itemListElement\":[{\"@type\":\"ListItem\",\"position\":1,\"name\":\"Portada\",\"item\":\"https:\\\/\\\/informelitoral.com.ar\\\/\"},{\"@type\":\"ListItem\",\"position\":2,\"name\":\"\u00bfQu\u00e9 significa que el Sol se encuentre en su m\u00ednimo de actividad?\"}]},{\"@type\":\"WebSite\",\"@id\":\"https:\\\/\\\/informelitoral.com.ar\\\/#website\",\"url\":\"https:\\\/\\\/informelitoral.com.ar\\\/\",\"name\":\"Informe Litoral\",\"description\":\"&quot;Nos informamos&quot; \",\"publisher\":{\"@id\":\"https:\\\/\\\/informelitoral.com.ar\\\/#organization\"},\"potentialAction\":[{\"@type\":\"SearchAction\",\"target\":{\"@type\":\"EntryPoint\",\"urlTemplate\":\"https:\\\/\\\/informelitoral.com.ar\\\/?s={search_term_string}\"},\"query-input\":{\"@type\":\"PropertyValueSpecification\",\"valueRequired\":true,\"valueName\":\"search_term_string\"}}],\"inLanguage\":\"es\"},{\"@type\":\"Organization\",\"@id\":\"https:\\\/\\\/informelitoral.com.ar\\\/#organization\",\"name\":\"Informe Litoral\",\"url\":\"https:\\\/\\\/informelitoral.com.ar\\\/\",\"logo\":{\"@type\":\"ImageObject\",\"inLanguage\":\"es\",\"@id\":\"https:\\\/\\\/informelitoral.com.ar\\\/#\\\/schema\\\/logo\\\/image\\\/\",\"url\":\"https:\\\/\\\/informelitoral.com.ar\\\/%77%70%2d%63%6f%6e%74%65%6e%74\\\/uploads\\\/2021\\\/01\\\/circulo.png\",\"contentUrl\":\"https:\\\/\\\/informelitoral.com.ar\\\/%77%70%2d%63%6f%6e%74%65%6e%74\\\/uploads\\\/2021\\\/01\\\/circulo.png\",\"width\":723,\"height\":731,\"caption\":\"Informe Litoral\"},\"image\":{\"@id\":\"https:\\\/\\\/informelitoral.com.ar\\\/#\\\/schema\\\/logo\\\/image\\\/\"},\"sameAs\":[\"https:\\\/\\\/www.facebook.com\\\/informelitoral\\\/\",\"https:\\\/\\\/x.com\\\/InformeLitoral\",\"https:\\\/\\\/www.instagram.com\\\/informelitoral\\\/\",\"https:\\\/\\\/www.youtube.com\\\/channel\\\/UCua4Qvz8Icb6MYqhoq9xLXw\"]},{\"@type\":\"Person\",\"@id\":\"https:\\\/\\\/informelitoral.com.ar\\\/#\\\/schema\\\/person\\\/b9d00407c836482871ef1d57bf8e3180\",\"name\":\"Gonzalo Schmidt\",\"image\":{\"@type\":\"ImageObject\",\"inLanguage\":\"es\",\"@id\":\"https:\\\/\\\/secure.gravatar.com\\\/avatar\\\/31a1a7b66ff2de83bd0e9fd79d026630d2d99e55e8bfe501287647b4fd9743de?s=96&d=mm&r=g\",\"url\":\"https:\\\/\\\/secure.gravatar.com\\\/avatar\\\/31a1a7b66ff2de83bd0e9fd79d026630d2d99e55e8bfe501287647b4fd9743de?s=96&d=mm&r=g\",\"contentUrl\":\"https:\\\/\\\/secure.gravatar.com\\\/avatar\\\/31a1a7b66ff2de83bd0e9fd79d026630d2d99e55e8bfe501287647b4fd9743de?s=96&d=mm&r=g\",\"caption\":\"Gonzalo Schmidt\"},\"description\":\"Sitio web de noticias de la provincia de Entre R\u00edos, Argentina. Informaci\u00f3n y entretenimiento. Informe Litoral, nos informamos.\",\"sameAs\":[\"http:\\\/\\\/www.isletasnoticias.com.ar\"],\"url\":\"https:\\\/\\\/informelitoral.com.ar\\\/author\\\/gonzalo\\\/\"}]}<\/script>","yoast_head_json":{"title":"\u00bfQu\u00e9 significa que el Sol se encuentre en su m\u00ednimo de actividad? - Informe Litoral","robots":{"index":"index","follow":"follow","max-snippet":"max-snippet:-1","max-image-preview":"max-image-preview:large","max-video-preview":"max-video-preview:-1"},"canonical":"https:\/\/informelitoral.com.ar\/que-significa-que-el-sol-se-encuentre-en-su-minimo-de-actividad\/","og_locale":"es_ES","og_type":"article","og_title":"\u00bfQu\u00e9 significa que el Sol se encuentre en su m\u00ednimo de actividad? - Informe Litoral","og_description":"En estos momentos el Sol est\u00e1 muy tranquilo, en su m\u00ednimo de actividad, pr\u00e1cticamente dormido.","og_url":"https:\/\/informelitoral.com.ar\/que-significa-que-el-sol-se-encuentre-en-su-minimo-de-actividad\/","og_site_name":"Informe Litoral","article_publisher":"https:\/\/www.facebook.com\/informelitoral\/","article_published_time":"2020-05-19T10:22:08+00:00","article_modified_time":"2020-05-19T19:22:37+00:00","og_image":[{"width":770,"height":385,"url":"https:\/\/informelitoral.com.ar\/%77%70%2d%63%6f%6e%74%65%6e%74\/uploads\/2020\/05\/sol-770x385-1.jpg","type":"image\/jpeg"}],"author":"Gonzalo Schmidt","twitter_card":"summary_large_image","twitter_creator":"@InformeLitoral","twitter_site":"@InformeLitoral","twitter_misc":{"Escrito por":"Gonzalo Schmidt","Tiempo de lectura":"4 minutos"},"schema":{"@context":"https:\/\/schema.org","@graph":[{"@type":"Article","@id":"https:\/\/informelitoral.com.ar\/que-significa-que-el-sol-se-encuentre-en-su-minimo-de-actividad\/#article","isPartOf":{"@id":"https:\/\/informelitoral.com.ar\/que-significa-que-el-sol-se-encuentre-en-su-minimo-de-actividad\/"},"author":{"name":"Gonzalo Schmidt","@id":"https:\/\/informelitoral.com.ar\/#\/schema\/person\/b9d00407c836482871ef1d57bf8e3180"},"headline":"\u00bfQu\u00e9 significa que el Sol se encuentre en su m\u00ednimo de actividad?","datePublished":"2020-05-19T10:22:08+00:00","dateModified":"2020-05-19T19:22:37+00:00","mainEntityOfPage":{"@id":"https:\/\/informelitoral.com.ar\/que-significa-que-el-sol-se-encuentre-en-su-minimo-de-actividad\/"},"wordCount":736,"commentCount":0,"publisher":{"@id":"https:\/\/informelitoral.com.ar\/#organization"},"image":{"@id":"https:\/\/informelitoral.com.ar\/que-significa-que-el-sol-se-encuentre-en-su-minimo-de-actividad\/#primaryimage"},"thumbnailUrl":"https:\/\/informelitoral.com.ar\/%77%70%2d%63%6f%6e%74%65%6e%74\/uploads\/2020\/05\/sol-770x385-1.jpg","keywords":["Sol"],"articleSection":["Internacionales"],"inLanguage":"es","potentialAction":[{"@type":"CommentAction","name":"Comment","target":["https:\/\/informelitoral.com.ar\/que-significa-que-el-sol-se-encuentre-en-su-minimo-de-actividad\/#respond"]}]},{"@type":"WebPage","@id":"https:\/\/informelitoral.com.ar\/que-significa-que-el-sol-se-encuentre-en-su-minimo-de-actividad\/","url":"https:\/\/informelitoral.com.ar\/que-significa-que-el-sol-se-encuentre-en-su-minimo-de-actividad\/","name":"\u00bfQu\u00e9 significa que el Sol se encuentre en su m\u00ednimo de actividad? - Informe Litoral","isPartOf":{"@id":"https:\/\/informelitoral.com.ar\/#website"},"primaryImageOfPage":{"@id":"https:\/\/informelitoral.com.ar\/que-significa-que-el-sol-se-encuentre-en-su-minimo-de-actividad\/#primaryimage"},"image":{"@id":"https:\/\/informelitoral.com.ar\/que-significa-que-el-sol-se-encuentre-en-su-minimo-de-actividad\/#primaryimage"},"thumbnailUrl":"https:\/\/informelitoral.com.ar\/%77%70%2d%63%6f%6e%74%65%6e%74\/uploads\/2020\/05\/sol-770x385-1.jpg","datePublished":"2020-05-19T10:22:08+00:00","dateModified":"2020-05-19T19:22:37+00:00","breadcrumb":{"@id":"https:\/\/informelitoral.com.ar\/que-significa-que-el-sol-se-encuentre-en-su-minimo-de-actividad\/#breadcrumb"},"inLanguage":"es","potentialAction":[{"@type":"ReadAction","target":["https:\/\/informelitoral.com.ar\/que-significa-que-el-sol-se-encuentre-en-su-minimo-de-actividad\/"]}]},{"@type":"ImageObject","inLanguage":"es","@id":"https:\/\/informelitoral.com.ar\/que-significa-que-el-sol-se-encuentre-en-su-minimo-de-actividad\/#primaryimage","url":"https:\/\/informelitoral.com.ar\/%77%70%2d%63%6f%6e%74%65%6e%74\/uploads\/2020\/05\/sol-770x385-1.jpg","contentUrl":"https:\/\/informelitoral.com.ar\/%77%70%2d%63%6f%6e%74%65%6e%74\/uploads\/2020\/05\/sol-770x385-1.jpg","width":770,"height":385},{"@type":"BreadcrumbList","@id":"https:\/\/informelitoral.com.ar\/que-significa-que-el-sol-se-encuentre-en-su-minimo-de-actividad\/#breadcrumb","itemListElement":[{"@type":"ListItem","position":1,"name":"Portada","item":"https:\/\/informelitoral.com.ar\/"},{"@type":"ListItem","position":2,"name":"\u00bfQu\u00e9 significa que el Sol se encuentre en su m\u00ednimo de actividad?"}]},{"@type":"WebSite","@id":"https:\/\/informelitoral.com.ar\/#website","url":"https:\/\/informelitoral.com.ar\/","name":"Informe Litoral","description":"&quot;Nos informamos&quot; ","publisher":{"@id":"https:\/\/informelitoral.com.ar\/#organization"},"potentialAction":[{"@type":"SearchAction","target":{"@type":"EntryPoint","urlTemplate":"https:\/\/informelitoral.com.ar\/?s={search_term_string}"},"query-input":{"@type":"PropertyValueSpecification","valueRequired":true,"valueName":"search_term_string"}}],"inLanguage":"es"},{"@type":"Organization","@id":"https:\/\/informelitoral.com.ar\/#organization","name":"Informe Litoral","url":"https:\/\/informelitoral.com.ar\/","logo":{"@type":"ImageObject","inLanguage":"es","@id":"https:\/\/informelitoral.com.ar\/#\/schema\/logo\/image\/","url":"https:\/\/informelitoral.com.ar\/%77%70%2d%63%6f%6e%74%65%6e%74\/uploads\/2021\/01\/circulo.png","contentUrl":"https:\/\/informelitoral.com.ar\/%77%70%2d%63%6f%6e%74%65%6e%74\/uploads\/2021\/01\/circulo.png","width":723,"height":731,"caption":"Informe Litoral"},"image":{"@id":"https:\/\/informelitoral.com.ar\/#\/schema\/logo\/image\/"},"sameAs":["https:\/\/www.facebook.com\/informelitoral\/","https:\/\/x.com\/InformeLitoral","https:\/\/www.instagram.com\/informelitoral\/","https:\/\/www.youtube.com\/channel\/UCua4Qvz8Icb6MYqhoq9xLXw"]},{"@type":"Person","@id":"https:\/\/informelitoral.com.ar\/#\/schema\/person\/b9d00407c836482871ef1d57bf8e3180","name":"Gonzalo Schmidt","image":{"@type":"ImageObject","inLanguage":"es","@id":"https:\/\/secure.gravatar.com\/avatar\/31a1a7b66ff2de83bd0e9fd79d026630d2d99e55e8bfe501287647b4fd9743de?s=96&d=mm&r=g","url":"https:\/\/secure.gravatar.com\/avatar\/31a1a7b66ff2de83bd0e9fd79d026630d2d99e55e8bfe501287647b4fd9743de?s=96&d=mm&r=g","contentUrl":"https:\/\/secure.gravatar.com\/avatar\/31a1a7b66ff2de83bd0e9fd79d026630d2d99e55e8bfe501287647b4fd9743de?s=96&d=mm&r=g","caption":"Gonzalo Schmidt"},"description":"Sitio web de noticias de la provincia de Entre R\u00edos, Argentina. Informaci\u00f3n y entretenimiento. Informe Litoral, nos informamos.","sameAs":["http:\/\/www.isletasnoticias.com.ar"],"url":"https:\/\/informelitoral.com.ar\/author\/gonzalo\/"}]}},"_links":{"self":[{"href":"https:\/\/informelitoral.com.ar\/%77%70%2d%6a%73%6f%6e\/wp\/v2\/posts\/43342","targetHints":{"allow":["GET"]}}],"collection":[{"href":"https:\/\/informelitoral.com.ar\/%77%70%2d%6a%73%6f%6e\/wp\/v2\/posts"}],"about":[{"href":"https:\/\/informelitoral.com.ar\/%77%70%2d%6a%73%6f%6e\/wp\/v2\/types\/post"}],"author":[{"embeddable":true,"href":"https:\/\/informelitoral.com.ar\/%77%70%2d%6a%73%6f%6e\/wp\/v2\/users\/2"}],"replies":[{"embeddable":true,"href":"https:\/\/informelitoral.com.ar\/%77%70%2d%6a%73%6f%6e\/wp\/v2\/comments?post=43342"}],"version-history":[{"count":0,"href":"https:\/\/informelitoral.com.ar\/%77%70%2d%6a%73%6f%6e\/wp\/v2\/posts\/43342\/revisions"}],"wp:featuredmedia":[{"embeddable":true,"href":"https:\/\/informelitoral.com.ar\/%77%70%2d%6a%73%6f%6e\/wp\/v2\/media\/43343"}],"wp:attachment":[{"href":"https:\/\/informelitoral.com.ar\/%77%70%2d%6a%73%6f%6e\/wp\/v2\/media?parent=43342"}],"wp:term":[{"taxonomy":"category","embeddable":true,"href":"https:\/\/informelitoral.com.ar\/%77%70%2d%6a%73%6f%6e\/wp\/v2\/categories?post=43342"},{"taxonomy":"post_tag","embeddable":true,"href":"https:\/\/informelitoral.com.ar\/%77%70%2d%6a%73%6f%6e\/wp\/v2\/tags?post=43342"}],"curies":[{"name":"wp","href":"https:\/\/api.w.org\/{rel}","templated":true}]}}