{"id":43327,"date":"2020-05-19T08:48:15","date_gmt":"2020-05-19T11:48:15","guid":{"rendered":"https:\/\/www.isletasnoticias.com.ar\/?p=43327"},"modified":"2020-05-19T08:48:15","modified_gmt":"2020-05-19T11:48:15","slug":"el-aumento-a-los-jubilados-sera-del-612","status":"publish","type":"post","link":"https:\/\/informelitoral.com.ar\/el-aumento-a-los-jubilados-sera-del-612\/","title":{"rendered":"El aumento a los jubilados ser\u00e1 del 6,12%"},"content":{"rendered":"<p>Lo anunci\u00f3 el ministro de Trabajo,\u00a0<strong>Claudio Moroni<\/strong>, junto a la titular de la Anses,<strong>\u00a0Fernanda Raverta<\/strong>, en una conferencia en Casa Rosada. M\u00e1s del 80% de los jubilados y pensionados le ganar\u00e1n a la inflaci\u00f3n. La jubilaci\u00f3n m\u00ednima ser\u00e1 de $16.864<\/p>\n<p>El Gobierno anunci\u00f3 que el aumento para jubilados y pensionados ser\u00e1 del 6,12% a partir de junio, lo que lleva la jubilaci\u00f3n m\u00ednima a 16.864 pesos y el haber m\u00e1ximo a 118.044 pesos.<\/p>\n<p>El aumento, que se publicar\u00e1 en las pr\u00f3ximas horas en el Bolet\u00edn Oficial, e<strong>s del 6,12% para todos los jubilados y pensionados de acuerdo a la escala de la pir\u00e1mide.<\/strong>\u00a0Incluye adem\u00e1s a las pensiones no contributivas, a la Asignaci\u00f3n Universal por Hijo (AUH), la Asignaci\u00f3n Universal por Embarazo (AUE) y las asignaciones familiares.<\/p>\n<p>El universo total de beneficiarios por el aumento que el Estado argentino est\u00e1 otorgando, alcanza a m\u00e1s de 16 millones de argentinos y argentinas.<\/p>\n<p>Moroni dijo que con este nuevo incremento el 80 por ciento de los jubilados percibir\u00e1n un 5,1% por encima de la inflaci\u00f3n del per\u00edodo, proyectada oficialmente en 14,4% para este semestre.<\/p>\n<figure class=\"wp-block-image size-large\"><img decoding=\"async\" class=\"wp-image-45085\" src=\"https:\/\/www.entremediosweb.com\/v2\/%77%70%2d%63%6f%6e%74%65%6e%74\/uploads\/2020\/05\/a2-1.jpg\" sizes=\"(max-width: 960px) 100vw, 960px\" srcset=\"https:\/\/www.entremediosweb.com\/v2\/%77%70%2d%63%6f%6e%74%65%6e%74\/uploads\/2020\/05\/a2-1.jpg 960w, https:\/\/www.entremediosweb.com\/v2\/%77%70%2d%63%6f%6e%74%65%6e%74\/uploads\/2020\/05\/a2-1-300x300.jpg 300w, https:\/\/www.entremediosweb.com\/v2\/%77%70%2d%63%6f%6e%74%65%6e%74\/uploads\/2020\/05\/a2-1-150x150.jpg 150w, https:\/\/www.entremediosweb.com\/v2\/%77%70%2d%63%6f%6e%74%65%6e%74\/uploads\/2020\/05\/a2-1-768x768.jpg 768w\" alt=\"\" data-attachment-id=\"45085\" data-permalink=\"https:\/\/www.entremediosweb.com\/v2\/la-directora-de-anses-confirmo-el-aumento-a-los-jubilados-sera-del-612\/a2-1\/\" data-orig-file=\"https:\/\/www.entremediosweb.com\/v2\/%77%70%2d%63%6f%6e%74%65%6e%74\/uploads\/2020\/05\/a2-1.jpg\" data-orig-size=\"960,960\" data-comments-opened=\"0\" data-image-meta=\"{&quot;aperture&quot;:&quot;0&quot;,&quot;credit&quot;:&quot;&quot;,&quot;camera&quot;:&quot;&quot;,&quot;caption&quot;:&quot;&quot;,&quot;created_timestamp&quot;:&quot;0&quot;,&quot;copyright&quot;:&quot;&quot;,&quot;focal_length&quot;:&quot;0&quot;,&quot;iso&quot;:&quot;0&quot;,&quot;shutter_speed&quot;:&quot;0&quot;,&quot;title&quot;:&quot;&quot;,&quot;orientation&quot;:&quot;0&quot;}\" data-image-title=\"a2-1\" data-image-description=\"\" data-medium-file=\"https:\/\/www.entremediosweb.com\/v2\/%77%70%2d%63%6f%6e%74%65%6e%74\/uploads\/2020\/05\/a2-1-300x300.jpg\" data-large-file=\"https:\/\/www.entremediosweb.com\/v2\/%77%70%2d%63%6f%6e%74%65%6e%74\/uploads\/2020\/05\/a2-1.jpg\" \/><\/figure>\n<p>Asimismo, con los bonos otorgados por 13.000 pesos desde diciembre del a\u00f1o pasado hasta hoy, la gran mayor\u00eda de los jubilados y pensionados fueron beneficiados con un monto extra similar a la de una jubilaci\u00f3n m\u00ednima o aguinaldo completo.<\/p>\n<p>Cabe recordar que tal como sucedi\u00f3 en marzo, el aumento de las jubilaciones y pensiones en se realizar\u00e1 a trav\u00e9s de un decreto, ya que la aplicaci\u00f3n de la f\u00f3rmula de movilidad jubilatoria est\u00e1 suspendida desde diciembre de 2019 por la sanci\u00f3n de la Ley de Solidaridad Social y Reactivaci\u00f3n Productiva.<\/p>\n<p>Si bien esa ley preve\u00eda contar con un nuevo mecanismo de actualizaci\u00f3n antes de junio, en el medio de la emergencia por la pandemia de coronavirus el Gobierno no avanz\u00f3 con su definici\u00f3n.<\/p>\n<p>Adem\u00e1s, jubilados y pensionados<strong>\u00a0tambi\u00e9n estar\u00e1n percibiendo el medio aguinaldo con el haber de Junio.<\/strong><\/p>\n<figure class=\"wp-block-image size-large\"><img decoding=\"async\" class=\"wp-image-45086\" src=\"https:\/\/www.entremediosweb.com\/v2\/%77%70%2d%63%6f%6e%74%65%6e%74\/uploads\/2020\/05\/a1-1.jpg\" sizes=\"(max-width: 960px) 100vw, 960px\" srcset=\"https:\/\/www.entremediosweb.com\/v2\/%77%70%2d%63%6f%6e%74%65%6e%74\/uploads\/2020\/05\/a1-1.jpg 960w, https:\/\/www.entremediosweb.com\/v2\/%77%70%2d%63%6f%6e%74%65%6e%74\/uploads\/2020\/05\/a1-1-300x300.jpg 300w, https:\/\/www.entremediosweb.com\/v2\/%77%70%2d%63%6f%6e%74%65%6e%74\/uploads\/2020\/05\/a1-1-150x150.jpg 150w, https:\/\/www.entremediosweb.com\/v2\/%77%70%2d%63%6f%6e%74%65%6e%74\/uploads\/2020\/05\/a1-1-768x768.jpg 768w\" alt=\"\" data-attachment-id=\"45086\" data-permalink=\"https:\/\/www.entremediosweb.com\/v2\/la-directora-de-anses-confirmo-el-aumento-a-los-jubilados-sera-del-612\/a1-1\/\" data-orig-file=\"https:\/\/www.entremediosweb.com\/v2\/%77%70%2d%63%6f%6e%74%65%6e%74\/uploads\/2020\/05\/a1-1.jpg\" data-orig-size=\"960,960\" data-comments-opened=\"0\" data-image-meta=\"{&quot;aperture&quot;:&quot;0&quot;,&quot;credit&quot;:&quot;&quot;,&quot;camera&quot;:&quot;&quot;,&quot;caption&quot;:&quot;&quot;,&quot;created_timestamp&quot;:&quot;0&quot;,&quot;copyright&quot;:&quot;&quot;,&quot;focal_length&quot;:&quot;0&quot;,&quot;iso&quot;:&quot;0&quot;,&quot;shutter_speed&quot;:&quot;0&quot;,&quot;title&quot;:&quot;&quot;,&quot;orientation&quot;:&quot;0&quot;}\" data-image-title=\"a1-1\" data-image-description=\"\" data-medium-file=\"https:\/\/www.entremediosweb.com\/v2\/%77%70%2d%63%6f%6e%74%65%6e%74\/uploads\/2020\/05\/a1-1-300x300.jpg\" data-large-file=\"https:\/\/www.entremediosweb.com\/v2\/%77%70%2d%63%6f%6e%74%65%6e%74\/uploads\/2020\/05\/a1-1.jpg\" \/><\/figure>\n","protected":false},"excerpt":{"rendered":"<p>Aseguran que m\u00e1s del 80% de los jubilados y pensionados le ganar\u00e1n a la inflaci\u00f3n.<\/p>\n","protected":false},"author":2,"featured_media":22733,"comment_status":"open","ping_status":"open","sticky":false,"template":"","format":"standard","meta":{"fifu_image_url":"","fifu_image_alt":"","footnotes":""},"categories":[7],"tags":[269,102],"class_list":{"0":"post-43327","1":"post","2":"type-post","3":"status-publish","4":"format-standard","5":"has-post-thumbnail","7":"category-nacionales","8":"tag-anses","9":"tag-jubilados"},"yoast_head":"<title>El aumento a los jubilados ser\u00e1 del 6,12% - Informe Litoral<\/title>\n<meta name=\"robots\" content=\"index, follow, max-snippet:-1, max-image-preview:large, max-video-preview:-1\" \/>\n<link rel=\"canonical\" href=\"https:\/\/informelitoral.com.ar\/el-aumento-a-los-jubilados-sera-del-612\/\" \/>\n<meta property=\"og:locale\" content=\"es_ES\" \/>\n<meta property=\"og:type\" content=\"article\" \/>\n<meta property=\"og:title\" content=\"El aumento a los jubilados ser\u00e1 del 6,12% - Informe Litoral\" \/>\n<meta property=\"og:description\" content=\"Aseguran que m\u00e1s del 80% de los jubilados y pensionados le ganar\u00e1n a la inflaci\u00f3n.\" \/>\n<meta property=\"og:url\" content=\"https:\/\/informelitoral.com.ar\/el-aumento-a-los-jubilados-sera-del-612\/\" \/>\n<meta property=\"og:site_name\" content=\"Informe Litoral\" \/>\n<meta property=\"article:publisher\" content=\"https:\/\/www.facebook.com\/informelitoral\/\" \/>\n<meta property=\"article:published_time\" content=\"2020-05-19T11:48:15+00:00\" \/>\n<meta property=\"og:image\" content=\"https:\/\/informelitoral.com.ar\/%77%70%2d%63%6f%6e%74%65%6e%74\/uploads\/2017\/08\/aumento-jubilados-nacionales.jpg\" \/>\n\t<meta property=\"og:image:width\" content=\"1024\" \/>\n\t<meta property=\"og:image:height\" content=\"670\" \/>\n\t<meta property=\"og:image:type\" content=\"image\/jpeg\" \/>\n<meta name=\"author\" content=\"Gonzalo Schmidt\" \/>\n<meta name=\"twitter:card\" content=\"summary_large_image\" \/>\n<meta name=\"twitter:creator\" content=\"@InformeLitoral\" \/>\n<meta name=\"twitter:site\" content=\"@InformeLitoral\" \/>\n<meta name=\"twitter:label1\" content=\"Escrito por\" \/>\n\t<meta name=\"twitter:data1\" content=\"Gonzalo Schmidt\" \/>\n\t<meta name=\"twitter:label2\" content=\"Tiempo de lectura\" \/>\n\t<meta name=\"twitter:data2\" content=\"2 minutos\" \/>\n<script type=\"application\/ld+json\" class=\"yoast-schema-graph\">{\"@context\":\"https:\\\/\\\/schema.org\",\"@graph\":[{\"@type\":\"Article\",\"@id\":\"https:\\\/\\\/informelitoral.com.ar\\\/el-aumento-a-los-jubilados-sera-del-612\\\/#article\",\"isPartOf\":{\"@id\":\"https:\\\/\\\/informelitoral.com.ar\\\/el-aumento-a-los-jubilados-sera-del-612\\\/\"},\"author\":{\"name\":\"Gonzalo Schmidt\",\"@id\":\"https:\\\/\\\/informelitoral.com.ar\\\/#\\\/schema\\\/person\\\/b9d00407c836482871ef1d57bf8e3180\"},\"headline\":\"El aumento a los jubilados ser\u00e1 del 6,12%\",\"datePublished\":\"2020-05-19T11:48:15+00:00\",\"mainEntityOfPage\":{\"@id\":\"https:\\\/\\\/informelitoral.com.ar\\\/el-aumento-a-los-jubilados-sera-del-612\\\/\"},\"wordCount\":350,\"commentCount\":0,\"publisher\":{\"@id\":\"https:\\\/\\\/informelitoral.com.ar\\\/#organization\"},\"image\":{\"@id\":\"https:\\\/\\\/informelitoral.com.ar\\\/el-aumento-a-los-jubilados-sera-del-612\\\/#primaryimage\"},\"thumbnailUrl\":\"https:\\\/\\\/informelitoral.com.ar\\\/%77%70%2d%63%6f%6e%74%65%6e%74\\\/uploads\\\/2017\\\/08\\\/aumento-jubilados-nacionales.jpg\",\"keywords\":[\"Anses\",\"Jubilados\"],\"articleSection\":[\"Nacionales\"],\"inLanguage\":\"es\",\"potentialAction\":[{\"@type\":\"CommentAction\",\"name\":\"Comment\",\"target\":[\"https:\\\/\\\/informelitoral.com.ar\\\/el-aumento-a-los-jubilados-sera-del-612\\\/#respond\"]}]},{\"@type\":\"WebPage\",\"@id\":\"https:\\\/\\\/informelitoral.com.ar\\\/el-aumento-a-los-jubilados-sera-del-612\\\/\",\"url\":\"https:\\\/\\\/informelitoral.com.ar\\\/el-aumento-a-los-jubilados-sera-del-612\\\/\",\"name\":\"El aumento a los jubilados ser\u00e1 del 6,12% - Informe Litoral\",\"isPartOf\":{\"@id\":\"https:\\\/\\\/informelitoral.com.ar\\\/#website\"},\"primaryImageOfPage\":{\"@id\":\"https:\\\/\\\/informelitoral.com.ar\\\/el-aumento-a-los-jubilados-sera-del-612\\\/#primaryimage\"},\"image\":{\"@id\":\"https:\\\/\\\/informelitoral.com.ar\\\/el-aumento-a-los-jubilados-sera-del-612\\\/#primaryimage\"},\"thumbnailUrl\":\"https:\\\/\\\/informelitoral.com.ar\\\/%77%70%2d%63%6f%6e%74%65%6e%74\\\/uploads\\\/2017\\\/08\\\/aumento-jubilados-nacionales.jpg\",\"datePublished\":\"2020-05-19T11:48:15+00:00\",\"breadcrumb\":{\"@id\":\"https:\\\/\\\/informelitoral.com.ar\\\/el-aumento-a-los-jubilados-sera-del-612\\\/#breadcrumb\"},\"inLanguage\":\"es\",\"potentialAction\":[{\"@type\":\"ReadAction\",\"target\":[\"https:\\\/\\\/informelitoral.com.ar\\\/el-aumento-a-los-jubilados-sera-del-612\\\/\"]}]},{\"@type\":\"ImageObject\",\"inLanguage\":\"es\",\"@id\":\"https:\\\/\\\/informelitoral.com.ar\\\/el-aumento-a-los-jubilados-sera-del-612\\\/#primaryimage\",\"url\":\"https:\\\/\\\/informelitoral.com.ar\\\/%77%70%2d%63%6f%6e%74%65%6e%74\\\/uploads\\\/2017\\\/08\\\/aumento-jubilados-nacionales.jpg\",\"contentUrl\":\"https:\\\/\\\/informelitoral.com.ar\\\/%77%70%2d%63%6f%6e%74%65%6e%74\\\/uploads\\\/2017\\\/08\\\/aumento-jubilados-nacionales.jpg\",\"width\":1024,\"height\":670},{\"@type\":\"BreadcrumbList\",\"@id\":\"https:\\\/\\\/informelitoral.com.ar\\\/el-aumento-a-los-jubilados-sera-del-612\\\/#breadcrumb\",\"itemListElement\":[{\"@type\":\"ListItem\",\"position\":1,\"name\":\"Portada\",\"item\":\"https:\\\/\\\/informelitoral.com.ar\\\/\"},{\"@type\":\"ListItem\",\"position\":2,\"name\":\"El aumento a los jubilados ser\u00e1 del 6,12%\"}]},{\"@type\":\"WebSite\",\"@id\":\"https:\\\/\\\/informelitoral.com.ar\\\/#website\",\"url\":\"https:\\\/\\\/informelitoral.com.ar\\\/\",\"name\":\"Informe Litoral\",\"description\":\"&quot;Nos informamos&quot; \",\"publisher\":{\"@id\":\"https:\\\/\\\/informelitoral.com.ar\\\/#organization\"},\"potentialAction\":[{\"@type\":\"SearchAction\",\"target\":{\"@type\":\"EntryPoint\",\"urlTemplate\":\"https:\\\/\\\/informelitoral.com.ar\\\/?s={search_term_string}\"},\"query-input\":{\"@type\":\"PropertyValueSpecification\",\"valueRequired\":true,\"valueName\":\"search_term_string\"}}],\"inLanguage\":\"es\"},{\"@type\":\"Organization\",\"@id\":\"https:\\\/\\\/informelitoral.com.ar\\\/#organization\",\"name\":\"Informe Litoral\",\"url\":\"https:\\\/\\\/informelitoral.com.ar\\\/\",\"logo\":{\"@type\":\"ImageObject\",\"inLanguage\":\"es\",\"@id\":\"https:\\\/\\\/informelitoral.com.ar\\\/#\\\/schema\\\/logo\\\/image\\\/\",\"url\":\"https:\\\/\\\/informelitoral.com.ar\\\/%77%70%2d%63%6f%6e%74%65%6e%74\\\/uploads\\\/2021\\\/01\\\/circulo.png\",\"contentUrl\":\"https:\\\/\\\/informelitoral.com.ar\\\/%77%70%2d%63%6f%6e%74%65%6e%74\\\/uploads\\\/2021\\\/01\\\/circulo.png\",\"width\":723,\"height\":731,\"caption\":\"Informe Litoral\"},\"image\":{\"@id\":\"https:\\\/\\\/informelitoral.com.ar\\\/#\\\/schema\\\/logo\\\/image\\\/\"},\"sameAs\":[\"https:\\\/\\\/www.facebook.com\\\/informelitoral\\\/\",\"https:\\\/\\\/x.com\\\/InformeLitoral\",\"https:\\\/\\\/www.instagram.com\\\/informelitoral\\\/\",\"https:\\\/\\\/www.youtube.com\\\/channel\\\/UCua4Qvz8Icb6MYqhoq9xLXw\"]},{\"@type\":\"Person\",\"@id\":\"https:\\\/\\\/informelitoral.com.ar\\\/#\\\/schema\\\/person\\\/b9d00407c836482871ef1d57bf8e3180\",\"name\":\"Gonzalo Schmidt\",\"image\":{\"@type\":\"ImageObject\",\"inLanguage\":\"es\",\"@id\":\"https:\\\/\\\/secure.gravatar.com\\\/avatar\\\/31a1a7b66ff2de83bd0e9fd79d026630d2d99e55e8bfe501287647b4fd9743de?s=96&d=mm&r=g\",\"url\":\"https:\\\/\\\/secure.gravatar.com\\\/avatar\\\/31a1a7b66ff2de83bd0e9fd79d026630d2d99e55e8bfe501287647b4fd9743de?s=96&d=mm&r=g\",\"contentUrl\":\"https:\\\/\\\/secure.gravatar.com\\\/avatar\\\/31a1a7b66ff2de83bd0e9fd79d026630d2d99e55e8bfe501287647b4fd9743de?s=96&d=mm&r=g\",\"caption\":\"Gonzalo Schmidt\"},\"description\":\"Sitio web de noticias de la provincia de Entre R\u00edos, Argentina. Informaci\u00f3n y entretenimiento. Informe Litoral, nos informamos.\",\"sameAs\":[\"http:\\\/\\\/www.isletasnoticias.com.ar\"],\"url\":\"https:\\\/\\\/informelitoral.com.ar\\\/author\\\/gonzalo\\\/\"}]}<\/script>","yoast_head_json":{"title":"El aumento a los jubilados ser\u00e1 del 6,12% - Informe Litoral","robots":{"index":"index","follow":"follow","max-snippet":"max-snippet:-1","max-image-preview":"max-image-preview:large","max-video-preview":"max-video-preview:-1"},"canonical":"https:\/\/informelitoral.com.ar\/el-aumento-a-los-jubilados-sera-del-612\/","og_locale":"es_ES","og_type":"article","og_title":"El aumento a los jubilados ser\u00e1 del 6,12% - Informe Litoral","og_description":"Aseguran que m\u00e1s del 80% de los jubilados y pensionados le ganar\u00e1n a la inflaci\u00f3n.","og_url":"https:\/\/informelitoral.com.ar\/el-aumento-a-los-jubilados-sera-del-612\/","og_site_name":"Informe Litoral","article_publisher":"https:\/\/www.facebook.com\/informelitoral\/","article_published_time":"2020-05-19T11:48:15+00:00","og_image":[{"width":1024,"height":670,"url":"https:\/\/informelitoral.com.ar\/%77%70%2d%63%6f%6e%74%65%6e%74\/uploads\/2017\/08\/aumento-jubilados-nacionales.jpg","type":"image\/jpeg"}],"author":"Gonzalo Schmidt","twitter_card":"summary_large_image","twitter_creator":"@InformeLitoral","twitter_site":"@InformeLitoral","twitter_misc":{"Escrito por":"Gonzalo Schmidt","Tiempo de lectura":"2 minutos"},"schema":{"@context":"https:\/\/schema.org","@graph":[{"@type":"Article","@id":"https:\/\/informelitoral.com.ar\/el-aumento-a-los-jubilados-sera-del-612\/#article","isPartOf":{"@id":"https:\/\/informelitoral.com.ar\/el-aumento-a-los-jubilados-sera-del-612\/"},"author":{"name":"Gonzalo Schmidt","@id":"https:\/\/informelitoral.com.ar\/#\/schema\/person\/b9d00407c836482871ef1d57bf8e3180"},"headline":"El aumento a los jubilados ser\u00e1 del 6,12%","datePublished":"2020-05-19T11:48:15+00:00","mainEntityOfPage":{"@id":"https:\/\/informelitoral.com.ar\/el-aumento-a-los-jubilados-sera-del-612\/"},"wordCount":350,"commentCount":0,"publisher":{"@id":"https:\/\/informelitoral.com.ar\/#organization"},"image":{"@id":"https:\/\/informelitoral.com.ar\/el-aumento-a-los-jubilados-sera-del-612\/#primaryimage"},"thumbnailUrl":"https:\/\/informelitoral.com.ar\/%77%70%2d%63%6f%6e%74%65%6e%74\/uploads\/2017\/08\/aumento-jubilados-nacionales.jpg","keywords":["Anses","Jubilados"],"articleSection":["Nacionales"],"inLanguage":"es","potentialAction":[{"@type":"CommentAction","name":"Comment","target":["https:\/\/informelitoral.com.ar\/el-aumento-a-los-jubilados-sera-del-612\/#respond"]}]},{"@type":"WebPage","@id":"https:\/\/informelitoral.com.ar\/el-aumento-a-los-jubilados-sera-del-612\/","url":"https:\/\/informelitoral.com.ar\/el-aumento-a-los-jubilados-sera-del-612\/","name":"El aumento a los jubilados ser\u00e1 del 6,12% - Informe Litoral","isPartOf":{"@id":"https:\/\/informelitoral.com.ar\/#website"},"primaryImageOfPage":{"@id":"https:\/\/informelitoral.com.ar\/el-aumento-a-los-jubilados-sera-del-612\/#primaryimage"},"image":{"@id":"https:\/\/informelitoral.com.ar\/el-aumento-a-los-jubilados-sera-del-612\/#primaryimage"},"thumbnailUrl":"https:\/\/informelitoral.com.ar\/%77%70%2d%63%6f%6e%74%65%6e%74\/uploads\/2017\/08\/aumento-jubilados-nacionales.jpg","datePublished":"2020-05-19T11:48:15+00:00","breadcrumb":{"@id":"https:\/\/informelitoral.com.ar\/el-aumento-a-los-jubilados-sera-del-612\/#breadcrumb"},"inLanguage":"es","potentialAction":[{"@type":"ReadAction","target":["https:\/\/informelitoral.com.ar\/el-aumento-a-los-jubilados-sera-del-612\/"]}]},{"@type":"ImageObject","inLanguage":"es","@id":"https:\/\/informelitoral.com.ar\/el-aumento-a-los-jubilados-sera-del-612\/#primaryimage","url":"https:\/\/informelitoral.com.ar\/%77%70%2d%63%6f%6e%74%65%6e%74\/uploads\/2017\/08\/aumento-jubilados-nacionales.jpg","contentUrl":"https:\/\/informelitoral.com.ar\/%77%70%2d%63%6f%6e%74%65%6e%74\/uploads\/2017\/08\/aumento-jubilados-nacionales.jpg","width":1024,"height":670},{"@type":"BreadcrumbList","@id":"https:\/\/informelitoral.com.ar\/el-aumento-a-los-jubilados-sera-del-612\/#breadcrumb","itemListElement":[{"@type":"ListItem","position":1,"name":"Portada","item":"https:\/\/informelitoral.com.ar\/"},{"@type":"ListItem","position":2,"name":"El aumento a los jubilados ser\u00e1 del 6,12%"}]},{"@type":"WebSite","@id":"https:\/\/informelitoral.com.ar\/#website","url":"https:\/\/informelitoral.com.ar\/","name":"Informe Litoral","description":"&quot;Nos informamos&quot; ","publisher":{"@id":"https:\/\/informelitoral.com.ar\/#organization"},"potentialAction":[{"@type":"SearchAction","target":{"@type":"EntryPoint","urlTemplate":"https:\/\/informelitoral.com.ar\/?s={search_term_string}"},"query-input":{"@type":"PropertyValueSpecification","valueRequired":true,"valueName":"search_term_string"}}],"inLanguage":"es"},{"@type":"Organization","@id":"https:\/\/informelitoral.com.ar\/#organization","name":"Informe Litoral","url":"https:\/\/informelitoral.com.ar\/","logo":{"@type":"ImageObject","inLanguage":"es","@id":"https:\/\/informelitoral.com.ar\/#\/schema\/logo\/image\/","url":"https:\/\/informelitoral.com.ar\/%77%70%2d%63%6f%6e%74%65%6e%74\/uploads\/2021\/01\/circulo.png","contentUrl":"https:\/\/informelitoral.com.ar\/%77%70%2d%63%6f%6e%74%65%6e%74\/uploads\/2021\/01\/circulo.png","width":723,"height":731,"caption":"Informe Litoral"},"image":{"@id":"https:\/\/informelitoral.com.ar\/#\/schema\/logo\/image\/"},"sameAs":["https:\/\/www.facebook.com\/informelitoral\/","https:\/\/x.com\/InformeLitoral","https:\/\/www.instagram.com\/informelitoral\/","https:\/\/www.youtube.com\/channel\/UCua4Qvz8Icb6MYqhoq9xLXw"]},{"@type":"Person","@id":"https:\/\/informelitoral.com.ar\/#\/schema\/person\/b9d00407c836482871ef1d57bf8e3180","name":"Gonzalo Schmidt","image":{"@type":"ImageObject","inLanguage":"es","@id":"https:\/\/secure.gravatar.com\/avatar\/31a1a7b66ff2de83bd0e9fd79d026630d2d99e55e8bfe501287647b4fd9743de?s=96&d=mm&r=g","url":"https:\/\/secure.gravatar.com\/avatar\/31a1a7b66ff2de83bd0e9fd79d026630d2d99e55e8bfe501287647b4fd9743de?s=96&d=mm&r=g","contentUrl":"https:\/\/secure.gravatar.com\/avatar\/31a1a7b66ff2de83bd0e9fd79d026630d2d99e55e8bfe501287647b4fd9743de?s=96&d=mm&r=g","caption":"Gonzalo Schmidt"},"description":"Sitio web de noticias de la provincia de Entre R\u00edos, Argentina. Informaci\u00f3n y entretenimiento. Informe Litoral, nos informamos.","sameAs":["http:\/\/www.isletasnoticias.com.ar"],"url":"https:\/\/informelitoral.com.ar\/author\/gonzalo\/"}]}},"_links":{"self":[{"href":"https:\/\/informelitoral.com.ar\/%77%70%2d%6a%73%6f%6e\/wp\/v2\/posts\/43327","targetHints":{"allow":["GET"]}}],"collection":[{"href":"https:\/\/informelitoral.com.ar\/%77%70%2d%6a%73%6f%6e\/wp\/v2\/posts"}],"about":[{"href":"https:\/\/informelitoral.com.ar\/%77%70%2d%6a%73%6f%6e\/wp\/v2\/types\/post"}],"author":[{"embeddable":true,"href":"https:\/\/informelitoral.com.ar\/%77%70%2d%6a%73%6f%6e\/wp\/v2\/users\/2"}],"replies":[{"embeddable":true,"href":"https:\/\/informelitoral.com.ar\/%77%70%2d%6a%73%6f%6e\/wp\/v2\/comments?post=43327"}],"version-history":[{"count":0,"href":"https:\/\/informelitoral.com.ar\/%77%70%2d%6a%73%6f%6e\/wp\/v2\/posts\/43327\/revisions"}],"wp:featuredmedia":[{"embeddable":true,"href":"https:\/\/informelitoral.com.ar\/%77%70%2d%6a%73%6f%6e\/wp\/v2\/media\/22733"}],"wp:attachment":[{"href":"https:\/\/informelitoral.com.ar\/%77%70%2d%6a%73%6f%6e\/wp\/v2\/media?parent=43327"}],"wp:term":[{"taxonomy":"category","embeddable":true,"href":"https:\/\/informelitoral.com.ar\/%77%70%2d%6a%73%6f%6e\/wp\/v2\/categories?post=43327"},{"taxonomy":"post_tag","embeddable":true,"href":"https:\/\/informelitoral.com.ar\/%77%70%2d%6a%73%6f%6e\/wp\/v2\/tags?post=43327"}],"curies":[{"name":"wp","href":"https:\/\/api.w.org\/{rel}","templated":true}]}}