{"id":4327,"date":"2013-11-18T22:53:41","date_gmt":"2013-11-19T01:53:41","guid":{"rendered":"http:\/\/www.isletasnoticias.com.ar\/?p=4327"},"modified":"2013-11-18T22:54:09","modified_gmt":"2013-11-19T01:54:09","slug":"entre-rios-cuenta-con-todas-sus-oficinas-del-registro-civil-digitalizadas","status":"publish","type":"post","link":"https:\/\/informelitoral.com.ar\/entre-rios-cuenta-con-todas-sus-oficinas-del-registro-civil-digitalizadas\/","title":{"rendered":"Entre R\u00edos cuenta con todas sus oficinas del Registro Civil digitalizadas"},"content":{"rendered":"<p><strong>Las 84 oficinas del Registro Civil de la provincia ya cuentan con el equipamiento inform\u00e1tico de \u00faltima tecnolog\u00eda para la realizaci\u00f3n de los distintos tr\u00e1mites en materia de identificaci\u00f3n de personas. \u201cEs una mejora que no tiene antecedentes y que amerita que se ponga toda la fuerza para que tenga los resultados que se pretende\u201d, sostuvo el ministro de Gobierno,<strong><em>Ad\u00e1n Bahl.<\/em><\/strong><\/strong><\/p>\n<p><img loading=\"lazy\" decoding=\"async\" class=\"size-medium wp-image-4328 aligncenter\" alt=\"registro civil\" src=\"http:\/\/www.isletasnoticias.com.ar\/%77%70%2d%63%6f%6e%74%65%6e%74\/uploads\/2013\/11\/registro-civil-300x154.jpg\" width=\"300\" height=\"154\" srcset=\"https:\/\/informelitoral.com.ar\/%77%70%2d%63%6f%6e%74%65%6e%74\/uploads\/2013\/11\/registro-civil-300x154.jpg 300w, https:\/\/informelitoral.com.ar\/%77%70%2d%63%6f%6e%74%65%6e%74\/uploads\/2013\/11\/registro-civil.jpg 550w\" sizes=\"auto, (max-width: 300px) 100vw, 300px\" \/><\/p>\n<p style=\"text-align: left;\">En esa misma l\u00ednea, el titular de la cartera pol\u00edtica resalt\u00f3: \u201cEste sistema de digitalizaci\u00f3n, es una acci\u00f3n de gobierno que permite a los argentinos acceder a un documento de identidad en un tiempo razonable. No cabe dudas que se trata de una pol\u00edtica de Estado que trascender\u00e1 a los gobernantes de turno\u201d.<\/p>\n<p>Adem\u00e1s, calific\u00f3 como \u00abvital\u00bb el acceso al derecho a la identidad, \u00abque posibilita el ingreso a otros derechos que est\u00e1n m\u00e1s en vigencia que nunca, tales como el derecho al trabajo, a un beneficio provisional, a la asignaci\u00f3n universal por hijo, a la salud y la educaci\u00f3n\u00bb, acot\u00f3 el ministro de Gobierno.<\/p>\n<p style=\"text-align: left;\">Bahl destac\u00f3 que \u201ccon la incorporaci\u00f3n total de este sistema de digitalizaci\u00f3n en la provincia, se culmina con uno de los objetivos planteados por esta gesti\u00f3n de gobierno. Una decisi\u00f3n de nuestro gobernador Sergio Urribarri, y llevada a cabo con responsabilidad y compromiso por parte de los empleados de cada una de las reparticiones del Registro Civil\u201d.<\/p>\n<p>Por \u00faltimo coment\u00f3 que \u201cdentro de las 84 oficinas con que cuenta la provincia est\u00e1 incluido el Centro de Documentaci\u00f3n R\u00e1pida de Paran\u00e1 y Concordia\u00bb.<\/p>\n","protected":false},"excerpt":{"rendered":"<p>Las 84 oficinas del Registro Civil de la provincia ya cuentan con el equipamiento inform&aacute;tico de &uacute;ltima tecnolog&iacute;a para la realizaci&oacute;n de los distintos tr&aacute;mites en materia de identificaci&oacute;n de personas. &ldquo;Es una mejora que no tiene antecedentes y que amerita que se ponga toda la fuerza para que tenga los resultados que se pretende&rdquo;, [&hellip;]<\/p>\n","protected":false},"author":2,"featured_media":0,"comment_status":"open","ping_status":"open","sticky":false,"template":"","format":"standard","meta":{"fifu_image_url":"","fifu_image_alt":"","footnotes":""},"categories":[6],"tags":[],"class_list":{"0":"post-4327","1":"post","2":"type-post","3":"status-publish","4":"format-standard","6":"category-entre-rios"},"yoast_head":"<title>Entre R\u00edos cuenta con todas sus oficinas del Registro Civil digitalizadas - Informe Litoral<\/title>\n<meta name=\"robots\" content=\"index, follow, max-snippet:-1, max-image-preview:large, max-video-preview:-1\" \/>\n<link rel=\"canonical\" href=\"https:\/\/informelitoral.com.ar\/entre-rios-cuenta-con-todas-sus-oficinas-del-registro-civil-digitalizadas\/\" \/>\n<meta property=\"og:locale\" content=\"es_ES\" \/>\n<meta property=\"og:type\" content=\"article\" \/>\n<meta property=\"og:title\" content=\"Entre R\u00edos cuenta con todas sus oficinas del Registro Civil digitalizadas - Informe Litoral\" \/>\n<meta property=\"og:description\" content=\"Las 84 oficinas del Registro Civil de la provincia ya cuentan con el equipamiento inform&aacute;tico de &uacute;ltima tecnolog&iacute;a para la realizaci&oacute;n de los distintos tr&aacute;mites en materia de identificaci&oacute;n de personas. &ldquo;Es una mejora que no tiene antecedentes y que amerita que se ponga toda la fuerza para que tenga los resultados que se pretende&rdquo;, [&hellip;]\" \/>\n<meta property=\"og:url\" content=\"https:\/\/informelitoral.com.ar\/entre-rios-cuenta-con-todas-sus-oficinas-del-registro-civil-digitalizadas\/\" \/>\n<meta property=\"og:site_name\" content=\"Informe Litoral\" \/>\n<meta property=\"article:publisher\" content=\"https:\/\/www.facebook.com\/informelitoral\/\" \/>\n<meta property=\"article:published_time\" content=\"2013-11-19T01:53:41+00:00\" \/>\n<meta property=\"article:modified_time\" content=\"2013-11-19T01:54:09+00:00\" \/>\n<meta property=\"og:image\" content=\"https:\/\/informelitoral.com.ar\/%77%70%2d%63%6f%6e%74%65%6e%74\/uploads\/2013\/11\/registro-civil.jpg\" \/>\n\t<meta property=\"og:image:width\" content=\"550\" \/>\n\t<meta property=\"og:image:height\" content=\"283\" \/>\n\t<meta property=\"og:image:type\" content=\"image\/jpeg\" \/>\n<meta name=\"author\" content=\"Gonzalo Schmidt\" \/>\n<meta name=\"twitter:card\" content=\"summary_large_image\" \/>\n<meta name=\"twitter:creator\" content=\"@InformeLitoral\" \/>\n<meta name=\"twitter:site\" content=\"@InformeLitoral\" \/>\n<meta name=\"twitter:label1\" content=\"Escrito por\" \/>\n\t<meta name=\"twitter:data1\" content=\"Gonzalo Schmidt\" \/>\n\t<meta name=\"twitter:label2\" content=\"Tiempo de lectura\" \/>\n\t<meta name=\"twitter:data2\" content=\"1 minuto\" \/>\n<script type=\"application\/ld+json\" class=\"yoast-schema-graph\">{\"@context\":\"https:\\\/\\\/schema.org\",\"@graph\":[{\"@type\":\"Article\",\"@id\":\"https:\\\/\\\/informelitoral.com.ar\\\/entre-rios-cuenta-con-todas-sus-oficinas-del-registro-civil-digitalizadas\\\/#article\",\"isPartOf\":{\"@id\":\"https:\\\/\\\/informelitoral.com.ar\\\/entre-rios-cuenta-con-todas-sus-oficinas-del-registro-civil-digitalizadas\\\/\"},\"author\":{\"name\":\"Gonzalo Schmidt\",\"@id\":\"https:\\\/\\\/informelitoral.com.ar\\\/#\\\/schema\\\/person\\\/b9d00407c836482871ef1d57bf8e3180\"},\"headline\":\"Entre R\u00edos cuenta con todas sus oficinas del Registro Civil digitalizadas\",\"datePublished\":\"2013-11-19T01:53:41+00:00\",\"dateModified\":\"2013-11-19T01:54:09+00:00\",\"mainEntityOfPage\":{\"@id\":\"https:\\\/\\\/informelitoral.com.ar\\\/entre-rios-cuenta-con-todas-sus-oficinas-del-registro-civil-digitalizadas\\\/\"},\"wordCount\":281,\"commentCount\":0,\"publisher\":{\"@id\":\"https:\\\/\\\/informelitoral.com.ar\\\/#organization\"},\"image\":{\"@id\":\"https:\\\/\\\/informelitoral.com.ar\\\/entre-rios-cuenta-con-todas-sus-oficinas-del-registro-civil-digitalizadas\\\/#primaryimage\"},\"thumbnailUrl\":\"http:\\\/\\\/www.isletasnoticias.com.ar\\\/%77%70%2d%63%6f%6e%74%65%6e%74\\\/uploads\\\/2013\\\/11\\\/registro-civil-300x154.jpg\",\"articleSection\":[\"Entre R\u00edos\"],\"inLanguage\":\"es\",\"potentialAction\":[{\"@type\":\"CommentAction\",\"name\":\"Comment\",\"target\":[\"https:\\\/\\\/informelitoral.com.ar\\\/entre-rios-cuenta-con-todas-sus-oficinas-del-registro-civil-digitalizadas\\\/#respond\"]}]},{\"@type\":\"WebPage\",\"@id\":\"https:\\\/\\\/informelitoral.com.ar\\\/entre-rios-cuenta-con-todas-sus-oficinas-del-registro-civil-digitalizadas\\\/\",\"url\":\"https:\\\/\\\/informelitoral.com.ar\\\/entre-rios-cuenta-con-todas-sus-oficinas-del-registro-civil-digitalizadas\\\/\",\"name\":\"Entre R\u00edos cuenta con todas sus oficinas del Registro Civil digitalizadas - Informe Litoral\",\"isPartOf\":{\"@id\":\"https:\\\/\\\/informelitoral.com.ar\\\/#website\"},\"primaryImageOfPage\":{\"@id\":\"https:\\\/\\\/informelitoral.com.ar\\\/entre-rios-cuenta-con-todas-sus-oficinas-del-registro-civil-digitalizadas\\\/#primaryimage\"},\"image\":{\"@id\":\"https:\\\/\\\/informelitoral.com.ar\\\/entre-rios-cuenta-con-todas-sus-oficinas-del-registro-civil-digitalizadas\\\/#primaryimage\"},\"thumbnailUrl\":\"http:\\\/\\\/www.isletasnoticias.com.ar\\\/%77%70%2d%63%6f%6e%74%65%6e%74\\\/uploads\\\/2013\\\/11\\\/registro-civil-300x154.jpg\",\"datePublished\":\"2013-11-19T01:53:41+00:00\",\"dateModified\":\"2013-11-19T01:54:09+00:00\",\"breadcrumb\":{\"@id\":\"https:\\\/\\\/informelitoral.com.ar\\\/entre-rios-cuenta-con-todas-sus-oficinas-del-registro-civil-digitalizadas\\\/#breadcrumb\"},\"inLanguage\":\"es\",\"potentialAction\":[{\"@type\":\"ReadAction\",\"target\":[\"https:\\\/\\\/informelitoral.com.ar\\\/entre-rios-cuenta-con-todas-sus-oficinas-del-registro-civil-digitalizadas\\\/\"]}]},{\"@type\":\"ImageObject\",\"inLanguage\":\"es\",\"@id\":\"https:\\\/\\\/informelitoral.com.ar\\\/entre-rios-cuenta-con-todas-sus-oficinas-del-registro-civil-digitalizadas\\\/#primaryimage\",\"url\":\"http:\\\/\\\/www.isletasnoticias.com.ar\\\/%77%70%2d%63%6f%6e%74%65%6e%74\\\/uploads\\\/2013\\\/11\\\/registro-civil-300x154.jpg\",\"contentUrl\":\"http:\\\/\\\/www.isletasnoticias.com.ar\\\/%77%70%2d%63%6f%6e%74%65%6e%74\\\/uploads\\\/2013\\\/11\\\/registro-civil-300x154.jpg\"},{\"@type\":\"BreadcrumbList\",\"@id\":\"https:\\\/\\\/informelitoral.com.ar\\\/entre-rios-cuenta-con-todas-sus-oficinas-del-registro-civil-digitalizadas\\\/#breadcrumb\",\"itemListElement\":[{\"@type\":\"ListItem\",\"position\":1,\"name\":\"Portada\",\"item\":\"https:\\\/\\\/informelitoral.com.ar\\\/\"},{\"@type\":\"ListItem\",\"position\":2,\"name\":\"Entre R\u00edos cuenta con todas sus oficinas del Registro Civil digitalizadas\"}]},{\"@type\":\"WebSite\",\"@id\":\"https:\\\/\\\/informelitoral.com.ar\\\/#website\",\"url\":\"https:\\\/\\\/informelitoral.com.ar\\\/\",\"name\":\"Informe Litoral\",\"description\":\"&quot;Nos informamos&quot; \",\"publisher\":{\"@id\":\"https:\\\/\\\/informelitoral.com.ar\\\/#organization\"},\"potentialAction\":[{\"@type\":\"SearchAction\",\"target\":{\"@type\":\"EntryPoint\",\"urlTemplate\":\"https:\\\/\\\/informelitoral.com.ar\\\/?s={search_term_string}\"},\"query-input\":{\"@type\":\"PropertyValueSpecification\",\"valueRequired\":true,\"valueName\":\"search_term_string\"}}],\"inLanguage\":\"es\"},{\"@type\":\"Organization\",\"@id\":\"https:\\\/\\\/informelitoral.com.ar\\\/#organization\",\"name\":\"Informe Litoral\",\"url\":\"https:\\\/\\\/informelitoral.com.ar\\\/\",\"logo\":{\"@type\":\"ImageObject\",\"inLanguage\":\"es\",\"@id\":\"https:\\\/\\\/informelitoral.com.ar\\\/#\\\/schema\\\/logo\\\/image\\\/\",\"url\":\"https:\\\/\\\/informelitoral.com.ar\\\/%77%70%2d%63%6f%6e%74%65%6e%74\\\/uploads\\\/2021\\\/01\\\/circulo.png\",\"contentUrl\":\"https:\\\/\\\/informelitoral.com.ar\\\/%77%70%2d%63%6f%6e%74%65%6e%74\\\/uploads\\\/2021\\\/01\\\/circulo.png\",\"width\":723,\"height\":731,\"caption\":\"Informe Litoral\"},\"image\":{\"@id\":\"https:\\\/\\\/informelitoral.com.ar\\\/#\\\/schema\\\/logo\\\/image\\\/\"},\"sameAs\":[\"https:\\\/\\\/www.facebook.com\\\/informelitoral\\\/\",\"https:\\\/\\\/x.com\\\/InformeLitoral\",\"https:\\\/\\\/www.instagram.com\\\/informelitoral\\\/\",\"https:\\\/\\\/www.youtube.com\\\/channel\\\/UCua4Qvz8Icb6MYqhoq9xLXw\"]},{\"@type\":\"Person\",\"@id\":\"https:\\\/\\\/informelitoral.com.ar\\\/#\\\/schema\\\/person\\\/b9d00407c836482871ef1d57bf8e3180\",\"name\":\"Gonzalo Schmidt\",\"image\":{\"@type\":\"ImageObject\",\"inLanguage\":\"es\",\"@id\":\"https:\\\/\\\/secure.gravatar.com\\\/avatar\\\/31a1a7b66ff2de83bd0e9fd79d026630d2d99e55e8bfe501287647b4fd9743de?s=96&d=mm&r=g\",\"url\":\"https:\\\/\\\/secure.gravatar.com\\\/avatar\\\/31a1a7b66ff2de83bd0e9fd79d026630d2d99e55e8bfe501287647b4fd9743de?s=96&d=mm&r=g\",\"contentUrl\":\"https:\\\/\\\/secure.gravatar.com\\\/avatar\\\/31a1a7b66ff2de83bd0e9fd79d026630d2d99e55e8bfe501287647b4fd9743de?s=96&d=mm&r=g\",\"caption\":\"Gonzalo Schmidt\"},\"description\":\"Sitio web de noticias de la provincia de Entre R\u00edos, Argentina. Informaci\u00f3n y entretenimiento. Informe Litoral, nos informamos.\",\"sameAs\":[\"http:\\\/\\\/www.isletasnoticias.com.ar\"],\"url\":\"https:\\\/\\\/informelitoral.com.ar\\\/author\\\/gonzalo\\\/\"}]}<\/script>","yoast_head_json":{"title":"Entre R\u00edos cuenta con todas sus oficinas del Registro Civil digitalizadas - Informe Litoral","robots":{"index":"index","follow":"follow","max-snippet":"max-snippet:-1","max-image-preview":"max-image-preview:large","max-video-preview":"max-video-preview:-1"},"canonical":"https:\/\/informelitoral.com.ar\/entre-rios-cuenta-con-todas-sus-oficinas-del-registro-civil-digitalizadas\/","og_locale":"es_ES","og_type":"article","og_title":"Entre R\u00edos cuenta con todas sus oficinas del Registro Civil digitalizadas - Informe Litoral","og_description":"Las 84 oficinas del Registro Civil de la provincia ya cuentan con el equipamiento inform&aacute;tico de &uacute;ltima tecnolog&iacute;a para la realizaci&oacute;n de los distintos tr&aacute;mites en materia de identificaci&oacute;n de personas. &ldquo;Es una mejora que no tiene antecedentes y que amerita que se ponga toda la fuerza para que tenga los resultados que se pretende&rdquo;, [&hellip;]","og_url":"https:\/\/informelitoral.com.ar\/entre-rios-cuenta-con-todas-sus-oficinas-del-registro-civil-digitalizadas\/","og_site_name":"Informe Litoral","article_publisher":"https:\/\/www.facebook.com\/informelitoral\/","article_published_time":"2013-11-19T01:53:41+00:00","article_modified_time":"2013-11-19T01:54:09+00:00","og_image":[{"width":550,"height":283,"url":"https:\/\/informelitoral.com.ar\/%77%70%2d%63%6f%6e%74%65%6e%74\/uploads\/2013\/11\/registro-civil.jpg","type":"image\/jpeg"}],"author":"Gonzalo Schmidt","twitter_card":"summary_large_image","twitter_creator":"@InformeLitoral","twitter_site":"@InformeLitoral","twitter_misc":{"Escrito por":"Gonzalo Schmidt","Tiempo de lectura":"1 minuto"},"schema":{"@context":"https:\/\/schema.org","@graph":[{"@type":"Article","@id":"https:\/\/informelitoral.com.ar\/entre-rios-cuenta-con-todas-sus-oficinas-del-registro-civil-digitalizadas\/#article","isPartOf":{"@id":"https:\/\/informelitoral.com.ar\/entre-rios-cuenta-con-todas-sus-oficinas-del-registro-civil-digitalizadas\/"},"author":{"name":"Gonzalo Schmidt","@id":"https:\/\/informelitoral.com.ar\/#\/schema\/person\/b9d00407c836482871ef1d57bf8e3180"},"headline":"Entre R\u00edos cuenta con todas sus oficinas del Registro Civil digitalizadas","datePublished":"2013-11-19T01:53:41+00:00","dateModified":"2013-11-19T01:54:09+00:00","mainEntityOfPage":{"@id":"https:\/\/informelitoral.com.ar\/entre-rios-cuenta-con-todas-sus-oficinas-del-registro-civil-digitalizadas\/"},"wordCount":281,"commentCount":0,"publisher":{"@id":"https:\/\/informelitoral.com.ar\/#organization"},"image":{"@id":"https:\/\/informelitoral.com.ar\/entre-rios-cuenta-con-todas-sus-oficinas-del-registro-civil-digitalizadas\/#primaryimage"},"thumbnailUrl":"http:\/\/www.isletasnoticias.com.ar\/%77%70%2d%63%6f%6e%74%65%6e%74\/uploads\/2013\/11\/registro-civil-300x154.jpg","articleSection":["Entre R\u00edos"],"inLanguage":"es","potentialAction":[{"@type":"CommentAction","name":"Comment","target":["https:\/\/informelitoral.com.ar\/entre-rios-cuenta-con-todas-sus-oficinas-del-registro-civil-digitalizadas\/#respond"]}]},{"@type":"WebPage","@id":"https:\/\/informelitoral.com.ar\/entre-rios-cuenta-con-todas-sus-oficinas-del-registro-civil-digitalizadas\/","url":"https:\/\/informelitoral.com.ar\/entre-rios-cuenta-con-todas-sus-oficinas-del-registro-civil-digitalizadas\/","name":"Entre R\u00edos cuenta con todas sus oficinas del Registro Civil digitalizadas - Informe Litoral","isPartOf":{"@id":"https:\/\/informelitoral.com.ar\/#website"},"primaryImageOfPage":{"@id":"https:\/\/informelitoral.com.ar\/entre-rios-cuenta-con-todas-sus-oficinas-del-registro-civil-digitalizadas\/#primaryimage"},"image":{"@id":"https:\/\/informelitoral.com.ar\/entre-rios-cuenta-con-todas-sus-oficinas-del-registro-civil-digitalizadas\/#primaryimage"},"thumbnailUrl":"http:\/\/www.isletasnoticias.com.ar\/%77%70%2d%63%6f%6e%74%65%6e%74\/uploads\/2013\/11\/registro-civil-300x154.jpg","datePublished":"2013-11-19T01:53:41+00:00","dateModified":"2013-11-19T01:54:09+00:00","breadcrumb":{"@id":"https:\/\/informelitoral.com.ar\/entre-rios-cuenta-con-todas-sus-oficinas-del-registro-civil-digitalizadas\/#breadcrumb"},"inLanguage":"es","potentialAction":[{"@type":"ReadAction","target":["https:\/\/informelitoral.com.ar\/entre-rios-cuenta-con-todas-sus-oficinas-del-registro-civil-digitalizadas\/"]}]},{"@type":"ImageObject","inLanguage":"es","@id":"https:\/\/informelitoral.com.ar\/entre-rios-cuenta-con-todas-sus-oficinas-del-registro-civil-digitalizadas\/#primaryimage","url":"http:\/\/www.isletasnoticias.com.ar\/%77%70%2d%63%6f%6e%74%65%6e%74\/uploads\/2013\/11\/registro-civil-300x154.jpg","contentUrl":"http:\/\/www.isletasnoticias.com.ar\/%77%70%2d%63%6f%6e%74%65%6e%74\/uploads\/2013\/11\/registro-civil-300x154.jpg"},{"@type":"BreadcrumbList","@id":"https:\/\/informelitoral.com.ar\/entre-rios-cuenta-con-todas-sus-oficinas-del-registro-civil-digitalizadas\/#breadcrumb","itemListElement":[{"@type":"ListItem","position":1,"name":"Portada","item":"https:\/\/informelitoral.com.ar\/"},{"@type":"ListItem","position":2,"name":"Entre R\u00edos cuenta con todas sus oficinas del Registro Civil digitalizadas"}]},{"@type":"WebSite","@id":"https:\/\/informelitoral.com.ar\/#website","url":"https:\/\/informelitoral.com.ar\/","name":"Informe Litoral","description":"&quot;Nos informamos&quot; ","publisher":{"@id":"https:\/\/informelitoral.com.ar\/#organization"},"potentialAction":[{"@type":"SearchAction","target":{"@type":"EntryPoint","urlTemplate":"https:\/\/informelitoral.com.ar\/?s={search_term_string}"},"query-input":{"@type":"PropertyValueSpecification","valueRequired":true,"valueName":"search_term_string"}}],"inLanguage":"es"},{"@type":"Organization","@id":"https:\/\/informelitoral.com.ar\/#organization","name":"Informe Litoral","url":"https:\/\/informelitoral.com.ar\/","logo":{"@type":"ImageObject","inLanguage":"es","@id":"https:\/\/informelitoral.com.ar\/#\/schema\/logo\/image\/","url":"https:\/\/informelitoral.com.ar\/%77%70%2d%63%6f%6e%74%65%6e%74\/uploads\/2021\/01\/circulo.png","contentUrl":"https:\/\/informelitoral.com.ar\/%77%70%2d%63%6f%6e%74%65%6e%74\/uploads\/2021\/01\/circulo.png","width":723,"height":731,"caption":"Informe Litoral"},"image":{"@id":"https:\/\/informelitoral.com.ar\/#\/schema\/logo\/image\/"},"sameAs":["https:\/\/www.facebook.com\/informelitoral\/","https:\/\/x.com\/InformeLitoral","https:\/\/www.instagram.com\/informelitoral\/","https:\/\/www.youtube.com\/channel\/UCua4Qvz8Icb6MYqhoq9xLXw"]},{"@type":"Person","@id":"https:\/\/informelitoral.com.ar\/#\/schema\/person\/b9d00407c836482871ef1d57bf8e3180","name":"Gonzalo Schmidt","image":{"@type":"ImageObject","inLanguage":"es","@id":"https:\/\/secure.gravatar.com\/avatar\/31a1a7b66ff2de83bd0e9fd79d026630d2d99e55e8bfe501287647b4fd9743de?s=96&d=mm&r=g","url":"https:\/\/secure.gravatar.com\/avatar\/31a1a7b66ff2de83bd0e9fd79d026630d2d99e55e8bfe501287647b4fd9743de?s=96&d=mm&r=g","contentUrl":"https:\/\/secure.gravatar.com\/avatar\/31a1a7b66ff2de83bd0e9fd79d026630d2d99e55e8bfe501287647b4fd9743de?s=96&d=mm&r=g","caption":"Gonzalo Schmidt"},"description":"Sitio web de noticias de la provincia de Entre R\u00edos, Argentina. Informaci\u00f3n y entretenimiento. Informe Litoral, nos informamos.","sameAs":["http:\/\/www.isletasnoticias.com.ar"],"url":"https:\/\/informelitoral.com.ar\/author\/gonzalo\/"}]}},"_links":{"self":[{"href":"https:\/\/informelitoral.com.ar\/%77%70%2d%6a%73%6f%6e\/wp\/v2\/posts\/4327","targetHints":{"allow":["GET"]}}],"collection":[{"href":"https:\/\/informelitoral.com.ar\/%77%70%2d%6a%73%6f%6e\/wp\/v2\/posts"}],"about":[{"href":"https:\/\/informelitoral.com.ar\/%77%70%2d%6a%73%6f%6e\/wp\/v2\/types\/post"}],"author":[{"embeddable":true,"href":"https:\/\/informelitoral.com.ar\/%77%70%2d%6a%73%6f%6e\/wp\/v2\/users\/2"}],"replies":[{"embeddable":true,"href":"https:\/\/informelitoral.com.ar\/%77%70%2d%6a%73%6f%6e\/wp\/v2\/comments?post=4327"}],"version-history":[{"count":0,"href":"https:\/\/informelitoral.com.ar\/%77%70%2d%6a%73%6f%6e\/wp\/v2\/posts\/4327\/revisions"}],"wp:attachment":[{"href":"https:\/\/informelitoral.com.ar\/%77%70%2d%6a%73%6f%6e\/wp\/v2\/media?parent=4327"}],"wp:term":[{"taxonomy":"category","embeddable":true,"href":"https:\/\/informelitoral.com.ar\/%77%70%2d%6a%73%6f%6e\/wp\/v2\/categories?post=4327"},{"taxonomy":"post_tag","embeddable":true,"href":"https:\/\/informelitoral.com.ar\/%77%70%2d%6a%73%6f%6e\/wp\/v2\/tags?post=4327"}],"curies":[{"name":"wp","href":"https:\/\/api.w.org\/{rel}","templated":true}]}}