{"id":4316,"date":"2013-11-18T10:14:09","date_gmt":"2013-11-18T13:14:09","guid":{"rendered":"http:\/\/www.isletasnoticias.com.ar\/?p=4316"},"modified":"2013-11-18T10:16:40","modified_gmt":"2013-11-18T13:16:40","slug":"crespo-realizaron-pintadas-en-la-sede-de-la-ucr","status":"publish","type":"post","link":"https:\/\/informelitoral.com.ar\/crespo-realizaron-pintadas-en-la-sede-de-la-ucr\/","title":{"rendered":"Crespo: realizaron pintadas en la sede de la UCR"},"content":{"rendered":"<p><strong>El acto de vandalismo se habr\u00eda producido durante la noche del s\u00e1bado y no se descarta que sea para \u00abtapar\u00bb una denuncia contra una funcionaria municipal. Los dirigentes de la Uni\u00f3n C\u00edvica Radical de Crespo repudiaron el hecho mediante un comunicado y presentaron una denuncia penal. En el mismo sentido se manifest\u00f3 el Comit\u00e9 Provincia.\u00a0<\/strong><\/p>\n<p style=\"text-align: center;\"><a href=\"http:\/\/www.isletasnoticias.com.ar\/%77%70%2d%63%6f%6e%74%65%6e%74\/uploads\/2013\/11\/ucr-crespo.jpg\"><img loading=\"lazy\" decoding=\"async\" class=\"size-medium wp-image-4317 aligncenter\" title=\"Pintadas en la sede de la UCR Crespo.\" alt=\"ucr crespo\" src=\"http:\/\/www.isletasnoticias.com.ar\/%77%70%2d%63%6f%6e%74%65%6e%74\/uploads\/2013\/11\/ucr-crespo-300x225.jpg\" width=\"300\" height=\"225\" srcset=\"https:\/\/informelitoral.com.ar\/%77%70%2d%63%6f%6e%74%65%6e%74\/uploads\/2013\/11\/ucr-crespo-300x225.jpg 300w, https:\/\/informelitoral.com.ar\/%77%70%2d%63%6f%6e%74%65%6e%74\/uploads\/2013\/11\/ucr-crespo.jpg 720w\" sizes=\"auto, (max-width: 300px) 100vw, 300px\" \/><\/a><\/p>\n<p>En un comunicado de prensa la Uni\u00f3n C\u00edvica Radical repudia el acto de vandalismo sufrido en la sede del partido, pintadas \u2013expresa- que no deben ser tomadas como un acto producto de la ingenuidad, sino que por el contrario adquiere una importancia pol\u00edtica de trascendencia dado el contexto en que se realiza.<\/p>\n<p>En la ma\u00f1ana de este domingo 18 de noviembre, el frente de la sede partidaria amaneci\u00f3 con grafitis que muestran dibujos f\u00e1licos, el s\u00edmbolo del justicialismo, y la frase \u201cme gusta el queso\u201d; por lo que desde el centenario partido se expresa que \u201cNuestros afiliados y dirigentes sienten y piensan que este acto vand\u00e1lico se produce a pocos d\u00edas de haber realizado nuestros concejales la denuncia p\u00fablica y el pedido de interpelaci\u00f3n a una funcionaria municipal ante la posible situaci\u00f3n de incompatibilidad y los poco claros actos de la administraci\u00f3n p\u00fablica municipal a cargo del Intendente Robles\u201d.<\/p>\n<p>Finalmente comunican que lamentan profundamente el grado de violencia e intolerancia que se manifiestan en esos hechos; por lo que se ha realizado una denuncia penal contra los autores de dicha agresi\u00f3n, hasta ahora desconocidos, y que tramita en el Juzgado de Instrucci\u00f3n Penal N\u00ba 8 de la ciudad de Paran\u00e1, a cargo de la <strong>Jueza Elisa Zilli<\/strong>.<\/p>\n<p><strong>Repudio del Comit\u00e9 Provincial<\/strong><\/p>\n<p>El Comit\u00e9 Provincial de la Uni\u00f3n C\u00edvica Radical, tambi\u00e9n repudi\u00f3 las pintadas, mediante un comunicado firmado por el diputado electo <strong>Jorge D\u00b4Agostino.<\/strong><\/p>\n<p>Un tramo de la nota sostiene: \u00abEn ninguna de sus formas toleramos la violencia y el da\u00f1o ocasionado con mensajes que rompen con la arm\u00f3nica vida pol\u00edtica que proclamamos, nos pone a\u00fan m\u00e1s en alerta, en un pa\u00eds que pierde d\u00eda a d\u00eda, la paz y la tolerancia\u00bb.<\/p>\n<p><strong>JR Isletas se sum\u00f3 al rechazo<\/strong><\/p>\n<p>El presidente de la Juventud Radical de Isletas,<strong> Lucas Eichmann<\/strong>, se manifest\u00f3 en el mismo sentido que los dirigentes provinciales. A trav\u00e9s de su cuenta de Facebook, el joven public\u00f3: \u00abExpreso total y absoluto repudio respecto a los hechos de vandalismo ocurridos sobre el Comit\u00e9 de la Uni\u00f3n C\u00edvica Radical de la ciudad de Crespo. Acciones cobardes como esas no consolidan, de modo alguno, la Democracia recuperada en el a\u00f1o 83, de la mano del Dr. Alfonsin\u00bb.<\/p>\n","protected":false},"excerpt":{"rendered":"<p>El acto de vandalismo se habr&iacute;a producido durante la noche del s&aacute;bado y no se descarta que sea para &laquo;tapar&raquo; una denuncia contra una funcionaria municipal. Los dirigentes de la Uni&oacute;n C&iacute;vica Radical de Crespo repudiaron el hecho mediante un comunicado y presentaron una denuncia penal. En el mismo sentido se manifest&oacute; el Comit&eacute; Provincia.&nbsp; [&hellip;]<\/p>\n","protected":false},"author":2,"featured_media":0,"comment_status":"open","ping_status":"open","sticky":false,"template":"","format":"standard","meta":{"fifu_image_url":"","fifu_image_alt":"","footnotes":""},"categories":[5,16],"tags":[],"class_list":{"0":"post-4316","1":"post","2":"type-post","3":"status-publish","4":"format-standard","6":"category-zonales","7":"category-politi"},"yoast_head":"<title>Crespo: realizaron pintadas en la sede de la UCR  - Informe Litoral<\/title>\n<meta name=\"robots\" content=\"index, follow, max-snippet:-1, max-image-preview:large, max-video-preview:-1\" \/>\n<link rel=\"canonical\" href=\"https:\/\/informelitoral.com.ar\/crespo-realizaron-pintadas-en-la-sede-de-la-ucr\/\" \/>\n<meta property=\"og:locale\" content=\"es_ES\" \/>\n<meta property=\"og:type\" content=\"article\" \/>\n<meta property=\"og:title\" content=\"Crespo: realizaron pintadas en la sede de la UCR  - Informe Litoral\" \/>\n<meta property=\"og:description\" content=\"El acto de vandalismo se habr&iacute;a producido durante la noche del s&aacute;bado y no se descarta que sea para &laquo;tapar&raquo; una denuncia contra una funcionaria municipal. Los dirigentes de la Uni&oacute;n C&iacute;vica Radical de Crespo repudiaron el hecho mediante un comunicado y presentaron una denuncia penal. En el mismo sentido se manifest&oacute; el Comit&eacute; Provincia.&nbsp; [&hellip;]\" \/>\n<meta property=\"og:url\" content=\"https:\/\/informelitoral.com.ar\/crespo-realizaron-pintadas-en-la-sede-de-la-ucr\/\" \/>\n<meta property=\"og:site_name\" content=\"Informe Litoral\" \/>\n<meta property=\"article:publisher\" content=\"https:\/\/www.facebook.com\/informelitoral\/\" \/>\n<meta property=\"article:published_time\" content=\"2013-11-18T13:14:09+00:00\" \/>\n<meta property=\"article:modified_time\" content=\"2013-11-18T13:16:40+00:00\" \/>\n<meta property=\"og:image\" content=\"https:\/\/informelitoral.com.ar\/%77%70%2d%63%6f%6e%74%65%6e%74\/uploads\/2013\/11\/ucr-crespo.jpg\" \/>\n\t<meta property=\"og:image:width\" content=\"720\" \/>\n\t<meta property=\"og:image:height\" content=\"540\" \/>\n\t<meta property=\"og:image:type\" content=\"image\/jpeg\" \/>\n<meta name=\"author\" content=\"Gonzalo Schmidt\" \/>\n<meta name=\"twitter:card\" content=\"summary_large_image\" \/>\n<meta name=\"twitter:creator\" content=\"@InformeLitoral\" \/>\n<meta name=\"twitter:site\" content=\"@InformeLitoral\" \/>\n<meta name=\"twitter:label1\" content=\"Escrito por\" \/>\n\t<meta name=\"twitter:data1\" content=\"Gonzalo Schmidt\" \/>\n\t<meta name=\"twitter:label2\" content=\"Tiempo de lectura\" \/>\n\t<meta name=\"twitter:data2\" content=\"2 minutos\" \/>\n<script type=\"application\/ld+json\" class=\"yoast-schema-graph\">{\"@context\":\"https:\\\/\\\/schema.org\",\"@graph\":[{\"@type\":\"Article\",\"@id\":\"https:\\\/\\\/informelitoral.com.ar\\\/crespo-realizaron-pintadas-en-la-sede-de-la-ucr\\\/#article\",\"isPartOf\":{\"@id\":\"https:\\\/\\\/informelitoral.com.ar\\\/crespo-realizaron-pintadas-en-la-sede-de-la-ucr\\\/\"},\"author\":{\"name\":\"Gonzalo Schmidt\",\"@id\":\"https:\\\/\\\/informelitoral.com.ar\\\/#\\\/schema\\\/person\\\/b9d00407c836482871ef1d57bf8e3180\"},\"headline\":\"Crespo: realizaron pintadas en la sede de la UCR\",\"datePublished\":\"2013-11-18T13:14:09+00:00\",\"dateModified\":\"2013-11-18T13:16:40+00:00\",\"mainEntityOfPage\":{\"@id\":\"https:\\\/\\\/informelitoral.com.ar\\\/crespo-realizaron-pintadas-en-la-sede-de-la-ucr\\\/\"},\"wordCount\":460,\"commentCount\":0,\"publisher\":{\"@id\":\"https:\\\/\\\/informelitoral.com.ar\\\/#organization\"},\"image\":{\"@id\":\"https:\\\/\\\/informelitoral.com.ar\\\/crespo-realizaron-pintadas-en-la-sede-de-la-ucr\\\/#primaryimage\"},\"thumbnailUrl\":\"http:\\\/\\\/www.isletasnoticias.com.ar\\\/%77%70%2d%63%6f%6e%74%65%6e%74\\\/uploads\\\/2013\\\/11\\\/ucr-crespo-300x225.jpg\",\"articleSection\":[\"Departamento Diamante\",\"Politica\"],\"inLanguage\":\"es\",\"potentialAction\":[{\"@type\":\"CommentAction\",\"name\":\"Comment\",\"target\":[\"https:\\\/\\\/informelitoral.com.ar\\\/crespo-realizaron-pintadas-en-la-sede-de-la-ucr\\\/#respond\"]}]},{\"@type\":\"WebPage\",\"@id\":\"https:\\\/\\\/informelitoral.com.ar\\\/crespo-realizaron-pintadas-en-la-sede-de-la-ucr\\\/\",\"url\":\"https:\\\/\\\/informelitoral.com.ar\\\/crespo-realizaron-pintadas-en-la-sede-de-la-ucr\\\/\",\"name\":\"Crespo: realizaron pintadas en la sede de la UCR - Informe Litoral\",\"isPartOf\":{\"@id\":\"https:\\\/\\\/informelitoral.com.ar\\\/#website\"},\"primaryImageOfPage\":{\"@id\":\"https:\\\/\\\/informelitoral.com.ar\\\/crespo-realizaron-pintadas-en-la-sede-de-la-ucr\\\/#primaryimage\"},\"image\":{\"@id\":\"https:\\\/\\\/informelitoral.com.ar\\\/crespo-realizaron-pintadas-en-la-sede-de-la-ucr\\\/#primaryimage\"},\"thumbnailUrl\":\"http:\\\/\\\/www.isletasnoticias.com.ar\\\/%77%70%2d%63%6f%6e%74%65%6e%74\\\/uploads\\\/2013\\\/11\\\/ucr-crespo-300x225.jpg\",\"datePublished\":\"2013-11-18T13:14:09+00:00\",\"dateModified\":\"2013-11-18T13:16:40+00:00\",\"breadcrumb\":{\"@id\":\"https:\\\/\\\/informelitoral.com.ar\\\/crespo-realizaron-pintadas-en-la-sede-de-la-ucr\\\/#breadcrumb\"},\"inLanguage\":\"es\",\"potentialAction\":[{\"@type\":\"ReadAction\",\"target\":[\"https:\\\/\\\/informelitoral.com.ar\\\/crespo-realizaron-pintadas-en-la-sede-de-la-ucr\\\/\"]}]},{\"@type\":\"ImageObject\",\"inLanguage\":\"es\",\"@id\":\"https:\\\/\\\/informelitoral.com.ar\\\/crespo-realizaron-pintadas-en-la-sede-de-la-ucr\\\/#primaryimage\",\"url\":\"http:\\\/\\\/www.isletasnoticias.com.ar\\\/%77%70%2d%63%6f%6e%74%65%6e%74\\\/uploads\\\/2013\\\/11\\\/ucr-crespo-300x225.jpg\",\"contentUrl\":\"http:\\\/\\\/www.isletasnoticias.com.ar\\\/%77%70%2d%63%6f%6e%74%65%6e%74\\\/uploads\\\/2013\\\/11\\\/ucr-crespo-300x225.jpg\"},{\"@type\":\"BreadcrumbList\",\"@id\":\"https:\\\/\\\/informelitoral.com.ar\\\/crespo-realizaron-pintadas-en-la-sede-de-la-ucr\\\/#breadcrumb\",\"itemListElement\":[{\"@type\":\"ListItem\",\"position\":1,\"name\":\"Portada\",\"item\":\"https:\\\/\\\/informelitoral.com.ar\\\/\"},{\"@type\":\"ListItem\",\"position\":2,\"name\":\"Crespo: realizaron pintadas en la sede de la UCR\"}]},{\"@type\":\"WebSite\",\"@id\":\"https:\\\/\\\/informelitoral.com.ar\\\/#website\",\"url\":\"https:\\\/\\\/informelitoral.com.ar\\\/\",\"name\":\"Informe Litoral\",\"description\":\"&quot;Nos informamos&quot; \",\"publisher\":{\"@id\":\"https:\\\/\\\/informelitoral.com.ar\\\/#organization\"},\"potentialAction\":[{\"@type\":\"SearchAction\",\"target\":{\"@type\":\"EntryPoint\",\"urlTemplate\":\"https:\\\/\\\/informelitoral.com.ar\\\/?s={search_term_string}\"},\"query-input\":{\"@type\":\"PropertyValueSpecification\",\"valueRequired\":true,\"valueName\":\"search_term_string\"}}],\"inLanguage\":\"es\"},{\"@type\":\"Organization\",\"@id\":\"https:\\\/\\\/informelitoral.com.ar\\\/#organization\",\"name\":\"Informe Litoral\",\"url\":\"https:\\\/\\\/informelitoral.com.ar\\\/\",\"logo\":{\"@type\":\"ImageObject\",\"inLanguage\":\"es\",\"@id\":\"https:\\\/\\\/informelitoral.com.ar\\\/#\\\/schema\\\/logo\\\/image\\\/\",\"url\":\"https:\\\/\\\/informelitoral.com.ar\\\/%77%70%2d%63%6f%6e%74%65%6e%74\\\/uploads\\\/2021\\\/01\\\/circulo.png\",\"contentUrl\":\"https:\\\/\\\/informelitoral.com.ar\\\/%77%70%2d%63%6f%6e%74%65%6e%74\\\/uploads\\\/2021\\\/01\\\/circulo.png\",\"width\":723,\"height\":731,\"caption\":\"Informe Litoral\"},\"image\":{\"@id\":\"https:\\\/\\\/informelitoral.com.ar\\\/#\\\/schema\\\/logo\\\/image\\\/\"},\"sameAs\":[\"https:\\\/\\\/www.facebook.com\\\/informelitoral\\\/\",\"https:\\\/\\\/x.com\\\/InformeLitoral\",\"https:\\\/\\\/www.instagram.com\\\/informelitoral\\\/\",\"https:\\\/\\\/www.youtube.com\\\/channel\\\/UCua4Qvz8Icb6MYqhoq9xLXw\"]},{\"@type\":\"Person\",\"@id\":\"https:\\\/\\\/informelitoral.com.ar\\\/#\\\/schema\\\/person\\\/b9d00407c836482871ef1d57bf8e3180\",\"name\":\"Gonzalo Schmidt\",\"image\":{\"@type\":\"ImageObject\",\"inLanguage\":\"es\",\"@id\":\"https:\\\/\\\/secure.gravatar.com\\\/avatar\\\/31a1a7b66ff2de83bd0e9fd79d026630d2d99e55e8bfe501287647b4fd9743de?s=96&d=mm&r=g\",\"url\":\"https:\\\/\\\/secure.gravatar.com\\\/avatar\\\/31a1a7b66ff2de83bd0e9fd79d026630d2d99e55e8bfe501287647b4fd9743de?s=96&d=mm&r=g\",\"contentUrl\":\"https:\\\/\\\/secure.gravatar.com\\\/avatar\\\/31a1a7b66ff2de83bd0e9fd79d026630d2d99e55e8bfe501287647b4fd9743de?s=96&d=mm&r=g\",\"caption\":\"Gonzalo Schmidt\"},\"description\":\"Sitio web de noticias de la provincia de Entre R\u00edos, Argentina. Informaci\u00f3n y entretenimiento. Informe Litoral, nos informamos.\",\"sameAs\":[\"http:\\\/\\\/www.isletasnoticias.com.ar\"],\"url\":\"https:\\\/\\\/informelitoral.com.ar\\\/author\\\/gonzalo\\\/\"}]}<\/script>","yoast_head_json":{"title":"Crespo: realizaron pintadas en la sede de la UCR  - Informe Litoral","robots":{"index":"index","follow":"follow","max-snippet":"max-snippet:-1","max-image-preview":"max-image-preview:large","max-video-preview":"max-video-preview:-1"},"canonical":"https:\/\/informelitoral.com.ar\/crespo-realizaron-pintadas-en-la-sede-de-la-ucr\/","og_locale":"es_ES","og_type":"article","og_title":"Crespo: realizaron pintadas en la sede de la UCR  - Informe Litoral","og_description":"El acto de vandalismo se habr&iacute;a producido durante la noche del s&aacute;bado y no se descarta que sea para &laquo;tapar&raquo; una denuncia contra una funcionaria municipal. Los dirigentes de la Uni&oacute;n C&iacute;vica Radical de Crespo repudiaron el hecho mediante un comunicado y presentaron una denuncia penal. En el mismo sentido se manifest&oacute; el Comit&eacute; Provincia.&nbsp; [&hellip;]","og_url":"https:\/\/informelitoral.com.ar\/crespo-realizaron-pintadas-en-la-sede-de-la-ucr\/","og_site_name":"Informe Litoral","article_publisher":"https:\/\/www.facebook.com\/informelitoral\/","article_published_time":"2013-11-18T13:14:09+00:00","article_modified_time":"2013-11-18T13:16:40+00:00","og_image":[{"width":720,"height":540,"url":"https:\/\/informelitoral.com.ar\/%77%70%2d%63%6f%6e%74%65%6e%74\/uploads\/2013\/11\/ucr-crespo.jpg","type":"image\/jpeg"}],"author":"Gonzalo Schmidt","twitter_card":"summary_large_image","twitter_creator":"@InformeLitoral","twitter_site":"@InformeLitoral","twitter_misc":{"Escrito por":"Gonzalo Schmidt","Tiempo de lectura":"2 minutos"},"schema":{"@context":"https:\/\/schema.org","@graph":[{"@type":"Article","@id":"https:\/\/informelitoral.com.ar\/crespo-realizaron-pintadas-en-la-sede-de-la-ucr\/#article","isPartOf":{"@id":"https:\/\/informelitoral.com.ar\/crespo-realizaron-pintadas-en-la-sede-de-la-ucr\/"},"author":{"name":"Gonzalo Schmidt","@id":"https:\/\/informelitoral.com.ar\/#\/schema\/person\/b9d00407c836482871ef1d57bf8e3180"},"headline":"Crespo: realizaron pintadas en la sede de la UCR","datePublished":"2013-11-18T13:14:09+00:00","dateModified":"2013-11-18T13:16:40+00:00","mainEntityOfPage":{"@id":"https:\/\/informelitoral.com.ar\/crespo-realizaron-pintadas-en-la-sede-de-la-ucr\/"},"wordCount":460,"commentCount":0,"publisher":{"@id":"https:\/\/informelitoral.com.ar\/#organization"},"image":{"@id":"https:\/\/informelitoral.com.ar\/crespo-realizaron-pintadas-en-la-sede-de-la-ucr\/#primaryimage"},"thumbnailUrl":"http:\/\/www.isletasnoticias.com.ar\/%77%70%2d%63%6f%6e%74%65%6e%74\/uploads\/2013\/11\/ucr-crespo-300x225.jpg","articleSection":["Departamento Diamante","Politica"],"inLanguage":"es","potentialAction":[{"@type":"CommentAction","name":"Comment","target":["https:\/\/informelitoral.com.ar\/crespo-realizaron-pintadas-en-la-sede-de-la-ucr\/#respond"]}]},{"@type":"WebPage","@id":"https:\/\/informelitoral.com.ar\/crespo-realizaron-pintadas-en-la-sede-de-la-ucr\/","url":"https:\/\/informelitoral.com.ar\/crespo-realizaron-pintadas-en-la-sede-de-la-ucr\/","name":"Crespo: realizaron pintadas en la sede de la UCR - Informe Litoral","isPartOf":{"@id":"https:\/\/informelitoral.com.ar\/#website"},"primaryImageOfPage":{"@id":"https:\/\/informelitoral.com.ar\/crespo-realizaron-pintadas-en-la-sede-de-la-ucr\/#primaryimage"},"image":{"@id":"https:\/\/informelitoral.com.ar\/crespo-realizaron-pintadas-en-la-sede-de-la-ucr\/#primaryimage"},"thumbnailUrl":"http:\/\/www.isletasnoticias.com.ar\/%77%70%2d%63%6f%6e%74%65%6e%74\/uploads\/2013\/11\/ucr-crespo-300x225.jpg","datePublished":"2013-11-18T13:14:09+00:00","dateModified":"2013-11-18T13:16:40+00:00","breadcrumb":{"@id":"https:\/\/informelitoral.com.ar\/crespo-realizaron-pintadas-en-la-sede-de-la-ucr\/#breadcrumb"},"inLanguage":"es","potentialAction":[{"@type":"ReadAction","target":["https:\/\/informelitoral.com.ar\/crespo-realizaron-pintadas-en-la-sede-de-la-ucr\/"]}]},{"@type":"ImageObject","inLanguage":"es","@id":"https:\/\/informelitoral.com.ar\/crespo-realizaron-pintadas-en-la-sede-de-la-ucr\/#primaryimage","url":"http:\/\/www.isletasnoticias.com.ar\/%77%70%2d%63%6f%6e%74%65%6e%74\/uploads\/2013\/11\/ucr-crespo-300x225.jpg","contentUrl":"http:\/\/www.isletasnoticias.com.ar\/%77%70%2d%63%6f%6e%74%65%6e%74\/uploads\/2013\/11\/ucr-crespo-300x225.jpg"},{"@type":"BreadcrumbList","@id":"https:\/\/informelitoral.com.ar\/crespo-realizaron-pintadas-en-la-sede-de-la-ucr\/#breadcrumb","itemListElement":[{"@type":"ListItem","position":1,"name":"Portada","item":"https:\/\/informelitoral.com.ar\/"},{"@type":"ListItem","position":2,"name":"Crespo: realizaron pintadas en la sede de la UCR"}]},{"@type":"WebSite","@id":"https:\/\/informelitoral.com.ar\/#website","url":"https:\/\/informelitoral.com.ar\/","name":"Informe Litoral","description":"&quot;Nos informamos&quot; ","publisher":{"@id":"https:\/\/informelitoral.com.ar\/#organization"},"potentialAction":[{"@type":"SearchAction","target":{"@type":"EntryPoint","urlTemplate":"https:\/\/informelitoral.com.ar\/?s={search_term_string}"},"query-input":{"@type":"PropertyValueSpecification","valueRequired":true,"valueName":"search_term_string"}}],"inLanguage":"es"},{"@type":"Organization","@id":"https:\/\/informelitoral.com.ar\/#organization","name":"Informe Litoral","url":"https:\/\/informelitoral.com.ar\/","logo":{"@type":"ImageObject","inLanguage":"es","@id":"https:\/\/informelitoral.com.ar\/#\/schema\/logo\/image\/","url":"https:\/\/informelitoral.com.ar\/%77%70%2d%63%6f%6e%74%65%6e%74\/uploads\/2021\/01\/circulo.png","contentUrl":"https:\/\/informelitoral.com.ar\/%77%70%2d%63%6f%6e%74%65%6e%74\/uploads\/2021\/01\/circulo.png","width":723,"height":731,"caption":"Informe Litoral"},"image":{"@id":"https:\/\/informelitoral.com.ar\/#\/schema\/logo\/image\/"},"sameAs":["https:\/\/www.facebook.com\/informelitoral\/","https:\/\/x.com\/InformeLitoral","https:\/\/www.instagram.com\/informelitoral\/","https:\/\/www.youtube.com\/channel\/UCua4Qvz8Icb6MYqhoq9xLXw"]},{"@type":"Person","@id":"https:\/\/informelitoral.com.ar\/#\/schema\/person\/b9d00407c836482871ef1d57bf8e3180","name":"Gonzalo Schmidt","image":{"@type":"ImageObject","inLanguage":"es","@id":"https:\/\/secure.gravatar.com\/avatar\/31a1a7b66ff2de83bd0e9fd79d026630d2d99e55e8bfe501287647b4fd9743de?s=96&d=mm&r=g","url":"https:\/\/secure.gravatar.com\/avatar\/31a1a7b66ff2de83bd0e9fd79d026630d2d99e55e8bfe501287647b4fd9743de?s=96&d=mm&r=g","contentUrl":"https:\/\/secure.gravatar.com\/avatar\/31a1a7b66ff2de83bd0e9fd79d026630d2d99e55e8bfe501287647b4fd9743de?s=96&d=mm&r=g","caption":"Gonzalo Schmidt"},"description":"Sitio web de noticias de la provincia de Entre R\u00edos, Argentina. Informaci\u00f3n y entretenimiento. Informe Litoral, nos informamos.","sameAs":["http:\/\/www.isletasnoticias.com.ar"],"url":"https:\/\/informelitoral.com.ar\/author\/gonzalo\/"}]}},"_links":{"self":[{"href":"https:\/\/informelitoral.com.ar\/%77%70%2d%6a%73%6f%6e\/wp\/v2\/posts\/4316","targetHints":{"allow":["GET"]}}],"collection":[{"href":"https:\/\/informelitoral.com.ar\/%77%70%2d%6a%73%6f%6e\/wp\/v2\/posts"}],"about":[{"href":"https:\/\/informelitoral.com.ar\/%77%70%2d%6a%73%6f%6e\/wp\/v2\/types\/post"}],"author":[{"embeddable":true,"href":"https:\/\/informelitoral.com.ar\/%77%70%2d%6a%73%6f%6e\/wp\/v2\/users\/2"}],"replies":[{"embeddable":true,"href":"https:\/\/informelitoral.com.ar\/%77%70%2d%6a%73%6f%6e\/wp\/v2\/comments?post=4316"}],"version-history":[{"count":0,"href":"https:\/\/informelitoral.com.ar\/%77%70%2d%6a%73%6f%6e\/wp\/v2\/posts\/4316\/revisions"}],"wp:attachment":[{"href":"https:\/\/informelitoral.com.ar\/%77%70%2d%6a%73%6f%6e\/wp\/v2\/media?parent=4316"}],"wp:term":[{"taxonomy":"category","embeddable":true,"href":"https:\/\/informelitoral.com.ar\/%77%70%2d%6a%73%6f%6e\/wp\/v2\/categories?post=4316"},{"taxonomy":"post_tag","embeddable":true,"href":"https:\/\/informelitoral.com.ar\/%77%70%2d%6a%73%6f%6e\/wp\/v2\/tags?post=4316"}],"curies":[{"name":"wp","href":"https:\/\/api.w.org\/{rel}","templated":true}]}}