{"id":4310,"date":"2013-11-17T23:14:08","date_gmt":"2013-11-18T02:14:08","guid":{"rendered":"http:\/\/www.isletasnoticias.com.ar\/?p=4310"},"modified":"2013-11-17T23:16:17","modified_gmt":"2013-11-18T02:16:17","slug":"ramirez-escuela-agrotecnica-de-isletas-presento-productos-en-la-expo-alimenticia","status":"publish","type":"post","link":"https:\/\/informelitoral.com.ar\/ramirez-escuela-agrotecnica-de-isletas-presento-productos-en-la-expo-alimenticia\/","title":{"rendered":"Ram\u00edrez: Escuela Agrot\u00e9cnica de Isletas present\u00f3 productos en la Expo Alimenticia"},"content":{"rendered":"<p><strong>La instituci\u00f3n isletense mostr\u00f3 algunas de sus elaboraciones de productos naturales.\u00a0El evento estuvo organizado por la ESJA\u00a0N\u00ba 2, 30 de Octubre de General Ram\u00edrez.<\/strong><\/p>\n<p><img loading=\"lazy\" decoding=\"async\" class=\"size-medium wp-image-4311 aligncenter\" title=\"(Foto: Prensa Municipal).\" alt=\"\" src=\"http:\/\/www.isletasnoticias.com.ar\/%77%70%2d%63%6f%6e%74%65%6e%74\/uploads\/2013\/11\/escela-isletas-300x199.jpg\" width=\"300\" height=\"199\" srcset=\"https:\/\/informelitoral.com.ar\/%77%70%2d%63%6f%6e%74%65%6e%74\/uploads\/2013\/11\/escela-isletas-300x199.jpg 300w, https:\/\/informelitoral.com.ar\/%77%70%2d%63%6f%6e%74%65%6e%74\/uploads\/2013\/11\/escela-isletas.jpg 960w\" sizes=\"auto, (max-width: 300px) 100vw, 300px\" \/><\/p>\n<p>La Escuela de Educaci\u00f3n Agrot\u00e9cnica (EEAT) N\u00b0 153 Horacio Mann de Isletas, particip\u00f3 el viernes \u00faltimo de la Expo Alimenticia en General Ram\u00edrez. El evento, con una trayectoria de 23 a\u00f1os, estuvo organizado por la ESJA N\u00b0 2, 30 de Octubre y participaron otras instituciones de la zona.<\/p>\n<p>La escuela isletense, present\u00f3 algunas de sus elaboraciones, como mermeladas, dulces, jugos, conservas, entre otros.<\/p>\n<p style=\"text-align: left;\">Recordemos que la entidad educativa -\u00fanica en su tipo en el departamento- cuenta con durazneros, invernaderos, huerta y ahora tambi\u00e9n incorpor\u00f3 producci\u00f3n av\u00edcola, en peque\u00f1a escala.<\/p>\n","protected":false},"excerpt":{"rendered":"<p>La instituci&oacute;n isletense mostr&oacute; algunas de sus elaboraciones de productos naturales.&nbsp;El evento estuvo organizado por la ESJA&nbsp;N&ordm; 2, 30 de Octubre de General Ram&iacute;rez. La Escuela de Educaci&oacute;n Agrot&eacute;cnica (EEAT) N&deg; 153 Horacio Mann de Isletas, particip&oacute; el viernes &uacute;ltimo de la Expo Alimenticia en General Ram&iacute;rez. El evento, con una trayectoria de 23 a&ntilde;os, [&hellip;]<\/p>\n","protected":false},"author":2,"featured_media":0,"comment_status":"open","ping_status":"open","sticky":false,"template":"","format":"standard","meta":{"fifu_image_url":"","fifu_image_alt":"","footnotes":""},"categories":[5,4],"tags":[],"class_list":{"0":"post-4310","1":"post","2":"type-post","3":"status-publish","4":"format-standard","6":"category-zonales","7":"category-locales"},"yoast_head":"<title>Ram\u00edrez: Escuela Agrot\u00e9cnica de Isletas present\u00f3 productos en la Expo Alimenticia - Informe Litoral<\/title>\n<meta name=\"robots\" content=\"index, follow, max-snippet:-1, max-image-preview:large, max-video-preview:-1\" \/>\n<link rel=\"canonical\" href=\"https:\/\/informelitoral.com.ar\/ramirez-escuela-agrotecnica-de-isletas-presento-productos-en-la-expo-alimenticia\/\" \/>\n<meta property=\"og:locale\" content=\"es_ES\" \/>\n<meta property=\"og:type\" content=\"article\" \/>\n<meta property=\"og:title\" content=\"Ram\u00edrez: Escuela Agrot\u00e9cnica de Isletas present\u00f3 productos en la Expo Alimenticia - Informe Litoral\" \/>\n<meta property=\"og:description\" content=\"La instituci&oacute;n isletense mostr&oacute; algunas de sus elaboraciones de productos naturales.&nbsp;El evento estuvo organizado por la ESJA&nbsp;N&ordm; 2, 30 de Octubre de General Ram&iacute;rez. La Escuela de Educaci&oacute;n Agrot&eacute;cnica (EEAT) N&deg; 153 Horacio Mann de Isletas, particip&oacute; el viernes &uacute;ltimo de la Expo Alimenticia en General Ram&iacute;rez. El evento, con una trayectoria de 23 a&ntilde;os, [&hellip;]\" \/>\n<meta property=\"og:url\" content=\"https:\/\/informelitoral.com.ar\/ramirez-escuela-agrotecnica-de-isletas-presento-productos-en-la-expo-alimenticia\/\" \/>\n<meta property=\"og:site_name\" content=\"Informe Litoral\" \/>\n<meta property=\"article:publisher\" content=\"https:\/\/www.facebook.com\/informelitoral\/\" \/>\n<meta property=\"article:published_time\" content=\"2013-11-18T02:14:08+00:00\" \/>\n<meta property=\"article:modified_time\" content=\"2013-11-18T02:16:17+00:00\" \/>\n<meta property=\"og:image\" content=\"https:\/\/informelitoral.com.ar\/%77%70%2d%63%6f%6e%74%65%6e%74\/uploads\/2013\/11\/escela-isletas.jpg\" \/>\n\t<meta property=\"og:image:width\" content=\"960\" \/>\n\t<meta property=\"og:image:height\" content=\"639\" \/>\n\t<meta property=\"og:image:type\" content=\"image\/jpeg\" \/>\n<meta name=\"author\" content=\"Gonzalo Schmidt\" \/>\n<meta name=\"twitter:card\" content=\"summary_large_image\" \/>\n<meta name=\"twitter:creator\" content=\"@InformeLitoral\" \/>\n<meta name=\"twitter:site\" content=\"@InformeLitoral\" \/>\n<meta name=\"twitter:label1\" content=\"Escrito por\" \/>\n\t<meta name=\"twitter:data1\" content=\"Gonzalo Schmidt\" \/>\n\t<meta name=\"twitter:label2\" content=\"Tiempo de lectura\" \/>\n\t<meta name=\"twitter:data2\" content=\"1 minuto\" \/>\n<script type=\"application\/ld+json\" class=\"yoast-schema-graph\">{\"@context\":\"https:\\\/\\\/schema.org\",\"@graph\":[{\"@type\":\"Article\",\"@id\":\"https:\\\/\\\/informelitoral.com.ar\\\/ramirez-escuela-agrotecnica-de-isletas-presento-productos-en-la-expo-alimenticia\\\/#article\",\"isPartOf\":{\"@id\":\"https:\\\/\\\/informelitoral.com.ar\\\/ramirez-escuela-agrotecnica-de-isletas-presento-productos-en-la-expo-alimenticia\\\/\"},\"author\":{\"name\":\"Gonzalo Schmidt\",\"@id\":\"https:\\\/\\\/informelitoral.com.ar\\\/#\\\/schema\\\/person\\\/b9d00407c836482871ef1d57bf8e3180\"},\"headline\":\"Ram\u00edrez: Escuela Agrot\u00e9cnica de Isletas present\u00f3 productos en la Expo Alimenticia\",\"datePublished\":\"2013-11-18T02:14:08+00:00\",\"dateModified\":\"2013-11-18T02:16:17+00:00\",\"mainEntityOfPage\":{\"@id\":\"https:\\\/\\\/informelitoral.com.ar\\\/ramirez-escuela-agrotecnica-de-isletas-presento-productos-en-la-expo-alimenticia\\\/\"},\"wordCount\":133,\"commentCount\":0,\"publisher\":{\"@id\":\"https:\\\/\\\/informelitoral.com.ar\\\/#organization\"},\"image\":{\"@id\":\"https:\\\/\\\/informelitoral.com.ar\\\/ramirez-escuela-agrotecnica-de-isletas-presento-productos-en-la-expo-alimenticia\\\/#primaryimage\"},\"thumbnailUrl\":\"http:\\\/\\\/www.isletasnoticias.com.ar\\\/%77%70%2d%63%6f%6e%74%65%6e%74\\\/uploads\\\/2013\\\/11\\\/escela-isletas-300x199.jpg\",\"articleSection\":[\"Departamento Diamante\",\"Isletas\"],\"inLanguage\":\"es\",\"potentialAction\":[{\"@type\":\"CommentAction\",\"name\":\"Comment\",\"target\":[\"https:\\\/\\\/informelitoral.com.ar\\\/ramirez-escuela-agrotecnica-de-isletas-presento-productos-en-la-expo-alimenticia\\\/#respond\"]}]},{\"@type\":\"WebPage\",\"@id\":\"https:\\\/\\\/informelitoral.com.ar\\\/ramirez-escuela-agrotecnica-de-isletas-presento-productos-en-la-expo-alimenticia\\\/\",\"url\":\"https:\\\/\\\/informelitoral.com.ar\\\/ramirez-escuela-agrotecnica-de-isletas-presento-productos-en-la-expo-alimenticia\\\/\",\"name\":\"Ram\u00edrez: Escuela Agrot\u00e9cnica de Isletas present\u00f3 productos en la Expo Alimenticia - Informe Litoral\",\"isPartOf\":{\"@id\":\"https:\\\/\\\/informelitoral.com.ar\\\/#website\"},\"primaryImageOfPage\":{\"@id\":\"https:\\\/\\\/informelitoral.com.ar\\\/ramirez-escuela-agrotecnica-de-isletas-presento-productos-en-la-expo-alimenticia\\\/#primaryimage\"},\"image\":{\"@id\":\"https:\\\/\\\/informelitoral.com.ar\\\/ramirez-escuela-agrotecnica-de-isletas-presento-productos-en-la-expo-alimenticia\\\/#primaryimage\"},\"thumbnailUrl\":\"http:\\\/\\\/www.isletasnoticias.com.ar\\\/%77%70%2d%63%6f%6e%74%65%6e%74\\\/uploads\\\/2013\\\/11\\\/escela-isletas-300x199.jpg\",\"datePublished\":\"2013-11-18T02:14:08+00:00\",\"dateModified\":\"2013-11-18T02:16:17+00:00\",\"breadcrumb\":{\"@id\":\"https:\\\/\\\/informelitoral.com.ar\\\/ramirez-escuela-agrotecnica-de-isletas-presento-productos-en-la-expo-alimenticia\\\/#breadcrumb\"},\"inLanguage\":\"es\",\"potentialAction\":[{\"@type\":\"ReadAction\",\"target\":[\"https:\\\/\\\/informelitoral.com.ar\\\/ramirez-escuela-agrotecnica-de-isletas-presento-productos-en-la-expo-alimenticia\\\/\"]}]},{\"@type\":\"ImageObject\",\"inLanguage\":\"es\",\"@id\":\"https:\\\/\\\/informelitoral.com.ar\\\/ramirez-escuela-agrotecnica-de-isletas-presento-productos-en-la-expo-alimenticia\\\/#primaryimage\",\"url\":\"http:\\\/\\\/www.isletasnoticias.com.ar\\\/%77%70%2d%63%6f%6e%74%65%6e%74\\\/uploads\\\/2013\\\/11\\\/escela-isletas-300x199.jpg\",\"contentUrl\":\"http:\\\/\\\/www.isletasnoticias.com.ar\\\/%77%70%2d%63%6f%6e%74%65%6e%74\\\/uploads\\\/2013\\\/11\\\/escela-isletas-300x199.jpg\"},{\"@type\":\"BreadcrumbList\",\"@id\":\"https:\\\/\\\/informelitoral.com.ar\\\/ramirez-escuela-agrotecnica-de-isletas-presento-productos-en-la-expo-alimenticia\\\/#breadcrumb\",\"itemListElement\":[{\"@type\":\"ListItem\",\"position\":1,\"name\":\"Portada\",\"item\":\"https:\\\/\\\/informelitoral.com.ar\\\/\"},{\"@type\":\"ListItem\",\"position\":2,\"name\":\"Ram\u00edrez: Escuela Agrot\u00e9cnica de Isletas present\u00f3 productos en la Expo Alimenticia\"}]},{\"@type\":\"WebSite\",\"@id\":\"https:\\\/\\\/informelitoral.com.ar\\\/#website\",\"url\":\"https:\\\/\\\/informelitoral.com.ar\\\/\",\"name\":\"Informe Litoral\",\"description\":\"&quot;Nos informamos&quot; \",\"publisher\":{\"@id\":\"https:\\\/\\\/informelitoral.com.ar\\\/#organization\"},\"potentialAction\":[{\"@type\":\"SearchAction\",\"target\":{\"@type\":\"EntryPoint\",\"urlTemplate\":\"https:\\\/\\\/informelitoral.com.ar\\\/?s={search_term_string}\"},\"query-input\":{\"@type\":\"PropertyValueSpecification\",\"valueRequired\":true,\"valueName\":\"search_term_string\"}}],\"inLanguage\":\"es\"},{\"@type\":\"Organization\",\"@id\":\"https:\\\/\\\/informelitoral.com.ar\\\/#organization\",\"name\":\"Informe Litoral\",\"url\":\"https:\\\/\\\/informelitoral.com.ar\\\/\",\"logo\":{\"@type\":\"ImageObject\",\"inLanguage\":\"es\",\"@id\":\"https:\\\/\\\/informelitoral.com.ar\\\/#\\\/schema\\\/logo\\\/image\\\/\",\"url\":\"https:\\\/\\\/informelitoral.com.ar\\\/%77%70%2d%63%6f%6e%74%65%6e%74\\\/uploads\\\/2021\\\/01\\\/circulo.png\",\"contentUrl\":\"https:\\\/\\\/informelitoral.com.ar\\\/%77%70%2d%63%6f%6e%74%65%6e%74\\\/uploads\\\/2021\\\/01\\\/circulo.png\",\"width\":723,\"height\":731,\"caption\":\"Informe Litoral\"},\"image\":{\"@id\":\"https:\\\/\\\/informelitoral.com.ar\\\/#\\\/schema\\\/logo\\\/image\\\/\"},\"sameAs\":[\"https:\\\/\\\/www.facebook.com\\\/informelitoral\\\/\",\"https:\\\/\\\/x.com\\\/InformeLitoral\",\"https:\\\/\\\/www.instagram.com\\\/informelitoral\\\/\",\"https:\\\/\\\/www.youtube.com\\\/channel\\\/UCua4Qvz8Icb6MYqhoq9xLXw\"]},{\"@type\":\"Person\",\"@id\":\"https:\\\/\\\/informelitoral.com.ar\\\/#\\\/schema\\\/person\\\/b9d00407c836482871ef1d57bf8e3180\",\"name\":\"Gonzalo Schmidt\",\"image\":{\"@type\":\"ImageObject\",\"inLanguage\":\"es\",\"@id\":\"https:\\\/\\\/secure.gravatar.com\\\/avatar\\\/31a1a7b66ff2de83bd0e9fd79d026630d2d99e55e8bfe501287647b4fd9743de?s=96&d=mm&r=g\",\"url\":\"https:\\\/\\\/secure.gravatar.com\\\/avatar\\\/31a1a7b66ff2de83bd0e9fd79d026630d2d99e55e8bfe501287647b4fd9743de?s=96&d=mm&r=g\",\"contentUrl\":\"https:\\\/\\\/secure.gravatar.com\\\/avatar\\\/31a1a7b66ff2de83bd0e9fd79d026630d2d99e55e8bfe501287647b4fd9743de?s=96&d=mm&r=g\",\"caption\":\"Gonzalo Schmidt\"},\"description\":\"Sitio web de noticias de la provincia de Entre R\u00edos, Argentina. Informaci\u00f3n y entretenimiento. Informe Litoral, nos informamos.\",\"sameAs\":[\"http:\\\/\\\/www.isletasnoticias.com.ar\"],\"url\":\"https:\\\/\\\/informelitoral.com.ar\\\/author\\\/gonzalo\\\/\"}]}<\/script>","yoast_head_json":{"title":"Ram\u00edrez: Escuela Agrot\u00e9cnica de Isletas present\u00f3 productos en la Expo Alimenticia - Informe Litoral","robots":{"index":"index","follow":"follow","max-snippet":"max-snippet:-1","max-image-preview":"max-image-preview:large","max-video-preview":"max-video-preview:-1"},"canonical":"https:\/\/informelitoral.com.ar\/ramirez-escuela-agrotecnica-de-isletas-presento-productos-en-la-expo-alimenticia\/","og_locale":"es_ES","og_type":"article","og_title":"Ram\u00edrez: Escuela Agrot\u00e9cnica de Isletas present\u00f3 productos en la Expo Alimenticia - Informe Litoral","og_description":"La instituci&oacute;n isletense mostr&oacute; algunas de sus elaboraciones de productos naturales.&nbsp;El evento estuvo organizado por la ESJA&nbsp;N&ordm; 2, 30 de Octubre de General Ram&iacute;rez. La Escuela de Educaci&oacute;n Agrot&eacute;cnica (EEAT) N&deg; 153 Horacio Mann de Isletas, particip&oacute; el viernes &uacute;ltimo de la Expo Alimenticia en General Ram&iacute;rez. El evento, con una trayectoria de 23 a&ntilde;os, [&hellip;]","og_url":"https:\/\/informelitoral.com.ar\/ramirez-escuela-agrotecnica-de-isletas-presento-productos-en-la-expo-alimenticia\/","og_site_name":"Informe Litoral","article_publisher":"https:\/\/www.facebook.com\/informelitoral\/","article_published_time":"2013-11-18T02:14:08+00:00","article_modified_time":"2013-11-18T02:16:17+00:00","og_image":[{"width":960,"height":639,"url":"https:\/\/informelitoral.com.ar\/%77%70%2d%63%6f%6e%74%65%6e%74\/uploads\/2013\/11\/escela-isletas.jpg","type":"image\/jpeg"}],"author":"Gonzalo Schmidt","twitter_card":"summary_large_image","twitter_creator":"@InformeLitoral","twitter_site":"@InformeLitoral","twitter_misc":{"Escrito por":"Gonzalo Schmidt","Tiempo de lectura":"1 minuto"},"schema":{"@context":"https:\/\/schema.org","@graph":[{"@type":"Article","@id":"https:\/\/informelitoral.com.ar\/ramirez-escuela-agrotecnica-de-isletas-presento-productos-en-la-expo-alimenticia\/#article","isPartOf":{"@id":"https:\/\/informelitoral.com.ar\/ramirez-escuela-agrotecnica-de-isletas-presento-productos-en-la-expo-alimenticia\/"},"author":{"name":"Gonzalo Schmidt","@id":"https:\/\/informelitoral.com.ar\/#\/schema\/person\/b9d00407c836482871ef1d57bf8e3180"},"headline":"Ram\u00edrez: Escuela Agrot\u00e9cnica de Isletas present\u00f3 productos en la Expo Alimenticia","datePublished":"2013-11-18T02:14:08+00:00","dateModified":"2013-11-18T02:16:17+00:00","mainEntityOfPage":{"@id":"https:\/\/informelitoral.com.ar\/ramirez-escuela-agrotecnica-de-isletas-presento-productos-en-la-expo-alimenticia\/"},"wordCount":133,"commentCount":0,"publisher":{"@id":"https:\/\/informelitoral.com.ar\/#organization"},"image":{"@id":"https:\/\/informelitoral.com.ar\/ramirez-escuela-agrotecnica-de-isletas-presento-productos-en-la-expo-alimenticia\/#primaryimage"},"thumbnailUrl":"http:\/\/www.isletasnoticias.com.ar\/%77%70%2d%63%6f%6e%74%65%6e%74\/uploads\/2013\/11\/escela-isletas-300x199.jpg","articleSection":["Departamento Diamante","Isletas"],"inLanguage":"es","potentialAction":[{"@type":"CommentAction","name":"Comment","target":["https:\/\/informelitoral.com.ar\/ramirez-escuela-agrotecnica-de-isletas-presento-productos-en-la-expo-alimenticia\/#respond"]}]},{"@type":"WebPage","@id":"https:\/\/informelitoral.com.ar\/ramirez-escuela-agrotecnica-de-isletas-presento-productos-en-la-expo-alimenticia\/","url":"https:\/\/informelitoral.com.ar\/ramirez-escuela-agrotecnica-de-isletas-presento-productos-en-la-expo-alimenticia\/","name":"Ram\u00edrez: Escuela Agrot\u00e9cnica de Isletas present\u00f3 productos en la Expo Alimenticia - Informe Litoral","isPartOf":{"@id":"https:\/\/informelitoral.com.ar\/#website"},"primaryImageOfPage":{"@id":"https:\/\/informelitoral.com.ar\/ramirez-escuela-agrotecnica-de-isletas-presento-productos-en-la-expo-alimenticia\/#primaryimage"},"image":{"@id":"https:\/\/informelitoral.com.ar\/ramirez-escuela-agrotecnica-de-isletas-presento-productos-en-la-expo-alimenticia\/#primaryimage"},"thumbnailUrl":"http:\/\/www.isletasnoticias.com.ar\/%77%70%2d%63%6f%6e%74%65%6e%74\/uploads\/2013\/11\/escela-isletas-300x199.jpg","datePublished":"2013-11-18T02:14:08+00:00","dateModified":"2013-11-18T02:16:17+00:00","breadcrumb":{"@id":"https:\/\/informelitoral.com.ar\/ramirez-escuela-agrotecnica-de-isletas-presento-productos-en-la-expo-alimenticia\/#breadcrumb"},"inLanguage":"es","potentialAction":[{"@type":"ReadAction","target":["https:\/\/informelitoral.com.ar\/ramirez-escuela-agrotecnica-de-isletas-presento-productos-en-la-expo-alimenticia\/"]}]},{"@type":"ImageObject","inLanguage":"es","@id":"https:\/\/informelitoral.com.ar\/ramirez-escuela-agrotecnica-de-isletas-presento-productos-en-la-expo-alimenticia\/#primaryimage","url":"http:\/\/www.isletasnoticias.com.ar\/%77%70%2d%63%6f%6e%74%65%6e%74\/uploads\/2013\/11\/escela-isletas-300x199.jpg","contentUrl":"http:\/\/www.isletasnoticias.com.ar\/%77%70%2d%63%6f%6e%74%65%6e%74\/uploads\/2013\/11\/escela-isletas-300x199.jpg"},{"@type":"BreadcrumbList","@id":"https:\/\/informelitoral.com.ar\/ramirez-escuela-agrotecnica-de-isletas-presento-productos-en-la-expo-alimenticia\/#breadcrumb","itemListElement":[{"@type":"ListItem","position":1,"name":"Portada","item":"https:\/\/informelitoral.com.ar\/"},{"@type":"ListItem","position":2,"name":"Ram\u00edrez: Escuela Agrot\u00e9cnica de Isletas present\u00f3 productos en la Expo Alimenticia"}]},{"@type":"WebSite","@id":"https:\/\/informelitoral.com.ar\/#website","url":"https:\/\/informelitoral.com.ar\/","name":"Informe Litoral","description":"&quot;Nos informamos&quot; ","publisher":{"@id":"https:\/\/informelitoral.com.ar\/#organization"},"potentialAction":[{"@type":"SearchAction","target":{"@type":"EntryPoint","urlTemplate":"https:\/\/informelitoral.com.ar\/?s={search_term_string}"},"query-input":{"@type":"PropertyValueSpecification","valueRequired":true,"valueName":"search_term_string"}}],"inLanguage":"es"},{"@type":"Organization","@id":"https:\/\/informelitoral.com.ar\/#organization","name":"Informe Litoral","url":"https:\/\/informelitoral.com.ar\/","logo":{"@type":"ImageObject","inLanguage":"es","@id":"https:\/\/informelitoral.com.ar\/#\/schema\/logo\/image\/","url":"https:\/\/informelitoral.com.ar\/%77%70%2d%63%6f%6e%74%65%6e%74\/uploads\/2021\/01\/circulo.png","contentUrl":"https:\/\/informelitoral.com.ar\/%77%70%2d%63%6f%6e%74%65%6e%74\/uploads\/2021\/01\/circulo.png","width":723,"height":731,"caption":"Informe Litoral"},"image":{"@id":"https:\/\/informelitoral.com.ar\/#\/schema\/logo\/image\/"},"sameAs":["https:\/\/www.facebook.com\/informelitoral\/","https:\/\/x.com\/InformeLitoral","https:\/\/www.instagram.com\/informelitoral\/","https:\/\/www.youtube.com\/channel\/UCua4Qvz8Icb6MYqhoq9xLXw"]},{"@type":"Person","@id":"https:\/\/informelitoral.com.ar\/#\/schema\/person\/b9d00407c836482871ef1d57bf8e3180","name":"Gonzalo Schmidt","image":{"@type":"ImageObject","inLanguage":"es","@id":"https:\/\/secure.gravatar.com\/avatar\/31a1a7b66ff2de83bd0e9fd79d026630d2d99e55e8bfe501287647b4fd9743de?s=96&d=mm&r=g","url":"https:\/\/secure.gravatar.com\/avatar\/31a1a7b66ff2de83bd0e9fd79d026630d2d99e55e8bfe501287647b4fd9743de?s=96&d=mm&r=g","contentUrl":"https:\/\/secure.gravatar.com\/avatar\/31a1a7b66ff2de83bd0e9fd79d026630d2d99e55e8bfe501287647b4fd9743de?s=96&d=mm&r=g","caption":"Gonzalo Schmidt"},"description":"Sitio web de noticias de la provincia de Entre R\u00edos, Argentina. Informaci\u00f3n y entretenimiento. Informe Litoral, nos informamos.","sameAs":["http:\/\/www.isletasnoticias.com.ar"],"url":"https:\/\/informelitoral.com.ar\/author\/gonzalo\/"}]}},"_links":{"self":[{"href":"https:\/\/informelitoral.com.ar\/%77%70%2d%6a%73%6f%6e\/wp\/v2\/posts\/4310","targetHints":{"allow":["GET"]}}],"collection":[{"href":"https:\/\/informelitoral.com.ar\/%77%70%2d%6a%73%6f%6e\/wp\/v2\/posts"}],"about":[{"href":"https:\/\/informelitoral.com.ar\/%77%70%2d%6a%73%6f%6e\/wp\/v2\/types\/post"}],"author":[{"embeddable":true,"href":"https:\/\/informelitoral.com.ar\/%77%70%2d%6a%73%6f%6e\/wp\/v2\/users\/2"}],"replies":[{"embeddable":true,"href":"https:\/\/informelitoral.com.ar\/%77%70%2d%6a%73%6f%6e\/wp\/v2\/comments?post=4310"}],"version-history":[{"count":0,"href":"https:\/\/informelitoral.com.ar\/%77%70%2d%6a%73%6f%6e\/wp\/v2\/posts\/4310\/revisions"}],"wp:attachment":[{"href":"https:\/\/informelitoral.com.ar\/%77%70%2d%6a%73%6f%6e\/wp\/v2\/media?parent=4310"}],"wp:term":[{"taxonomy":"category","embeddable":true,"href":"https:\/\/informelitoral.com.ar\/%77%70%2d%6a%73%6f%6e\/wp\/v2\/categories?post=4310"},{"taxonomy":"post_tag","embeddable":true,"href":"https:\/\/informelitoral.com.ar\/%77%70%2d%6a%73%6f%6e\/wp\/v2\/tags?post=4310"}],"curies":[{"name":"wp","href":"https:\/\/api.w.org\/{rel}","templated":true}]}}