{"id":4287,"date":"2013-11-17T21:27:13","date_gmt":"2013-11-18T00:27:13","guid":{"rendered":"http:\/\/www.isletasnoticias.com.ar\/?p=4287"},"modified":"2013-11-17T21:48:55","modified_gmt":"2013-11-18T00:48:55","slug":"ramirez-karen-catalano-es-la-flamante-reina-de-la-fiesta-provincial-de-la-juventud","status":"publish","type":"post","link":"https:\/\/informelitoral.com.ar\/ramirez-karen-catalano-es-la-flamante-reina-de-la-fiesta-provincial-de-la-juventud\/","title":{"rendered":"Ram\u00edrez: Karen Catalano es la flamante reina de la Fiesta Provincial de la Juventud"},"content":{"rendered":"<p style=\"text-align: left;\"><strong>Como todos los a\u00f1os, la elecci\u00f3n se realiz\u00f3 anoche durante el bailable en el CPM de General Ram\u00edrez. En cuanto a las carrozas, la ganadora en categor\u00eda estudiantil fue: \u00b4Fantas\u00edas de ayer, hoy y siempre\u00b4 y en categor\u00eda libre: \u00b4No al abandono, no al maltrato\u00b4 se qued\u00f3 con el primer premio.\u00a0<a href=\"http:\/\/www.isletasnoticias.com.ar\/%77%70%2d%63%6f%6e%74%65%6e%74\/uploads\/2013\/11\/karen-catalano.jpg\"><img loading=\"lazy\" decoding=\"async\" class=\"size-medium wp-image-4288 aligncenter\" title=\"Karen Catalano es la nueva reina de la Fiesta Provincial de la juventud. (Imagen de Facebook).\" alt=\"karen catalano\" src=\"http:\/\/www.isletasnoticias.com.ar\/%77%70%2d%63%6f%6e%74%65%6e%74\/uploads\/2013\/11\/karen-catalano-300x300.jpg\" width=\"300\" height=\"300\" srcset=\"https:\/\/informelitoral.com.ar\/%77%70%2d%63%6f%6e%74%65%6e%74\/uploads\/2013\/11\/karen-catalano-300x300.jpg 300w, https:\/\/informelitoral.com.ar\/%77%70%2d%63%6f%6e%74%65%6e%74\/uploads\/2013\/11\/karen-catalano-150x150.jpg 150w, https:\/\/informelitoral.com.ar\/%77%70%2d%63%6f%6e%74%65%6e%74\/uploads\/2013\/11\/karen-catalano.jpg 960w\" sizes=\"auto, (max-width: 300px) 100vw, 300px\" \/><\/a><\/strong><\/p>\n<p>En la noche del s\u00e1bado \u00faltimo, se llev\u00f3 a cabo el espect\u00e1culo central\u00a0de la XXXIV Fiesta Provincial de la Juventud. En la esquina de San Mart\u00edn y Sarmiento se ubic\u00f3 el palco, que cont\u00f3 con la presencia de las autoridades municipales y policiales. Hubo discursos,\u00a0m\u00fasica, grupos humanos, desfile de carrozas y dem\u00e1s atractivos.<\/p>\n<p><img loading=\"lazy\" decoding=\"async\" class=\"size-medium wp-image-4289 alignright\" title=\"Carroza ganadora en categor\u00eda estudiantil. (Foto gentileza: Miguel Kobalski).\" alt=\"categoria estudiantil\" src=\"http:\/\/www.isletasnoticias.com.ar\/%77%70%2d%63%6f%6e%74%65%6e%74\/uploads\/2013\/11\/categoria-estudiantil-300x168.jpg\" width=\"300\" height=\"168\" srcset=\"https:\/\/informelitoral.com.ar\/%77%70%2d%63%6f%6e%74%65%6e%74\/uploads\/2013\/11\/categoria-estudiantil-300x168.jpg 300w, https:\/\/informelitoral.com.ar\/%77%70%2d%63%6f%6e%74%65%6e%74\/uploads\/2013\/11\/categoria-estudiantil.jpg 960w\" sizes=\"auto, (max-width: 300px) 100vw, 300px\" \/><\/p>\n<p>Del espect\u00e1culo particip\u00f3 un buen marco de p\u00fablico en comparaci\u00f3n con a\u00f1os anteriores. Presentadas por los animadores de la noche, <strong>Silvia Schumaher<\/strong> y <strong>Miguel \u00abPolaco\u00bb Kobalsky,\u00a0<\/strong>desfilaron un total de 10 carrozas.<\/p>\n<p>Una vez en el bailable que se desarroll\u00f3 en las instalaciones del Centro Polideportivo Municipal, se conoci\u00f3 el nombre de la nueva reina de la Fiesta Provincial de la Juventud, que recay\u00f3 sobre<strong> Karen Catalano,\u00a0<\/strong>representante de la carroza de la Colectividad Alemana de la ya mencionada ciudad.<\/p>\n<p><img loading=\"lazy\" decoding=\"async\" class=\"size-medium wp-image-4290 alignright\" title=\"Ganadora en categor\u00eda libre. (Foto gentileza: Miguel Kobalski).\" alt=\"ganadora categoria libre\" src=\"http:\/\/www.isletasnoticias.com.ar\/%77%70%2d%63%6f%6e%74%65%6e%74\/uploads\/2013\/11\/ganadora-categoria-libre-300x208.jpg\" width=\"300\" height=\"208\" srcset=\"https:\/\/informelitoral.com.ar\/%77%70%2d%63%6f%6e%74%65%6e%74\/uploads\/2013\/11\/ganadora-categoria-libre-300x208.jpg 300w, https:\/\/informelitoral.com.ar\/%77%70%2d%63%6f%6e%74%65%6e%74\/uploads\/2013\/11\/ganadora-categoria-libre.jpg 960w\" sizes=\"auto, (max-width: 300px) 100vw, 300px\" \/><\/p>\n<p>En cuanto a las carrozas; en categor\u00eda estudiantil, el primer puesto\u00a0fue para la N\u00b0 8, \u00b4Fantas\u00edas de ayer, hoy y siempre\u00b4, cuyos integrantes se llevaron un premio de $3.500, en total.<\/p>\n<p>Por su parte, en categor\u00eda libre, el primer premio fue para la N\u00b0 3, \u00b4No al abandono, no al maltrato\u00b4, perteneciente al grupo Amigos de los Perros, quienes tambi\u00e9n fueron premiados con $3.500.<\/p>\n<p>La noche central de la fiesta, cerr\u00f3 con la presentaci\u00f3n de La Grupera de Santa F\u00e9, a partir de las 5:30 de este domingo.<\/p>\n","protected":false},"excerpt":{"rendered":"<p>Como todos los a&ntilde;os, la elecci&oacute;n se realiz&oacute; anoche durante el bailable en el CPM de General Ram&iacute;rez. En cuanto a las carrozas, la ganadora en categor&iacute;a estudiantil fue: &acute;Fantas&iacute;as de ayer, hoy y siempre&acute; y en categor&iacute;a libre: &acute;No al abandono, no al maltrato&acute; se qued&oacute; con el primer premio.&nbsp; En la noche del [&hellip;]<\/p>\n","protected":false},"author":2,"featured_media":0,"comment_status":"open","ping_status":"open","sticky":false,"template":"","format":"standard","meta":{"fifu_image_url":"","fifu_image_alt":"","footnotes":""},"categories":[5,6,9],"tags":[],"class_list":{"0":"post-4287","1":"post","2":"type-post","3":"status-publish","4":"format-standard","6":"category-zonales","7":"category-entre-rios","8":"category-sociedad"},"yoast_head":"<title>Ram\u00edrez: Karen Catalano es la flamante reina de la Fiesta Provincial de la Juventud - Informe Litoral<\/title>\n<meta name=\"robots\" content=\"index, follow, max-snippet:-1, max-image-preview:large, max-video-preview:-1\" \/>\n<link rel=\"canonical\" href=\"https:\/\/informelitoral.com.ar\/ramirez-karen-catalano-es-la-flamante-reina-de-la-fiesta-provincial-de-la-juventud\/\" \/>\n<meta property=\"og:locale\" content=\"es_ES\" \/>\n<meta property=\"og:type\" content=\"article\" \/>\n<meta property=\"og:title\" content=\"Ram\u00edrez: Karen Catalano es la flamante reina de la Fiesta Provincial de la Juventud - Informe Litoral\" \/>\n<meta property=\"og:description\" content=\"Como todos los a&ntilde;os, la elecci&oacute;n se realiz&oacute; anoche durante el bailable en el CPM de General Ram&iacute;rez. En cuanto a las carrozas, la ganadora en categor&iacute;a estudiantil fue: &acute;Fantas&iacute;as de ayer, hoy y siempre&acute; y en categor&iacute;a libre: &acute;No al abandono, no al maltrato&acute; se qued&oacute; con el primer premio.&nbsp; En la noche del [&hellip;]\" \/>\n<meta property=\"og:url\" content=\"https:\/\/informelitoral.com.ar\/ramirez-karen-catalano-es-la-flamante-reina-de-la-fiesta-provincial-de-la-juventud\/\" \/>\n<meta property=\"og:site_name\" content=\"Informe Litoral\" \/>\n<meta property=\"article:publisher\" content=\"https:\/\/www.facebook.com\/informelitoral\/\" \/>\n<meta property=\"article:published_time\" content=\"2013-11-18T00:27:13+00:00\" \/>\n<meta property=\"article:modified_time\" content=\"2013-11-18T00:48:55+00:00\" \/>\n<meta property=\"og:image\" content=\"https:\/\/informelitoral.com.ar\/%77%70%2d%63%6f%6e%74%65%6e%74\/uploads\/2013\/11\/karen-catalano.jpg\" \/>\n\t<meta property=\"og:image:width\" content=\"960\" \/>\n\t<meta property=\"og:image:height\" content=\"960\" \/>\n\t<meta property=\"og:image:type\" content=\"image\/jpeg\" \/>\n<meta name=\"author\" content=\"Gonzalo Schmidt\" \/>\n<meta name=\"twitter:card\" content=\"summary_large_image\" \/>\n<meta name=\"twitter:creator\" content=\"@InformeLitoral\" \/>\n<meta name=\"twitter:site\" content=\"@InformeLitoral\" \/>\n<meta name=\"twitter:label1\" content=\"Escrito por\" \/>\n\t<meta name=\"twitter:data1\" content=\"Gonzalo Schmidt\" \/>\n\t<meta name=\"twitter:label2\" content=\"Tiempo de lectura\" \/>\n\t<meta name=\"twitter:data2\" content=\"1 minuto\" \/>\n<script type=\"application\/ld+json\" class=\"yoast-schema-graph\">{\"@context\":\"https:\\\/\\\/schema.org\",\"@graph\":[{\"@type\":\"Article\",\"@id\":\"https:\\\/\\\/informelitoral.com.ar\\\/ramirez-karen-catalano-es-la-flamante-reina-de-la-fiesta-provincial-de-la-juventud\\\/#article\",\"isPartOf\":{\"@id\":\"https:\\\/\\\/informelitoral.com.ar\\\/ramirez-karen-catalano-es-la-flamante-reina-de-la-fiesta-provincial-de-la-juventud\\\/\"},\"author\":{\"name\":\"Gonzalo Schmidt\",\"@id\":\"https:\\\/\\\/informelitoral.com.ar\\\/#\\\/schema\\\/person\\\/b9d00407c836482871ef1d57bf8e3180\"},\"headline\":\"Ram\u00edrez: Karen Catalano es la flamante reina de la Fiesta Provincial de la Juventud\",\"datePublished\":\"2013-11-18T00:27:13+00:00\",\"dateModified\":\"2013-11-18T00:48:55+00:00\",\"mainEntityOfPage\":{\"@id\":\"https:\\\/\\\/informelitoral.com.ar\\\/ramirez-karen-catalano-es-la-flamante-reina-de-la-fiesta-provincial-de-la-juventud\\\/\"},\"wordCount\":304,\"commentCount\":0,\"publisher\":{\"@id\":\"https:\\\/\\\/informelitoral.com.ar\\\/#organization\"},\"image\":{\"@id\":\"https:\\\/\\\/informelitoral.com.ar\\\/ramirez-karen-catalano-es-la-flamante-reina-de-la-fiesta-provincial-de-la-juventud\\\/#primaryimage\"},\"thumbnailUrl\":\"http:\\\/\\\/www.isletasnoticias.com.ar\\\/%77%70%2d%63%6f%6e%74%65%6e%74\\\/uploads\\\/2013\\\/11\\\/karen-catalano-300x300.jpg\",\"articleSection\":[\"Departamento Diamante\",\"Entre R\u00edos\",\"Sociedad\"],\"inLanguage\":\"es\",\"potentialAction\":[{\"@type\":\"CommentAction\",\"name\":\"Comment\",\"target\":[\"https:\\\/\\\/informelitoral.com.ar\\\/ramirez-karen-catalano-es-la-flamante-reina-de-la-fiesta-provincial-de-la-juventud\\\/#respond\"]}]},{\"@type\":\"WebPage\",\"@id\":\"https:\\\/\\\/informelitoral.com.ar\\\/ramirez-karen-catalano-es-la-flamante-reina-de-la-fiesta-provincial-de-la-juventud\\\/\",\"url\":\"https:\\\/\\\/informelitoral.com.ar\\\/ramirez-karen-catalano-es-la-flamante-reina-de-la-fiesta-provincial-de-la-juventud\\\/\",\"name\":\"Ram\u00edrez: Karen Catalano es la flamante reina de la Fiesta Provincial de la Juventud - Informe Litoral\",\"isPartOf\":{\"@id\":\"https:\\\/\\\/informelitoral.com.ar\\\/#website\"},\"primaryImageOfPage\":{\"@id\":\"https:\\\/\\\/informelitoral.com.ar\\\/ramirez-karen-catalano-es-la-flamante-reina-de-la-fiesta-provincial-de-la-juventud\\\/#primaryimage\"},\"image\":{\"@id\":\"https:\\\/\\\/informelitoral.com.ar\\\/ramirez-karen-catalano-es-la-flamante-reina-de-la-fiesta-provincial-de-la-juventud\\\/#primaryimage\"},\"thumbnailUrl\":\"http:\\\/\\\/www.isletasnoticias.com.ar\\\/%77%70%2d%63%6f%6e%74%65%6e%74\\\/uploads\\\/2013\\\/11\\\/karen-catalano-300x300.jpg\",\"datePublished\":\"2013-11-18T00:27:13+00:00\",\"dateModified\":\"2013-11-18T00:48:55+00:00\",\"breadcrumb\":{\"@id\":\"https:\\\/\\\/informelitoral.com.ar\\\/ramirez-karen-catalano-es-la-flamante-reina-de-la-fiesta-provincial-de-la-juventud\\\/#breadcrumb\"},\"inLanguage\":\"es\",\"potentialAction\":[{\"@type\":\"ReadAction\",\"target\":[\"https:\\\/\\\/informelitoral.com.ar\\\/ramirez-karen-catalano-es-la-flamante-reina-de-la-fiesta-provincial-de-la-juventud\\\/\"]}]},{\"@type\":\"ImageObject\",\"inLanguage\":\"es\",\"@id\":\"https:\\\/\\\/informelitoral.com.ar\\\/ramirez-karen-catalano-es-la-flamante-reina-de-la-fiesta-provincial-de-la-juventud\\\/#primaryimage\",\"url\":\"http:\\\/\\\/www.isletasnoticias.com.ar\\\/%77%70%2d%63%6f%6e%74%65%6e%74\\\/uploads\\\/2013\\\/11\\\/karen-catalano-300x300.jpg\",\"contentUrl\":\"http:\\\/\\\/www.isletasnoticias.com.ar\\\/%77%70%2d%63%6f%6e%74%65%6e%74\\\/uploads\\\/2013\\\/11\\\/karen-catalano-300x300.jpg\"},{\"@type\":\"BreadcrumbList\",\"@id\":\"https:\\\/\\\/informelitoral.com.ar\\\/ramirez-karen-catalano-es-la-flamante-reina-de-la-fiesta-provincial-de-la-juventud\\\/#breadcrumb\",\"itemListElement\":[{\"@type\":\"ListItem\",\"position\":1,\"name\":\"Portada\",\"item\":\"https:\\\/\\\/informelitoral.com.ar\\\/\"},{\"@type\":\"ListItem\",\"position\":2,\"name\":\"Ram\u00edrez: Karen Catalano es la flamante reina de la Fiesta Provincial de la Juventud\"}]},{\"@type\":\"WebSite\",\"@id\":\"https:\\\/\\\/informelitoral.com.ar\\\/#website\",\"url\":\"https:\\\/\\\/informelitoral.com.ar\\\/\",\"name\":\"Informe Litoral\",\"description\":\"&quot;Nos informamos&quot; \",\"publisher\":{\"@id\":\"https:\\\/\\\/informelitoral.com.ar\\\/#organization\"},\"potentialAction\":[{\"@type\":\"SearchAction\",\"target\":{\"@type\":\"EntryPoint\",\"urlTemplate\":\"https:\\\/\\\/informelitoral.com.ar\\\/?s={search_term_string}\"},\"query-input\":{\"@type\":\"PropertyValueSpecification\",\"valueRequired\":true,\"valueName\":\"search_term_string\"}}],\"inLanguage\":\"es\"},{\"@type\":\"Organization\",\"@id\":\"https:\\\/\\\/informelitoral.com.ar\\\/#organization\",\"name\":\"Informe Litoral\",\"url\":\"https:\\\/\\\/informelitoral.com.ar\\\/\",\"logo\":{\"@type\":\"ImageObject\",\"inLanguage\":\"es\",\"@id\":\"https:\\\/\\\/informelitoral.com.ar\\\/#\\\/schema\\\/logo\\\/image\\\/\",\"url\":\"https:\\\/\\\/informelitoral.com.ar\\\/%77%70%2d%63%6f%6e%74%65%6e%74\\\/uploads\\\/2021\\\/01\\\/circulo.png\",\"contentUrl\":\"https:\\\/\\\/informelitoral.com.ar\\\/%77%70%2d%63%6f%6e%74%65%6e%74\\\/uploads\\\/2021\\\/01\\\/circulo.png\",\"width\":723,\"height\":731,\"caption\":\"Informe Litoral\"},\"image\":{\"@id\":\"https:\\\/\\\/informelitoral.com.ar\\\/#\\\/schema\\\/logo\\\/image\\\/\"},\"sameAs\":[\"https:\\\/\\\/www.facebook.com\\\/informelitoral\\\/\",\"https:\\\/\\\/x.com\\\/InformeLitoral\",\"https:\\\/\\\/www.instagram.com\\\/informelitoral\\\/\",\"https:\\\/\\\/www.youtube.com\\\/channel\\\/UCua4Qvz8Icb6MYqhoq9xLXw\"]},{\"@type\":\"Person\",\"@id\":\"https:\\\/\\\/informelitoral.com.ar\\\/#\\\/schema\\\/person\\\/b9d00407c836482871ef1d57bf8e3180\",\"name\":\"Gonzalo Schmidt\",\"image\":{\"@type\":\"ImageObject\",\"inLanguage\":\"es\",\"@id\":\"https:\\\/\\\/secure.gravatar.com\\\/avatar\\\/31a1a7b66ff2de83bd0e9fd79d026630d2d99e55e8bfe501287647b4fd9743de?s=96&d=mm&r=g\",\"url\":\"https:\\\/\\\/secure.gravatar.com\\\/avatar\\\/31a1a7b66ff2de83bd0e9fd79d026630d2d99e55e8bfe501287647b4fd9743de?s=96&d=mm&r=g\",\"contentUrl\":\"https:\\\/\\\/secure.gravatar.com\\\/avatar\\\/31a1a7b66ff2de83bd0e9fd79d026630d2d99e55e8bfe501287647b4fd9743de?s=96&d=mm&r=g\",\"caption\":\"Gonzalo Schmidt\"},\"description\":\"Sitio web de noticias de la provincia de Entre R\u00edos, Argentina. Informaci\u00f3n y entretenimiento. Informe Litoral, nos informamos.\",\"sameAs\":[\"http:\\\/\\\/www.isletasnoticias.com.ar\"],\"url\":\"https:\\\/\\\/informelitoral.com.ar\\\/author\\\/gonzalo\\\/\"}]}<\/script>","yoast_head_json":{"title":"Ram\u00edrez: Karen Catalano es la flamante reina de la Fiesta Provincial de la Juventud - Informe Litoral","robots":{"index":"index","follow":"follow","max-snippet":"max-snippet:-1","max-image-preview":"max-image-preview:large","max-video-preview":"max-video-preview:-1"},"canonical":"https:\/\/informelitoral.com.ar\/ramirez-karen-catalano-es-la-flamante-reina-de-la-fiesta-provincial-de-la-juventud\/","og_locale":"es_ES","og_type":"article","og_title":"Ram\u00edrez: Karen Catalano es la flamante reina de la Fiesta Provincial de la Juventud - Informe Litoral","og_description":"Como todos los a&ntilde;os, la elecci&oacute;n se realiz&oacute; anoche durante el bailable en el CPM de General Ram&iacute;rez. En cuanto a las carrozas, la ganadora en categor&iacute;a estudiantil fue: &acute;Fantas&iacute;as de ayer, hoy y siempre&acute; y en categor&iacute;a libre: &acute;No al abandono, no al maltrato&acute; se qued&oacute; con el primer premio.&nbsp; En la noche del [&hellip;]","og_url":"https:\/\/informelitoral.com.ar\/ramirez-karen-catalano-es-la-flamante-reina-de-la-fiesta-provincial-de-la-juventud\/","og_site_name":"Informe Litoral","article_publisher":"https:\/\/www.facebook.com\/informelitoral\/","article_published_time":"2013-11-18T00:27:13+00:00","article_modified_time":"2013-11-18T00:48:55+00:00","og_image":[{"width":960,"height":960,"url":"https:\/\/informelitoral.com.ar\/%77%70%2d%63%6f%6e%74%65%6e%74\/uploads\/2013\/11\/karen-catalano.jpg","type":"image\/jpeg"}],"author":"Gonzalo Schmidt","twitter_card":"summary_large_image","twitter_creator":"@InformeLitoral","twitter_site":"@InformeLitoral","twitter_misc":{"Escrito por":"Gonzalo Schmidt","Tiempo de lectura":"1 minuto"},"schema":{"@context":"https:\/\/schema.org","@graph":[{"@type":"Article","@id":"https:\/\/informelitoral.com.ar\/ramirez-karen-catalano-es-la-flamante-reina-de-la-fiesta-provincial-de-la-juventud\/#article","isPartOf":{"@id":"https:\/\/informelitoral.com.ar\/ramirez-karen-catalano-es-la-flamante-reina-de-la-fiesta-provincial-de-la-juventud\/"},"author":{"name":"Gonzalo Schmidt","@id":"https:\/\/informelitoral.com.ar\/#\/schema\/person\/b9d00407c836482871ef1d57bf8e3180"},"headline":"Ram\u00edrez: Karen Catalano es la flamante reina de la Fiesta Provincial de la Juventud","datePublished":"2013-11-18T00:27:13+00:00","dateModified":"2013-11-18T00:48:55+00:00","mainEntityOfPage":{"@id":"https:\/\/informelitoral.com.ar\/ramirez-karen-catalano-es-la-flamante-reina-de-la-fiesta-provincial-de-la-juventud\/"},"wordCount":304,"commentCount":0,"publisher":{"@id":"https:\/\/informelitoral.com.ar\/#organization"},"image":{"@id":"https:\/\/informelitoral.com.ar\/ramirez-karen-catalano-es-la-flamante-reina-de-la-fiesta-provincial-de-la-juventud\/#primaryimage"},"thumbnailUrl":"http:\/\/www.isletasnoticias.com.ar\/%77%70%2d%63%6f%6e%74%65%6e%74\/uploads\/2013\/11\/karen-catalano-300x300.jpg","articleSection":["Departamento Diamante","Entre R\u00edos","Sociedad"],"inLanguage":"es","potentialAction":[{"@type":"CommentAction","name":"Comment","target":["https:\/\/informelitoral.com.ar\/ramirez-karen-catalano-es-la-flamante-reina-de-la-fiesta-provincial-de-la-juventud\/#respond"]}]},{"@type":"WebPage","@id":"https:\/\/informelitoral.com.ar\/ramirez-karen-catalano-es-la-flamante-reina-de-la-fiesta-provincial-de-la-juventud\/","url":"https:\/\/informelitoral.com.ar\/ramirez-karen-catalano-es-la-flamante-reina-de-la-fiesta-provincial-de-la-juventud\/","name":"Ram\u00edrez: Karen Catalano es la flamante reina de la Fiesta Provincial de la Juventud - Informe Litoral","isPartOf":{"@id":"https:\/\/informelitoral.com.ar\/#website"},"primaryImageOfPage":{"@id":"https:\/\/informelitoral.com.ar\/ramirez-karen-catalano-es-la-flamante-reina-de-la-fiesta-provincial-de-la-juventud\/#primaryimage"},"image":{"@id":"https:\/\/informelitoral.com.ar\/ramirez-karen-catalano-es-la-flamante-reina-de-la-fiesta-provincial-de-la-juventud\/#primaryimage"},"thumbnailUrl":"http:\/\/www.isletasnoticias.com.ar\/%77%70%2d%63%6f%6e%74%65%6e%74\/uploads\/2013\/11\/karen-catalano-300x300.jpg","datePublished":"2013-11-18T00:27:13+00:00","dateModified":"2013-11-18T00:48:55+00:00","breadcrumb":{"@id":"https:\/\/informelitoral.com.ar\/ramirez-karen-catalano-es-la-flamante-reina-de-la-fiesta-provincial-de-la-juventud\/#breadcrumb"},"inLanguage":"es","potentialAction":[{"@type":"ReadAction","target":["https:\/\/informelitoral.com.ar\/ramirez-karen-catalano-es-la-flamante-reina-de-la-fiesta-provincial-de-la-juventud\/"]}]},{"@type":"ImageObject","inLanguage":"es","@id":"https:\/\/informelitoral.com.ar\/ramirez-karen-catalano-es-la-flamante-reina-de-la-fiesta-provincial-de-la-juventud\/#primaryimage","url":"http:\/\/www.isletasnoticias.com.ar\/%77%70%2d%63%6f%6e%74%65%6e%74\/uploads\/2013\/11\/karen-catalano-300x300.jpg","contentUrl":"http:\/\/www.isletasnoticias.com.ar\/%77%70%2d%63%6f%6e%74%65%6e%74\/uploads\/2013\/11\/karen-catalano-300x300.jpg"},{"@type":"BreadcrumbList","@id":"https:\/\/informelitoral.com.ar\/ramirez-karen-catalano-es-la-flamante-reina-de-la-fiesta-provincial-de-la-juventud\/#breadcrumb","itemListElement":[{"@type":"ListItem","position":1,"name":"Portada","item":"https:\/\/informelitoral.com.ar\/"},{"@type":"ListItem","position":2,"name":"Ram\u00edrez: Karen Catalano es la flamante reina de la Fiesta Provincial de la Juventud"}]},{"@type":"WebSite","@id":"https:\/\/informelitoral.com.ar\/#website","url":"https:\/\/informelitoral.com.ar\/","name":"Informe Litoral","description":"&quot;Nos informamos&quot; ","publisher":{"@id":"https:\/\/informelitoral.com.ar\/#organization"},"potentialAction":[{"@type":"SearchAction","target":{"@type":"EntryPoint","urlTemplate":"https:\/\/informelitoral.com.ar\/?s={search_term_string}"},"query-input":{"@type":"PropertyValueSpecification","valueRequired":true,"valueName":"search_term_string"}}],"inLanguage":"es"},{"@type":"Organization","@id":"https:\/\/informelitoral.com.ar\/#organization","name":"Informe Litoral","url":"https:\/\/informelitoral.com.ar\/","logo":{"@type":"ImageObject","inLanguage":"es","@id":"https:\/\/informelitoral.com.ar\/#\/schema\/logo\/image\/","url":"https:\/\/informelitoral.com.ar\/%77%70%2d%63%6f%6e%74%65%6e%74\/uploads\/2021\/01\/circulo.png","contentUrl":"https:\/\/informelitoral.com.ar\/%77%70%2d%63%6f%6e%74%65%6e%74\/uploads\/2021\/01\/circulo.png","width":723,"height":731,"caption":"Informe Litoral"},"image":{"@id":"https:\/\/informelitoral.com.ar\/#\/schema\/logo\/image\/"},"sameAs":["https:\/\/www.facebook.com\/informelitoral\/","https:\/\/x.com\/InformeLitoral","https:\/\/www.instagram.com\/informelitoral\/","https:\/\/www.youtube.com\/channel\/UCua4Qvz8Icb6MYqhoq9xLXw"]},{"@type":"Person","@id":"https:\/\/informelitoral.com.ar\/#\/schema\/person\/b9d00407c836482871ef1d57bf8e3180","name":"Gonzalo Schmidt","image":{"@type":"ImageObject","inLanguage":"es","@id":"https:\/\/secure.gravatar.com\/avatar\/31a1a7b66ff2de83bd0e9fd79d026630d2d99e55e8bfe501287647b4fd9743de?s=96&d=mm&r=g","url":"https:\/\/secure.gravatar.com\/avatar\/31a1a7b66ff2de83bd0e9fd79d026630d2d99e55e8bfe501287647b4fd9743de?s=96&d=mm&r=g","contentUrl":"https:\/\/secure.gravatar.com\/avatar\/31a1a7b66ff2de83bd0e9fd79d026630d2d99e55e8bfe501287647b4fd9743de?s=96&d=mm&r=g","caption":"Gonzalo Schmidt"},"description":"Sitio web de noticias de la provincia de Entre R\u00edos, Argentina. Informaci\u00f3n y entretenimiento. Informe Litoral, nos informamos.","sameAs":["http:\/\/www.isletasnoticias.com.ar"],"url":"https:\/\/informelitoral.com.ar\/author\/gonzalo\/"}]}},"_links":{"self":[{"href":"https:\/\/informelitoral.com.ar\/%77%70%2d%6a%73%6f%6e\/wp\/v2\/posts\/4287","targetHints":{"allow":["GET"]}}],"collection":[{"href":"https:\/\/informelitoral.com.ar\/%77%70%2d%6a%73%6f%6e\/wp\/v2\/posts"}],"about":[{"href":"https:\/\/informelitoral.com.ar\/%77%70%2d%6a%73%6f%6e\/wp\/v2\/types\/post"}],"author":[{"embeddable":true,"href":"https:\/\/informelitoral.com.ar\/%77%70%2d%6a%73%6f%6e\/wp\/v2\/users\/2"}],"replies":[{"embeddable":true,"href":"https:\/\/informelitoral.com.ar\/%77%70%2d%6a%73%6f%6e\/wp\/v2\/comments?post=4287"}],"version-history":[{"count":0,"href":"https:\/\/informelitoral.com.ar\/%77%70%2d%6a%73%6f%6e\/wp\/v2\/posts\/4287\/revisions"}],"wp:attachment":[{"href":"https:\/\/informelitoral.com.ar\/%77%70%2d%6a%73%6f%6e\/wp\/v2\/media?parent=4287"}],"wp:term":[{"taxonomy":"category","embeddable":true,"href":"https:\/\/informelitoral.com.ar\/%77%70%2d%6a%73%6f%6e\/wp\/v2\/categories?post=4287"},{"taxonomy":"post_tag","embeddable":true,"href":"https:\/\/informelitoral.com.ar\/%77%70%2d%6a%73%6f%6e\/wp\/v2\/tags?post=4287"}],"curies":[{"name":"wp","href":"https:\/\/api.w.org\/{rel}","templated":true}]}}