{"id":42832,"date":"2020-05-07T07:38:39","date_gmt":"2020-05-07T10:38:39","guid":{"rendered":"https:\/\/www.isletasnoticias.com.ar\/?p=42832"},"modified":"2020-05-07T07:38:39","modified_gmt":"2020-05-07T10:38:39","slug":"se-reactivaron-los-puertos-entrerrianos-con-un-estricto-protocolo-sanitario","status":"publish","type":"post","link":"https:\/\/informelitoral.com.ar\/se-reactivaron-los-puertos-entrerrianos-con-un-estricto-protocolo-sanitario\/","title":{"rendered":"Se reactivaron los puertos entrerrianos con un \u00abestricto protocolo sanitario\u00bb"},"content":{"rendered":"<p>Son m\u00e1s de 100 operarios los que trabajan en este embarque, y la provincia cumple un estricto protocolo sanitario que fue tomado como modelo en todo el pa\u00eds. \u00abSe trabaja con otros operadores para retomar a pleno con el sistema portuario\u00bb, sostuvo Bordet.<\/p>\n<p><a href=\"https:\/\/www.isletasnoticias.com.ar\/%77%70%2d%63%6f%6e%74%65%6e%74\/uploads\/2020\/05\/x_1588782738.jpg\"><img loading=\"lazy\" decoding=\"async\" class=\"aligncenter wp-image-42835 size-large\" src=\"https:\/\/www.isletasnoticias.com.ar\/%77%70%2d%63%6f%6e%74%65%6e%74\/uploads\/2020\/05\/x_1588782738-1024x683.jpg\" alt=\"\" width=\"696\" height=\"464\" srcset=\"https:\/\/informelitoral.com.ar\/%77%70%2d%63%6f%6e%74%65%6e%74\/uploads\/2020\/05\/x_1588782738-1024x683.jpg 1024w, https:\/\/informelitoral.com.ar\/%77%70%2d%63%6f%6e%74%65%6e%74\/uploads\/2020\/05\/x_1588782738-300x200.jpg 300w, https:\/\/informelitoral.com.ar\/%77%70%2d%63%6f%6e%74%65%6e%74\/uploads\/2020\/05\/x_1588782738-768x512.jpg 768w, https:\/\/informelitoral.com.ar\/%77%70%2d%63%6f%6e%74%65%6e%74\/uploads\/2020\/05\/x_1588782738-1536x1024.jpg 1536w, https:\/\/informelitoral.com.ar\/%77%70%2d%63%6f%6e%74%65%6e%74\/uploads\/2020\/05\/x_1588782738-696x464.jpg 696w, https:\/\/informelitoral.com.ar\/%77%70%2d%63%6f%6e%74%65%6e%74\/uploads\/2020\/05\/x_1588782738-1068x712.jpg 1068w, https:\/\/informelitoral.com.ar\/%77%70%2d%63%6f%6e%74%65%6e%74\/uploads\/2020\/05\/x_1588782738-630x420.jpg 630w, https:\/\/informelitoral.com.ar\/%77%70%2d%63%6f%6e%74%65%6e%74\/uploads\/2020\/05\/x_1588782738.jpg 1920w\" sizes=\"auto, (max-width: 696px) 100vw, 696px\" \/><\/a>El gobernador <strong>Gustavo Bordet<\/strong> asegur\u00f3 que \u00abes muy importante darle continuidad a la actividad portuaria. Algo que nos planteamos como ejes de gesti\u00f3n. Esto significa generar trabajos en lugares como en Ibicuy que siempre hay expectativas en la apertura de puertos. <strong>Hemos hecho un trabajo intenso y hoy estamos saliendo a China con rollizos de pino a granel. Se est\u00e1 programando otros tipos de embarques con arroz para este a\u00f1o\u00bb,<\/strong> adelant\u00f3.<\/p>\n<p>Coment\u00f3 luego que \u00abse trabaj\u00f3 con otros operadores para poner a full todo lo que es el sistema portuario, integrado por<strong> Concepci\u00f3n del Uruguay y Ibicuy.<\/strong> <strong>Lo importante es esta madera que vienen de Corrientes en tren, y tambi\u00e9n se habilita el ramal que llega hasta Holt Ibicuy. Esto genera una actividad complementaria. El ramal llegar\u00e1 directo desde Posada con posibilidad de hacer carga en Paraguay.<\/strong> Esto amplia mucho m\u00e1s el horizonte\u00bb, asegur\u00f3 el mandatario.<\/p>\n<p><a href=\"https:\/\/www.isletasnoticias.com.ar\/%77%70%2d%63%6f%6e%74%65%6e%74\/uploads\/2020\/05\/x_1588782688.jpg\"><img loading=\"lazy\" decoding=\"async\" class=\"aligncenter wp-image-42834 size-large\" src=\"https:\/\/www.isletasnoticias.com.ar\/%77%70%2d%63%6f%6e%74%65%6e%74\/uploads\/2020\/05\/x_1588782688-1024x683.jpg\" alt=\"\" width=\"696\" height=\"464\" srcset=\"https:\/\/informelitoral.com.ar\/%77%70%2d%63%6f%6e%74%65%6e%74\/uploads\/2020\/05\/x_1588782688-1024x683.jpg 1024w, https:\/\/informelitoral.com.ar\/%77%70%2d%63%6f%6e%74%65%6e%74\/uploads\/2020\/05\/x_1588782688-300x200.jpg 300w, https:\/\/informelitoral.com.ar\/%77%70%2d%63%6f%6e%74%65%6e%74\/uploads\/2020\/05\/x_1588782688-768x512.jpg 768w, https:\/\/informelitoral.com.ar\/%77%70%2d%63%6f%6e%74%65%6e%74\/uploads\/2020\/05\/x_1588782688-1536x1024.jpg 1536w, https:\/\/informelitoral.com.ar\/%77%70%2d%63%6f%6e%74%65%6e%74\/uploads\/2020\/05\/x_1588782688-696x464.jpg 696w, https:\/\/informelitoral.com.ar\/%77%70%2d%63%6f%6e%74%65%6e%74\/uploads\/2020\/05\/x_1588782688-1068x712.jpg 1068w, https:\/\/informelitoral.com.ar\/%77%70%2d%63%6f%6e%74%65%6e%74\/uploads\/2020\/05\/x_1588782688-630x420.jpg 630w, https:\/\/informelitoral.com.ar\/%77%70%2d%63%6f%6e%74%65%6e%74\/uploads\/2020\/05\/x_1588782688.jpg 1920w\" sizes=\"auto, (max-width: 696px) 100vw, 696px\" \/><\/a>\u201cEstoy muy satisfecho porque hoy aqu\u00ed hay <strong>cerca de 100 operarios que trabajan en el puerto<\/strong> y en un momento complejo es una gran ayuda\u00bb, remarc\u00f3.<\/p>\n<p>En cuanto al protocolo que se implementa, Bordet precis\u00f3 que \u00ab<strong>hay un protocolo muy estricto en puertos que se establece de manera precisa para cada persona que ingresa y que tiene que cumplir absolutamente con todas las normas de seguridad y de higiene por la pandemia que estamos viviendo\u00bb<\/strong>. Record\u00f3 luego que el protocolo que aplica Entre R\u00edos fue tomado como modelo para otros lugares del pa\u00eds.<\/p>\n<p>Por su parte, el intendente de Ibicuy, <strong>Gustavo Roldan<\/strong>, destac\u00f3 la posibilidad de seguir trabajando en algunas actividades a pesar de la pandemia. \u00abCelebro la decisi\u00f3n del gobernador de llevar a cabo estas actividades y de darle al puerto de Ibicuy la importancia que tantos a\u00f1os hemos esperado, al igual que el senador Daniel Olano que se preocup\u00f3 por este tema\u00bb, sostuvo.<\/p>\n<p>En tanto, el senador <strong>Daniel Olano<\/strong> destac\u00f3 que esta actividad nos da tranquilidad y previsibilidad hacia el futuro. \u00abSe sigui\u00f3 trabajando y hemos cumplido el protocolo que dispuso el COES. No hemos tenido problema ni en Concepci\u00f3n del Uruguay ni en Ibicuy. Los intendentes han puesto lo suyo para lo que es el control en todo el departamento para que no haya casos y se lleve tranquilidad a las familias que se puede trabajar porque est\u00e1n dadas las condiciones de seguridad\u00bb, remarc\u00f3.<\/p>\n<p>Por \u00faltimo, el legislador indic\u00f3 que la tripulaci\u00f3n del barco no desciende a tierra. \u00abNadie sube ni nadie baja. Esa es otra garant\u00eda que le damos a la poblaci\u00f3n\u00bb, concluy\u00f3.<\/p>\n<p><a href=\"https:\/\/www.isletasnoticias.com.ar\/%77%70%2d%63%6f%6e%74%65%6e%74\/uploads\/2020\/05\/x_1588782649.jpg\"><img loading=\"lazy\" decoding=\"async\" class=\"aligncenter wp-image-42833 size-large\" src=\"https:\/\/www.isletasnoticias.com.ar\/%77%70%2d%63%6f%6e%74%65%6e%74\/uploads\/2020\/05\/x_1588782649-1024x683.jpg\" alt=\"\" width=\"696\" height=\"464\" srcset=\"https:\/\/informelitoral.com.ar\/%77%70%2d%63%6f%6e%74%65%6e%74\/uploads\/2020\/05\/x_1588782649-1024x683.jpg 1024w, https:\/\/informelitoral.com.ar\/%77%70%2d%63%6f%6e%74%65%6e%74\/uploads\/2020\/05\/x_1588782649-300x200.jpg 300w, https:\/\/informelitoral.com.ar\/%77%70%2d%63%6f%6e%74%65%6e%74\/uploads\/2020\/05\/x_1588782649-768x512.jpg 768w, https:\/\/informelitoral.com.ar\/%77%70%2d%63%6f%6e%74%65%6e%74\/uploads\/2020\/05\/x_1588782649-1536x1024.jpg 1536w, https:\/\/informelitoral.com.ar\/%77%70%2d%63%6f%6e%74%65%6e%74\/uploads\/2020\/05\/x_1588782649-696x464.jpg 696w, https:\/\/informelitoral.com.ar\/%77%70%2d%63%6f%6e%74%65%6e%74\/uploads\/2020\/05\/x_1588782649-1068x712.jpg 1068w, https:\/\/informelitoral.com.ar\/%77%70%2d%63%6f%6e%74%65%6e%74\/uploads\/2020\/05\/x_1588782649-630x420.jpg 630w, https:\/\/informelitoral.com.ar\/%77%70%2d%63%6f%6e%74%65%6e%74\/uploads\/2020\/05\/x_1588782649.jpg 1920w\" sizes=\"auto, (max-width: 696px) 100vw, 696px\" \/><\/a>Presenciaron la carga en el Puerto de Ibicuy el gobernador Gustavo Bordet, junto al intendente de Ibicuy, <strong>Gustavo Roldan<\/strong>; el ministro de Producci\u00f3n, <strong>Juan Jose Bahillo<\/strong>; los legisladores <strong>Daniel Olano<\/strong> y <strong>Mart\u00edn Anguiano<\/strong>; el subsecretario de Puertos y V\u00edas Navegables de la Naci\u00f3n,<strong> Leonardo Cabrera<\/strong>; el director Puerto Ibicuy, <strong>Natalio Gerdaux<\/strong>; y el coordinador general del Ipper y OPIP del Puerto Ibicuy,<strong> Mario Serpa<\/strong>. Luego el mandatario recorri\u00f3 las 14 viviendas que est\u00e1 realizando en Ibicuy la provincia con recursos propios a trav\u00e9s del Instituto Aut\u00e1rquico de Planeamiento y Vivienda (IAPV).<\/p>\n<p><strong>Carga<\/strong><br \/>\nEl pa\u00eds de origen del barco es Nueva Zelanda y parti\u00f3 el 9 de abril vac\u00edo. Estuvo en Concepci\u00f3n del Uruguay y carg\u00f3 18.600 toneladas. En Puerto Ibicuy se completar\u00e1 con 34.000 toneladas m\u00e1s de rollizo de pino a granel con destino a China. Los rollizos provienen de Entre R\u00edos y Corrientes, y llegan al Puerto Ibicuy por tren con los recaudos tambi\u00e9n estipulados en el protocolo.<\/p>\n<p><strong>El protocolo<\/strong><br \/>\nEl protocolo Covid 19 que contempla directivas establecidas por el Ministerio de Transporte, a trav\u00e9s de la Subsecretar\u00eda de Puertos y V\u00edas Navegables. Las directivas incluyen medidas sanitarias y de higiene para preservar la salud de los operarios y los que ingresar a realizar actividades al puerto. Las medidas son la toma de temperatura por parte del Servicio de Enfermer\u00eda que se implement\u00f3; lavado de manos y la colocaci\u00f3n de barbijo y guantes de latex.<\/p>\n<p><strong>Viviendas<\/strong><br \/>\nTras la visita al puerto, el mandatario recorri\u00f3 las 14 viviendas que se est\u00e1n construyendo en Ibicuy en el marco del Programa Primero tu casa que se financian 100 por ciento con recursos provinciales. Las mismas ya est\u00e1n finalizadas. Tuvieron una inversi\u00f3n superior a los 12 millones de pesos y las ejecut\u00f3 la empresa entrerriana El S\u00faper de la Construcci\u00f3n.<\/p>\n<div class=\"youtube-embed\" data-video_id=\"VwV5xj--7Q0\"><iframe loading=\"lazy\" title=\"Se reactiv\u00f3 el sistema integrado de puertos con un estricto protocolo sanitario\" width=\"696\" height=\"392\" src=\"https:\/\/www.youtube.com\/embed\/VwV5xj--7Q0?feature=oembed&#038;enablejsapi=1\" frameborder=\"0\" allow=\"accelerometer; autoplay; encrypted-media; gyroscope; picture-in-picture\" allowfullscreen><\/iframe><\/div>\n","protected":false},"excerpt":{"rendered":"<p>El gobernador Gustavo Bordet estuvo el mi\u00e9rcoles en el Puerto de Ibicuy donde una embarcaci\u00f3n con destino a China carga m\u00e1s de 50.000 toneladas de madera proveniente de Entre R\u00edos y Corrientes.<\/p>\n","protected":false},"author":2,"featured_media":42836,"comment_status":"open","ping_status":"open","sticky":false,"template":"","format":"standard","meta":{"fifu_image_url":"","fifu_image_alt":"","footnotes":""},"categories":[6],"tags":[81,259,167,120,952,121],"class_list":{"0":"post-42832","1":"post","2":"type-post","3":"status-publish","4":"format-standard","5":"has-post-thumbnail","7":"category-entre-rios","8":"tag-entre-rios","9":"tag-exportacion","10":"tag-gustavo-bordet","11":"tag-produccion","12":"tag-puerto-ibicuy","13":"tag-puertos"},"yoast_head":"<title>Se reactivaron los puertos entrerrianos con un &quot;estricto protocolo sanitario&quot; - Informe Litoral<\/title>\n<meta name=\"robots\" content=\"index, follow, max-snippet:-1, max-image-preview:large, max-video-preview:-1\" \/>\n<link rel=\"canonical\" href=\"https:\/\/informelitoral.com.ar\/se-reactivaron-los-puertos-entrerrianos-con-un-estricto-protocolo-sanitario\/\" \/>\n<meta property=\"og:locale\" content=\"es_ES\" \/>\n<meta property=\"og:type\" content=\"article\" \/>\n<meta property=\"og:title\" content=\"Se reactivaron los puertos entrerrianos con un &quot;estricto protocolo sanitario&quot; - Informe Litoral\" \/>\n<meta property=\"og:description\" content=\"El gobernador Gustavo Bordet estuvo el mi\u00e9rcoles en el Puerto de Ibicuy donde una embarcaci\u00f3n con destino a China carga m\u00e1s de 50.000 toneladas de madera proveniente de Entre R\u00edos y Corrientes.\" \/>\n<meta property=\"og:url\" content=\"https:\/\/informelitoral.com.ar\/se-reactivaron-los-puertos-entrerrianos-con-un-estricto-protocolo-sanitario\/\" \/>\n<meta property=\"og:site_name\" content=\"Informe Litoral\" \/>\n<meta property=\"article:publisher\" content=\"https:\/\/www.facebook.com\/informelitoral\/\" \/>\n<meta property=\"article:published_time\" content=\"2020-05-07T10:38:39+00:00\" \/>\n<meta property=\"og:image\" content=\"https:\/\/informelitoral.com.ar\/%77%70%2d%63%6f%6e%74%65%6e%74\/uploads\/2020\/05\/x_1588782778.jpg\" \/>\n\t<meta property=\"og:image:width\" content=\"1920\" \/>\n\t<meta property=\"og:image:height\" content=\"1280\" \/>\n\t<meta property=\"og:image:type\" content=\"image\/jpeg\" \/>\n<meta name=\"author\" content=\"Gonzalo Schmidt\" \/>\n<meta name=\"twitter:card\" content=\"summary_large_image\" \/>\n<meta name=\"twitter:creator\" content=\"@InformeLitoral\" \/>\n<meta name=\"twitter:site\" content=\"@InformeLitoral\" \/>\n<meta name=\"twitter:label1\" content=\"Escrito por\" \/>\n\t<meta name=\"twitter:data1\" content=\"Gonzalo Schmidt\" \/>\n\t<meta name=\"twitter:label2\" content=\"Tiempo de lectura\" \/>\n\t<meta name=\"twitter:data2\" content=\"4 minutos\" \/>\n<script type=\"application\/ld+json\" class=\"yoast-schema-graph\">{\"@context\":\"https:\\\/\\\/schema.org\",\"@graph\":[{\"@type\":\"Article\",\"@id\":\"https:\\\/\\\/informelitoral.com.ar\\\/se-reactivaron-los-puertos-entrerrianos-con-un-estricto-protocolo-sanitario\\\/#article\",\"isPartOf\":{\"@id\":\"https:\\\/\\\/informelitoral.com.ar\\\/se-reactivaron-los-puertos-entrerrianos-con-un-estricto-protocolo-sanitario\\\/\"},\"author\":{\"name\":\"Gonzalo Schmidt\",\"@id\":\"https:\\\/\\\/informelitoral.com.ar\\\/#\\\/schema\\\/person\\\/b9d00407c836482871ef1d57bf8e3180\"},\"headline\":\"Se reactivaron los puertos entrerrianos con un \u00abestricto protocolo sanitario\u00bb\",\"datePublished\":\"2020-05-07T10:38:39+00:00\",\"mainEntityOfPage\":{\"@id\":\"https:\\\/\\\/informelitoral.com.ar\\\/se-reactivaron-los-puertos-entrerrianos-con-un-estricto-protocolo-sanitario\\\/\"},\"wordCount\":800,\"commentCount\":0,\"publisher\":{\"@id\":\"https:\\\/\\\/informelitoral.com.ar\\\/#organization\"},\"image\":{\"@id\":\"https:\\\/\\\/informelitoral.com.ar\\\/se-reactivaron-los-puertos-entrerrianos-con-un-estricto-protocolo-sanitario\\\/#primaryimage\"},\"thumbnailUrl\":\"https:\\\/\\\/informelitoral.com.ar\\\/%77%70%2d%63%6f%6e%74%65%6e%74\\\/uploads\\\/2020\\\/05\\\/x_1588782778.jpg\",\"keywords\":[\"Entre R\u00edos\",\"Exportaci\u00f3n\",\"Gustavo Bordet\",\"Producci\u00f3n\",\"Puerto Ibicuy\",\"Puertos\"],\"articleSection\":[\"Entre R\u00edos\"],\"inLanguage\":\"es\",\"potentialAction\":[{\"@type\":\"CommentAction\",\"name\":\"Comment\",\"target\":[\"https:\\\/\\\/informelitoral.com.ar\\\/se-reactivaron-los-puertos-entrerrianos-con-un-estricto-protocolo-sanitario\\\/#respond\"]}]},{\"@type\":\"WebPage\",\"@id\":\"https:\\\/\\\/informelitoral.com.ar\\\/se-reactivaron-los-puertos-entrerrianos-con-un-estricto-protocolo-sanitario\\\/\",\"url\":\"https:\\\/\\\/informelitoral.com.ar\\\/se-reactivaron-los-puertos-entrerrianos-con-un-estricto-protocolo-sanitario\\\/\",\"name\":\"Se reactivaron los puertos entrerrianos con un \\\"estricto protocolo sanitario\\\" - Informe Litoral\",\"isPartOf\":{\"@id\":\"https:\\\/\\\/informelitoral.com.ar\\\/#website\"},\"primaryImageOfPage\":{\"@id\":\"https:\\\/\\\/informelitoral.com.ar\\\/se-reactivaron-los-puertos-entrerrianos-con-un-estricto-protocolo-sanitario\\\/#primaryimage\"},\"image\":{\"@id\":\"https:\\\/\\\/informelitoral.com.ar\\\/se-reactivaron-los-puertos-entrerrianos-con-un-estricto-protocolo-sanitario\\\/#primaryimage\"},\"thumbnailUrl\":\"https:\\\/\\\/informelitoral.com.ar\\\/%77%70%2d%63%6f%6e%74%65%6e%74\\\/uploads\\\/2020\\\/05\\\/x_1588782778.jpg\",\"datePublished\":\"2020-05-07T10:38:39+00:00\",\"breadcrumb\":{\"@id\":\"https:\\\/\\\/informelitoral.com.ar\\\/se-reactivaron-los-puertos-entrerrianos-con-un-estricto-protocolo-sanitario\\\/#breadcrumb\"},\"inLanguage\":\"es\",\"potentialAction\":[{\"@type\":\"ReadAction\",\"target\":[\"https:\\\/\\\/informelitoral.com.ar\\\/se-reactivaron-los-puertos-entrerrianos-con-un-estricto-protocolo-sanitario\\\/\"]}]},{\"@type\":\"ImageObject\",\"inLanguage\":\"es\",\"@id\":\"https:\\\/\\\/informelitoral.com.ar\\\/se-reactivaron-los-puertos-entrerrianos-con-un-estricto-protocolo-sanitario\\\/#primaryimage\",\"url\":\"https:\\\/\\\/informelitoral.com.ar\\\/%77%70%2d%63%6f%6e%74%65%6e%74\\\/uploads\\\/2020\\\/05\\\/x_1588782778.jpg\",\"contentUrl\":\"https:\\\/\\\/informelitoral.com.ar\\\/%77%70%2d%63%6f%6e%74%65%6e%74\\\/uploads\\\/2020\\\/05\\\/x_1588782778.jpg\",\"width\":1920,\"height\":1280},{\"@type\":\"BreadcrumbList\",\"@id\":\"https:\\\/\\\/informelitoral.com.ar\\\/se-reactivaron-los-puertos-entrerrianos-con-un-estricto-protocolo-sanitario\\\/#breadcrumb\",\"itemListElement\":[{\"@type\":\"ListItem\",\"position\":1,\"name\":\"Portada\",\"item\":\"https:\\\/\\\/informelitoral.com.ar\\\/\"},{\"@type\":\"ListItem\",\"position\":2,\"name\":\"Se reactivaron los puertos entrerrianos con un \u00abestricto protocolo sanitario\u00bb\"}]},{\"@type\":\"WebSite\",\"@id\":\"https:\\\/\\\/informelitoral.com.ar\\\/#website\",\"url\":\"https:\\\/\\\/informelitoral.com.ar\\\/\",\"name\":\"Informe Litoral\",\"description\":\"&quot;Nos informamos&quot; \",\"publisher\":{\"@id\":\"https:\\\/\\\/informelitoral.com.ar\\\/#organization\"},\"potentialAction\":[{\"@type\":\"SearchAction\",\"target\":{\"@type\":\"EntryPoint\",\"urlTemplate\":\"https:\\\/\\\/informelitoral.com.ar\\\/?s={search_term_string}\"},\"query-input\":{\"@type\":\"PropertyValueSpecification\",\"valueRequired\":true,\"valueName\":\"search_term_string\"}}],\"inLanguage\":\"es\"},{\"@type\":\"Organization\",\"@id\":\"https:\\\/\\\/informelitoral.com.ar\\\/#organization\",\"name\":\"Informe Litoral\",\"url\":\"https:\\\/\\\/informelitoral.com.ar\\\/\",\"logo\":{\"@type\":\"ImageObject\",\"inLanguage\":\"es\",\"@id\":\"https:\\\/\\\/informelitoral.com.ar\\\/#\\\/schema\\\/logo\\\/image\\\/\",\"url\":\"https:\\\/\\\/informelitoral.com.ar\\\/%77%70%2d%63%6f%6e%74%65%6e%74\\\/uploads\\\/2021\\\/01\\\/circulo.png\",\"contentUrl\":\"https:\\\/\\\/informelitoral.com.ar\\\/%77%70%2d%63%6f%6e%74%65%6e%74\\\/uploads\\\/2021\\\/01\\\/circulo.png\",\"width\":723,\"height\":731,\"caption\":\"Informe Litoral\"},\"image\":{\"@id\":\"https:\\\/\\\/informelitoral.com.ar\\\/#\\\/schema\\\/logo\\\/image\\\/\"},\"sameAs\":[\"https:\\\/\\\/www.facebook.com\\\/informelitoral\\\/\",\"https:\\\/\\\/x.com\\\/InformeLitoral\",\"https:\\\/\\\/www.instagram.com\\\/informelitoral\\\/\",\"https:\\\/\\\/www.youtube.com\\\/channel\\\/UCua4Qvz8Icb6MYqhoq9xLXw\"]},{\"@type\":\"Person\",\"@id\":\"https:\\\/\\\/informelitoral.com.ar\\\/#\\\/schema\\\/person\\\/b9d00407c836482871ef1d57bf8e3180\",\"name\":\"Gonzalo Schmidt\",\"image\":{\"@type\":\"ImageObject\",\"inLanguage\":\"es\",\"@id\":\"https:\\\/\\\/secure.gravatar.com\\\/avatar\\\/31a1a7b66ff2de83bd0e9fd79d026630d2d99e55e8bfe501287647b4fd9743de?s=96&d=mm&r=g\",\"url\":\"https:\\\/\\\/secure.gravatar.com\\\/avatar\\\/31a1a7b66ff2de83bd0e9fd79d026630d2d99e55e8bfe501287647b4fd9743de?s=96&d=mm&r=g\",\"contentUrl\":\"https:\\\/\\\/secure.gravatar.com\\\/avatar\\\/31a1a7b66ff2de83bd0e9fd79d026630d2d99e55e8bfe501287647b4fd9743de?s=96&d=mm&r=g\",\"caption\":\"Gonzalo Schmidt\"},\"description\":\"Sitio web de noticias de la provincia de Entre R\u00edos, Argentina. Informaci\u00f3n y entretenimiento. Informe Litoral, nos informamos.\",\"sameAs\":[\"http:\\\/\\\/www.isletasnoticias.com.ar\"],\"url\":\"https:\\\/\\\/informelitoral.com.ar\\\/author\\\/gonzalo\\\/\"}]}<\/script>","yoast_head_json":{"title":"Se reactivaron los puertos entrerrianos con un \"estricto protocolo sanitario\" - Informe Litoral","robots":{"index":"index","follow":"follow","max-snippet":"max-snippet:-1","max-image-preview":"max-image-preview:large","max-video-preview":"max-video-preview:-1"},"canonical":"https:\/\/informelitoral.com.ar\/se-reactivaron-los-puertos-entrerrianos-con-un-estricto-protocolo-sanitario\/","og_locale":"es_ES","og_type":"article","og_title":"Se reactivaron los puertos entrerrianos con un \"estricto protocolo sanitario\" - Informe Litoral","og_description":"El gobernador Gustavo Bordet estuvo el mi\u00e9rcoles en el Puerto de Ibicuy donde una embarcaci\u00f3n con destino a China carga m\u00e1s de 50.000 toneladas de madera proveniente de Entre R\u00edos y Corrientes.","og_url":"https:\/\/informelitoral.com.ar\/se-reactivaron-los-puertos-entrerrianos-con-un-estricto-protocolo-sanitario\/","og_site_name":"Informe Litoral","article_publisher":"https:\/\/www.facebook.com\/informelitoral\/","article_published_time":"2020-05-07T10:38:39+00:00","og_image":[{"width":1920,"height":1280,"url":"https:\/\/informelitoral.com.ar\/%77%70%2d%63%6f%6e%74%65%6e%74\/uploads\/2020\/05\/x_1588782778.jpg","type":"image\/jpeg"}],"author":"Gonzalo Schmidt","twitter_card":"summary_large_image","twitter_creator":"@InformeLitoral","twitter_site":"@InformeLitoral","twitter_misc":{"Escrito por":"Gonzalo Schmidt","Tiempo de lectura":"4 minutos"},"schema":{"@context":"https:\/\/schema.org","@graph":[{"@type":"Article","@id":"https:\/\/informelitoral.com.ar\/se-reactivaron-los-puertos-entrerrianos-con-un-estricto-protocolo-sanitario\/#article","isPartOf":{"@id":"https:\/\/informelitoral.com.ar\/se-reactivaron-los-puertos-entrerrianos-con-un-estricto-protocolo-sanitario\/"},"author":{"name":"Gonzalo Schmidt","@id":"https:\/\/informelitoral.com.ar\/#\/schema\/person\/b9d00407c836482871ef1d57bf8e3180"},"headline":"Se reactivaron los puertos entrerrianos con un \u00abestricto protocolo sanitario\u00bb","datePublished":"2020-05-07T10:38:39+00:00","mainEntityOfPage":{"@id":"https:\/\/informelitoral.com.ar\/se-reactivaron-los-puertos-entrerrianos-con-un-estricto-protocolo-sanitario\/"},"wordCount":800,"commentCount":0,"publisher":{"@id":"https:\/\/informelitoral.com.ar\/#organization"},"image":{"@id":"https:\/\/informelitoral.com.ar\/se-reactivaron-los-puertos-entrerrianos-con-un-estricto-protocolo-sanitario\/#primaryimage"},"thumbnailUrl":"https:\/\/informelitoral.com.ar\/%77%70%2d%63%6f%6e%74%65%6e%74\/uploads\/2020\/05\/x_1588782778.jpg","keywords":["Entre R\u00edos","Exportaci\u00f3n","Gustavo Bordet","Producci\u00f3n","Puerto Ibicuy","Puertos"],"articleSection":["Entre R\u00edos"],"inLanguage":"es","potentialAction":[{"@type":"CommentAction","name":"Comment","target":["https:\/\/informelitoral.com.ar\/se-reactivaron-los-puertos-entrerrianos-con-un-estricto-protocolo-sanitario\/#respond"]}]},{"@type":"WebPage","@id":"https:\/\/informelitoral.com.ar\/se-reactivaron-los-puertos-entrerrianos-con-un-estricto-protocolo-sanitario\/","url":"https:\/\/informelitoral.com.ar\/se-reactivaron-los-puertos-entrerrianos-con-un-estricto-protocolo-sanitario\/","name":"Se reactivaron los puertos entrerrianos con un \"estricto protocolo sanitario\" - Informe Litoral","isPartOf":{"@id":"https:\/\/informelitoral.com.ar\/#website"},"primaryImageOfPage":{"@id":"https:\/\/informelitoral.com.ar\/se-reactivaron-los-puertos-entrerrianos-con-un-estricto-protocolo-sanitario\/#primaryimage"},"image":{"@id":"https:\/\/informelitoral.com.ar\/se-reactivaron-los-puertos-entrerrianos-con-un-estricto-protocolo-sanitario\/#primaryimage"},"thumbnailUrl":"https:\/\/informelitoral.com.ar\/%77%70%2d%63%6f%6e%74%65%6e%74\/uploads\/2020\/05\/x_1588782778.jpg","datePublished":"2020-05-07T10:38:39+00:00","breadcrumb":{"@id":"https:\/\/informelitoral.com.ar\/se-reactivaron-los-puertos-entrerrianos-con-un-estricto-protocolo-sanitario\/#breadcrumb"},"inLanguage":"es","potentialAction":[{"@type":"ReadAction","target":["https:\/\/informelitoral.com.ar\/se-reactivaron-los-puertos-entrerrianos-con-un-estricto-protocolo-sanitario\/"]}]},{"@type":"ImageObject","inLanguage":"es","@id":"https:\/\/informelitoral.com.ar\/se-reactivaron-los-puertos-entrerrianos-con-un-estricto-protocolo-sanitario\/#primaryimage","url":"https:\/\/informelitoral.com.ar\/%77%70%2d%63%6f%6e%74%65%6e%74\/uploads\/2020\/05\/x_1588782778.jpg","contentUrl":"https:\/\/informelitoral.com.ar\/%77%70%2d%63%6f%6e%74%65%6e%74\/uploads\/2020\/05\/x_1588782778.jpg","width":1920,"height":1280},{"@type":"BreadcrumbList","@id":"https:\/\/informelitoral.com.ar\/se-reactivaron-los-puertos-entrerrianos-con-un-estricto-protocolo-sanitario\/#breadcrumb","itemListElement":[{"@type":"ListItem","position":1,"name":"Portada","item":"https:\/\/informelitoral.com.ar\/"},{"@type":"ListItem","position":2,"name":"Se reactivaron los puertos entrerrianos con un \u00abestricto protocolo sanitario\u00bb"}]},{"@type":"WebSite","@id":"https:\/\/informelitoral.com.ar\/#website","url":"https:\/\/informelitoral.com.ar\/","name":"Informe Litoral","description":"&quot;Nos informamos&quot; ","publisher":{"@id":"https:\/\/informelitoral.com.ar\/#organization"},"potentialAction":[{"@type":"SearchAction","target":{"@type":"EntryPoint","urlTemplate":"https:\/\/informelitoral.com.ar\/?s={search_term_string}"},"query-input":{"@type":"PropertyValueSpecification","valueRequired":true,"valueName":"search_term_string"}}],"inLanguage":"es"},{"@type":"Organization","@id":"https:\/\/informelitoral.com.ar\/#organization","name":"Informe Litoral","url":"https:\/\/informelitoral.com.ar\/","logo":{"@type":"ImageObject","inLanguage":"es","@id":"https:\/\/informelitoral.com.ar\/#\/schema\/logo\/image\/","url":"https:\/\/informelitoral.com.ar\/%77%70%2d%63%6f%6e%74%65%6e%74\/uploads\/2021\/01\/circulo.png","contentUrl":"https:\/\/informelitoral.com.ar\/%77%70%2d%63%6f%6e%74%65%6e%74\/uploads\/2021\/01\/circulo.png","width":723,"height":731,"caption":"Informe Litoral"},"image":{"@id":"https:\/\/informelitoral.com.ar\/#\/schema\/logo\/image\/"},"sameAs":["https:\/\/www.facebook.com\/informelitoral\/","https:\/\/x.com\/InformeLitoral","https:\/\/www.instagram.com\/informelitoral\/","https:\/\/www.youtube.com\/channel\/UCua4Qvz8Icb6MYqhoq9xLXw"]},{"@type":"Person","@id":"https:\/\/informelitoral.com.ar\/#\/schema\/person\/b9d00407c836482871ef1d57bf8e3180","name":"Gonzalo Schmidt","image":{"@type":"ImageObject","inLanguage":"es","@id":"https:\/\/secure.gravatar.com\/avatar\/31a1a7b66ff2de83bd0e9fd79d026630d2d99e55e8bfe501287647b4fd9743de?s=96&d=mm&r=g","url":"https:\/\/secure.gravatar.com\/avatar\/31a1a7b66ff2de83bd0e9fd79d026630d2d99e55e8bfe501287647b4fd9743de?s=96&d=mm&r=g","contentUrl":"https:\/\/secure.gravatar.com\/avatar\/31a1a7b66ff2de83bd0e9fd79d026630d2d99e55e8bfe501287647b4fd9743de?s=96&d=mm&r=g","caption":"Gonzalo Schmidt"},"description":"Sitio web de noticias de la provincia de Entre R\u00edos, Argentina. Informaci\u00f3n y entretenimiento. Informe Litoral, nos informamos.","sameAs":["http:\/\/www.isletasnoticias.com.ar"],"url":"https:\/\/informelitoral.com.ar\/author\/gonzalo\/"}]}},"_links":{"self":[{"href":"https:\/\/informelitoral.com.ar\/%77%70%2d%6a%73%6f%6e\/wp\/v2\/posts\/42832","targetHints":{"allow":["GET"]}}],"collection":[{"href":"https:\/\/informelitoral.com.ar\/%77%70%2d%6a%73%6f%6e\/wp\/v2\/posts"}],"about":[{"href":"https:\/\/informelitoral.com.ar\/%77%70%2d%6a%73%6f%6e\/wp\/v2\/types\/post"}],"author":[{"embeddable":true,"href":"https:\/\/informelitoral.com.ar\/%77%70%2d%6a%73%6f%6e\/wp\/v2\/users\/2"}],"replies":[{"embeddable":true,"href":"https:\/\/informelitoral.com.ar\/%77%70%2d%6a%73%6f%6e\/wp\/v2\/comments?post=42832"}],"version-history":[{"count":0,"href":"https:\/\/informelitoral.com.ar\/%77%70%2d%6a%73%6f%6e\/wp\/v2\/posts\/42832\/revisions"}],"wp:featuredmedia":[{"embeddable":true,"href":"https:\/\/informelitoral.com.ar\/%77%70%2d%6a%73%6f%6e\/wp\/v2\/media\/42836"}],"wp:attachment":[{"href":"https:\/\/informelitoral.com.ar\/%77%70%2d%6a%73%6f%6e\/wp\/v2\/media?parent=42832"}],"wp:term":[{"taxonomy":"category","embeddable":true,"href":"https:\/\/informelitoral.com.ar\/%77%70%2d%6a%73%6f%6e\/wp\/v2\/categories?post=42832"},{"taxonomy":"post_tag","embeddable":true,"href":"https:\/\/informelitoral.com.ar\/%77%70%2d%6a%73%6f%6e\/wp\/v2\/tags?post=42832"}],"curies":[{"name":"wp","href":"https:\/\/api.w.org\/{rel}","templated":true}]}}