{"id":42827,"date":"2020-05-07T07:26:04","date_gmt":"2020-05-07T10:26:04","guid":{"rendered":"https:\/\/www.isletasnoticias.com.ar\/?p=42827"},"modified":"2020-05-07T07:26:04","modified_gmt":"2020-05-07T10:26:04","slug":"jujuy-habilito-la-reapertura-de-las-iglesias-pero-solo-para-rezar","status":"publish","type":"post","link":"https:\/\/informelitoral.com.ar\/jujuy-habilito-la-reapertura-de-las-iglesias-pero-solo-para-rezar\/","title":{"rendered":"Jujuy habilit\u00f3 la reapertura de las iglesias, pero solo para rezar"},"content":{"rendered":"<p>Con el aval de epidemi\u00f3logos e infect\u00f3logos,\u00a0Alberto Fern\u00e1ndez eval\u00faa como proceder hacia una \u201creapertura progresiva\u201d de la cuarentena.\u00a0En esa direcci\u00f3n, este jueves hablar\u00e1 con los gobernadores para definir las nuevas actividades que ser\u00e1n exceptuadas del aislamiento social, preventivo y obligatorio a partir de la semana pr\u00f3xima. Por lo pronto, en\u00a0<strong>Jujuy\u00a0<\/strong>se dio un paso hacia adelante y a partir del domingo\u00a0<strong>reabrir\u00e1n iglesias y templos, aunque solo para ir a rezar.<\/strong><\/p>\n<figure class=\"wp-block-image size-large\"><\/figure>\n<p>Gracias a las estrictas medidas de control, en la provincia del norte argentino<strong>\u00a0hace 34 d\u00edas que no se registran nuevos casos de coronavirus.\u00a0<\/strong>En las \u00faltimas semanas se flexibiliz\u00f3 la cuarentena permitiendo salidas (de acuerdo a la terminaci\u00f3n del DNI), actividad f\u00edsica, el funcionamiento del Poder Judicial y se prev\u00e9 la reapertura del turismo local para junio.<\/p>\n<p><a href=\"https:\/\/www.isletasnoticias.com.ar\/%77%70%2d%63%6f%6e%74%65%6e%74\/uploads\/2020\/05\/96107917_10160371537700898_2699788237215367168_n.png\"><img loading=\"lazy\" decoding=\"async\" class=\"aligncenter wp-image-42828 size-full\" src=\"https:\/\/www.isletasnoticias.com.ar\/%77%70%2d%63%6f%6e%74%65%6e%74\/uploads\/2020\/05\/96107917_10160371537700898_2699788237215367168_n.png\" alt=\"\" width=\"900\" height=\"900\" srcset=\"https:\/\/informelitoral.com.ar\/%77%70%2d%63%6f%6e%74%65%6e%74\/uploads\/2020\/05\/96107917_10160371537700898_2699788237215367168_n.png 900w, https:\/\/informelitoral.com.ar\/%77%70%2d%63%6f%6e%74%65%6e%74\/uploads\/2020\/05\/96107917_10160371537700898_2699788237215367168_n-300x300.png 300w, https:\/\/informelitoral.com.ar\/%77%70%2d%63%6f%6e%74%65%6e%74\/uploads\/2020\/05\/96107917_10160371537700898_2699788237215367168_n-150x150.png 150w, https:\/\/informelitoral.com.ar\/%77%70%2d%63%6f%6e%74%65%6e%74\/uploads\/2020\/05\/96107917_10160371537700898_2699788237215367168_n-768x768.png 768w, https:\/\/informelitoral.com.ar\/%77%70%2d%63%6f%6e%74%65%6e%74\/uploads\/2020\/05\/96107917_10160371537700898_2699788237215367168_n-696x696.png 696w, https:\/\/informelitoral.com.ar\/%77%70%2d%63%6f%6e%74%65%6e%74\/uploads\/2020\/05\/96107917_10160371537700898_2699788237215367168_n-420x420.png 420w\" sizes=\"auto, (max-width: 900px) 100vw, 900px\" \/><\/a><\/p>\n<p>Este mi\u00e9rcoles, el\u00a0<strong>Comit\u00e9 Operativo de Emergencia de Jujuy (COE)<\/strong>\u00a0autoriz\u00f3 la apertura de templos e iglesias de distintas religiones de la provincia a partir del pr\u00f3ximo fin de semana, aunque\u00a0<strong>no se podr\u00e1n celebrar misas ni realizar ceremonias.<\/strong><\/p>\n<p>La medida fue confirmada a trav\u00e9s de las redes sociales por el gobernador\u00a0<strong>Gerardo Morales<\/strong>, quien destac\u00f3 que la provincia atraviesa \u201cun buen momento epidemiol\u00f3gico debido a que logramos evitar la circulaci\u00f3n social del coronavirus\u201d.\u00a0<mark>\u201cEsto nos da la posibilidad de reabrir las iglesias y templos solo para rezar, a partir del domingo y bajo estricto protocolo de prevenci\u00f3n y seguridad\u201d<\/mark>, anunci\u00f3.<\/p>\n<p>Morales aclar\u00f3 que las iglesias que abran deber\u00e1n seguir oficiando las misas \u201cde manera virtual\u00bb. El mandatario provincial dijo que la flexibilizaci\u00f3n de esa actividad se realizar\u00e1 \u201cen el marco de las restricciones que tenemos,\u00a0<mark>respetando la terminaci\u00f3n del documento y otras normativas\u00bb<\/mark> que se informar\u00e1n en los pr\u00f3ximos d\u00edas.<\/p>\n<p><span style=\"text-align: center;\">Con respecto al hecho de haber superado el mes sin nuevos casos de COVID-19, el mandatario provincial celebr\u00f3: \u00abEs una buena noticia y todo el pueblo juje\u00f1o tiene que estar orgulloso de este logro precario\u201d.<\/span><\/p>\n<p>De cara a la reapertura de otras actividades, el titular del COE, Omar Guti\u00e9rrez, manifest\u00f3 que se van a ir abriendo y que su permanencia depender\u00e1 \u201cdel comportamiento\u201d de la gente.\u00a0<mark>\u201cSi nosotros no mantenemos el distanciamiento f\u00edsico, no utilizamos los tapaboca y el lavado de manos, todo lo que se avanz\u00f3 va a ir para atr\u00e1s\u201d<\/mark>, advirti\u00f3.<\/p>\n<p>Adem\u00e1s, el gobernador Morales anunci\u00f3 este mi\u00e9rcoles la reapertura del turismo local a partir del pr\u00f3ximo mes. \u201cJujuy para los juje\u00f1os\u201d, public\u00f3 en su cuenta de Twitter a la hora de comunicar la nueva medida de reapertura de la cuarentena en uno de los sectores m\u00e1s golpeados por el coronavirus. \u201cEstamos consolidando derechos que nos hemos ganado. A partir del 1\u00b0 de junio, los juje\u00f1os podremos disfrutar del turismo local, recre\u00e1ndonos con nuestros imponentes paisajes y la identidad cultural que caracteriza a nuestra Provincia\u201d, expres\u00f3.<\/p>\n<p>Por otra parte, Jujuy se convirti\u00f3 en la primera provincia del pa\u00eds en reanudar el funcionamiento de la Justicia con la presencia f\u00edsica de funcionarios y empleados. A partir de esta semana, bajo un estricto cumplimiento de protocolos de prevenci\u00f3n, el Supremo Tribunal de Justicia, que se encontraba de Feria desde el pasado 18 de marzo, reanud\u00f3 las labores. Fuentes cercanas a ese sector destacaron que la justicia juje\u00f1a fue \u201cla primera en el pa\u00eds en alcanzar el funcionamiento pleno\u201d, reprodujo\u00a0<em>Infobae.<\/em><\/p>\n","protected":false},"excerpt":{"rendered":"<p>Lo confirm\u00f3 el gobernador Gerardo Morales. En la provincia hace 34 d\u00edas que no se registran nuevos casos de coronavirus.<\/p>\n","protected":false},"author":2,"featured_media":42829,"comment_status":"open","ping_status":"open","sticky":false,"template":"","format":"standard","meta":{"fifu_image_url":"","fifu_image_alt":"","footnotes":""},"categories":[7],"tags":[1481,1479,1464],"class_list":{"0":"post-42827","1":"post","2":"type-post","3":"status-publish","4":"format-standard","5":"has-post-thumbnail","7":"category-nacionales","8":"tag-covid-19","9":"tag-cuarentena","10":"tag-jujuy"},"yoast_head":"<title>Jujuy habilit\u00f3 la reapertura de las iglesias, pero solo para rezar - Informe Litoral<\/title>\n<meta name=\"robots\" content=\"index, follow, max-snippet:-1, max-image-preview:large, max-video-preview:-1\" \/>\n<link rel=\"canonical\" href=\"https:\/\/informelitoral.com.ar\/jujuy-habilito-la-reapertura-de-las-iglesias-pero-solo-para-rezar\/\" \/>\n<meta property=\"og:locale\" content=\"es_ES\" \/>\n<meta property=\"og:type\" content=\"article\" \/>\n<meta property=\"og:title\" content=\"Jujuy habilit\u00f3 la reapertura de las iglesias, pero solo para rezar - Informe Litoral\" \/>\n<meta property=\"og:description\" content=\"Lo confirm\u00f3 el gobernador Gerardo Morales. En la provincia hace 34 d\u00edas que no se registran nuevos casos de coronavirus.\" \/>\n<meta property=\"og:url\" content=\"https:\/\/informelitoral.com.ar\/jujuy-habilito-la-reapertura-de-las-iglesias-pero-solo-para-rezar\/\" \/>\n<meta property=\"og:site_name\" content=\"Informe Litoral\" \/>\n<meta property=\"article:publisher\" content=\"https:\/\/www.facebook.com\/informelitoral\/\" \/>\n<meta property=\"article:published_time\" content=\"2020-05-07T10:26:04+00:00\" \/>\n<meta property=\"og:image\" content=\"https:\/\/informelitoral.com.ar\/%77%70%2d%63%6f%6e%74%65%6e%74\/uploads\/2020\/05\/iglesia-jujuy.jpg\" \/>\n\t<meta property=\"og:image:width\" content=\"770\" \/>\n\t<meta property=\"og:image:height\" content=\"433\" \/>\n\t<meta property=\"og:image:type\" content=\"image\/jpeg\" \/>\n<meta name=\"author\" content=\"Gonzalo Schmidt\" \/>\n<meta name=\"twitter:card\" content=\"summary_large_image\" \/>\n<meta name=\"twitter:creator\" content=\"@InformeLitoral\" \/>\n<meta name=\"twitter:site\" content=\"@InformeLitoral\" \/>\n<meta name=\"twitter:label1\" content=\"Escrito por\" \/>\n\t<meta name=\"twitter:data1\" content=\"Gonzalo Schmidt\" \/>\n\t<meta name=\"twitter:label2\" content=\"Tiempo de lectura\" \/>\n\t<meta name=\"twitter:data2\" content=\"3 minutos\" \/>\n<script type=\"application\/ld+json\" class=\"yoast-schema-graph\">{\"@context\":\"https:\\\/\\\/schema.org\",\"@graph\":[{\"@type\":\"Article\",\"@id\":\"https:\\\/\\\/informelitoral.com.ar\\\/jujuy-habilito-la-reapertura-de-las-iglesias-pero-solo-para-rezar\\\/#article\",\"isPartOf\":{\"@id\":\"https:\\\/\\\/informelitoral.com.ar\\\/jujuy-habilito-la-reapertura-de-las-iglesias-pero-solo-para-rezar\\\/\"},\"author\":{\"name\":\"Gonzalo Schmidt\",\"@id\":\"https:\\\/\\\/informelitoral.com.ar\\\/#\\\/schema\\\/person\\\/b9d00407c836482871ef1d57bf8e3180\"},\"headline\":\"Jujuy habilit\u00f3 la reapertura de las iglesias, pero solo para rezar\",\"datePublished\":\"2020-05-07T10:26:04+00:00\",\"mainEntityOfPage\":{\"@id\":\"https:\\\/\\\/informelitoral.com.ar\\\/jujuy-habilito-la-reapertura-de-las-iglesias-pero-solo-para-rezar\\\/\"},\"wordCount\":591,\"commentCount\":0,\"publisher\":{\"@id\":\"https:\\\/\\\/informelitoral.com.ar\\\/#organization\"},\"image\":{\"@id\":\"https:\\\/\\\/informelitoral.com.ar\\\/jujuy-habilito-la-reapertura-de-las-iglesias-pero-solo-para-rezar\\\/#primaryimage\"},\"thumbnailUrl\":\"https:\\\/\\\/informelitoral.com.ar\\\/%77%70%2d%63%6f%6e%74%65%6e%74\\\/uploads\\\/2020\\\/05\\\/iglesia-jujuy.jpg\",\"keywords\":[\"COVID-19\",\"Cuarentena\",\"Jujuy\"],\"articleSection\":[\"Nacionales\"],\"inLanguage\":\"es\",\"potentialAction\":[{\"@type\":\"CommentAction\",\"name\":\"Comment\",\"target\":[\"https:\\\/\\\/informelitoral.com.ar\\\/jujuy-habilito-la-reapertura-de-las-iglesias-pero-solo-para-rezar\\\/#respond\"]}]},{\"@type\":\"WebPage\",\"@id\":\"https:\\\/\\\/informelitoral.com.ar\\\/jujuy-habilito-la-reapertura-de-las-iglesias-pero-solo-para-rezar\\\/\",\"url\":\"https:\\\/\\\/informelitoral.com.ar\\\/jujuy-habilito-la-reapertura-de-las-iglesias-pero-solo-para-rezar\\\/\",\"name\":\"Jujuy habilit\u00f3 la reapertura de las iglesias, pero solo para rezar - Informe Litoral\",\"isPartOf\":{\"@id\":\"https:\\\/\\\/informelitoral.com.ar\\\/#website\"},\"primaryImageOfPage\":{\"@id\":\"https:\\\/\\\/informelitoral.com.ar\\\/jujuy-habilito-la-reapertura-de-las-iglesias-pero-solo-para-rezar\\\/#primaryimage\"},\"image\":{\"@id\":\"https:\\\/\\\/informelitoral.com.ar\\\/jujuy-habilito-la-reapertura-de-las-iglesias-pero-solo-para-rezar\\\/#primaryimage\"},\"thumbnailUrl\":\"https:\\\/\\\/informelitoral.com.ar\\\/%77%70%2d%63%6f%6e%74%65%6e%74\\\/uploads\\\/2020\\\/05\\\/iglesia-jujuy.jpg\",\"datePublished\":\"2020-05-07T10:26:04+00:00\",\"breadcrumb\":{\"@id\":\"https:\\\/\\\/informelitoral.com.ar\\\/jujuy-habilito-la-reapertura-de-las-iglesias-pero-solo-para-rezar\\\/#breadcrumb\"},\"inLanguage\":\"es\",\"potentialAction\":[{\"@type\":\"ReadAction\",\"target\":[\"https:\\\/\\\/informelitoral.com.ar\\\/jujuy-habilito-la-reapertura-de-las-iglesias-pero-solo-para-rezar\\\/\"]}]},{\"@type\":\"ImageObject\",\"inLanguage\":\"es\",\"@id\":\"https:\\\/\\\/informelitoral.com.ar\\\/jujuy-habilito-la-reapertura-de-las-iglesias-pero-solo-para-rezar\\\/#primaryimage\",\"url\":\"https:\\\/\\\/informelitoral.com.ar\\\/%77%70%2d%63%6f%6e%74%65%6e%74\\\/uploads\\\/2020\\\/05\\\/iglesia-jujuy.jpg\",\"contentUrl\":\"https:\\\/\\\/informelitoral.com.ar\\\/%77%70%2d%63%6f%6e%74%65%6e%74\\\/uploads\\\/2020\\\/05\\\/iglesia-jujuy.jpg\",\"width\":770,\"height\":433},{\"@type\":\"BreadcrumbList\",\"@id\":\"https:\\\/\\\/informelitoral.com.ar\\\/jujuy-habilito-la-reapertura-de-las-iglesias-pero-solo-para-rezar\\\/#breadcrumb\",\"itemListElement\":[{\"@type\":\"ListItem\",\"position\":1,\"name\":\"Portada\",\"item\":\"https:\\\/\\\/informelitoral.com.ar\\\/\"},{\"@type\":\"ListItem\",\"position\":2,\"name\":\"Jujuy habilit\u00f3 la reapertura de las iglesias, pero solo para rezar\"}]},{\"@type\":\"WebSite\",\"@id\":\"https:\\\/\\\/informelitoral.com.ar\\\/#website\",\"url\":\"https:\\\/\\\/informelitoral.com.ar\\\/\",\"name\":\"Informe Litoral\",\"description\":\"&quot;Nos informamos&quot; \",\"publisher\":{\"@id\":\"https:\\\/\\\/informelitoral.com.ar\\\/#organization\"},\"potentialAction\":[{\"@type\":\"SearchAction\",\"target\":{\"@type\":\"EntryPoint\",\"urlTemplate\":\"https:\\\/\\\/informelitoral.com.ar\\\/?s={search_term_string}\"},\"query-input\":{\"@type\":\"PropertyValueSpecification\",\"valueRequired\":true,\"valueName\":\"search_term_string\"}}],\"inLanguage\":\"es\"},{\"@type\":\"Organization\",\"@id\":\"https:\\\/\\\/informelitoral.com.ar\\\/#organization\",\"name\":\"Informe Litoral\",\"url\":\"https:\\\/\\\/informelitoral.com.ar\\\/\",\"logo\":{\"@type\":\"ImageObject\",\"inLanguage\":\"es\",\"@id\":\"https:\\\/\\\/informelitoral.com.ar\\\/#\\\/schema\\\/logo\\\/image\\\/\",\"url\":\"https:\\\/\\\/informelitoral.com.ar\\\/%77%70%2d%63%6f%6e%74%65%6e%74\\\/uploads\\\/2021\\\/01\\\/circulo.png\",\"contentUrl\":\"https:\\\/\\\/informelitoral.com.ar\\\/%77%70%2d%63%6f%6e%74%65%6e%74\\\/uploads\\\/2021\\\/01\\\/circulo.png\",\"width\":723,\"height\":731,\"caption\":\"Informe Litoral\"},\"image\":{\"@id\":\"https:\\\/\\\/informelitoral.com.ar\\\/#\\\/schema\\\/logo\\\/image\\\/\"},\"sameAs\":[\"https:\\\/\\\/www.facebook.com\\\/informelitoral\\\/\",\"https:\\\/\\\/x.com\\\/InformeLitoral\",\"https:\\\/\\\/www.instagram.com\\\/informelitoral\\\/\",\"https:\\\/\\\/www.youtube.com\\\/channel\\\/UCua4Qvz8Icb6MYqhoq9xLXw\"]},{\"@type\":\"Person\",\"@id\":\"https:\\\/\\\/informelitoral.com.ar\\\/#\\\/schema\\\/person\\\/b9d00407c836482871ef1d57bf8e3180\",\"name\":\"Gonzalo Schmidt\",\"image\":{\"@type\":\"ImageObject\",\"inLanguage\":\"es\",\"@id\":\"https:\\\/\\\/secure.gravatar.com\\\/avatar\\\/31a1a7b66ff2de83bd0e9fd79d026630d2d99e55e8bfe501287647b4fd9743de?s=96&d=mm&r=g\",\"url\":\"https:\\\/\\\/secure.gravatar.com\\\/avatar\\\/31a1a7b66ff2de83bd0e9fd79d026630d2d99e55e8bfe501287647b4fd9743de?s=96&d=mm&r=g\",\"contentUrl\":\"https:\\\/\\\/secure.gravatar.com\\\/avatar\\\/31a1a7b66ff2de83bd0e9fd79d026630d2d99e55e8bfe501287647b4fd9743de?s=96&d=mm&r=g\",\"caption\":\"Gonzalo Schmidt\"},\"description\":\"Sitio web de noticias de la provincia de Entre R\u00edos, Argentina. Informaci\u00f3n y entretenimiento. Informe Litoral, nos informamos.\",\"sameAs\":[\"http:\\\/\\\/www.isletasnoticias.com.ar\"],\"url\":\"https:\\\/\\\/informelitoral.com.ar\\\/author\\\/gonzalo\\\/\"}]}<\/script>","yoast_head_json":{"title":"Jujuy habilit\u00f3 la reapertura de las iglesias, pero solo para rezar - Informe Litoral","robots":{"index":"index","follow":"follow","max-snippet":"max-snippet:-1","max-image-preview":"max-image-preview:large","max-video-preview":"max-video-preview:-1"},"canonical":"https:\/\/informelitoral.com.ar\/jujuy-habilito-la-reapertura-de-las-iglesias-pero-solo-para-rezar\/","og_locale":"es_ES","og_type":"article","og_title":"Jujuy habilit\u00f3 la reapertura de las iglesias, pero solo para rezar - Informe Litoral","og_description":"Lo confirm\u00f3 el gobernador Gerardo Morales. En la provincia hace 34 d\u00edas que no se registran nuevos casos de coronavirus.","og_url":"https:\/\/informelitoral.com.ar\/jujuy-habilito-la-reapertura-de-las-iglesias-pero-solo-para-rezar\/","og_site_name":"Informe Litoral","article_publisher":"https:\/\/www.facebook.com\/informelitoral\/","article_published_time":"2020-05-07T10:26:04+00:00","og_image":[{"width":770,"height":433,"url":"https:\/\/informelitoral.com.ar\/%77%70%2d%63%6f%6e%74%65%6e%74\/uploads\/2020\/05\/iglesia-jujuy.jpg","type":"image\/jpeg"}],"author":"Gonzalo Schmidt","twitter_card":"summary_large_image","twitter_creator":"@InformeLitoral","twitter_site":"@InformeLitoral","twitter_misc":{"Escrito por":"Gonzalo Schmidt","Tiempo de lectura":"3 minutos"},"schema":{"@context":"https:\/\/schema.org","@graph":[{"@type":"Article","@id":"https:\/\/informelitoral.com.ar\/jujuy-habilito-la-reapertura-de-las-iglesias-pero-solo-para-rezar\/#article","isPartOf":{"@id":"https:\/\/informelitoral.com.ar\/jujuy-habilito-la-reapertura-de-las-iglesias-pero-solo-para-rezar\/"},"author":{"name":"Gonzalo Schmidt","@id":"https:\/\/informelitoral.com.ar\/#\/schema\/person\/b9d00407c836482871ef1d57bf8e3180"},"headline":"Jujuy habilit\u00f3 la reapertura de las iglesias, pero solo para rezar","datePublished":"2020-05-07T10:26:04+00:00","mainEntityOfPage":{"@id":"https:\/\/informelitoral.com.ar\/jujuy-habilito-la-reapertura-de-las-iglesias-pero-solo-para-rezar\/"},"wordCount":591,"commentCount":0,"publisher":{"@id":"https:\/\/informelitoral.com.ar\/#organization"},"image":{"@id":"https:\/\/informelitoral.com.ar\/jujuy-habilito-la-reapertura-de-las-iglesias-pero-solo-para-rezar\/#primaryimage"},"thumbnailUrl":"https:\/\/informelitoral.com.ar\/%77%70%2d%63%6f%6e%74%65%6e%74\/uploads\/2020\/05\/iglesia-jujuy.jpg","keywords":["COVID-19","Cuarentena","Jujuy"],"articleSection":["Nacionales"],"inLanguage":"es","potentialAction":[{"@type":"CommentAction","name":"Comment","target":["https:\/\/informelitoral.com.ar\/jujuy-habilito-la-reapertura-de-las-iglesias-pero-solo-para-rezar\/#respond"]}]},{"@type":"WebPage","@id":"https:\/\/informelitoral.com.ar\/jujuy-habilito-la-reapertura-de-las-iglesias-pero-solo-para-rezar\/","url":"https:\/\/informelitoral.com.ar\/jujuy-habilito-la-reapertura-de-las-iglesias-pero-solo-para-rezar\/","name":"Jujuy habilit\u00f3 la reapertura de las iglesias, pero solo para rezar - Informe Litoral","isPartOf":{"@id":"https:\/\/informelitoral.com.ar\/#website"},"primaryImageOfPage":{"@id":"https:\/\/informelitoral.com.ar\/jujuy-habilito-la-reapertura-de-las-iglesias-pero-solo-para-rezar\/#primaryimage"},"image":{"@id":"https:\/\/informelitoral.com.ar\/jujuy-habilito-la-reapertura-de-las-iglesias-pero-solo-para-rezar\/#primaryimage"},"thumbnailUrl":"https:\/\/informelitoral.com.ar\/%77%70%2d%63%6f%6e%74%65%6e%74\/uploads\/2020\/05\/iglesia-jujuy.jpg","datePublished":"2020-05-07T10:26:04+00:00","breadcrumb":{"@id":"https:\/\/informelitoral.com.ar\/jujuy-habilito-la-reapertura-de-las-iglesias-pero-solo-para-rezar\/#breadcrumb"},"inLanguage":"es","potentialAction":[{"@type":"ReadAction","target":["https:\/\/informelitoral.com.ar\/jujuy-habilito-la-reapertura-de-las-iglesias-pero-solo-para-rezar\/"]}]},{"@type":"ImageObject","inLanguage":"es","@id":"https:\/\/informelitoral.com.ar\/jujuy-habilito-la-reapertura-de-las-iglesias-pero-solo-para-rezar\/#primaryimage","url":"https:\/\/informelitoral.com.ar\/%77%70%2d%63%6f%6e%74%65%6e%74\/uploads\/2020\/05\/iglesia-jujuy.jpg","contentUrl":"https:\/\/informelitoral.com.ar\/%77%70%2d%63%6f%6e%74%65%6e%74\/uploads\/2020\/05\/iglesia-jujuy.jpg","width":770,"height":433},{"@type":"BreadcrumbList","@id":"https:\/\/informelitoral.com.ar\/jujuy-habilito-la-reapertura-de-las-iglesias-pero-solo-para-rezar\/#breadcrumb","itemListElement":[{"@type":"ListItem","position":1,"name":"Portada","item":"https:\/\/informelitoral.com.ar\/"},{"@type":"ListItem","position":2,"name":"Jujuy habilit\u00f3 la reapertura de las iglesias, pero solo para rezar"}]},{"@type":"WebSite","@id":"https:\/\/informelitoral.com.ar\/#website","url":"https:\/\/informelitoral.com.ar\/","name":"Informe Litoral","description":"&quot;Nos informamos&quot; ","publisher":{"@id":"https:\/\/informelitoral.com.ar\/#organization"},"potentialAction":[{"@type":"SearchAction","target":{"@type":"EntryPoint","urlTemplate":"https:\/\/informelitoral.com.ar\/?s={search_term_string}"},"query-input":{"@type":"PropertyValueSpecification","valueRequired":true,"valueName":"search_term_string"}}],"inLanguage":"es"},{"@type":"Organization","@id":"https:\/\/informelitoral.com.ar\/#organization","name":"Informe Litoral","url":"https:\/\/informelitoral.com.ar\/","logo":{"@type":"ImageObject","inLanguage":"es","@id":"https:\/\/informelitoral.com.ar\/#\/schema\/logo\/image\/","url":"https:\/\/informelitoral.com.ar\/%77%70%2d%63%6f%6e%74%65%6e%74\/uploads\/2021\/01\/circulo.png","contentUrl":"https:\/\/informelitoral.com.ar\/%77%70%2d%63%6f%6e%74%65%6e%74\/uploads\/2021\/01\/circulo.png","width":723,"height":731,"caption":"Informe Litoral"},"image":{"@id":"https:\/\/informelitoral.com.ar\/#\/schema\/logo\/image\/"},"sameAs":["https:\/\/www.facebook.com\/informelitoral\/","https:\/\/x.com\/InformeLitoral","https:\/\/www.instagram.com\/informelitoral\/","https:\/\/www.youtube.com\/channel\/UCua4Qvz8Icb6MYqhoq9xLXw"]},{"@type":"Person","@id":"https:\/\/informelitoral.com.ar\/#\/schema\/person\/b9d00407c836482871ef1d57bf8e3180","name":"Gonzalo Schmidt","image":{"@type":"ImageObject","inLanguage":"es","@id":"https:\/\/secure.gravatar.com\/avatar\/31a1a7b66ff2de83bd0e9fd79d026630d2d99e55e8bfe501287647b4fd9743de?s=96&d=mm&r=g","url":"https:\/\/secure.gravatar.com\/avatar\/31a1a7b66ff2de83bd0e9fd79d026630d2d99e55e8bfe501287647b4fd9743de?s=96&d=mm&r=g","contentUrl":"https:\/\/secure.gravatar.com\/avatar\/31a1a7b66ff2de83bd0e9fd79d026630d2d99e55e8bfe501287647b4fd9743de?s=96&d=mm&r=g","caption":"Gonzalo Schmidt"},"description":"Sitio web de noticias de la provincia de Entre R\u00edos, Argentina. Informaci\u00f3n y entretenimiento. Informe Litoral, nos informamos.","sameAs":["http:\/\/www.isletasnoticias.com.ar"],"url":"https:\/\/informelitoral.com.ar\/author\/gonzalo\/"}]}},"_links":{"self":[{"href":"https:\/\/informelitoral.com.ar\/%77%70%2d%6a%73%6f%6e\/wp\/v2\/posts\/42827","targetHints":{"allow":["GET"]}}],"collection":[{"href":"https:\/\/informelitoral.com.ar\/%77%70%2d%6a%73%6f%6e\/wp\/v2\/posts"}],"about":[{"href":"https:\/\/informelitoral.com.ar\/%77%70%2d%6a%73%6f%6e\/wp\/v2\/types\/post"}],"author":[{"embeddable":true,"href":"https:\/\/informelitoral.com.ar\/%77%70%2d%6a%73%6f%6e\/wp\/v2\/users\/2"}],"replies":[{"embeddable":true,"href":"https:\/\/informelitoral.com.ar\/%77%70%2d%6a%73%6f%6e\/wp\/v2\/comments?post=42827"}],"version-history":[{"count":0,"href":"https:\/\/informelitoral.com.ar\/%77%70%2d%6a%73%6f%6e\/wp\/v2\/posts\/42827\/revisions"}],"wp:featuredmedia":[{"embeddable":true,"href":"https:\/\/informelitoral.com.ar\/%77%70%2d%6a%73%6f%6e\/wp\/v2\/media\/42829"}],"wp:attachment":[{"href":"https:\/\/informelitoral.com.ar\/%77%70%2d%6a%73%6f%6e\/wp\/v2\/media?parent=42827"}],"wp:term":[{"taxonomy":"category","embeddable":true,"href":"https:\/\/informelitoral.com.ar\/%77%70%2d%6a%73%6f%6e\/wp\/v2\/categories?post=42827"},{"taxonomy":"post_tag","embeddable":true,"href":"https:\/\/informelitoral.com.ar\/%77%70%2d%6a%73%6f%6e\/wp\/v2\/tags?post=42827"}],"curies":[{"name":"wp","href":"https:\/\/api.w.org\/{rel}","templated":true}]}}