{"id":4280,"date":"2013-11-16T16:44:34","date_gmt":"2013-11-16T19:44:34","guid":{"rendered":"http:\/\/www.isletasnoticias.com.ar\/?p=4280"},"modified":"2013-11-16T16:44:34","modified_gmt":"2013-11-16T19:44:34","slug":"narcotrafico-benedetti-se-manifesto-a-favor-de-la-ley-de-derribo","status":"publish","type":"post","link":"https:\/\/informelitoral.com.ar\/narcotrafico-benedetti-se-manifesto-a-favor-de-la-ley-de-derribo\/","title":{"rendered":"Narcotr\u00e1fico: Benedetti se manifest\u00f3 a favor de la Ley de Derribo"},"content":{"rendered":"<p><strong>Firm\u00f3 un proyecto junto a otros compa\u00f1eros del bloque radical. Dijo que \u00abel Estado debe implementar pol\u00edticas de prevenci\u00f3n\u00bb. Pidi\u00f3 reforzar las fronteras y rutas. Adem\u00e1s asegur\u00f3 que Entre R\u00edos \u201cno est\u00e1 exenta\u201d de la prob<strong>lem\u00e1tica.<\/strong><\/strong><\/p>\n<p><img loading=\"lazy\" decoding=\"async\" class=\"size-medium wp-image-4281 alignright\" title=\"Diputado Nacional Atilio Benedetti.\" alt=\"benedetti\" src=\"http:\/\/www.isletasnoticias.com.ar\/%77%70%2d%63%6f%6e%74%65%6e%74\/uploads\/2013\/11\/benedetti-300x168.jpg\" width=\"300\" height=\"168\" srcset=\"https:\/\/informelitoral.com.ar\/%77%70%2d%63%6f%6e%74%65%6e%74\/uploads\/2013\/11\/benedetti-300x168.jpg 300w, https:\/\/informelitoral.com.ar\/%77%70%2d%63%6f%6e%74%65%6e%74\/uploads\/2013\/11\/benedetti.jpg 640w\" sizes=\"auto, (max-width: 300px) 100vw, 300px\" \/>El diputado nacional por la Uni\u00f3n C\u00edvica Radical, <strong>Atilio Benedetti<\/strong>, tambi\u00e9n mostr\u00f3 su preocupaci\u00f3n por el avance del narcotr\u00e1fico. En este sentido advirti\u00f3 que \u00abla profundizaci\u00f3n del problema est\u00e1 hipotecando el futuro del pa\u00eds\u00bb.<\/p>\n<p>En declaraciones enviadas a\u00a0<em>INFORME DIGITAL,<\/em> el legislador sostuvo: \u00abTal como se\u00f1al\u00f3 el Episcopado y la Corte Suprema de Justicia, es imprescindible que el Gobierno tome medidas urgentes para frenar el avance de los narcotraficantes. En junio hab\u00edamos denunciado que se estaba desmantelando el Sedronar, que desde que se fue Bielsa, el\u00a019 de marzo, est\u00e1 sin conducci\u00f3n. Y en mayo, junto al diputado Fiad, nos reunimos en Gualeguaych\u00fa con monse\u00f1or Lozano para analizar esta preocupaci\u00f3n\u00bb, record\u00f3 el ex candidato a gobernador.<\/p>\n<p>Por otra parte, destac\u00f3 que \u00abEntre R\u00edos no est\u00e1 exenta de esta problem\u00e1tica, lamentablemente. En las grandes ciudades, las bandas se enfrentan violentamente y en los pueblos, los padres y los vecinos se alarman por el incremento de la venta, el consumo de drogas y el incremento de la inseguridad\u00bb.<\/p>\n<p>\u00abEl Estado debe implementar pol\u00edticas de prevenci\u00f3n, reforzar los controles en las fronteras y en las rutas. De lo contrario, llegaremos a una situaci\u00f3n dram\u00e1tica que no queremos para la Argentina. En ese sentido es que fui firmante, junto a otros diputados radicales, de un proyecto de ley integral contra el narcotr\u00e1fico, que incluye la posibilidad de derribo de aeronaves de narcotraficantes\u00bb, finaliz\u00f3.<\/p>\n","protected":false},"excerpt":{"rendered":"<p>Firm&oacute; un proyecto junto a otros compa&ntilde;eros del bloque radical. Dijo que &laquo;el Estado debe implementar pol&iacute;ticas de prevenci&oacute;n&raquo;. Pidi&oacute; reforzar las fronteras y rutas. Adem&aacute;s asegur&oacute; que Entre R&iacute;os &ldquo;no est&aacute; exenta&rdquo; de la problem&aacute;tica. El diputado nacional por la Uni&oacute;n C&iacute;vica Radical, Atilio Benedetti, tambi&eacute;n mostr&oacute; su preocupaci&oacute;n por el avance del narcotr&aacute;fico. [&hellip;]<\/p>\n","protected":false},"author":2,"featured_media":0,"comment_status":"open","ping_status":"open","sticky":false,"template":"","format":"standard","meta":{"fifu_image_url":"","fifu_image_alt":"","footnotes":""},"categories":[7,16],"tags":[],"class_list":{"0":"post-4280","1":"post","2":"type-post","3":"status-publish","4":"format-standard","6":"category-nacionales","7":"category-politi"},"yoast_head":"<title>Narcotr\u00e1fico: Benedetti se manifest\u00f3 a favor de la Ley de Derribo - Informe Litoral<\/title>\n<meta name=\"robots\" content=\"index, follow, max-snippet:-1, max-image-preview:large, max-video-preview:-1\" \/>\n<link rel=\"canonical\" href=\"https:\/\/informelitoral.com.ar\/narcotrafico-benedetti-se-manifesto-a-favor-de-la-ley-de-derribo\/\" \/>\n<meta property=\"og:locale\" content=\"es_ES\" \/>\n<meta property=\"og:type\" content=\"article\" \/>\n<meta property=\"og:title\" content=\"Narcotr\u00e1fico: Benedetti se manifest\u00f3 a favor de la Ley de Derribo - Informe Litoral\" \/>\n<meta property=\"og:description\" content=\"Firm&oacute; un proyecto junto a otros compa&ntilde;eros del bloque radical. Dijo que &laquo;el Estado debe implementar pol&iacute;ticas de prevenci&oacute;n&raquo;. Pidi&oacute; reforzar las fronteras y rutas. Adem&aacute;s asegur&oacute; que Entre R&iacute;os &ldquo;no est&aacute; exenta&rdquo; de la problem&aacute;tica. El diputado nacional por la Uni&oacute;n C&iacute;vica Radical, Atilio Benedetti, tambi&eacute;n mostr&oacute; su preocupaci&oacute;n por el avance del narcotr&aacute;fico. [&hellip;]\" \/>\n<meta property=\"og:url\" content=\"https:\/\/informelitoral.com.ar\/narcotrafico-benedetti-se-manifesto-a-favor-de-la-ley-de-derribo\/\" \/>\n<meta property=\"og:site_name\" content=\"Informe Litoral\" \/>\n<meta property=\"article:publisher\" content=\"https:\/\/www.facebook.com\/informelitoral\/\" \/>\n<meta property=\"article:published_time\" content=\"2013-11-16T19:44:34+00:00\" \/>\n<meta property=\"og:image\" content=\"https:\/\/informelitoral.com.ar\/%77%70%2d%63%6f%6e%74%65%6e%74\/uploads\/2013\/11\/benedetti.jpg\" \/>\n\t<meta property=\"og:image:width\" content=\"640\" \/>\n\t<meta property=\"og:image:height\" content=\"360\" \/>\n\t<meta property=\"og:image:type\" content=\"image\/jpeg\" \/>\n<meta name=\"author\" content=\"Gonzalo Schmidt\" \/>\n<meta name=\"twitter:card\" content=\"summary_large_image\" \/>\n<meta name=\"twitter:creator\" content=\"@InformeLitoral\" \/>\n<meta name=\"twitter:site\" content=\"@InformeLitoral\" \/>\n<meta name=\"twitter:label1\" content=\"Escrito por\" \/>\n\t<meta name=\"twitter:data1\" content=\"Gonzalo Schmidt\" \/>\n\t<meta name=\"twitter:label2\" content=\"Tiempo de lectura\" \/>\n\t<meta name=\"twitter:data2\" content=\"1 minuto\" \/>\n<script type=\"application\/ld+json\" class=\"yoast-schema-graph\">{\"@context\":\"https:\\\/\\\/schema.org\",\"@graph\":[{\"@type\":\"Article\",\"@id\":\"https:\\\/\\\/informelitoral.com.ar\\\/narcotrafico-benedetti-se-manifesto-a-favor-de-la-ley-de-derribo\\\/#article\",\"isPartOf\":{\"@id\":\"https:\\\/\\\/informelitoral.com.ar\\\/narcotrafico-benedetti-se-manifesto-a-favor-de-la-ley-de-derribo\\\/\"},\"author\":{\"name\":\"Gonzalo Schmidt\",\"@id\":\"https:\\\/\\\/informelitoral.com.ar\\\/#\\\/schema\\\/person\\\/b9d00407c836482871ef1d57bf8e3180\"},\"headline\":\"Narcotr\u00e1fico: Benedetti se manifest\u00f3 a favor de la Ley de Derribo\",\"datePublished\":\"2013-11-16T19:44:34+00:00\",\"mainEntityOfPage\":{\"@id\":\"https:\\\/\\\/informelitoral.com.ar\\\/narcotrafico-benedetti-se-manifesto-a-favor-de-la-ley-de-derribo\\\/\"},\"wordCount\":301,\"commentCount\":0,\"publisher\":{\"@id\":\"https:\\\/\\\/informelitoral.com.ar\\\/#organization\"},\"image\":{\"@id\":\"https:\\\/\\\/informelitoral.com.ar\\\/narcotrafico-benedetti-se-manifesto-a-favor-de-la-ley-de-derribo\\\/#primaryimage\"},\"thumbnailUrl\":\"http:\\\/\\\/www.isletasnoticias.com.ar\\\/%77%70%2d%63%6f%6e%74%65%6e%74\\\/uploads\\\/2013\\\/11\\\/benedetti-300x168.jpg\",\"articleSection\":[\"Nacionales\",\"Politica\"],\"inLanguage\":\"es\",\"potentialAction\":[{\"@type\":\"CommentAction\",\"name\":\"Comment\",\"target\":[\"https:\\\/\\\/informelitoral.com.ar\\\/narcotrafico-benedetti-se-manifesto-a-favor-de-la-ley-de-derribo\\\/#respond\"]}]},{\"@type\":\"WebPage\",\"@id\":\"https:\\\/\\\/informelitoral.com.ar\\\/narcotrafico-benedetti-se-manifesto-a-favor-de-la-ley-de-derribo\\\/\",\"url\":\"https:\\\/\\\/informelitoral.com.ar\\\/narcotrafico-benedetti-se-manifesto-a-favor-de-la-ley-de-derribo\\\/\",\"name\":\"Narcotr\u00e1fico: Benedetti se manifest\u00f3 a favor de la Ley de Derribo - Informe Litoral\",\"isPartOf\":{\"@id\":\"https:\\\/\\\/informelitoral.com.ar\\\/#website\"},\"primaryImageOfPage\":{\"@id\":\"https:\\\/\\\/informelitoral.com.ar\\\/narcotrafico-benedetti-se-manifesto-a-favor-de-la-ley-de-derribo\\\/#primaryimage\"},\"image\":{\"@id\":\"https:\\\/\\\/informelitoral.com.ar\\\/narcotrafico-benedetti-se-manifesto-a-favor-de-la-ley-de-derribo\\\/#primaryimage\"},\"thumbnailUrl\":\"http:\\\/\\\/www.isletasnoticias.com.ar\\\/%77%70%2d%63%6f%6e%74%65%6e%74\\\/uploads\\\/2013\\\/11\\\/benedetti-300x168.jpg\",\"datePublished\":\"2013-11-16T19:44:34+00:00\",\"breadcrumb\":{\"@id\":\"https:\\\/\\\/informelitoral.com.ar\\\/narcotrafico-benedetti-se-manifesto-a-favor-de-la-ley-de-derribo\\\/#breadcrumb\"},\"inLanguage\":\"es\",\"potentialAction\":[{\"@type\":\"ReadAction\",\"target\":[\"https:\\\/\\\/informelitoral.com.ar\\\/narcotrafico-benedetti-se-manifesto-a-favor-de-la-ley-de-derribo\\\/\"]}]},{\"@type\":\"ImageObject\",\"inLanguage\":\"es\",\"@id\":\"https:\\\/\\\/informelitoral.com.ar\\\/narcotrafico-benedetti-se-manifesto-a-favor-de-la-ley-de-derribo\\\/#primaryimage\",\"url\":\"http:\\\/\\\/www.isletasnoticias.com.ar\\\/%77%70%2d%63%6f%6e%74%65%6e%74\\\/uploads\\\/2013\\\/11\\\/benedetti-300x168.jpg\",\"contentUrl\":\"http:\\\/\\\/www.isletasnoticias.com.ar\\\/%77%70%2d%63%6f%6e%74%65%6e%74\\\/uploads\\\/2013\\\/11\\\/benedetti-300x168.jpg\"},{\"@type\":\"BreadcrumbList\",\"@id\":\"https:\\\/\\\/informelitoral.com.ar\\\/narcotrafico-benedetti-se-manifesto-a-favor-de-la-ley-de-derribo\\\/#breadcrumb\",\"itemListElement\":[{\"@type\":\"ListItem\",\"position\":1,\"name\":\"Portada\",\"item\":\"https:\\\/\\\/informelitoral.com.ar\\\/\"},{\"@type\":\"ListItem\",\"position\":2,\"name\":\"Narcotr\u00e1fico: Benedetti se manifest\u00f3 a favor de la Ley de Derribo\"}]},{\"@type\":\"WebSite\",\"@id\":\"https:\\\/\\\/informelitoral.com.ar\\\/#website\",\"url\":\"https:\\\/\\\/informelitoral.com.ar\\\/\",\"name\":\"Informe Litoral\",\"description\":\"&quot;Nos informamos&quot; \",\"publisher\":{\"@id\":\"https:\\\/\\\/informelitoral.com.ar\\\/#organization\"},\"potentialAction\":[{\"@type\":\"SearchAction\",\"target\":{\"@type\":\"EntryPoint\",\"urlTemplate\":\"https:\\\/\\\/informelitoral.com.ar\\\/?s={search_term_string}\"},\"query-input\":{\"@type\":\"PropertyValueSpecification\",\"valueRequired\":true,\"valueName\":\"search_term_string\"}}],\"inLanguage\":\"es\"},{\"@type\":\"Organization\",\"@id\":\"https:\\\/\\\/informelitoral.com.ar\\\/#organization\",\"name\":\"Informe Litoral\",\"url\":\"https:\\\/\\\/informelitoral.com.ar\\\/\",\"logo\":{\"@type\":\"ImageObject\",\"inLanguage\":\"es\",\"@id\":\"https:\\\/\\\/informelitoral.com.ar\\\/#\\\/schema\\\/logo\\\/image\\\/\",\"url\":\"https:\\\/\\\/informelitoral.com.ar\\\/%77%70%2d%63%6f%6e%74%65%6e%74\\\/uploads\\\/2021\\\/01\\\/circulo.png\",\"contentUrl\":\"https:\\\/\\\/informelitoral.com.ar\\\/%77%70%2d%63%6f%6e%74%65%6e%74\\\/uploads\\\/2021\\\/01\\\/circulo.png\",\"width\":723,\"height\":731,\"caption\":\"Informe Litoral\"},\"image\":{\"@id\":\"https:\\\/\\\/informelitoral.com.ar\\\/#\\\/schema\\\/logo\\\/image\\\/\"},\"sameAs\":[\"https:\\\/\\\/www.facebook.com\\\/informelitoral\\\/\",\"https:\\\/\\\/x.com\\\/InformeLitoral\",\"https:\\\/\\\/www.instagram.com\\\/informelitoral\\\/\",\"https:\\\/\\\/www.youtube.com\\\/channel\\\/UCua4Qvz8Icb6MYqhoq9xLXw\"]},{\"@type\":\"Person\",\"@id\":\"https:\\\/\\\/informelitoral.com.ar\\\/#\\\/schema\\\/person\\\/b9d00407c836482871ef1d57bf8e3180\",\"name\":\"Gonzalo Schmidt\",\"image\":{\"@type\":\"ImageObject\",\"inLanguage\":\"es\",\"@id\":\"https:\\\/\\\/secure.gravatar.com\\\/avatar\\\/31a1a7b66ff2de83bd0e9fd79d026630d2d99e55e8bfe501287647b4fd9743de?s=96&d=mm&r=g\",\"url\":\"https:\\\/\\\/secure.gravatar.com\\\/avatar\\\/31a1a7b66ff2de83bd0e9fd79d026630d2d99e55e8bfe501287647b4fd9743de?s=96&d=mm&r=g\",\"contentUrl\":\"https:\\\/\\\/secure.gravatar.com\\\/avatar\\\/31a1a7b66ff2de83bd0e9fd79d026630d2d99e55e8bfe501287647b4fd9743de?s=96&d=mm&r=g\",\"caption\":\"Gonzalo Schmidt\"},\"description\":\"Sitio web de noticias de la provincia de Entre R\u00edos, Argentina. Informaci\u00f3n y entretenimiento. Informe Litoral, nos informamos.\",\"sameAs\":[\"http:\\\/\\\/www.isletasnoticias.com.ar\"],\"url\":\"https:\\\/\\\/informelitoral.com.ar\\\/author\\\/gonzalo\\\/\"}]}<\/script>","yoast_head_json":{"title":"Narcotr\u00e1fico: Benedetti se manifest\u00f3 a favor de la Ley de Derribo - Informe Litoral","robots":{"index":"index","follow":"follow","max-snippet":"max-snippet:-1","max-image-preview":"max-image-preview:large","max-video-preview":"max-video-preview:-1"},"canonical":"https:\/\/informelitoral.com.ar\/narcotrafico-benedetti-se-manifesto-a-favor-de-la-ley-de-derribo\/","og_locale":"es_ES","og_type":"article","og_title":"Narcotr\u00e1fico: Benedetti se manifest\u00f3 a favor de la Ley de Derribo - Informe Litoral","og_description":"Firm&oacute; un proyecto junto a otros compa&ntilde;eros del bloque radical. Dijo que &laquo;el Estado debe implementar pol&iacute;ticas de prevenci&oacute;n&raquo;. Pidi&oacute; reforzar las fronteras y rutas. Adem&aacute;s asegur&oacute; que Entre R&iacute;os &ldquo;no est&aacute; exenta&rdquo; de la problem&aacute;tica. El diputado nacional por la Uni&oacute;n C&iacute;vica Radical, Atilio Benedetti, tambi&eacute;n mostr&oacute; su preocupaci&oacute;n por el avance del narcotr&aacute;fico. [&hellip;]","og_url":"https:\/\/informelitoral.com.ar\/narcotrafico-benedetti-se-manifesto-a-favor-de-la-ley-de-derribo\/","og_site_name":"Informe Litoral","article_publisher":"https:\/\/www.facebook.com\/informelitoral\/","article_published_time":"2013-11-16T19:44:34+00:00","og_image":[{"width":640,"height":360,"url":"https:\/\/informelitoral.com.ar\/%77%70%2d%63%6f%6e%74%65%6e%74\/uploads\/2013\/11\/benedetti.jpg","type":"image\/jpeg"}],"author":"Gonzalo Schmidt","twitter_card":"summary_large_image","twitter_creator":"@InformeLitoral","twitter_site":"@InformeLitoral","twitter_misc":{"Escrito por":"Gonzalo Schmidt","Tiempo de lectura":"1 minuto"},"schema":{"@context":"https:\/\/schema.org","@graph":[{"@type":"Article","@id":"https:\/\/informelitoral.com.ar\/narcotrafico-benedetti-se-manifesto-a-favor-de-la-ley-de-derribo\/#article","isPartOf":{"@id":"https:\/\/informelitoral.com.ar\/narcotrafico-benedetti-se-manifesto-a-favor-de-la-ley-de-derribo\/"},"author":{"name":"Gonzalo Schmidt","@id":"https:\/\/informelitoral.com.ar\/#\/schema\/person\/b9d00407c836482871ef1d57bf8e3180"},"headline":"Narcotr\u00e1fico: Benedetti se manifest\u00f3 a favor de la Ley de Derribo","datePublished":"2013-11-16T19:44:34+00:00","mainEntityOfPage":{"@id":"https:\/\/informelitoral.com.ar\/narcotrafico-benedetti-se-manifesto-a-favor-de-la-ley-de-derribo\/"},"wordCount":301,"commentCount":0,"publisher":{"@id":"https:\/\/informelitoral.com.ar\/#organization"},"image":{"@id":"https:\/\/informelitoral.com.ar\/narcotrafico-benedetti-se-manifesto-a-favor-de-la-ley-de-derribo\/#primaryimage"},"thumbnailUrl":"http:\/\/www.isletasnoticias.com.ar\/%77%70%2d%63%6f%6e%74%65%6e%74\/uploads\/2013\/11\/benedetti-300x168.jpg","articleSection":["Nacionales","Politica"],"inLanguage":"es","potentialAction":[{"@type":"CommentAction","name":"Comment","target":["https:\/\/informelitoral.com.ar\/narcotrafico-benedetti-se-manifesto-a-favor-de-la-ley-de-derribo\/#respond"]}]},{"@type":"WebPage","@id":"https:\/\/informelitoral.com.ar\/narcotrafico-benedetti-se-manifesto-a-favor-de-la-ley-de-derribo\/","url":"https:\/\/informelitoral.com.ar\/narcotrafico-benedetti-se-manifesto-a-favor-de-la-ley-de-derribo\/","name":"Narcotr\u00e1fico: Benedetti se manifest\u00f3 a favor de la Ley de Derribo - Informe Litoral","isPartOf":{"@id":"https:\/\/informelitoral.com.ar\/#website"},"primaryImageOfPage":{"@id":"https:\/\/informelitoral.com.ar\/narcotrafico-benedetti-se-manifesto-a-favor-de-la-ley-de-derribo\/#primaryimage"},"image":{"@id":"https:\/\/informelitoral.com.ar\/narcotrafico-benedetti-se-manifesto-a-favor-de-la-ley-de-derribo\/#primaryimage"},"thumbnailUrl":"http:\/\/www.isletasnoticias.com.ar\/%77%70%2d%63%6f%6e%74%65%6e%74\/uploads\/2013\/11\/benedetti-300x168.jpg","datePublished":"2013-11-16T19:44:34+00:00","breadcrumb":{"@id":"https:\/\/informelitoral.com.ar\/narcotrafico-benedetti-se-manifesto-a-favor-de-la-ley-de-derribo\/#breadcrumb"},"inLanguage":"es","potentialAction":[{"@type":"ReadAction","target":["https:\/\/informelitoral.com.ar\/narcotrafico-benedetti-se-manifesto-a-favor-de-la-ley-de-derribo\/"]}]},{"@type":"ImageObject","inLanguage":"es","@id":"https:\/\/informelitoral.com.ar\/narcotrafico-benedetti-se-manifesto-a-favor-de-la-ley-de-derribo\/#primaryimage","url":"http:\/\/www.isletasnoticias.com.ar\/%77%70%2d%63%6f%6e%74%65%6e%74\/uploads\/2013\/11\/benedetti-300x168.jpg","contentUrl":"http:\/\/www.isletasnoticias.com.ar\/%77%70%2d%63%6f%6e%74%65%6e%74\/uploads\/2013\/11\/benedetti-300x168.jpg"},{"@type":"BreadcrumbList","@id":"https:\/\/informelitoral.com.ar\/narcotrafico-benedetti-se-manifesto-a-favor-de-la-ley-de-derribo\/#breadcrumb","itemListElement":[{"@type":"ListItem","position":1,"name":"Portada","item":"https:\/\/informelitoral.com.ar\/"},{"@type":"ListItem","position":2,"name":"Narcotr\u00e1fico: Benedetti se manifest\u00f3 a favor de la Ley de Derribo"}]},{"@type":"WebSite","@id":"https:\/\/informelitoral.com.ar\/#website","url":"https:\/\/informelitoral.com.ar\/","name":"Informe Litoral","description":"&quot;Nos informamos&quot; ","publisher":{"@id":"https:\/\/informelitoral.com.ar\/#organization"},"potentialAction":[{"@type":"SearchAction","target":{"@type":"EntryPoint","urlTemplate":"https:\/\/informelitoral.com.ar\/?s={search_term_string}"},"query-input":{"@type":"PropertyValueSpecification","valueRequired":true,"valueName":"search_term_string"}}],"inLanguage":"es"},{"@type":"Organization","@id":"https:\/\/informelitoral.com.ar\/#organization","name":"Informe Litoral","url":"https:\/\/informelitoral.com.ar\/","logo":{"@type":"ImageObject","inLanguage":"es","@id":"https:\/\/informelitoral.com.ar\/#\/schema\/logo\/image\/","url":"https:\/\/informelitoral.com.ar\/%77%70%2d%63%6f%6e%74%65%6e%74\/uploads\/2021\/01\/circulo.png","contentUrl":"https:\/\/informelitoral.com.ar\/%77%70%2d%63%6f%6e%74%65%6e%74\/uploads\/2021\/01\/circulo.png","width":723,"height":731,"caption":"Informe Litoral"},"image":{"@id":"https:\/\/informelitoral.com.ar\/#\/schema\/logo\/image\/"},"sameAs":["https:\/\/www.facebook.com\/informelitoral\/","https:\/\/x.com\/InformeLitoral","https:\/\/www.instagram.com\/informelitoral\/","https:\/\/www.youtube.com\/channel\/UCua4Qvz8Icb6MYqhoq9xLXw"]},{"@type":"Person","@id":"https:\/\/informelitoral.com.ar\/#\/schema\/person\/b9d00407c836482871ef1d57bf8e3180","name":"Gonzalo Schmidt","image":{"@type":"ImageObject","inLanguage":"es","@id":"https:\/\/secure.gravatar.com\/avatar\/31a1a7b66ff2de83bd0e9fd79d026630d2d99e55e8bfe501287647b4fd9743de?s=96&d=mm&r=g","url":"https:\/\/secure.gravatar.com\/avatar\/31a1a7b66ff2de83bd0e9fd79d026630d2d99e55e8bfe501287647b4fd9743de?s=96&d=mm&r=g","contentUrl":"https:\/\/secure.gravatar.com\/avatar\/31a1a7b66ff2de83bd0e9fd79d026630d2d99e55e8bfe501287647b4fd9743de?s=96&d=mm&r=g","caption":"Gonzalo Schmidt"},"description":"Sitio web de noticias de la provincia de Entre R\u00edos, Argentina. Informaci\u00f3n y entretenimiento. Informe Litoral, nos informamos.","sameAs":["http:\/\/www.isletasnoticias.com.ar"],"url":"https:\/\/informelitoral.com.ar\/author\/gonzalo\/"}]}},"_links":{"self":[{"href":"https:\/\/informelitoral.com.ar\/%77%70%2d%6a%73%6f%6e\/wp\/v2\/posts\/4280","targetHints":{"allow":["GET"]}}],"collection":[{"href":"https:\/\/informelitoral.com.ar\/%77%70%2d%6a%73%6f%6e\/wp\/v2\/posts"}],"about":[{"href":"https:\/\/informelitoral.com.ar\/%77%70%2d%6a%73%6f%6e\/wp\/v2\/types\/post"}],"author":[{"embeddable":true,"href":"https:\/\/informelitoral.com.ar\/%77%70%2d%6a%73%6f%6e\/wp\/v2\/users\/2"}],"replies":[{"embeddable":true,"href":"https:\/\/informelitoral.com.ar\/%77%70%2d%6a%73%6f%6e\/wp\/v2\/comments?post=4280"}],"version-history":[{"count":0,"href":"https:\/\/informelitoral.com.ar\/%77%70%2d%6a%73%6f%6e\/wp\/v2\/posts\/4280\/revisions"}],"wp:attachment":[{"href":"https:\/\/informelitoral.com.ar\/%77%70%2d%6a%73%6f%6e\/wp\/v2\/media?parent=4280"}],"wp:term":[{"taxonomy":"category","embeddable":true,"href":"https:\/\/informelitoral.com.ar\/%77%70%2d%6a%73%6f%6e\/wp\/v2\/categories?post=4280"},{"taxonomy":"post_tag","embeddable":true,"href":"https:\/\/informelitoral.com.ar\/%77%70%2d%6a%73%6f%6e\/wp\/v2\/tags?post=4280"}],"curies":[{"name":"wp","href":"https:\/\/api.w.org\/{rel}","templated":true}]}}