{"id":42784,"date":"2020-05-06T14:06:04","date_gmt":"2020-05-06T17:06:04","guid":{"rendered":"https:\/\/www.isletasnoticias.com.ar\/?p=42784"},"modified":"2020-05-06T14:09:33","modified_gmt":"2020-05-06T17:09:33","slug":"diamante-asi-se-implementara-la-nueva-etapa-del-aislamiento-preventivo","status":"publish","type":"post","link":"https:\/\/informelitoral.com.ar\/diamante-asi-se-implementara-la-nueva-etapa-del-aislamiento-preventivo\/","title":{"rendered":"Diamante: as\u00ed se implementar\u00e1 la nueva etapa del aislamiento preventivo"},"content":{"rendered":"<p>La Comisi\u00f3n de Emergencia de la Ciudad de Diamante se reuni\u00f3 este mi\u00e9rcoles temprano para analizar la propuesta del Ejecutivo Municipal para<strong> implementar nuevas disposiciones en el marco del Aislamiento Social, Preventivo y Obligatorio.<\/strong><\/p>\n<p><strong><a href=\"https:\/\/www.isletasnoticias.com.ar\/%77%70%2d%63%6f%6e%74%65%6e%74\/uploads\/2020\/05\/DSC_0002.jpg\"><img loading=\"lazy\" decoding=\"async\" class=\"aligncenter wp-image-42785 size-large\" src=\"https:\/\/www.isletasnoticias.com.ar\/%77%70%2d%63%6f%6e%74%65%6e%74\/uploads\/2020\/05\/DSC_0002-1024x760.jpg\" alt=\"\" width=\"696\" height=\"517\" srcset=\"https:\/\/informelitoral.com.ar\/%77%70%2d%63%6f%6e%74%65%6e%74\/uploads\/2020\/05\/DSC_0002-1024x760.jpg 1024w, https:\/\/informelitoral.com.ar\/%77%70%2d%63%6f%6e%74%65%6e%74\/uploads\/2020\/05\/DSC_0002-300x223.jpg 300w, https:\/\/informelitoral.com.ar\/%77%70%2d%63%6f%6e%74%65%6e%74\/uploads\/2020\/05\/DSC_0002-768x570.jpg 768w, https:\/\/informelitoral.com.ar\/%77%70%2d%63%6f%6e%74%65%6e%74\/uploads\/2020\/05\/DSC_0002-1536x1141.jpg 1536w, https:\/\/informelitoral.com.ar\/%77%70%2d%63%6f%6e%74%65%6e%74\/uploads\/2020\/05\/DSC_0002-80x60.jpg 80w, https:\/\/informelitoral.com.ar\/%77%70%2d%63%6f%6e%74%65%6e%74\/uploads\/2020\/05\/DSC_0002-265x198.jpg 265w, https:\/\/informelitoral.com.ar\/%77%70%2d%63%6f%6e%74%65%6e%74\/uploads\/2020\/05\/DSC_0002-485x360.jpg 485w, https:\/\/informelitoral.com.ar\/%77%70%2d%63%6f%6e%74%65%6e%74\/uploads\/2020\/05\/DSC_0002-696x517.jpg 696w, https:\/\/informelitoral.com.ar\/%77%70%2d%63%6f%6e%74%65%6e%74\/uploads\/2020\/05\/DSC_0002-1068x793.jpg 1068w, https:\/\/informelitoral.com.ar\/%77%70%2d%63%6f%6e%74%65%6e%74\/uploads\/2020\/05\/DSC_0002-566x420.jpg 566w, https:\/\/informelitoral.com.ar\/%77%70%2d%63%6f%6e%74%65%6e%74\/uploads\/2020\/05\/DSC_0002.jpg 1639w\" sizes=\"auto, (max-width: 696px) 100vw, 696px\" \/><\/a><\/strong><\/p>\n<p>Con el Decreto rubricado por el gobernador, <strong>Gustavo Bordet<\/strong>, s\u00f3lo restaba conocer c\u00f3mo se implementar\u00e1n los nuevos protocolos en la ciudad, y c\u00f3mo trabajar en conjunto con toda la sociedad para continuar con el distanciamiento social que ha permitido conseguir un resultado positivo en la prevenci\u00f3n del potencial contagio del Covid 19 o Coronavirus.<\/p>\n<p>Se inform\u00f3 sobre la <strong>continuidad del Operativo en la Playa de Camiones de Strobel<\/strong>, que ha dado resultados positivos en cuanto a control, recepci\u00f3n de informaci\u00f3n y prevenci\u00f3n. Habr\u00e1 modificaciones en la implementaci\u00f3n merced a la experiencia de los equipos en estas semanas de trabajo.<\/p>\n<p>Por otra parte, <strong>el Hospital San Jos\u00e9 avanza con las obras para garantizar una correcta atenci\u00f3n.<\/strong> El nosocomio se encuentra totalmente operativo, y se ampl\u00eda su capacidad receptiva. Se activar\u00e1n nuevos protocolos ya que ante casos sospechosos, se puede internar al paciente a la espera del resultado del an\u00e1lisis que en menos de 24 horas ya sabe si se confirma o descarta \u2013y en ese caso retorna a su casa-.<\/p>\n<p><a href=\"https:\/\/www.isletasnoticias.com.ar\/%77%70%2d%63%6f%6e%74%65%6e%74\/uploads\/2020\/05\/DSC_0008.jpg\"><img loading=\"lazy\" decoding=\"async\" class=\"aligncenter wp-image-42786 size-large\" src=\"https:\/\/www.isletasnoticias.com.ar\/%77%70%2d%63%6f%6e%74%65%6e%74\/uploads\/2020\/05\/DSC_0008-1024x682.jpg\" alt=\"\" width=\"696\" height=\"464\" srcset=\"https:\/\/informelitoral.com.ar\/%77%70%2d%63%6f%6e%74%65%6e%74\/uploads\/2020\/05\/DSC_0008-1024x682.jpg 1024w, https:\/\/informelitoral.com.ar\/%77%70%2d%63%6f%6e%74%65%6e%74\/uploads\/2020\/05\/DSC_0008-300x200.jpg 300w, https:\/\/informelitoral.com.ar\/%77%70%2d%63%6f%6e%74%65%6e%74\/uploads\/2020\/05\/DSC_0008-768x512.jpg 768w, https:\/\/informelitoral.com.ar\/%77%70%2d%63%6f%6e%74%65%6e%74\/uploads\/2020\/05\/DSC_0008-1536x1023.jpg 1536w, https:\/\/informelitoral.com.ar\/%77%70%2d%63%6f%6e%74%65%6e%74\/uploads\/2020\/05\/DSC_0008-696x464.jpg 696w, https:\/\/informelitoral.com.ar\/%77%70%2d%63%6f%6e%74%65%6e%74\/uploads\/2020\/05\/DSC_0008-1068x712.jpg 1068w, https:\/\/informelitoral.com.ar\/%77%70%2d%63%6f%6e%74%65%6e%74\/uploads\/2020\/05\/DSC_0008-630x420.jpg 630w, https:\/\/informelitoral.com.ar\/%77%70%2d%63%6f%6e%74%65%6e%74\/uploads\/2020\/05\/DSC_0008.jpg 1900w\" sizes=\"auto, (max-width: 696px) 100vw, 696px\" \/><\/a><\/p>\n<p><strong>La Mesa Social est\u00e1 trabajando con los comedores nocturnos, con un importante n\u00famero de viandas confirmadas.<\/strong> Los vecinos se inscribieron y asisten a los distintos puntos entre las 18.30 y 19.00. Un trabajo coordinado entre la Municipalidad de Diamante, Concejales, con la permanente colaboraci\u00f3n de trabajadores municipales, vecinos, representantes de gremios y dirigentes sociales.<\/p>\n<h3><strong>Los puntos m\u00e1s salientes del Decreto 167, ad refer\u00e9ndum del Concejo Deliberante, dicta que:<\/strong><\/h3>\n<p><em>1 \u2013 El uso de Barbijo es obligatorio para todos los ciudadanos<\/em><br \/>\n<em>2- El horario para Supermercados, Almacenes, despensas, autoservicios, y farmacias ser\u00e1 de 8 a 20 de lunes a s\u00e1bado, y de 8 a 12 los domingos. El resto del comercio local ser\u00e1, de lunes a s\u00e1bado, en la franja de 10 a 18 horas, y de 8 a 12 los domingos.<\/em><br \/>\n<em>3- La distancia en las potenciales filas ser\u00e1 de 1.5 metros o mayor<\/em><br \/>\n<em>4- Los comercios podr\u00e1n permitir el ingreso de un (1) cliente en comercios de menos de 16 metros cuadrados, y dos (2) en salones con mayor espacio que el se\u00f1alado.<\/em><\/p>\n<p>Los <strong>nuevos comercios exceptuados<\/strong> ser\u00e1n de venta de <strong>art\u00edculos del hogar, electrodom\u00e9sticos, muebler\u00eda y afines, venta de calzados, indumentaria de todo tipo, helader\u00edas, librer\u00eda, fotocopiadoras, bazar y cotill\u00f3n, jugueter\u00edas.<\/strong><\/p>\n<p>Los restaurantes, rotiser\u00edas, pizzer\u00edas, helader\u00edas, resto bares, bares con elaboraci\u00f3n de comidas preparadas, locales de comidas r\u00e1pidas similares y\/o afines, durante la vigencia del Decreto de Necesidad y Urgencia 297\/2020 y modificatorios, podr\u00e1n brindar el servicio de elaboraci\u00f3n con servicio de env\u00edo a domicilio o para retirar en el local, v\u00eda telef\u00f3nica o web.<\/p>\n<p>Queda prohibida la concurrencia a los comercios de toda persona comprendida en los grupos de riesgo (empleados y clientes).<\/p>\n<p>Las <strong>peluquer\u00edas quedan autorizadas<\/strong> tambi\u00e9n, bajo las siguientes recaudos especiales: Atender con turnos previos, debiendo registrar los datos de los clientes, especialmente consultado respecto a la existencia de s\u00edntomas o si ha realizado viajes a zonas de circulaci\u00f3n del virus. Deber\u00e1 cumplimentarse con un plazo m\u00ednimo de 20 minutos entre cada turno, con desinfecci\u00f3n del \u00e1rea utilizada y aireando el local. Las personas que desarrollen la actividad deber\u00e1n utilizar barbijos, delantal, y anteojos, debiendo no compartir dichos elementos y usar el cabello cubierto o recogido. Todo elemento utilizado deber\u00e1 ser esterilizado y\/o lavado previo al uso con otro cliente.<\/p>\n<p><a href=\"https:\/\/www.isletasnoticias.com.ar\/%77%70%2d%63%6f%6e%74%65%6e%74\/uploads\/2020\/04\/diamante-centro.jpg\"><img loading=\"lazy\" decoding=\"async\" class=\"aligncenter wp-image-42426 size-large\" src=\"https:\/\/www.isletasnoticias.com.ar\/%77%70%2d%63%6f%6e%74%65%6e%74\/uploads\/2020\/04\/diamante-centro-1024x762.jpg\" alt=\"\" width=\"696\" height=\"518\" srcset=\"https:\/\/informelitoral.com.ar\/%77%70%2d%63%6f%6e%74%65%6e%74\/uploads\/2020\/04\/diamante-centro-1024x762.jpg 1024w, https:\/\/informelitoral.com.ar\/%77%70%2d%63%6f%6e%74%65%6e%74\/uploads\/2020\/04\/diamante-centro-300x223.jpg 300w, https:\/\/informelitoral.com.ar\/%77%70%2d%63%6f%6e%74%65%6e%74\/uploads\/2020\/04\/diamante-centro-768x571.jpg 768w, https:\/\/informelitoral.com.ar\/%77%70%2d%63%6f%6e%74%65%6e%74\/uploads\/2020\/04\/diamante-centro-80x60.jpg 80w, https:\/\/informelitoral.com.ar\/%77%70%2d%63%6f%6e%74%65%6e%74\/uploads\/2020\/04\/diamante-centro-265x198.jpg 265w, https:\/\/informelitoral.com.ar\/%77%70%2d%63%6f%6e%74%65%6e%74\/uploads\/2020\/04\/diamante-centro-485x360.jpg 485w, https:\/\/informelitoral.com.ar\/%77%70%2d%63%6f%6e%74%65%6e%74\/uploads\/2020\/04\/diamante-centro-696x518.jpg 696w, https:\/\/informelitoral.com.ar\/%77%70%2d%63%6f%6e%74%65%6e%74\/uploads\/2020\/04\/diamante-centro-1068x794.jpg 1068w, https:\/\/informelitoral.com.ar\/%77%70%2d%63%6f%6e%74%65%6e%74\/uploads\/2020\/04\/diamante-centro-565x420.jpg 565w, https:\/\/informelitoral.com.ar\/%77%70%2d%63%6f%6e%74%65%6e%74\/uploads\/2020\/04\/diamante-centro.jpg 1210w\" sizes=\"auto, (max-width: 696px) 100vw, 696px\" \/><\/a><\/p>\n<p>La falta de cumplimiento de las obligaciones establecidas en los art\u00edculos precedentes, ser\u00e1n pasibles de la duplicaci\u00f3n de las sanciones establecidas en los arts. 160 a 166 (Faltas contra la Salud P\u00fablica) de la Ordenanza n\u00aa 1353. A los fines de controlar el cumplimiento de los arts. 2, 3, 4 y 6 del presente, se instruir\u00e1 a la Direcci\u00f3n de Polic\u00eda Municipal que actuar\u00e1 con la colaboraci\u00f3n de la Polic\u00eda de Entre R\u00edos, conforme la previsi\u00f3n de la ley 10027.-<\/p>\n","protected":false},"excerpt":{"rendered":"<p>Mediante un Decreto se dispuso que los comercios podr\u00e1n abrir en la franja de 10 a 18 y el barbijo ser\u00e1 de uso obligatorio para todos los ciudadanos. Los detalles de las principales medidas. <\/p>\n","protected":false},"author":2,"featured_media":4752,"comment_status":"open","ping_status":"open","sticky":false,"template":"","format":"standard","meta":{"fifu_image_url":"","fifu_image_alt":"","footnotes":""},"categories":[5],"tags":[1426,1481,1479,34,267],"class_list":{"0":"post-42784","1":"post","2":"type-post","3":"status-publish","4":"format-standard","5":"has-post-thumbnail","7":"category-zonales","8":"tag-coronavirus","9":"tag-covid-19","10":"tag-cuarentena","11":"tag-diamante","12":"tag-municipalidad"},"yoast_head":"<title>Diamante: as\u00ed se implementar\u00e1 la nueva etapa del aislamiento preventivo - Informe Litoral<\/title>\n<meta name=\"robots\" content=\"index, follow, max-snippet:-1, max-image-preview:large, max-video-preview:-1\" \/>\n<link rel=\"canonical\" href=\"https:\/\/informelitoral.com.ar\/diamante-asi-se-implementara-la-nueva-etapa-del-aislamiento-preventivo\/\" \/>\n<meta property=\"og:locale\" content=\"es_ES\" \/>\n<meta property=\"og:type\" content=\"article\" \/>\n<meta property=\"og:title\" content=\"Diamante: as\u00ed se implementar\u00e1 la nueva etapa del aislamiento preventivo - Informe Litoral\" \/>\n<meta property=\"og:description\" content=\"Mediante un Decreto se dispuso que los comercios podr\u00e1n abrir en la franja de 10 a 18 y el barbijo ser\u00e1 de uso obligatorio para todos los ciudadanos. Los detalles de las principales medidas.\" \/>\n<meta property=\"og:url\" content=\"https:\/\/informelitoral.com.ar\/diamante-asi-se-implementara-la-nueva-etapa-del-aislamiento-preventivo\/\" \/>\n<meta property=\"og:site_name\" content=\"Informe Litoral\" \/>\n<meta property=\"article:publisher\" content=\"https:\/\/www.facebook.com\/informelitoral\/\" \/>\n<meta property=\"article:published_time\" content=\"2020-05-06T17:06:04+00:00\" \/>\n<meta property=\"article:modified_time\" content=\"2020-05-06T17:09:33+00:00\" \/>\n<meta property=\"og:image\" content=\"https:\/\/informelitoral.com.ar\/%77%70%2d%63%6f%6e%74%65%6e%74\/uploads\/2013\/12\/Municipalidad-Diamante.jpg\" \/>\n\t<meta property=\"og:image:width\" content=\"671\" \/>\n\t<meta property=\"og:image:height\" content=\"450\" \/>\n\t<meta property=\"og:image:type\" content=\"image\/jpeg\" \/>\n<meta name=\"author\" content=\"Gonzalo Schmidt\" \/>\n<meta name=\"twitter:card\" content=\"summary_large_image\" \/>\n<meta name=\"twitter:creator\" content=\"@InformeLitoral\" \/>\n<meta name=\"twitter:site\" content=\"@InformeLitoral\" \/>\n<meta name=\"twitter:label1\" content=\"Escrito por\" \/>\n\t<meta name=\"twitter:data1\" content=\"Gonzalo Schmidt\" \/>\n\t<meta name=\"twitter:label2\" content=\"Tiempo de lectura\" \/>\n\t<meta name=\"twitter:data2\" content=\"3 minutos\" \/>\n<script type=\"application\/ld+json\" class=\"yoast-schema-graph\">{\"@context\":\"https:\\\/\\\/schema.org\",\"@graph\":[{\"@type\":\"Article\",\"@id\":\"https:\\\/\\\/informelitoral.com.ar\\\/diamante-asi-se-implementara-la-nueva-etapa-del-aislamiento-preventivo\\\/#article\",\"isPartOf\":{\"@id\":\"https:\\\/\\\/informelitoral.com.ar\\\/diamante-asi-se-implementara-la-nueva-etapa-del-aislamiento-preventivo\\\/\"},\"author\":{\"name\":\"Gonzalo Schmidt\",\"@id\":\"https:\\\/\\\/informelitoral.com.ar\\\/#\\\/schema\\\/person\\\/b9d00407c836482871ef1d57bf8e3180\"},\"headline\":\"Diamante: as\u00ed se implementar\u00e1 la nueva etapa del aislamiento preventivo\",\"datePublished\":\"2020-05-06T17:06:04+00:00\",\"dateModified\":\"2020-05-06T17:09:33+00:00\",\"mainEntityOfPage\":{\"@id\":\"https:\\\/\\\/informelitoral.com.ar\\\/diamante-asi-se-implementara-la-nueva-etapa-del-aislamiento-preventivo\\\/\"},\"wordCount\":699,\"commentCount\":0,\"publisher\":{\"@id\":\"https:\\\/\\\/informelitoral.com.ar\\\/#organization\"},\"image\":{\"@id\":\"https:\\\/\\\/informelitoral.com.ar\\\/diamante-asi-se-implementara-la-nueva-etapa-del-aislamiento-preventivo\\\/#primaryimage\"},\"thumbnailUrl\":\"https:\\\/\\\/informelitoral.com.ar\\\/%77%70%2d%63%6f%6e%74%65%6e%74\\\/uploads\\\/2013\\\/12\\\/Municipalidad-Diamante.jpg\",\"keywords\":[\"Coronavirus\",\"COVID-19\",\"Cuarentena\",\"Diamante\",\"Municipalidad\"],\"articleSection\":[\"Departamento Diamante\"],\"inLanguage\":\"es\",\"potentialAction\":[{\"@type\":\"CommentAction\",\"name\":\"Comment\",\"target\":[\"https:\\\/\\\/informelitoral.com.ar\\\/diamante-asi-se-implementara-la-nueva-etapa-del-aislamiento-preventivo\\\/#respond\"]}]},{\"@type\":\"WebPage\",\"@id\":\"https:\\\/\\\/informelitoral.com.ar\\\/diamante-asi-se-implementara-la-nueva-etapa-del-aislamiento-preventivo\\\/\",\"url\":\"https:\\\/\\\/informelitoral.com.ar\\\/diamante-asi-se-implementara-la-nueva-etapa-del-aislamiento-preventivo\\\/\",\"name\":\"Diamante: as\u00ed se implementar\u00e1 la nueva etapa del aislamiento preventivo - Informe Litoral\",\"isPartOf\":{\"@id\":\"https:\\\/\\\/informelitoral.com.ar\\\/#website\"},\"primaryImageOfPage\":{\"@id\":\"https:\\\/\\\/informelitoral.com.ar\\\/diamante-asi-se-implementara-la-nueva-etapa-del-aislamiento-preventivo\\\/#primaryimage\"},\"image\":{\"@id\":\"https:\\\/\\\/informelitoral.com.ar\\\/diamante-asi-se-implementara-la-nueva-etapa-del-aislamiento-preventivo\\\/#primaryimage\"},\"thumbnailUrl\":\"https:\\\/\\\/informelitoral.com.ar\\\/%77%70%2d%63%6f%6e%74%65%6e%74\\\/uploads\\\/2013\\\/12\\\/Municipalidad-Diamante.jpg\",\"datePublished\":\"2020-05-06T17:06:04+00:00\",\"dateModified\":\"2020-05-06T17:09:33+00:00\",\"breadcrumb\":{\"@id\":\"https:\\\/\\\/informelitoral.com.ar\\\/diamante-asi-se-implementara-la-nueva-etapa-del-aislamiento-preventivo\\\/#breadcrumb\"},\"inLanguage\":\"es\",\"potentialAction\":[{\"@type\":\"ReadAction\",\"target\":[\"https:\\\/\\\/informelitoral.com.ar\\\/diamante-asi-se-implementara-la-nueva-etapa-del-aislamiento-preventivo\\\/\"]}]},{\"@type\":\"ImageObject\",\"inLanguage\":\"es\",\"@id\":\"https:\\\/\\\/informelitoral.com.ar\\\/diamante-asi-se-implementara-la-nueva-etapa-del-aislamiento-preventivo\\\/#primaryimage\",\"url\":\"https:\\\/\\\/informelitoral.com.ar\\\/%77%70%2d%63%6f%6e%74%65%6e%74\\\/uploads\\\/2013\\\/12\\\/Municipalidad-Diamante.jpg\",\"contentUrl\":\"https:\\\/\\\/informelitoral.com.ar\\\/%77%70%2d%63%6f%6e%74%65%6e%74\\\/uploads\\\/2013\\\/12\\\/Municipalidad-Diamante.jpg\",\"width\":671,\"height\":450},{\"@type\":\"BreadcrumbList\",\"@id\":\"https:\\\/\\\/informelitoral.com.ar\\\/diamante-asi-se-implementara-la-nueva-etapa-del-aislamiento-preventivo\\\/#breadcrumb\",\"itemListElement\":[{\"@type\":\"ListItem\",\"position\":1,\"name\":\"Portada\",\"item\":\"https:\\\/\\\/informelitoral.com.ar\\\/\"},{\"@type\":\"ListItem\",\"position\":2,\"name\":\"Diamante: as\u00ed se implementar\u00e1 la nueva etapa del aislamiento preventivo\"}]},{\"@type\":\"WebSite\",\"@id\":\"https:\\\/\\\/informelitoral.com.ar\\\/#website\",\"url\":\"https:\\\/\\\/informelitoral.com.ar\\\/\",\"name\":\"Informe Litoral\",\"description\":\"&quot;Nos informamos&quot; \",\"publisher\":{\"@id\":\"https:\\\/\\\/informelitoral.com.ar\\\/#organization\"},\"potentialAction\":[{\"@type\":\"SearchAction\",\"target\":{\"@type\":\"EntryPoint\",\"urlTemplate\":\"https:\\\/\\\/informelitoral.com.ar\\\/?s={search_term_string}\"},\"query-input\":{\"@type\":\"PropertyValueSpecification\",\"valueRequired\":true,\"valueName\":\"search_term_string\"}}],\"inLanguage\":\"es\"},{\"@type\":\"Organization\",\"@id\":\"https:\\\/\\\/informelitoral.com.ar\\\/#organization\",\"name\":\"Informe Litoral\",\"url\":\"https:\\\/\\\/informelitoral.com.ar\\\/\",\"logo\":{\"@type\":\"ImageObject\",\"inLanguage\":\"es\",\"@id\":\"https:\\\/\\\/informelitoral.com.ar\\\/#\\\/schema\\\/logo\\\/image\\\/\",\"url\":\"https:\\\/\\\/informelitoral.com.ar\\\/%77%70%2d%63%6f%6e%74%65%6e%74\\\/uploads\\\/2021\\\/01\\\/circulo.png\",\"contentUrl\":\"https:\\\/\\\/informelitoral.com.ar\\\/%77%70%2d%63%6f%6e%74%65%6e%74\\\/uploads\\\/2021\\\/01\\\/circulo.png\",\"width\":723,\"height\":731,\"caption\":\"Informe Litoral\"},\"image\":{\"@id\":\"https:\\\/\\\/informelitoral.com.ar\\\/#\\\/schema\\\/logo\\\/image\\\/\"},\"sameAs\":[\"https:\\\/\\\/www.facebook.com\\\/informelitoral\\\/\",\"https:\\\/\\\/x.com\\\/InformeLitoral\",\"https:\\\/\\\/www.instagram.com\\\/informelitoral\\\/\",\"https:\\\/\\\/www.youtube.com\\\/channel\\\/UCua4Qvz8Icb6MYqhoq9xLXw\"]},{\"@type\":\"Person\",\"@id\":\"https:\\\/\\\/informelitoral.com.ar\\\/#\\\/schema\\\/person\\\/b9d00407c836482871ef1d57bf8e3180\",\"name\":\"Gonzalo Schmidt\",\"image\":{\"@type\":\"ImageObject\",\"inLanguage\":\"es\",\"@id\":\"https:\\\/\\\/secure.gravatar.com\\\/avatar\\\/31a1a7b66ff2de83bd0e9fd79d026630d2d99e55e8bfe501287647b4fd9743de?s=96&d=mm&r=g\",\"url\":\"https:\\\/\\\/secure.gravatar.com\\\/avatar\\\/31a1a7b66ff2de83bd0e9fd79d026630d2d99e55e8bfe501287647b4fd9743de?s=96&d=mm&r=g\",\"contentUrl\":\"https:\\\/\\\/secure.gravatar.com\\\/avatar\\\/31a1a7b66ff2de83bd0e9fd79d026630d2d99e55e8bfe501287647b4fd9743de?s=96&d=mm&r=g\",\"caption\":\"Gonzalo Schmidt\"},\"description\":\"Sitio web de noticias de la provincia de Entre R\u00edos, Argentina. Informaci\u00f3n y entretenimiento. Informe Litoral, nos informamos.\",\"sameAs\":[\"http:\\\/\\\/www.isletasnoticias.com.ar\"],\"url\":\"https:\\\/\\\/informelitoral.com.ar\\\/author\\\/gonzalo\\\/\"}]}<\/script>","yoast_head_json":{"title":"Diamante: as\u00ed se implementar\u00e1 la nueva etapa del aislamiento preventivo - Informe Litoral","robots":{"index":"index","follow":"follow","max-snippet":"max-snippet:-1","max-image-preview":"max-image-preview:large","max-video-preview":"max-video-preview:-1"},"canonical":"https:\/\/informelitoral.com.ar\/diamante-asi-se-implementara-la-nueva-etapa-del-aislamiento-preventivo\/","og_locale":"es_ES","og_type":"article","og_title":"Diamante: as\u00ed se implementar\u00e1 la nueva etapa del aislamiento preventivo - Informe Litoral","og_description":"Mediante un Decreto se dispuso que los comercios podr\u00e1n abrir en la franja de 10 a 18 y el barbijo ser\u00e1 de uso obligatorio para todos los ciudadanos. Los detalles de las principales medidas.","og_url":"https:\/\/informelitoral.com.ar\/diamante-asi-se-implementara-la-nueva-etapa-del-aislamiento-preventivo\/","og_site_name":"Informe Litoral","article_publisher":"https:\/\/www.facebook.com\/informelitoral\/","article_published_time":"2020-05-06T17:06:04+00:00","article_modified_time":"2020-05-06T17:09:33+00:00","og_image":[{"width":671,"height":450,"url":"https:\/\/informelitoral.com.ar\/%77%70%2d%63%6f%6e%74%65%6e%74\/uploads\/2013\/12\/Municipalidad-Diamante.jpg","type":"image\/jpeg"}],"author":"Gonzalo Schmidt","twitter_card":"summary_large_image","twitter_creator":"@InformeLitoral","twitter_site":"@InformeLitoral","twitter_misc":{"Escrito por":"Gonzalo Schmidt","Tiempo de lectura":"3 minutos"},"schema":{"@context":"https:\/\/schema.org","@graph":[{"@type":"Article","@id":"https:\/\/informelitoral.com.ar\/diamante-asi-se-implementara-la-nueva-etapa-del-aislamiento-preventivo\/#article","isPartOf":{"@id":"https:\/\/informelitoral.com.ar\/diamante-asi-se-implementara-la-nueva-etapa-del-aislamiento-preventivo\/"},"author":{"name":"Gonzalo Schmidt","@id":"https:\/\/informelitoral.com.ar\/#\/schema\/person\/b9d00407c836482871ef1d57bf8e3180"},"headline":"Diamante: as\u00ed se implementar\u00e1 la nueva etapa del aislamiento preventivo","datePublished":"2020-05-06T17:06:04+00:00","dateModified":"2020-05-06T17:09:33+00:00","mainEntityOfPage":{"@id":"https:\/\/informelitoral.com.ar\/diamante-asi-se-implementara-la-nueva-etapa-del-aislamiento-preventivo\/"},"wordCount":699,"commentCount":0,"publisher":{"@id":"https:\/\/informelitoral.com.ar\/#organization"},"image":{"@id":"https:\/\/informelitoral.com.ar\/diamante-asi-se-implementara-la-nueva-etapa-del-aislamiento-preventivo\/#primaryimage"},"thumbnailUrl":"https:\/\/informelitoral.com.ar\/%77%70%2d%63%6f%6e%74%65%6e%74\/uploads\/2013\/12\/Municipalidad-Diamante.jpg","keywords":["Coronavirus","COVID-19","Cuarentena","Diamante","Municipalidad"],"articleSection":["Departamento Diamante"],"inLanguage":"es","potentialAction":[{"@type":"CommentAction","name":"Comment","target":["https:\/\/informelitoral.com.ar\/diamante-asi-se-implementara-la-nueva-etapa-del-aislamiento-preventivo\/#respond"]}]},{"@type":"WebPage","@id":"https:\/\/informelitoral.com.ar\/diamante-asi-se-implementara-la-nueva-etapa-del-aislamiento-preventivo\/","url":"https:\/\/informelitoral.com.ar\/diamante-asi-se-implementara-la-nueva-etapa-del-aislamiento-preventivo\/","name":"Diamante: as\u00ed se implementar\u00e1 la nueva etapa del aislamiento preventivo - Informe Litoral","isPartOf":{"@id":"https:\/\/informelitoral.com.ar\/#website"},"primaryImageOfPage":{"@id":"https:\/\/informelitoral.com.ar\/diamante-asi-se-implementara-la-nueva-etapa-del-aislamiento-preventivo\/#primaryimage"},"image":{"@id":"https:\/\/informelitoral.com.ar\/diamante-asi-se-implementara-la-nueva-etapa-del-aislamiento-preventivo\/#primaryimage"},"thumbnailUrl":"https:\/\/informelitoral.com.ar\/%77%70%2d%63%6f%6e%74%65%6e%74\/uploads\/2013\/12\/Municipalidad-Diamante.jpg","datePublished":"2020-05-06T17:06:04+00:00","dateModified":"2020-05-06T17:09:33+00:00","breadcrumb":{"@id":"https:\/\/informelitoral.com.ar\/diamante-asi-se-implementara-la-nueva-etapa-del-aislamiento-preventivo\/#breadcrumb"},"inLanguage":"es","potentialAction":[{"@type":"ReadAction","target":["https:\/\/informelitoral.com.ar\/diamante-asi-se-implementara-la-nueva-etapa-del-aislamiento-preventivo\/"]}]},{"@type":"ImageObject","inLanguage":"es","@id":"https:\/\/informelitoral.com.ar\/diamante-asi-se-implementara-la-nueva-etapa-del-aislamiento-preventivo\/#primaryimage","url":"https:\/\/informelitoral.com.ar\/%77%70%2d%63%6f%6e%74%65%6e%74\/uploads\/2013\/12\/Municipalidad-Diamante.jpg","contentUrl":"https:\/\/informelitoral.com.ar\/%77%70%2d%63%6f%6e%74%65%6e%74\/uploads\/2013\/12\/Municipalidad-Diamante.jpg","width":671,"height":450},{"@type":"BreadcrumbList","@id":"https:\/\/informelitoral.com.ar\/diamante-asi-se-implementara-la-nueva-etapa-del-aislamiento-preventivo\/#breadcrumb","itemListElement":[{"@type":"ListItem","position":1,"name":"Portada","item":"https:\/\/informelitoral.com.ar\/"},{"@type":"ListItem","position":2,"name":"Diamante: as\u00ed se implementar\u00e1 la nueva etapa del aislamiento preventivo"}]},{"@type":"WebSite","@id":"https:\/\/informelitoral.com.ar\/#website","url":"https:\/\/informelitoral.com.ar\/","name":"Informe Litoral","description":"&quot;Nos informamos&quot; ","publisher":{"@id":"https:\/\/informelitoral.com.ar\/#organization"},"potentialAction":[{"@type":"SearchAction","target":{"@type":"EntryPoint","urlTemplate":"https:\/\/informelitoral.com.ar\/?s={search_term_string}"},"query-input":{"@type":"PropertyValueSpecification","valueRequired":true,"valueName":"search_term_string"}}],"inLanguage":"es"},{"@type":"Organization","@id":"https:\/\/informelitoral.com.ar\/#organization","name":"Informe Litoral","url":"https:\/\/informelitoral.com.ar\/","logo":{"@type":"ImageObject","inLanguage":"es","@id":"https:\/\/informelitoral.com.ar\/#\/schema\/logo\/image\/","url":"https:\/\/informelitoral.com.ar\/%77%70%2d%63%6f%6e%74%65%6e%74\/uploads\/2021\/01\/circulo.png","contentUrl":"https:\/\/informelitoral.com.ar\/%77%70%2d%63%6f%6e%74%65%6e%74\/uploads\/2021\/01\/circulo.png","width":723,"height":731,"caption":"Informe Litoral"},"image":{"@id":"https:\/\/informelitoral.com.ar\/#\/schema\/logo\/image\/"},"sameAs":["https:\/\/www.facebook.com\/informelitoral\/","https:\/\/x.com\/InformeLitoral","https:\/\/www.instagram.com\/informelitoral\/","https:\/\/www.youtube.com\/channel\/UCua4Qvz8Icb6MYqhoq9xLXw"]},{"@type":"Person","@id":"https:\/\/informelitoral.com.ar\/#\/schema\/person\/b9d00407c836482871ef1d57bf8e3180","name":"Gonzalo Schmidt","image":{"@type":"ImageObject","inLanguage":"es","@id":"https:\/\/secure.gravatar.com\/avatar\/31a1a7b66ff2de83bd0e9fd79d026630d2d99e55e8bfe501287647b4fd9743de?s=96&d=mm&r=g","url":"https:\/\/secure.gravatar.com\/avatar\/31a1a7b66ff2de83bd0e9fd79d026630d2d99e55e8bfe501287647b4fd9743de?s=96&d=mm&r=g","contentUrl":"https:\/\/secure.gravatar.com\/avatar\/31a1a7b66ff2de83bd0e9fd79d026630d2d99e55e8bfe501287647b4fd9743de?s=96&d=mm&r=g","caption":"Gonzalo Schmidt"},"description":"Sitio web de noticias de la provincia de Entre R\u00edos, Argentina. Informaci\u00f3n y entretenimiento. Informe Litoral, nos informamos.","sameAs":["http:\/\/www.isletasnoticias.com.ar"],"url":"https:\/\/informelitoral.com.ar\/author\/gonzalo\/"}]}},"_links":{"self":[{"href":"https:\/\/informelitoral.com.ar\/%77%70%2d%6a%73%6f%6e\/wp\/v2\/posts\/42784","targetHints":{"allow":["GET"]}}],"collection":[{"href":"https:\/\/informelitoral.com.ar\/%77%70%2d%6a%73%6f%6e\/wp\/v2\/posts"}],"about":[{"href":"https:\/\/informelitoral.com.ar\/%77%70%2d%6a%73%6f%6e\/wp\/v2\/types\/post"}],"author":[{"embeddable":true,"href":"https:\/\/informelitoral.com.ar\/%77%70%2d%6a%73%6f%6e\/wp\/v2\/users\/2"}],"replies":[{"embeddable":true,"href":"https:\/\/informelitoral.com.ar\/%77%70%2d%6a%73%6f%6e\/wp\/v2\/comments?post=42784"}],"version-history":[{"count":0,"href":"https:\/\/informelitoral.com.ar\/%77%70%2d%6a%73%6f%6e\/wp\/v2\/posts\/42784\/revisions"}],"wp:featuredmedia":[{"embeddable":true,"href":"https:\/\/informelitoral.com.ar\/%77%70%2d%6a%73%6f%6e\/wp\/v2\/media\/4752"}],"wp:attachment":[{"href":"https:\/\/informelitoral.com.ar\/%77%70%2d%6a%73%6f%6e\/wp\/v2\/media?parent=42784"}],"wp:term":[{"taxonomy":"category","embeddable":true,"href":"https:\/\/informelitoral.com.ar\/%77%70%2d%6a%73%6f%6e\/wp\/v2\/categories?post=42784"},{"taxonomy":"post_tag","embeddable":true,"href":"https:\/\/informelitoral.com.ar\/%77%70%2d%6a%73%6f%6e\/wp\/v2\/tags?post=42784"}],"curies":[{"name":"wp","href":"https:\/\/api.w.org\/{rel}","templated":true}]}}