{"id":42781,"date":"2020-05-06T15:49:36","date_gmt":"2020-05-06T18:49:36","guid":{"rendered":"https:\/\/www.isletasnoticias.com.ar\/?p=42781"},"modified":"2020-05-06T15:54:14","modified_gmt":"2020-05-06T18:54:14","slug":"general-ramirez-solicitan-estar-atento-y-denunciar-situaciones-de-violencia-de-genero","status":"publish","type":"post","link":"https:\/\/informelitoral.com.ar\/general-ramirez-solicitan-estar-atento-y-denunciar-situaciones-de-violencia-de-genero\/","title":{"rendered":"General Ram\u00edrez: solicitan estar atento y denunciar situaciones de violencia de g\u00e9nero"},"content":{"rendered":"<p>Durante el Aislamiento Social Preventivo y Obligatorio por el <strong>COVID-19<\/strong> en todo el pa\u00eds se registr\u00f3 un notable <strong>aumento de los casos de violencia de g\u00e9nero<\/strong> y las peque\u00f1as ciudades y localidades tampoco est\u00e1n ajenas a la problem\u00e1tica.<\/p>\n<p>Desde el <strong>municipio de General Ram\u00edrez piden \u00abestar atentos\u00bb<\/strong> y recuerdan que debido a la emergencia sanitaria los canales de comunicaci\u00f3n habituales con instituciones de referencia como la Justicia y Salud, cambiaron.<\/p>\n<p>\u00abEn nuestra ciudad, el <strong>Equipo Interdisciplinario de Abordaje a las Violencias<\/strong> acompa\u00f1a de manera telef\u00f3nica a las v\u00edctimas, brindando asesoramiento para la realizaci\u00f3n de denuncias, utilizando distintos recursos y articulando con referentes locales (familiares, de salud, pol\u00edticas sociales municipales, judiciales, entre otros) atento a cubrir las necesidades emergentes\u00bb, indicaron por parte de la Municipalidad.<\/p>\n<p>Por eso, en caso de atravesar violencia\u00a0f\u00edsica, psicol\u00f3gica, sexual, simb\u00f3lica, econ\u00f3mica u otra; si alguien est\u00e1 en riesgo o si se incumple una medida judicial, est\u00e1n disponibles las siguientes v\u00edas de comunicaci\u00f3n:<\/p>\n<ul>\n<li>\u00a0Equipo Interdisciplinario de Abordaje a las Violencias, llamar al 156-224-229 o WhatsApp.<\/li>\n<li>Polic\u00eda local, de forma presencial o llamando al 101.<\/li>\n<li><span class=\"_6qdm\">L\u00ednea gratuita nacional:<\/span> 144<\/li>\n<li><a href=\"https:\/\/docs.google.com\/forms\/d\/e\/1FAIpQLSc87QrWbju-hmbrg383dKIEgkjLZyYqABJpv925YG3n7IgOng\/viewform\">Formulario online<\/a> de denuncia de violencia familiar o contra la mujer.<\/li>\n<\/ul>\n<p>\u00abLa problem\u00e1tica de las violencias involucra a toda la sociedad y es el \u00fanico delito que se acrecent\u00f3 durante la cuarentena: estemos atentos a las v\u00edctimas para intervenir de manera urgente\u00bb, concluye el pedido. <em>(IN)<\/em><\/p>\n<p><a href=\"https:\/\/www.isletasnoticias.com.ar\/%77%70%2d%63%6f%6e%74%65%6e%74\/uploads\/2020\/05\/violencia-de-genero.jpg\"><img loading=\"lazy\" decoding=\"async\" class=\"aligncenter wp-image-42782 size-full\" src=\"https:\/\/www.isletasnoticias.com.ar\/%77%70%2d%63%6f%6e%74%65%6e%74\/uploads\/2020\/05\/violencia-de-genero.jpg\" alt=\"\" width=\"960\" height=\"576\" srcset=\"https:\/\/informelitoral.com.ar\/%77%70%2d%63%6f%6e%74%65%6e%74\/uploads\/2020\/05\/violencia-de-genero.jpg 960w, https:\/\/informelitoral.com.ar\/%77%70%2d%63%6f%6e%74%65%6e%74\/uploads\/2020\/05\/violencia-de-genero-300x180.jpg 300w, https:\/\/informelitoral.com.ar\/%77%70%2d%63%6f%6e%74%65%6e%74\/uploads\/2020\/05\/violencia-de-genero-768x461.jpg 768w, https:\/\/informelitoral.com.ar\/%77%70%2d%63%6f%6e%74%65%6e%74\/uploads\/2020\/05\/violencia-de-genero-696x418.jpg 696w, https:\/\/informelitoral.com.ar\/%77%70%2d%63%6f%6e%74%65%6e%74\/uploads\/2020\/05\/violencia-de-genero-700x420.jpg 700w\" sizes=\"auto, (max-width: 960px) 100vw, 960px\" \/><\/a><\/p>\n","protected":false},"excerpt":{"rendered":"<p>Desde el municipio brindaron las v\u00edas por donde se pueden canalizar las denuncias. Con el aislamiento preventivo por el COVID-19 hubo un aumento de los casos de violencia, especialmente contra las mujeres, en todo el pa\u00eds. <\/p>\n","protected":false},"author":2,"featured_media":16787,"comment_status":"open","ping_status":"open","sticky":false,"template":"","format":"standard","meta":{"fifu_image_url":"","fifu_image_alt":"","footnotes":""},"categories":[5],"tags":[1479,1433,126],"class_list":{"0":"post-42781","1":"post","2":"type-post","3":"status-publish","4":"format-standard","5":"has-post-thumbnail","7":"category-zonales","8":"tag-cuarentena","9":"tag-municipalidad-de-general-ramirez","10":"tag-violencia-de-genero"},"yoast_head":"<title>General Ram\u00edrez: solicitan estar atento y denunciar situaciones de violencia de g\u00e9nero - Informe Litoral<\/title>\n<meta name=\"robots\" content=\"index, follow, max-snippet:-1, max-image-preview:large, max-video-preview:-1\" \/>\n<link rel=\"canonical\" href=\"https:\/\/informelitoral.com.ar\/general-ramirez-solicitan-estar-atento-y-denunciar-situaciones-de-violencia-de-genero\/\" \/>\n<meta property=\"og:locale\" content=\"es_ES\" \/>\n<meta property=\"og:type\" content=\"article\" \/>\n<meta property=\"og:title\" content=\"General Ram\u00edrez: solicitan estar atento y denunciar situaciones de violencia de g\u00e9nero - Informe Litoral\" \/>\n<meta property=\"og:description\" content=\"Desde el municipio brindaron las v\u00edas por donde se pueden canalizar las denuncias. Con el aislamiento preventivo por el COVID-19 hubo un aumento de los casos de violencia, especialmente contra las mujeres, en todo el pa\u00eds.\" \/>\n<meta property=\"og:url\" content=\"https:\/\/informelitoral.com.ar\/general-ramirez-solicitan-estar-atento-y-denunciar-situaciones-de-violencia-de-genero\/\" \/>\n<meta property=\"og:site_name\" content=\"Informe Litoral\" \/>\n<meta property=\"article:publisher\" content=\"https:\/\/www.facebook.com\/informelitoral\/\" \/>\n<meta property=\"article:published_time\" content=\"2020-05-06T18:49:36+00:00\" \/>\n<meta property=\"article:modified_time\" content=\"2020-05-06T18:54:14+00:00\" \/>\n<meta property=\"og:image\" content=\"https:\/\/informelitoral.com.ar\/%77%70%2d%63%6f%6e%74%65%6e%74\/uploads\/2016\/06\/violencia_genero.jpg\" \/>\n\t<meta property=\"og:image:width\" content=\"555\" \/>\n\t<meta property=\"og:image:height\" content=\"416\" \/>\n\t<meta property=\"og:image:type\" content=\"image\/jpeg\" \/>\n<meta name=\"author\" content=\"Gonzalo Schmidt\" \/>\n<meta name=\"twitter:card\" content=\"summary_large_image\" \/>\n<meta name=\"twitter:creator\" content=\"@InformeLitoral\" \/>\n<meta name=\"twitter:site\" content=\"@InformeLitoral\" \/>\n<meta name=\"twitter:label1\" content=\"Escrito por\" \/>\n\t<meta name=\"twitter:data1\" content=\"Gonzalo Schmidt\" \/>\n\t<meta name=\"twitter:label2\" content=\"Tiempo de lectura\" \/>\n\t<meta name=\"twitter:data2\" content=\"1 minuto\" \/>\n<script type=\"application\/ld+json\" class=\"yoast-schema-graph\">{\"@context\":\"https:\\\/\\\/schema.org\",\"@graph\":[{\"@type\":\"Article\",\"@id\":\"https:\\\/\\\/informelitoral.com.ar\\\/general-ramirez-solicitan-estar-atento-y-denunciar-situaciones-de-violencia-de-genero\\\/#article\",\"isPartOf\":{\"@id\":\"https:\\\/\\\/informelitoral.com.ar\\\/general-ramirez-solicitan-estar-atento-y-denunciar-situaciones-de-violencia-de-genero\\\/\"},\"author\":{\"name\":\"Gonzalo Schmidt\",\"@id\":\"https:\\\/\\\/informelitoral.com.ar\\\/#\\\/schema\\\/person\\\/b9d00407c836482871ef1d57bf8e3180\"},\"headline\":\"General Ram\u00edrez: solicitan estar atento y denunciar situaciones de violencia de g\u00e9nero\",\"datePublished\":\"2020-05-06T18:49:36+00:00\",\"dateModified\":\"2020-05-06T18:54:14+00:00\",\"mainEntityOfPage\":{\"@id\":\"https:\\\/\\\/informelitoral.com.ar\\\/general-ramirez-solicitan-estar-atento-y-denunciar-situaciones-de-violencia-de-genero\\\/\"},\"wordCount\":264,\"commentCount\":0,\"publisher\":{\"@id\":\"https:\\\/\\\/informelitoral.com.ar\\\/#organization\"},\"image\":{\"@id\":\"https:\\\/\\\/informelitoral.com.ar\\\/general-ramirez-solicitan-estar-atento-y-denunciar-situaciones-de-violencia-de-genero\\\/#primaryimage\"},\"thumbnailUrl\":\"https:\\\/\\\/informelitoral.com.ar\\\/%77%70%2d%63%6f%6e%74%65%6e%74\\\/uploads\\\/2016\\\/06\\\/violencia_genero.jpg\",\"keywords\":[\"Cuarentena\",\"Municipalidad de General Ram\u00edrez\",\"Violencia de g\u00e9nero\"],\"articleSection\":[\"Departamento Diamante\"],\"inLanguage\":\"es\",\"potentialAction\":[{\"@type\":\"CommentAction\",\"name\":\"Comment\",\"target\":[\"https:\\\/\\\/informelitoral.com.ar\\\/general-ramirez-solicitan-estar-atento-y-denunciar-situaciones-de-violencia-de-genero\\\/#respond\"]}]},{\"@type\":\"WebPage\",\"@id\":\"https:\\\/\\\/informelitoral.com.ar\\\/general-ramirez-solicitan-estar-atento-y-denunciar-situaciones-de-violencia-de-genero\\\/\",\"url\":\"https:\\\/\\\/informelitoral.com.ar\\\/general-ramirez-solicitan-estar-atento-y-denunciar-situaciones-de-violencia-de-genero\\\/\",\"name\":\"General Ram\u00edrez: solicitan estar atento y denunciar situaciones de violencia de g\u00e9nero - Informe Litoral\",\"isPartOf\":{\"@id\":\"https:\\\/\\\/informelitoral.com.ar\\\/#website\"},\"primaryImageOfPage\":{\"@id\":\"https:\\\/\\\/informelitoral.com.ar\\\/general-ramirez-solicitan-estar-atento-y-denunciar-situaciones-de-violencia-de-genero\\\/#primaryimage\"},\"image\":{\"@id\":\"https:\\\/\\\/informelitoral.com.ar\\\/general-ramirez-solicitan-estar-atento-y-denunciar-situaciones-de-violencia-de-genero\\\/#primaryimage\"},\"thumbnailUrl\":\"https:\\\/\\\/informelitoral.com.ar\\\/%77%70%2d%63%6f%6e%74%65%6e%74\\\/uploads\\\/2016\\\/06\\\/violencia_genero.jpg\",\"datePublished\":\"2020-05-06T18:49:36+00:00\",\"dateModified\":\"2020-05-06T18:54:14+00:00\",\"breadcrumb\":{\"@id\":\"https:\\\/\\\/informelitoral.com.ar\\\/general-ramirez-solicitan-estar-atento-y-denunciar-situaciones-de-violencia-de-genero\\\/#breadcrumb\"},\"inLanguage\":\"es\",\"potentialAction\":[{\"@type\":\"ReadAction\",\"target\":[\"https:\\\/\\\/informelitoral.com.ar\\\/general-ramirez-solicitan-estar-atento-y-denunciar-situaciones-de-violencia-de-genero\\\/\"]}]},{\"@type\":\"ImageObject\",\"inLanguage\":\"es\",\"@id\":\"https:\\\/\\\/informelitoral.com.ar\\\/general-ramirez-solicitan-estar-atento-y-denunciar-situaciones-de-violencia-de-genero\\\/#primaryimage\",\"url\":\"https:\\\/\\\/informelitoral.com.ar\\\/%77%70%2d%63%6f%6e%74%65%6e%74\\\/uploads\\\/2016\\\/06\\\/violencia_genero.jpg\",\"contentUrl\":\"https:\\\/\\\/informelitoral.com.ar\\\/%77%70%2d%63%6f%6e%74%65%6e%74\\\/uploads\\\/2016\\\/06\\\/violencia_genero.jpg\",\"width\":555,\"height\":416},{\"@type\":\"BreadcrumbList\",\"@id\":\"https:\\\/\\\/informelitoral.com.ar\\\/general-ramirez-solicitan-estar-atento-y-denunciar-situaciones-de-violencia-de-genero\\\/#breadcrumb\",\"itemListElement\":[{\"@type\":\"ListItem\",\"position\":1,\"name\":\"Portada\",\"item\":\"https:\\\/\\\/informelitoral.com.ar\\\/\"},{\"@type\":\"ListItem\",\"position\":2,\"name\":\"General Ram\u00edrez: solicitan estar atento y denunciar situaciones de violencia de g\u00e9nero\"}]},{\"@type\":\"WebSite\",\"@id\":\"https:\\\/\\\/informelitoral.com.ar\\\/#website\",\"url\":\"https:\\\/\\\/informelitoral.com.ar\\\/\",\"name\":\"Informe Litoral\",\"description\":\"&quot;Nos informamos&quot; \",\"publisher\":{\"@id\":\"https:\\\/\\\/informelitoral.com.ar\\\/#organization\"},\"potentialAction\":[{\"@type\":\"SearchAction\",\"target\":{\"@type\":\"EntryPoint\",\"urlTemplate\":\"https:\\\/\\\/informelitoral.com.ar\\\/?s={search_term_string}\"},\"query-input\":{\"@type\":\"PropertyValueSpecification\",\"valueRequired\":true,\"valueName\":\"search_term_string\"}}],\"inLanguage\":\"es\"},{\"@type\":\"Organization\",\"@id\":\"https:\\\/\\\/informelitoral.com.ar\\\/#organization\",\"name\":\"Informe Litoral\",\"url\":\"https:\\\/\\\/informelitoral.com.ar\\\/\",\"logo\":{\"@type\":\"ImageObject\",\"inLanguage\":\"es\",\"@id\":\"https:\\\/\\\/informelitoral.com.ar\\\/#\\\/schema\\\/logo\\\/image\\\/\",\"url\":\"https:\\\/\\\/informelitoral.com.ar\\\/%77%70%2d%63%6f%6e%74%65%6e%74\\\/uploads\\\/2021\\\/01\\\/circulo.png\",\"contentUrl\":\"https:\\\/\\\/informelitoral.com.ar\\\/%77%70%2d%63%6f%6e%74%65%6e%74\\\/uploads\\\/2021\\\/01\\\/circulo.png\",\"width\":723,\"height\":731,\"caption\":\"Informe Litoral\"},\"image\":{\"@id\":\"https:\\\/\\\/informelitoral.com.ar\\\/#\\\/schema\\\/logo\\\/image\\\/\"},\"sameAs\":[\"https:\\\/\\\/www.facebook.com\\\/informelitoral\\\/\",\"https:\\\/\\\/x.com\\\/InformeLitoral\",\"https:\\\/\\\/www.instagram.com\\\/informelitoral\\\/\",\"https:\\\/\\\/www.youtube.com\\\/channel\\\/UCua4Qvz8Icb6MYqhoq9xLXw\"]},{\"@type\":\"Person\",\"@id\":\"https:\\\/\\\/informelitoral.com.ar\\\/#\\\/schema\\\/person\\\/b9d00407c836482871ef1d57bf8e3180\",\"name\":\"Gonzalo Schmidt\",\"image\":{\"@type\":\"ImageObject\",\"inLanguage\":\"es\",\"@id\":\"https:\\\/\\\/secure.gravatar.com\\\/avatar\\\/31a1a7b66ff2de83bd0e9fd79d026630d2d99e55e8bfe501287647b4fd9743de?s=96&d=mm&r=g\",\"url\":\"https:\\\/\\\/secure.gravatar.com\\\/avatar\\\/31a1a7b66ff2de83bd0e9fd79d026630d2d99e55e8bfe501287647b4fd9743de?s=96&d=mm&r=g\",\"contentUrl\":\"https:\\\/\\\/secure.gravatar.com\\\/avatar\\\/31a1a7b66ff2de83bd0e9fd79d026630d2d99e55e8bfe501287647b4fd9743de?s=96&d=mm&r=g\",\"caption\":\"Gonzalo Schmidt\"},\"description\":\"Sitio web de noticias de la provincia de Entre R\u00edos, Argentina. Informaci\u00f3n y entretenimiento. Informe Litoral, nos informamos.\",\"sameAs\":[\"http:\\\/\\\/www.isletasnoticias.com.ar\"],\"url\":\"https:\\\/\\\/informelitoral.com.ar\\\/author\\\/gonzalo\\\/\"}]}<\/script>","yoast_head_json":{"title":"General Ram\u00edrez: solicitan estar atento y denunciar situaciones de violencia de g\u00e9nero - Informe Litoral","robots":{"index":"index","follow":"follow","max-snippet":"max-snippet:-1","max-image-preview":"max-image-preview:large","max-video-preview":"max-video-preview:-1"},"canonical":"https:\/\/informelitoral.com.ar\/general-ramirez-solicitan-estar-atento-y-denunciar-situaciones-de-violencia-de-genero\/","og_locale":"es_ES","og_type":"article","og_title":"General Ram\u00edrez: solicitan estar atento y denunciar situaciones de violencia de g\u00e9nero - Informe Litoral","og_description":"Desde el municipio brindaron las v\u00edas por donde se pueden canalizar las denuncias. Con el aislamiento preventivo por el COVID-19 hubo un aumento de los casos de violencia, especialmente contra las mujeres, en todo el pa\u00eds.","og_url":"https:\/\/informelitoral.com.ar\/general-ramirez-solicitan-estar-atento-y-denunciar-situaciones-de-violencia-de-genero\/","og_site_name":"Informe Litoral","article_publisher":"https:\/\/www.facebook.com\/informelitoral\/","article_published_time":"2020-05-06T18:49:36+00:00","article_modified_time":"2020-05-06T18:54:14+00:00","og_image":[{"width":555,"height":416,"url":"https:\/\/informelitoral.com.ar\/%77%70%2d%63%6f%6e%74%65%6e%74\/uploads\/2016\/06\/violencia_genero.jpg","type":"image\/jpeg"}],"author":"Gonzalo Schmidt","twitter_card":"summary_large_image","twitter_creator":"@InformeLitoral","twitter_site":"@InformeLitoral","twitter_misc":{"Escrito por":"Gonzalo Schmidt","Tiempo de lectura":"1 minuto"},"schema":{"@context":"https:\/\/schema.org","@graph":[{"@type":"Article","@id":"https:\/\/informelitoral.com.ar\/general-ramirez-solicitan-estar-atento-y-denunciar-situaciones-de-violencia-de-genero\/#article","isPartOf":{"@id":"https:\/\/informelitoral.com.ar\/general-ramirez-solicitan-estar-atento-y-denunciar-situaciones-de-violencia-de-genero\/"},"author":{"name":"Gonzalo Schmidt","@id":"https:\/\/informelitoral.com.ar\/#\/schema\/person\/b9d00407c836482871ef1d57bf8e3180"},"headline":"General Ram\u00edrez: solicitan estar atento y denunciar situaciones de violencia de g\u00e9nero","datePublished":"2020-05-06T18:49:36+00:00","dateModified":"2020-05-06T18:54:14+00:00","mainEntityOfPage":{"@id":"https:\/\/informelitoral.com.ar\/general-ramirez-solicitan-estar-atento-y-denunciar-situaciones-de-violencia-de-genero\/"},"wordCount":264,"commentCount":0,"publisher":{"@id":"https:\/\/informelitoral.com.ar\/#organization"},"image":{"@id":"https:\/\/informelitoral.com.ar\/general-ramirez-solicitan-estar-atento-y-denunciar-situaciones-de-violencia-de-genero\/#primaryimage"},"thumbnailUrl":"https:\/\/informelitoral.com.ar\/%77%70%2d%63%6f%6e%74%65%6e%74\/uploads\/2016\/06\/violencia_genero.jpg","keywords":["Cuarentena","Municipalidad de General Ram\u00edrez","Violencia de g\u00e9nero"],"articleSection":["Departamento Diamante"],"inLanguage":"es","potentialAction":[{"@type":"CommentAction","name":"Comment","target":["https:\/\/informelitoral.com.ar\/general-ramirez-solicitan-estar-atento-y-denunciar-situaciones-de-violencia-de-genero\/#respond"]}]},{"@type":"WebPage","@id":"https:\/\/informelitoral.com.ar\/general-ramirez-solicitan-estar-atento-y-denunciar-situaciones-de-violencia-de-genero\/","url":"https:\/\/informelitoral.com.ar\/general-ramirez-solicitan-estar-atento-y-denunciar-situaciones-de-violencia-de-genero\/","name":"General Ram\u00edrez: solicitan estar atento y denunciar situaciones de violencia de g\u00e9nero - Informe Litoral","isPartOf":{"@id":"https:\/\/informelitoral.com.ar\/#website"},"primaryImageOfPage":{"@id":"https:\/\/informelitoral.com.ar\/general-ramirez-solicitan-estar-atento-y-denunciar-situaciones-de-violencia-de-genero\/#primaryimage"},"image":{"@id":"https:\/\/informelitoral.com.ar\/general-ramirez-solicitan-estar-atento-y-denunciar-situaciones-de-violencia-de-genero\/#primaryimage"},"thumbnailUrl":"https:\/\/informelitoral.com.ar\/%77%70%2d%63%6f%6e%74%65%6e%74\/uploads\/2016\/06\/violencia_genero.jpg","datePublished":"2020-05-06T18:49:36+00:00","dateModified":"2020-05-06T18:54:14+00:00","breadcrumb":{"@id":"https:\/\/informelitoral.com.ar\/general-ramirez-solicitan-estar-atento-y-denunciar-situaciones-de-violencia-de-genero\/#breadcrumb"},"inLanguage":"es","potentialAction":[{"@type":"ReadAction","target":["https:\/\/informelitoral.com.ar\/general-ramirez-solicitan-estar-atento-y-denunciar-situaciones-de-violencia-de-genero\/"]}]},{"@type":"ImageObject","inLanguage":"es","@id":"https:\/\/informelitoral.com.ar\/general-ramirez-solicitan-estar-atento-y-denunciar-situaciones-de-violencia-de-genero\/#primaryimage","url":"https:\/\/informelitoral.com.ar\/%77%70%2d%63%6f%6e%74%65%6e%74\/uploads\/2016\/06\/violencia_genero.jpg","contentUrl":"https:\/\/informelitoral.com.ar\/%77%70%2d%63%6f%6e%74%65%6e%74\/uploads\/2016\/06\/violencia_genero.jpg","width":555,"height":416},{"@type":"BreadcrumbList","@id":"https:\/\/informelitoral.com.ar\/general-ramirez-solicitan-estar-atento-y-denunciar-situaciones-de-violencia-de-genero\/#breadcrumb","itemListElement":[{"@type":"ListItem","position":1,"name":"Portada","item":"https:\/\/informelitoral.com.ar\/"},{"@type":"ListItem","position":2,"name":"General Ram\u00edrez: solicitan estar atento y denunciar situaciones de violencia de g\u00e9nero"}]},{"@type":"WebSite","@id":"https:\/\/informelitoral.com.ar\/#website","url":"https:\/\/informelitoral.com.ar\/","name":"Informe Litoral","description":"&quot;Nos informamos&quot; ","publisher":{"@id":"https:\/\/informelitoral.com.ar\/#organization"},"potentialAction":[{"@type":"SearchAction","target":{"@type":"EntryPoint","urlTemplate":"https:\/\/informelitoral.com.ar\/?s={search_term_string}"},"query-input":{"@type":"PropertyValueSpecification","valueRequired":true,"valueName":"search_term_string"}}],"inLanguage":"es"},{"@type":"Organization","@id":"https:\/\/informelitoral.com.ar\/#organization","name":"Informe Litoral","url":"https:\/\/informelitoral.com.ar\/","logo":{"@type":"ImageObject","inLanguage":"es","@id":"https:\/\/informelitoral.com.ar\/#\/schema\/logo\/image\/","url":"https:\/\/informelitoral.com.ar\/%77%70%2d%63%6f%6e%74%65%6e%74\/uploads\/2021\/01\/circulo.png","contentUrl":"https:\/\/informelitoral.com.ar\/%77%70%2d%63%6f%6e%74%65%6e%74\/uploads\/2021\/01\/circulo.png","width":723,"height":731,"caption":"Informe Litoral"},"image":{"@id":"https:\/\/informelitoral.com.ar\/#\/schema\/logo\/image\/"},"sameAs":["https:\/\/www.facebook.com\/informelitoral\/","https:\/\/x.com\/InformeLitoral","https:\/\/www.instagram.com\/informelitoral\/","https:\/\/www.youtube.com\/channel\/UCua4Qvz8Icb6MYqhoq9xLXw"]},{"@type":"Person","@id":"https:\/\/informelitoral.com.ar\/#\/schema\/person\/b9d00407c836482871ef1d57bf8e3180","name":"Gonzalo Schmidt","image":{"@type":"ImageObject","inLanguage":"es","@id":"https:\/\/secure.gravatar.com\/avatar\/31a1a7b66ff2de83bd0e9fd79d026630d2d99e55e8bfe501287647b4fd9743de?s=96&d=mm&r=g","url":"https:\/\/secure.gravatar.com\/avatar\/31a1a7b66ff2de83bd0e9fd79d026630d2d99e55e8bfe501287647b4fd9743de?s=96&d=mm&r=g","contentUrl":"https:\/\/secure.gravatar.com\/avatar\/31a1a7b66ff2de83bd0e9fd79d026630d2d99e55e8bfe501287647b4fd9743de?s=96&d=mm&r=g","caption":"Gonzalo Schmidt"},"description":"Sitio web de noticias de la provincia de Entre R\u00edos, Argentina. Informaci\u00f3n y entretenimiento. Informe Litoral, nos informamos.","sameAs":["http:\/\/www.isletasnoticias.com.ar"],"url":"https:\/\/informelitoral.com.ar\/author\/gonzalo\/"}]}},"_links":{"self":[{"href":"https:\/\/informelitoral.com.ar\/%77%70%2d%6a%73%6f%6e\/wp\/v2\/posts\/42781","targetHints":{"allow":["GET"]}}],"collection":[{"href":"https:\/\/informelitoral.com.ar\/%77%70%2d%6a%73%6f%6e\/wp\/v2\/posts"}],"about":[{"href":"https:\/\/informelitoral.com.ar\/%77%70%2d%6a%73%6f%6e\/wp\/v2\/types\/post"}],"author":[{"embeddable":true,"href":"https:\/\/informelitoral.com.ar\/%77%70%2d%6a%73%6f%6e\/wp\/v2\/users\/2"}],"replies":[{"embeddable":true,"href":"https:\/\/informelitoral.com.ar\/%77%70%2d%6a%73%6f%6e\/wp\/v2\/comments?post=42781"}],"version-history":[{"count":0,"href":"https:\/\/informelitoral.com.ar\/%77%70%2d%6a%73%6f%6e\/wp\/v2\/posts\/42781\/revisions"}],"wp:featuredmedia":[{"embeddable":true,"href":"https:\/\/informelitoral.com.ar\/%77%70%2d%6a%73%6f%6e\/wp\/v2\/media\/16787"}],"wp:attachment":[{"href":"https:\/\/informelitoral.com.ar\/%77%70%2d%6a%73%6f%6e\/wp\/v2\/media?parent=42781"}],"wp:term":[{"taxonomy":"category","embeddable":true,"href":"https:\/\/informelitoral.com.ar\/%77%70%2d%6a%73%6f%6e\/wp\/v2\/categories?post=42781"},{"taxonomy":"post_tag","embeddable":true,"href":"https:\/\/informelitoral.com.ar\/%77%70%2d%6a%73%6f%6e\/wp\/v2\/tags?post=42781"}],"curies":[{"name":"wp","href":"https:\/\/api.w.org\/{rel}","templated":true}]}}