{"id":42779,"date":"2020-05-06T11:20:35","date_gmt":"2020-05-06T14:20:35","guid":{"rendered":"https:\/\/www.isletasnoticias.com.ar\/?p=42779"},"modified":"2020-05-06T11:20:35","modified_gmt":"2020-05-06T14:20:35","slug":"piden-la-disolucion-de-vialidad","status":"publish","type":"post","link":"https:\/\/informelitoral.com.ar\/piden-la-disolucion-de-vialidad\/","title":{"rendered":"Piden la disoluci\u00f3n de Vialidad"},"content":{"rendered":"<p>La Sociedad Rural de Nogoy\u00e1, a trav\u00e9s de una carta p\u00fablica, le pidi\u00f3 al gobernador Gustavo Bordet que tenga \u201cel coraje de usar las facultades que su investidura le otorgan\u201d y \u201cdisuelva completamente\u201d la Direcci\u00f3n Provincial de Vialidad (DPV), porque la repartici\u00f3n, argumenta la entidad, \u201cno hace su trabajo\u201d y \u201cno sabemos a qu\u00e9 destina los recursos que dice invertir, porque en los caminos estamos seguros que no\u201d.<\/p>\n<p>La Rural presidida por Ra\u00fal Mart\u00ednez, en la in\u00e9dita solicitud, adem\u00e1s, propuso a Bordet que una vez disuelta la DPV disponga la creaci\u00f3n de \u201cun organismo serio y responsable, formado por t\u00e9cnicos y profesionales capacitados y comprometidos con su trabajo, con directivos id\u00f3neos que justifiquen, con resultados, los sueldos que les pagamos\u201d.<\/p>\n<p>El malestar por el deplorable estado de los caminos entrerrianos \u2013un problema cr\u00f3nico, que lleva much\u00edsimo tiempo\u2013 es enorme entre los productores agropecuarios y, tambi\u00e9n, entre los ciudadanos que por distintas razones deben transitar por ellos. Pasan los a\u00f1os, pasan los gobiernos, y los caminos contin\u00faan deterior\u00e1ndose sin que se adopten medidas que permitan revertir la situaci\u00f3n.<\/p>\n<p>Las versiones sobre nombramientos, designaciones y aumentos de sueldos en la DPV, conocidas en las \u00faltimas semanas, fue la gota que rebals\u00f3 el vaso. En este marco, los ruralistas nogoyaenses se hartaron y salieron a pedir, lisa y llanamente, la disoluci\u00f3n del organismo.<\/p>\n<p><b>Una \u201cgrosera\u201d falta de mantenimiento<\/b><\/p>\n<p>\u201cSomos productores, la mayor\u00eda de nosotros vive en el campo donde trabaja, tenemos entre 30 y casi 80 a\u00f1os, y junto a nuestras familias, sentimos que representamos el presente y el futuro de nuestra actividad\u201d, se\u00f1ala la carta p\u00fablica de la Sociedad Rural de Nogoy\u00e1, y agrega que \u201cgeneraci\u00f3n tras generaci\u00f3n transitamos los caminos rurales del departamento y podemos decir que somos testigos vivos de la progresiva degradaci\u00f3n estructural y grosera falta de mantenimiento que sufren los mismos\u201d.<\/p>\n<p>En el texto dirigido a Bordet, asimismo, se recuerda que \u201chace unos 20 o 30 a\u00f1os cont\u00e1bamos con varios ripios en los caminos troncales, ripios que hoy han desaparecido; puentes Bailey que fueron colocados provisoriamente y hoy se caen a pedazos, porque eran justamente eso, provisorios; alcantarillas rotas o tapadas que hacen que el agua circule por la calle, socav\u00e1ndola. Todo esto refleja que por m\u00e1s que, como usted prometi\u00f3, destine el 30% del Impuesto Inmobiliario Rural a la Direcci\u00f3n de Vialidad, \u00e9sta no hace su trabajo, no sabemos a qu\u00e9 destina los recursos que dice invertir, porque en los caminos, estamos seguros que no\u201d.<\/p>\n<p><b>Abandonados<\/b><\/p>\n<p>Seg\u00fan public\u00f3 Dos Florines, los ruralistas, adem\u00e1s, le expresan a Bordet que \u201csentimos que el Estado que usted dirige nos ha abandonado a la buena de Dios, ya que las m\u00e1quinas que deber\u00edan estar arreglando y manteniendo los caminos rurales, hace a\u00f1os que brillan por su ausencia. \u00bfSabr\u00e1 usted d\u00f3nde est\u00e1n? Lo cierto es que ni el personal ni la maquinaria est\u00e1n donde deber\u00edan. Sin embargo, llegan noticias de nombramientos, designaciones y aumentos de sueldo en el organismo responsable directo de los caminos rurales\u201d.<\/p>\n<p>La entidad nogoyaense, siempre con un fuerte tono cr\u00edtico, le remarca al Gobernador que los caminos \u201cno se arreglar\u00e1n nunca desde una oficina administrativa\u201d y \u201cquienes los transitamos diariamente lo sabemos muy bien, lo saben nuestros veh\u00edculos cuando no resisten m\u00e1s el traqueteo y se rompen, lo saben los camioneros cuando se quedan encajados, los muchachos de la trilla cuando no pueden pasar por falta de puentes, las maestras y enfermeras cuando intentan llegar a sus lugares de trabajo. los oficiales de las fuerzas de seguridad lo tienen m\u00e1s que claro cuando intentan cuidarnos o impedir alguna desgracia, lo sabemos los entrerrianos que trabajamos en el campo y que en cierta \u00e9poca del a\u00f1o necesitamos que todo nuestro esfuerzo llegue a los mercados, pero por los visto, los \u00fanicos que no se han enterado son los encargados de repararlos\u201d.<\/p>\n<p>En el cierre de la carta p\u00fablica a Bordet, la Sociedad Rural de Nogoy\u00e1 apela \u201ca su val\u00eda de hombre y a su capacidad\u201d y le solicita que atienda el pedido con \u201ccar\u00e1cter de urgente\u201d, public\u00f3 <em>Informe Digital.<\/em><\/p>\n","protected":false},"excerpt":{"rendered":"<p>La Sociedad Rural de Nogoy\u00e1 reclam\u00f3 al gobernador que tome esa medida y disponga la creaci\u00f3n de un nuevo organismo con directivos id\u00f3neos. Es ante el malestar por el estado de los caminos de la producci\u00f3n.<\/p>\n","protected":false},"author":2,"featured_media":4733,"comment_status":"open","ping_status":"open","sticky":false,"template":"","format":"standard","meta":{"fifu_image_url":"","fifu_image_alt":"","footnotes":""},"categories":[10],"tags":[106,81,865,108],"class_list":{"0":"post-42779","1":"post","2":"type-post","3":"status-publish","4":"format-standard","5":"has-post-thumbnail","7":"category-campo","8":"tag-caminos","9":"tag-entre-rios","10":"tag-sociedad-rural","11":"tag-vialidad"},"yoast_head":"<title>Piden la disoluci\u00f3n de Vialidad - Informe Litoral<\/title>\n<meta name=\"robots\" content=\"index, follow, max-snippet:-1, max-image-preview:large, max-video-preview:-1\" \/>\n<link rel=\"canonical\" href=\"https:\/\/informelitoral.com.ar\/piden-la-disolucion-de-vialidad\/\" \/>\n<meta property=\"og:locale\" content=\"es_ES\" \/>\n<meta property=\"og:type\" content=\"article\" \/>\n<meta property=\"og:title\" content=\"Piden la disoluci\u00f3n de Vialidad - Informe Litoral\" \/>\n<meta property=\"og:description\" content=\"La Sociedad Rural de Nogoy\u00e1 reclam\u00f3 al gobernador que tome esa medida y disponga la creaci\u00f3n de un nuevo organismo con directivos id\u00f3neos. Es ante el malestar por el estado de los caminos de la producci\u00f3n.\" \/>\n<meta property=\"og:url\" content=\"https:\/\/informelitoral.com.ar\/piden-la-disolucion-de-vialidad\/\" \/>\n<meta property=\"og:site_name\" content=\"Informe Litoral\" \/>\n<meta property=\"article:publisher\" content=\"https:\/\/www.facebook.com\/informelitoral\/\" \/>\n<meta property=\"article:published_time\" content=\"2020-05-06T14:20:35+00:00\" \/>\n<meta property=\"og:image\" content=\"https:\/\/informelitoral.com.ar\/%77%70%2d%63%6f%6e%74%65%6e%74\/uploads\/2013\/12\/vialidad.jpg\" \/>\n\t<meta property=\"og:image:width\" content=\"492\" \/>\n\t<meta property=\"og:image:height\" content=\"327\" \/>\n\t<meta property=\"og:image:type\" content=\"image\/jpeg\" \/>\n<meta name=\"author\" content=\"Gonzalo Schmidt\" \/>\n<meta name=\"twitter:card\" content=\"summary_large_image\" \/>\n<meta name=\"twitter:creator\" content=\"@InformeLitoral\" \/>\n<meta name=\"twitter:site\" content=\"@InformeLitoral\" \/>\n<meta name=\"twitter:label1\" content=\"Escrito por\" \/>\n\t<meta name=\"twitter:data1\" content=\"Gonzalo Schmidt\" \/>\n\t<meta name=\"twitter:label2\" content=\"Tiempo de lectura\" \/>\n\t<meta name=\"twitter:data2\" content=\"4 minutos\" \/>\n<script type=\"application\/ld+json\" class=\"yoast-schema-graph\">{\"@context\":\"https:\\\/\\\/schema.org\",\"@graph\":[{\"@type\":\"Article\",\"@id\":\"https:\\\/\\\/informelitoral.com.ar\\\/piden-la-disolucion-de-vialidad\\\/#article\",\"isPartOf\":{\"@id\":\"https:\\\/\\\/informelitoral.com.ar\\\/piden-la-disolucion-de-vialidad\\\/\"},\"author\":{\"name\":\"Gonzalo Schmidt\",\"@id\":\"https:\\\/\\\/informelitoral.com.ar\\\/#\\\/schema\\\/person\\\/b9d00407c836482871ef1d57bf8e3180\"},\"headline\":\"Piden la disoluci\u00f3n de Vialidad\",\"datePublished\":\"2020-05-06T14:20:35+00:00\",\"mainEntityOfPage\":{\"@id\":\"https:\\\/\\\/informelitoral.com.ar\\\/piden-la-disolucion-de-vialidad\\\/\"},\"wordCount\":720,\"commentCount\":0,\"publisher\":{\"@id\":\"https:\\\/\\\/informelitoral.com.ar\\\/#organization\"},\"image\":{\"@id\":\"https:\\\/\\\/informelitoral.com.ar\\\/piden-la-disolucion-de-vialidad\\\/#primaryimage\"},\"thumbnailUrl\":\"https:\\\/\\\/informelitoral.com.ar\\\/%77%70%2d%63%6f%6e%74%65%6e%74\\\/uploads\\\/2013\\\/12\\\/vialidad.jpg\",\"keywords\":[\"Caminos\",\"Entre R\u00edos\",\"Sociedad Rural\",\"Vialidad\"],\"articleSection\":[\"Campo\"],\"inLanguage\":\"es\",\"potentialAction\":[{\"@type\":\"CommentAction\",\"name\":\"Comment\",\"target\":[\"https:\\\/\\\/informelitoral.com.ar\\\/piden-la-disolucion-de-vialidad\\\/#respond\"]}]},{\"@type\":\"WebPage\",\"@id\":\"https:\\\/\\\/informelitoral.com.ar\\\/piden-la-disolucion-de-vialidad\\\/\",\"url\":\"https:\\\/\\\/informelitoral.com.ar\\\/piden-la-disolucion-de-vialidad\\\/\",\"name\":\"Piden la disoluci\u00f3n de Vialidad - Informe Litoral\",\"isPartOf\":{\"@id\":\"https:\\\/\\\/informelitoral.com.ar\\\/#website\"},\"primaryImageOfPage\":{\"@id\":\"https:\\\/\\\/informelitoral.com.ar\\\/piden-la-disolucion-de-vialidad\\\/#primaryimage\"},\"image\":{\"@id\":\"https:\\\/\\\/informelitoral.com.ar\\\/piden-la-disolucion-de-vialidad\\\/#primaryimage\"},\"thumbnailUrl\":\"https:\\\/\\\/informelitoral.com.ar\\\/%77%70%2d%63%6f%6e%74%65%6e%74\\\/uploads\\\/2013\\\/12\\\/vialidad.jpg\",\"datePublished\":\"2020-05-06T14:20:35+00:00\",\"breadcrumb\":{\"@id\":\"https:\\\/\\\/informelitoral.com.ar\\\/piden-la-disolucion-de-vialidad\\\/#breadcrumb\"},\"inLanguage\":\"es\",\"potentialAction\":[{\"@type\":\"ReadAction\",\"target\":[\"https:\\\/\\\/informelitoral.com.ar\\\/piden-la-disolucion-de-vialidad\\\/\"]}]},{\"@type\":\"ImageObject\",\"inLanguage\":\"es\",\"@id\":\"https:\\\/\\\/informelitoral.com.ar\\\/piden-la-disolucion-de-vialidad\\\/#primaryimage\",\"url\":\"https:\\\/\\\/informelitoral.com.ar\\\/%77%70%2d%63%6f%6e%74%65%6e%74\\\/uploads\\\/2013\\\/12\\\/vialidad.jpg\",\"contentUrl\":\"https:\\\/\\\/informelitoral.com.ar\\\/%77%70%2d%63%6f%6e%74%65%6e%74\\\/uploads\\\/2013\\\/12\\\/vialidad.jpg\",\"width\":492,\"height\":327},{\"@type\":\"BreadcrumbList\",\"@id\":\"https:\\\/\\\/informelitoral.com.ar\\\/piden-la-disolucion-de-vialidad\\\/#breadcrumb\",\"itemListElement\":[{\"@type\":\"ListItem\",\"position\":1,\"name\":\"Portada\",\"item\":\"https:\\\/\\\/informelitoral.com.ar\\\/\"},{\"@type\":\"ListItem\",\"position\":2,\"name\":\"Piden la disoluci\u00f3n de Vialidad\"}]},{\"@type\":\"WebSite\",\"@id\":\"https:\\\/\\\/informelitoral.com.ar\\\/#website\",\"url\":\"https:\\\/\\\/informelitoral.com.ar\\\/\",\"name\":\"Informe Litoral\",\"description\":\"&quot;Nos informamos&quot; \",\"publisher\":{\"@id\":\"https:\\\/\\\/informelitoral.com.ar\\\/#organization\"},\"potentialAction\":[{\"@type\":\"SearchAction\",\"target\":{\"@type\":\"EntryPoint\",\"urlTemplate\":\"https:\\\/\\\/informelitoral.com.ar\\\/?s={search_term_string}\"},\"query-input\":{\"@type\":\"PropertyValueSpecification\",\"valueRequired\":true,\"valueName\":\"search_term_string\"}}],\"inLanguage\":\"es\"},{\"@type\":\"Organization\",\"@id\":\"https:\\\/\\\/informelitoral.com.ar\\\/#organization\",\"name\":\"Informe Litoral\",\"url\":\"https:\\\/\\\/informelitoral.com.ar\\\/\",\"logo\":{\"@type\":\"ImageObject\",\"inLanguage\":\"es\",\"@id\":\"https:\\\/\\\/informelitoral.com.ar\\\/#\\\/schema\\\/logo\\\/image\\\/\",\"url\":\"https:\\\/\\\/informelitoral.com.ar\\\/%77%70%2d%63%6f%6e%74%65%6e%74\\\/uploads\\\/2021\\\/01\\\/circulo.png\",\"contentUrl\":\"https:\\\/\\\/informelitoral.com.ar\\\/%77%70%2d%63%6f%6e%74%65%6e%74\\\/uploads\\\/2021\\\/01\\\/circulo.png\",\"width\":723,\"height\":731,\"caption\":\"Informe Litoral\"},\"image\":{\"@id\":\"https:\\\/\\\/informelitoral.com.ar\\\/#\\\/schema\\\/logo\\\/image\\\/\"},\"sameAs\":[\"https:\\\/\\\/www.facebook.com\\\/informelitoral\\\/\",\"https:\\\/\\\/x.com\\\/InformeLitoral\",\"https:\\\/\\\/www.instagram.com\\\/informelitoral\\\/\",\"https:\\\/\\\/www.youtube.com\\\/channel\\\/UCua4Qvz8Icb6MYqhoq9xLXw\"]},{\"@type\":\"Person\",\"@id\":\"https:\\\/\\\/informelitoral.com.ar\\\/#\\\/schema\\\/person\\\/b9d00407c836482871ef1d57bf8e3180\",\"name\":\"Gonzalo Schmidt\",\"image\":{\"@type\":\"ImageObject\",\"inLanguage\":\"es\",\"@id\":\"https:\\\/\\\/secure.gravatar.com\\\/avatar\\\/31a1a7b66ff2de83bd0e9fd79d026630d2d99e55e8bfe501287647b4fd9743de?s=96&d=mm&r=g\",\"url\":\"https:\\\/\\\/secure.gravatar.com\\\/avatar\\\/31a1a7b66ff2de83bd0e9fd79d026630d2d99e55e8bfe501287647b4fd9743de?s=96&d=mm&r=g\",\"contentUrl\":\"https:\\\/\\\/secure.gravatar.com\\\/avatar\\\/31a1a7b66ff2de83bd0e9fd79d026630d2d99e55e8bfe501287647b4fd9743de?s=96&d=mm&r=g\",\"caption\":\"Gonzalo Schmidt\"},\"description\":\"Sitio web de noticias de la provincia de Entre R\u00edos, Argentina. Informaci\u00f3n y entretenimiento. Informe Litoral, nos informamos.\",\"sameAs\":[\"http:\\\/\\\/www.isletasnoticias.com.ar\"],\"url\":\"https:\\\/\\\/informelitoral.com.ar\\\/author\\\/gonzalo\\\/\"}]}<\/script>","yoast_head_json":{"title":"Piden la disoluci\u00f3n de Vialidad - Informe Litoral","robots":{"index":"index","follow":"follow","max-snippet":"max-snippet:-1","max-image-preview":"max-image-preview:large","max-video-preview":"max-video-preview:-1"},"canonical":"https:\/\/informelitoral.com.ar\/piden-la-disolucion-de-vialidad\/","og_locale":"es_ES","og_type":"article","og_title":"Piden la disoluci\u00f3n de Vialidad - Informe Litoral","og_description":"La Sociedad Rural de Nogoy\u00e1 reclam\u00f3 al gobernador que tome esa medida y disponga la creaci\u00f3n de un nuevo organismo con directivos id\u00f3neos. Es ante el malestar por el estado de los caminos de la producci\u00f3n.","og_url":"https:\/\/informelitoral.com.ar\/piden-la-disolucion-de-vialidad\/","og_site_name":"Informe Litoral","article_publisher":"https:\/\/www.facebook.com\/informelitoral\/","article_published_time":"2020-05-06T14:20:35+00:00","og_image":[{"width":492,"height":327,"url":"https:\/\/informelitoral.com.ar\/%77%70%2d%63%6f%6e%74%65%6e%74\/uploads\/2013\/12\/vialidad.jpg","type":"image\/jpeg"}],"author":"Gonzalo Schmidt","twitter_card":"summary_large_image","twitter_creator":"@InformeLitoral","twitter_site":"@InformeLitoral","twitter_misc":{"Escrito por":"Gonzalo Schmidt","Tiempo de lectura":"4 minutos"},"schema":{"@context":"https:\/\/schema.org","@graph":[{"@type":"Article","@id":"https:\/\/informelitoral.com.ar\/piden-la-disolucion-de-vialidad\/#article","isPartOf":{"@id":"https:\/\/informelitoral.com.ar\/piden-la-disolucion-de-vialidad\/"},"author":{"name":"Gonzalo Schmidt","@id":"https:\/\/informelitoral.com.ar\/#\/schema\/person\/b9d00407c836482871ef1d57bf8e3180"},"headline":"Piden la disoluci\u00f3n de Vialidad","datePublished":"2020-05-06T14:20:35+00:00","mainEntityOfPage":{"@id":"https:\/\/informelitoral.com.ar\/piden-la-disolucion-de-vialidad\/"},"wordCount":720,"commentCount":0,"publisher":{"@id":"https:\/\/informelitoral.com.ar\/#organization"},"image":{"@id":"https:\/\/informelitoral.com.ar\/piden-la-disolucion-de-vialidad\/#primaryimage"},"thumbnailUrl":"https:\/\/informelitoral.com.ar\/%77%70%2d%63%6f%6e%74%65%6e%74\/uploads\/2013\/12\/vialidad.jpg","keywords":["Caminos","Entre R\u00edos","Sociedad Rural","Vialidad"],"articleSection":["Campo"],"inLanguage":"es","potentialAction":[{"@type":"CommentAction","name":"Comment","target":["https:\/\/informelitoral.com.ar\/piden-la-disolucion-de-vialidad\/#respond"]}]},{"@type":"WebPage","@id":"https:\/\/informelitoral.com.ar\/piden-la-disolucion-de-vialidad\/","url":"https:\/\/informelitoral.com.ar\/piden-la-disolucion-de-vialidad\/","name":"Piden la disoluci\u00f3n de Vialidad - Informe Litoral","isPartOf":{"@id":"https:\/\/informelitoral.com.ar\/#website"},"primaryImageOfPage":{"@id":"https:\/\/informelitoral.com.ar\/piden-la-disolucion-de-vialidad\/#primaryimage"},"image":{"@id":"https:\/\/informelitoral.com.ar\/piden-la-disolucion-de-vialidad\/#primaryimage"},"thumbnailUrl":"https:\/\/informelitoral.com.ar\/%77%70%2d%63%6f%6e%74%65%6e%74\/uploads\/2013\/12\/vialidad.jpg","datePublished":"2020-05-06T14:20:35+00:00","breadcrumb":{"@id":"https:\/\/informelitoral.com.ar\/piden-la-disolucion-de-vialidad\/#breadcrumb"},"inLanguage":"es","potentialAction":[{"@type":"ReadAction","target":["https:\/\/informelitoral.com.ar\/piden-la-disolucion-de-vialidad\/"]}]},{"@type":"ImageObject","inLanguage":"es","@id":"https:\/\/informelitoral.com.ar\/piden-la-disolucion-de-vialidad\/#primaryimage","url":"https:\/\/informelitoral.com.ar\/%77%70%2d%63%6f%6e%74%65%6e%74\/uploads\/2013\/12\/vialidad.jpg","contentUrl":"https:\/\/informelitoral.com.ar\/%77%70%2d%63%6f%6e%74%65%6e%74\/uploads\/2013\/12\/vialidad.jpg","width":492,"height":327},{"@type":"BreadcrumbList","@id":"https:\/\/informelitoral.com.ar\/piden-la-disolucion-de-vialidad\/#breadcrumb","itemListElement":[{"@type":"ListItem","position":1,"name":"Portada","item":"https:\/\/informelitoral.com.ar\/"},{"@type":"ListItem","position":2,"name":"Piden la disoluci\u00f3n de Vialidad"}]},{"@type":"WebSite","@id":"https:\/\/informelitoral.com.ar\/#website","url":"https:\/\/informelitoral.com.ar\/","name":"Informe Litoral","description":"&quot;Nos informamos&quot; ","publisher":{"@id":"https:\/\/informelitoral.com.ar\/#organization"},"potentialAction":[{"@type":"SearchAction","target":{"@type":"EntryPoint","urlTemplate":"https:\/\/informelitoral.com.ar\/?s={search_term_string}"},"query-input":{"@type":"PropertyValueSpecification","valueRequired":true,"valueName":"search_term_string"}}],"inLanguage":"es"},{"@type":"Organization","@id":"https:\/\/informelitoral.com.ar\/#organization","name":"Informe Litoral","url":"https:\/\/informelitoral.com.ar\/","logo":{"@type":"ImageObject","inLanguage":"es","@id":"https:\/\/informelitoral.com.ar\/#\/schema\/logo\/image\/","url":"https:\/\/informelitoral.com.ar\/%77%70%2d%63%6f%6e%74%65%6e%74\/uploads\/2021\/01\/circulo.png","contentUrl":"https:\/\/informelitoral.com.ar\/%77%70%2d%63%6f%6e%74%65%6e%74\/uploads\/2021\/01\/circulo.png","width":723,"height":731,"caption":"Informe Litoral"},"image":{"@id":"https:\/\/informelitoral.com.ar\/#\/schema\/logo\/image\/"},"sameAs":["https:\/\/www.facebook.com\/informelitoral\/","https:\/\/x.com\/InformeLitoral","https:\/\/www.instagram.com\/informelitoral\/","https:\/\/www.youtube.com\/channel\/UCua4Qvz8Icb6MYqhoq9xLXw"]},{"@type":"Person","@id":"https:\/\/informelitoral.com.ar\/#\/schema\/person\/b9d00407c836482871ef1d57bf8e3180","name":"Gonzalo Schmidt","image":{"@type":"ImageObject","inLanguage":"es","@id":"https:\/\/secure.gravatar.com\/avatar\/31a1a7b66ff2de83bd0e9fd79d026630d2d99e55e8bfe501287647b4fd9743de?s=96&d=mm&r=g","url":"https:\/\/secure.gravatar.com\/avatar\/31a1a7b66ff2de83bd0e9fd79d026630d2d99e55e8bfe501287647b4fd9743de?s=96&d=mm&r=g","contentUrl":"https:\/\/secure.gravatar.com\/avatar\/31a1a7b66ff2de83bd0e9fd79d026630d2d99e55e8bfe501287647b4fd9743de?s=96&d=mm&r=g","caption":"Gonzalo Schmidt"},"description":"Sitio web de noticias de la provincia de Entre R\u00edos, Argentina. Informaci\u00f3n y entretenimiento. Informe Litoral, nos informamos.","sameAs":["http:\/\/www.isletasnoticias.com.ar"],"url":"https:\/\/informelitoral.com.ar\/author\/gonzalo\/"}]}},"_links":{"self":[{"href":"https:\/\/informelitoral.com.ar\/%77%70%2d%6a%73%6f%6e\/wp\/v2\/posts\/42779","targetHints":{"allow":["GET"]}}],"collection":[{"href":"https:\/\/informelitoral.com.ar\/%77%70%2d%6a%73%6f%6e\/wp\/v2\/posts"}],"about":[{"href":"https:\/\/informelitoral.com.ar\/%77%70%2d%6a%73%6f%6e\/wp\/v2\/types\/post"}],"author":[{"embeddable":true,"href":"https:\/\/informelitoral.com.ar\/%77%70%2d%6a%73%6f%6e\/wp\/v2\/users\/2"}],"replies":[{"embeddable":true,"href":"https:\/\/informelitoral.com.ar\/%77%70%2d%6a%73%6f%6e\/wp\/v2\/comments?post=42779"}],"version-history":[{"count":0,"href":"https:\/\/informelitoral.com.ar\/%77%70%2d%6a%73%6f%6e\/wp\/v2\/posts\/42779\/revisions"}],"wp:featuredmedia":[{"embeddable":true,"href":"https:\/\/informelitoral.com.ar\/%77%70%2d%6a%73%6f%6e\/wp\/v2\/media\/4733"}],"wp:attachment":[{"href":"https:\/\/informelitoral.com.ar\/%77%70%2d%6a%73%6f%6e\/wp\/v2\/media?parent=42779"}],"wp:term":[{"taxonomy":"category","embeddable":true,"href":"https:\/\/informelitoral.com.ar\/%77%70%2d%6a%73%6f%6e\/wp\/v2\/categories?post=42779"},{"taxonomy":"post_tag","embeddable":true,"href":"https:\/\/informelitoral.com.ar\/%77%70%2d%6a%73%6f%6e\/wp\/v2\/tags?post=42779"}],"curies":[{"name":"wp","href":"https:\/\/api.w.org\/{rel}","templated":true}]}}