{"id":42772,"date":"2020-05-06T10:59:16","date_gmt":"2020-05-06T13:59:16","guid":{"rendered":"https:\/\/www.isletasnoticias.com.ar\/?p=42772"},"modified":"2020-05-06T11:12:42","modified_gmt":"2020-05-06T14:12:42","slug":"parlamentarios-del-mercosur-piden-la-veda-extraordinaria-de-la-pesca","status":"publish","type":"post","link":"https:\/\/informelitoral.com.ar\/parlamentarios-del-mercosur-piden-la-veda-extraordinaria-de-la-pesca\/","title":{"rendered":"Parlamentarios del Mercosur piden la veda extraordinaria de la pesca"},"content":{"rendered":"<p>Los <strong>parlamentarios del Mercosur,<\/strong> pertenecientes a la regi\u00f3n litoral, presentaron un <strong>proyecto<\/strong> para <strong>declarar de inter\u00e9s la veda extraordinaria<\/strong> y solicitan a las provincias de Entre R\u00edos y Santa Fe adherir al documento.<\/p>\n<p><a href=\"https:\/\/www.isletasnoticias.com.ar\/%77%70%2d%63%6f%6e%74%65%6e%74\/uploads\/2020\/04\/rio-parana-bajante.jpg\"><img loading=\"lazy\" decoding=\"async\" class=\"aligncenter wp-image-42401 size-full\" src=\"https:\/\/www.isletasnoticias.com.ar\/%77%70%2d%63%6f%6e%74%65%6e%74\/uploads\/2020\/04\/rio-parana-bajante.jpg\" alt=\"\" width=\"800\" height=\"450\" srcset=\"https:\/\/informelitoral.com.ar\/%77%70%2d%63%6f%6e%74%65%6e%74\/uploads\/2020\/04\/rio-parana-bajante.jpg 800w, https:\/\/informelitoral.com.ar\/%77%70%2d%63%6f%6e%74%65%6e%74\/uploads\/2020\/04\/rio-parana-bajante-300x169.jpg 300w, https:\/\/informelitoral.com.ar\/%77%70%2d%63%6f%6e%74%65%6e%74\/uploads\/2020\/04\/rio-parana-bajante-768x432.jpg 768w, https:\/\/informelitoral.com.ar\/%77%70%2d%63%6f%6e%74%65%6e%74\/uploads\/2020\/04\/rio-parana-bajante-696x392.jpg 696w, https:\/\/informelitoral.com.ar\/%77%70%2d%63%6f%6e%74%65%6e%74\/uploads\/2020\/04\/rio-parana-bajante-747x420.jpg 747w\" sizes=\"auto, (max-width: 800px) 100vw, 800px\" \/><\/a><\/p>\n<p>El proyecto fue presentado a ra\u00edz de la crisis que sufren las cuencas h\u00eddricas del litoral a causa de la <a href=\"https:\/\/www.isletasnoticias.com.ar\/bajante-extrema-del-parana-en-yacyreta-pasa-menos-del-50-del-agua-habitual\/\">hist\u00f3rica bajante que registra el R\u00edo Paran\u00e1<\/a>, que empieza a generar da\u00f1os que ser\u00e1n irreparables en el ecosistema.<\/p>\n<p>La iniciativa es promovida por los diputados <strong>Julio Sotelo<\/strong> de Chaco, <strong>Julia Peri\u00e9<\/strong> y<strong> Cecilia Britto<\/strong>, de Misiones, y<strong> Cristian Bello<\/strong> de Entre R\u00edos. Los legisladores sostienen que el impacto ambiental ocasionado est\u00e1 provocando consecuencias irreversibles en el ecosistema, en un momento de reproducci\u00f3n natural de los peces. El da\u00f1o adem\u00e1s atenta contra la totalidad de la fauna que habita la regi\u00f3n del Paran\u00e1: mam\u00edferos, reptiles, aves y peces.<\/p>\n<h3><strong>Mortalidad<a href=\"https:\/\/www.isletasnoticias.com.ar\/%77%70%2d%63%6f%6e%74%65%6e%74\/uploads\/2020\/04\/veda-pesca-rio-parana.jpg\"><img loading=\"lazy\" decoding=\"async\" class=\"aligncenter wp-image-42539 size-full\" src=\"https:\/\/www.isletasnoticias.com.ar\/%77%70%2d%63%6f%6e%74%65%6e%74\/uploads\/2020\/04\/veda-pesca-rio-parana.jpg\" alt=\"\" width=\"800\" height=\"439\" srcset=\"https:\/\/informelitoral.com.ar\/%77%70%2d%63%6f%6e%74%65%6e%74\/uploads\/2020\/04\/veda-pesca-rio-parana.jpg 800w, https:\/\/informelitoral.com.ar\/%77%70%2d%63%6f%6e%74%65%6e%74\/uploads\/2020\/04\/veda-pesca-rio-parana-300x165.jpg 300w, https:\/\/informelitoral.com.ar\/%77%70%2d%63%6f%6e%74%65%6e%74\/uploads\/2020\/04\/veda-pesca-rio-parana-768x421.jpg 768w, https:\/\/informelitoral.com.ar\/%77%70%2d%63%6f%6e%74%65%6e%74\/uploads\/2020\/04\/veda-pesca-rio-parana-696x382.jpg 696w, https:\/\/informelitoral.com.ar\/%77%70%2d%63%6f%6e%74%65%6e%74\/uploads\/2020\/04\/veda-pesca-rio-parana-765x420.jpg 765w\" sizes=\"auto, (max-width: 800px) 100vw, 800px\" \/><\/a><\/strong><\/h3>\n<p>Los diputados <strong>aseguran que la sequ\u00eda est\u00e1 generando alta mortalidad de peces<\/strong> a lo largo de cientos kil\u00f3metros de arroyos, esteros, y vertientes. Su aniquilamiento, a su vez, <strong>se ve incrementado por la falta de control de la llamada pesca deportiva.<\/strong><\/p>\n<p>Paralelamente, hacen hincapi\u00e9, en <a href=\"https:\/\/www.isletasnoticias.com.ar\/pese-a-la-bajante-no-habra-veda-para-la-pesca-se-prioriza-el-aspecto-social\/\">la actitud de las provincias de Santa Fe y Entre R\u00edos, quienes no est\u00e1n aplicando a veda extraordinaria<\/a> que rige en otras provincias como Chaco, Corrientes y Misiones y contin\u00faan comercializando indiscriminadamente peces como el s\u00e1balo en el mercado.<\/p>\n<p>A esto se le suma la escasa o nula concientizaci\u00f3n del estado inusual del r\u00edo, que registra una baja de car\u00e1cter hist\u00f3rica, lo que a mediano y largo plazo afectar\u00e1 la fauna y flora de todo el Litoral y su zona de influencia en el gran Buenos Aires.<\/p>\n<h3><em><strong>NOTAS RELACIONADAS:<\/strong><\/em><\/h3>\n<blockquote class=\"wp-embedded-content\" data-secret=\"vUfZQXCscK\"><p><a href=\"https:\/\/www.isletasnoticias.com.ar\/video-por-la-bajante-cruzaron-el-rio-parana-a-caballo\/\">Video: por la bajante, cruzaron el r\u00edo Paran\u00e1 a caballo<\/a><\/p><\/blockquote>\n<p><iframe loading=\"lazy\" title=\"&#171;Video: por la bajante, cruzaron el r\u00edo Paran\u00e1 a caballo&#187; &#8212; Isletas Noticias\" class=\"wp-embedded-content\" sandbox=\"allow-scripts\" security=\"restricted\" style=\"position: absolute; clip: rect(1px, 1px, 1px, 1px);\" src=\"https:\/\/www.isletasnoticias.com.ar\/video-por-la-bajante-cruzaron-el-rio-parana-a-caballo\/embed\/#?secret=vUfZQXCscK\" data-secret=\"vUfZQXCscK\" width=\"600\" height=\"338\" frameborder=\"0\" marginwidth=\"0\" marginheight=\"0\" scrolling=\"no\"><\/iframe><\/p>\n<blockquote class=\"wp-embedded-content\" data-secret=\"xQj7XTkaEB\"><p><a href=\"https:\/\/www.isletasnoticias.com.ar\/denuncian-devastacion-en-el-rio-parana-se-extraen-unos-50-mil-surubies-por-dia\/\">Denuncian devastaci\u00f3n en el r\u00edo Paran\u00e1: se extraen unos 50 mil surub\u00edes por d\u00eda<\/a><\/p><\/blockquote>\n<p><iframe loading=\"lazy\" title=\"&#171;Denuncian devastaci\u00f3n en el r\u00edo Paran\u00e1: se extraen unos 50 mil surub\u00edes por d\u00eda&#187; &#8212; Isletas Noticias\" class=\"wp-embedded-content\" sandbox=\"allow-scripts\" security=\"restricted\" style=\"position: absolute; clip: rect(1px, 1px, 1px, 1px);\" src=\"https:\/\/www.isletasnoticias.com.ar\/denuncian-devastacion-en-el-rio-parana-se-extraen-unos-50-mil-surubies-por-dia\/embed\/#?secret=xQj7XTkaEB\" data-secret=\"xQj7XTkaEB\" width=\"600\" height=\"338\" frameborder=\"0\" marginwidth=\"0\" marginheight=\"0\" scrolling=\"no\"><\/iframe><\/p>\n","protected":false},"excerpt":{"rendered":"<p>Los legisladores solicitan a los gobiernos de Entre R\u00edos y Santa Fe tomar las mismas medidas que Chaco, Corrientes y Misiones.<\/p>\n","protected":false},"author":2,"featured_media":42773,"comment_status":"open","ping_status":"open","sticky":false,"template":"","format":"standard","meta":{"fifu_image_url":"","fifu_image_alt":"","footnotes":""},"categories":[7,16],"tags":[1089,1327,1500,778,777],"class_list":{"0":"post-42772","1":"post","2":"type-post","3":"status-publish","4":"format-standard","5":"has-post-thumbnail","7":"category-nacionales","8":"category-politi","9":"tag-bajante","10":"tag-mercosur","11":"tag-parlasur","12":"tag-pesca","13":"tag-rio-parana"},"yoast_head":"<title>Parlamentarios del Mercosur piden la veda extraordinaria de la pesca - Informe Litoral<\/title>\n<meta name=\"robots\" content=\"index, follow, max-snippet:-1, max-image-preview:large, max-video-preview:-1\" \/>\n<link rel=\"canonical\" href=\"https:\/\/informelitoral.com.ar\/parlamentarios-del-mercosur-piden-la-veda-extraordinaria-de-la-pesca\/\" \/>\n<meta property=\"og:locale\" content=\"es_ES\" \/>\n<meta property=\"og:type\" content=\"article\" \/>\n<meta property=\"og:title\" content=\"Parlamentarios del Mercosur piden la veda extraordinaria de la pesca - Informe Litoral\" \/>\n<meta property=\"og:description\" content=\"Los legisladores solicitan a los gobiernos de Entre R\u00edos y Santa Fe tomar las mismas medidas que Chaco, Corrientes y Misiones.\" \/>\n<meta property=\"og:url\" content=\"https:\/\/informelitoral.com.ar\/parlamentarios-del-mercosur-piden-la-veda-extraordinaria-de-la-pesca\/\" \/>\n<meta property=\"og:site_name\" content=\"Informe Litoral\" \/>\n<meta property=\"article:publisher\" content=\"https:\/\/www.facebook.com\/informelitoral\/\" \/>\n<meta property=\"article:published_time\" content=\"2020-05-06T13:59:16+00:00\" \/>\n<meta property=\"article:modified_time\" content=\"2020-05-06T14:12:42+00:00\" \/>\n<meta property=\"og:image\" content=\"https:\/\/informelitoral.com.ar\/%77%70%2d%63%6f%6e%74%65%6e%74\/uploads\/2020\/05\/1586435909jpg.jpg\" \/>\n\t<meta property=\"og:image:width\" content=\"1995\" \/>\n\t<meta property=\"og:image:height\" content=\"1280\" \/>\n\t<meta property=\"og:image:type\" content=\"image\/jpeg\" \/>\n<meta name=\"author\" content=\"Gonzalo Schmidt\" \/>\n<meta name=\"twitter:card\" content=\"summary_large_image\" \/>\n<meta name=\"twitter:creator\" content=\"@InformeLitoral\" \/>\n<meta name=\"twitter:site\" content=\"@InformeLitoral\" \/>\n<meta name=\"twitter:label1\" content=\"Escrito por\" \/>\n\t<meta name=\"twitter:data1\" content=\"Gonzalo Schmidt\" \/>\n\t<meta name=\"twitter:label2\" content=\"Tiempo de lectura\" \/>\n\t<meta name=\"twitter:data2\" content=\"2 minutos\" \/>\n<script type=\"application\/ld+json\" class=\"yoast-schema-graph\">{\"@context\":\"https:\\\/\\\/schema.org\",\"@graph\":[{\"@type\":\"Article\",\"@id\":\"https:\\\/\\\/informelitoral.com.ar\\\/parlamentarios-del-mercosur-piden-la-veda-extraordinaria-de-la-pesca\\\/#article\",\"isPartOf\":{\"@id\":\"https:\\\/\\\/informelitoral.com.ar\\\/parlamentarios-del-mercosur-piden-la-veda-extraordinaria-de-la-pesca\\\/\"},\"author\":{\"name\":\"Gonzalo Schmidt\",\"@id\":\"https:\\\/\\\/informelitoral.com.ar\\\/#\\\/schema\\\/person\\\/b9d00407c836482871ef1d57bf8e3180\"},\"headline\":\"Parlamentarios del Mercosur piden la veda extraordinaria de la pesca\",\"datePublished\":\"2020-05-06T13:59:16+00:00\",\"dateModified\":\"2020-05-06T14:12:42+00:00\",\"mainEntityOfPage\":{\"@id\":\"https:\\\/\\\/informelitoral.com.ar\\\/parlamentarios-del-mercosur-piden-la-veda-extraordinaria-de-la-pesca\\\/\"},\"wordCount\":323,\"commentCount\":0,\"publisher\":{\"@id\":\"https:\\\/\\\/informelitoral.com.ar\\\/#organization\"},\"image\":{\"@id\":\"https:\\\/\\\/informelitoral.com.ar\\\/parlamentarios-del-mercosur-piden-la-veda-extraordinaria-de-la-pesca\\\/#primaryimage\"},\"thumbnailUrl\":\"https:\\\/\\\/informelitoral.com.ar\\\/%77%70%2d%63%6f%6e%74%65%6e%74\\\/uploads\\\/2020\\\/05\\\/1586435909jpg.jpg\",\"keywords\":[\"Bajante\",\"Mercosur\",\"Parlasur\",\"Pesca\",\"R\u00edo Paran\u00e1\"],\"articleSection\":[\"Nacionales\",\"Politica\"],\"inLanguage\":\"es\",\"potentialAction\":[{\"@type\":\"CommentAction\",\"name\":\"Comment\",\"target\":[\"https:\\\/\\\/informelitoral.com.ar\\\/parlamentarios-del-mercosur-piden-la-veda-extraordinaria-de-la-pesca\\\/#respond\"]}]},{\"@type\":\"WebPage\",\"@id\":\"https:\\\/\\\/informelitoral.com.ar\\\/parlamentarios-del-mercosur-piden-la-veda-extraordinaria-de-la-pesca\\\/\",\"url\":\"https:\\\/\\\/informelitoral.com.ar\\\/parlamentarios-del-mercosur-piden-la-veda-extraordinaria-de-la-pesca\\\/\",\"name\":\"Parlamentarios del Mercosur piden la veda extraordinaria de la pesca - Informe Litoral\",\"isPartOf\":{\"@id\":\"https:\\\/\\\/informelitoral.com.ar\\\/#website\"},\"primaryImageOfPage\":{\"@id\":\"https:\\\/\\\/informelitoral.com.ar\\\/parlamentarios-del-mercosur-piden-la-veda-extraordinaria-de-la-pesca\\\/#primaryimage\"},\"image\":{\"@id\":\"https:\\\/\\\/informelitoral.com.ar\\\/parlamentarios-del-mercosur-piden-la-veda-extraordinaria-de-la-pesca\\\/#primaryimage\"},\"thumbnailUrl\":\"https:\\\/\\\/informelitoral.com.ar\\\/%77%70%2d%63%6f%6e%74%65%6e%74\\\/uploads\\\/2020\\\/05\\\/1586435909jpg.jpg\",\"datePublished\":\"2020-05-06T13:59:16+00:00\",\"dateModified\":\"2020-05-06T14:12:42+00:00\",\"breadcrumb\":{\"@id\":\"https:\\\/\\\/informelitoral.com.ar\\\/parlamentarios-del-mercosur-piden-la-veda-extraordinaria-de-la-pesca\\\/#breadcrumb\"},\"inLanguage\":\"es\",\"potentialAction\":[{\"@type\":\"ReadAction\",\"target\":[\"https:\\\/\\\/informelitoral.com.ar\\\/parlamentarios-del-mercosur-piden-la-veda-extraordinaria-de-la-pesca\\\/\"]}]},{\"@type\":\"ImageObject\",\"inLanguage\":\"es\",\"@id\":\"https:\\\/\\\/informelitoral.com.ar\\\/parlamentarios-del-mercosur-piden-la-veda-extraordinaria-de-la-pesca\\\/#primaryimage\",\"url\":\"https:\\\/\\\/informelitoral.com.ar\\\/%77%70%2d%63%6f%6e%74%65%6e%74\\\/uploads\\\/2020\\\/05\\\/1586435909jpg.jpg\",\"contentUrl\":\"https:\\\/\\\/informelitoral.com.ar\\\/%77%70%2d%63%6f%6e%74%65%6e%74\\\/uploads\\\/2020\\\/05\\\/1586435909jpg.jpg\",\"width\":1995,\"height\":1280},{\"@type\":\"BreadcrumbList\",\"@id\":\"https:\\\/\\\/informelitoral.com.ar\\\/parlamentarios-del-mercosur-piden-la-veda-extraordinaria-de-la-pesca\\\/#breadcrumb\",\"itemListElement\":[{\"@type\":\"ListItem\",\"position\":1,\"name\":\"Portada\",\"item\":\"https:\\\/\\\/informelitoral.com.ar\\\/\"},{\"@type\":\"ListItem\",\"position\":2,\"name\":\"Parlamentarios del Mercosur piden la veda extraordinaria de la pesca\"}]},{\"@type\":\"WebSite\",\"@id\":\"https:\\\/\\\/informelitoral.com.ar\\\/#website\",\"url\":\"https:\\\/\\\/informelitoral.com.ar\\\/\",\"name\":\"Informe Litoral\",\"description\":\"&quot;Nos informamos&quot; \",\"publisher\":{\"@id\":\"https:\\\/\\\/informelitoral.com.ar\\\/#organization\"},\"potentialAction\":[{\"@type\":\"SearchAction\",\"target\":{\"@type\":\"EntryPoint\",\"urlTemplate\":\"https:\\\/\\\/informelitoral.com.ar\\\/?s={search_term_string}\"},\"query-input\":{\"@type\":\"PropertyValueSpecification\",\"valueRequired\":true,\"valueName\":\"search_term_string\"}}],\"inLanguage\":\"es\"},{\"@type\":\"Organization\",\"@id\":\"https:\\\/\\\/informelitoral.com.ar\\\/#organization\",\"name\":\"Informe Litoral\",\"url\":\"https:\\\/\\\/informelitoral.com.ar\\\/\",\"logo\":{\"@type\":\"ImageObject\",\"inLanguage\":\"es\",\"@id\":\"https:\\\/\\\/informelitoral.com.ar\\\/#\\\/schema\\\/logo\\\/image\\\/\",\"url\":\"https:\\\/\\\/informelitoral.com.ar\\\/%77%70%2d%63%6f%6e%74%65%6e%74\\\/uploads\\\/2021\\\/01\\\/circulo.png\",\"contentUrl\":\"https:\\\/\\\/informelitoral.com.ar\\\/%77%70%2d%63%6f%6e%74%65%6e%74\\\/uploads\\\/2021\\\/01\\\/circulo.png\",\"width\":723,\"height\":731,\"caption\":\"Informe Litoral\"},\"image\":{\"@id\":\"https:\\\/\\\/informelitoral.com.ar\\\/#\\\/schema\\\/logo\\\/image\\\/\"},\"sameAs\":[\"https:\\\/\\\/www.facebook.com\\\/informelitoral\\\/\",\"https:\\\/\\\/x.com\\\/InformeLitoral\",\"https:\\\/\\\/www.instagram.com\\\/informelitoral\\\/\",\"https:\\\/\\\/www.youtube.com\\\/channel\\\/UCua4Qvz8Icb6MYqhoq9xLXw\"]},{\"@type\":\"Person\",\"@id\":\"https:\\\/\\\/informelitoral.com.ar\\\/#\\\/schema\\\/person\\\/b9d00407c836482871ef1d57bf8e3180\",\"name\":\"Gonzalo Schmidt\",\"image\":{\"@type\":\"ImageObject\",\"inLanguage\":\"es\",\"@id\":\"https:\\\/\\\/secure.gravatar.com\\\/avatar\\\/31a1a7b66ff2de83bd0e9fd79d026630d2d99e55e8bfe501287647b4fd9743de?s=96&d=mm&r=g\",\"url\":\"https:\\\/\\\/secure.gravatar.com\\\/avatar\\\/31a1a7b66ff2de83bd0e9fd79d026630d2d99e55e8bfe501287647b4fd9743de?s=96&d=mm&r=g\",\"contentUrl\":\"https:\\\/\\\/secure.gravatar.com\\\/avatar\\\/31a1a7b66ff2de83bd0e9fd79d026630d2d99e55e8bfe501287647b4fd9743de?s=96&d=mm&r=g\",\"caption\":\"Gonzalo Schmidt\"},\"description\":\"Sitio web de noticias de la provincia de Entre R\u00edos, Argentina. Informaci\u00f3n y entretenimiento. Informe Litoral, nos informamos.\",\"sameAs\":[\"http:\\\/\\\/www.isletasnoticias.com.ar\"],\"url\":\"https:\\\/\\\/informelitoral.com.ar\\\/author\\\/gonzalo\\\/\"}]}<\/script>","yoast_head_json":{"title":"Parlamentarios del Mercosur piden la veda extraordinaria de la pesca - Informe Litoral","robots":{"index":"index","follow":"follow","max-snippet":"max-snippet:-1","max-image-preview":"max-image-preview:large","max-video-preview":"max-video-preview:-1"},"canonical":"https:\/\/informelitoral.com.ar\/parlamentarios-del-mercosur-piden-la-veda-extraordinaria-de-la-pesca\/","og_locale":"es_ES","og_type":"article","og_title":"Parlamentarios del Mercosur piden la veda extraordinaria de la pesca - Informe Litoral","og_description":"Los legisladores solicitan a los gobiernos de Entre R\u00edos y Santa Fe tomar las mismas medidas que Chaco, Corrientes y Misiones.","og_url":"https:\/\/informelitoral.com.ar\/parlamentarios-del-mercosur-piden-la-veda-extraordinaria-de-la-pesca\/","og_site_name":"Informe Litoral","article_publisher":"https:\/\/www.facebook.com\/informelitoral\/","article_published_time":"2020-05-06T13:59:16+00:00","article_modified_time":"2020-05-06T14:12:42+00:00","og_image":[{"width":1995,"height":1280,"url":"https:\/\/informelitoral.com.ar\/%77%70%2d%63%6f%6e%74%65%6e%74\/uploads\/2020\/05\/1586435909jpg.jpg","type":"image\/jpeg"}],"author":"Gonzalo Schmidt","twitter_card":"summary_large_image","twitter_creator":"@InformeLitoral","twitter_site":"@InformeLitoral","twitter_misc":{"Escrito por":"Gonzalo Schmidt","Tiempo de lectura":"2 minutos"},"schema":{"@context":"https:\/\/schema.org","@graph":[{"@type":"Article","@id":"https:\/\/informelitoral.com.ar\/parlamentarios-del-mercosur-piden-la-veda-extraordinaria-de-la-pesca\/#article","isPartOf":{"@id":"https:\/\/informelitoral.com.ar\/parlamentarios-del-mercosur-piden-la-veda-extraordinaria-de-la-pesca\/"},"author":{"name":"Gonzalo Schmidt","@id":"https:\/\/informelitoral.com.ar\/#\/schema\/person\/b9d00407c836482871ef1d57bf8e3180"},"headline":"Parlamentarios del Mercosur piden la veda extraordinaria de la pesca","datePublished":"2020-05-06T13:59:16+00:00","dateModified":"2020-05-06T14:12:42+00:00","mainEntityOfPage":{"@id":"https:\/\/informelitoral.com.ar\/parlamentarios-del-mercosur-piden-la-veda-extraordinaria-de-la-pesca\/"},"wordCount":323,"commentCount":0,"publisher":{"@id":"https:\/\/informelitoral.com.ar\/#organization"},"image":{"@id":"https:\/\/informelitoral.com.ar\/parlamentarios-del-mercosur-piden-la-veda-extraordinaria-de-la-pesca\/#primaryimage"},"thumbnailUrl":"https:\/\/informelitoral.com.ar\/%77%70%2d%63%6f%6e%74%65%6e%74\/uploads\/2020\/05\/1586435909jpg.jpg","keywords":["Bajante","Mercosur","Parlasur","Pesca","R\u00edo Paran\u00e1"],"articleSection":["Nacionales","Politica"],"inLanguage":"es","potentialAction":[{"@type":"CommentAction","name":"Comment","target":["https:\/\/informelitoral.com.ar\/parlamentarios-del-mercosur-piden-la-veda-extraordinaria-de-la-pesca\/#respond"]}]},{"@type":"WebPage","@id":"https:\/\/informelitoral.com.ar\/parlamentarios-del-mercosur-piden-la-veda-extraordinaria-de-la-pesca\/","url":"https:\/\/informelitoral.com.ar\/parlamentarios-del-mercosur-piden-la-veda-extraordinaria-de-la-pesca\/","name":"Parlamentarios del Mercosur piden la veda extraordinaria de la pesca - Informe Litoral","isPartOf":{"@id":"https:\/\/informelitoral.com.ar\/#website"},"primaryImageOfPage":{"@id":"https:\/\/informelitoral.com.ar\/parlamentarios-del-mercosur-piden-la-veda-extraordinaria-de-la-pesca\/#primaryimage"},"image":{"@id":"https:\/\/informelitoral.com.ar\/parlamentarios-del-mercosur-piden-la-veda-extraordinaria-de-la-pesca\/#primaryimage"},"thumbnailUrl":"https:\/\/informelitoral.com.ar\/%77%70%2d%63%6f%6e%74%65%6e%74\/uploads\/2020\/05\/1586435909jpg.jpg","datePublished":"2020-05-06T13:59:16+00:00","dateModified":"2020-05-06T14:12:42+00:00","breadcrumb":{"@id":"https:\/\/informelitoral.com.ar\/parlamentarios-del-mercosur-piden-la-veda-extraordinaria-de-la-pesca\/#breadcrumb"},"inLanguage":"es","potentialAction":[{"@type":"ReadAction","target":["https:\/\/informelitoral.com.ar\/parlamentarios-del-mercosur-piden-la-veda-extraordinaria-de-la-pesca\/"]}]},{"@type":"ImageObject","inLanguage":"es","@id":"https:\/\/informelitoral.com.ar\/parlamentarios-del-mercosur-piden-la-veda-extraordinaria-de-la-pesca\/#primaryimage","url":"https:\/\/informelitoral.com.ar\/%77%70%2d%63%6f%6e%74%65%6e%74\/uploads\/2020\/05\/1586435909jpg.jpg","contentUrl":"https:\/\/informelitoral.com.ar\/%77%70%2d%63%6f%6e%74%65%6e%74\/uploads\/2020\/05\/1586435909jpg.jpg","width":1995,"height":1280},{"@type":"BreadcrumbList","@id":"https:\/\/informelitoral.com.ar\/parlamentarios-del-mercosur-piden-la-veda-extraordinaria-de-la-pesca\/#breadcrumb","itemListElement":[{"@type":"ListItem","position":1,"name":"Portada","item":"https:\/\/informelitoral.com.ar\/"},{"@type":"ListItem","position":2,"name":"Parlamentarios del Mercosur piden la veda extraordinaria de la pesca"}]},{"@type":"WebSite","@id":"https:\/\/informelitoral.com.ar\/#website","url":"https:\/\/informelitoral.com.ar\/","name":"Informe Litoral","description":"&quot;Nos informamos&quot; ","publisher":{"@id":"https:\/\/informelitoral.com.ar\/#organization"},"potentialAction":[{"@type":"SearchAction","target":{"@type":"EntryPoint","urlTemplate":"https:\/\/informelitoral.com.ar\/?s={search_term_string}"},"query-input":{"@type":"PropertyValueSpecification","valueRequired":true,"valueName":"search_term_string"}}],"inLanguage":"es"},{"@type":"Organization","@id":"https:\/\/informelitoral.com.ar\/#organization","name":"Informe Litoral","url":"https:\/\/informelitoral.com.ar\/","logo":{"@type":"ImageObject","inLanguage":"es","@id":"https:\/\/informelitoral.com.ar\/#\/schema\/logo\/image\/","url":"https:\/\/informelitoral.com.ar\/%77%70%2d%63%6f%6e%74%65%6e%74\/uploads\/2021\/01\/circulo.png","contentUrl":"https:\/\/informelitoral.com.ar\/%77%70%2d%63%6f%6e%74%65%6e%74\/uploads\/2021\/01\/circulo.png","width":723,"height":731,"caption":"Informe Litoral"},"image":{"@id":"https:\/\/informelitoral.com.ar\/#\/schema\/logo\/image\/"},"sameAs":["https:\/\/www.facebook.com\/informelitoral\/","https:\/\/x.com\/InformeLitoral","https:\/\/www.instagram.com\/informelitoral\/","https:\/\/www.youtube.com\/channel\/UCua4Qvz8Icb6MYqhoq9xLXw"]},{"@type":"Person","@id":"https:\/\/informelitoral.com.ar\/#\/schema\/person\/b9d00407c836482871ef1d57bf8e3180","name":"Gonzalo Schmidt","image":{"@type":"ImageObject","inLanguage":"es","@id":"https:\/\/secure.gravatar.com\/avatar\/31a1a7b66ff2de83bd0e9fd79d026630d2d99e55e8bfe501287647b4fd9743de?s=96&d=mm&r=g","url":"https:\/\/secure.gravatar.com\/avatar\/31a1a7b66ff2de83bd0e9fd79d026630d2d99e55e8bfe501287647b4fd9743de?s=96&d=mm&r=g","contentUrl":"https:\/\/secure.gravatar.com\/avatar\/31a1a7b66ff2de83bd0e9fd79d026630d2d99e55e8bfe501287647b4fd9743de?s=96&d=mm&r=g","caption":"Gonzalo Schmidt"},"description":"Sitio web de noticias de la provincia de Entre R\u00edos, Argentina. Informaci\u00f3n y entretenimiento. Informe Litoral, nos informamos.","sameAs":["http:\/\/www.isletasnoticias.com.ar"],"url":"https:\/\/informelitoral.com.ar\/author\/gonzalo\/"}]}},"_links":{"self":[{"href":"https:\/\/informelitoral.com.ar\/%77%70%2d%6a%73%6f%6e\/wp\/v2\/posts\/42772","targetHints":{"allow":["GET"]}}],"collection":[{"href":"https:\/\/informelitoral.com.ar\/%77%70%2d%6a%73%6f%6e\/wp\/v2\/posts"}],"about":[{"href":"https:\/\/informelitoral.com.ar\/%77%70%2d%6a%73%6f%6e\/wp\/v2\/types\/post"}],"author":[{"embeddable":true,"href":"https:\/\/informelitoral.com.ar\/%77%70%2d%6a%73%6f%6e\/wp\/v2\/users\/2"}],"replies":[{"embeddable":true,"href":"https:\/\/informelitoral.com.ar\/%77%70%2d%6a%73%6f%6e\/wp\/v2\/comments?post=42772"}],"version-history":[{"count":0,"href":"https:\/\/informelitoral.com.ar\/%77%70%2d%6a%73%6f%6e\/wp\/v2\/posts\/42772\/revisions"}],"wp:featuredmedia":[{"embeddable":true,"href":"https:\/\/informelitoral.com.ar\/%77%70%2d%6a%73%6f%6e\/wp\/v2\/media\/42773"}],"wp:attachment":[{"href":"https:\/\/informelitoral.com.ar\/%77%70%2d%6a%73%6f%6e\/wp\/v2\/media?parent=42772"}],"wp:term":[{"taxonomy":"category","embeddable":true,"href":"https:\/\/informelitoral.com.ar\/%77%70%2d%6a%73%6f%6e\/wp\/v2\/categories?post=42772"},{"taxonomy":"post_tag","embeddable":true,"href":"https:\/\/informelitoral.com.ar\/%77%70%2d%6a%73%6f%6e\/wp\/v2\/tags?post=42772"}],"curies":[{"name":"wp","href":"https:\/\/api.w.org\/{rel}","templated":true}]}}