{"id":42769,"date":"2020-05-06T10:47:58","date_gmt":"2020-05-06T13:47:58","guid":{"rendered":"https:\/\/www.isletasnoticias.com.ar\/?p=42769"},"modified":"2020-05-06T10:49:41","modified_gmt":"2020-05-06T13:49:41","slug":"piden-concientizacion-a-la-poblacion-ante-el-gradual-retorno-a-las-actividades","status":"publish","type":"post","link":"https:\/\/informelitoral.com.ar\/piden-concientizacion-a-la-poblacion-ante-el-gradual-retorno-a-las-actividades\/","title":{"rendered":"Piden concientizaci\u00f3n a la poblaci\u00f3n ante el gradual retorno a las actividades"},"content":{"rendered":"<p>La ministra Vel\u00e1zquez brind\u00f3 informaci\u00f3n de las acciones sanitarias que lleva adelante la provincia en torno a la pandemia, en forma \u201cgradual, administrada y escalonada\u201d para mantener el control sobre la enfermedad. En la conferencia de prensa virtual realizada este martes, entre otros puntos, destac\u00f3 el trabajo de prevenci\u00f3n, la campa\u00f1a de vacunaci\u00f3n antigripal en los sectores de riesgos y la preparaci\u00f3n de la infraestructura para la atenci\u00f3n del coronavirus.<\/p>\n<p>Vel\u00e1zquez se refiri\u00f3 en primer lugar al decreto 624 que firm\u00f3 el gobernador Gustavo Bordet donde se establece que cada municipio pueda habilitar nuevas actividades econ\u00f3micas, comerciales, servicios y oficios, pero aclar\u00f3 que las mismas deben guardar una presentaci\u00f3n de protocolo para el desarrollo al Ministerio de Producci\u00f3n y tambi\u00e9n al Comit\u00e9 de Organizaci\u00f3n de Emergencia Sanitaria.<\/p>\n<p>\u00abEs necesario recordar a la poblaci\u00f3n que seguimos en cuarentena, con el aislamiento social, preventivo y obligatorio. Por lo tanto, es necesario concientizar y hacer un llamado de atenci\u00f3n para que las medidas sanitarias que oportunamente hemos transmitido, como el distanciamiento f\u00edsico, el lavado de manos con agua y jab\u00f3n, las medidas correctas tanto sanitarias, de bioseguridad, se sigan cumplimentando. Por ello es muy importante apelar a la responsabilidad individual y es prioritario reforzar la \u00e9tica del cuidado y la reducci\u00f3n de los aglomeramientos de personas\u201d, dijo la ministra Vel\u00e1zquez, y record\u00f3 que hoy se celebra el D\u00eda Mundial del Lavado de Manos.<\/p>\n<p><b>Vacunaci\u00f3n<\/b><\/p>\n<p>M\u00e1s adelante, la funcionaria precis\u00f3: \u201cComo dato positivo, desde el punto de vista sanitario, es que al d\u00eda de la fecha hemos vacunado en todo el territorio provincial a 163.103 personas, de las cuales la mayor\u00eda son adultos mayores, personas con factores de riesgo y tambi\u00e9n personal esencial tanto de salud como de las fuerzas de seguridad, y tambi\u00e9n de otros estamentos\u201d.<\/p>\n<p>\u201cExiste un mayor porcentaje de personas vacunadas en relaci\u00f3n a a\u00f1os anteriores\u201d, se\u00f1al\u00f3 y a modo de ejemplo mencion\u00f3 que \u201cel a\u00f1o pasado al 29 de abril reci\u00e9n comenz\u00e1bamos la campa\u00f1a nacional de vacunaci\u00f3n antigripal. Hoy con esta cantidad de personas inmunizadas ya casi hemos completado el total de las personas vacunadas en 2019\u201d.<\/p>\n<p><b>Disminuci\u00f3n de enfermedades<\/b><\/p>\n<p>P\u00e1rrafo seguido, Vel\u00e1zquez indic\u00f3 que \u201cel otro dato positivo es que han disminuidos las enfermedades respiratorias gracias al trabajo de prevenci\u00f3n que se ha venido realizando. Estamos en el primer tercio del recorrido de esta pandemia. El objetivo es evitar una r\u00e1pida expansi\u00f3n del virus y lo importante es tener el control de c\u00f3mo se est\u00e1 desarrollando esta pandemia. Seguimos teniendo pocos casos pero este mapa epidemiol\u00f3gico que cuenta hoy la provincia, de 27 casos positivos, no es producto de la casualidad, sino de un trabajo silencioso que hemos venido desarrollando desde hace casi dos meses y que han venido llevando adelante nuestros equipos de salud. Tambi\u00e9n es producto de una estrategia sanitaria clara y oportuna comunicada mediante el COES\u201d.<\/p>\n<p><b>Camas disponibles<\/b><\/p>\n<p>A continuaci\u00f3n, la ministra de Salud expres\u00f3 que actualmente el sistema de salud de la provincia con camas disponibles para la atenci\u00f3n de pacientes leves, moderados y graves. \u201cNos estamos preparando para la campa\u00f1a de invierno. Llega el programa de infecciones respiratorias bajas y all\u00ed nuestros equipos se est\u00e1n preparando. Tambi\u00e9n hemos adquiridos los elementos de protecci\u00f3n individual y personal para nuestros trabajadores de salud, como as\u00ed tambi\u00e9n insumos y equipamiento\u201d, expres\u00f3 la ministra.<\/p>\n<p>Vel\u00e1zquez dijo adem\u00e1s que desde la provincia se ha insistido en llevar gradualmente la pandemia, de manera administrada, paso a paso y en forma escalonada, y apunt\u00f3: \u201cDe all\u00ed nuestra solicitud a la ciudadan\u00eda de este esfuerzo individual que impacta en el resultado colectivo de toda la sociedad\u201d.<\/p>\n<p>Adem\u00e1s, destac\u00f3 la tarea de los intendentes tambi\u00e9n que les toca \u201cun arduo rol de ahora en m\u00e1s para organizarse hacia el interior de sus comunidades y poder llevar adelante las nuevas actividades comerciales\u201d.<\/p>\n<p>Y agreg\u00f3: \u201cEs tambi\u00e9n el rol que tiene que seguir desarrollando la comunidad, es el trabajo sin pausa de trabajadores, tanto de salud, de la fuerza policial, de nuestros docentes que tambi\u00e9n han desarrollado estrategias para llegar a cada uno de los hogares, tambi\u00e9n de nuestras cocineras para garantizar los men\u00fa de cada d\u00eda y es tambi\u00e9n un esfuerzo de cada uno que ha repercutido en el resultado y en el bienestar de toda la poblaci\u00f3n en esta etapa de la pandemia\u201d, remarc\u00f3 la funcionaria. Y complet\u00f3: \u201cPor ello nuestro llamado muy importante hacia toda la comunidad de poder concientizarse de seguir con la \u00e9tica del cuidado individual\u201d.<\/p>\n<div class=\"youtube-embed\" data-video_id=\"vp3CnK60cmE\"><iframe loading=\"lazy\" title=\"Piden concientizaci\u00f3n a la poblaci\u00f3n ante el gradual retorno a las actividades\" width=\"696\" height=\"392\" src=\"https:\/\/www.youtube.com\/embed\/vp3CnK60cmE?feature=oembed&#038;enablejsapi=1\" frameborder=\"0\" allow=\"accelerometer; autoplay; encrypted-media; gyroscope; picture-in-picture\" allowfullscreen><\/iframe><\/div>\n","protected":false},"excerpt":{"rendered":"<p>La ministra de Salud, Sonia Vel\u00e1zquez, destac\u00f3 el trabajo preventivo realizado en Entre R\u00edos en torno al coronavirus, con acciones progresivas y administradas en cada fase de la cuarentena. Record\u00f3 que, m\u00e1s all\u00e1 de la autorizaci\u00f3n a diferentes sectores, la cuarentena contin\u00faa.<\/p>\n","protected":false},"author":2,"featured_media":42770,"comment_status":"open","ping_status":"open","sticky":false,"template":"","format":"standard","meta":{"fifu_image_url":"","fifu_image_alt":"","footnotes":""},"categories":[6],"tags":[1481,1479,938,82],"class_list":{"0":"post-42769","1":"post","2":"type-post","3":"status-publish","4":"format-standard","5":"has-post-thumbnail","7":"category-entre-rios","8":"tag-covid-19","9":"tag-cuarentena","10":"tag-ministerio-de-salud","11":"tag-salud"},"yoast_head":"<title>Piden concientizaci\u00f3n a la poblaci\u00f3n ante el gradual retorno a las actividades - Informe Litoral<\/title>\n<meta name=\"robots\" content=\"index, follow, max-snippet:-1, max-image-preview:large, max-video-preview:-1\" \/>\n<link rel=\"canonical\" href=\"https:\/\/informelitoral.com.ar\/piden-concientizacion-a-la-poblacion-ante-el-gradual-retorno-a-las-actividades\/\" \/>\n<meta property=\"og:locale\" content=\"es_ES\" \/>\n<meta property=\"og:type\" content=\"article\" \/>\n<meta property=\"og:title\" content=\"Piden concientizaci\u00f3n a la poblaci\u00f3n ante el gradual retorno a las actividades - Informe Litoral\" \/>\n<meta property=\"og:description\" content=\"La ministra de Salud, Sonia Vel\u00e1zquez, destac\u00f3 el trabajo preventivo realizado en Entre R\u00edos en torno al coronavirus, con acciones progresivas y administradas en cada fase de la cuarentena. Record\u00f3 que, m\u00e1s all\u00e1 de la autorizaci\u00f3n a diferentes sectores, la cuarentena contin\u00faa.\" \/>\n<meta property=\"og:url\" content=\"https:\/\/informelitoral.com.ar\/piden-concientizacion-a-la-poblacion-ante-el-gradual-retorno-a-las-actividades\/\" \/>\n<meta property=\"og:site_name\" content=\"Informe Litoral\" \/>\n<meta property=\"article:publisher\" content=\"https:\/\/www.facebook.com\/informelitoral\/\" \/>\n<meta property=\"article:published_time\" content=\"2020-05-06T13:47:58+00:00\" \/>\n<meta property=\"article:modified_time\" content=\"2020-05-06T13:49:41+00:00\" \/>\n<meta property=\"og:image\" content=\"https:\/\/informelitoral.com.ar\/%77%70%2d%63%6f%6e%74%65%6e%74\/uploads\/2020\/05\/1588707967jpg.jpg\" \/>\n\t<meta property=\"og:image:width\" content=\"1920\" \/>\n\t<meta property=\"og:image:height\" content=\"1280\" \/>\n\t<meta property=\"og:image:type\" content=\"image\/jpeg\" \/>\n<meta name=\"author\" content=\"Gonzalo Schmidt\" \/>\n<meta name=\"twitter:card\" content=\"summary_large_image\" \/>\n<meta name=\"twitter:creator\" content=\"@InformeLitoral\" \/>\n<meta name=\"twitter:site\" content=\"@InformeLitoral\" \/>\n<meta name=\"twitter:label1\" content=\"Escrito por\" \/>\n\t<meta name=\"twitter:data1\" content=\"Gonzalo Schmidt\" \/>\n\t<meta name=\"twitter:label2\" content=\"Tiempo de lectura\" \/>\n\t<meta name=\"twitter:data2\" content=\"4 minutos\" \/>\n<script type=\"application\/ld+json\" class=\"yoast-schema-graph\">{\"@context\":\"https:\\\/\\\/schema.org\",\"@graph\":[{\"@type\":\"Article\",\"@id\":\"https:\\\/\\\/informelitoral.com.ar\\\/piden-concientizacion-a-la-poblacion-ante-el-gradual-retorno-a-las-actividades\\\/#article\",\"isPartOf\":{\"@id\":\"https:\\\/\\\/informelitoral.com.ar\\\/piden-concientizacion-a-la-poblacion-ante-el-gradual-retorno-a-las-actividades\\\/\"},\"author\":{\"name\":\"Gonzalo Schmidt\",\"@id\":\"https:\\\/\\\/informelitoral.com.ar\\\/#\\\/schema\\\/person\\\/b9d00407c836482871ef1d57bf8e3180\"},\"headline\":\"Piden concientizaci\u00f3n a la poblaci\u00f3n ante el gradual retorno a las actividades\",\"datePublished\":\"2020-05-06T13:47:58+00:00\",\"dateModified\":\"2020-05-06T13:49:41+00:00\",\"mainEntityOfPage\":{\"@id\":\"https:\\\/\\\/informelitoral.com.ar\\\/piden-concientizacion-a-la-poblacion-ante-el-gradual-retorno-a-las-actividades\\\/\"},\"wordCount\":816,\"commentCount\":0,\"publisher\":{\"@id\":\"https:\\\/\\\/informelitoral.com.ar\\\/#organization\"},\"image\":{\"@id\":\"https:\\\/\\\/informelitoral.com.ar\\\/piden-concientizacion-a-la-poblacion-ante-el-gradual-retorno-a-las-actividades\\\/#primaryimage\"},\"thumbnailUrl\":\"https:\\\/\\\/informelitoral.com.ar\\\/%77%70%2d%63%6f%6e%74%65%6e%74\\\/uploads\\\/2020\\\/05\\\/1588707967jpg.jpg\",\"keywords\":[\"COVID-19\",\"Cuarentena\",\"Ministerio de Salud\",\"Salud\"],\"articleSection\":[\"Entre R\u00edos\"],\"inLanguage\":\"es\",\"potentialAction\":[{\"@type\":\"CommentAction\",\"name\":\"Comment\",\"target\":[\"https:\\\/\\\/informelitoral.com.ar\\\/piden-concientizacion-a-la-poblacion-ante-el-gradual-retorno-a-las-actividades\\\/#respond\"]}]},{\"@type\":\"WebPage\",\"@id\":\"https:\\\/\\\/informelitoral.com.ar\\\/piden-concientizacion-a-la-poblacion-ante-el-gradual-retorno-a-las-actividades\\\/\",\"url\":\"https:\\\/\\\/informelitoral.com.ar\\\/piden-concientizacion-a-la-poblacion-ante-el-gradual-retorno-a-las-actividades\\\/\",\"name\":\"Piden concientizaci\u00f3n a la poblaci\u00f3n ante el gradual retorno a las actividades - Informe Litoral\",\"isPartOf\":{\"@id\":\"https:\\\/\\\/informelitoral.com.ar\\\/#website\"},\"primaryImageOfPage\":{\"@id\":\"https:\\\/\\\/informelitoral.com.ar\\\/piden-concientizacion-a-la-poblacion-ante-el-gradual-retorno-a-las-actividades\\\/#primaryimage\"},\"image\":{\"@id\":\"https:\\\/\\\/informelitoral.com.ar\\\/piden-concientizacion-a-la-poblacion-ante-el-gradual-retorno-a-las-actividades\\\/#primaryimage\"},\"thumbnailUrl\":\"https:\\\/\\\/informelitoral.com.ar\\\/%77%70%2d%63%6f%6e%74%65%6e%74\\\/uploads\\\/2020\\\/05\\\/1588707967jpg.jpg\",\"datePublished\":\"2020-05-06T13:47:58+00:00\",\"dateModified\":\"2020-05-06T13:49:41+00:00\",\"breadcrumb\":{\"@id\":\"https:\\\/\\\/informelitoral.com.ar\\\/piden-concientizacion-a-la-poblacion-ante-el-gradual-retorno-a-las-actividades\\\/#breadcrumb\"},\"inLanguage\":\"es\",\"potentialAction\":[{\"@type\":\"ReadAction\",\"target\":[\"https:\\\/\\\/informelitoral.com.ar\\\/piden-concientizacion-a-la-poblacion-ante-el-gradual-retorno-a-las-actividades\\\/\"]}]},{\"@type\":\"ImageObject\",\"inLanguage\":\"es\",\"@id\":\"https:\\\/\\\/informelitoral.com.ar\\\/piden-concientizacion-a-la-poblacion-ante-el-gradual-retorno-a-las-actividades\\\/#primaryimage\",\"url\":\"https:\\\/\\\/informelitoral.com.ar\\\/%77%70%2d%63%6f%6e%74%65%6e%74\\\/uploads\\\/2020\\\/05\\\/1588707967jpg.jpg\",\"contentUrl\":\"https:\\\/\\\/informelitoral.com.ar\\\/%77%70%2d%63%6f%6e%74%65%6e%74\\\/uploads\\\/2020\\\/05\\\/1588707967jpg.jpg\",\"width\":1920,\"height\":1280},{\"@type\":\"BreadcrumbList\",\"@id\":\"https:\\\/\\\/informelitoral.com.ar\\\/piden-concientizacion-a-la-poblacion-ante-el-gradual-retorno-a-las-actividades\\\/#breadcrumb\",\"itemListElement\":[{\"@type\":\"ListItem\",\"position\":1,\"name\":\"Portada\",\"item\":\"https:\\\/\\\/informelitoral.com.ar\\\/\"},{\"@type\":\"ListItem\",\"position\":2,\"name\":\"Piden concientizaci\u00f3n a la poblaci\u00f3n ante el gradual retorno a las actividades\"}]},{\"@type\":\"WebSite\",\"@id\":\"https:\\\/\\\/informelitoral.com.ar\\\/#website\",\"url\":\"https:\\\/\\\/informelitoral.com.ar\\\/\",\"name\":\"Informe Litoral\",\"description\":\"&quot;Nos informamos&quot; \",\"publisher\":{\"@id\":\"https:\\\/\\\/informelitoral.com.ar\\\/#organization\"},\"potentialAction\":[{\"@type\":\"SearchAction\",\"target\":{\"@type\":\"EntryPoint\",\"urlTemplate\":\"https:\\\/\\\/informelitoral.com.ar\\\/?s={search_term_string}\"},\"query-input\":{\"@type\":\"PropertyValueSpecification\",\"valueRequired\":true,\"valueName\":\"search_term_string\"}}],\"inLanguage\":\"es\"},{\"@type\":\"Organization\",\"@id\":\"https:\\\/\\\/informelitoral.com.ar\\\/#organization\",\"name\":\"Informe Litoral\",\"url\":\"https:\\\/\\\/informelitoral.com.ar\\\/\",\"logo\":{\"@type\":\"ImageObject\",\"inLanguage\":\"es\",\"@id\":\"https:\\\/\\\/informelitoral.com.ar\\\/#\\\/schema\\\/logo\\\/image\\\/\",\"url\":\"https:\\\/\\\/informelitoral.com.ar\\\/%77%70%2d%63%6f%6e%74%65%6e%74\\\/uploads\\\/2021\\\/01\\\/circulo.png\",\"contentUrl\":\"https:\\\/\\\/informelitoral.com.ar\\\/%77%70%2d%63%6f%6e%74%65%6e%74\\\/uploads\\\/2021\\\/01\\\/circulo.png\",\"width\":723,\"height\":731,\"caption\":\"Informe Litoral\"},\"image\":{\"@id\":\"https:\\\/\\\/informelitoral.com.ar\\\/#\\\/schema\\\/logo\\\/image\\\/\"},\"sameAs\":[\"https:\\\/\\\/www.facebook.com\\\/informelitoral\\\/\",\"https:\\\/\\\/x.com\\\/InformeLitoral\",\"https:\\\/\\\/www.instagram.com\\\/informelitoral\\\/\",\"https:\\\/\\\/www.youtube.com\\\/channel\\\/UCua4Qvz8Icb6MYqhoq9xLXw\"]},{\"@type\":\"Person\",\"@id\":\"https:\\\/\\\/informelitoral.com.ar\\\/#\\\/schema\\\/person\\\/b9d00407c836482871ef1d57bf8e3180\",\"name\":\"Gonzalo Schmidt\",\"image\":{\"@type\":\"ImageObject\",\"inLanguage\":\"es\",\"@id\":\"https:\\\/\\\/secure.gravatar.com\\\/avatar\\\/31a1a7b66ff2de83bd0e9fd79d026630d2d99e55e8bfe501287647b4fd9743de?s=96&d=mm&r=g\",\"url\":\"https:\\\/\\\/secure.gravatar.com\\\/avatar\\\/31a1a7b66ff2de83bd0e9fd79d026630d2d99e55e8bfe501287647b4fd9743de?s=96&d=mm&r=g\",\"contentUrl\":\"https:\\\/\\\/secure.gravatar.com\\\/avatar\\\/31a1a7b66ff2de83bd0e9fd79d026630d2d99e55e8bfe501287647b4fd9743de?s=96&d=mm&r=g\",\"caption\":\"Gonzalo Schmidt\"},\"description\":\"Sitio web de noticias de la provincia de Entre R\u00edos, Argentina. Informaci\u00f3n y entretenimiento. Informe Litoral, nos informamos.\",\"sameAs\":[\"http:\\\/\\\/www.isletasnoticias.com.ar\"],\"url\":\"https:\\\/\\\/informelitoral.com.ar\\\/author\\\/gonzalo\\\/\"}]}<\/script>","yoast_head_json":{"title":"Piden concientizaci\u00f3n a la poblaci\u00f3n ante el gradual retorno a las actividades - Informe Litoral","robots":{"index":"index","follow":"follow","max-snippet":"max-snippet:-1","max-image-preview":"max-image-preview:large","max-video-preview":"max-video-preview:-1"},"canonical":"https:\/\/informelitoral.com.ar\/piden-concientizacion-a-la-poblacion-ante-el-gradual-retorno-a-las-actividades\/","og_locale":"es_ES","og_type":"article","og_title":"Piden concientizaci\u00f3n a la poblaci\u00f3n ante el gradual retorno a las actividades - Informe Litoral","og_description":"La ministra de Salud, Sonia Vel\u00e1zquez, destac\u00f3 el trabajo preventivo realizado en Entre R\u00edos en torno al coronavirus, con acciones progresivas y administradas en cada fase de la cuarentena. Record\u00f3 que, m\u00e1s all\u00e1 de la autorizaci\u00f3n a diferentes sectores, la cuarentena contin\u00faa.","og_url":"https:\/\/informelitoral.com.ar\/piden-concientizacion-a-la-poblacion-ante-el-gradual-retorno-a-las-actividades\/","og_site_name":"Informe Litoral","article_publisher":"https:\/\/www.facebook.com\/informelitoral\/","article_published_time":"2020-05-06T13:47:58+00:00","article_modified_time":"2020-05-06T13:49:41+00:00","og_image":[{"width":1920,"height":1280,"url":"https:\/\/informelitoral.com.ar\/%77%70%2d%63%6f%6e%74%65%6e%74\/uploads\/2020\/05\/1588707967jpg.jpg","type":"image\/jpeg"}],"author":"Gonzalo Schmidt","twitter_card":"summary_large_image","twitter_creator":"@InformeLitoral","twitter_site":"@InformeLitoral","twitter_misc":{"Escrito por":"Gonzalo Schmidt","Tiempo de lectura":"4 minutos"},"schema":{"@context":"https:\/\/schema.org","@graph":[{"@type":"Article","@id":"https:\/\/informelitoral.com.ar\/piden-concientizacion-a-la-poblacion-ante-el-gradual-retorno-a-las-actividades\/#article","isPartOf":{"@id":"https:\/\/informelitoral.com.ar\/piden-concientizacion-a-la-poblacion-ante-el-gradual-retorno-a-las-actividades\/"},"author":{"name":"Gonzalo Schmidt","@id":"https:\/\/informelitoral.com.ar\/#\/schema\/person\/b9d00407c836482871ef1d57bf8e3180"},"headline":"Piden concientizaci\u00f3n a la poblaci\u00f3n ante el gradual retorno a las actividades","datePublished":"2020-05-06T13:47:58+00:00","dateModified":"2020-05-06T13:49:41+00:00","mainEntityOfPage":{"@id":"https:\/\/informelitoral.com.ar\/piden-concientizacion-a-la-poblacion-ante-el-gradual-retorno-a-las-actividades\/"},"wordCount":816,"commentCount":0,"publisher":{"@id":"https:\/\/informelitoral.com.ar\/#organization"},"image":{"@id":"https:\/\/informelitoral.com.ar\/piden-concientizacion-a-la-poblacion-ante-el-gradual-retorno-a-las-actividades\/#primaryimage"},"thumbnailUrl":"https:\/\/informelitoral.com.ar\/%77%70%2d%63%6f%6e%74%65%6e%74\/uploads\/2020\/05\/1588707967jpg.jpg","keywords":["COVID-19","Cuarentena","Ministerio de Salud","Salud"],"articleSection":["Entre R\u00edos"],"inLanguage":"es","potentialAction":[{"@type":"CommentAction","name":"Comment","target":["https:\/\/informelitoral.com.ar\/piden-concientizacion-a-la-poblacion-ante-el-gradual-retorno-a-las-actividades\/#respond"]}]},{"@type":"WebPage","@id":"https:\/\/informelitoral.com.ar\/piden-concientizacion-a-la-poblacion-ante-el-gradual-retorno-a-las-actividades\/","url":"https:\/\/informelitoral.com.ar\/piden-concientizacion-a-la-poblacion-ante-el-gradual-retorno-a-las-actividades\/","name":"Piden concientizaci\u00f3n a la poblaci\u00f3n ante el gradual retorno a las actividades - Informe Litoral","isPartOf":{"@id":"https:\/\/informelitoral.com.ar\/#website"},"primaryImageOfPage":{"@id":"https:\/\/informelitoral.com.ar\/piden-concientizacion-a-la-poblacion-ante-el-gradual-retorno-a-las-actividades\/#primaryimage"},"image":{"@id":"https:\/\/informelitoral.com.ar\/piden-concientizacion-a-la-poblacion-ante-el-gradual-retorno-a-las-actividades\/#primaryimage"},"thumbnailUrl":"https:\/\/informelitoral.com.ar\/%77%70%2d%63%6f%6e%74%65%6e%74\/uploads\/2020\/05\/1588707967jpg.jpg","datePublished":"2020-05-06T13:47:58+00:00","dateModified":"2020-05-06T13:49:41+00:00","breadcrumb":{"@id":"https:\/\/informelitoral.com.ar\/piden-concientizacion-a-la-poblacion-ante-el-gradual-retorno-a-las-actividades\/#breadcrumb"},"inLanguage":"es","potentialAction":[{"@type":"ReadAction","target":["https:\/\/informelitoral.com.ar\/piden-concientizacion-a-la-poblacion-ante-el-gradual-retorno-a-las-actividades\/"]}]},{"@type":"ImageObject","inLanguage":"es","@id":"https:\/\/informelitoral.com.ar\/piden-concientizacion-a-la-poblacion-ante-el-gradual-retorno-a-las-actividades\/#primaryimage","url":"https:\/\/informelitoral.com.ar\/%77%70%2d%63%6f%6e%74%65%6e%74\/uploads\/2020\/05\/1588707967jpg.jpg","contentUrl":"https:\/\/informelitoral.com.ar\/%77%70%2d%63%6f%6e%74%65%6e%74\/uploads\/2020\/05\/1588707967jpg.jpg","width":1920,"height":1280},{"@type":"BreadcrumbList","@id":"https:\/\/informelitoral.com.ar\/piden-concientizacion-a-la-poblacion-ante-el-gradual-retorno-a-las-actividades\/#breadcrumb","itemListElement":[{"@type":"ListItem","position":1,"name":"Portada","item":"https:\/\/informelitoral.com.ar\/"},{"@type":"ListItem","position":2,"name":"Piden concientizaci\u00f3n a la poblaci\u00f3n ante el gradual retorno a las actividades"}]},{"@type":"WebSite","@id":"https:\/\/informelitoral.com.ar\/#website","url":"https:\/\/informelitoral.com.ar\/","name":"Informe Litoral","description":"&quot;Nos informamos&quot; ","publisher":{"@id":"https:\/\/informelitoral.com.ar\/#organization"},"potentialAction":[{"@type":"SearchAction","target":{"@type":"EntryPoint","urlTemplate":"https:\/\/informelitoral.com.ar\/?s={search_term_string}"},"query-input":{"@type":"PropertyValueSpecification","valueRequired":true,"valueName":"search_term_string"}}],"inLanguage":"es"},{"@type":"Organization","@id":"https:\/\/informelitoral.com.ar\/#organization","name":"Informe Litoral","url":"https:\/\/informelitoral.com.ar\/","logo":{"@type":"ImageObject","inLanguage":"es","@id":"https:\/\/informelitoral.com.ar\/#\/schema\/logo\/image\/","url":"https:\/\/informelitoral.com.ar\/%77%70%2d%63%6f%6e%74%65%6e%74\/uploads\/2021\/01\/circulo.png","contentUrl":"https:\/\/informelitoral.com.ar\/%77%70%2d%63%6f%6e%74%65%6e%74\/uploads\/2021\/01\/circulo.png","width":723,"height":731,"caption":"Informe Litoral"},"image":{"@id":"https:\/\/informelitoral.com.ar\/#\/schema\/logo\/image\/"},"sameAs":["https:\/\/www.facebook.com\/informelitoral\/","https:\/\/x.com\/InformeLitoral","https:\/\/www.instagram.com\/informelitoral\/","https:\/\/www.youtube.com\/channel\/UCua4Qvz8Icb6MYqhoq9xLXw"]},{"@type":"Person","@id":"https:\/\/informelitoral.com.ar\/#\/schema\/person\/b9d00407c836482871ef1d57bf8e3180","name":"Gonzalo Schmidt","image":{"@type":"ImageObject","inLanguage":"es","@id":"https:\/\/secure.gravatar.com\/avatar\/31a1a7b66ff2de83bd0e9fd79d026630d2d99e55e8bfe501287647b4fd9743de?s=96&d=mm&r=g","url":"https:\/\/secure.gravatar.com\/avatar\/31a1a7b66ff2de83bd0e9fd79d026630d2d99e55e8bfe501287647b4fd9743de?s=96&d=mm&r=g","contentUrl":"https:\/\/secure.gravatar.com\/avatar\/31a1a7b66ff2de83bd0e9fd79d026630d2d99e55e8bfe501287647b4fd9743de?s=96&d=mm&r=g","caption":"Gonzalo Schmidt"},"description":"Sitio web de noticias de la provincia de Entre R\u00edos, Argentina. Informaci\u00f3n y entretenimiento. Informe Litoral, nos informamos.","sameAs":["http:\/\/www.isletasnoticias.com.ar"],"url":"https:\/\/informelitoral.com.ar\/author\/gonzalo\/"}]}},"_links":{"self":[{"href":"https:\/\/informelitoral.com.ar\/%77%70%2d%6a%73%6f%6e\/wp\/v2\/posts\/42769","targetHints":{"allow":["GET"]}}],"collection":[{"href":"https:\/\/informelitoral.com.ar\/%77%70%2d%6a%73%6f%6e\/wp\/v2\/posts"}],"about":[{"href":"https:\/\/informelitoral.com.ar\/%77%70%2d%6a%73%6f%6e\/wp\/v2\/types\/post"}],"author":[{"embeddable":true,"href":"https:\/\/informelitoral.com.ar\/%77%70%2d%6a%73%6f%6e\/wp\/v2\/users\/2"}],"replies":[{"embeddable":true,"href":"https:\/\/informelitoral.com.ar\/%77%70%2d%6a%73%6f%6e\/wp\/v2\/comments?post=42769"}],"version-history":[{"count":0,"href":"https:\/\/informelitoral.com.ar\/%77%70%2d%6a%73%6f%6e\/wp\/v2\/posts\/42769\/revisions"}],"wp:featuredmedia":[{"embeddable":true,"href":"https:\/\/informelitoral.com.ar\/%77%70%2d%6a%73%6f%6e\/wp\/v2\/media\/42770"}],"wp:attachment":[{"href":"https:\/\/informelitoral.com.ar\/%77%70%2d%6a%73%6f%6e\/wp\/v2\/media?parent=42769"}],"wp:term":[{"taxonomy":"category","embeddable":true,"href":"https:\/\/informelitoral.com.ar\/%77%70%2d%6a%73%6f%6e\/wp\/v2\/categories?post=42769"},{"taxonomy":"post_tag","embeddable":true,"href":"https:\/\/informelitoral.com.ar\/%77%70%2d%6a%73%6f%6e\/wp\/v2\/tags?post=42769"}],"curies":[{"name":"wp","href":"https:\/\/api.w.org\/{rel}","templated":true}]}}