{"id":42726,"date":"2020-05-05T08:45:22","date_gmt":"2020-05-05T11:45:22","guid":{"rendered":"https:\/\/www.isletasnoticias.com.ar\/?p=42726"},"modified":"2020-05-05T16:55:42","modified_gmt":"2020-05-05T19:55:42","slug":"busti-opinar-por-redes-sociales-es-facil-gobernar-con-responsabilidad-no-es-para-cualquiera","status":"publish","type":"post","link":"https:\/\/informelitoral.com.ar\/busti-opinar-por-redes-sociales-es-facil-gobernar-con-responsabilidad-no-es-para-cualquiera\/","title":{"rendered":"Busti: \u201cOpinar por redes sociales es f\u00e1cil, gobernar con responsabilidad no es para cualquiera\u201d"},"content":{"rendered":"<p>En declaraciones realizadas a <em>Radio Estaci\u00f3n Norte<\/em> de Concordia, el exgobernador realiz\u00f3 un an\u00e1lisis sobre la pandemia <strong>COVID-19<\/strong>: \u201cEstuve leyendo mucho a Frank Snowden, uno de los mayores expertos sobre la historia de las epidemias, y \u00e9l asegura que el coronavirus es la primera gran pandemia de la globalizaci\u00f3n; es decir que este virus no se puede separar del estado de cosas que tenemos actualmente en el mundo: 8.000 millones de habitantes, las grandes aglomeraciones urbanas, las tremendas deforestaciones con el consiguiente avance sobre el h\u00e1bitat natural de los animales. Y obviamente la expansi\u00f3n masiva del virus por medio de las l\u00edneas \u00e1reas que hoy conectan a casi todos los rincones del planeta\u201d.<\/p>\n<p>\u201cSiempre que hablamos sobre las consecuencias que tiene la contaminaci\u00f3n del medio ambiente, me es imposible no recordar el \u2018Mensaje Ambiental a los Pueblo y Gobiernos del Mundo\u2019 que Juan Domingo Per\u00f3n, como un estadista y un adelantado a su tiempo que era, escribi\u00f3 desde Madrid en febrero de 1972. En ese texto, Per\u00f3n instaba a la humanidad entera a ponerse en pie de guerra en defensa de s\u00ed misma, en una tarea gigantesca en la que los pueblos y gobiernos del mundo no pueden quedarse de brazos cruzados, m\u00e1s all\u00e1 de las diferencias ideol\u00f3gicas\u201d, profundiz\u00f3.<\/p>\n<p>Refiri\u00e9ndose a Europa, Busti compar\u00f3: \u201cEs cierto que Suecia enfrent\u00f3 con \u00e9xito la pandemia sin someterse a una cuarentena estricta. Sin embargo, y m\u00e1s all\u00e1 de que uno pueda sentir admiraci\u00f3n por las sociedades escandinavas, la realidad de ellos no aplica para Am\u00e9rica Latina, dado que poseen una disciplina social, avances tecnol\u00f3gicos y una organizaci\u00f3n comunitaria que no tenemos nosotros, por lo que esas medidas no podr\u00edan ser replicadas directamente en el contexto argentino\u201d.<\/p>\n<p>Concretamente sobre la<strong> evoluci\u00f3n de la cuarentena<\/strong>, opin\u00f3: \u201cLos n\u00fameros en nuestro pa\u00eds, producto de las medidas que tom\u00f3 el gobierno de Alberto Fern\u00e1ndez, son muy auspiciosos, y m\u00e1s a\u00fan si se comparan con otros pa\u00edses latinoamericanos cuyos gobiernos actuaron irresponsablemente, como es el caso de Bolsonaro en Brasil. Cuando uno gobierna y recae toda la responsabilidad sobre sus espaldas hay que proceder con pies de plomo y asesorarse con los mayores expertos. Opinar libremente por redes sociales sin rigor cient\u00edfico es muy f\u00e1cil, gobernar con sensatez y responsabilidad es otra cosa, no es para cualquiera\u201d.<\/p>\n<p>Por \u00faltimo, se refiri\u00f3 a la situaci\u00f3n de la<strong> reestructuraci\u00f3n de la deuda<\/strong>: \u201cHay que partir de la base que el gobierno de Alberto Fern\u00e1ndez comenz\u00f3 con un endeudamiento sideral que la administraci\u00f3n Macri hab\u00eda triplicado, con una subordinaci\u00f3n al Fondo Monetario Internacional que pretende condicionar todo accionar de gobierno. Y mientras estaba en plena negociaci\u00f3n se encontr\u00f3 con esta pandemia que puso al mundo patas para arriba. No obstante, ese frente externo sigue ah\u00ed, con los tenedores de los bonos, que son los mismos de siempre, muchos de ellos socios de grandes medios de comunicaci\u00f3n de la Argentina, que est\u00e1n realizando un ataque muy virulento. Solicitar un per\u00edodo de gracia es sensato, porque actualmente los recursos que existen deben volcarse exclusivamente al frente interno, a atender las necesidades de los sectores m\u00e1s vulnerables de la sociedad. Hay que ponerse firmes: de ning\u00fan modo se puede pagar una deuda sobre la base del sufrimiento de nuestro pueblo\u201d.<\/p>\n","protected":false},"excerpt":{"rendered":"<p>El exgobernador entrerriano se refiri\u00f3 a la emergencia sanitaria por el COVID-19. En declaraciones radiales destac\u00f3 las medidas de Alberto Fern\u00e1ndez y fustig\u00f3 a sectores opositores. <\/p>\n","protected":false},"author":2,"featured_media":42727,"comment_status":"open","ping_status":"open","sticky":false,"template":"","format":"standard","meta":{"fifu_image_url":"","fifu_image_alt":"","footnotes":""},"categories":[16],"tags":[1311,1481,901,81,1314,50],"class_list":{"0":"post-42726","1":"post","2":"type-post","3":"status-publish","4":"format-standard","5":"has-post-thumbnail","7":"category-politi","8":"tag-alberto-fernandez","9":"tag-covid-19","10":"tag-deuda","11":"tag-entre-rios","12":"tag-jorge-busti","13":"tag-politica"},"yoast_head":"<title>Busti: \u201cOpinar por redes sociales es f\u00e1cil, gobernar con responsabilidad no es para cualquiera\u201d - Informe Litoral<\/title>\n<meta name=\"robots\" content=\"index, follow, max-snippet:-1, max-image-preview:large, max-video-preview:-1\" \/>\n<link rel=\"canonical\" href=\"https:\/\/informelitoral.com.ar\/busti-opinar-por-redes-sociales-es-facil-gobernar-con-responsabilidad-no-es-para-cualquiera\/\" \/>\n<meta property=\"og:locale\" content=\"es_ES\" \/>\n<meta property=\"og:type\" content=\"article\" \/>\n<meta property=\"og:title\" content=\"Busti: \u201cOpinar por redes sociales es f\u00e1cil, gobernar con responsabilidad no es para cualquiera\u201d - Informe Litoral\" \/>\n<meta property=\"og:description\" content=\"El exgobernador entrerriano se refiri\u00f3 a la emergencia sanitaria por el COVID-19. En declaraciones radiales destac\u00f3 las medidas de Alberto Fern\u00e1ndez y fustig\u00f3 a sectores opositores.\" \/>\n<meta property=\"og:url\" content=\"https:\/\/informelitoral.com.ar\/busti-opinar-por-redes-sociales-es-facil-gobernar-con-responsabilidad-no-es-para-cualquiera\/\" \/>\n<meta property=\"og:site_name\" content=\"Informe Litoral\" \/>\n<meta property=\"article:publisher\" content=\"https:\/\/www.facebook.com\/informelitoral\/\" \/>\n<meta property=\"article:published_time\" content=\"2020-05-05T11:45:22+00:00\" \/>\n<meta property=\"article:modified_time\" content=\"2020-05-05T19:55:42+00:00\" \/>\n<meta property=\"og:image\" content=\"https:\/\/informelitoral.com.ar\/%77%70%2d%63%6f%6e%74%65%6e%74\/uploads\/2020\/05\/bustijorge.jpg\" \/>\n\t<meta property=\"og:image:width\" content=\"960\" \/>\n\t<meta property=\"og:image:height\" content=\"640\" \/>\n\t<meta property=\"og:image:type\" content=\"image\/jpeg\" \/>\n<meta name=\"author\" content=\"Gonzalo Schmidt\" \/>\n<meta name=\"twitter:card\" content=\"summary_large_image\" \/>\n<meta name=\"twitter:creator\" content=\"@InformeLitoral\" \/>\n<meta name=\"twitter:site\" content=\"@InformeLitoral\" \/>\n<meta name=\"twitter:label1\" content=\"Escrito por\" \/>\n\t<meta name=\"twitter:data1\" content=\"Gonzalo Schmidt\" \/>\n\t<meta name=\"twitter:label2\" content=\"Tiempo de lectura\" \/>\n\t<meta name=\"twitter:data2\" content=\"3 minutos\" \/>\n<script type=\"application\/ld+json\" class=\"yoast-schema-graph\">{\"@context\":\"https:\\\/\\\/schema.org\",\"@graph\":[{\"@type\":\"Article\",\"@id\":\"https:\\\/\\\/informelitoral.com.ar\\\/busti-opinar-por-redes-sociales-es-facil-gobernar-con-responsabilidad-no-es-para-cualquiera\\\/#article\",\"isPartOf\":{\"@id\":\"https:\\\/\\\/informelitoral.com.ar\\\/busti-opinar-por-redes-sociales-es-facil-gobernar-con-responsabilidad-no-es-para-cualquiera\\\/\"},\"author\":{\"name\":\"Gonzalo Schmidt\",\"@id\":\"https:\\\/\\\/informelitoral.com.ar\\\/#\\\/schema\\\/person\\\/b9d00407c836482871ef1d57bf8e3180\"},\"headline\":\"Busti: \u201cOpinar por redes sociales es f\u00e1cil, gobernar con responsabilidad no es para cualquiera\u201d\",\"datePublished\":\"2020-05-05T11:45:22+00:00\",\"dateModified\":\"2020-05-05T19:55:42+00:00\",\"mainEntityOfPage\":{\"@id\":\"https:\\\/\\\/informelitoral.com.ar\\\/busti-opinar-por-redes-sociales-es-facil-gobernar-con-responsabilidad-no-es-para-cualquiera\\\/\"},\"wordCount\":588,\"commentCount\":0,\"publisher\":{\"@id\":\"https:\\\/\\\/informelitoral.com.ar\\\/#organization\"},\"image\":{\"@id\":\"https:\\\/\\\/informelitoral.com.ar\\\/busti-opinar-por-redes-sociales-es-facil-gobernar-con-responsabilidad-no-es-para-cualquiera\\\/#primaryimage\"},\"thumbnailUrl\":\"https:\\\/\\\/informelitoral.com.ar\\\/%77%70%2d%63%6f%6e%74%65%6e%74\\\/uploads\\\/2020\\\/05\\\/bustijorge.jpg\",\"keywords\":[\"Alberto Fern\u00e1ndez\",\"COVID-19\",\"Deuda\",\"Entre R\u00edos\",\"Jorge Busti\",\"Pol\u00edtica\"],\"articleSection\":[\"Politica\"],\"inLanguage\":\"es\",\"potentialAction\":[{\"@type\":\"CommentAction\",\"name\":\"Comment\",\"target\":[\"https:\\\/\\\/informelitoral.com.ar\\\/busti-opinar-por-redes-sociales-es-facil-gobernar-con-responsabilidad-no-es-para-cualquiera\\\/#respond\"]}]},{\"@type\":\"WebPage\",\"@id\":\"https:\\\/\\\/informelitoral.com.ar\\\/busti-opinar-por-redes-sociales-es-facil-gobernar-con-responsabilidad-no-es-para-cualquiera\\\/\",\"url\":\"https:\\\/\\\/informelitoral.com.ar\\\/busti-opinar-por-redes-sociales-es-facil-gobernar-con-responsabilidad-no-es-para-cualquiera\\\/\",\"name\":\"Busti: \u201cOpinar por redes sociales es f\u00e1cil, gobernar con responsabilidad no es para cualquiera\u201d - Informe Litoral\",\"isPartOf\":{\"@id\":\"https:\\\/\\\/informelitoral.com.ar\\\/#website\"},\"primaryImageOfPage\":{\"@id\":\"https:\\\/\\\/informelitoral.com.ar\\\/busti-opinar-por-redes-sociales-es-facil-gobernar-con-responsabilidad-no-es-para-cualquiera\\\/#primaryimage\"},\"image\":{\"@id\":\"https:\\\/\\\/informelitoral.com.ar\\\/busti-opinar-por-redes-sociales-es-facil-gobernar-con-responsabilidad-no-es-para-cualquiera\\\/#primaryimage\"},\"thumbnailUrl\":\"https:\\\/\\\/informelitoral.com.ar\\\/%77%70%2d%63%6f%6e%74%65%6e%74\\\/uploads\\\/2020\\\/05\\\/bustijorge.jpg\",\"datePublished\":\"2020-05-05T11:45:22+00:00\",\"dateModified\":\"2020-05-05T19:55:42+00:00\",\"breadcrumb\":{\"@id\":\"https:\\\/\\\/informelitoral.com.ar\\\/busti-opinar-por-redes-sociales-es-facil-gobernar-con-responsabilidad-no-es-para-cualquiera\\\/#breadcrumb\"},\"inLanguage\":\"es\",\"potentialAction\":[{\"@type\":\"ReadAction\",\"target\":[\"https:\\\/\\\/informelitoral.com.ar\\\/busti-opinar-por-redes-sociales-es-facil-gobernar-con-responsabilidad-no-es-para-cualquiera\\\/\"]}]},{\"@type\":\"ImageObject\",\"inLanguage\":\"es\",\"@id\":\"https:\\\/\\\/informelitoral.com.ar\\\/busti-opinar-por-redes-sociales-es-facil-gobernar-con-responsabilidad-no-es-para-cualquiera\\\/#primaryimage\",\"url\":\"https:\\\/\\\/informelitoral.com.ar\\\/%77%70%2d%63%6f%6e%74%65%6e%74\\\/uploads\\\/2020\\\/05\\\/bustijorge.jpg\",\"contentUrl\":\"https:\\\/\\\/informelitoral.com.ar\\\/%77%70%2d%63%6f%6e%74%65%6e%74\\\/uploads\\\/2020\\\/05\\\/bustijorge.jpg\",\"width\":960,\"height\":640},{\"@type\":\"BreadcrumbList\",\"@id\":\"https:\\\/\\\/informelitoral.com.ar\\\/busti-opinar-por-redes-sociales-es-facil-gobernar-con-responsabilidad-no-es-para-cualquiera\\\/#breadcrumb\",\"itemListElement\":[{\"@type\":\"ListItem\",\"position\":1,\"name\":\"Portada\",\"item\":\"https:\\\/\\\/informelitoral.com.ar\\\/\"},{\"@type\":\"ListItem\",\"position\":2,\"name\":\"Busti: \u201cOpinar por redes sociales es f\u00e1cil, gobernar con responsabilidad no es para cualquiera\u201d\"}]},{\"@type\":\"WebSite\",\"@id\":\"https:\\\/\\\/informelitoral.com.ar\\\/#website\",\"url\":\"https:\\\/\\\/informelitoral.com.ar\\\/\",\"name\":\"Informe Litoral\",\"description\":\"&quot;Nos informamos&quot; \",\"publisher\":{\"@id\":\"https:\\\/\\\/informelitoral.com.ar\\\/#organization\"},\"potentialAction\":[{\"@type\":\"SearchAction\",\"target\":{\"@type\":\"EntryPoint\",\"urlTemplate\":\"https:\\\/\\\/informelitoral.com.ar\\\/?s={search_term_string}\"},\"query-input\":{\"@type\":\"PropertyValueSpecification\",\"valueRequired\":true,\"valueName\":\"search_term_string\"}}],\"inLanguage\":\"es\"},{\"@type\":\"Organization\",\"@id\":\"https:\\\/\\\/informelitoral.com.ar\\\/#organization\",\"name\":\"Informe Litoral\",\"url\":\"https:\\\/\\\/informelitoral.com.ar\\\/\",\"logo\":{\"@type\":\"ImageObject\",\"inLanguage\":\"es\",\"@id\":\"https:\\\/\\\/informelitoral.com.ar\\\/#\\\/schema\\\/logo\\\/image\\\/\",\"url\":\"https:\\\/\\\/informelitoral.com.ar\\\/%77%70%2d%63%6f%6e%74%65%6e%74\\\/uploads\\\/2021\\\/01\\\/circulo.png\",\"contentUrl\":\"https:\\\/\\\/informelitoral.com.ar\\\/%77%70%2d%63%6f%6e%74%65%6e%74\\\/uploads\\\/2021\\\/01\\\/circulo.png\",\"width\":723,\"height\":731,\"caption\":\"Informe Litoral\"},\"image\":{\"@id\":\"https:\\\/\\\/informelitoral.com.ar\\\/#\\\/schema\\\/logo\\\/image\\\/\"},\"sameAs\":[\"https:\\\/\\\/www.facebook.com\\\/informelitoral\\\/\",\"https:\\\/\\\/x.com\\\/InformeLitoral\",\"https:\\\/\\\/www.instagram.com\\\/informelitoral\\\/\",\"https:\\\/\\\/www.youtube.com\\\/channel\\\/UCua4Qvz8Icb6MYqhoq9xLXw\"]},{\"@type\":\"Person\",\"@id\":\"https:\\\/\\\/informelitoral.com.ar\\\/#\\\/schema\\\/person\\\/b9d00407c836482871ef1d57bf8e3180\",\"name\":\"Gonzalo Schmidt\",\"image\":{\"@type\":\"ImageObject\",\"inLanguage\":\"es\",\"@id\":\"https:\\\/\\\/secure.gravatar.com\\\/avatar\\\/31a1a7b66ff2de83bd0e9fd79d026630d2d99e55e8bfe501287647b4fd9743de?s=96&d=mm&r=g\",\"url\":\"https:\\\/\\\/secure.gravatar.com\\\/avatar\\\/31a1a7b66ff2de83bd0e9fd79d026630d2d99e55e8bfe501287647b4fd9743de?s=96&d=mm&r=g\",\"contentUrl\":\"https:\\\/\\\/secure.gravatar.com\\\/avatar\\\/31a1a7b66ff2de83bd0e9fd79d026630d2d99e55e8bfe501287647b4fd9743de?s=96&d=mm&r=g\",\"caption\":\"Gonzalo Schmidt\"},\"description\":\"Sitio web de noticias de la provincia de Entre R\u00edos, Argentina. Informaci\u00f3n y entretenimiento. Informe Litoral, nos informamos.\",\"sameAs\":[\"http:\\\/\\\/www.isletasnoticias.com.ar\"],\"url\":\"https:\\\/\\\/informelitoral.com.ar\\\/author\\\/gonzalo\\\/\"}]}<\/script>","yoast_head_json":{"title":"Busti: \u201cOpinar por redes sociales es f\u00e1cil, gobernar con responsabilidad no es para cualquiera\u201d - Informe Litoral","robots":{"index":"index","follow":"follow","max-snippet":"max-snippet:-1","max-image-preview":"max-image-preview:large","max-video-preview":"max-video-preview:-1"},"canonical":"https:\/\/informelitoral.com.ar\/busti-opinar-por-redes-sociales-es-facil-gobernar-con-responsabilidad-no-es-para-cualquiera\/","og_locale":"es_ES","og_type":"article","og_title":"Busti: \u201cOpinar por redes sociales es f\u00e1cil, gobernar con responsabilidad no es para cualquiera\u201d - Informe Litoral","og_description":"El exgobernador entrerriano se refiri\u00f3 a la emergencia sanitaria por el COVID-19. En declaraciones radiales destac\u00f3 las medidas de Alberto Fern\u00e1ndez y fustig\u00f3 a sectores opositores.","og_url":"https:\/\/informelitoral.com.ar\/busti-opinar-por-redes-sociales-es-facil-gobernar-con-responsabilidad-no-es-para-cualquiera\/","og_site_name":"Informe Litoral","article_publisher":"https:\/\/www.facebook.com\/informelitoral\/","article_published_time":"2020-05-05T11:45:22+00:00","article_modified_time":"2020-05-05T19:55:42+00:00","og_image":[{"width":960,"height":640,"url":"https:\/\/informelitoral.com.ar\/%77%70%2d%63%6f%6e%74%65%6e%74\/uploads\/2020\/05\/bustijorge.jpg","type":"image\/jpeg"}],"author":"Gonzalo Schmidt","twitter_card":"summary_large_image","twitter_creator":"@InformeLitoral","twitter_site":"@InformeLitoral","twitter_misc":{"Escrito por":"Gonzalo Schmidt","Tiempo de lectura":"3 minutos"},"schema":{"@context":"https:\/\/schema.org","@graph":[{"@type":"Article","@id":"https:\/\/informelitoral.com.ar\/busti-opinar-por-redes-sociales-es-facil-gobernar-con-responsabilidad-no-es-para-cualquiera\/#article","isPartOf":{"@id":"https:\/\/informelitoral.com.ar\/busti-opinar-por-redes-sociales-es-facil-gobernar-con-responsabilidad-no-es-para-cualquiera\/"},"author":{"name":"Gonzalo Schmidt","@id":"https:\/\/informelitoral.com.ar\/#\/schema\/person\/b9d00407c836482871ef1d57bf8e3180"},"headline":"Busti: \u201cOpinar por redes sociales es f\u00e1cil, gobernar con responsabilidad no es para cualquiera\u201d","datePublished":"2020-05-05T11:45:22+00:00","dateModified":"2020-05-05T19:55:42+00:00","mainEntityOfPage":{"@id":"https:\/\/informelitoral.com.ar\/busti-opinar-por-redes-sociales-es-facil-gobernar-con-responsabilidad-no-es-para-cualquiera\/"},"wordCount":588,"commentCount":0,"publisher":{"@id":"https:\/\/informelitoral.com.ar\/#organization"},"image":{"@id":"https:\/\/informelitoral.com.ar\/busti-opinar-por-redes-sociales-es-facil-gobernar-con-responsabilidad-no-es-para-cualquiera\/#primaryimage"},"thumbnailUrl":"https:\/\/informelitoral.com.ar\/%77%70%2d%63%6f%6e%74%65%6e%74\/uploads\/2020\/05\/bustijorge.jpg","keywords":["Alberto Fern\u00e1ndez","COVID-19","Deuda","Entre R\u00edos","Jorge Busti","Pol\u00edtica"],"articleSection":["Politica"],"inLanguage":"es","potentialAction":[{"@type":"CommentAction","name":"Comment","target":["https:\/\/informelitoral.com.ar\/busti-opinar-por-redes-sociales-es-facil-gobernar-con-responsabilidad-no-es-para-cualquiera\/#respond"]}]},{"@type":"WebPage","@id":"https:\/\/informelitoral.com.ar\/busti-opinar-por-redes-sociales-es-facil-gobernar-con-responsabilidad-no-es-para-cualquiera\/","url":"https:\/\/informelitoral.com.ar\/busti-opinar-por-redes-sociales-es-facil-gobernar-con-responsabilidad-no-es-para-cualquiera\/","name":"Busti: \u201cOpinar por redes sociales es f\u00e1cil, gobernar con responsabilidad no es para cualquiera\u201d - Informe Litoral","isPartOf":{"@id":"https:\/\/informelitoral.com.ar\/#website"},"primaryImageOfPage":{"@id":"https:\/\/informelitoral.com.ar\/busti-opinar-por-redes-sociales-es-facil-gobernar-con-responsabilidad-no-es-para-cualquiera\/#primaryimage"},"image":{"@id":"https:\/\/informelitoral.com.ar\/busti-opinar-por-redes-sociales-es-facil-gobernar-con-responsabilidad-no-es-para-cualquiera\/#primaryimage"},"thumbnailUrl":"https:\/\/informelitoral.com.ar\/%77%70%2d%63%6f%6e%74%65%6e%74\/uploads\/2020\/05\/bustijorge.jpg","datePublished":"2020-05-05T11:45:22+00:00","dateModified":"2020-05-05T19:55:42+00:00","breadcrumb":{"@id":"https:\/\/informelitoral.com.ar\/busti-opinar-por-redes-sociales-es-facil-gobernar-con-responsabilidad-no-es-para-cualquiera\/#breadcrumb"},"inLanguage":"es","potentialAction":[{"@type":"ReadAction","target":["https:\/\/informelitoral.com.ar\/busti-opinar-por-redes-sociales-es-facil-gobernar-con-responsabilidad-no-es-para-cualquiera\/"]}]},{"@type":"ImageObject","inLanguage":"es","@id":"https:\/\/informelitoral.com.ar\/busti-opinar-por-redes-sociales-es-facil-gobernar-con-responsabilidad-no-es-para-cualquiera\/#primaryimage","url":"https:\/\/informelitoral.com.ar\/%77%70%2d%63%6f%6e%74%65%6e%74\/uploads\/2020\/05\/bustijorge.jpg","contentUrl":"https:\/\/informelitoral.com.ar\/%77%70%2d%63%6f%6e%74%65%6e%74\/uploads\/2020\/05\/bustijorge.jpg","width":960,"height":640},{"@type":"BreadcrumbList","@id":"https:\/\/informelitoral.com.ar\/busti-opinar-por-redes-sociales-es-facil-gobernar-con-responsabilidad-no-es-para-cualquiera\/#breadcrumb","itemListElement":[{"@type":"ListItem","position":1,"name":"Portada","item":"https:\/\/informelitoral.com.ar\/"},{"@type":"ListItem","position":2,"name":"Busti: \u201cOpinar por redes sociales es f\u00e1cil, gobernar con responsabilidad no es para cualquiera\u201d"}]},{"@type":"WebSite","@id":"https:\/\/informelitoral.com.ar\/#website","url":"https:\/\/informelitoral.com.ar\/","name":"Informe Litoral","description":"&quot;Nos informamos&quot; ","publisher":{"@id":"https:\/\/informelitoral.com.ar\/#organization"},"potentialAction":[{"@type":"SearchAction","target":{"@type":"EntryPoint","urlTemplate":"https:\/\/informelitoral.com.ar\/?s={search_term_string}"},"query-input":{"@type":"PropertyValueSpecification","valueRequired":true,"valueName":"search_term_string"}}],"inLanguage":"es"},{"@type":"Organization","@id":"https:\/\/informelitoral.com.ar\/#organization","name":"Informe Litoral","url":"https:\/\/informelitoral.com.ar\/","logo":{"@type":"ImageObject","inLanguage":"es","@id":"https:\/\/informelitoral.com.ar\/#\/schema\/logo\/image\/","url":"https:\/\/informelitoral.com.ar\/%77%70%2d%63%6f%6e%74%65%6e%74\/uploads\/2021\/01\/circulo.png","contentUrl":"https:\/\/informelitoral.com.ar\/%77%70%2d%63%6f%6e%74%65%6e%74\/uploads\/2021\/01\/circulo.png","width":723,"height":731,"caption":"Informe Litoral"},"image":{"@id":"https:\/\/informelitoral.com.ar\/#\/schema\/logo\/image\/"},"sameAs":["https:\/\/www.facebook.com\/informelitoral\/","https:\/\/x.com\/InformeLitoral","https:\/\/www.instagram.com\/informelitoral\/","https:\/\/www.youtube.com\/channel\/UCua4Qvz8Icb6MYqhoq9xLXw"]},{"@type":"Person","@id":"https:\/\/informelitoral.com.ar\/#\/schema\/person\/b9d00407c836482871ef1d57bf8e3180","name":"Gonzalo Schmidt","image":{"@type":"ImageObject","inLanguage":"es","@id":"https:\/\/secure.gravatar.com\/avatar\/31a1a7b66ff2de83bd0e9fd79d026630d2d99e55e8bfe501287647b4fd9743de?s=96&d=mm&r=g","url":"https:\/\/secure.gravatar.com\/avatar\/31a1a7b66ff2de83bd0e9fd79d026630d2d99e55e8bfe501287647b4fd9743de?s=96&d=mm&r=g","contentUrl":"https:\/\/secure.gravatar.com\/avatar\/31a1a7b66ff2de83bd0e9fd79d026630d2d99e55e8bfe501287647b4fd9743de?s=96&d=mm&r=g","caption":"Gonzalo Schmidt"},"description":"Sitio web de noticias de la provincia de Entre R\u00edos, Argentina. Informaci\u00f3n y entretenimiento. Informe Litoral, nos informamos.","sameAs":["http:\/\/www.isletasnoticias.com.ar"],"url":"https:\/\/informelitoral.com.ar\/author\/gonzalo\/"}]}},"_links":{"self":[{"href":"https:\/\/informelitoral.com.ar\/%77%70%2d%6a%73%6f%6e\/wp\/v2\/posts\/42726","targetHints":{"allow":["GET"]}}],"collection":[{"href":"https:\/\/informelitoral.com.ar\/%77%70%2d%6a%73%6f%6e\/wp\/v2\/posts"}],"about":[{"href":"https:\/\/informelitoral.com.ar\/%77%70%2d%6a%73%6f%6e\/wp\/v2\/types\/post"}],"author":[{"embeddable":true,"href":"https:\/\/informelitoral.com.ar\/%77%70%2d%6a%73%6f%6e\/wp\/v2\/users\/2"}],"replies":[{"embeddable":true,"href":"https:\/\/informelitoral.com.ar\/%77%70%2d%6a%73%6f%6e\/wp\/v2\/comments?post=42726"}],"version-history":[{"count":0,"href":"https:\/\/informelitoral.com.ar\/%77%70%2d%6a%73%6f%6e\/wp\/v2\/posts\/42726\/revisions"}],"wp:featuredmedia":[{"embeddable":true,"href":"https:\/\/informelitoral.com.ar\/%77%70%2d%6a%73%6f%6e\/wp\/v2\/media\/42727"}],"wp:attachment":[{"href":"https:\/\/informelitoral.com.ar\/%77%70%2d%6a%73%6f%6e\/wp\/v2\/media?parent=42726"}],"wp:term":[{"taxonomy":"category","embeddable":true,"href":"https:\/\/informelitoral.com.ar\/%77%70%2d%6a%73%6f%6e\/wp\/v2\/categories?post=42726"},{"taxonomy":"post_tag","embeddable":true,"href":"https:\/\/informelitoral.com.ar\/%77%70%2d%6a%73%6f%6e\/wp\/v2\/tags?post=42726"}],"curies":[{"name":"wp","href":"https:\/\/api.w.org\/{rel}","templated":true}]}}