{"id":4240,"date":"2013-11-13T15:05:13","date_gmt":"2013-11-13T18:05:13","guid":{"rendered":"http:\/\/www.isletasnoticias.com.ar\/?p=4240"},"modified":"2013-11-13T15:05:13","modified_gmt":"2013-11-13T18:05:13","slug":"pintaran-estrellas-amarillas-en-toda-la-traza-del-puente-victoria-rosario","status":"publish","type":"post","link":"https:\/\/informelitoral.com.ar\/pintaran-estrellas-amarillas-en-toda-la-traza-del-puente-victoria-rosario\/","title":{"rendered":"Pintar\u00e1n estrellas amarillas en toda la traza del puente Victoria &#8211; Rosario"},"content":{"rendered":"<p><strong>El lunes 18, a las 10.30, familiares y amigos de <em>Laura Sena<\/em> y <em>Florencia Crovetto<\/em> -fallecidas en un accidente ocurrido en el enlace vial- lanzar\u00e1n la campa\u00f1a Puente Estrella, que consistir\u00e1 en el se\u00f1alamiento de los lugares del puente en donde m\u00e1s de 40 personas perdieron la vida. Adem\u00e1<strong>s, se\u00f1alaron que<em> Francisco \u00c1lvarez<\/em>, el \u00fanico imputado por ambas muertes, ser\u00e1 procesado.<\/strong><\/strong><\/p>\n<p><a style=\"text-align: center;\" href=\"http:\/\/www.isletasnoticias.com.ar\/%77%70%2d%63%6f%6e%74%65%6e%74\/uploads\/2013\/11\/estrella-amarilla2.jpg_869080375.jpg\"><img loading=\"lazy\" decoding=\"async\" class=\"size-medium wp-image-4241 aligncenter\" alt=\"estrella-amarilla2.jpg_869080375\" src=\"http:\/\/www.isletasnoticias.com.ar\/%77%70%2d%63%6f%6e%74%65%6e%74\/uploads\/2013\/11\/estrella-amarilla2.jpg_869080375-300x225.jpg\" width=\"300\" height=\"225\" srcset=\"https:\/\/informelitoral.com.ar\/%77%70%2d%63%6f%6e%74%65%6e%74\/uploads\/2013\/11\/estrella-amarilla2.jpg_869080375-300x225.jpg 300w, https:\/\/informelitoral.com.ar\/%77%70%2d%63%6f%6e%74%65%6e%74\/uploads\/2013\/11\/estrella-amarilla2.jpg_869080375.jpg 624w\" sizes=\"auto, (max-width: 300px) 100vw, 300px\" \/><\/a>El lunes 18 de noviembre, a las 10. 30, familiares de <strong>Florencia Crovetto<\/strong> y<strong> Laura Sena<\/strong> -v\u00edctimas fatales del accidente de tr\u00e1nsito ocurrido el 10 de junio de 2012 sobre el puente Victoria Rosario- lanzar\u00e1n la campa\u00f1a Puente Estrella.<\/p>\n<p>El acto se realizar\u00e1 sobre la cabecera rosarina del enlace vial, en calles Pintor Musto y Dr. Jos\u00e9 Bernard Iturraspe, y contar\u00e1 con la adhesi\u00f3n de la Asociaci\u00f3n Compromiso Vial de Rosario, Familiares y Amigos de V\u00edctimas de Siniestro Viales, y la Federaci\u00f3n IberoAmericana de Asociaciones de V\u00edctimas Contra la Violencia Vial.<\/p>\n<p><strong>Mariana Sena<\/strong>, hermana de Laura y t\u00eda de Florencia, indic\u00f3 a\u00a0<em>UNO<\/em>\u00a0que \u201cla idea es pintar estas emblem\u00e1ticas estrellas amarillas en el asfalto del puente, y poner se\u00f1al\u00e9tica vertical, indicando los m\u00e1s de 40 puntos en donde perdieron la vida personas, a lo largo de los 60 kil\u00f3metros de la traza del enlace vial\u201d.<\/p>\n<p>Asimismo, explic\u00f3 que pretenden concluir la intervenci\u00f3n del puente el 10 de junio de 2014, cuando se cumpla el segundo aniversario de la muerte de sus familiares.<\/p>\n<p>\u201cLa campa\u00f1a Puente Estrella busca concientizar a los conductores y autoridades sobre la alarmante cantidad y violencia en los accidentes de tr\u00e1nsito. Estas estrellas tienen que ser una alarma. Y el Estado debe garantizar la transitabilidad en nuestras rutas\u201d, manifest\u00f3, y a\u00f1adi\u00f3 que \u201clo m\u00e1s peligroso es creer la mentira de que el puente Rosario \u2013 Victoria es el puente del Mercosur. No est\u00e1 terminada la traza y es uno de los m\u00e1s peligrosos del pa\u00eds\u201d.<\/p>\n<p>Consultada sobre las novedades en la causa iniciada por la muerte de Laura y Florencia -caratulada como Homicidio Culposo-, Mariana indic\u00f3 que \u201cdespu\u00e9s de un a\u00f1o de espera, respetando los tiempos de la Justicia, hace una semana nos informaron que al \u00fanico imputado, el se\u00f1or (Francisco) \u00c1lvarez, se lo va a procesar, va a ir a juicio. Esto es algo muy valioso para la familia y los amigos, que se enjuicie a este hombre que tom\u00f3 una decisi\u00f3n imprudente, poniendo en riesgo su vida y la de quienes iban en su auto, y que arruin\u00f3 a nuestra familia\u201d.<\/p>\n<p>Seg\u00fan public\u00f3 diario <em>UNO,<\/em> Mariana invit\u00f3 a la comunidad a poner me gusta en la p\u00e1gina de Facebook, Puente Estrella, donde se informar\u00e1n novedades y detalles de la campa\u00f1a.<\/p>\n","protected":false},"excerpt":{"rendered":"<p>El lunes 18, a las 10.30, familiares y amigos de Laura Sena y Florencia Crovetto -fallecidas en un accidente ocurrido en el enlace vial- lanzar&aacute;n la campa&ntilde;a Puente Estrella, que consistir&aacute; en el se&ntilde;alamiento de los lugares del puente en donde m&aacute;s de 40 personas perdieron la vida. Adem&aacute;s, se&ntilde;alaron que Francisco &Aacute;lvarez, el &uacute;nico [&hellip;]<\/p>\n","protected":false},"author":2,"featured_media":0,"comment_status":"open","ping_status":"open","sticky":false,"template":"","format":"standard","meta":{"fifu_image_url":"","fifu_image_alt":"","footnotes":""},"categories":[6],"tags":[],"class_list":{"0":"post-4240","1":"post","2":"type-post","3":"status-publish","4":"format-standard","6":"category-entre-rios"},"yoast_head":"<title>Pintar\u00e1n estrellas amarillas en toda la traza del puente Victoria - Rosario - Informe Litoral<\/title>\n<meta name=\"robots\" content=\"index, follow, max-snippet:-1, max-image-preview:large, max-video-preview:-1\" \/>\n<link rel=\"canonical\" href=\"https:\/\/informelitoral.com.ar\/pintaran-estrellas-amarillas-en-toda-la-traza-del-puente-victoria-rosario\/\" \/>\n<meta property=\"og:locale\" content=\"es_ES\" \/>\n<meta property=\"og:type\" content=\"article\" \/>\n<meta property=\"og:title\" content=\"Pintar\u00e1n estrellas amarillas en toda la traza del puente Victoria - Rosario - Informe Litoral\" \/>\n<meta property=\"og:description\" content=\"El lunes 18, a las 10.30, familiares y amigos de Laura Sena y Florencia Crovetto -fallecidas en un accidente ocurrido en el enlace vial- lanzar&aacute;n la campa&ntilde;a Puente Estrella, que consistir&aacute; en el se&ntilde;alamiento de los lugares del puente en donde m&aacute;s de 40 personas perdieron la vida. Adem&aacute;s, se&ntilde;alaron que Francisco &Aacute;lvarez, el &uacute;nico [&hellip;]\" \/>\n<meta property=\"og:url\" content=\"https:\/\/informelitoral.com.ar\/pintaran-estrellas-amarillas-en-toda-la-traza-del-puente-victoria-rosario\/\" \/>\n<meta property=\"og:site_name\" content=\"Informe Litoral\" \/>\n<meta property=\"article:publisher\" content=\"https:\/\/www.facebook.com\/informelitoral\/\" \/>\n<meta property=\"article:published_time\" content=\"2013-11-13T18:05:13+00:00\" \/>\n<meta property=\"og:image\" content=\"https:\/\/informelitoral.com.ar\/%77%70%2d%63%6f%6e%74%65%6e%74\/uploads\/2013\/11\/estrella-amarilla2.jpg_869080375.jpg\" \/>\n\t<meta property=\"og:image:width\" content=\"624\" \/>\n\t<meta property=\"og:image:height\" content=\"468\" \/>\n\t<meta property=\"og:image:type\" content=\"image\/jpeg\" \/>\n<meta name=\"author\" content=\"Gonzalo Schmidt\" \/>\n<meta name=\"twitter:card\" content=\"summary_large_image\" \/>\n<meta name=\"twitter:creator\" content=\"@InformeLitoral\" \/>\n<meta name=\"twitter:site\" content=\"@InformeLitoral\" \/>\n<meta name=\"twitter:label1\" content=\"Escrito por\" \/>\n\t<meta name=\"twitter:data1\" content=\"Gonzalo Schmidt\" \/>\n\t<meta name=\"twitter:label2\" content=\"Tiempo de lectura\" \/>\n\t<meta name=\"twitter:data2\" content=\"2 minutos\" \/>\n<script type=\"application\/ld+json\" class=\"yoast-schema-graph\">{\"@context\":\"https:\\\/\\\/schema.org\",\"@graph\":[{\"@type\":\"Article\",\"@id\":\"https:\\\/\\\/informelitoral.com.ar\\\/pintaran-estrellas-amarillas-en-toda-la-traza-del-puente-victoria-rosario\\\/#article\",\"isPartOf\":{\"@id\":\"https:\\\/\\\/informelitoral.com.ar\\\/pintaran-estrellas-amarillas-en-toda-la-traza-del-puente-victoria-rosario\\\/\"},\"author\":{\"name\":\"Gonzalo Schmidt\",\"@id\":\"https:\\\/\\\/informelitoral.com.ar\\\/#\\\/schema\\\/person\\\/b9d00407c836482871ef1d57bf8e3180\"},\"headline\":\"Pintar\u00e1n estrellas amarillas en toda la traza del puente Victoria &#8211; Rosario\",\"datePublished\":\"2013-11-13T18:05:13+00:00\",\"mainEntityOfPage\":{\"@id\":\"https:\\\/\\\/informelitoral.com.ar\\\/pintaran-estrellas-amarillas-en-toda-la-traza-del-puente-victoria-rosario\\\/\"},\"wordCount\":473,\"commentCount\":0,\"publisher\":{\"@id\":\"https:\\\/\\\/informelitoral.com.ar\\\/#organization\"},\"image\":{\"@id\":\"https:\\\/\\\/informelitoral.com.ar\\\/pintaran-estrellas-amarillas-en-toda-la-traza-del-puente-victoria-rosario\\\/#primaryimage\"},\"thumbnailUrl\":\"http:\\\/\\\/www.isletasnoticias.com.ar\\\/%77%70%2d%63%6f%6e%74%65%6e%74\\\/uploads\\\/2013\\\/11\\\/estrella-amarilla2.jpg_869080375-300x225.jpg\",\"articleSection\":[\"Entre R\u00edos\"],\"inLanguage\":\"es\",\"potentialAction\":[{\"@type\":\"CommentAction\",\"name\":\"Comment\",\"target\":[\"https:\\\/\\\/informelitoral.com.ar\\\/pintaran-estrellas-amarillas-en-toda-la-traza-del-puente-victoria-rosario\\\/#respond\"]}]},{\"@type\":\"WebPage\",\"@id\":\"https:\\\/\\\/informelitoral.com.ar\\\/pintaran-estrellas-amarillas-en-toda-la-traza-del-puente-victoria-rosario\\\/\",\"url\":\"https:\\\/\\\/informelitoral.com.ar\\\/pintaran-estrellas-amarillas-en-toda-la-traza-del-puente-victoria-rosario\\\/\",\"name\":\"Pintar\u00e1n estrellas amarillas en toda la traza del puente Victoria - Rosario - Informe Litoral\",\"isPartOf\":{\"@id\":\"https:\\\/\\\/informelitoral.com.ar\\\/#website\"},\"primaryImageOfPage\":{\"@id\":\"https:\\\/\\\/informelitoral.com.ar\\\/pintaran-estrellas-amarillas-en-toda-la-traza-del-puente-victoria-rosario\\\/#primaryimage\"},\"image\":{\"@id\":\"https:\\\/\\\/informelitoral.com.ar\\\/pintaran-estrellas-amarillas-en-toda-la-traza-del-puente-victoria-rosario\\\/#primaryimage\"},\"thumbnailUrl\":\"http:\\\/\\\/www.isletasnoticias.com.ar\\\/%77%70%2d%63%6f%6e%74%65%6e%74\\\/uploads\\\/2013\\\/11\\\/estrella-amarilla2.jpg_869080375-300x225.jpg\",\"datePublished\":\"2013-11-13T18:05:13+00:00\",\"breadcrumb\":{\"@id\":\"https:\\\/\\\/informelitoral.com.ar\\\/pintaran-estrellas-amarillas-en-toda-la-traza-del-puente-victoria-rosario\\\/#breadcrumb\"},\"inLanguage\":\"es\",\"potentialAction\":[{\"@type\":\"ReadAction\",\"target\":[\"https:\\\/\\\/informelitoral.com.ar\\\/pintaran-estrellas-amarillas-en-toda-la-traza-del-puente-victoria-rosario\\\/\"]}]},{\"@type\":\"ImageObject\",\"inLanguage\":\"es\",\"@id\":\"https:\\\/\\\/informelitoral.com.ar\\\/pintaran-estrellas-amarillas-en-toda-la-traza-del-puente-victoria-rosario\\\/#primaryimage\",\"url\":\"http:\\\/\\\/www.isletasnoticias.com.ar\\\/%77%70%2d%63%6f%6e%74%65%6e%74\\\/uploads\\\/2013\\\/11\\\/estrella-amarilla2.jpg_869080375-300x225.jpg\",\"contentUrl\":\"http:\\\/\\\/www.isletasnoticias.com.ar\\\/%77%70%2d%63%6f%6e%74%65%6e%74\\\/uploads\\\/2013\\\/11\\\/estrella-amarilla2.jpg_869080375-300x225.jpg\"},{\"@type\":\"BreadcrumbList\",\"@id\":\"https:\\\/\\\/informelitoral.com.ar\\\/pintaran-estrellas-amarillas-en-toda-la-traza-del-puente-victoria-rosario\\\/#breadcrumb\",\"itemListElement\":[{\"@type\":\"ListItem\",\"position\":1,\"name\":\"Portada\",\"item\":\"https:\\\/\\\/informelitoral.com.ar\\\/\"},{\"@type\":\"ListItem\",\"position\":2,\"name\":\"Pintar\u00e1n estrellas amarillas en toda la traza del puente Victoria &#8211; Rosario\"}]},{\"@type\":\"WebSite\",\"@id\":\"https:\\\/\\\/informelitoral.com.ar\\\/#website\",\"url\":\"https:\\\/\\\/informelitoral.com.ar\\\/\",\"name\":\"Informe Litoral\",\"description\":\"&quot;Nos informamos&quot; \",\"publisher\":{\"@id\":\"https:\\\/\\\/informelitoral.com.ar\\\/#organization\"},\"potentialAction\":[{\"@type\":\"SearchAction\",\"target\":{\"@type\":\"EntryPoint\",\"urlTemplate\":\"https:\\\/\\\/informelitoral.com.ar\\\/?s={search_term_string}\"},\"query-input\":{\"@type\":\"PropertyValueSpecification\",\"valueRequired\":true,\"valueName\":\"search_term_string\"}}],\"inLanguage\":\"es\"},{\"@type\":\"Organization\",\"@id\":\"https:\\\/\\\/informelitoral.com.ar\\\/#organization\",\"name\":\"Informe Litoral\",\"url\":\"https:\\\/\\\/informelitoral.com.ar\\\/\",\"logo\":{\"@type\":\"ImageObject\",\"inLanguage\":\"es\",\"@id\":\"https:\\\/\\\/informelitoral.com.ar\\\/#\\\/schema\\\/logo\\\/image\\\/\",\"url\":\"https:\\\/\\\/informelitoral.com.ar\\\/%77%70%2d%63%6f%6e%74%65%6e%74\\\/uploads\\\/2021\\\/01\\\/circulo.png\",\"contentUrl\":\"https:\\\/\\\/informelitoral.com.ar\\\/%77%70%2d%63%6f%6e%74%65%6e%74\\\/uploads\\\/2021\\\/01\\\/circulo.png\",\"width\":723,\"height\":731,\"caption\":\"Informe Litoral\"},\"image\":{\"@id\":\"https:\\\/\\\/informelitoral.com.ar\\\/#\\\/schema\\\/logo\\\/image\\\/\"},\"sameAs\":[\"https:\\\/\\\/www.facebook.com\\\/informelitoral\\\/\",\"https:\\\/\\\/x.com\\\/InformeLitoral\",\"https:\\\/\\\/www.instagram.com\\\/informelitoral\\\/\",\"https:\\\/\\\/www.youtube.com\\\/channel\\\/UCua4Qvz8Icb6MYqhoq9xLXw\"]},{\"@type\":\"Person\",\"@id\":\"https:\\\/\\\/informelitoral.com.ar\\\/#\\\/schema\\\/person\\\/b9d00407c836482871ef1d57bf8e3180\",\"name\":\"Gonzalo Schmidt\",\"image\":{\"@type\":\"ImageObject\",\"inLanguage\":\"es\",\"@id\":\"https:\\\/\\\/secure.gravatar.com\\\/avatar\\\/31a1a7b66ff2de83bd0e9fd79d026630d2d99e55e8bfe501287647b4fd9743de?s=96&d=mm&r=g\",\"url\":\"https:\\\/\\\/secure.gravatar.com\\\/avatar\\\/31a1a7b66ff2de83bd0e9fd79d026630d2d99e55e8bfe501287647b4fd9743de?s=96&d=mm&r=g\",\"contentUrl\":\"https:\\\/\\\/secure.gravatar.com\\\/avatar\\\/31a1a7b66ff2de83bd0e9fd79d026630d2d99e55e8bfe501287647b4fd9743de?s=96&d=mm&r=g\",\"caption\":\"Gonzalo Schmidt\"},\"description\":\"Sitio web de noticias de la provincia de Entre R\u00edos, Argentina. Informaci\u00f3n y entretenimiento. Informe Litoral, nos informamos.\",\"sameAs\":[\"http:\\\/\\\/www.isletasnoticias.com.ar\"],\"url\":\"https:\\\/\\\/informelitoral.com.ar\\\/author\\\/gonzalo\\\/\"}]}<\/script>","yoast_head_json":{"title":"Pintar\u00e1n estrellas amarillas en toda la traza del puente Victoria - Rosario - Informe Litoral","robots":{"index":"index","follow":"follow","max-snippet":"max-snippet:-1","max-image-preview":"max-image-preview:large","max-video-preview":"max-video-preview:-1"},"canonical":"https:\/\/informelitoral.com.ar\/pintaran-estrellas-amarillas-en-toda-la-traza-del-puente-victoria-rosario\/","og_locale":"es_ES","og_type":"article","og_title":"Pintar\u00e1n estrellas amarillas en toda la traza del puente Victoria - Rosario - Informe Litoral","og_description":"El lunes 18, a las 10.30, familiares y amigos de Laura Sena y Florencia Crovetto -fallecidas en un accidente ocurrido en el enlace vial- lanzar&aacute;n la campa&ntilde;a Puente Estrella, que consistir&aacute; en el se&ntilde;alamiento de los lugares del puente en donde m&aacute;s de 40 personas perdieron la vida. Adem&aacute;s, se&ntilde;alaron que Francisco &Aacute;lvarez, el &uacute;nico [&hellip;]","og_url":"https:\/\/informelitoral.com.ar\/pintaran-estrellas-amarillas-en-toda-la-traza-del-puente-victoria-rosario\/","og_site_name":"Informe Litoral","article_publisher":"https:\/\/www.facebook.com\/informelitoral\/","article_published_time":"2013-11-13T18:05:13+00:00","og_image":[{"width":624,"height":468,"url":"https:\/\/informelitoral.com.ar\/%77%70%2d%63%6f%6e%74%65%6e%74\/uploads\/2013\/11\/estrella-amarilla2.jpg_869080375.jpg","type":"image\/jpeg"}],"author":"Gonzalo Schmidt","twitter_card":"summary_large_image","twitter_creator":"@InformeLitoral","twitter_site":"@InformeLitoral","twitter_misc":{"Escrito por":"Gonzalo Schmidt","Tiempo de lectura":"2 minutos"},"schema":{"@context":"https:\/\/schema.org","@graph":[{"@type":"Article","@id":"https:\/\/informelitoral.com.ar\/pintaran-estrellas-amarillas-en-toda-la-traza-del-puente-victoria-rosario\/#article","isPartOf":{"@id":"https:\/\/informelitoral.com.ar\/pintaran-estrellas-amarillas-en-toda-la-traza-del-puente-victoria-rosario\/"},"author":{"name":"Gonzalo Schmidt","@id":"https:\/\/informelitoral.com.ar\/#\/schema\/person\/b9d00407c836482871ef1d57bf8e3180"},"headline":"Pintar\u00e1n estrellas amarillas en toda la traza del puente Victoria &#8211; Rosario","datePublished":"2013-11-13T18:05:13+00:00","mainEntityOfPage":{"@id":"https:\/\/informelitoral.com.ar\/pintaran-estrellas-amarillas-en-toda-la-traza-del-puente-victoria-rosario\/"},"wordCount":473,"commentCount":0,"publisher":{"@id":"https:\/\/informelitoral.com.ar\/#organization"},"image":{"@id":"https:\/\/informelitoral.com.ar\/pintaran-estrellas-amarillas-en-toda-la-traza-del-puente-victoria-rosario\/#primaryimage"},"thumbnailUrl":"http:\/\/www.isletasnoticias.com.ar\/%77%70%2d%63%6f%6e%74%65%6e%74\/uploads\/2013\/11\/estrella-amarilla2.jpg_869080375-300x225.jpg","articleSection":["Entre R\u00edos"],"inLanguage":"es","potentialAction":[{"@type":"CommentAction","name":"Comment","target":["https:\/\/informelitoral.com.ar\/pintaran-estrellas-amarillas-en-toda-la-traza-del-puente-victoria-rosario\/#respond"]}]},{"@type":"WebPage","@id":"https:\/\/informelitoral.com.ar\/pintaran-estrellas-amarillas-en-toda-la-traza-del-puente-victoria-rosario\/","url":"https:\/\/informelitoral.com.ar\/pintaran-estrellas-amarillas-en-toda-la-traza-del-puente-victoria-rosario\/","name":"Pintar\u00e1n estrellas amarillas en toda la traza del puente Victoria - Rosario - Informe Litoral","isPartOf":{"@id":"https:\/\/informelitoral.com.ar\/#website"},"primaryImageOfPage":{"@id":"https:\/\/informelitoral.com.ar\/pintaran-estrellas-amarillas-en-toda-la-traza-del-puente-victoria-rosario\/#primaryimage"},"image":{"@id":"https:\/\/informelitoral.com.ar\/pintaran-estrellas-amarillas-en-toda-la-traza-del-puente-victoria-rosario\/#primaryimage"},"thumbnailUrl":"http:\/\/www.isletasnoticias.com.ar\/%77%70%2d%63%6f%6e%74%65%6e%74\/uploads\/2013\/11\/estrella-amarilla2.jpg_869080375-300x225.jpg","datePublished":"2013-11-13T18:05:13+00:00","breadcrumb":{"@id":"https:\/\/informelitoral.com.ar\/pintaran-estrellas-amarillas-en-toda-la-traza-del-puente-victoria-rosario\/#breadcrumb"},"inLanguage":"es","potentialAction":[{"@type":"ReadAction","target":["https:\/\/informelitoral.com.ar\/pintaran-estrellas-amarillas-en-toda-la-traza-del-puente-victoria-rosario\/"]}]},{"@type":"ImageObject","inLanguage":"es","@id":"https:\/\/informelitoral.com.ar\/pintaran-estrellas-amarillas-en-toda-la-traza-del-puente-victoria-rosario\/#primaryimage","url":"http:\/\/www.isletasnoticias.com.ar\/%77%70%2d%63%6f%6e%74%65%6e%74\/uploads\/2013\/11\/estrella-amarilla2.jpg_869080375-300x225.jpg","contentUrl":"http:\/\/www.isletasnoticias.com.ar\/%77%70%2d%63%6f%6e%74%65%6e%74\/uploads\/2013\/11\/estrella-amarilla2.jpg_869080375-300x225.jpg"},{"@type":"BreadcrumbList","@id":"https:\/\/informelitoral.com.ar\/pintaran-estrellas-amarillas-en-toda-la-traza-del-puente-victoria-rosario\/#breadcrumb","itemListElement":[{"@type":"ListItem","position":1,"name":"Portada","item":"https:\/\/informelitoral.com.ar\/"},{"@type":"ListItem","position":2,"name":"Pintar\u00e1n estrellas amarillas en toda la traza del puente Victoria &#8211; Rosario"}]},{"@type":"WebSite","@id":"https:\/\/informelitoral.com.ar\/#website","url":"https:\/\/informelitoral.com.ar\/","name":"Informe Litoral","description":"&quot;Nos informamos&quot; ","publisher":{"@id":"https:\/\/informelitoral.com.ar\/#organization"},"potentialAction":[{"@type":"SearchAction","target":{"@type":"EntryPoint","urlTemplate":"https:\/\/informelitoral.com.ar\/?s={search_term_string}"},"query-input":{"@type":"PropertyValueSpecification","valueRequired":true,"valueName":"search_term_string"}}],"inLanguage":"es"},{"@type":"Organization","@id":"https:\/\/informelitoral.com.ar\/#organization","name":"Informe Litoral","url":"https:\/\/informelitoral.com.ar\/","logo":{"@type":"ImageObject","inLanguage":"es","@id":"https:\/\/informelitoral.com.ar\/#\/schema\/logo\/image\/","url":"https:\/\/informelitoral.com.ar\/%77%70%2d%63%6f%6e%74%65%6e%74\/uploads\/2021\/01\/circulo.png","contentUrl":"https:\/\/informelitoral.com.ar\/%77%70%2d%63%6f%6e%74%65%6e%74\/uploads\/2021\/01\/circulo.png","width":723,"height":731,"caption":"Informe Litoral"},"image":{"@id":"https:\/\/informelitoral.com.ar\/#\/schema\/logo\/image\/"},"sameAs":["https:\/\/www.facebook.com\/informelitoral\/","https:\/\/x.com\/InformeLitoral","https:\/\/www.instagram.com\/informelitoral\/","https:\/\/www.youtube.com\/channel\/UCua4Qvz8Icb6MYqhoq9xLXw"]},{"@type":"Person","@id":"https:\/\/informelitoral.com.ar\/#\/schema\/person\/b9d00407c836482871ef1d57bf8e3180","name":"Gonzalo Schmidt","image":{"@type":"ImageObject","inLanguage":"es","@id":"https:\/\/secure.gravatar.com\/avatar\/31a1a7b66ff2de83bd0e9fd79d026630d2d99e55e8bfe501287647b4fd9743de?s=96&d=mm&r=g","url":"https:\/\/secure.gravatar.com\/avatar\/31a1a7b66ff2de83bd0e9fd79d026630d2d99e55e8bfe501287647b4fd9743de?s=96&d=mm&r=g","contentUrl":"https:\/\/secure.gravatar.com\/avatar\/31a1a7b66ff2de83bd0e9fd79d026630d2d99e55e8bfe501287647b4fd9743de?s=96&d=mm&r=g","caption":"Gonzalo Schmidt"},"description":"Sitio web de noticias de la provincia de Entre R\u00edos, Argentina. Informaci\u00f3n y entretenimiento. Informe Litoral, nos informamos.","sameAs":["http:\/\/www.isletasnoticias.com.ar"],"url":"https:\/\/informelitoral.com.ar\/author\/gonzalo\/"}]}},"_links":{"self":[{"href":"https:\/\/informelitoral.com.ar\/%77%70%2d%6a%73%6f%6e\/wp\/v2\/posts\/4240","targetHints":{"allow":["GET"]}}],"collection":[{"href":"https:\/\/informelitoral.com.ar\/%77%70%2d%6a%73%6f%6e\/wp\/v2\/posts"}],"about":[{"href":"https:\/\/informelitoral.com.ar\/%77%70%2d%6a%73%6f%6e\/wp\/v2\/types\/post"}],"author":[{"embeddable":true,"href":"https:\/\/informelitoral.com.ar\/%77%70%2d%6a%73%6f%6e\/wp\/v2\/users\/2"}],"replies":[{"embeddable":true,"href":"https:\/\/informelitoral.com.ar\/%77%70%2d%6a%73%6f%6e\/wp\/v2\/comments?post=4240"}],"version-history":[{"count":0,"href":"https:\/\/informelitoral.com.ar\/%77%70%2d%6a%73%6f%6e\/wp\/v2\/posts\/4240\/revisions"}],"wp:attachment":[{"href":"https:\/\/informelitoral.com.ar\/%77%70%2d%6a%73%6f%6e\/wp\/v2\/media?parent=4240"}],"wp:term":[{"taxonomy":"category","embeddable":true,"href":"https:\/\/informelitoral.com.ar\/%77%70%2d%6a%73%6f%6e\/wp\/v2\/categories?post=4240"},{"taxonomy":"post_tag","embeddable":true,"href":"https:\/\/informelitoral.com.ar\/%77%70%2d%6a%73%6f%6e\/wp\/v2\/tags?post=4240"}],"curies":[{"name":"wp","href":"https:\/\/api.w.org\/{rel}","templated":true}]}}