{"id":4234,"date":"2013-11-13T09:19:09","date_gmt":"2013-11-13T12:19:09","guid":{"rendered":"http:\/\/www.isletasnoticias.com.ar\/?p=4234"},"modified":"2013-11-13T09:19:09","modified_gmt":"2013-11-13T12:19:09","slug":"el-gobierno-aumento-un-40-los-feriados-puente-con-respecto-a-2009","status":"publish","type":"post","link":"https:\/\/informelitoral.com.ar\/el-gobierno-aumento-un-40-los-feriados-puente-con-respecto-a-2009\/","title":{"rendered":"El Gobierno aument\u00f3 un 40% los \u201cferiados puente\u201d, con respecto a 2009"},"content":{"rendered":"<p><strong>\u00a0La administraci\u00f3n de<em> Cristina Kirchner<\/em> defini\u00f3 los d\u00edas no laborables para los pr\u00f3ximos tres a\u00f1os. Habr\u00e1 cinco m\u00e1s que en 2009. De ellos, 10 son fines de semana largos, tres de los cuales ser\u00e1n de cuatro d\u00ed<strong>as.<\/strong><\/strong><\/p>\n<p><img loading=\"lazy\" decoding=\"async\" class=\"size-medium wp-image-4235 aligncenter\" alt=\"feriados\" src=\"http:\/\/www.isletasnoticias.com.ar\/%77%70%2d%63%6f%6e%74%65%6e%74\/uploads\/2013\/11\/feriados-300x161.jpg\" width=\"300\" height=\"161\" srcset=\"https:\/\/informelitoral.com.ar\/%77%70%2d%63%6f%6e%74%65%6e%74\/uploads\/2013\/11\/feriados-300x161.jpg 300w, https:\/\/informelitoral.com.ar\/%77%70%2d%63%6f%6e%74%65%6e%74\/uploads\/2013\/11\/feriados.jpg 306w\" sizes=\"auto, (max-width: 300px) 100vw, 300px\" \/><\/p>\n<p style=\"text-align: left;\">El Gobierno parece decidido a incentivar el turismo. As\u00ed es que estableci\u00f3 que los\u00a0<strong>pr\u00f3ximos a\u00f1os<\/strong>\u00a0tengan un\u00a0<strong>40% m\u00e1s de feriados\u00a0<\/strong>que en 2009.<\/p>\n<p style=\"text-align: left;\">Seg\u00fan se public\u00f3 el martes, la Argentina tendr\u00e1\u00a0<strong>17 d\u00edas no laborables en 2014, 2015 y 2016<\/strong>. Es decir, cinco m\u00e1s que los que hubo hace cuatro a\u00f1os.<\/p>\n<p style=\"text-align: left;\"><strong>A los 15 feriados que ya hab\u00eda anunciado el Ministerio del Interior para 2014<\/strong>, el martes\u00a0<strong>se les sum\u00f3 un puente el 2 de mayo<\/strong>\u00a0por el D\u00eda del Trabajador<strong>\u00a0y otro el viernes 26 de diciembre<\/strong>, despu\u00e9s de Navidad.<\/p>\n<p style=\"text-align: left;\">As\u00ed, el a\u00f1o pr\u00f3ximo tendr\u00e1\u00a0<strong>10 fines de semana largos<\/strong>,\u00a0<strong>de los cuales tres ser\u00e1n de cuatro d\u00edas\u00a0<\/strong>(adem\u00e1s de los puente, del 1\u00ba al 4 de febrero se festejar\u00e1 Carnaval).<\/p>\n<p style=\"text-align: left;\">En\u00a0<strong>2015<\/strong>, tambi\u00e9n habr\u00e1\u00a0<strong>dos fines de semana extendidos<\/strong>: lunes 23 y martes 24 de marzo, por el\u00a0<strong>D\u00eda Nacional de la Memoria, y<\/strong>\u00a0el 7 y el 8 de diciembre,\u00a0<strong>por el D\u00eda de la Inmaculada Concepci\u00f3n de Mar\u00eda<\/strong>.<\/p>\n<p style=\"text-align: left;\">En\u00a0<strong>2016<\/strong>,\u00a0<strong>los puente ser\u00e1n el viernes 8 de julio<\/strong>, previo al D\u00eda de la Independencia;\u00a0<strong>y el viernes 9 de diciembre<\/strong>, tras el D\u00eda de la Inmaculada Concepci\u00f3n de Mar\u00eda.<\/p>\n<p style=\"text-align: left;\">El decreto de 2010 que cre\u00f3 el nuevo r\u00e9gimen de los d\u00edas no laborables nacionales estableci\u00f3 que en caso de que no haya puentes naturalmente, \u00abel Ejecutivo Nacional fijar\u00e1 dos feriados destinados a desarrollar la actividad tur\u00edstica, debiendo establecer los mismos por per\u00edodos trianuales con una antelaci\u00f3n de 50 d\u00edas a la finalizaci\u00f3n del a\u00f1o calendario\u00bb.<\/p>\n<p style=\"text-align: left;\">Como en 2016 \u00abun solo feriado nacional coincidir\u00e1 con un d\u00eda martes o jueves, corresponde fijar adicionalmente para ese a\u00f1o un feriado\u00bb, argument\u00f3 el decreto 1768\/2013, firmado por Amado Boudou.<\/p>\n<p style=\"text-align: left;\"><strong>Como en 2016 el feriado inamovible de 9 de julio\u00a0<\/strong>-en conmemoraci\u00f3n del D\u00eda de la Independencia-\u00a0<strong>caer\u00e1 s\u00e1bado, la celebraci\u00f3n comenzar\u00e1 un d\u00eda antes, el viernes 8<\/strong>.<\/p>\n<p style=\"text-align: left;\">El Gobierno prev\u00e9 \u00abuna masiva movilizaci\u00f3n de habitantes, turistas y delegaciones en todo el territorio de la Naci\u00f3n\u00bb por el Bicentenario de la Declaraci\u00f3n de la Independencia de la Patria. Ser\u00e1 el final de los festejos patrios por el Bicentenario, iniciados en 2010.<\/p>\n<p style=\"text-align: left;\">La presidente reorden\u00f3 los feriados nacionales en septiembre de 2010. El objetivo, se anunci\u00f3, fue\u00a0<strong>fomentar el turismo interno<\/strong>. La iniciativa incluy\u00f3 un nuevo d\u00eda no laborable en noviembre y el restablecimiento de los dos feriados de Carnaval, que hab\u00eda sacado la dictadura militar. As\u00ed, en total, hay 15 feriados nacionales cada a\u00f1o.<\/p>\n<p style=\"text-align: left;\">Esta medida se bas\u00f3 en el alza que tuvo el gasto en turismo entre 2003 y 2009 que, seg\u00fan la jefa de Estado, fue de casi el 100 por ciento, inform\u00f3 el diario <em>Clar\u00edn.<\/em><\/p>\n<p style=\"text-align: left;\"><strong>Al 25 de mayo y al 9 de julio se agreg\u00f3 otro feriado inamovible, el 20 de junio<\/strong>, que hasta entonces se trasladaba.<\/p>\n<p style=\"text-align: left;\">El 20 de noviembre, o el cuarto lunes de ese mes, se celebra el D\u00eda de la Soberan\u00eda Nacional, en conmemoraci\u00f3n de la batalla de la Vuelta de Obligado.\u00a0<strong>El 12 de octubre dej\u00f3 de llamarse el D\u00eda de la Raza y pas\u00f3 a ser el D\u00eda del Respeto a la Diversidad Cultural<\/strong>. Y las festividades de las comunidades isl\u00e1mica y jud\u00eda tambi\u00e9n fueron declarados d\u00edas no laborables, aunque s\u00f3lo para sus miembros.<\/p>\n<p style=\"text-align: left;\">Seg\u00fan public\u00f3 <em>Iprofesional<\/em>, el decreto 1584\/2010 dispuso, adem\u00e1s, los feriados puente. Establece que cuando los feriados nacionales cayeran en martes o jueves, el Ejecutivo fijar\u00e1 dos feriados extra (lunes o viernes, respectivamente). Y si no coinciden, como en 2016, se determinar\u00e1n dos feriados con fines tur\u00edsticos.<\/p>\n","protected":false},"excerpt":{"rendered":"<p>&nbsp;La administraci&oacute;n de Cristina Kirchner defini&oacute; los d&iacute;as no laborables para los pr&oacute;ximos tres a&ntilde;os. Habr&aacute; cinco m&aacute;s que en 2009. De ellos, 10 son fines de semana largos, tres de los cuales ser&aacute;n de cuatro d&iacute;as. El Gobierno parece decidido a incentivar el turismo. As&iacute; es que estableci&oacute; que los&nbsp;pr&oacute;ximos a&ntilde;os&nbsp;tengan un&nbsp;40% m&aacute;s de [&hellip;]<\/p>\n","protected":false},"author":2,"featured_media":0,"comment_status":"open","ping_status":"open","sticky":false,"template":"","format":"standard","meta":{"fifu_image_url":"","fifu_image_alt":"","footnotes":""},"categories":[7,9],"tags":[],"class_list":{"0":"post-4234","1":"post","2":"type-post","3":"status-publish","4":"format-standard","6":"category-nacionales","7":"category-sociedad"},"yoast_head":"<title>El Gobierno aument\u00f3 un 40% los \u201cferiados puente\u201d, con respecto a 2009  - Informe Litoral<\/title>\n<meta name=\"robots\" content=\"index, follow, max-snippet:-1, max-image-preview:large, max-video-preview:-1\" \/>\n<link rel=\"canonical\" href=\"https:\/\/informelitoral.com.ar\/el-gobierno-aumento-un-40-los-feriados-puente-con-respecto-a-2009\/\" \/>\n<meta property=\"og:locale\" content=\"es_ES\" \/>\n<meta property=\"og:type\" content=\"article\" \/>\n<meta property=\"og:title\" content=\"El Gobierno aument\u00f3 un 40% los \u201cferiados puente\u201d, con respecto a 2009  - Informe Litoral\" \/>\n<meta property=\"og:description\" content=\"&nbsp;La administraci&oacute;n de Cristina Kirchner defini&oacute; los d&iacute;as no laborables para los pr&oacute;ximos tres a&ntilde;os. Habr&aacute; cinco m&aacute;s que en 2009. De ellos, 10 son fines de semana largos, tres de los cuales ser&aacute;n de cuatro d&iacute;as. El Gobierno parece decidido a incentivar el turismo. As&iacute; es que estableci&oacute; que los&nbsp;pr&oacute;ximos a&ntilde;os&nbsp;tengan un&nbsp;40% m&aacute;s de [&hellip;]\" \/>\n<meta property=\"og:url\" content=\"https:\/\/informelitoral.com.ar\/el-gobierno-aumento-un-40-los-feriados-puente-con-respecto-a-2009\/\" \/>\n<meta property=\"og:site_name\" content=\"Informe Litoral\" \/>\n<meta property=\"article:publisher\" content=\"https:\/\/www.facebook.com\/informelitoral\/\" \/>\n<meta property=\"article:published_time\" content=\"2013-11-13T12:19:09+00:00\" \/>\n<meta property=\"og:image\" content=\"https:\/\/informelitoral.com.ar\/%77%70%2d%63%6f%6e%74%65%6e%74\/uploads\/2013\/11\/feriados.jpg\" \/>\n\t<meta property=\"og:image:width\" content=\"306\" \/>\n\t<meta property=\"og:image:height\" content=\"165\" \/>\n\t<meta property=\"og:image:type\" content=\"image\/jpeg\" \/>\n<meta name=\"author\" content=\"Gonzalo Schmidt\" \/>\n<meta name=\"twitter:card\" content=\"summary_large_image\" \/>\n<meta name=\"twitter:creator\" content=\"@InformeLitoral\" \/>\n<meta name=\"twitter:site\" content=\"@InformeLitoral\" \/>\n<meta name=\"twitter:label1\" content=\"Escrito por\" \/>\n\t<meta name=\"twitter:data1\" content=\"Gonzalo Schmidt\" \/>\n\t<meta name=\"twitter:label2\" content=\"Tiempo de lectura\" \/>\n\t<meta name=\"twitter:data2\" content=\"3 minutos\" \/>\n<script type=\"application\/ld+json\" class=\"yoast-schema-graph\">{\"@context\":\"https:\\\/\\\/schema.org\",\"@graph\":[{\"@type\":\"Article\",\"@id\":\"https:\\\/\\\/informelitoral.com.ar\\\/el-gobierno-aumento-un-40-los-feriados-puente-con-respecto-a-2009\\\/#article\",\"isPartOf\":{\"@id\":\"https:\\\/\\\/informelitoral.com.ar\\\/el-gobierno-aumento-un-40-los-feriados-puente-con-respecto-a-2009\\\/\"},\"author\":{\"name\":\"Gonzalo Schmidt\",\"@id\":\"https:\\\/\\\/informelitoral.com.ar\\\/#\\\/schema\\\/person\\\/b9d00407c836482871ef1d57bf8e3180\"},\"headline\":\"El Gobierno aument\u00f3 un 40% los \u201cferiados puente\u201d, con respecto a 2009\",\"datePublished\":\"2013-11-13T12:19:09+00:00\",\"mainEntityOfPage\":{\"@id\":\"https:\\\/\\\/informelitoral.com.ar\\\/el-gobierno-aumento-un-40-los-feriados-puente-con-respecto-a-2009\\\/\"},\"wordCount\":654,\"commentCount\":0,\"publisher\":{\"@id\":\"https:\\\/\\\/informelitoral.com.ar\\\/#organization\"},\"image\":{\"@id\":\"https:\\\/\\\/informelitoral.com.ar\\\/el-gobierno-aumento-un-40-los-feriados-puente-con-respecto-a-2009\\\/#primaryimage\"},\"thumbnailUrl\":\"http:\\\/\\\/www.isletasnoticias.com.ar\\\/%77%70%2d%63%6f%6e%74%65%6e%74\\\/uploads\\\/2013\\\/11\\\/feriados-300x161.jpg\",\"articleSection\":[\"Nacionales\",\"Sociedad\"],\"inLanguage\":\"es\",\"potentialAction\":[{\"@type\":\"CommentAction\",\"name\":\"Comment\",\"target\":[\"https:\\\/\\\/informelitoral.com.ar\\\/el-gobierno-aumento-un-40-los-feriados-puente-con-respecto-a-2009\\\/#respond\"]}]},{\"@type\":\"WebPage\",\"@id\":\"https:\\\/\\\/informelitoral.com.ar\\\/el-gobierno-aumento-un-40-los-feriados-puente-con-respecto-a-2009\\\/\",\"url\":\"https:\\\/\\\/informelitoral.com.ar\\\/el-gobierno-aumento-un-40-los-feriados-puente-con-respecto-a-2009\\\/\",\"name\":\"El Gobierno aument\u00f3 un 40% los \u201cferiados puente\u201d, con respecto a 2009 - Informe Litoral\",\"isPartOf\":{\"@id\":\"https:\\\/\\\/informelitoral.com.ar\\\/#website\"},\"primaryImageOfPage\":{\"@id\":\"https:\\\/\\\/informelitoral.com.ar\\\/el-gobierno-aumento-un-40-los-feriados-puente-con-respecto-a-2009\\\/#primaryimage\"},\"image\":{\"@id\":\"https:\\\/\\\/informelitoral.com.ar\\\/el-gobierno-aumento-un-40-los-feriados-puente-con-respecto-a-2009\\\/#primaryimage\"},\"thumbnailUrl\":\"http:\\\/\\\/www.isletasnoticias.com.ar\\\/%77%70%2d%63%6f%6e%74%65%6e%74\\\/uploads\\\/2013\\\/11\\\/feriados-300x161.jpg\",\"datePublished\":\"2013-11-13T12:19:09+00:00\",\"breadcrumb\":{\"@id\":\"https:\\\/\\\/informelitoral.com.ar\\\/el-gobierno-aumento-un-40-los-feriados-puente-con-respecto-a-2009\\\/#breadcrumb\"},\"inLanguage\":\"es\",\"potentialAction\":[{\"@type\":\"ReadAction\",\"target\":[\"https:\\\/\\\/informelitoral.com.ar\\\/el-gobierno-aumento-un-40-los-feriados-puente-con-respecto-a-2009\\\/\"]}]},{\"@type\":\"ImageObject\",\"inLanguage\":\"es\",\"@id\":\"https:\\\/\\\/informelitoral.com.ar\\\/el-gobierno-aumento-un-40-los-feriados-puente-con-respecto-a-2009\\\/#primaryimage\",\"url\":\"http:\\\/\\\/www.isletasnoticias.com.ar\\\/%77%70%2d%63%6f%6e%74%65%6e%74\\\/uploads\\\/2013\\\/11\\\/feriados-300x161.jpg\",\"contentUrl\":\"http:\\\/\\\/www.isletasnoticias.com.ar\\\/%77%70%2d%63%6f%6e%74%65%6e%74\\\/uploads\\\/2013\\\/11\\\/feriados-300x161.jpg\"},{\"@type\":\"BreadcrumbList\",\"@id\":\"https:\\\/\\\/informelitoral.com.ar\\\/el-gobierno-aumento-un-40-los-feriados-puente-con-respecto-a-2009\\\/#breadcrumb\",\"itemListElement\":[{\"@type\":\"ListItem\",\"position\":1,\"name\":\"Portada\",\"item\":\"https:\\\/\\\/informelitoral.com.ar\\\/\"},{\"@type\":\"ListItem\",\"position\":2,\"name\":\"El Gobierno aument\u00f3 un 40% los \u201cferiados puente\u201d, con respecto a 2009\"}]},{\"@type\":\"WebSite\",\"@id\":\"https:\\\/\\\/informelitoral.com.ar\\\/#website\",\"url\":\"https:\\\/\\\/informelitoral.com.ar\\\/\",\"name\":\"Informe Litoral\",\"description\":\"&quot;Nos informamos&quot; \",\"publisher\":{\"@id\":\"https:\\\/\\\/informelitoral.com.ar\\\/#organization\"},\"potentialAction\":[{\"@type\":\"SearchAction\",\"target\":{\"@type\":\"EntryPoint\",\"urlTemplate\":\"https:\\\/\\\/informelitoral.com.ar\\\/?s={search_term_string}\"},\"query-input\":{\"@type\":\"PropertyValueSpecification\",\"valueRequired\":true,\"valueName\":\"search_term_string\"}}],\"inLanguage\":\"es\"},{\"@type\":\"Organization\",\"@id\":\"https:\\\/\\\/informelitoral.com.ar\\\/#organization\",\"name\":\"Informe Litoral\",\"url\":\"https:\\\/\\\/informelitoral.com.ar\\\/\",\"logo\":{\"@type\":\"ImageObject\",\"inLanguage\":\"es\",\"@id\":\"https:\\\/\\\/informelitoral.com.ar\\\/#\\\/schema\\\/logo\\\/image\\\/\",\"url\":\"https:\\\/\\\/informelitoral.com.ar\\\/%77%70%2d%63%6f%6e%74%65%6e%74\\\/uploads\\\/2021\\\/01\\\/circulo.png\",\"contentUrl\":\"https:\\\/\\\/informelitoral.com.ar\\\/%77%70%2d%63%6f%6e%74%65%6e%74\\\/uploads\\\/2021\\\/01\\\/circulo.png\",\"width\":723,\"height\":731,\"caption\":\"Informe Litoral\"},\"image\":{\"@id\":\"https:\\\/\\\/informelitoral.com.ar\\\/#\\\/schema\\\/logo\\\/image\\\/\"},\"sameAs\":[\"https:\\\/\\\/www.facebook.com\\\/informelitoral\\\/\",\"https:\\\/\\\/x.com\\\/InformeLitoral\",\"https:\\\/\\\/www.instagram.com\\\/informelitoral\\\/\",\"https:\\\/\\\/www.youtube.com\\\/channel\\\/UCua4Qvz8Icb6MYqhoq9xLXw\"]},{\"@type\":\"Person\",\"@id\":\"https:\\\/\\\/informelitoral.com.ar\\\/#\\\/schema\\\/person\\\/b9d00407c836482871ef1d57bf8e3180\",\"name\":\"Gonzalo Schmidt\",\"image\":{\"@type\":\"ImageObject\",\"inLanguage\":\"es\",\"@id\":\"https:\\\/\\\/secure.gravatar.com\\\/avatar\\\/31a1a7b66ff2de83bd0e9fd79d026630d2d99e55e8bfe501287647b4fd9743de?s=96&d=mm&r=g\",\"url\":\"https:\\\/\\\/secure.gravatar.com\\\/avatar\\\/31a1a7b66ff2de83bd0e9fd79d026630d2d99e55e8bfe501287647b4fd9743de?s=96&d=mm&r=g\",\"contentUrl\":\"https:\\\/\\\/secure.gravatar.com\\\/avatar\\\/31a1a7b66ff2de83bd0e9fd79d026630d2d99e55e8bfe501287647b4fd9743de?s=96&d=mm&r=g\",\"caption\":\"Gonzalo Schmidt\"},\"description\":\"Sitio web de noticias de la provincia de Entre R\u00edos, Argentina. Informaci\u00f3n y entretenimiento. Informe Litoral, nos informamos.\",\"sameAs\":[\"http:\\\/\\\/www.isletasnoticias.com.ar\"],\"url\":\"https:\\\/\\\/informelitoral.com.ar\\\/author\\\/gonzalo\\\/\"}]}<\/script>","yoast_head_json":{"title":"El Gobierno aument\u00f3 un 40% los \u201cferiados puente\u201d, con respecto a 2009  - Informe Litoral","robots":{"index":"index","follow":"follow","max-snippet":"max-snippet:-1","max-image-preview":"max-image-preview:large","max-video-preview":"max-video-preview:-1"},"canonical":"https:\/\/informelitoral.com.ar\/el-gobierno-aumento-un-40-los-feriados-puente-con-respecto-a-2009\/","og_locale":"es_ES","og_type":"article","og_title":"El Gobierno aument\u00f3 un 40% los \u201cferiados puente\u201d, con respecto a 2009  - Informe Litoral","og_description":"&nbsp;La administraci&oacute;n de Cristina Kirchner defini&oacute; los d&iacute;as no laborables para los pr&oacute;ximos tres a&ntilde;os. Habr&aacute; cinco m&aacute;s que en 2009. De ellos, 10 son fines de semana largos, tres de los cuales ser&aacute;n de cuatro d&iacute;as. El Gobierno parece decidido a incentivar el turismo. As&iacute; es que estableci&oacute; que los&nbsp;pr&oacute;ximos a&ntilde;os&nbsp;tengan un&nbsp;40% m&aacute;s de [&hellip;]","og_url":"https:\/\/informelitoral.com.ar\/el-gobierno-aumento-un-40-los-feriados-puente-con-respecto-a-2009\/","og_site_name":"Informe Litoral","article_publisher":"https:\/\/www.facebook.com\/informelitoral\/","article_published_time":"2013-11-13T12:19:09+00:00","og_image":[{"width":306,"height":165,"url":"https:\/\/informelitoral.com.ar\/%77%70%2d%63%6f%6e%74%65%6e%74\/uploads\/2013\/11\/feriados.jpg","type":"image\/jpeg"}],"author":"Gonzalo Schmidt","twitter_card":"summary_large_image","twitter_creator":"@InformeLitoral","twitter_site":"@InformeLitoral","twitter_misc":{"Escrito por":"Gonzalo Schmidt","Tiempo de lectura":"3 minutos"},"schema":{"@context":"https:\/\/schema.org","@graph":[{"@type":"Article","@id":"https:\/\/informelitoral.com.ar\/el-gobierno-aumento-un-40-los-feriados-puente-con-respecto-a-2009\/#article","isPartOf":{"@id":"https:\/\/informelitoral.com.ar\/el-gobierno-aumento-un-40-los-feriados-puente-con-respecto-a-2009\/"},"author":{"name":"Gonzalo Schmidt","@id":"https:\/\/informelitoral.com.ar\/#\/schema\/person\/b9d00407c836482871ef1d57bf8e3180"},"headline":"El Gobierno aument\u00f3 un 40% los \u201cferiados puente\u201d, con respecto a 2009","datePublished":"2013-11-13T12:19:09+00:00","mainEntityOfPage":{"@id":"https:\/\/informelitoral.com.ar\/el-gobierno-aumento-un-40-los-feriados-puente-con-respecto-a-2009\/"},"wordCount":654,"commentCount":0,"publisher":{"@id":"https:\/\/informelitoral.com.ar\/#organization"},"image":{"@id":"https:\/\/informelitoral.com.ar\/el-gobierno-aumento-un-40-los-feriados-puente-con-respecto-a-2009\/#primaryimage"},"thumbnailUrl":"http:\/\/www.isletasnoticias.com.ar\/%77%70%2d%63%6f%6e%74%65%6e%74\/uploads\/2013\/11\/feriados-300x161.jpg","articleSection":["Nacionales","Sociedad"],"inLanguage":"es","potentialAction":[{"@type":"CommentAction","name":"Comment","target":["https:\/\/informelitoral.com.ar\/el-gobierno-aumento-un-40-los-feriados-puente-con-respecto-a-2009\/#respond"]}]},{"@type":"WebPage","@id":"https:\/\/informelitoral.com.ar\/el-gobierno-aumento-un-40-los-feriados-puente-con-respecto-a-2009\/","url":"https:\/\/informelitoral.com.ar\/el-gobierno-aumento-un-40-los-feriados-puente-con-respecto-a-2009\/","name":"El Gobierno aument\u00f3 un 40% los \u201cferiados puente\u201d, con respecto a 2009 - Informe Litoral","isPartOf":{"@id":"https:\/\/informelitoral.com.ar\/#website"},"primaryImageOfPage":{"@id":"https:\/\/informelitoral.com.ar\/el-gobierno-aumento-un-40-los-feriados-puente-con-respecto-a-2009\/#primaryimage"},"image":{"@id":"https:\/\/informelitoral.com.ar\/el-gobierno-aumento-un-40-los-feriados-puente-con-respecto-a-2009\/#primaryimage"},"thumbnailUrl":"http:\/\/www.isletasnoticias.com.ar\/%77%70%2d%63%6f%6e%74%65%6e%74\/uploads\/2013\/11\/feriados-300x161.jpg","datePublished":"2013-11-13T12:19:09+00:00","breadcrumb":{"@id":"https:\/\/informelitoral.com.ar\/el-gobierno-aumento-un-40-los-feriados-puente-con-respecto-a-2009\/#breadcrumb"},"inLanguage":"es","potentialAction":[{"@type":"ReadAction","target":["https:\/\/informelitoral.com.ar\/el-gobierno-aumento-un-40-los-feriados-puente-con-respecto-a-2009\/"]}]},{"@type":"ImageObject","inLanguage":"es","@id":"https:\/\/informelitoral.com.ar\/el-gobierno-aumento-un-40-los-feriados-puente-con-respecto-a-2009\/#primaryimage","url":"http:\/\/www.isletasnoticias.com.ar\/%77%70%2d%63%6f%6e%74%65%6e%74\/uploads\/2013\/11\/feriados-300x161.jpg","contentUrl":"http:\/\/www.isletasnoticias.com.ar\/%77%70%2d%63%6f%6e%74%65%6e%74\/uploads\/2013\/11\/feriados-300x161.jpg"},{"@type":"BreadcrumbList","@id":"https:\/\/informelitoral.com.ar\/el-gobierno-aumento-un-40-los-feriados-puente-con-respecto-a-2009\/#breadcrumb","itemListElement":[{"@type":"ListItem","position":1,"name":"Portada","item":"https:\/\/informelitoral.com.ar\/"},{"@type":"ListItem","position":2,"name":"El Gobierno aument\u00f3 un 40% los \u201cferiados puente\u201d, con respecto a 2009"}]},{"@type":"WebSite","@id":"https:\/\/informelitoral.com.ar\/#website","url":"https:\/\/informelitoral.com.ar\/","name":"Informe Litoral","description":"&quot;Nos informamos&quot; ","publisher":{"@id":"https:\/\/informelitoral.com.ar\/#organization"},"potentialAction":[{"@type":"SearchAction","target":{"@type":"EntryPoint","urlTemplate":"https:\/\/informelitoral.com.ar\/?s={search_term_string}"},"query-input":{"@type":"PropertyValueSpecification","valueRequired":true,"valueName":"search_term_string"}}],"inLanguage":"es"},{"@type":"Organization","@id":"https:\/\/informelitoral.com.ar\/#organization","name":"Informe Litoral","url":"https:\/\/informelitoral.com.ar\/","logo":{"@type":"ImageObject","inLanguage":"es","@id":"https:\/\/informelitoral.com.ar\/#\/schema\/logo\/image\/","url":"https:\/\/informelitoral.com.ar\/%77%70%2d%63%6f%6e%74%65%6e%74\/uploads\/2021\/01\/circulo.png","contentUrl":"https:\/\/informelitoral.com.ar\/%77%70%2d%63%6f%6e%74%65%6e%74\/uploads\/2021\/01\/circulo.png","width":723,"height":731,"caption":"Informe Litoral"},"image":{"@id":"https:\/\/informelitoral.com.ar\/#\/schema\/logo\/image\/"},"sameAs":["https:\/\/www.facebook.com\/informelitoral\/","https:\/\/x.com\/InformeLitoral","https:\/\/www.instagram.com\/informelitoral\/","https:\/\/www.youtube.com\/channel\/UCua4Qvz8Icb6MYqhoq9xLXw"]},{"@type":"Person","@id":"https:\/\/informelitoral.com.ar\/#\/schema\/person\/b9d00407c836482871ef1d57bf8e3180","name":"Gonzalo Schmidt","image":{"@type":"ImageObject","inLanguage":"es","@id":"https:\/\/secure.gravatar.com\/avatar\/31a1a7b66ff2de83bd0e9fd79d026630d2d99e55e8bfe501287647b4fd9743de?s=96&d=mm&r=g","url":"https:\/\/secure.gravatar.com\/avatar\/31a1a7b66ff2de83bd0e9fd79d026630d2d99e55e8bfe501287647b4fd9743de?s=96&d=mm&r=g","contentUrl":"https:\/\/secure.gravatar.com\/avatar\/31a1a7b66ff2de83bd0e9fd79d026630d2d99e55e8bfe501287647b4fd9743de?s=96&d=mm&r=g","caption":"Gonzalo Schmidt"},"description":"Sitio web de noticias de la provincia de Entre R\u00edos, Argentina. Informaci\u00f3n y entretenimiento. Informe Litoral, nos informamos.","sameAs":["http:\/\/www.isletasnoticias.com.ar"],"url":"https:\/\/informelitoral.com.ar\/author\/gonzalo\/"}]}},"_links":{"self":[{"href":"https:\/\/informelitoral.com.ar\/%77%70%2d%6a%73%6f%6e\/wp\/v2\/posts\/4234","targetHints":{"allow":["GET"]}}],"collection":[{"href":"https:\/\/informelitoral.com.ar\/%77%70%2d%6a%73%6f%6e\/wp\/v2\/posts"}],"about":[{"href":"https:\/\/informelitoral.com.ar\/%77%70%2d%6a%73%6f%6e\/wp\/v2\/types\/post"}],"author":[{"embeddable":true,"href":"https:\/\/informelitoral.com.ar\/%77%70%2d%6a%73%6f%6e\/wp\/v2\/users\/2"}],"replies":[{"embeddable":true,"href":"https:\/\/informelitoral.com.ar\/%77%70%2d%6a%73%6f%6e\/wp\/v2\/comments?post=4234"}],"version-history":[{"count":0,"href":"https:\/\/informelitoral.com.ar\/%77%70%2d%6a%73%6f%6e\/wp\/v2\/posts\/4234\/revisions"}],"wp:attachment":[{"href":"https:\/\/informelitoral.com.ar\/%77%70%2d%6a%73%6f%6e\/wp\/v2\/media?parent=4234"}],"wp:term":[{"taxonomy":"category","embeddable":true,"href":"https:\/\/informelitoral.com.ar\/%77%70%2d%6a%73%6f%6e\/wp\/v2\/categories?post=4234"},{"taxonomy":"post_tag","embeddable":true,"href":"https:\/\/informelitoral.com.ar\/%77%70%2d%6a%73%6f%6e\/wp\/v2\/tags?post=4234"}],"curies":[{"name":"wp","href":"https:\/\/api.w.org\/{rel}","templated":true}]}}