{"id":42134,"date":"2020-04-17T15:07:55","date_gmt":"2020-04-17T18:07:55","guid":{"rendered":"https:\/\/www.isletasnoticias.com.ar\/?p=42134"},"modified":"2020-04-17T15:08:44","modified_gmt":"2020-04-17T18:08:44","slug":"bordet-confirmo-que-el-lunes-habilitaran-nuevas-actividades-pero-no-adelanto-cuales","status":"publish","type":"post","link":"https:\/\/informelitoral.com.ar\/bordet-confirmo-que-el-lunes-habilitaran-nuevas-actividades-pero-no-adelanto-cuales\/","title":{"rendered":"Bordet confirm\u00f3 que el lunes habilitar\u00e1n nuevas actividades pero no adelant\u00f3 cu\u00e1les"},"content":{"rendered":"<article id=\"article-post\" class=\"first\">\n<div class=\"cuerpo\" data-twitter-link=\"https:\/\/twitter.com\/intent\/tweet?url=https:\/\/ahora.com.ar\/c4203536&amp;via=PlataformaAhora&amp;related=Ahora&amp;text=\">\n<p>El gobernador\u00a0<strong>Gustavo Bordet<\/strong>\u00a0confirm\u00f3 en conferencia de prensa que\u00a0<strong>el lunes habilitar\u00e1n nuevas actividades en Entre R\u00edos<\/strong>, en el marco de la cuarentena administrada que se aplicar\u00e1 en las provincias.<\/p>\n<p>Respecto de los detalles, indic\u00f3 que <span id=\"saysCMSEmphasisz9gxyerkc8d\" class=\"saysCMSEmphasis\">el lunes 20 comunicar\u00e1n cu\u00e1les son los nuevos sectores habilitados para poder trabajar<\/span>, cada uno con\u00a0<strong>estrictos protocolos<\/strong>\u00a0de salubridad.<\/p>\n<\/div>\n<\/article>\n<article id=\"article-post\">\n<div class=\"cuerpo\" data-twitter-link=\"https:\/\/twitter.com\/intent\/tweet?url=https:\/\/ahora.com.ar\/c4203536&amp;via=PlataformaAhora&amp;related=Ahora&amp;text=\">\n<p>Al respecto, inform\u00f3 que mantuvo una reuni\u00f3n con el jefe de Gabinete de la Naci\u00f3n, Santiago Cafiero, a quien le present\u00f3 el listado para \u00ab<strong>ir administrando las nuevas operaciones que puedan realizarse<\/strong>\u00ab, reprodujo<em> Ahora.<\/em><\/p>\n<p>\u00abEstamos haciendo la elevaci\u00f3n formal con todos los protocolos\u00bb, asegur\u00f3 el mandatario este viernes, en la conferencia de prensa, tras haber hecho una primera presentaci\u00f3n el martes pasado.<\/p>\n<p>\u00ab<span id=\"saysCMSEmphasisslw2n24lln\" class=\"saysCMSEmphasis\">Nos pidieron una ampliaci\u00f3n, que al d\u00eda de hoy la estamos completando. El lunes pr\u00f3ximo ya tendr\u00e1n vigencia. No quiero adelantar cu\u00e1les son las actividades para no generar expectativas mientras se eval\u00faan en la Jefatura de Gabinete<\/span>\u00ab, explic\u00f3.<\/p>\n<div class=\"youtube-embed\" data-video_id=\"Zo_vk1q__YY\"><iframe loading=\"lazy\" title=\"EN VIVO| Informe del estado de situaci\u00f3n provincial en relaci\u00f3n al Coronavirus\" width=\"696\" height=\"392\" src=\"https:\/\/www.youtube.com\/embed\/Zo_vk1q__YY?feature=oembed&#038;enablejsapi=1\" frameborder=\"0\" allow=\"accelerometer; autoplay; encrypted-media; gyroscope; picture-in-picture\" allowfullscreen><\/iframe><\/div>\n<\/div>\n<\/article>\n","protected":false},"excerpt":{"rendered":"<p>El gobernador no dio detalles de las actividades, pero adelant\u00f3 que el lunes 20 se informar\u00e1n los sectores exceptuados dentro del territorio provincial. Asegur\u00f3 que Naci\u00f3n pidi\u00f3 ampliar la primera presentaci\u00f3n.<\/p>\n","protected":false},"author":2,"featured_media":42135,"comment_status":"open","ping_status":"open","sticky":false,"template":"","format":"standard","meta":{"fifu_image_url":"","fifu_image_alt":"","footnotes":""},"categories":[16],"tags":[1426,1481,1288,1479,81,167,120,285],"class_list":{"0":"post-42134","1":"post","2":"type-post","3":"status-publish","4":"format-standard","5":"has-post-thumbnail","7":"category-politi","8":"tag-coronavirus","9":"tag-covid-19","10":"tag-crisis-economica","11":"tag-cuarentena","12":"tag-entre-rios","13":"tag-gustavo-bordet","14":"tag-produccion","15":"tag-servicios"},"yoast_head":"<title>Bordet confirm\u00f3 que el lunes habilitar\u00e1n nuevas actividades pero no adelant\u00f3 cu\u00e1les - Informe Litoral<\/title>\n<meta name=\"robots\" content=\"index, follow, max-snippet:-1, max-image-preview:large, max-video-preview:-1\" \/>\n<link rel=\"canonical\" href=\"https:\/\/informelitoral.com.ar\/bordet-confirmo-que-el-lunes-habilitaran-nuevas-actividades-pero-no-adelanto-cuales\/\" \/>\n<meta property=\"og:locale\" content=\"es_ES\" \/>\n<meta property=\"og:type\" content=\"article\" \/>\n<meta property=\"og:title\" content=\"Bordet confirm\u00f3 que el lunes habilitar\u00e1n nuevas actividades pero no adelant\u00f3 cu\u00e1les - Informe Litoral\" \/>\n<meta property=\"og:description\" content=\"El gobernador no dio detalles de las actividades, pero adelant\u00f3 que el lunes 20 se informar\u00e1n los sectores exceptuados dentro del territorio provincial. Asegur\u00f3 que Naci\u00f3n pidi\u00f3 ampliar la primera presentaci\u00f3n.\" \/>\n<meta property=\"og:url\" content=\"https:\/\/informelitoral.com.ar\/bordet-confirmo-que-el-lunes-habilitaran-nuevas-actividades-pero-no-adelanto-cuales\/\" \/>\n<meta property=\"og:site_name\" content=\"Informe Litoral\" \/>\n<meta property=\"article:publisher\" content=\"https:\/\/www.facebook.com\/informelitoral\/\" \/>\n<meta property=\"article:published_time\" content=\"2020-04-17T18:07:55+00:00\" \/>\n<meta property=\"article:modified_time\" content=\"2020-04-17T18:08:44+00:00\" \/>\n<meta property=\"og:image\" content=\"https:\/\/informelitoral.com.ar\/%77%70%2d%63%6f%6e%74%65%6e%74\/uploads\/2020\/04\/gustavo-bordet.jpeg\" \/>\n\t<meta property=\"og:image:width\" content=\"770\" \/>\n\t<meta property=\"og:image:height\" content=\"433\" \/>\n\t<meta property=\"og:image:type\" content=\"image\/jpeg\" \/>\n<meta name=\"author\" content=\"Gonzalo Schmidt\" \/>\n<meta name=\"twitter:card\" content=\"summary_large_image\" \/>\n<meta name=\"twitter:creator\" content=\"@InformeLitoral\" \/>\n<meta name=\"twitter:site\" content=\"@InformeLitoral\" \/>\n<meta name=\"twitter:label1\" content=\"Escrito por\" \/>\n\t<meta name=\"twitter:data1\" content=\"Gonzalo Schmidt\" \/>\n\t<meta name=\"twitter:label2\" content=\"Tiempo de lectura\" \/>\n\t<meta name=\"twitter:data2\" content=\"1 minuto\" \/>\n<script type=\"application\/ld+json\" class=\"yoast-schema-graph\">{\"@context\":\"https:\\\/\\\/schema.org\",\"@graph\":[{\"@type\":\"Article\",\"@id\":\"https:\\\/\\\/informelitoral.com.ar\\\/bordet-confirmo-que-el-lunes-habilitaran-nuevas-actividades-pero-no-adelanto-cuales\\\/#article\",\"isPartOf\":{\"@id\":\"https:\\\/\\\/informelitoral.com.ar\\\/bordet-confirmo-que-el-lunes-habilitaran-nuevas-actividades-pero-no-adelanto-cuales\\\/\"},\"author\":{\"name\":\"Gonzalo Schmidt\",\"@id\":\"https:\\\/\\\/informelitoral.com.ar\\\/#\\\/schema\\\/person\\\/b9d00407c836482871ef1d57bf8e3180\"},\"headline\":\"Bordet confirm\u00f3 que el lunes habilitar\u00e1n nuevas actividades pero no adelant\u00f3 cu\u00e1les\",\"datePublished\":\"2020-04-17T18:07:55+00:00\",\"dateModified\":\"2020-04-17T18:08:44+00:00\",\"mainEntityOfPage\":{\"@id\":\"https:\\\/\\\/informelitoral.com.ar\\\/bordet-confirmo-que-el-lunes-habilitaran-nuevas-actividades-pero-no-adelanto-cuales\\\/\"},\"wordCount\":198,\"commentCount\":0,\"publisher\":{\"@id\":\"https:\\\/\\\/informelitoral.com.ar\\\/#organization\"},\"image\":{\"@id\":\"https:\\\/\\\/informelitoral.com.ar\\\/bordet-confirmo-que-el-lunes-habilitaran-nuevas-actividades-pero-no-adelanto-cuales\\\/#primaryimage\"},\"thumbnailUrl\":\"https:\\\/\\\/informelitoral.com.ar\\\/%77%70%2d%63%6f%6e%74%65%6e%74\\\/uploads\\\/2020\\\/04\\\/gustavo-bordet.jpeg\",\"keywords\":[\"Coronavirus\",\"COVID-19\",\"Crisis econ\u00f3mica\",\"Cuarentena\",\"Entre R\u00edos\",\"Gustavo Bordet\",\"Producci\u00f3n\",\"Servicios\"],\"articleSection\":[\"Politica\"],\"inLanguage\":\"es\",\"potentialAction\":[{\"@type\":\"CommentAction\",\"name\":\"Comment\",\"target\":[\"https:\\\/\\\/informelitoral.com.ar\\\/bordet-confirmo-que-el-lunes-habilitaran-nuevas-actividades-pero-no-adelanto-cuales\\\/#respond\"]}]},{\"@type\":\"WebPage\",\"@id\":\"https:\\\/\\\/informelitoral.com.ar\\\/bordet-confirmo-que-el-lunes-habilitaran-nuevas-actividades-pero-no-adelanto-cuales\\\/\",\"url\":\"https:\\\/\\\/informelitoral.com.ar\\\/bordet-confirmo-que-el-lunes-habilitaran-nuevas-actividades-pero-no-adelanto-cuales\\\/\",\"name\":\"Bordet confirm\u00f3 que el lunes habilitar\u00e1n nuevas actividades pero no adelant\u00f3 cu\u00e1les - Informe Litoral\",\"isPartOf\":{\"@id\":\"https:\\\/\\\/informelitoral.com.ar\\\/#website\"},\"primaryImageOfPage\":{\"@id\":\"https:\\\/\\\/informelitoral.com.ar\\\/bordet-confirmo-que-el-lunes-habilitaran-nuevas-actividades-pero-no-adelanto-cuales\\\/#primaryimage\"},\"image\":{\"@id\":\"https:\\\/\\\/informelitoral.com.ar\\\/bordet-confirmo-que-el-lunes-habilitaran-nuevas-actividades-pero-no-adelanto-cuales\\\/#primaryimage\"},\"thumbnailUrl\":\"https:\\\/\\\/informelitoral.com.ar\\\/%77%70%2d%63%6f%6e%74%65%6e%74\\\/uploads\\\/2020\\\/04\\\/gustavo-bordet.jpeg\",\"datePublished\":\"2020-04-17T18:07:55+00:00\",\"dateModified\":\"2020-04-17T18:08:44+00:00\",\"breadcrumb\":{\"@id\":\"https:\\\/\\\/informelitoral.com.ar\\\/bordet-confirmo-que-el-lunes-habilitaran-nuevas-actividades-pero-no-adelanto-cuales\\\/#breadcrumb\"},\"inLanguage\":\"es\",\"potentialAction\":[{\"@type\":\"ReadAction\",\"target\":[\"https:\\\/\\\/informelitoral.com.ar\\\/bordet-confirmo-que-el-lunes-habilitaran-nuevas-actividades-pero-no-adelanto-cuales\\\/\"]}]},{\"@type\":\"ImageObject\",\"inLanguage\":\"es\",\"@id\":\"https:\\\/\\\/informelitoral.com.ar\\\/bordet-confirmo-que-el-lunes-habilitaran-nuevas-actividades-pero-no-adelanto-cuales\\\/#primaryimage\",\"url\":\"https:\\\/\\\/informelitoral.com.ar\\\/%77%70%2d%63%6f%6e%74%65%6e%74\\\/uploads\\\/2020\\\/04\\\/gustavo-bordet.jpeg\",\"contentUrl\":\"https:\\\/\\\/informelitoral.com.ar\\\/%77%70%2d%63%6f%6e%74%65%6e%74\\\/uploads\\\/2020\\\/04\\\/gustavo-bordet.jpeg\",\"width\":770,\"height\":433},{\"@type\":\"BreadcrumbList\",\"@id\":\"https:\\\/\\\/informelitoral.com.ar\\\/bordet-confirmo-que-el-lunes-habilitaran-nuevas-actividades-pero-no-adelanto-cuales\\\/#breadcrumb\",\"itemListElement\":[{\"@type\":\"ListItem\",\"position\":1,\"name\":\"Portada\",\"item\":\"https:\\\/\\\/informelitoral.com.ar\\\/\"},{\"@type\":\"ListItem\",\"position\":2,\"name\":\"Bordet confirm\u00f3 que el lunes habilitar\u00e1n nuevas actividades pero no adelant\u00f3 cu\u00e1les\"}]},{\"@type\":\"WebSite\",\"@id\":\"https:\\\/\\\/informelitoral.com.ar\\\/#website\",\"url\":\"https:\\\/\\\/informelitoral.com.ar\\\/\",\"name\":\"Informe Litoral\",\"description\":\"&quot;Nos informamos&quot; \",\"publisher\":{\"@id\":\"https:\\\/\\\/informelitoral.com.ar\\\/#organization\"},\"potentialAction\":[{\"@type\":\"SearchAction\",\"target\":{\"@type\":\"EntryPoint\",\"urlTemplate\":\"https:\\\/\\\/informelitoral.com.ar\\\/?s={search_term_string}\"},\"query-input\":{\"@type\":\"PropertyValueSpecification\",\"valueRequired\":true,\"valueName\":\"search_term_string\"}}],\"inLanguage\":\"es\"},{\"@type\":\"Organization\",\"@id\":\"https:\\\/\\\/informelitoral.com.ar\\\/#organization\",\"name\":\"Informe Litoral\",\"url\":\"https:\\\/\\\/informelitoral.com.ar\\\/\",\"logo\":{\"@type\":\"ImageObject\",\"inLanguage\":\"es\",\"@id\":\"https:\\\/\\\/informelitoral.com.ar\\\/#\\\/schema\\\/logo\\\/image\\\/\",\"url\":\"https:\\\/\\\/informelitoral.com.ar\\\/%77%70%2d%63%6f%6e%74%65%6e%74\\\/uploads\\\/2021\\\/01\\\/circulo.png\",\"contentUrl\":\"https:\\\/\\\/informelitoral.com.ar\\\/%77%70%2d%63%6f%6e%74%65%6e%74\\\/uploads\\\/2021\\\/01\\\/circulo.png\",\"width\":723,\"height\":731,\"caption\":\"Informe Litoral\"},\"image\":{\"@id\":\"https:\\\/\\\/informelitoral.com.ar\\\/#\\\/schema\\\/logo\\\/image\\\/\"},\"sameAs\":[\"https:\\\/\\\/www.facebook.com\\\/informelitoral\\\/\",\"https:\\\/\\\/x.com\\\/InformeLitoral\",\"https:\\\/\\\/www.instagram.com\\\/informelitoral\\\/\",\"https:\\\/\\\/www.youtube.com\\\/channel\\\/UCua4Qvz8Icb6MYqhoq9xLXw\"]},{\"@type\":\"Person\",\"@id\":\"https:\\\/\\\/informelitoral.com.ar\\\/#\\\/schema\\\/person\\\/b9d00407c836482871ef1d57bf8e3180\",\"name\":\"Gonzalo Schmidt\",\"image\":{\"@type\":\"ImageObject\",\"inLanguage\":\"es\",\"@id\":\"https:\\\/\\\/secure.gravatar.com\\\/avatar\\\/31a1a7b66ff2de83bd0e9fd79d026630d2d99e55e8bfe501287647b4fd9743de?s=96&d=mm&r=g\",\"url\":\"https:\\\/\\\/secure.gravatar.com\\\/avatar\\\/31a1a7b66ff2de83bd0e9fd79d026630d2d99e55e8bfe501287647b4fd9743de?s=96&d=mm&r=g\",\"contentUrl\":\"https:\\\/\\\/secure.gravatar.com\\\/avatar\\\/31a1a7b66ff2de83bd0e9fd79d026630d2d99e55e8bfe501287647b4fd9743de?s=96&d=mm&r=g\",\"caption\":\"Gonzalo Schmidt\"},\"description\":\"Sitio web de noticias de la provincia de Entre R\u00edos, Argentina. Informaci\u00f3n y entretenimiento. Informe Litoral, nos informamos.\",\"sameAs\":[\"http:\\\/\\\/www.isletasnoticias.com.ar\"],\"url\":\"https:\\\/\\\/informelitoral.com.ar\\\/author\\\/gonzalo\\\/\"}]}<\/script>","yoast_head_json":{"title":"Bordet confirm\u00f3 que el lunes habilitar\u00e1n nuevas actividades pero no adelant\u00f3 cu\u00e1les - Informe Litoral","robots":{"index":"index","follow":"follow","max-snippet":"max-snippet:-1","max-image-preview":"max-image-preview:large","max-video-preview":"max-video-preview:-1"},"canonical":"https:\/\/informelitoral.com.ar\/bordet-confirmo-que-el-lunes-habilitaran-nuevas-actividades-pero-no-adelanto-cuales\/","og_locale":"es_ES","og_type":"article","og_title":"Bordet confirm\u00f3 que el lunes habilitar\u00e1n nuevas actividades pero no adelant\u00f3 cu\u00e1les - Informe Litoral","og_description":"El gobernador no dio detalles de las actividades, pero adelant\u00f3 que el lunes 20 se informar\u00e1n los sectores exceptuados dentro del territorio provincial. Asegur\u00f3 que Naci\u00f3n pidi\u00f3 ampliar la primera presentaci\u00f3n.","og_url":"https:\/\/informelitoral.com.ar\/bordet-confirmo-que-el-lunes-habilitaran-nuevas-actividades-pero-no-adelanto-cuales\/","og_site_name":"Informe Litoral","article_publisher":"https:\/\/www.facebook.com\/informelitoral\/","article_published_time":"2020-04-17T18:07:55+00:00","article_modified_time":"2020-04-17T18:08:44+00:00","og_image":[{"width":770,"height":433,"url":"https:\/\/informelitoral.com.ar\/%77%70%2d%63%6f%6e%74%65%6e%74\/uploads\/2020\/04\/gustavo-bordet.jpeg","type":"image\/jpeg"}],"author":"Gonzalo Schmidt","twitter_card":"summary_large_image","twitter_creator":"@InformeLitoral","twitter_site":"@InformeLitoral","twitter_misc":{"Escrito por":"Gonzalo Schmidt","Tiempo de lectura":"1 minuto"},"schema":{"@context":"https:\/\/schema.org","@graph":[{"@type":"Article","@id":"https:\/\/informelitoral.com.ar\/bordet-confirmo-que-el-lunes-habilitaran-nuevas-actividades-pero-no-adelanto-cuales\/#article","isPartOf":{"@id":"https:\/\/informelitoral.com.ar\/bordet-confirmo-que-el-lunes-habilitaran-nuevas-actividades-pero-no-adelanto-cuales\/"},"author":{"name":"Gonzalo Schmidt","@id":"https:\/\/informelitoral.com.ar\/#\/schema\/person\/b9d00407c836482871ef1d57bf8e3180"},"headline":"Bordet confirm\u00f3 que el lunes habilitar\u00e1n nuevas actividades pero no adelant\u00f3 cu\u00e1les","datePublished":"2020-04-17T18:07:55+00:00","dateModified":"2020-04-17T18:08:44+00:00","mainEntityOfPage":{"@id":"https:\/\/informelitoral.com.ar\/bordet-confirmo-que-el-lunes-habilitaran-nuevas-actividades-pero-no-adelanto-cuales\/"},"wordCount":198,"commentCount":0,"publisher":{"@id":"https:\/\/informelitoral.com.ar\/#organization"},"image":{"@id":"https:\/\/informelitoral.com.ar\/bordet-confirmo-que-el-lunes-habilitaran-nuevas-actividades-pero-no-adelanto-cuales\/#primaryimage"},"thumbnailUrl":"https:\/\/informelitoral.com.ar\/%77%70%2d%63%6f%6e%74%65%6e%74\/uploads\/2020\/04\/gustavo-bordet.jpeg","keywords":["Coronavirus","COVID-19","Crisis econ\u00f3mica","Cuarentena","Entre R\u00edos","Gustavo Bordet","Producci\u00f3n","Servicios"],"articleSection":["Politica"],"inLanguage":"es","potentialAction":[{"@type":"CommentAction","name":"Comment","target":["https:\/\/informelitoral.com.ar\/bordet-confirmo-que-el-lunes-habilitaran-nuevas-actividades-pero-no-adelanto-cuales\/#respond"]}]},{"@type":"WebPage","@id":"https:\/\/informelitoral.com.ar\/bordet-confirmo-que-el-lunes-habilitaran-nuevas-actividades-pero-no-adelanto-cuales\/","url":"https:\/\/informelitoral.com.ar\/bordet-confirmo-que-el-lunes-habilitaran-nuevas-actividades-pero-no-adelanto-cuales\/","name":"Bordet confirm\u00f3 que el lunes habilitar\u00e1n nuevas actividades pero no adelant\u00f3 cu\u00e1les - Informe Litoral","isPartOf":{"@id":"https:\/\/informelitoral.com.ar\/#website"},"primaryImageOfPage":{"@id":"https:\/\/informelitoral.com.ar\/bordet-confirmo-que-el-lunes-habilitaran-nuevas-actividades-pero-no-adelanto-cuales\/#primaryimage"},"image":{"@id":"https:\/\/informelitoral.com.ar\/bordet-confirmo-que-el-lunes-habilitaran-nuevas-actividades-pero-no-adelanto-cuales\/#primaryimage"},"thumbnailUrl":"https:\/\/informelitoral.com.ar\/%77%70%2d%63%6f%6e%74%65%6e%74\/uploads\/2020\/04\/gustavo-bordet.jpeg","datePublished":"2020-04-17T18:07:55+00:00","dateModified":"2020-04-17T18:08:44+00:00","breadcrumb":{"@id":"https:\/\/informelitoral.com.ar\/bordet-confirmo-que-el-lunes-habilitaran-nuevas-actividades-pero-no-adelanto-cuales\/#breadcrumb"},"inLanguage":"es","potentialAction":[{"@type":"ReadAction","target":["https:\/\/informelitoral.com.ar\/bordet-confirmo-que-el-lunes-habilitaran-nuevas-actividades-pero-no-adelanto-cuales\/"]}]},{"@type":"ImageObject","inLanguage":"es","@id":"https:\/\/informelitoral.com.ar\/bordet-confirmo-que-el-lunes-habilitaran-nuevas-actividades-pero-no-adelanto-cuales\/#primaryimage","url":"https:\/\/informelitoral.com.ar\/%77%70%2d%63%6f%6e%74%65%6e%74\/uploads\/2020\/04\/gustavo-bordet.jpeg","contentUrl":"https:\/\/informelitoral.com.ar\/%77%70%2d%63%6f%6e%74%65%6e%74\/uploads\/2020\/04\/gustavo-bordet.jpeg","width":770,"height":433},{"@type":"BreadcrumbList","@id":"https:\/\/informelitoral.com.ar\/bordet-confirmo-que-el-lunes-habilitaran-nuevas-actividades-pero-no-adelanto-cuales\/#breadcrumb","itemListElement":[{"@type":"ListItem","position":1,"name":"Portada","item":"https:\/\/informelitoral.com.ar\/"},{"@type":"ListItem","position":2,"name":"Bordet confirm\u00f3 que el lunes habilitar\u00e1n nuevas actividades pero no adelant\u00f3 cu\u00e1les"}]},{"@type":"WebSite","@id":"https:\/\/informelitoral.com.ar\/#website","url":"https:\/\/informelitoral.com.ar\/","name":"Informe Litoral","description":"&quot;Nos informamos&quot; ","publisher":{"@id":"https:\/\/informelitoral.com.ar\/#organization"},"potentialAction":[{"@type":"SearchAction","target":{"@type":"EntryPoint","urlTemplate":"https:\/\/informelitoral.com.ar\/?s={search_term_string}"},"query-input":{"@type":"PropertyValueSpecification","valueRequired":true,"valueName":"search_term_string"}}],"inLanguage":"es"},{"@type":"Organization","@id":"https:\/\/informelitoral.com.ar\/#organization","name":"Informe Litoral","url":"https:\/\/informelitoral.com.ar\/","logo":{"@type":"ImageObject","inLanguage":"es","@id":"https:\/\/informelitoral.com.ar\/#\/schema\/logo\/image\/","url":"https:\/\/informelitoral.com.ar\/%77%70%2d%63%6f%6e%74%65%6e%74\/uploads\/2021\/01\/circulo.png","contentUrl":"https:\/\/informelitoral.com.ar\/%77%70%2d%63%6f%6e%74%65%6e%74\/uploads\/2021\/01\/circulo.png","width":723,"height":731,"caption":"Informe Litoral"},"image":{"@id":"https:\/\/informelitoral.com.ar\/#\/schema\/logo\/image\/"},"sameAs":["https:\/\/www.facebook.com\/informelitoral\/","https:\/\/x.com\/InformeLitoral","https:\/\/www.instagram.com\/informelitoral\/","https:\/\/www.youtube.com\/channel\/UCua4Qvz8Icb6MYqhoq9xLXw"]},{"@type":"Person","@id":"https:\/\/informelitoral.com.ar\/#\/schema\/person\/b9d00407c836482871ef1d57bf8e3180","name":"Gonzalo Schmidt","image":{"@type":"ImageObject","inLanguage":"es","@id":"https:\/\/secure.gravatar.com\/avatar\/31a1a7b66ff2de83bd0e9fd79d026630d2d99e55e8bfe501287647b4fd9743de?s=96&d=mm&r=g","url":"https:\/\/secure.gravatar.com\/avatar\/31a1a7b66ff2de83bd0e9fd79d026630d2d99e55e8bfe501287647b4fd9743de?s=96&d=mm&r=g","contentUrl":"https:\/\/secure.gravatar.com\/avatar\/31a1a7b66ff2de83bd0e9fd79d026630d2d99e55e8bfe501287647b4fd9743de?s=96&d=mm&r=g","caption":"Gonzalo Schmidt"},"description":"Sitio web de noticias de la provincia de Entre R\u00edos, Argentina. Informaci\u00f3n y entretenimiento. Informe Litoral, nos informamos.","sameAs":["http:\/\/www.isletasnoticias.com.ar"],"url":"https:\/\/informelitoral.com.ar\/author\/gonzalo\/"}]}},"_links":{"self":[{"href":"https:\/\/informelitoral.com.ar\/%77%70%2d%6a%73%6f%6e\/wp\/v2\/posts\/42134","targetHints":{"allow":["GET"]}}],"collection":[{"href":"https:\/\/informelitoral.com.ar\/%77%70%2d%6a%73%6f%6e\/wp\/v2\/posts"}],"about":[{"href":"https:\/\/informelitoral.com.ar\/%77%70%2d%6a%73%6f%6e\/wp\/v2\/types\/post"}],"author":[{"embeddable":true,"href":"https:\/\/informelitoral.com.ar\/%77%70%2d%6a%73%6f%6e\/wp\/v2\/users\/2"}],"replies":[{"embeddable":true,"href":"https:\/\/informelitoral.com.ar\/%77%70%2d%6a%73%6f%6e\/wp\/v2\/comments?post=42134"}],"version-history":[{"count":0,"href":"https:\/\/informelitoral.com.ar\/%77%70%2d%6a%73%6f%6e\/wp\/v2\/posts\/42134\/revisions"}],"wp:featuredmedia":[{"embeddable":true,"href":"https:\/\/informelitoral.com.ar\/%77%70%2d%6a%73%6f%6e\/wp\/v2\/media\/42135"}],"wp:attachment":[{"href":"https:\/\/informelitoral.com.ar\/%77%70%2d%6a%73%6f%6e\/wp\/v2\/media?parent=42134"}],"wp:term":[{"taxonomy":"category","embeddable":true,"href":"https:\/\/informelitoral.com.ar\/%77%70%2d%6a%73%6f%6e\/wp\/v2\/categories?post=42134"},{"taxonomy":"post_tag","embeddable":true,"href":"https:\/\/informelitoral.com.ar\/%77%70%2d%6a%73%6f%6e\/wp\/v2\/tags?post=42134"}],"curies":[{"name":"wp","href":"https:\/\/api.w.org\/{rel}","templated":true}]}}