{"id":42108,"date":"2020-04-17T08:09:56","date_gmt":"2020-04-17T11:09:56","guid":{"rendered":"https:\/\/www.isletasnoticias.com.ar\/?p=42108"},"modified":"2020-04-17T08:09:56","modified_gmt":"2020-04-17T11:09:56","slug":"vuelven-a-cobrar-el-peaje-en-el-tunel-subfluvial","status":"publish","type":"post","link":"https:\/\/informelitoral.com.ar\/vuelven-a-cobrar-el-peaje-en-el-tunel-subfluvial\/","title":{"rendered":"Vuelven a cobrar el peaje en el T\u00fanel Subfluvial"},"content":{"rendered":"<p>El\u00a0<strong>T\u00fanel Subfluvial<\/strong>\u00a0\u00abRa\u00fal Uranga \u2013 Carlos Sylvestre Begrnis\u00bb inform\u00f3 que,<strong>\u00a0a partir de las cero horas de este viernes 17 de abril, las estaciones de peaje del enlace interprovincial comenzaron a operar de forma habitual para todas las categor\u00edas.<\/strong><\/p>\n<p>El pasado 25 de marzo, en el contexto de emergencia sanitaria, la entidad biprovincial dispuso acompa\u00f1ar la medida dictada por el Gobierno Nacional que\u00a0determin\u00f3 la suspensi\u00f3n del cobro de tarifas de peaje en toda la traza de jurisdicci\u00f3n nacional: es decir, rutas argentinas y accesos a la ciudad de Buenos Aires, hasta el 31 de marzo, pero la iniciativa continu\u00f3 con la extensi\u00f3n del \u00abaislamiento social, preventivo y obligatorio\u00bb.<\/p>\n<p>Tras las nuevas disposiciones emitidas por el ejecutivo nacional y la reactivaci\u00f3n del cobro en distintos corredores nacionales y provinciales, como la AP- 01 (autopista Santa Fe \u2013 Rosario) y los corredores viales 4, 6 y 9, las estaciones de peaje de la entidad biprovincial comenzar\u00e1n a operar de forma habitual para todas las categor\u00edas.<\/p>\n<p><strong>Cuadro tarifario<\/strong><\/p>\n<figure class=\"wp-block-image size-large\"><img decoding=\"async\" class=\"wp-image-20791 aligncenter\" src=\"https:\/\/www.entremediosweb.com\/v2\/%77%70%2d%63%6f%6e%74%65%6e%74\/uploads\/2019\/11\/Tunel2-1024x672.jpg\" sizes=\"(max-width: 1024px) 100vw, 1024px\" srcset=\"https:\/\/www.entremediosweb.com\/v2\/%77%70%2d%63%6f%6e%74%65%6e%74\/uploads\/2019\/11\/Tunel2-1024x672.jpg 1024w, https:\/\/www.entremediosweb.com\/v2\/%77%70%2d%63%6f%6e%74%65%6e%74\/uploads\/2019\/11\/Tunel2-300x197.jpg 300w, https:\/\/www.entremediosweb.com\/v2\/%77%70%2d%63%6f%6e%74%65%6e%74\/uploads\/2019\/11\/Tunel2-768x504.jpg 768w, https:\/\/www.entremediosweb.com\/v2\/%77%70%2d%63%6f%6e%74%65%6e%74\/uploads\/2019\/11\/Tunel2.jpg 1400w\" alt=\"\" data-attachment-id=\"20791\" data-permalink=\"https:\/\/www.entremediosweb.com\/v2\/advierten-que-podria-haber-demoras-en-el-cruce-por-el-tunel-subfluvial\/tunel2\/\" data-orig-file=\"https:\/\/www.entremediosweb.com\/v2\/%77%70%2d%63%6f%6e%74%65%6e%74\/uploads\/2019\/11\/Tunel2.jpg\" data-orig-size=\"1400,919\" data-comments-opened=\"0\" data-image-meta=\"{&quot;aperture&quot;:&quot;22&quot;,&quot;credit&quot;:&quot;&quot;,&quot;camera&quot;:&quot;Canon EOS 5D Mark II&quot;,&quot;caption&quot;:&quot;&quot;,&quot;created_timestamp&quot;:&quot;1415477289&quot;,&quot;copyright&quot;:&quot;&quot;,&quot;focal_length&quot;:&quot;50&quot;,&quot;iso&quot;:&quot;100&quot;,&quot;shutter_speed&quot;:&quot;20&quot;,&quot;title&quot;:&quot;&quot;,&quot;orientation&quot;:&quot;0&quot;}\" data-image-title=\"Tunel2\" data-image-description=\"\" data-medium-file=\"https:\/\/www.entremediosweb.com\/v2\/%77%70%2d%63%6f%6e%74%65%6e%74\/uploads\/2019\/11\/Tunel2-300x197.jpg\" data-large-file=\"https:\/\/www.entremediosweb.com\/v2\/%77%70%2d%63%6f%6e%74%65%6e%74\/uploads\/2019\/11\/Tunel2-1024x672.jpg\" \/><\/figure>\n<p>El ente record\u00f3 que \u00abdesde julio de 2019 el enlace no realiza ning\u00fan tipo de actualizaci\u00f3n de tarifas, medida que continu\u00f3 con las nuevas autoridades en funci\u00f3n del contexto econ\u00f3mico y social que vive el pa\u00eds\u00bb.<\/p>\n<p><span style=\"text-align: center;\">En tal sentido, para la<\/span><strong style=\"text-align: center;\">\u00a0categor\u00eda I<\/strong><span style=\"text-align: center;\">, que representa el 80% de los veh\u00edculos que circulan a diario por el viaducto interprovincial (motos, autos, camionetas y combis),\u00a0<\/span><strong style=\"text-align: center;\">el costo del cruce asciende a $65,<\/strong><span style=\"text-align: center;\">\u00a0mientras que los usuarios de ese segmento que circulen regularmente por dicha conexi\u00f3n y\u00a0<\/span><strong style=\"text-align: center;\">dispongan de la tarjeta de abono abonar\u00e1n la mitad de ese valor, es decir $32,50.<\/strong><\/p>\n<p>Desde la Comisi\u00f3n Administradora ratificaron el descuento del 20% para el servicio de transporte p\u00fablico interurbano de pasajeros que circula entre Santa Fe y Paran\u00e1, que alcanza, adem\u00e1s, al transporte de carga radicado ambas provincias.<\/p>\n<p><strong>Horario de mesa de entradas<\/strong><\/p>\n<p>La entidad biprovincial funciona en base a un protocolo de trabajo elaborado con la finalidad de garantizar de manera segura la prestaci\u00f3n de los servicios esenciales.<\/p>\n<p>En ese sentido, para quienes requieran la realizaci\u00f3n de tr\u00e1mites administrativos, se ha dispuesto que desde el pr\u00f3ximo 20 de abril la Divisi\u00f3n Mesa de Entradas funcione los d\u00edas<strong>\u00a0lunes y jueves, en el horario de 9.00 a 12.30.<\/strong><\/p>\n","protected":false},"excerpt":{"rendered":"<p>Las estaciones de peaje del enlace interprovincial comenzaron a operar de forma habitual para todas las categor\u00edas desde las 00.00 de este viernes. El cobro se hab\u00eda suspendido el pasado 25 de marzo en el contexto de emergencia sanitaria por coronavirus.<\/p>\n","protected":false},"author":2,"featured_media":32398,"comment_status":"open","ping_status":"open","sticky":false,"template":"","format":"standard","meta":{"fifu_image_url":"","fifu_image_alt":"","footnotes":""},"categories":[6],"tags":[1479,619,554],"class_list":{"0":"post-42108","1":"post","2":"type-post","3":"status-publish","4":"format-standard","5":"has-post-thumbnail","7":"category-entre-rios","8":"tag-cuarentena","9":"tag-peaje","10":"tag-tunel-subfluvial"},"yoast_head":"<title>Vuelven a cobrar el peaje en el T\u00fanel Subfluvial - Informe Litoral<\/title>\n<meta name=\"robots\" content=\"index, follow, max-snippet:-1, max-image-preview:large, max-video-preview:-1\" \/>\n<link rel=\"canonical\" href=\"https:\/\/informelitoral.com.ar\/vuelven-a-cobrar-el-peaje-en-el-tunel-subfluvial\/\" \/>\n<meta property=\"og:locale\" content=\"es_ES\" \/>\n<meta property=\"og:type\" content=\"article\" \/>\n<meta property=\"og:title\" content=\"Vuelven a cobrar el peaje en el T\u00fanel Subfluvial - Informe Litoral\" \/>\n<meta property=\"og:description\" content=\"Las estaciones de peaje del enlace interprovincial comenzaron a operar de forma habitual para todas las categor\u00edas desde las 00.00 de este viernes. El cobro se hab\u00eda suspendido el pasado 25 de marzo en el contexto de emergencia sanitaria por coronavirus.\" \/>\n<meta property=\"og:url\" content=\"https:\/\/informelitoral.com.ar\/vuelven-a-cobrar-el-peaje-en-el-tunel-subfluvial\/\" \/>\n<meta property=\"og:site_name\" content=\"Informe Litoral\" \/>\n<meta property=\"article:publisher\" content=\"https:\/\/www.facebook.com\/informelitoral\/\" \/>\n<meta property=\"article:published_time\" content=\"2020-04-17T11:09:56+00:00\" \/>\n<meta property=\"og:image\" content=\"https:\/\/informelitoral.com.ar\/%77%70%2d%63%6f%6e%74%65%6e%74\/uploads\/2019\/03\/tunel.jpg\" \/>\n\t<meta property=\"og:image:width\" content=\"1692\" \/>\n\t<meta property=\"og:image:height\" content=\"1128\" \/>\n\t<meta property=\"og:image:type\" content=\"image\/jpeg\" \/>\n<meta name=\"author\" content=\"Gonzalo Schmidt\" \/>\n<meta name=\"twitter:card\" content=\"summary_large_image\" \/>\n<meta name=\"twitter:creator\" content=\"@InformeLitoral\" \/>\n<meta name=\"twitter:site\" content=\"@InformeLitoral\" \/>\n<meta name=\"twitter:label1\" content=\"Escrito por\" \/>\n\t<meta name=\"twitter:data1\" content=\"Gonzalo Schmidt\" \/>\n\t<meta name=\"twitter:label2\" content=\"Tiempo de lectura\" \/>\n\t<meta name=\"twitter:data2\" content=\"2 minutos\" \/>\n<script type=\"application\/ld+json\" class=\"yoast-schema-graph\">{\"@context\":\"https:\\\/\\\/schema.org\",\"@graph\":[{\"@type\":\"Article\",\"@id\":\"https:\\\/\\\/informelitoral.com.ar\\\/vuelven-a-cobrar-el-peaje-en-el-tunel-subfluvial\\\/#article\",\"isPartOf\":{\"@id\":\"https:\\\/\\\/informelitoral.com.ar\\\/vuelven-a-cobrar-el-peaje-en-el-tunel-subfluvial\\\/\"},\"author\":{\"name\":\"Gonzalo Schmidt\",\"@id\":\"https:\\\/\\\/informelitoral.com.ar\\\/#\\\/schema\\\/person\\\/b9d00407c836482871ef1d57bf8e3180\"},\"headline\":\"Vuelven a cobrar el peaje en el T\u00fanel Subfluvial\",\"datePublished\":\"2020-04-17T11:09:56+00:00\",\"mainEntityOfPage\":{\"@id\":\"https:\\\/\\\/informelitoral.com.ar\\\/vuelven-a-cobrar-el-peaje-en-el-tunel-subfluvial\\\/\"},\"wordCount\":392,\"commentCount\":0,\"publisher\":{\"@id\":\"https:\\\/\\\/informelitoral.com.ar\\\/#organization\"},\"image\":{\"@id\":\"https:\\\/\\\/informelitoral.com.ar\\\/vuelven-a-cobrar-el-peaje-en-el-tunel-subfluvial\\\/#primaryimage\"},\"thumbnailUrl\":\"https:\\\/\\\/informelitoral.com.ar\\\/%77%70%2d%63%6f%6e%74%65%6e%74\\\/uploads\\\/2019\\\/03\\\/tunel.jpg\",\"keywords\":[\"Cuarentena\",\"Peaje\",\"T\u00fanel Subfluvial\"],\"articleSection\":[\"Entre R\u00edos\"],\"inLanguage\":\"es\",\"potentialAction\":[{\"@type\":\"CommentAction\",\"name\":\"Comment\",\"target\":[\"https:\\\/\\\/informelitoral.com.ar\\\/vuelven-a-cobrar-el-peaje-en-el-tunel-subfluvial\\\/#respond\"]}]},{\"@type\":\"WebPage\",\"@id\":\"https:\\\/\\\/informelitoral.com.ar\\\/vuelven-a-cobrar-el-peaje-en-el-tunel-subfluvial\\\/\",\"url\":\"https:\\\/\\\/informelitoral.com.ar\\\/vuelven-a-cobrar-el-peaje-en-el-tunel-subfluvial\\\/\",\"name\":\"Vuelven a cobrar el peaje en el T\u00fanel Subfluvial - Informe Litoral\",\"isPartOf\":{\"@id\":\"https:\\\/\\\/informelitoral.com.ar\\\/#website\"},\"primaryImageOfPage\":{\"@id\":\"https:\\\/\\\/informelitoral.com.ar\\\/vuelven-a-cobrar-el-peaje-en-el-tunel-subfluvial\\\/#primaryimage\"},\"image\":{\"@id\":\"https:\\\/\\\/informelitoral.com.ar\\\/vuelven-a-cobrar-el-peaje-en-el-tunel-subfluvial\\\/#primaryimage\"},\"thumbnailUrl\":\"https:\\\/\\\/informelitoral.com.ar\\\/%77%70%2d%63%6f%6e%74%65%6e%74\\\/uploads\\\/2019\\\/03\\\/tunel.jpg\",\"datePublished\":\"2020-04-17T11:09:56+00:00\",\"breadcrumb\":{\"@id\":\"https:\\\/\\\/informelitoral.com.ar\\\/vuelven-a-cobrar-el-peaje-en-el-tunel-subfluvial\\\/#breadcrumb\"},\"inLanguage\":\"es\",\"potentialAction\":[{\"@type\":\"ReadAction\",\"target\":[\"https:\\\/\\\/informelitoral.com.ar\\\/vuelven-a-cobrar-el-peaje-en-el-tunel-subfluvial\\\/\"]}]},{\"@type\":\"ImageObject\",\"inLanguage\":\"es\",\"@id\":\"https:\\\/\\\/informelitoral.com.ar\\\/vuelven-a-cobrar-el-peaje-en-el-tunel-subfluvial\\\/#primaryimage\",\"url\":\"https:\\\/\\\/informelitoral.com.ar\\\/%77%70%2d%63%6f%6e%74%65%6e%74\\\/uploads\\\/2019\\\/03\\\/tunel.jpg\",\"contentUrl\":\"https:\\\/\\\/informelitoral.com.ar\\\/%77%70%2d%63%6f%6e%74%65%6e%74\\\/uploads\\\/2019\\\/03\\\/tunel.jpg\",\"width\":1692,\"height\":1128},{\"@type\":\"BreadcrumbList\",\"@id\":\"https:\\\/\\\/informelitoral.com.ar\\\/vuelven-a-cobrar-el-peaje-en-el-tunel-subfluvial\\\/#breadcrumb\",\"itemListElement\":[{\"@type\":\"ListItem\",\"position\":1,\"name\":\"Portada\",\"item\":\"https:\\\/\\\/informelitoral.com.ar\\\/\"},{\"@type\":\"ListItem\",\"position\":2,\"name\":\"Vuelven a cobrar el peaje en el T\u00fanel Subfluvial\"}]},{\"@type\":\"WebSite\",\"@id\":\"https:\\\/\\\/informelitoral.com.ar\\\/#website\",\"url\":\"https:\\\/\\\/informelitoral.com.ar\\\/\",\"name\":\"Informe Litoral\",\"description\":\"&quot;Nos informamos&quot; \",\"publisher\":{\"@id\":\"https:\\\/\\\/informelitoral.com.ar\\\/#organization\"},\"potentialAction\":[{\"@type\":\"SearchAction\",\"target\":{\"@type\":\"EntryPoint\",\"urlTemplate\":\"https:\\\/\\\/informelitoral.com.ar\\\/?s={search_term_string}\"},\"query-input\":{\"@type\":\"PropertyValueSpecification\",\"valueRequired\":true,\"valueName\":\"search_term_string\"}}],\"inLanguage\":\"es\"},{\"@type\":\"Organization\",\"@id\":\"https:\\\/\\\/informelitoral.com.ar\\\/#organization\",\"name\":\"Informe Litoral\",\"url\":\"https:\\\/\\\/informelitoral.com.ar\\\/\",\"logo\":{\"@type\":\"ImageObject\",\"inLanguage\":\"es\",\"@id\":\"https:\\\/\\\/informelitoral.com.ar\\\/#\\\/schema\\\/logo\\\/image\\\/\",\"url\":\"https:\\\/\\\/informelitoral.com.ar\\\/%77%70%2d%63%6f%6e%74%65%6e%74\\\/uploads\\\/2021\\\/01\\\/circulo.png\",\"contentUrl\":\"https:\\\/\\\/informelitoral.com.ar\\\/%77%70%2d%63%6f%6e%74%65%6e%74\\\/uploads\\\/2021\\\/01\\\/circulo.png\",\"width\":723,\"height\":731,\"caption\":\"Informe Litoral\"},\"image\":{\"@id\":\"https:\\\/\\\/informelitoral.com.ar\\\/#\\\/schema\\\/logo\\\/image\\\/\"},\"sameAs\":[\"https:\\\/\\\/www.facebook.com\\\/informelitoral\\\/\",\"https:\\\/\\\/x.com\\\/InformeLitoral\",\"https:\\\/\\\/www.instagram.com\\\/informelitoral\\\/\",\"https:\\\/\\\/www.youtube.com\\\/channel\\\/UCua4Qvz8Icb6MYqhoq9xLXw\"]},{\"@type\":\"Person\",\"@id\":\"https:\\\/\\\/informelitoral.com.ar\\\/#\\\/schema\\\/person\\\/b9d00407c836482871ef1d57bf8e3180\",\"name\":\"Gonzalo Schmidt\",\"image\":{\"@type\":\"ImageObject\",\"inLanguage\":\"es\",\"@id\":\"https:\\\/\\\/secure.gravatar.com\\\/avatar\\\/31a1a7b66ff2de83bd0e9fd79d026630d2d99e55e8bfe501287647b4fd9743de?s=96&d=mm&r=g\",\"url\":\"https:\\\/\\\/secure.gravatar.com\\\/avatar\\\/31a1a7b66ff2de83bd0e9fd79d026630d2d99e55e8bfe501287647b4fd9743de?s=96&d=mm&r=g\",\"contentUrl\":\"https:\\\/\\\/secure.gravatar.com\\\/avatar\\\/31a1a7b66ff2de83bd0e9fd79d026630d2d99e55e8bfe501287647b4fd9743de?s=96&d=mm&r=g\",\"caption\":\"Gonzalo Schmidt\"},\"description\":\"Sitio web de noticias de la provincia de Entre R\u00edos, Argentina. Informaci\u00f3n y entretenimiento. Informe Litoral, nos informamos.\",\"sameAs\":[\"http:\\\/\\\/www.isletasnoticias.com.ar\"],\"url\":\"https:\\\/\\\/informelitoral.com.ar\\\/author\\\/gonzalo\\\/\"}]}<\/script>","yoast_head_json":{"title":"Vuelven a cobrar el peaje en el T\u00fanel Subfluvial - Informe Litoral","robots":{"index":"index","follow":"follow","max-snippet":"max-snippet:-1","max-image-preview":"max-image-preview:large","max-video-preview":"max-video-preview:-1"},"canonical":"https:\/\/informelitoral.com.ar\/vuelven-a-cobrar-el-peaje-en-el-tunel-subfluvial\/","og_locale":"es_ES","og_type":"article","og_title":"Vuelven a cobrar el peaje en el T\u00fanel Subfluvial - Informe Litoral","og_description":"Las estaciones de peaje del enlace interprovincial comenzaron a operar de forma habitual para todas las categor\u00edas desde las 00.00 de este viernes. El cobro se hab\u00eda suspendido el pasado 25 de marzo en el contexto de emergencia sanitaria por coronavirus.","og_url":"https:\/\/informelitoral.com.ar\/vuelven-a-cobrar-el-peaje-en-el-tunel-subfluvial\/","og_site_name":"Informe Litoral","article_publisher":"https:\/\/www.facebook.com\/informelitoral\/","article_published_time":"2020-04-17T11:09:56+00:00","og_image":[{"width":1692,"height":1128,"url":"https:\/\/informelitoral.com.ar\/%77%70%2d%63%6f%6e%74%65%6e%74\/uploads\/2019\/03\/tunel.jpg","type":"image\/jpeg"}],"author":"Gonzalo Schmidt","twitter_card":"summary_large_image","twitter_creator":"@InformeLitoral","twitter_site":"@InformeLitoral","twitter_misc":{"Escrito por":"Gonzalo Schmidt","Tiempo de lectura":"2 minutos"},"schema":{"@context":"https:\/\/schema.org","@graph":[{"@type":"Article","@id":"https:\/\/informelitoral.com.ar\/vuelven-a-cobrar-el-peaje-en-el-tunel-subfluvial\/#article","isPartOf":{"@id":"https:\/\/informelitoral.com.ar\/vuelven-a-cobrar-el-peaje-en-el-tunel-subfluvial\/"},"author":{"name":"Gonzalo Schmidt","@id":"https:\/\/informelitoral.com.ar\/#\/schema\/person\/b9d00407c836482871ef1d57bf8e3180"},"headline":"Vuelven a cobrar el peaje en el T\u00fanel Subfluvial","datePublished":"2020-04-17T11:09:56+00:00","mainEntityOfPage":{"@id":"https:\/\/informelitoral.com.ar\/vuelven-a-cobrar-el-peaje-en-el-tunel-subfluvial\/"},"wordCount":392,"commentCount":0,"publisher":{"@id":"https:\/\/informelitoral.com.ar\/#organization"},"image":{"@id":"https:\/\/informelitoral.com.ar\/vuelven-a-cobrar-el-peaje-en-el-tunel-subfluvial\/#primaryimage"},"thumbnailUrl":"https:\/\/informelitoral.com.ar\/%77%70%2d%63%6f%6e%74%65%6e%74\/uploads\/2019\/03\/tunel.jpg","keywords":["Cuarentena","Peaje","T\u00fanel Subfluvial"],"articleSection":["Entre R\u00edos"],"inLanguage":"es","potentialAction":[{"@type":"CommentAction","name":"Comment","target":["https:\/\/informelitoral.com.ar\/vuelven-a-cobrar-el-peaje-en-el-tunel-subfluvial\/#respond"]}]},{"@type":"WebPage","@id":"https:\/\/informelitoral.com.ar\/vuelven-a-cobrar-el-peaje-en-el-tunel-subfluvial\/","url":"https:\/\/informelitoral.com.ar\/vuelven-a-cobrar-el-peaje-en-el-tunel-subfluvial\/","name":"Vuelven a cobrar el peaje en el T\u00fanel Subfluvial - Informe Litoral","isPartOf":{"@id":"https:\/\/informelitoral.com.ar\/#website"},"primaryImageOfPage":{"@id":"https:\/\/informelitoral.com.ar\/vuelven-a-cobrar-el-peaje-en-el-tunel-subfluvial\/#primaryimage"},"image":{"@id":"https:\/\/informelitoral.com.ar\/vuelven-a-cobrar-el-peaje-en-el-tunel-subfluvial\/#primaryimage"},"thumbnailUrl":"https:\/\/informelitoral.com.ar\/%77%70%2d%63%6f%6e%74%65%6e%74\/uploads\/2019\/03\/tunel.jpg","datePublished":"2020-04-17T11:09:56+00:00","breadcrumb":{"@id":"https:\/\/informelitoral.com.ar\/vuelven-a-cobrar-el-peaje-en-el-tunel-subfluvial\/#breadcrumb"},"inLanguage":"es","potentialAction":[{"@type":"ReadAction","target":["https:\/\/informelitoral.com.ar\/vuelven-a-cobrar-el-peaje-en-el-tunel-subfluvial\/"]}]},{"@type":"ImageObject","inLanguage":"es","@id":"https:\/\/informelitoral.com.ar\/vuelven-a-cobrar-el-peaje-en-el-tunel-subfluvial\/#primaryimage","url":"https:\/\/informelitoral.com.ar\/%77%70%2d%63%6f%6e%74%65%6e%74\/uploads\/2019\/03\/tunel.jpg","contentUrl":"https:\/\/informelitoral.com.ar\/%77%70%2d%63%6f%6e%74%65%6e%74\/uploads\/2019\/03\/tunel.jpg","width":1692,"height":1128},{"@type":"BreadcrumbList","@id":"https:\/\/informelitoral.com.ar\/vuelven-a-cobrar-el-peaje-en-el-tunel-subfluvial\/#breadcrumb","itemListElement":[{"@type":"ListItem","position":1,"name":"Portada","item":"https:\/\/informelitoral.com.ar\/"},{"@type":"ListItem","position":2,"name":"Vuelven a cobrar el peaje en el T\u00fanel Subfluvial"}]},{"@type":"WebSite","@id":"https:\/\/informelitoral.com.ar\/#website","url":"https:\/\/informelitoral.com.ar\/","name":"Informe Litoral","description":"&quot;Nos informamos&quot; ","publisher":{"@id":"https:\/\/informelitoral.com.ar\/#organization"},"potentialAction":[{"@type":"SearchAction","target":{"@type":"EntryPoint","urlTemplate":"https:\/\/informelitoral.com.ar\/?s={search_term_string}"},"query-input":{"@type":"PropertyValueSpecification","valueRequired":true,"valueName":"search_term_string"}}],"inLanguage":"es"},{"@type":"Organization","@id":"https:\/\/informelitoral.com.ar\/#organization","name":"Informe Litoral","url":"https:\/\/informelitoral.com.ar\/","logo":{"@type":"ImageObject","inLanguage":"es","@id":"https:\/\/informelitoral.com.ar\/#\/schema\/logo\/image\/","url":"https:\/\/informelitoral.com.ar\/%77%70%2d%63%6f%6e%74%65%6e%74\/uploads\/2021\/01\/circulo.png","contentUrl":"https:\/\/informelitoral.com.ar\/%77%70%2d%63%6f%6e%74%65%6e%74\/uploads\/2021\/01\/circulo.png","width":723,"height":731,"caption":"Informe Litoral"},"image":{"@id":"https:\/\/informelitoral.com.ar\/#\/schema\/logo\/image\/"},"sameAs":["https:\/\/www.facebook.com\/informelitoral\/","https:\/\/x.com\/InformeLitoral","https:\/\/www.instagram.com\/informelitoral\/","https:\/\/www.youtube.com\/channel\/UCua4Qvz8Icb6MYqhoq9xLXw"]},{"@type":"Person","@id":"https:\/\/informelitoral.com.ar\/#\/schema\/person\/b9d00407c836482871ef1d57bf8e3180","name":"Gonzalo Schmidt","image":{"@type":"ImageObject","inLanguage":"es","@id":"https:\/\/secure.gravatar.com\/avatar\/31a1a7b66ff2de83bd0e9fd79d026630d2d99e55e8bfe501287647b4fd9743de?s=96&d=mm&r=g","url":"https:\/\/secure.gravatar.com\/avatar\/31a1a7b66ff2de83bd0e9fd79d026630d2d99e55e8bfe501287647b4fd9743de?s=96&d=mm&r=g","contentUrl":"https:\/\/secure.gravatar.com\/avatar\/31a1a7b66ff2de83bd0e9fd79d026630d2d99e55e8bfe501287647b4fd9743de?s=96&d=mm&r=g","caption":"Gonzalo Schmidt"},"description":"Sitio web de noticias de la provincia de Entre R\u00edos, Argentina. Informaci\u00f3n y entretenimiento. Informe Litoral, nos informamos.","sameAs":["http:\/\/www.isletasnoticias.com.ar"],"url":"https:\/\/informelitoral.com.ar\/author\/gonzalo\/"}]}},"_links":{"self":[{"href":"https:\/\/informelitoral.com.ar\/%77%70%2d%6a%73%6f%6e\/wp\/v2\/posts\/42108","targetHints":{"allow":["GET"]}}],"collection":[{"href":"https:\/\/informelitoral.com.ar\/%77%70%2d%6a%73%6f%6e\/wp\/v2\/posts"}],"about":[{"href":"https:\/\/informelitoral.com.ar\/%77%70%2d%6a%73%6f%6e\/wp\/v2\/types\/post"}],"author":[{"embeddable":true,"href":"https:\/\/informelitoral.com.ar\/%77%70%2d%6a%73%6f%6e\/wp\/v2\/users\/2"}],"replies":[{"embeddable":true,"href":"https:\/\/informelitoral.com.ar\/%77%70%2d%6a%73%6f%6e\/wp\/v2\/comments?post=42108"}],"version-history":[{"count":0,"href":"https:\/\/informelitoral.com.ar\/%77%70%2d%6a%73%6f%6e\/wp\/v2\/posts\/42108\/revisions"}],"wp:featuredmedia":[{"embeddable":true,"href":"https:\/\/informelitoral.com.ar\/%77%70%2d%6a%73%6f%6e\/wp\/v2\/media\/32398"}],"wp:attachment":[{"href":"https:\/\/informelitoral.com.ar\/%77%70%2d%6a%73%6f%6e\/wp\/v2\/media?parent=42108"}],"wp:term":[{"taxonomy":"category","embeddable":true,"href":"https:\/\/informelitoral.com.ar\/%77%70%2d%6a%73%6f%6e\/wp\/v2\/categories?post=42108"},{"taxonomy":"post_tag","embeddable":true,"href":"https:\/\/informelitoral.com.ar\/%77%70%2d%6a%73%6f%6e\/wp\/v2\/tags?post=42108"}],"curies":[{"name":"wp","href":"https:\/\/api.w.org\/{rel}","templated":true}]}}