{"id":41991,"date":"2020-04-13T15:00:22","date_gmt":"2020-04-13T18:00:22","guid":{"rendered":"https:\/\/www.isletasnoticias.com.ar\/?p=41991"},"modified":"2020-04-13T15:10:54","modified_gmt":"2020-04-13T18:10:54","slug":"general-ramirez-el-detenido-numero-9-rompio-la-cuarentena-para-visitar-a-sus-amigos","status":"publish","type":"post","link":"https:\/\/informelitoral.com.ar\/general-ramirez-el-detenido-numero-9-rompio-la-cuarentena-para-visitar-a-sus-amigos\/","title":{"rendered":"General Ram\u00edrez: el detenido n\u00famero 9 rompi\u00f3 la cuarentena para visitar a sus amigos"},"content":{"rendered":"<p>En <strong>General Ram\u00edrez<\/strong> ya son nueve los detenidos por violar el Aislamiento Social Preventivo y Obligatorio dispuesto por el Gobierno Nacional por la pandemia del <strong>COVID-19<\/strong>.<\/p>\n<p>El \u00faltimo detenido es <strong>un joven de 22 a\u00f1os que que ya hab\u00eda sido notificado de DNU 297<\/strong> el 4 de abril pasado.<\/p>\n<p>En esta oportunidad \u00abel sujeto <strong>se encontraba en forma peatonal visitando unos amigos en calle 13 de Marzo y Pav\u00f3n del Barrio San Carlos<\/strong>, por lo que no pudo justificar su presencia en el lugar, y fue puesto a Disposici\u00f3n de la Fiscal\u00eda Diamante; <strong>disponi\u00e9ndose su alojamiento en la Jefatura Departamental Diamante<\/strong> y realizar los actuados pertinentes de violaci\u00f3n de cuarentena obligatoria\u00bb, informaron a <em><strong>IN<\/strong><\/em> fuentes policiales.<\/p>\n<p>En esa ciudad del departamento Diamante se llevan al momento <strong>59 actas de advertencias<\/strong>, y<strong> nueve detenciones por incumplimiento del DNU, dos de las cuales son reincidentes.<\/strong><\/p>\n<blockquote class=\"wp-embedded-content\" data-secret=\"3HddmebLIe\"><p><a href=\"https:\/\/www.isletasnoticias.com.ar\/general-ramirez-hay-dos-nuevos-detenidos-por-incumplir-la-cuarentena\/\">General Ram\u00edrez: hay dos nuevos detenidos por incumplir la cuarentena<\/a><\/p><\/blockquote>\n<p><iframe loading=\"lazy\" title=\"&#171;General Ram\u00edrez: hay dos nuevos detenidos por incumplir la cuarentena&#187; &#8212; Isletas Noticias\" class=\"wp-embedded-content\" sandbox=\"allow-scripts\" security=\"restricted\" style=\"position: absolute; clip: rect(1px, 1px, 1px, 1px);\" src=\"https:\/\/www.isletasnoticias.com.ar\/general-ramirez-hay-dos-nuevos-detenidos-por-incumplir-la-cuarentena\/embed\/#?secret=3HddmebLIe\" data-secret=\"3HddmebLIe\" width=\"600\" height=\"338\" frameborder=\"0\" marginwidth=\"0\" marginheight=\"0\" scrolling=\"no\"><\/iframe><\/p>\n","protected":false},"excerpt":{"rendered":"<p>Es un ioven de 22 a\u00f1os que tras la detenci\u00f3n fue trasladado a la Jefatura Departamental Diamante. Dos de los detenidos son reincidentes. <\/p>\n","protected":false},"author":2,"featured_media":24888,"comment_status":"open","ping_status":"open","sticky":false,"template":"","format":"standard","meta":{"fifu_image_url":"","fifu_image_alt":"","footnotes":""},"categories":[14],"tags":[358,1479,556,94,75],"class_list":{"0":"post-41991","1":"post","2":"type-post","3":"status-publish","4":"format-standard","5":"has-post-thumbnail","7":"category-policiales","8":"tag-comisaria-ramirez","9":"tag-cuarentena","10":"tag-general-ramirez","11":"tag-policia","12":"tag-policial"},"yoast_head":"<title>General Ram\u00edrez: el detenido n\u00famero 9 rompi\u00f3 la cuarentena para visitar a sus amigos - Informe Litoral<\/title>\n<meta name=\"robots\" content=\"index, follow, max-snippet:-1, max-image-preview:large, max-video-preview:-1\" \/>\n<link rel=\"canonical\" href=\"https:\/\/informelitoral.com.ar\/general-ramirez-el-detenido-numero-9-rompio-la-cuarentena-para-visitar-a-sus-amigos\/\" \/>\n<meta property=\"og:locale\" content=\"es_ES\" \/>\n<meta property=\"og:type\" content=\"article\" \/>\n<meta property=\"og:title\" content=\"General Ram\u00edrez: el detenido n\u00famero 9 rompi\u00f3 la cuarentena para visitar a sus amigos - Informe Litoral\" \/>\n<meta property=\"og:description\" content=\"Es un ioven de 22 a\u00f1os que tras la detenci\u00f3n fue trasladado a la Jefatura Departamental Diamante. Dos de los detenidos son reincidentes.\" \/>\n<meta property=\"og:url\" content=\"https:\/\/informelitoral.com.ar\/general-ramirez-el-detenido-numero-9-rompio-la-cuarentena-para-visitar-a-sus-amigos\/\" \/>\n<meta property=\"og:site_name\" content=\"Informe Litoral\" \/>\n<meta property=\"article:publisher\" content=\"https:\/\/www.facebook.com\/informelitoral\/\" \/>\n<meta property=\"article:published_time\" content=\"2020-04-13T18:00:22+00:00\" \/>\n<meta property=\"article:modified_time\" content=\"2020-04-13T18:10:54+00:00\" \/>\n<meta property=\"og:image\" content=\"https:\/\/informelitoral.com.ar\/%77%70%2d%63%6f%6e%74%65%6e%74\/uploads\/2018\/02\/policia-patrullero-768x506.jpg\" \/>\n\t<meta property=\"og:image:width\" content=\"768\" \/>\n\t<meta property=\"og:image:height\" content=\"506\" \/>\n\t<meta property=\"og:image:type\" content=\"image\/jpeg\" \/>\n<meta name=\"author\" content=\"Gonzalo Schmidt\" \/>\n<meta name=\"twitter:card\" content=\"summary_large_image\" \/>\n<meta name=\"twitter:creator\" content=\"@InformeLitoral\" \/>\n<meta name=\"twitter:site\" content=\"@InformeLitoral\" \/>\n<meta name=\"twitter:label1\" content=\"Escrito por\" \/>\n\t<meta name=\"twitter:data1\" content=\"Gonzalo Schmidt\" \/>\n\t<meta name=\"twitter:label2\" content=\"Tiempo de lectura\" \/>\n\t<meta name=\"twitter:data2\" content=\"1 minuto\" \/>\n<script type=\"application\/ld+json\" class=\"yoast-schema-graph\">{\"@context\":\"https:\\\/\\\/schema.org\",\"@graph\":[{\"@type\":\"Article\",\"@id\":\"https:\\\/\\\/informelitoral.com.ar\\\/general-ramirez-el-detenido-numero-9-rompio-la-cuarentena-para-visitar-a-sus-amigos\\\/#article\",\"isPartOf\":{\"@id\":\"https:\\\/\\\/informelitoral.com.ar\\\/general-ramirez-el-detenido-numero-9-rompio-la-cuarentena-para-visitar-a-sus-amigos\\\/\"},\"author\":{\"name\":\"Gonzalo Schmidt\",\"@id\":\"https:\\\/\\\/informelitoral.com.ar\\\/#\\\/schema\\\/person\\\/b9d00407c836482871ef1d57bf8e3180\"},\"headline\":\"General Ram\u00edrez: el detenido n\u00famero 9 rompi\u00f3 la cuarentena para visitar a sus amigos\",\"datePublished\":\"2020-04-13T18:00:22+00:00\",\"dateModified\":\"2020-04-13T18:10:54+00:00\",\"mainEntityOfPage\":{\"@id\":\"https:\\\/\\\/informelitoral.com.ar\\\/general-ramirez-el-detenido-numero-9-rompio-la-cuarentena-para-visitar-a-sus-amigos\\\/\"},\"wordCount\":167,\"commentCount\":0,\"publisher\":{\"@id\":\"https:\\\/\\\/informelitoral.com.ar\\\/#organization\"},\"image\":{\"@id\":\"https:\\\/\\\/informelitoral.com.ar\\\/general-ramirez-el-detenido-numero-9-rompio-la-cuarentena-para-visitar-a-sus-amigos\\\/#primaryimage\"},\"thumbnailUrl\":\"https:\\\/\\\/informelitoral.com.ar\\\/%77%70%2d%63%6f%6e%74%65%6e%74\\\/uploads\\\/2018\\\/02\\\/policia-patrullero-768x506.jpg\",\"keywords\":[\"Comisar\u00eda Ram\u00edrez\",\"Cuarentena\",\"General Ram\u00edrez\",\"Polic\u00eda\",\"Policial\"],\"articleSection\":[\"Policiales\"],\"inLanguage\":\"es\",\"potentialAction\":[{\"@type\":\"CommentAction\",\"name\":\"Comment\",\"target\":[\"https:\\\/\\\/informelitoral.com.ar\\\/general-ramirez-el-detenido-numero-9-rompio-la-cuarentena-para-visitar-a-sus-amigos\\\/#respond\"]}]},{\"@type\":\"WebPage\",\"@id\":\"https:\\\/\\\/informelitoral.com.ar\\\/general-ramirez-el-detenido-numero-9-rompio-la-cuarentena-para-visitar-a-sus-amigos\\\/\",\"url\":\"https:\\\/\\\/informelitoral.com.ar\\\/general-ramirez-el-detenido-numero-9-rompio-la-cuarentena-para-visitar-a-sus-amigos\\\/\",\"name\":\"General Ram\u00edrez: el detenido n\u00famero 9 rompi\u00f3 la cuarentena para visitar a sus amigos - Informe Litoral\",\"isPartOf\":{\"@id\":\"https:\\\/\\\/informelitoral.com.ar\\\/#website\"},\"primaryImageOfPage\":{\"@id\":\"https:\\\/\\\/informelitoral.com.ar\\\/general-ramirez-el-detenido-numero-9-rompio-la-cuarentena-para-visitar-a-sus-amigos\\\/#primaryimage\"},\"image\":{\"@id\":\"https:\\\/\\\/informelitoral.com.ar\\\/general-ramirez-el-detenido-numero-9-rompio-la-cuarentena-para-visitar-a-sus-amigos\\\/#primaryimage\"},\"thumbnailUrl\":\"https:\\\/\\\/informelitoral.com.ar\\\/%77%70%2d%63%6f%6e%74%65%6e%74\\\/uploads\\\/2018\\\/02\\\/policia-patrullero-768x506.jpg\",\"datePublished\":\"2020-04-13T18:00:22+00:00\",\"dateModified\":\"2020-04-13T18:10:54+00:00\",\"breadcrumb\":{\"@id\":\"https:\\\/\\\/informelitoral.com.ar\\\/general-ramirez-el-detenido-numero-9-rompio-la-cuarentena-para-visitar-a-sus-amigos\\\/#breadcrumb\"},\"inLanguage\":\"es\",\"potentialAction\":[{\"@type\":\"ReadAction\",\"target\":[\"https:\\\/\\\/informelitoral.com.ar\\\/general-ramirez-el-detenido-numero-9-rompio-la-cuarentena-para-visitar-a-sus-amigos\\\/\"]}]},{\"@type\":\"ImageObject\",\"inLanguage\":\"es\",\"@id\":\"https:\\\/\\\/informelitoral.com.ar\\\/general-ramirez-el-detenido-numero-9-rompio-la-cuarentena-para-visitar-a-sus-amigos\\\/#primaryimage\",\"url\":\"https:\\\/\\\/informelitoral.com.ar\\\/%77%70%2d%63%6f%6e%74%65%6e%74\\\/uploads\\\/2018\\\/02\\\/policia-patrullero-768x506.jpg\",\"contentUrl\":\"https:\\\/\\\/informelitoral.com.ar\\\/%77%70%2d%63%6f%6e%74%65%6e%74\\\/uploads\\\/2018\\\/02\\\/policia-patrullero-768x506.jpg\",\"width\":768,\"height\":506},{\"@type\":\"BreadcrumbList\",\"@id\":\"https:\\\/\\\/informelitoral.com.ar\\\/general-ramirez-el-detenido-numero-9-rompio-la-cuarentena-para-visitar-a-sus-amigos\\\/#breadcrumb\",\"itemListElement\":[{\"@type\":\"ListItem\",\"position\":1,\"name\":\"Portada\",\"item\":\"https:\\\/\\\/informelitoral.com.ar\\\/\"},{\"@type\":\"ListItem\",\"position\":2,\"name\":\"General Ram\u00edrez: el detenido n\u00famero 9 rompi\u00f3 la cuarentena para visitar a sus amigos\"}]},{\"@type\":\"WebSite\",\"@id\":\"https:\\\/\\\/informelitoral.com.ar\\\/#website\",\"url\":\"https:\\\/\\\/informelitoral.com.ar\\\/\",\"name\":\"Informe Litoral\",\"description\":\"&quot;Nos informamos&quot; \",\"publisher\":{\"@id\":\"https:\\\/\\\/informelitoral.com.ar\\\/#organization\"},\"potentialAction\":[{\"@type\":\"SearchAction\",\"target\":{\"@type\":\"EntryPoint\",\"urlTemplate\":\"https:\\\/\\\/informelitoral.com.ar\\\/?s={search_term_string}\"},\"query-input\":{\"@type\":\"PropertyValueSpecification\",\"valueRequired\":true,\"valueName\":\"search_term_string\"}}],\"inLanguage\":\"es\"},{\"@type\":\"Organization\",\"@id\":\"https:\\\/\\\/informelitoral.com.ar\\\/#organization\",\"name\":\"Informe Litoral\",\"url\":\"https:\\\/\\\/informelitoral.com.ar\\\/\",\"logo\":{\"@type\":\"ImageObject\",\"inLanguage\":\"es\",\"@id\":\"https:\\\/\\\/informelitoral.com.ar\\\/#\\\/schema\\\/logo\\\/image\\\/\",\"url\":\"https:\\\/\\\/informelitoral.com.ar\\\/%77%70%2d%63%6f%6e%74%65%6e%74\\\/uploads\\\/2021\\\/01\\\/circulo.png\",\"contentUrl\":\"https:\\\/\\\/informelitoral.com.ar\\\/%77%70%2d%63%6f%6e%74%65%6e%74\\\/uploads\\\/2021\\\/01\\\/circulo.png\",\"width\":723,\"height\":731,\"caption\":\"Informe Litoral\"},\"image\":{\"@id\":\"https:\\\/\\\/informelitoral.com.ar\\\/#\\\/schema\\\/logo\\\/image\\\/\"},\"sameAs\":[\"https:\\\/\\\/www.facebook.com\\\/informelitoral\\\/\",\"https:\\\/\\\/x.com\\\/InformeLitoral\",\"https:\\\/\\\/www.instagram.com\\\/informelitoral\\\/\",\"https:\\\/\\\/www.youtube.com\\\/channel\\\/UCua4Qvz8Icb6MYqhoq9xLXw\"]},{\"@type\":\"Person\",\"@id\":\"https:\\\/\\\/informelitoral.com.ar\\\/#\\\/schema\\\/person\\\/b9d00407c836482871ef1d57bf8e3180\",\"name\":\"Gonzalo Schmidt\",\"image\":{\"@type\":\"ImageObject\",\"inLanguage\":\"es\",\"@id\":\"https:\\\/\\\/secure.gravatar.com\\\/avatar\\\/31a1a7b66ff2de83bd0e9fd79d026630d2d99e55e8bfe501287647b4fd9743de?s=96&d=mm&r=g\",\"url\":\"https:\\\/\\\/secure.gravatar.com\\\/avatar\\\/31a1a7b66ff2de83bd0e9fd79d026630d2d99e55e8bfe501287647b4fd9743de?s=96&d=mm&r=g\",\"contentUrl\":\"https:\\\/\\\/secure.gravatar.com\\\/avatar\\\/31a1a7b66ff2de83bd0e9fd79d026630d2d99e55e8bfe501287647b4fd9743de?s=96&d=mm&r=g\",\"caption\":\"Gonzalo Schmidt\"},\"description\":\"Sitio web de noticias de la provincia de Entre R\u00edos, Argentina. Informaci\u00f3n y entretenimiento. Informe Litoral, nos informamos.\",\"sameAs\":[\"http:\\\/\\\/www.isletasnoticias.com.ar\"],\"url\":\"https:\\\/\\\/informelitoral.com.ar\\\/author\\\/gonzalo\\\/\"}]}<\/script>","yoast_head_json":{"title":"General Ram\u00edrez: el detenido n\u00famero 9 rompi\u00f3 la cuarentena para visitar a sus amigos - Informe Litoral","robots":{"index":"index","follow":"follow","max-snippet":"max-snippet:-1","max-image-preview":"max-image-preview:large","max-video-preview":"max-video-preview:-1"},"canonical":"https:\/\/informelitoral.com.ar\/general-ramirez-el-detenido-numero-9-rompio-la-cuarentena-para-visitar-a-sus-amigos\/","og_locale":"es_ES","og_type":"article","og_title":"General Ram\u00edrez: el detenido n\u00famero 9 rompi\u00f3 la cuarentena para visitar a sus amigos - Informe Litoral","og_description":"Es un ioven de 22 a\u00f1os que tras la detenci\u00f3n fue trasladado a la Jefatura Departamental Diamante. Dos de los detenidos son reincidentes.","og_url":"https:\/\/informelitoral.com.ar\/general-ramirez-el-detenido-numero-9-rompio-la-cuarentena-para-visitar-a-sus-amigos\/","og_site_name":"Informe Litoral","article_publisher":"https:\/\/www.facebook.com\/informelitoral\/","article_published_time":"2020-04-13T18:00:22+00:00","article_modified_time":"2020-04-13T18:10:54+00:00","og_image":[{"width":768,"height":506,"url":"https:\/\/informelitoral.com.ar\/%77%70%2d%63%6f%6e%74%65%6e%74\/uploads\/2018\/02\/policia-patrullero-768x506.jpg","type":"image\/jpeg"}],"author":"Gonzalo Schmidt","twitter_card":"summary_large_image","twitter_creator":"@InformeLitoral","twitter_site":"@InformeLitoral","twitter_misc":{"Escrito por":"Gonzalo Schmidt","Tiempo de lectura":"1 minuto"},"schema":{"@context":"https:\/\/schema.org","@graph":[{"@type":"Article","@id":"https:\/\/informelitoral.com.ar\/general-ramirez-el-detenido-numero-9-rompio-la-cuarentena-para-visitar-a-sus-amigos\/#article","isPartOf":{"@id":"https:\/\/informelitoral.com.ar\/general-ramirez-el-detenido-numero-9-rompio-la-cuarentena-para-visitar-a-sus-amigos\/"},"author":{"name":"Gonzalo Schmidt","@id":"https:\/\/informelitoral.com.ar\/#\/schema\/person\/b9d00407c836482871ef1d57bf8e3180"},"headline":"General Ram\u00edrez: el detenido n\u00famero 9 rompi\u00f3 la cuarentena para visitar a sus amigos","datePublished":"2020-04-13T18:00:22+00:00","dateModified":"2020-04-13T18:10:54+00:00","mainEntityOfPage":{"@id":"https:\/\/informelitoral.com.ar\/general-ramirez-el-detenido-numero-9-rompio-la-cuarentena-para-visitar-a-sus-amigos\/"},"wordCount":167,"commentCount":0,"publisher":{"@id":"https:\/\/informelitoral.com.ar\/#organization"},"image":{"@id":"https:\/\/informelitoral.com.ar\/general-ramirez-el-detenido-numero-9-rompio-la-cuarentena-para-visitar-a-sus-amigos\/#primaryimage"},"thumbnailUrl":"https:\/\/informelitoral.com.ar\/%77%70%2d%63%6f%6e%74%65%6e%74\/uploads\/2018\/02\/policia-patrullero-768x506.jpg","keywords":["Comisar\u00eda Ram\u00edrez","Cuarentena","General Ram\u00edrez","Polic\u00eda","Policial"],"articleSection":["Policiales"],"inLanguage":"es","potentialAction":[{"@type":"CommentAction","name":"Comment","target":["https:\/\/informelitoral.com.ar\/general-ramirez-el-detenido-numero-9-rompio-la-cuarentena-para-visitar-a-sus-amigos\/#respond"]}]},{"@type":"WebPage","@id":"https:\/\/informelitoral.com.ar\/general-ramirez-el-detenido-numero-9-rompio-la-cuarentena-para-visitar-a-sus-amigos\/","url":"https:\/\/informelitoral.com.ar\/general-ramirez-el-detenido-numero-9-rompio-la-cuarentena-para-visitar-a-sus-amigos\/","name":"General Ram\u00edrez: el detenido n\u00famero 9 rompi\u00f3 la cuarentena para visitar a sus amigos - Informe Litoral","isPartOf":{"@id":"https:\/\/informelitoral.com.ar\/#website"},"primaryImageOfPage":{"@id":"https:\/\/informelitoral.com.ar\/general-ramirez-el-detenido-numero-9-rompio-la-cuarentena-para-visitar-a-sus-amigos\/#primaryimage"},"image":{"@id":"https:\/\/informelitoral.com.ar\/general-ramirez-el-detenido-numero-9-rompio-la-cuarentena-para-visitar-a-sus-amigos\/#primaryimage"},"thumbnailUrl":"https:\/\/informelitoral.com.ar\/%77%70%2d%63%6f%6e%74%65%6e%74\/uploads\/2018\/02\/policia-patrullero-768x506.jpg","datePublished":"2020-04-13T18:00:22+00:00","dateModified":"2020-04-13T18:10:54+00:00","breadcrumb":{"@id":"https:\/\/informelitoral.com.ar\/general-ramirez-el-detenido-numero-9-rompio-la-cuarentena-para-visitar-a-sus-amigos\/#breadcrumb"},"inLanguage":"es","potentialAction":[{"@type":"ReadAction","target":["https:\/\/informelitoral.com.ar\/general-ramirez-el-detenido-numero-9-rompio-la-cuarentena-para-visitar-a-sus-amigos\/"]}]},{"@type":"ImageObject","inLanguage":"es","@id":"https:\/\/informelitoral.com.ar\/general-ramirez-el-detenido-numero-9-rompio-la-cuarentena-para-visitar-a-sus-amigos\/#primaryimage","url":"https:\/\/informelitoral.com.ar\/%77%70%2d%63%6f%6e%74%65%6e%74\/uploads\/2018\/02\/policia-patrullero-768x506.jpg","contentUrl":"https:\/\/informelitoral.com.ar\/%77%70%2d%63%6f%6e%74%65%6e%74\/uploads\/2018\/02\/policia-patrullero-768x506.jpg","width":768,"height":506},{"@type":"BreadcrumbList","@id":"https:\/\/informelitoral.com.ar\/general-ramirez-el-detenido-numero-9-rompio-la-cuarentena-para-visitar-a-sus-amigos\/#breadcrumb","itemListElement":[{"@type":"ListItem","position":1,"name":"Portada","item":"https:\/\/informelitoral.com.ar\/"},{"@type":"ListItem","position":2,"name":"General Ram\u00edrez: el detenido n\u00famero 9 rompi\u00f3 la cuarentena para visitar a sus amigos"}]},{"@type":"WebSite","@id":"https:\/\/informelitoral.com.ar\/#website","url":"https:\/\/informelitoral.com.ar\/","name":"Informe Litoral","description":"&quot;Nos informamos&quot; ","publisher":{"@id":"https:\/\/informelitoral.com.ar\/#organization"},"potentialAction":[{"@type":"SearchAction","target":{"@type":"EntryPoint","urlTemplate":"https:\/\/informelitoral.com.ar\/?s={search_term_string}"},"query-input":{"@type":"PropertyValueSpecification","valueRequired":true,"valueName":"search_term_string"}}],"inLanguage":"es"},{"@type":"Organization","@id":"https:\/\/informelitoral.com.ar\/#organization","name":"Informe Litoral","url":"https:\/\/informelitoral.com.ar\/","logo":{"@type":"ImageObject","inLanguage":"es","@id":"https:\/\/informelitoral.com.ar\/#\/schema\/logo\/image\/","url":"https:\/\/informelitoral.com.ar\/%77%70%2d%63%6f%6e%74%65%6e%74\/uploads\/2021\/01\/circulo.png","contentUrl":"https:\/\/informelitoral.com.ar\/%77%70%2d%63%6f%6e%74%65%6e%74\/uploads\/2021\/01\/circulo.png","width":723,"height":731,"caption":"Informe Litoral"},"image":{"@id":"https:\/\/informelitoral.com.ar\/#\/schema\/logo\/image\/"},"sameAs":["https:\/\/www.facebook.com\/informelitoral\/","https:\/\/x.com\/InformeLitoral","https:\/\/www.instagram.com\/informelitoral\/","https:\/\/www.youtube.com\/channel\/UCua4Qvz8Icb6MYqhoq9xLXw"]},{"@type":"Person","@id":"https:\/\/informelitoral.com.ar\/#\/schema\/person\/b9d00407c836482871ef1d57bf8e3180","name":"Gonzalo Schmidt","image":{"@type":"ImageObject","inLanguage":"es","@id":"https:\/\/secure.gravatar.com\/avatar\/31a1a7b66ff2de83bd0e9fd79d026630d2d99e55e8bfe501287647b4fd9743de?s=96&d=mm&r=g","url":"https:\/\/secure.gravatar.com\/avatar\/31a1a7b66ff2de83bd0e9fd79d026630d2d99e55e8bfe501287647b4fd9743de?s=96&d=mm&r=g","contentUrl":"https:\/\/secure.gravatar.com\/avatar\/31a1a7b66ff2de83bd0e9fd79d026630d2d99e55e8bfe501287647b4fd9743de?s=96&d=mm&r=g","caption":"Gonzalo Schmidt"},"description":"Sitio web de noticias de la provincia de Entre R\u00edos, Argentina. Informaci\u00f3n y entretenimiento. Informe Litoral, nos informamos.","sameAs":["http:\/\/www.isletasnoticias.com.ar"],"url":"https:\/\/informelitoral.com.ar\/author\/gonzalo\/"}]}},"_links":{"self":[{"href":"https:\/\/informelitoral.com.ar\/%77%70%2d%6a%73%6f%6e\/wp\/v2\/posts\/41991","targetHints":{"allow":["GET"]}}],"collection":[{"href":"https:\/\/informelitoral.com.ar\/%77%70%2d%6a%73%6f%6e\/wp\/v2\/posts"}],"about":[{"href":"https:\/\/informelitoral.com.ar\/%77%70%2d%6a%73%6f%6e\/wp\/v2\/types\/post"}],"author":[{"embeddable":true,"href":"https:\/\/informelitoral.com.ar\/%77%70%2d%6a%73%6f%6e\/wp\/v2\/users\/2"}],"replies":[{"embeddable":true,"href":"https:\/\/informelitoral.com.ar\/%77%70%2d%6a%73%6f%6e\/wp\/v2\/comments?post=41991"}],"version-history":[{"count":0,"href":"https:\/\/informelitoral.com.ar\/%77%70%2d%6a%73%6f%6e\/wp\/v2\/posts\/41991\/revisions"}],"wp:featuredmedia":[{"embeddable":true,"href":"https:\/\/informelitoral.com.ar\/%77%70%2d%6a%73%6f%6e\/wp\/v2\/media\/24888"}],"wp:attachment":[{"href":"https:\/\/informelitoral.com.ar\/%77%70%2d%6a%73%6f%6e\/wp\/v2\/media?parent=41991"}],"wp:term":[{"taxonomy":"category","embeddable":true,"href":"https:\/\/informelitoral.com.ar\/%77%70%2d%6a%73%6f%6e\/wp\/v2\/categories?post=41991"},{"taxonomy":"post_tag","embeddable":true,"href":"https:\/\/informelitoral.com.ar\/%77%70%2d%6a%73%6f%6e\/wp\/v2\/tags?post=41991"}],"curies":[{"name":"wp","href":"https:\/\/api.w.org\/{rel}","templated":true}]}}