{"id":41973,"date":"2020-04-13T10:00:52","date_gmt":"2020-04-13T13:00:52","guid":{"rendered":"https:\/\/www.isletasnoticias.com.ar\/?p=41973"},"modified":"2020-04-13T10:36:23","modified_gmt":"2020-04-13T13:36:23","slug":"en-el-gobierno-no-saben-cuando-volveran-las-clases-presenciales","status":"publish","type":"post","link":"https:\/\/informelitoral.com.ar\/en-el-gobierno-no-saben-cuando-volveran-las-clases-presenciales\/","title":{"rendered":"En el Gobierno no saben cu\u00e1ndo volver\u00e1n las clases presenciales"},"content":{"rendered":"<p>El\u00a0<strong>Gobierno Naciona<\/strong>l arm\u00f3 un equipo de especialistas que tendr\u00e1 como misi\u00f3n estudiar todos los escenarios posibles para la vuelta a clases. Empezar\u00e1 a funcionar esta semana y ser\u00e1n quienes finalmente tomar\u00e1n la decisi\u00f3n de c\u00f3mo ser\u00e1 el retorno a las aulas el d\u00eda que los epidemi\u00f3logos as\u00ed lo consideren.<\/p>\n<p>Este mismo lunes, los expertos iniciar\u00e1n una ronda de consultas con todas las provincias, los sindicatos docentes y los referentes acad\u00e9micos. \u00abCualquier decisi\u00f3n que surja tiene que ser consensuada.\u00a0<strong>A\u00fan no sabemos si las clases presenciales van a volver en junio, julio o en agosto<\/strong>. Pero la decisi\u00f3n de c\u00f3mo continuar debe tener la mayor legitimidad\u00bb, dijo a<em>\u00a0Clar\u00edn\u00a0<\/em>el ministro de Educaci\u00f3n Nicol\u00e1s Trotta.<\/p>\n<p>\u00ab<strong>Si la cuarentena se extiende en mayo, se podr\u00edan adelantar las vacaciones de invierno y retomar en julio<\/strong>, con la tranquilidad de que lo peor del coronavirus ya pas\u00f3\u00bb, dijo al diario\u00a0<em>La Naci\u00f3n<\/em>\u00a0un ministro de Educaci\u00f3n provincial, que quiere llevar su propuesta al Consejo Federal de Educaci\u00f3n al ratificar que eval\u00faan que\u00a0<strong>las clases no se retomen hasta despu\u00e9s de las vacaciones de invierno<\/strong>.<\/p>\n<p>Cuando el aislamiento termine, se estima, lo que\u00a0<strong>se ver\u00e1 es un mayor nivel de desigualdad<\/strong>, con estudiantes que pudieron seguir, de alg\u00fan modo, los contenidos educativos y otros tantos que se quedaron sin aprender buena parte del material.<\/p>\n<p>Para el ministro Trotta, \u00abhabr\u00e1 que considerar que los contenidos que no se dieron en 2020 se aborden en 2021\u00bb, afirm\u00f3.<\/p>\n<p><span style=\"text-align: center;\">Y agreg\u00f3 que el principal inconveniente ser\u00e1 c\u00f3mo resolver la cuesti\u00f3n de <\/span><strong style=\"text-align: center;\">los que est\u00e1n terminando el secundario. Para ellos se analiza que el ciclo lectivo 2020 contin\u00fae en febrero, marzo y abril de 2021 y pedirles a las universidades que el a\u00f1o que viene arranquen el 1\u00b0 de mayo<\/strong><span style=\"text-align: center;\">\u00a0para los alumnos que est\u00e1n ingresando.<\/span><\/p>\n<p>Otra de las medidas que se analiza es que\u00a0<strong>los estudiantes secundarios entren a la escuela m\u00e1s tarde que los de la primaria<\/strong>. Esto es para evitar congestiones en el transporte p\u00fablico y la circulaci\u00f3n de las personas. Por otra parte, afirman que esto tambi\u00e9n podr\u00eda mejorar el rendimiento escolar de los secundarios, basado en estudios que muestran que los adolescentes tienen un reloj biol\u00f3gico m\u00e1s nocturno.<\/p>\n","protected":false},"excerpt":{"rendered":"<p>Por el COVID-19, a\u00fan no saben si el cursado presencial volver\u00e1 en junio, julio o agosto. Podr\u00edan adelantar las vacaciones de invierno.<\/p>\n","protected":false},"author":2,"featured_media":20722,"comment_status":"open","ping_status":"open","sticky":false,"template":"","format":"standard","meta":{"fifu_image_url":"","fifu_image_alt":"","footnotes":""},"categories":[7],"tags":[1481,98,881,233],"class_list":{"0":"post-41973","1":"post","2":"type-post","3":"status-publish","4":"format-standard","5":"has-post-thumbnail","7":"category-nacionales","8":"tag-covid-19","9":"tag-educacion","10":"tag-educacion-publica","11":"tag-gobierno-nacional"},"yoast_head":"<title>En el Gobierno no saben cu\u00e1ndo volver\u00e1n las clases presenciales - Informe Litoral<\/title>\n<meta name=\"robots\" content=\"index, follow, max-snippet:-1, max-image-preview:large, max-video-preview:-1\" \/>\n<link rel=\"canonical\" href=\"https:\/\/informelitoral.com.ar\/en-el-gobierno-no-saben-cuando-volveran-las-clases-presenciales\/\" \/>\n<meta property=\"og:locale\" content=\"es_ES\" \/>\n<meta property=\"og:type\" content=\"article\" \/>\n<meta property=\"og:title\" content=\"En el Gobierno no saben cu\u00e1ndo volver\u00e1n las clases presenciales - Informe Litoral\" \/>\n<meta property=\"og:description\" content=\"Por el COVID-19, a\u00fan no saben si el cursado presencial volver\u00e1 en junio, julio o agosto. Podr\u00edan adelantar las vacaciones de invierno.\" \/>\n<meta property=\"og:url\" content=\"https:\/\/informelitoral.com.ar\/en-el-gobierno-no-saben-cuando-volveran-las-clases-presenciales\/\" \/>\n<meta property=\"og:site_name\" content=\"Informe Litoral\" \/>\n<meta property=\"article:publisher\" content=\"https:\/\/www.facebook.com\/informelitoral\/\" \/>\n<meta property=\"article:published_time\" content=\"2020-04-13T13:00:52+00:00\" \/>\n<meta property=\"article:modified_time\" content=\"2020-04-13T13:36:23+00:00\" \/>\n<meta property=\"og:image\" content=\"https:\/\/informelitoral.com.ar\/%77%70%2d%63%6f%6e%74%65%6e%74\/uploads\/2017\/03\/aulasnota.jpg\" \/>\n\t<meta property=\"og:image:width\" content=\"1366\" \/>\n\t<meta property=\"og:image:height\" content=\"765\" \/>\n\t<meta property=\"og:image:type\" content=\"image\/jpeg\" \/>\n<meta name=\"author\" content=\"Gonzalo Schmidt\" \/>\n<meta name=\"twitter:card\" content=\"summary_large_image\" \/>\n<meta name=\"twitter:creator\" content=\"@InformeLitoral\" \/>\n<meta name=\"twitter:site\" content=\"@InformeLitoral\" \/>\n<meta name=\"twitter:label1\" content=\"Escrito por\" \/>\n\t<meta name=\"twitter:data1\" content=\"Gonzalo Schmidt\" \/>\n\t<meta name=\"twitter:label2\" content=\"Tiempo de lectura\" \/>\n\t<meta name=\"twitter:data2\" content=\"2 minutos\" \/>\n<script type=\"application\/ld+json\" class=\"yoast-schema-graph\">{\"@context\":\"https:\\\/\\\/schema.org\",\"@graph\":[{\"@type\":\"Article\",\"@id\":\"https:\\\/\\\/informelitoral.com.ar\\\/en-el-gobierno-no-saben-cuando-volveran-las-clases-presenciales\\\/#article\",\"isPartOf\":{\"@id\":\"https:\\\/\\\/informelitoral.com.ar\\\/en-el-gobierno-no-saben-cuando-volveran-las-clases-presenciales\\\/\"},\"author\":{\"name\":\"Gonzalo Schmidt\",\"@id\":\"https:\\\/\\\/informelitoral.com.ar\\\/#\\\/schema\\\/person\\\/b9d00407c836482871ef1d57bf8e3180\"},\"headline\":\"En el Gobierno no saben cu\u00e1ndo volver\u00e1n las clases presenciales\",\"datePublished\":\"2020-04-13T13:00:52+00:00\",\"dateModified\":\"2020-04-13T13:36:23+00:00\",\"mainEntityOfPage\":{\"@id\":\"https:\\\/\\\/informelitoral.com.ar\\\/en-el-gobierno-no-saben-cuando-volveran-las-clases-presenciales\\\/\"},\"wordCount\":407,\"commentCount\":0,\"publisher\":{\"@id\":\"https:\\\/\\\/informelitoral.com.ar\\\/#organization\"},\"image\":{\"@id\":\"https:\\\/\\\/informelitoral.com.ar\\\/en-el-gobierno-no-saben-cuando-volveran-las-clases-presenciales\\\/#primaryimage\"},\"thumbnailUrl\":\"https:\\\/\\\/informelitoral.com.ar\\\/%77%70%2d%63%6f%6e%74%65%6e%74\\\/uploads\\\/2017\\\/03\\\/aulasnota.jpg\",\"keywords\":[\"COVID-19\",\"Educaci\u00f3n\",\"Educaci\u00f3n p\u00fablica\",\"Gobierno nacional\"],\"articleSection\":[\"Nacionales\"],\"inLanguage\":\"es\",\"potentialAction\":[{\"@type\":\"CommentAction\",\"name\":\"Comment\",\"target\":[\"https:\\\/\\\/informelitoral.com.ar\\\/en-el-gobierno-no-saben-cuando-volveran-las-clases-presenciales\\\/#respond\"]}]},{\"@type\":\"WebPage\",\"@id\":\"https:\\\/\\\/informelitoral.com.ar\\\/en-el-gobierno-no-saben-cuando-volveran-las-clases-presenciales\\\/\",\"url\":\"https:\\\/\\\/informelitoral.com.ar\\\/en-el-gobierno-no-saben-cuando-volveran-las-clases-presenciales\\\/\",\"name\":\"En el Gobierno no saben cu\u00e1ndo volver\u00e1n las clases presenciales - Informe Litoral\",\"isPartOf\":{\"@id\":\"https:\\\/\\\/informelitoral.com.ar\\\/#website\"},\"primaryImageOfPage\":{\"@id\":\"https:\\\/\\\/informelitoral.com.ar\\\/en-el-gobierno-no-saben-cuando-volveran-las-clases-presenciales\\\/#primaryimage\"},\"image\":{\"@id\":\"https:\\\/\\\/informelitoral.com.ar\\\/en-el-gobierno-no-saben-cuando-volveran-las-clases-presenciales\\\/#primaryimage\"},\"thumbnailUrl\":\"https:\\\/\\\/informelitoral.com.ar\\\/%77%70%2d%63%6f%6e%74%65%6e%74\\\/uploads\\\/2017\\\/03\\\/aulasnota.jpg\",\"datePublished\":\"2020-04-13T13:00:52+00:00\",\"dateModified\":\"2020-04-13T13:36:23+00:00\",\"breadcrumb\":{\"@id\":\"https:\\\/\\\/informelitoral.com.ar\\\/en-el-gobierno-no-saben-cuando-volveran-las-clases-presenciales\\\/#breadcrumb\"},\"inLanguage\":\"es\",\"potentialAction\":[{\"@type\":\"ReadAction\",\"target\":[\"https:\\\/\\\/informelitoral.com.ar\\\/en-el-gobierno-no-saben-cuando-volveran-las-clases-presenciales\\\/\"]}]},{\"@type\":\"ImageObject\",\"inLanguage\":\"es\",\"@id\":\"https:\\\/\\\/informelitoral.com.ar\\\/en-el-gobierno-no-saben-cuando-volveran-las-clases-presenciales\\\/#primaryimage\",\"url\":\"https:\\\/\\\/informelitoral.com.ar\\\/%77%70%2d%63%6f%6e%74%65%6e%74\\\/uploads\\\/2017\\\/03\\\/aulasnota.jpg\",\"contentUrl\":\"https:\\\/\\\/informelitoral.com.ar\\\/%77%70%2d%63%6f%6e%74%65%6e%74\\\/uploads\\\/2017\\\/03\\\/aulasnota.jpg\",\"width\":1366,\"height\":765},{\"@type\":\"BreadcrumbList\",\"@id\":\"https:\\\/\\\/informelitoral.com.ar\\\/en-el-gobierno-no-saben-cuando-volveran-las-clases-presenciales\\\/#breadcrumb\",\"itemListElement\":[{\"@type\":\"ListItem\",\"position\":1,\"name\":\"Portada\",\"item\":\"https:\\\/\\\/informelitoral.com.ar\\\/\"},{\"@type\":\"ListItem\",\"position\":2,\"name\":\"En el Gobierno no saben cu\u00e1ndo volver\u00e1n las clases presenciales\"}]},{\"@type\":\"WebSite\",\"@id\":\"https:\\\/\\\/informelitoral.com.ar\\\/#website\",\"url\":\"https:\\\/\\\/informelitoral.com.ar\\\/\",\"name\":\"Informe Litoral\",\"description\":\"&quot;Nos informamos&quot; \",\"publisher\":{\"@id\":\"https:\\\/\\\/informelitoral.com.ar\\\/#organization\"},\"potentialAction\":[{\"@type\":\"SearchAction\",\"target\":{\"@type\":\"EntryPoint\",\"urlTemplate\":\"https:\\\/\\\/informelitoral.com.ar\\\/?s={search_term_string}\"},\"query-input\":{\"@type\":\"PropertyValueSpecification\",\"valueRequired\":true,\"valueName\":\"search_term_string\"}}],\"inLanguage\":\"es\"},{\"@type\":\"Organization\",\"@id\":\"https:\\\/\\\/informelitoral.com.ar\\\/#organization\",\"name\":\"Informe Litoral\",\"url\":\"https:\\\/\\\/informelitoral.com.ar\\\/\",\"logo\":{\"@type\":\"ImageObject\",\"inLanguage\":\"es\",\"@id\":\"https:\\\/\\\/informelitoral.com.ar\\\/#\\\/schema\\\/logo\\\/image\\\/\",\"url\":\"https:\\\/\\\/informelitoral.com.ar\\\/%77%70%2d%63%6f%6e%74%65%6e%74\\\/uploads\\\/2021\\\/01\\\/circulo.png\",\"contentUrl\":\"https:\\\/\\\/informelitoral.com.ar\\\/%77%70%2d%63%6f%6e%74%65%6e%74\\\/uploads\\\/2021\\\/01\\\/circulo.png\",\"width\":723,\"height\":731,\"caption\":\"Informe Litoral\"},\"image\":{\"@id\":\"https:\\\/\\\/informelitoral.com.ar\\\/#\\\/schema\\\/logo\\\/image\\\/\"},\"sameAs\":[\"https:\\\/\\\/www.facebook.com\\\/informelitoral\\\/\",\"https:\\\/\\\/x.com\\\/InformeLitoral\",\"https:\\\/\\\/www.instagram.com\\\/informelitoral\\\/\",\"https:\\\/\\\/www.youtube.com\\\/channel\\\/UCua4Qvz8Icb6MYqhoq9xLXw\"]},{\"@type\":\"Person\",\"@id\":\"https:\\\/\\\/informelitoral.com.ar\\\/#\\\/schema\\\/person\\\/b9d00407c836482871ef1d57bf8e3180\",\"name\":\"Gonzalo Schmidt\",\"image\":{\"@type\":\"ImageObject\",\"inLanguage\":\"es\",\"@id\":\"https:\\\/\\\/secure.gravatar.com\\\/avatar\\\/31a1a7b66ff2de83bd0e9fd79d026630d2d99e55e8bfe501287647b4fd9743de?s=96&d=mm&r=g\",\"url\":\"https:\\\/\\\/secure.gravatar.com\\\/avatar\\\/31a1a7b66ff2de83bd0e9fd79d026630d2d99e55e8bfe501287647b4fd9743de?s=96&d=mm&r=g\",\"contentUrl\":\"https:\\\/\\\/secure.gravatar.com\\\/avatar\\\/31a1a7b66ff2de83bd0e9fd79d026630d2d99e55e8bfe501287647b4fd9743de?s=96&d=mm&r=g\",\"caption\":\"Gonzalo Schmidt\"},\"description\":\"Sitio web de noticias de la provincia de Entre R\u00edos, Argentina. Informaci\u00f3n y entretenimiento. Informe Litoral, nos informamos.\",\"sameAs\":[\"http:\\\/\\\/www.isletasnoticias.com.ar\"],\"url\":\"https:\\\/\\\/informelitoral.com.ar\\\/author\\\/gonzalo\\\/\"}]}<\/script>","yoast_head_json":{"title":"En el Gobierno no saben cu\u00e1ndo volver\u00e1n las clases presenciales - Informe Litoral","robots":{"index":"index","follow":"follow","max-snippet":"max-snippet:-1","max-image-preview":"max-image-preview:large","max-video-preview":"max-video-preview:-1"},"canonical":"https:\/\/informelitoral.com.ar\/en-el-gobierno-no-saben-cuando-volveran-las-clases-presenciales\/","og_locale":"es_ES","og_type":"article","og_title":"En el Gobierno no saben cu\u00e1ndo volver\u00e1n las clases presenciales - Informe Litoral","og_description":"Por el COVID-19, a\u00fan no saben si el cursado presencial volver\u00e1 en junio, julio o agosto. Podr\u00edan adelantar las vacaciones de invierno.","og_url":"https:\/\/informelitoral.com.ar\/en-el-gobierno-no-saben-cuando-volveran-las-clases-presenciales\/","og_site_name":"Informe Litoral","article_publisher":"https:\/\/www.facebook.com\/informelitoral\/","article_published_time":"2020-04-13T13:00:52+00:00","article_modified_time":"2020-04-13T13:36:23+00:00","og_image":[{"width":1366,"height":765,"url":"https:\/\/informelitoral.com.ar\/%77%70%2d%63%6f%6e%74%65%6e%74\/uploads\/2017\/03\/aulasnota.jpg","type":"image\/jpeg"}],"author":"Gonzalo Schmidt","twitter_card":"summary_large_image","twitter_creator":"@InformeLitoral","twitter_site":"@InformeLitoral","twitter_misc":{"Escrito por":"Gonzalo Schmidt","Tiempo de lectura":"2 minutos"},"schema":{"@context":"https:\/\/schema.org","@graph":[{"@type":"Article","@id":"https:\/\/informelitoral.com.ar\/en-el-gobierno-no-saben-cuando-volveran-las-clases-presenciales\/#article","isPartOf":{"@id":"https:\/\/informelitoral.com.ar\/en-el-gobierno-no-saben-cuando-volveran-las-clases-presenciales\/"},"author":{"name":"Gonzalo Schmidt","@id":"https:\/\/informelitoral.com.ar\/#\/schema\/person\/b9d00407c836482871ef1d57bf8e3180"},"headline":"En el Gobierno no saben cu\u00e1ndo volver\u00e1n las clases presenciales","datePublished":"2020-04-13T13:00:52+00:00","dateModified":"2020-04-13T13:36:23+00:00","mainEntityOfPage":{"@id":"https:\/\/informelitoral.com.ar\/en-el-gobierno-no-saben-cuando-volveran-las-clases-presenciales\/"},"wordCount":407,"commentCount":0,"publisher":{"@id":"https:\/\/informelitoral.com.ar\/#organization"},"image":{"@id":"https:\/\/informelitoral.com.ar\/en-el-gobierno-no-saben-cuando-volveran-las-clases-presenciales\/#primaryimage"},"thumbnailUrl":"https:\/\/informelitoral.com.ar\/%77%70%2d%63%6f%6e%74%65%6e%74\/uploads\/2017\/03\/aulasnota.jpg","keywords":["COVID-19","Educaci\u00f3n","Educaci\u00f3n p\u00fablica","Gobierno nacional"],"articleSection":["Nacionales"],"inLanguage":"es","potentialAction":[{"@type":"CommentAction","name":"Comment","target":["https:\/\/informelitoral.com.ar\/en-el-gobierno-no-saben-cuando-volveran-las-clases-presenciales\/#respond"]}]},{"@type":"WebPage","@id":"https:\/\/informelitoral.com.ar\/en-el-gobierno-no-saben-cuando-volveran-las-clases-presenciales\/","url":"https:\/\/informelitoral.com.ar\/en-el-gobierno-no-saben-cuando-volveran-las-clases-presenciales\/","name":"En el Gobierno no saben cu\u00e1ndo volver\u00e1n las clases presenciales - Informe Litoral","isPartOf":{"@id":"https:\/\/informelitoral.com.ar\/#website"},"primaryImageOfPage":{"@id":"https:\/\/informelitoral.com.ar\/en-el-gobierno-no-saben-cuando-volveran-las-clases-presenciales\/#primaryimage"},"image":{"@id":"https:\/\/informelitoral.com.ar\/en-el-gobierno-no-saben-cuando-volveran-las-clases-presenciales\/#primaryimage"},"thumbnailUrl":"https:\/\/informelitoral.com.ar\/%77%70%2d%63%6f%6e%74%65%6e%74\/uploads\/2017\/03\/aulasnota.jpg","datePublished":"2020-04-13T13:00:52+00:00","dateModified":"2020-04-13T13:36:23+00:00","breadcrumb":{"@id":"https:\/\/informelitoral.com.ar\/en-el-gobierno-no-saben-cuando-volveran-las-clases-presenciales\/#breadcrumb"},"inLanguage":"es","potentialAction":[{"@type":"ReadAction","target":["https:\/\/informelitoral.com.ar\/en-el-gobierno-no-saben-cuando-volveran-las-clases-presenciales\/"]}]},{"@type":"ImageObject","inLanguage":"es","@id":"https:\/\/informelitoral.com.ar\/en-el-gobierno-no-saben-cuando-volveran-las-clases-presenciales\/#primaryimage","url":"https:\/\/informelitoral.com.ar\/%77%70%2d%63%6f%6e%74%65%6e%74\/uploads\/2017\/03\/aulasnota.jpg","contentUrl":"https:\/\/informelitoral.com.ar\/%77%70%2d%63%6f%6e%74%65%6e%74\/uploads\/2017\/03\/aulasnota.jpg","width":1366,"height":765},{"@type":"BreadcrumbList","@id":"https:\/\/informelitoral.com.ar\/en-el-gobierno-no-saben-cuando-volveran-las-clases-presenciales\/#breadcrumb","itemListElement":[{"@type":"ListItem","position":1,"name":"Portada","item":"https:\/\/informelitoral.com.ar\/"},{"@type":"ListItem","position":2,"name":"En el Gobierno no saben cu\u00e1ndo volver\u00e1n las clases presenciales"}]},{"@type":"WebSite","@id":"https:\/\/informelitoral.com.ar\/#website","url":"https:\/\/informelitoral.com.ar\/","name":"Informe Litoral","description":"&quot;Nos informamos&quot; ","publisher":{"@id":"https:\/\/informelitoral.com.ar\/#organization"},"potentialAction":[{"@type":"SearchAction","target":{"@type":"EntryPoint","urlTemplate":"https:\/\/informelitoral.com.ar\/?s={search_term_string}"},"query-input":{"@type":"PropertyValueSpecification","valueRequired":true,"valueName":"search_term_string"}}],"inLanguage":"es"},{"@type":"Organization","@id":"https:\/\/informelitoral.com.ar\/#organization","name":"Informe Litoral","url":"https:\/\/informelitoral.com.ar\/","logo":{"@type":"ImageObject","inLanguage":"es","@id":"https:\/\/informelitoral.com.ar\/#\/schema\/logo\/image\/","url":"https:\/\/informelitoral.com.ar\/%77%70%2d%63%6f%6e%74%65%6e%74\/uploads\/2021\/01\/circulo.png","contentUrl":"https:\/\/informelitoral.com.ar\/%77%70%2d%63%6f%6e%74%65%6e%74\/uploads\/2021\/01\/circulo.png","width":723,"height":731,"caption":"Informe Litoral"},"image":{"@id":"https:\/\/informelitoral.com.ar\/#\/schema\/logo\/image\/"},"sameAs":["https:\/\/www.facebook.com\/informelitoral\/","https:\/\/x.com\/InformeLitoral","https:\/\/www.instagram.com\/informelitoral\/","https:\/\/www.youtube.com\/channel\/UCua4Qvz8Icb6MYqhoq9xLXw"]},{"@type":"Person","@id":"https:\/\/informelitoral.com.ar\/#\/schema\/person\/b9d00407c836482871ef1d57bf8e3180","name":"Gonzalo Schmidt","image":{"@type":"ImageObject","inLanguage":"es","@id":"https:\/\/secure.gravatar.com\/avatar\/31a1a7b66ff2de83bd0e9fd79d026630d2d99e55e8bfe501287647b4fd9743de?s=96&d=mm&r=g","url":"https:\/\/secure.gravatar.com\/avatar\/31a1a7b66ff2de83bd0e9fd79d026630d2d99e55e8bfe501287647b4fd9743de?s=96&d=mm&r=g","contentUrl":"https:\/\/secure.gravatar.com\/avatar\/31a1a7b66ff2de83bd0e9fd79d026630d2d99e55e8bfe501287647b4fd9743de?s=96&d=mm&r=g","caption":"Gonzalo Schmidt"},"description":"Sitio web de noticias de la provincia de Entre R\u00edos, Argentina. Informaci\u00f3n y entretenimiento. Informe Litoral, nos informamos.","sameAs":["http:\/\/www.isletasnoticias.com.ar"],"url":"https:\/\/informelitoral.com.ar\/author\/gonzalo\/"}]}},"_links":{"self":[{"href":"https:\/\/informelitoral.com.ar\/%77%70%2d%6a%73%6f%6e\/wp\/v2\/posts\/41973","targetHints":{"allow":["GET"]}}],"collection":[{"href":"https:\/\/informelitoral.com.ar\/%77%70%2d%6a%73%6f%6e\/wp\/v2\/posts"}],"about":[{"href":"https:\/\/informelitoral.com.ar\/%77%70%2d%6a%73%6f%6e\/wp\/v2\/types\/post"}],"author":[{"embeddable":true,"href":"https:\/\/informelitoral.com.ar\/%77%70%2d%6a%73%6f%6e\/wp\/v2\/users\/2"}],"replies":[{"embeddable":true,"href":"https:\/\/informelitoral.com.ar\/%77%70%2d%6a%73%6f%6e\/wp\/v2\/comments?post=41973"}],"version-history":[{"count":0,"href":"https:\/\/informelitoral.com.ar\/%77%70%2d%6a%73%6f%6e\/wp\/v2\/posts\/41973\/revisions"}],"wp:featuredmedia":[{"embeddable":true,"href":"https:\/\/informelitoral.com.ar\/%77%70%2d%6a%73%6f%6e\/wp\/v2\/media\/20722"}],"wp:attachment":[{"href":"https:\/\/informelitoral.com.ar\/%77%70%2d%6a%73%6f%6e\/wp\/v2\/media?parent=41973"}],"wp:term":[{"taxonomy":"category","embeddable":true,"href":"https:\/\/informelitoral.com.ar\/%77%70%2d%6a%73%6f%6e\/wp\/v2\/categories?post=41973"},{"taxonomy":"post_tag","embeddable":true,"href":"https:\/\/informelitoral.com.ar\/%77%70%2d%6a%73%6f%6e\/wp\/v2\/tags?post=41973"}],"curies":[{"name":"wp","href":"https:\/\/api.w.org\/{rel}","templated":true}]}}