{"id":41560,"date":"2020-03-30T13:04:18","date_gmt":"2020-03-30T16:04:18","guid":{"rendered":"https:\/\/www.isletasnoticias.com.ar\/?p=41560"},"modified":"2020-03-30T13:06:07","modified_gmt":"2020-03-30T16:06:07","slug":"cooperativa-quebracho-volvera-a-abrir-sus-oficinas-pero-con-restricciones","status":"publish","type":"post","link":"https:\/\/informelitoral.com.ar\/cooperativa-quebracho-volvera-a-abrir-sus-oficinas-pero-con-restricciones\/","title":{"rendered":"Cooperativa Quebracho volver\u00e1 a abrir sus oficinas pero con restricciones"},"content":{"rendered":"<p>Luego del <a href=\"https:\/\/www.isletasnoticias.com.ar\/el-comunicado-de-cooperativa-quebracho-ante-la-cuarentena-obligatoria\/\">cierre total de sus oficinas<\/a> por el Aislamiento Social preventivo y Obligatorio por el <strong>COVID-19<\/strong>, desde la<strong> Cooperativa de Servicios P\u00fablicos Quebracho Limitada<\/strong> anunciaron que <strong>atender\u00e1n nuevamente al p\u00fablico desde este mi\u00e9rcoles 1\u00b0 de abril de 7.00 a 12.00,<\/strong> con restricciones en cuanto a la cantidad de personas que puedan ingresar.<\/p>\n<p>Adem\u00e1s, en un comunicado enviado a<em><strong> IN<\/strong><\/em>, difundieron nuevamente sus v\u00edas de contacto y remarcaron la importancia de cumplir con las medidas preventivas dispuestas por el Ejecutivo Nacional.<\/p>\n<p>Recordemos que la cooperativa<strong> presta el servicio el\u00e9ctrico<\/strong> en una amplia zona rural, comprendida por localidades como <strong>Isletas, Costa Grande, Distrito Doll, Las Cuevas, Molino Doll<\/strong> y <strong>Ejido Diamante<\/strong>.<\/p>\n<h3><strong>El comunicado de la Cooperativa Quebracho:<\/strong><\/h3>\n<p><a href=\"https:\/\/www.isletasnoticias.com.ar\/%77%70%2d%63%6f%6e%74%65%6e%74\/uploads\/2017\/08\/Cooperativa-Quebracho1-300x211.jpg\"><img loading=\"lazy\" decoding=\"async\" class=\"aligncenter wp-image-22726 \" src=\"https:\/\/www.isletasnoticias.com.ar\/%77%70%2d%63%6f%6e%74%65%6e%74\/uploads\/2017\/08\/Cooperativa-Quebracho1-300x211.jpg\" alt=\"\" width=\"580\" height=\"408\" \/><\/a><\/p>\n<p><em>\u00abDado los hechos de p\u00fablico conocimiento en relaci\u00f3n al COVID-19 (Coronavirus), y en adhesi\u00f3n al decreto Nacional N\u00ba 297\/2020 la Cooperativa de Servicios P\u00fablicos\u00a0Quebracho Limitada Informa:<\/em><\/p>\n<ul>\n<li><em>A partir del d\u00eda 01\/04\/2020 y mientras contin\u00fae la vigencia del periodo de \u201cAislamiento Social Preventivo\u201d, se atender\u00e1 al p\u00fablico en el horario de 7 a 12 horas, con restricciones en cuanto a la cantidad de personas que pueden acceder de manera simult\u00e1nea a las oficinas (respetar indicaciones). <\/em><\/li>\n<\/ul>\n<p><em>Para consultas comerciales o administrativas, se encuentran habilitados los siguientes medios digitales:<\/em><br \/>\n<em>&#8211; P\u00e1gina Web: www.cooperativaquebracho.com<\/em><br \/>\n<em>&#8211; Correo Electr\u00f3nico: info@cooperativaquebracho.com<\/em><br \/>\n<em>&#8211; Whatsapp: 0343-4475515 (Habilitado de 7 a 14 hs. en d\u00edas h\u00e1biles)<\/em><br \/>\n<em>&#8211; Tel\u00e9fonos: 0343-4920532 \/ 4920195 \/ 4981519<\/em><\/p>\n<p><em>Por reclamos ante falta de suministro, comunicarse a los siguientes<\/em><br \/>\n<em>n\u00fameros:<\/em><br \/>\n<em>&#8211; \u00c1rea Urbana Viale, Tabossi y Sosa: (0343) 156-114075<\/em><br \/>\n<em>&#8211; Zona Rural Viale: (0343) 154-462051 \/ 462052 \/ 156-204004<\/em><br \/>\n<em>&#8211; Zona Paso de la Laguna: (03455) 156-22054 \/ 154-13328<\/em><br \/>\n<em>&#8211; Zona Diamante: (0343) 156-114082 \/ 209537 \/ 114081<\/em><\/p>\n<p><em>Esta emergencia requiere el compromiso y la atenci\u00f3n de todos. Qu\u00e9dese en su casa en la medida de lo posible. Es una manera de protegerse usted, a sus seres queridos y a toda nuestra comunidad. Muchas Gracias y disculpe las molestias. \u00a1Ayudemos entre todos a frenarlo!\u00bb.<\/em><\/p>\n","protected":false},"excerpt":{"rendered":"<p>Ser\u00e1 desde este mi\u00e9rcoles 1\u00b0 de abril. Adem\u00e1s difundieron nuevamente las v\u00edas de contacto y remarcaron la importancia de quedarse en casa. El comunicado de la cooperativa de servicio el\u00e9ctrico. <\/p>\n","protected":false},"author":2,"featured_media":41561,"comment_status":"open","ping_status":"open","sticky":false,"template":"","format":"standard","meta":{"fifu_image_url":"","fifu_image_alt":"","footnotes":""},"categories":[5],"tags":[626,34,627],"class_list":{"0":"post-41560","1":"post","2":"type-post","3":"status-publish","4":"format-standard","5":"has-post-thumbnail","7":"category-zonales","8":"tag-cooperativa-quebracho","9":"tag-diamante","10":"tag-energia-electrica"},"yoast_head":"<title>Cooperativa Quebracho volver\u00e1 a abrir sus oficinas pero con restricciones - Informe Litoral<\/title>\n<meta name=\"robots\" content=\"index, follow, max-snippet:-1, max-image-preview:large, max-video-preview:-1\" \/>\n<link rel=\"canonical\" href=\"https:\/\/informelitoral.com.ar\/cooperativa-quebracho-volvera-a-abrir-sus-oficinas-pero-con-restricciones\/\" \/>\n<meta property=\"og:locale\" content=\"es_ES\" \/>\n<meta property=\"og:type\" content=\"article\" \/>\n<meta property=\"og:title\" content=\"Cooperativa Quebracho volver\u00e1 a abrir sus oficinas pero con restricciones - Informe Litoral\" \/>\n<meta property=\"og:description\" content=\"Ser\u00e1 desde este mi\u00e9rcoles 1\u00b0 de abril. Adem\u00e1s difundieron nuevamente las v\u00edas de contacto y remarcaron la importancia de quedarse en casa. El comunicado de la cooperativa de servicio el\u00e9ctrico.\" \/>\n<meta property=\"og:url\" content=\"https:\/\/informelitoral.com.ar\/cooperativa-quebracho-volvera-a-abrir-sus-oficinas-pero-con-restricciones\/\" \/>\n<meta property=\"og:site_name\" content=\"Informe Litoral\" \/>\n<meta property=\"article:publisher\" content=\"https:\/\/www.facebook.com\/informelitoral\/\" \/>\n<meta property=\"article:published_time\" content=\"2020-03-30T16:04:18+00:00\" \/>\n<meta property=\"article:modified_time\" content=\"2020-03-30T16:06:07+00:00\" \/>\n<meta property=\"og:image\" content=\"https:\/\/informelitoral.com.ar\/%77%70%2d%63%6f%6e%74%65%6e%74\/uploads\/2020\/03\/Como-se-genera-la-energia-electrica.jpg\" \/>\n\t<meta property=\"og:image:width\" content=\"706\" \/>\n\t<meta property=\"og:image:height\" content=\"468\" \/>\n\t<meta property=\"og:image:type\" content=\"image\/jpeg\" \/>\n<meta name=\"author\" content=\"Gonzalo Schmidt\" \/>\n<meta name=\"twitter:card\" content=\"summary_large_image\" \/>\n<meta name=\"twitter:creator\" content=\"@InformeLitoral\" \/>\n<meta name=\"twitter:site\" content=\"@InformeLitoral\" \/>\n<meta name=\"twitter:label1\" content=\"Escrito por\" \/>\n\t<meta name=\"twitter:data1\" content=\"Gonzalo Schmidt\" \/>\n\t<meta name=\"twitter:label2\" content=\"Tiempo de lectura\" \/>\n\t<meta name=\"twitter:data2\" content=\"2 minutos\" \/>\n<script type=\"application\/ld+json\" class=\"yoast-schema-graph\">{\"@context\":\"https:\\\/\\\/schema.org\",\"@graph\":[{\"@type\":\"Article\",\"@id\":\"https:\\\/\\\/informelitoral.com.ar\\\/cooperativa-quebracho-volvera-a-abrir-sus-oficinas-pero-con-restricciones\\\/#article\",\"isPartOf\":{\"@id\":\"https:\\\/\\\/informelitoral.com.ar\\\/cooperativa-quebracho-volvera-a-abrir-sus-oficinas-pero-con-restricciones\\\/\"},\"author\":{\"name\":\"Gonzalo Schmidt\",\"@id\":\"https:\\\/\\\/informelitoral.com.ar\\\/#\\\/schema\\\/person\\\/b9d00407c836482871ef1d57bf8e3180\"},\"headline\":\"Cooperativa Quebracho volver\u00e1 a abrir sus oficinas pero con restricciones\",\"datePublished\":\"2020-03-30T16:04:18+00:00\",\"dateModified\":\"2020-03-30T16:06:07+00:00\",\"mainEntityOfPage\":{\"@id\":\"https:\\\/\\\/informelitoral.com.ar\\\/cooperativa-quebracho-volvera-a-abrir-sus-oficinas-pero-con-restricciones\\\/\"},\"wordCount\":337,\"commentCount\":0,\"publisher\":{\"@id\":\"https:\\\/\\\/informelitoral.com.ar\\\/#organization\"},\"image\":{\"@id\":\"https:\\\/\\\/informelitoral.com.ar\\\/cooperativa-quebracho-volvera-a-abrir-sus-oficinas-pero-con-restricciones\\\/#primaryimage\"},\"thumbnailUrl\":\"https:\\\/\\\/informelitoral.com.ar\\\/%77%70%2d%63%6f%6e%74%65%6e%74\\\/uploads\\\/2020\\\/03\\\/Como-se-genera-la-energia-electrica.jpg\",\"keywords\":[\"Cooperativa Quebracho\",\"Diamante\",\"Energ\u00eda el\u00e9ctrica\"],\"articleSection\":[\"Departamento Diamante\"],\"inLanguage\":\"es\",\"potentialAction\":[{\"@type\":\"CommentAction\",\"name\":\"Comment\",\"target\":[\"https:\\\/\\\/informelitoral.com.ar\\\/cooperativa-quebracho-volvera-a-abrir-sus-oficinas-pero-con-restricciones\\\/#respond\"]}]},{\"@type\":\"WebPage\",\"@id\":\"https:\\\/\\\/informelitoral.com.ar\\\/cooperativa-quebracho-volvera-a-abrir-sus-oficinas-pero-con-restricciones\\\/\",\"url\":\"https:\\\/\\\/informelitoral.com.ar\\\/cooperativa-quebracho-volvera-a-abrir-sus-oficinas-pero-con-restricciones\\\/\",\"name\":\"Cooperativa Quebracho volver\u00e1 a abrir sus oficinas pero con restricciones - Informe Litoral\",\"isPartOf\":{\"@id\":\"https:\\\/\\\/informelitoral.com.ar\\\/#website\"},\"primaryImageOfPage\":{\"@id\":\"https:\\\/\\\/informelitoral.com.ar\\\/cooperativa-quebracho-volvera-a-abrir-sus-oficinas-pero-con-restricciones\\\/#primaryimage\"},\"image\":{\"@id\":\"https:\\\/\\\/informelitoral.com.ar\\\/cooperativa-quebracho-volvera-a-abrir-sus-oficinas-pero-con-restricciones\\\/#primaryimage\"},\"thumbnailUrl\":\"https:\\\/\\\/informelitoral.com.ar\\\/%77%70%2d%63%6f%6e%74%65%6e%74\\\/uploads\\\/2020\\\/03\\\/Como-se-genera-la-energia-electrica.jpg\",\"datePublished\":\"2020-03-30T16:04:18+00:00\",\"dateModified\":\"2020-03-30T16:06:07+00:00\",\"breadcrumb\":{\"@id\":\"https:\\\/\\\/informelitoral.com.ar\\\/cooperativa-quebracho-volvera-a-abrir-sus-oficinas-pero-con-restricciones\\\/#breadcrumb\"},\"inLanguage\":\"es\",\"potentialAction\":[{\"@type\":\"ReadAction\",\"target\":[\"https:\\\/\\\/informelitoral.com.ar\\\/cooperativa-quebracho-volvera-a-abrir-sus-oficinas-pero-con-restricciones\\\/\"]}]},{\"@type\":\"ImageObject\",\"inLanguage\":\"es\",\"@id\":\"https:\\\/\\\/informelitoral.com.ar\\\/cooperativa-quebracho-volvera-a-abrir-sus-oficinas-pero-con-restricciones\\\/#primaryimage\",\"url\":\"https:\\\/\\\/informelitoral.com.ar\\\/%77%70%2d%63%6f%6e%74%65%6e%74\\\/uploads\\\/2020\\\/03\\\/Como-se-genera-la-energia-electrica.jpg\",\"contentUrl\":\"https:\\\/\\\/informelitoral.com.ar\\\/%77%70%2d%63%6f%6e%74%65%6e%74\\\/uploads\\\/2020\\\/03\\\/Como-se-genera-la-energia-electrica.jpg\",\"width\":706,\"height\":468},{\"@type\":\"BreadcrumbList\",\"@id\":\"https:\\\/\\\/informelitoral.com.ar\\\/cooperativa-quebracho-volvera-a-abrir-sus-oficinas-pero-con-restricciones\\\/#breadcrumb\",\"itemListElement\":[{\"@type\":\"ListItem\",\"position\":1,\"name\":\"Portada\",\"item\":\"https:\\\/\\\/informelitoral.com.ar\\\/\"},{\"@type\":\"ListItem\",\"position\":2,\"name\":\"Cooperativa Quebracho volver\u00e1 a abrir sus oficinas pero con restricciones\"}]},{\"@type\":\"WebSite\",\"@id\":\"https:\\\/\\\/informelitoral.com.ar\\\/#website\",\"url\":\"https:\\\/\\\/informelitoral.com.ar\\\/\",\"name\":\"Informe Litoral\",\"description\":\"&quot;Nos informamos&quot; \",\"publisher\":{\"@id\":\"https:\\\/\\\/informelitoral.com.ar\\\/#organization\"},\"potentialAction\":[{\"@type\":\"SearchAction\",\"target\":{\"@type\":\"EntryPoint\",\"urlTemplate\":\"https:\\\/\\\/informelitoral.com.ar\\\/?s={search_term_string}\"},\"query-input\":{\"@type\":\"PropertyValueSpecification\",\"valueRequired\":true,\"valueName\":\"search_term_string\"}}],\"inLanguage\":\"es\"},{\"@type\":\"Organization\",\"@id\":\"https:\\\/\\\/informelitoral.com.ar\\\/#organization\",\"name\":\"Informe Litoral\",\"url\":\"https:\\\/\\\/informelitoral.com.ar\\\/\",\"logo\":{\"@type\":\"ImageObject\",\"inLanguage\":\"es\",\"@id\":\"https:\\\/\\\/informelitoral.com.ar\\\/#\\\/schema\\\/logo\\\/image\\\/\",\"url\":\"https:\\\/\\\/informelitoral.com.ar\\\/%77%70%2d%63%6f%6e%74%65%6e%74\\\/uploads\\\/2021\\\/01\\\/circulo.png\",\"contentUrl\":\"https:\\\/\\\/informelitoral.com.ar\\\/%77%70%2d%63%6f%6e%74%65%6e%74\\\/uploads\\\/2021\\\/01\\\/circulo.png\",\"width\":723,\"height\":731,\"caption\":\"Informe Litoral\"},\"image\":{\"@id\":\"https:\\\/\\\/informelitoral.com.ar\\\/#\\\/schema\\\/logo\\\/image\\\/\"},\"sameAs\":[\"https:\\\/\\\/www.facebook.com\\\/informelitoral\\\/\",\"https:\\\/\\\/x.com\\\/InformeLitoral\",\"https:\\\/\\\/www.instagram.com\\\/informelitoral\\\/\",\"https:\\\/\\\/www.youtube.com\\\/channel\\\/UCua4Qvz8Icb6MYqhoq9xLXw\"]},{\"@type\":\"Person\",\"@id\":\"https:\\\/\\\/informelitoral.com.ar\\\/#\\\/schema\\\/person\\\/b9d00407c836482871ef1d57bf8e3180\",\"name\":\"Gonzalo Schmidt\",\"image\":{\"@type\":\"ImageObject\",\"inLanguage\":\"es\",\"@id\":\"https:\\\/\\\/secure.gravatar.com\\\/avatar\\\/31a1a7b66ff2de83bd0e9fd79d026630d2d99e55e8bfe501287647b4fd9743de?s=96&d=mm&r=g\",\"url\":\"https:\\\/\\\/secure.gravatar.com\\\/avatar\\\/31a1a7b66ff2de83bd0e9fd79d026630d2d99e55e8bfe501287647b4fd9743de?s=96&d=mm&r=g\",\"contentUrl\":\"https:\\\/\\\/secure.gravatar.com\\\/avatar\\\/31a1a7b66ff2de83bd0e9fd79d026630d2d99e55e8bfe501287647b4fd9743de?s=96&d=mm&r=g\",\"caption\":\"Gonzalo Schmidt\"},\"description\":\"Sitio web de noticias de la provincia de Entre R\u00edos, Argentina. Informaci\u00f3n y entretenimiento. Informe Litoral, nos informamos.\",\"sameAs\":[\"http:\\\/\\\/www.isletasnoticias.com.ar\"],\"url\":\"https:\\\/\\\/informelitoral.com.ar\\\/author\\\/gonzalo\\\/\"}]}<\/script>","yoast_head_json":{"title":"Cooperativa Quebracho volver\u00e1 a abrir sus oficinas pero con restricciones - Informe Litoral","robots":{"index":"index","follow":"follow","max-snippet":"max-snippet:-1","max-image-preview":"max-image-preview:large","max-video-preview":"max-video-preview:-1"},"canonical":"https:\/\/informelitoral.com.ar\/cooperativa-quebracho-volvera-a-abrir-sus-oficinas-pero-con-restricciones\/","og_locale":"es_ES","og_type":"article","og_title":"Cooperativa Quebracho volver\u00e1 a abrir sus oficinas pero con restricciones - Informe Litoral","og_description":"Ser\u00e1 desde este mi\u00e9rcoles 1\u00b0 de abril. Adem\u00e1s difundieron nuevamente las v\u00edas de contacto y remarcaron la importancia de quedarse en casa. El comunicado de la cooperativa de servicio el\u00e9ctrico.","og_url":"https:\/\/informelitoral.com.ar\/cooperativa-quebracho-volvera-a-abrir-sus-oficinas-pero-con-restricciones\/","og_site_name":"Informe Litoral","article_publisher":"https:\/\/www.facebook.com\/informelitoral\/","article_published_time":"2020-03-30T16:04:18+00:00","article_modified_time":"2020-03-30T16:06:07+00:00","og_image":[{"width":706,"height":468,"url":"https:\/\/informelitoral.com.ar\/%77%70%2d%63%6f%6e%74%65%6e%74\/uploads\/2020\/03\/Como-se-genera-la-energia-electrica.jpg","type":"image\/jpeg"}],"author":"Gonzalo Schmidt","twitter_card":"summary_large_image","twitter_creator":"@InformeLitoral","twitter_site":"@InformeLitoral","twitter_misc":{"Escrito por":"Gonzalo Schmidt","Tiempo de lectura":"2 minutos"},"schema":{"@context":"https:\/\/schema.org","@graph":[{"@type":"Article","@id":"https:\/\/informelitoral.com.ar\/cooperativa-quebracho-volvera-a-abrir-sus-oficinas-pero-con-restricciones\/#article","isPartOf":{"@id":"https:\/\/informelitoral.com.ar\/cooperativa-quebracho-volvera-a-abrir-sus-oficinas-pero-con-restricciones\/"},"author":{"name":"Gonzalo Schmidt","@id":"https:\/\/informelitoral.com.ar\/#\/schema\/person\/b9d00407c836482871ef1d57bf8e3180"},"headline":"Cooperativa Quebracho volver\u00e1 a abrir sus oficinas pero con restricciones","datePublished":"2020-03-30T16:04:18+00:00","dateModified":"2020-03-30T16:06:07+00:00","mainEntityOfPage":{"@id":"https:\/\/informelitoral.com.ar\/cooperativa-quebracho-volvera-a-abrir-sus-oficinas-pero-con-restricciones\/"},"wordCount":337,"commentCount":0,"publisher":{"@id":"https:\/\/informelitoral.com.ar\/#organization"},"image":{"@id":"https:\/\/informelitoral.com.ar\/cooperativa-quebracho-volvera-a-abrir-sus-oficinas-pero-con-restricciones\/#primaryimage"},"thumbnailUrl":"https:\/\/informelitoral.com.ar\/%77%70%2d%63%6f%6e%74%65%6e%74\/uploads\/2020\/03\/Como-se-genera-la-energia-electrica.jpg","keywords":["Cooperativa Quebracho","Diamante","Energ\u00eda el\u00e9ctrica"],"articleSection":["Departamento Diamante"],"inLanguage":"es","potentialAction":[{"@type":"CommentAction","name":"Comment","target":["https:\/\/informelitoral.com.ar\/cooperativa-quebracho-volvera-a-abrir-sus-oficinas-pero-con-restricciones\/#respond"]}]},{"@type":"WebPage","@id":"https:\/\/informelitoral.com.ar\/cooperativa-quebracho-volvera-a-abrir-sus-oficinas-pero-con-restricciones\/","url":"https:\/\/informelitoral.com.ar\/cooperativa-quebracho-volvera-a-abrir-sus-oficinas-pero-con-restricciones\/","name":"Cooperativa Quebracho volver\u00e1 a abrir sus oficinas pero con restricciones - Informe Litoral","isPartOf":{"@id":"https:\/\/informelitoral.com.ar\/#website"},"primaryImageOfPage":{"@id":"https:\/\/informelitoral.com.ar\/cooperativa-quebracho-volvera-a-abrir-sus-oficinas-pero-con-restricciones\/#primaryimage"},"image":{"@id":"https:\/\/informelitoral.com.ar\/cooperativa-quebracho-volvera-a-abrir-sus-oficinas-pero-con-restricciones\/#primaryimage"},"thumbnailUrl":"https:\/\/informelitoral.com.ar\/%77%70%2d%63%6f%6e%74%65%6e%74\/uploads\/2020\/03\/Como-se-genera-la-energia-electrica.jpg","datePublished":"2020-03-30T16:04:18+00:00","dateModified":"2020-03-30T16:06:07+00:00","breadcrumb":{"@id":"https:\/\/informelitoral.com.ar\/cooperativa-quebracho-volvera-a-abrir-sus-oficinas-pero-con-restricciones\/#breadcrumb"},"inLanguage":"es","potentialAction":[{"@type":"ReadAction","target":["https:\/\/informelitoral.com.ar\/cooperativa-quebracho-volvera-a-abrir-sus-oficinas-pero-con-restricciones\/"]}]},{"@type":"ImageObject","inLanguage":"es","@id":"https:\/\/informelitoral.com.ar\/cooperativa-quebracho-volvera-a-abrir-sus-oficinas-pero-con-restricciones\/#primaryimage","url":"https:\/\/informelitoral.com.ar\/%77%70%2d%63%6f%6e%74%65%6e%74\/uploads\/2020\/03\/Como-se-genera-la-energia-electrica.jpg","contentUrl":"https:\/\/informelitoral.com.ar\/%77%70%2d%63%6f%6e%74%65%6e%74\/uploads\/2020\/03\/Como-se-genera-la-energia-electrica.jpg","width":706,"height":468},{"@type":"BreadcrumbList","@id":"https:\/\/informelitoral.com.ar\/cooperativa-quebracho-volvera-a-abrir-sus-oficinas-pero-con-restricciones\/#breadcrumb","itemListElement":[{"@type":"ListItem","position":1,"name":"Portada","item":"https:\/\/informelitoral.com.ar\/"},{"@type":"ListItem","position":2,"name":"Cooperativa Quebracho volver\u00e1 a abrir sus oficinas pero con restricciones"}]},{"@type":"WebSite","@id":"https:\/\/informelitoral.com.ar\/#website","url":"https:\/\/informelitoral.com.ar\/","name":"Informe Litoral","description":"&quot;Nos informamos&quot; ","publisher":{"@id":"https:\/\/informelitoral.com.ar\/#organization"},"potentialAction":[{"@type":"SearchAction","target":{"@type":"EntryPoint","urlTemplate":"https:\/\/informelitoral.com.ar\/?s={search_term_string}"},"query-input":{"@type":"PropertyValueSpecification","valueRequired":true,"valueName":"search_term_string"}}],"inLanguage":"es"},{"@type":"Organization","@id":"https:\/\/informelitoral.com.ar\/#organization","name":"Informe Litoral","url":"https:\/\/informelitoral.com.ar\/","logo":{"@type":"ImageObject","inLanguage":"es","@id":"https:\/\/informelitoral.com.ar\/#\/schema\/logo\/image\/","url":"https:\/\/informelitoral.com.ar\/%77%70%2d%63%6f%6e%74%65%6e%74\/uploads\/2021\/01\/circulo.png","contentUrl":"https:\/\/informelitoral.com.ar\/%77%70%2d%63%6f%6e%74%65%6e%74\/uploads\/2021\/01\/circulo.png","width":723,"height":731,"caption":"Informe Litoral"},"image":{"@id":"https:\/\/informelitoral.com.ar\/#\/schema\/logo\/image\/"},"sameAs":["https:\/\/www.facebook.com\/informelitoral\/","https:\/\/x.com\/InformeLitoral","https:\/\/www.instagram.com\/informelitoral\/","https:\/\/www.youtube.com\/channel\/UCua4Qvz8Icb6MYqhoq9xLXw"]},{"@type":"Person","@id":"https:\/\/informelitoral.com.ar\/#\/schema\/person\/b9d00407c836482871ef1d57bf8e3180","name":"Gonzalo Schmidt","image":{"@type":"ImageObject","inLanguage":"es","@id":"https:\/\/secure.gravatar.com\/avatar\/31a1a7b66ff2de83bd0e9fd79d026630d2d99e55e8bfe501287647b4fd9743de?s=96&d=mm&r=g","url":"https:\/\/secure.gravatar.com\/avatar\/31a1a7b66ff2de83bd0e9fd79d026630d2d99e55e8bfe501287647b4fd9743de?s=96&d=mm&r=g","contentUrl":"https:\/\/secure.gravatar.com\/avatar\/31a1a7b66ff2de83bd0e9fd79d026630d2d99e55e8bfe501287647b4fd9743de?s=96&d=mm&r=g","caption":"Gonzalo Schmidt"},"description":"Sitio web de noticias de la provincia de Entre R\u00edos, Argentina. Informaci\u00f3n y entretenimiento. Informe Litoral, nos informamos.","sameAs":["http:\/\/www.isletasnoticias.com.ar"],"url":"https:\/\/informelitoral.com.ar\/author\/gonzalo\/"}]}},"_links":{"self":[{"href":"https:\/\/informelitoral.com.ar\/%77%70%2d%6a%73%6f%6e\/wp\/v2\/posts\/41560","targetHints":{"allow":["GET"]}}],"collection":[{"href":"https:\/\/informelitoral.com.ar\/%77%70%2d%6a%73%6f%6e\/wp\/v2\/posts"}],"about":[{"href":"https:\/\/informelitoral.com.ar\/%77%70%2d%6a%73%6f%6e\/wp\/v2\/types\/post"}],"author":[{"embeddable":true,"href":"https:\/\/informelitoral.com.ar\/%77%70%2d%6a%73%6f%6e\/wp\/v2\/users\/2"}],"replies":[{"embeddable":true,"href":"https:\/\/informelitoral.com.ar\/%77%70%2d%6a%73%6f%6e\/wp\/v2\/comments?post=41560"}],"version-history":[{"count":0,"href":"https:\/\/informelitoral.com.ar\/%77%70%2d%6a%73%6f%6e\/wp\/v2\/posts\/41560\/revisions"}],"wp:featuredmedia":[{"embeddable":true,"href":"https:\/\/informelitoral.com.ar\/%77%70%2d%6a%73%6f%6e\/wp\/v2\/media\/41561"}],"wp:attachment":[{"href":"https:\/\/informelitoral.com.ar\/%77%70%2d%6a%73%6f%6e\/wp\/v2\/media?parent=41560"}],"wp:term":[{"taxonomy":"category","embeddable":true,"href":"https:\/\/informelitoral.com.ar\/%77%70%2d%6a%73%6f%6e\/wp\/v2\/categories?post=41560"},{"taxonomy":"post_tag","embeddable":true,"href":"https:\/\/informelitoral.com.ar\/%77%70%2d%6a%73%6f%6e\/wp\/v2\/tags?post=41560"}],"curies":[{"name":"wp","href":"https:\/\/api.w.org\/{rel}","templated":true}]}}