{"id":41419,"date":"2020-03-27T18:05:52","date_gmt":"2020-03-27T21:05:52","guid":{"rendered":"https:\/\/www.isletasnoticias.com.ar\/?p=41419"},"modified":"2020-03-27T18:34:31","modified_gmt":"2020-03-27T21:34:31","slug":"coronavirus-activaron-el-protocolo-entre-el-personal-del-sanatario-la-entrerriana-de-parana","status":"publish","type":"post","link":"https:\/\/informelitoral.com.ar\/coronavirus-activaron-el-protocolo-entre-el-personal-del-sanatario-la-entrerriana-de-parana\/","title":{"rendered":"Por un caso de COVID-19, activaron el protocolo entre el personal del Sanatario La Entrerriana de Paran\u00e1"},"content":{"rendered":"<p>El\u00a0<strong>Ministerio de Salud<\/strong>\u00a0<strong>de Entre R\u00edos\u00a0<\/strong>inform\u00f3 este jueves por la noche los positivos de coronavirus de cuatro pacientes de la provincia. Uno de ellos es de una mujer de 87 a\u00f1os radicada en Nogoy\u00e1 que se encuentra internada en centro privado La Entrerriana, quien habr\u00eda tenido estrecho contacto con gente que lleg\u00f3 de viaje del exterior.<\/p>\n<p>Seg\u00fan inform\u00f3 personal del sanatorio a\u00a0<em>Entremediosweb<\/em>, Ana Folmer ingres\u00f3 por la guardia con aparente insuficiencia urinaria y en ning\u00fan momento se advirti\u00f3 que hab\u00eda tenido contacto con personas que hab\u00edan viajado a Brasil. Por lo que\u00a0<strong>no se tomaron los recaudos necesarios para no propagar el virus.<\/strong><\/p>\n<p>Despu\u00e9s de convertirse en un caso sospechoso de COVID-19 se aislaron a unas 10 personas, entre personal de maestranza, administraci\u00f3n, enfermer\u00eda y m\u00e9dicos. Esta situaci\u00f3n gener\u00f3 desconcierto e indignaci\u00f3n por parte de los trabajadores.<\/p>\n<p>Asimismo, se <strong>consult\u00f3 a autoridades del Ministerio de Salud quienes no confirmaron ni negaron la informaci\u00f3n.<\/strong><\/p>\n<h4><strong>Comunicado de La Entrerriana<\/strong><\/h4>\n<p>Finalmente, pasado el mediod\u00eda La Entrerriana difundi\u00f3\u00a0<strong>un comunicado oficial\u00a0<\/strong>donde confirma los datos obtenidos por ese portal. En el mismo se se\u00f1ala que <strong>la mujer ingres\u00f3 al nosocomio el viernes 20 de marzo pasado<\/strong> y que \u00abactualmente la paciente permanece internada en el Sanatorio cumpliendo las medidas de aislamiento y protocolos del Ministerio de Salud\u00bb.<\/p>\n<figure class=\"wp-block-image size-large\"><img decoding=\"async\" class=\"wp-image-37836\" src=\"https:\/\/www.entremediosweb.com\/v2\/%77%70%2d%63%6f%6e%74%65%6e%74\/uploads\/2020\/03\/image-17-1024x755.png\" sizes=\"(max-width: 1024px) 100vw, 1024px\" srcset=\"https:\/\/www.entremediosweb.com\/v2\/%77%70%2d%63%6f%6e%74%65%6e%74\/uploads\/2020\/03\/image-17-1024x755.png 1024w, https:\/\/www.entremediosweb.com\/v2\/%77%70%2d%63%6f%6e%74%65%6e%74\/uploads\/2020\/03\/image-17-300x221.png 300w, https:\/\/www.entremediosweb.com\/v2\/%77%70%2d%63%6f%6e%74%65%6e%74\/uploads\/2020\/03\/image-17-768x566.png 768w, https:\/\/www.entremediosweb.com\/v2\/%77%70%2d%63%6f%6e%74%65%6e%74\/uploads\/2020\/03\/image-17.png 1026w\" alt=\"\" data-attachment-id=\"37836\" data-permalink=\"https:\/\/www.entremediosweb.com\/v2\/se-activo-el-protocolo-entre-el-personal-del-sanatario-la-entrerriana-de-parana\/image-17-4\/\" data-orig-file=\"https:\/\/www.entremediosweb.com\/v2\/%77%70%2d%63%6f%6e%74%65%6e%74\/uploads\/2020\/03\/image-17.png\" data-orig-size=\"1026,756\" data-comments-opened=\"0\" data-image-meta=\"{&quot;aperture&quot;:&quot;0&quot;,&quot;credit&quot;:&quot;&quot;,&quot;camera&quot;:&quot;&quot;,&quot;caption&quot;:&quot;&quot;,&quot;created_timestamp&quot;:&quot;0&quot;,&quot;copyright&quot;:&quot;&quot;,&quot;focal_length&quot;:&quot;0&quot;,&quot;iso&quot;:&quot;0&quot;,&quot;shutter_speed&quot;:&quot;0&quot;,&quot;title&quot;:&quot;&quot;,&quot;orientation&quot;:&quot;0&quot;}\" data-image-title=\"image-17\" data-image-description=\"\" data-medium-file=\"https:\/\/www.entremediosweb.com\/v2\/%77%70%2d%63%6f%6e%74%65%6e%74\/uploads\/2020\/03\/image-17-300x221.png\" data-large-file=\"https:\/\/www.entremediosweb.com\/v2\/%77%70%2d%63%6f%6e%74%65%6e%74\/uploads\/2020\/03\/image-17-1024x755.png\" \/><\/figure>\n<h4><strong>Comunicado de Folmer<\/strong><\/h4>\n<p>Por otra parte, la firma Folmer emiti\u00f3 una circular interna para dar a conocer la situaci\u00f3n de su socia enferma:<\/p>\n<p><em>Queremos informarles que lamentablemente a Ana Folmer, madre de Jos\u00e9 Luis Pereyra y Carlos Alberto Pereyra, le diagnosticaron Coronavirus. Ana Folmer, socia de la empresa, de 87 a\u00f1os, radicada en Nogoy\u00e1, no tiene contacto directo con el personal y se encuentra internada en el Sanatorio La Entrerriana desde la semana pasada. Jos\u00e9 Luis vive en Paran\u00e1. Y Carlos Alberto en Crespo.<br \/>\nNos hemos puesto en contacto con las autoridades para recibir y seguir TODAS las indicaciones de ellos y de los especialistas.<br \/>\nEl Dr Cerutti, \u00e1rea de Salud de la Municipalidad, cardi\u00f3logo, consult\u00f3 con Epidemiolog\u00eda de la Provincia. Conocen el caso y est\u00e1n investigando para rastrear el origen posible.<br \/>\nNos han dado las siguientes recomendaciones :<br \/>\nSeguir el aislamiento normal como toda la poblaci\u00f3n. Quienes tuvieron contacto directo con Carly y Jos\u00e9 Luis Pereyra: Mantener el aislamiento normal para cualquier persona, y adem\u00e1s :- Dormir solo, en habitaci\u00f3n separada- No compartir utensilios, mates, etc- Mantener distancia- Lavado de manos MUY frecuente- Estar atento ante aparici\u00f3n de s\u00edntomas\u00a0Todo esto contando 14 d\u00edas desde el \u00faltimo contacto directo<br \/>\nEn cuanto a lo laboral, la empresa Folmer seguir\u00e1 cumpliendo estrictamente el Aislamiento iniciado el d\u00eda 20.\u00a0Se suspende la guardia m\u00ednima de Repuestos para* maquinarias. \u00danica actividad que se segu\u00eda desarrollando.<br \/>\nMuchas gracias, Pablo Folmer<\/em><\/p>\n<p><em><code>Fuente:Entremediosweb.<\/code><\/em><\/p>\n","protected":false},"excerpt":{"rendered":"<p>En el lugar se encuentra internada una mujer con diagn\u00f3stico positivo de coronavirus, cuya familia viaj\u00f3 al exterior y no notific\u00f3 a las autoridades.<\/p>\n","protected":false},"author":2,"featured_media":41420,"comment_status":"open","ping_status":"open","sticky":false,"template":"","format":"standard","meta":{"fifu_image_url":"","fifu_image_alt":"","footnotes":""},"categories":[6],"tags":[1426,45],"class_list":{"0":"post-41419","1":"post","2":"type-post","3":"status-publish","4":"format-standard","5":"has-post-thumbnail","7":"category-entre-rios","8":"tag-coronavirus","9":"tag-parana"},"yoast_head":"<title>Por un caso de COVID-19, activaron el protocolo entre el personal del Sanatario La Entrerriana de Paran\u00e1 - Informe Litoral<\/title>\n<meta name=\"robots\" content=\"index, follow, max-snippet:-1, max-image-preview:large, max-video-preview:-1\" \/>\n<link rel=\"canonical\" href=\"https:\/\/informelitoral.com.ar\/coronavirus-activaron-el-protocolo-entre-el-personal-del-sanatario-la-entrerriana-de-parana\/\" \/>\n<meta property=\"og:locale\" content=\"es_ES\" \/>\n<meta property=\"og:type\" content=\"article\" \/>\n<meta property=\"og:title\" content=\"Por un caso de COVID-19, activaron el protocolo entre el personal del Sanatario La Entrerriana de Paran\u00e1 - Informe Litoral\" \/>\n<meta property=\"og:description\" content=\"En el lugar se encuentra internada una mujer con diagn\u00f3stico positivo de coronavirus, cuya familia viaj\u00f3 al exterior y no notific\u00f3 a las autoridades.\" \/>\n<meta property=\"og:url\" content=\"https:\/\/informelitoral.com.ar\/coronavirus-activaron-el-protocolo-entre-el-personal-del-sanatario-la-entrerriana-de-parana\/\" \/>\n<meta property=\"og:site_name\" content=\"Informe Litoral\" \/>\n<meta property=\"article:publisher\" content=\"https:\/\/www.facebook.com\/informelitoral\/\" \/>\n<meta property=\"article:published_time\" content=\"2020-03-27T21:05:52+00:00\" \/>\n<meta property=\"article:modified_time\" content=\"2020-03-27T21:34:31+00:00\" \/>\n<meta property=\"og:image\" content=\"https:\/\/informelitoral.com.ar\/%77%70%2d%63%6f%6e%74%65%6e%74\/uploads\/2020\/03\/Sanatorio-la-Entrerriana.jpeg\" \/>\n\t<meta property=\"og:image:width\" content=\"640\" \/>\n\t<meta property=\"og:image:height\" content=\"480\" \/>\n\t<meta property=\"og:image:type\" content=\"image\/jpeg\" \/>\n<meta name=\"author\" content=\"Gonzalo Schmidt\" \/>\n<meta name=\"twitter:card\" content=\"summary_large_image\" \/>\n<meta name=\"twitter:creator\" content=\"@InformeLitoral\" \/>\n<meta name=\"twitter:site\" content=\"@InformeLitoral\" \/>\n<meta name=\"twitter:label1\" content=\"Escrito por\" \/>\n\t<meta name=\"twitter:data1\" content=\"Gonzalo Schmidt\" \/>\n\t<meta name=\"twitter:label2\" content=\"Tiempo de lectura\" \/>\n\t<meta name=\"twitter:data2\" content=\"2 minutos\" \/>\n<script type=\"application\/ld+json\" class=\"yoast-schema-graph\">{\"@context\":\"https:\\\/\\\/schema.org\",\"@graph\":[{\"@type\":\"Article\",\"@id\":\"https:\\\/\\\/informelitoral.com.ar\\\/coronavirus-activaron-el-protocolo-entre-el-personal-del-sanatario-la-entrerriana-de-parana\\\/#article\",\"isPartOf\":{\"@id\":\"https:\\\/\\\/informelitoral.com.ar\\\/coronavirus-activaron-el-protocolo-entre-el-personal-del-sanatario-la-entrerriana-de-parana\\\/\"},\"author\":{\"name\":\"Gonzalo Schmidt\",\"@id\":\"https:\\\/\\\/informelitoral.com.ar\\\/#\\\/schema\\\/person\\\/b9d00407c836482871ef1d57bf8e3180\"},\"headline\":\"Por un caso de COVID-19, activaron el protocolo entre el personal del Sanatario La Entrerriana de Paran\u00e1\",\"datePublished\":\"2020-03-27T21:05:52+00:00\",\"dateModified\":\"2020-03-27T21:34:31+00:00\",\"mainEntityOfPage\":{\"@id\":\"https:\\\/\\\/informelitoral.com.ar\\\/coronavirus-activaron-el-protocolo-entre-el-personal-del-sanatario-la-entrerriana-de-parana\\\/\"},\"wordCount\":492,\"commentCount\":0,\"publisher\":{\"@id\":\"https:\\\/\\\/informelitoral.com.ar\\\/#organization\"},\"image\":{\"@id\":\"https:\\\/\\\/informelitoral.com.ar\\\/coronavirus-activaron-el-protocolo-entre-el-personal-del-sanatario-la-entrerriana-de-parana\\\/#primaryimage\"},\"thumbnailUrl\":\"https:\\\/\\\/informelitoral.com.ar\\\/%77%70%2d%63%6f%6e%74%65%6e%74\\\/uploads\\\/2020\\\/03\\\/Sanatorio-la-Entrerriana.jpeg\",\"keywords\":[\"Coronavirus\",\"Paran\u00e1\"],\"articleSection\":[\"Entre R\u00edos\"],\"inLanguage\":\"es\",\"potentialAction\":[{\"@type\":\"CommentAction\",\"name\":\"Comment\",\"target\":[\"https:\\\/\\\/informelitoral.com.ar\\\/coronavirus-activaron-el-protocolo-entre-el-personal-del-sanatario-la-entrerriana-de-parana\\\/#respond\"]}]},{\"@type\":\"WebPage\",\"@id\":\"https:\\\/\\\/informelitoral.com.ar\\\/coronavirus-activaron-el-protocolo-entre-el-personal-del-sanatario-la-entrerriana-de-parana\\\/\",\"url\":\"https:\\\/\\\/informelitoral.com.ar\\\/coronavirus-activaron-el-protocolo-entre-el-personal-del-sanatario-la-entrerriana-de-parana\\\/\",\"name\":\"Por un caso de COVID-19, activaron el protocolo entre el personal del Sanatario La Entrerriana de Paran\u00e1 - Informe Litoral\",\"isPartOf\":{\"@id\":\"https:\\\/\\\/informelitoral.com.ar\\\/#website\"},\"primaryImageOfPage\":{\"@id\":\"https:\\\/\\\/informelitoral.com.ar\\\/coronavirus-activaron-el-protocolo-entre-el-personal-del-sanatario-la-entrerriana-de-parana\\\/#primaryimage\"},\"image\":{\"@id\":\"https:\\\/\\\/informelitoral.com.ar\\\/coronavirus-activaron-el-protocolo-entre-el-personal-del-sanatario-la-entrerriana-de-parana\\\/#primaryimage\"},\"thumbnailUrl\":\"https:\\\/\\\/informelitoral.com.ar\\\/%77%70%2d%63%6f%6e%74%65%6e%74\\\/uploads\\\/2020\\\/03\\\/Sanatorio-la-Entrerriana.jpeg\",\"datePublished\":\"2020-03-27T21:05:52+00:00\",\"dateModified\":\"2020-03-27T21:34:31+00:00\",\"breadcrumb\":{\"@id\":\"https:\\\/\\\/informelitoral.com.ar\\\/coronavirus-activaron-el-protocolo-entre-el-personal-del-sanatario-la-entrerriana-de-parana\\\/#breadcrumb\"},\"inLanguage\":\"es\",\"potentialAction\":[{\"@type\":\"ReadAction\",\"target\":[\"https:\\\/\\\/informelitoral.com.ar\\\/coronavirus-activaron-el-protocolo-entre-el-personal-del-sanatario-la-entrerriana-de-parana\\\/\"]}]},{\"@type\":\"ImageObject\",\"inLanguage\":\"es\",\"@id\":\"https:\\\/\\\/informelitoral.com.ar\\\/coronavirus-activaron-el-protocolo-entre-el-personal-del-sanatario-la-entrerriana-de-parana\\\/#primaryimage\",\"url\":\"https:\\\/\\\/informelitoral.com.ar\\\/%77%70%2d%63%6f%6e%74%65%6e%74\\\/uploads\\\/2020\\\/03\\\/Sanatorio-la-Entrerriana.jpeg\",\"contentUrl\":\"https:\\\/\\\/informelitoral.com.ar\\\/%77%70%2d%63%6f%6e%74%65%6e%74\\\/uploads\\\/2020\\\/03\\\/Sanatorio-la-Entrerriana.jpeg\",\"width\":640,\"height\":480},{\"@type\":\"BreadcrumbList\",\"@id\":\"https:\\\/\\\/informelitoral.com.ar\\\/coronavirus-activaron-el-protocolo-entre-el-personal-del-sanatario-la-entrerriana-de-parana\\\/#breadcrumb\",\"itemListElement\":[{\"@type\":\"ListItem\",\"position\":1,\"name\":\"Portada\",\"item\":\"https:\\\/\\\/informelitoral.com.ar\\\/\"},{\"@type\":\"ListItem\",\"position\":2,\"name\":\"Por un caso de COVID-19, activaron el protocolo entre el personal del Sanatario La Entrerriana de Paran\u00e1\"}]},{\"@type\":\"WebSite\",\"@id\":\"https:\\\/\\\/informelitoral.com.ar\\\/#website\",\"url\":\"https:\\\/\\\/informelitoral.com.ar\\\/\",\"name\":\"Informe Litoral\",\"description\":\"&quot;Nos informamos&quot; \",\"publisher\":{\"@id\":\"https:\\\/\\\/informelitoral.com.ar\\\/#organization\"},\"potentialAction\":[{\"@type\":\"SearchAction\",\"target\":{\"@type\":\"EntryPoint\",\"urlTemplate\":\"https:\\\/\\\/informelitoral.com.ar\\\/?s={search_term_string}\"},\"query-input\":{\"@type\":\"PropertyValueSpecification\",\"valueRequired\":true,\"valueName\":\"search_term_string\"}}],\"inLanguage\":\"es\"},{\"@type\":\"Organization\",\"@id\":\"https:\\\/\\\/informelitoral.com.ar\\\/#organization\",\"name\":\"Informe Litoral\",\"url\":\"https:\\\/\\\/informelitoral.com.ar\\\/\",\"logo\":{\"@type\":\"ImageObject\",\"inLanguage\":\"es\",\"@id\":\"https:\\\/\\\/informelitoral.com.ar\\\/#\\\/schema\\\/logo\\\/image\\\/\",\"url\":\"https:\\\/\\\/informelitoral.com.ar\\\/%77%70%2d%63%6f%6e%74%65%6e%74\\\/uploads\\\/2021\\\/01\\\/circulo.png\",\"contentUrl\":\"https:\\\/\\\/informelitoral.com.ar\\\/%77%70%2d%63%6f%6e%74%65%6e%74\\\/uploads\\\/2021\\\/01\\\/circulo.png\",\"width\":723,\"height\":731,\"caption\":\"Informe Litoral\"},\"image\":{\"@id\":\"https:\\\/\\\/informelitoral.com.ar\\\/#\\\/schema\\\/logo\\\/image\\\/\"},\"sameAs\":[\"https:\\\/\\\/www.facebook.com\\\/informelitoral\\\/\",\"https:\\\/\\\/x.com\\\/InformeLitoral\",\"https:\\\/\\\/www.instagram.com\\\/informelitoral\\\/\",\"https:\\\/\\\/www.youtube.com\\\/channel\\\/UCua4Qvz8Icb6MYqhoq9xLXw\"]},{\"@type\":\"Person\",\"@id\":\"https:\\\/\\\/informelitoral.com.ar\\\/#\\\/schema\\\/person\\\/b9d00407c836482871ef1d57bf8e3180\",\"name\":\"Gonzalo Schmidt\",\"image\":{\"@type\":\"ImageObject\",\"inLanguage\":\"es\",\"@id\":\"https:\\\/\\\/secure.gravatar.com\\\/avatar\\\/31a1a7b66ff2de83bd0e9fd79d026630d2d99e55e8bfe501287647b4fd9743de?s=96&d=mm&r=g\",\"url\":\"https:\\\/\\\/secure.gravatar.com\\\/avatar\\\/31a1a7b66ff2de83bd0e9fd79d026630d2d99e55e8bfe501287647b4fd9743de?s=96&d=mm&r=g\",\"contentUrl\":\"https:\\\/\\\/secure.gravatar.com\\\/avatar\\\/31a1a7b66ff2de83bd0e9fd79d026630d2d99e55e8bfe501287647b4fd9743de?s=96&d=mm&r=g\",\"caption\":\"Gonzalo Schmidt\"},\"description\":\"Sitio web de noticias de la provincia de Entre R\u00edos, Argentina. Informaci\u00f3n y entretenimiento. Informe Litoral, nos informamos.\",\"sameAs\":[\"http:\\\/\\\/www.isletasnoticias.com.ar\"],\"url\":\"https:\\\/\\\/informelitoral.com.ar\\\/author\\\/gonzalo\\\/\"}]}<\/script>","yoast_head_json":{"title":"Por un caso de COVID-19, activaron el protocolo entre el personal del Sanatario La Entrerriana de Paran\u00e1 - Informe Litoral","robots":{"index":"index","follow":"follow","max-snippet":"max-snippet:-1","max-image-preview":"max-image-preview:large","max-video-preview":"max-video-preview:-1"},"canonical":"https:\/\/informelitoral.com.ar\/coronavirus-activaron-el-protocolo-entre-el-personal-del-sanatario-la-entrerriana-de-parana\/","og_locale":"es_ES","og_type":"article","og_title":"Por un caso de COVID-19, activaron el protocolo entre el personal del Sanatario La Entrerriana de Paran\u00e1 - Informe Litoral","og_description":"En el lugar se encuentra internada una mujer con diagn\u00f3stico positivo de coronavirus, cuya familia viaj\u00f3 al exterior y no notific\u00f3 a las autoridades.","og_url":"https:\/\/informelitoral.com.ar\/coronavirus-activaron-el-protocolo-entre-el-personal-del-sanatario-la-entrerriana-de-parana\/","og_site_name":"Informe Litoral","article_publisher":"https:\/\/www.facebook.com\/informelitoral\/","article_published_time":"2020-03-27T21:05:52+00:00","article_modified_time":"2020-03-27T21:34:31+00:00","og_image":[{"width":640,"height":480,"url":"https:\/\/informelitoral.com.ar\/%77%70%2d%63%6f%6e%74%65%6e%74\/uploads\/2020\/03\/Sanatorio-la-Entrerriana.jpeg","type":"image\/jpeg"}],"author":"Gonzalo Schmidt","twitter_card":"summary_large_image","twitter_creator":"@InformeLitoral","twitter_site":"@InformeLitoral","twitter_misc":{"Escrito por":"Gonzalo Schmidt","Tiempo de lectura":"2 minutos"},"schema":{"@context":"https:\/\/schema.org","@graph":[{"@type":"Article","@id":"https:\/\/informelitoral.com.ar\/coronavirus-activaron-el-protocolo-entre-el-personal-del-sanatario-la-entrerriana-de-parana\/#article","isPartOf":{"@id":"https:\/\/informelitoral.com.ar\/coronavirus-activaron-el-protocolo-entre-el-personal-del-sanatario-la-entrerriana-de-parana\/"},"author":{"name":"Gonzalo Schmidt","@id":"https:\/\/informelitoral.com.ar\/#\/schema\/person\/b9d00407c836482871ef1d57bf8e3180"},"headline":"Por un caso de COVID-19, activaron el protocolo entre el personal del Sanatario La Entrerriana de Paran\u00e1","datePublished":"2020-03-27T21:05:52+00:00","dateModified":"2020-03-27T21:34:31+00:00","mainEntityOfPage":{"@id":"https:\/\/informelitoral.com.ar\/coronavirus-activaron-el-protocolo-entre-el-personal-del-sanatario-la-entrerriana-de-parana\/"},"wordCount":492,"commentCount":0,"publisher":{"@id":"https:\/\/informelitoral.com.ar\/#organization"},"image":{"@id":"https:\/\/informelitoral.com.ar\/coronavirus-activaron-el-protocolo-entre-el-personal-del-sanatario-la-entrerriana-de-parana\/#primaryimage"},"thumbnailUrl":"https:\/\/informelitoral.com.ar\/%77%70%2d%63%6f%6e%74%65%6e%74\/uploads\/2020\/03\/Sanatorio-la-Entrerriana.jpeg","keywords":["Coronavirus","Paran\u00e1"],"articleSection":["Entre R\u00edos"],"inLanguage":"es","potentialAction":[{"@type":"CommentAction","name":"Comment","target":["https:\/\/informelitoral.com.ar\/coronavirus-activaron-el-protocolo-entre-el-personal-del-sanatario-la-entrerriana-de-parana\/#respond"]}]},{"@type":"WebPage","@id":"https:\/\/informelitoral.com.ar\/coronavirus-activaron-el-protocolo-entre-el-personal-del-sanatario-la-entrerriana-de-parana\/","url":"https:\/\/informelitoral.com.ar\/coronavirus-activaron-el-protocolo-entre-el-personal-del-sanatario-la-entrerriana-de-parana\/","name":"Por un caso de COVID-19, activaron el protocolo entre el personal del Sanatario La Entrerriana de Paran\u00e1 - Informe Litoral","isPartOf":{"@id":"https:\/\/informelitoral.com.ar\/#website"},"primaryImageOfPage":{"@id":"https:\/\/informelitoral.com.ar\/coronavirus-activaron-el-protocolo-entre-el-personal-del-sanatario-la-entrerriana-de-parana\/#primaryimage"},"image":{"@id":"https:\/\/informelitoral.com.ar\/coronavirus-activaron-el-protocolo-entre-el-personal-del-sanatario-la-entrerriana-de-parana\/#primaryimage"},"thumbnailUrl":"https:\/\/informelitoral.com.ar\/%77%70%2d%63%6f%6e%74%65%6e%74\/uploads\/2020\/03\/Sanatorio-la-Entrerriana.jpeg","datePublished":"2020-03-27T21:05:52+00:00","dateModified":"2020-03-27T21:34:31+00:00","breadcrumb":{"@id":"https:\/\/informelitoral.com.ar\/coronavirus-activaron-el-protocolo-entre-el-personal-del-sanatario-la-entrerriana-de-parana\/#breadcrumb"},"inLanguage":"es","potentialAction":[{"@type":"ReadAction","target":["https:\/\/informelitoral.com.ar\/coronavirus-activaron-el-protocolo-entre-el-personal-del-sanatario-la-entrerriana-de-parana\/"]}]},{"@type":"ImageObject","inLanguage":"es","@id":"https:\/\/informelitoral.com.ar\/coronavirus-activaron-el-protocolo-entre-el-personal-del-sanatario-la-entrerriana-de-parana\/#primaryimage","url":"https:\/\/informelitoral.com.ar\/%77%70%2d%63%6f%6e%74%65%6e%74\/uploads\/2020\/03\/Sanatorio-la-Entrerriana.jpeg","contentUrl":"https:\/\/informelitoral.com.ar\/%77%70%2d%63%6f%6e%74%65%6e%74\/uploads\/2020\/03\/Sanatorio-la-Entrerriana.jpeg","width":640,"height":480},{"@type":"BreadcrumbList","@id":"https:\/\/informelitoral.com.ar\/coronavirus-activaron-el-protocolo-entre-el-personal-del-sanatario-la-entrerriana-de-parana\/#breadcrumb","itemListElement":[{"@type":"ListItem","position":1,"name":"Portada","item":"https:\/\/informelitoral.com.ar\/"},{"@type":"ListItem","position":2,"name":"Por un caso de COVID-19, activaron el protocolo entre el personal del Sanatario La Entrerriana de Paran\u00e1"}]},{"@type":"WebSite","@id":"https:\/\/informelitoral.com.ar\/#website","url":"https:\/\/informelitoral.com.ar\/","name":"Informe Litoral","description":"&quot;Nos informamos&quot; ","publisher":{"@id":"https:\/\/informelitoral.com.ar\/#organization"},"potentialAction":[{"@type":"SearchAction","target":{"@type":"EntryPoint","urlTemplate":"https:\/\/informelitoral.com.ar\/?s={search_term_string}"},"query-input":{"@type":"PropertyValueSpecification","valueRequired":true,"valueName":"search_term_string"}}],"inLanguage":"es"},{"@type":"Organization","@id":"https:\/\/informelitoral.com.ar\/#organization","name":"Informe Litoral","url":"https:\/\/informelitoral.com.ar\/","logo":{"@type":"ImageObject","inLanguage":"es","@id":"https:\/\/informelitoral.com.ar\/#\/schema\/logo\/image\/","url":"https:\/\/informelitoral.com.ar\/%77%70%2d%63%6f%6e%74%65%6e%74\/uploads\/2021\/01\/circulo.png","contentUrl":"https:\/\/informelitoral.com.ar\/%77%70%2d%63%6f%6e%74%65%6e%74\/uploads\/2021\/01\/circulo.png","width":723,"height":731,"caption":"Informe Litoral"},"image":{"@id":"https:\/\/informelitoral.com.ar\/#\/schema\/logo\/image\/"},"sameAs":["https:\/\/www.facebook.com\/informelitoral\/","https:\/\/x.com\/InformeLitoral","https:\/\/www.instagram.com\/informelitoral\/","https:\/\/www.youtube.com\/channel\/UCua4Qvz8Icb6MYqhoq9xLXw"]},{"@type":"Person","@id":"https:\/\/informelitoral.com.ar\/#\/schema\/person\/b9d00407c836482871ef1d57bf8e3180","name":"Gonzalo Schmidt","image":{"@type":"ImageObject","inLanguage":"es","@id":"https:\/\/secure.gravatar.com\/avatar\/31a1a7b66ff2de83bd0e9fd79d026630d2d99e55e8bfe501287647b4fd9743de?s=96&d=mm&r=g","url":"https:\/\/secure.gravatar.com\/avatar\/31a1a7b66ff2de83bd0e9fd79d026630d2d99e55e8bfe501287647b4fd9743de?s=96&d=mm&r=g","contentUrl":"https:\/\/secure.gravatar.com\/avatar\/31a1a7b66ff2de83bd0e9fd79d026630d2d99e55e8bfe501287647b4fd9743de?s=96&d=mm&r=g","caption":"Gonzalo Schmidt"},"description":"Sitio web de noticias de la provincia de Entre R\u00edos, Argentina. Informaci\u00f3n y entretenimiento. Informe Litoral, nos informamos.","sameAs":["http:\/\/www.isletasnoticias.com.ar"],"url":"https:\/\/informelitoral.com.ar\/author\/gonzalo\/"}]}},"_links":{"self":[{"href":"https:\/\/informelitoral.com.ar\/%77%70%2d%6a%73%6f%6e\/wp\/v2\/posts\/41419","targetHints":{"allow":["GET"]}}],"collection":[{"href":"https:\/\/informelitoral.com.ar\/%77%70%2d%6a%73%6f%6e\/wp\/v2\/posts"}],"about":[{"href":"https:\/\/informelitoral.com.ar\/%77%70%2d%6a%73%6f%6e\/wp\/v2\/types\/post"}],"author":[{"embeddable":true,"href":"https:\/\/informelitoral.com.ar\/%77%70%2d%6a%73%6f%6e\/wp\/v2\/users\/2"}],"replies":[{"embeddable":true,"href":"https:\/\/informelitoral.com.ar\/%77%70%2d%6a%73%6f%6e\/wp\/v2\/comments?post=41419"}],"version-history":[{"count":0,"href":"https:\/\/informelitoral.com.ar\/%77%70%2d%6a%73%6f%6e\/wp\/v2\/posts\/41419\/revisions"}],"wp:featuredmedia":[{"embeddable":true,"href":"https:\/\/informelitoral.com.ar\/%77%70%2d%6a%73%6f%6e\/wp\/v2\/media\/41420"}],"wp:attachment":[{"href":"https:\/\/informelitoral.com.ar\/%77%70%2d%6a%73%6f%6e\/wp\/v2\/media?parent=41419"}],"wp:term":[{"taxonomy":"category","embeddable":true,"href":"https:\/\/informelitoral.com.ar\/%77%70%2d%6a%73%6f%6e\/wp\/v2\/categories?post=41419"},{"taxonomy":"post_tag","embeddable":true,"href":"https:\/\/informelitoral.com.ar\/%77%70%2d%6a%73%6f%6e\/wp\/v2\/tags?post=41419"}],"curies":[{"name":"wp","href":"https:\/\/api.w.org\/{rel}","templated":true}]}}