{"id":41416,"date":"2020-03-27T17:50:25","date_gmt":"2020-03-27T20:50:25","guid":{"rendered":"https:\/\/www.isletasnoticias.com.ar\/?p=41416"},"modified":"2020-03-27T17:50:25","modified_gmt":"2020-03-27T20:50:25","slug":"historico-rezo-del-papa-francisco-por-el-coronavirus-nadie-se-salva-solo","status":"publish","type":"post","link":"https:\/\/informelitoral.com.ar\/historico-rezo-del-papa-francisco-por-el-coronavirus-nadie-se-salva-solo\/","title":{"rendered":"Hist\u00f3rico rezo del Papa Francisco por el coronavirus: \u00abNadie se salva solo\u00bb"},"content":{"rendered":"<div class=\"detail-body\">\n<article id=\"note-body\" class=\"note-body first\" data-twitter-link=\"https:\/\/twitter.com\/intent\/tweet?url=https:\/\/www.minutouno.com\/c5091659&amp;v\u00eda=minutounocom&amp;related=MinutoUno&amp;text=\">\n<div class=\"row\">\n<div class=\"inside-note col-xs-12\">\n<p>El <strong>Papa Francisco<\/strong>\u00a0asegur\u00f3 este viernes que \u00ab<strong>nadie se salva solo<\/strong>\u00bb de la crisis mundial generada por la difusi\u00f3n del\u00a0coronavirus, durante un hist\u00f3rico rezo que encabez\u00f3 en soledad en la Plaza San Pedro para pedir el fin de una pandemia con la que, afirm\u00f3, \u00ab<span id=\"saysCMSEmphasisnh0fkz63drn\" class=\"saysCMSEmphasis\">nos dimos cuenta de que est\u00e1bamos en la misma barca, todos fr\u00e1giles y desorientados<\/span>\u00ab.<\/p>\n<div class=\"youtube-embed\" data-video_id=\"TvcH8qeHFuM\"><iframe loading=\"lazy\" title=\"EN VIVO desde el Vaticano - Papa Francisco ofrece Bendici\u00f3n  Eucar\u00edstica  URBI ET ORBI\" width=\"696\" height=\"392\" src=\"https:\/\/www.youtube.com\/embed\/TvcH8qeHFuM?feature=oembed&#038;enablejsapi=1\" frameborder=\"0\" allow=\"accelerometer; autoplay; encrypted-media; gyroscope; picture-in-picture\" allowfullscreen><\/iframe><\/div>\n<p>\u00ab<span id=\"saysCMSEmphasis6b8mpiwebye\" class=\"saysCMSEmphasis\">Desde hace algunas semanas parece que todo se ha oscurecido<\/span>\u00ab, inici\u00f3 el pont\u00edfice su mensaje desde el atrio central de la Bas\u00edlica de San Pedro, de frente a una plaza usualmente colmada por decenas de miles de fieles y hoy vac\u00eda por las medidas de seguridad adoptadas por el Vaticano durante la pandemia.<\/p>\n<\/div>\n<\/div>\n<\/article>\n<\/div>\n<div class=\"detail-body \">\n<article id=\"note-body\" class=\"note-body\" data-twitter-link=\"https:\/\/twitter.com\/intent\/tweet?url=https:\/\/www.minutouno.com\/c5091659&amp;v\u00eda=minutounocom&amp;related=MinutoUno&amp;text=\">\n<div class=\"row\">\n<div class=\"inside-note col-xs-12\">\n<p>\u00ab<span id=\"saysCMSEmphasissp8r0dlqzf\" class=\"saysCMSEmphasis\">Codiciosos de ganancias, nos hemos dejado absorber por lo material y trastornar por la prisa<\/span>\u00ab, critic\u00f3 Francisco, seguido por m\u00e1s de un mill\u00f3n de personas por streaming.<\/p>\n<p>Durante el in\u00e9dito rezo, en una Roma lluviosa, el Papa estuvo flanqueado por los dos s\u00edmbolos frente a los que hab\u00eda rezado el domingo 15 de marzo en su \u00fanica salida del Vaticano desde la difusi\u00f3n de la pandemia.<\/p>\n<p>Uno es el crucifijo milagroso expuesto en la iglesia de San Marcelo en Via del Corso, que seg\u00fan la tradici\u00f3n cat\u00f3lica salv\u00f3 a la capital italiana de la peste de 1522. El otro s\u00edmbolo es la Virgen Salus Populi Romani, emplazada usualmente en la Bas\u00edlica romana de Santa Mar\u00eda la Mayor, a la que el Papa encomienda y luego agradece cada uno de sus viajes fuera de Italia.<\/p>\n<\/div>\n<\/div>\n<\/article>\n<\/div>\n","protected":false},"excerpt":{"rendered":"<p>El sumo pont\u00edfice rez\u00f3 en soledad en la Plaza San Pedro por primera vez en la historia de la Iglesia Cat\u00f3lica y pidi\u00f3 \u00abpermanecer juntos\u00bb.<\/p>\n","protected":false},"author":2,"featured_media":41417,"comment_status":"open","ping_status":"open","sticky":false,"template":"","format":"standard","meta":{"fifu_image_url":"","fifu_image_alt":"","footnotes":""},"categories":[8],"tags":[1426,960],"class_list":{"0":"post-41416","1":"post","2":"type-post","3":"status-publish","4":"format-standard","5":"has-post-thumbnail","7":"category-internacionales","8":"tag-coronavirus","9":"tag-papa-francisco"},"yoast_head":"<title>Hist\u00f3rico rezo del Papa Francisco por el coronavirus: &quot;Nadie se salva solo&quot; - Informe Litoral<\/title>\n<meta name=\"robots\" content=\"index, follow, max-snippet:-1, max-image-preview:large, max-video-preview:-1\" \/>\n<link rel=\"canonical\" href=\"https:\/\/informelitoral.com.ar\/historico-rezo-del-papa-francisco-por-el-coronavirus-nadie-se-salva-solo\/\" \/>\n<meta property=\"og:locale\" content=\"es_ES\" \/>\n<meta property=\"og:type\" content=\"article\" \/>\n<meta property=\"og:title\" content=\"Hist\u00f3rico rezo del Papa Francisco por el coronavirus: &quot;Nadie se salva solo&quot; - Informe Litoral\" \/>\n<meta property=\"og:description\" content=\"El sumo pont\u00edfice rez\u00f3 en soledad en la Plaza San Pedro por primera vez en la historia de la Iglesia Cat\u00f3lica y pidi\u00f3 &quot;permanecer juntos&quot;.\" \/>\n<meta property=\"og:url\" content=\"https:\/\/informelitoral.com.ar\/historico-rezo-del-papa-francisco-por-el-coronavirus-nadie-se-salva-solo\/\" \/>\n<meta property=\"og:site_name\" content=\"Informe Litoral\" \/>\n<meta property=\"article:publisher\" content=\"https:\/\/www.facebook.com\/informelitoral\/\" \/>\n<meta property=\"article:published_time\" content=\"2020-03-27T20:50:25+00:00\" \/>\n<meta property=\"og:image\" content=\"https:\/\/informelitoral.com.ar\/%77%70%2d%63%6f%6e%74%65%6e%74\/uploads\/2020\/03\/papa-francisco-plaza-san-pedro.jpg\" \/>\n\t<meta property=\"og:image:width\" content=\"1140\" \/>\n\t<meta property=\"og:image:height\" content=\"640\" \/>\n\t<meta property=\"og:image:type\" content=\"image\/jpeg\" \/>\n<meta name=\"author\" content=\"Gonzalo Schmidt\" \/>\n<meta name=\"twitter:card\" content=\"summary_large_image\" \/>\n<meta name=\"twitter:creator\" content=\"@InformeLitoral\" \/>\n<meta name=\"twitter:site\" content=\"@InformeLitoral\" \/>\n<meta name=\"twitter:label1\" content=\"Escrito por\" \/>\n\t<meta name=\"twitter:data1\" content=\"Gonzalo Schmidt\" \/>\n\t<meta name=\"twitter:label2\" content=\"Tiempo de lectura\" \/>\n\t<meta name=\"twitter:data2\" content=\"1 minuto\" \/>\n<script type=\"application\/ld+json\" class=\"yoast-schema-graph\">{\"@context\":\"https:\\\/\\\/schema.org\",\"@graph\":[{\"@type\":\"Article\",\"@id\":\"https:\\\/\\\/informelitoral.com.ar\\\/historico-rezo-del-papa-francisco-por-el-coronavirus-nadie-se-salva-solo\\\/#article\",\"isPartOf\":{\"@id\":\"https:\\\/\\\/informelitoral.com.ar\\\/historico-rezo-del-papa-francisco-por-el-coronavirus-nadie-se-salva-solo\\\/\"},\"author\":{\"name\":\"Gonzalo Schmidt\",\"@id\":\"https:\\\/\\\/informelitoral.com.ar\\\/#\\\/schema\\\/person\\\/b9d00407c836482871ef1d57bf8e3180\"},\"headline\":\"Hist\u00f3rico rezo del Papa Francisco por el coronavirus: \u00abNadie se salva solo\u00bb\",\"datePublished\":\"2020-03-27T20:50:25+00:00\",\"mainEntityOfPage\":{\"@id\":\"https:\\\/\\\/informelitoral.com.ar\\\/historico-rezo-del-papa-francisco-por-el-coronavirus-nadie-se-salva-solo\\\/\"},\"wordCount\":288,\"commentCount\":0,\"publisher\":{\"@id\":\"https:\\\/\\\/informelitoral.com.ar\\\/#organization\"},\"image\":{\"@id\":\"https:\\\/\\\/informelitoral.com.ar\\\/historico-rezo-del-papa-francisco-por-el-coronavirus-nadie-se-salva-solo\\\/#primaryimage\"},\"thumbnailUrl\":\"https:\\\/\\\/informelitoral.com.ar\\\/%77%70%2d%63%6f%6e%74%65%6e%74\\\/uploads\\\/2020\\\/03\\\/papa-francisco-plaza-san-pedro.jpg\",\"keywords\":[\"Coronavirus\",\"Papa Francisco\"],\"articleSection\":[\"Internacionales\"],\"inLanguage\":\"es\",\"potentialAction\":[{\"@type\":\"CommentAction\",\"name\":\"Comment\",\"target\":[\"https:\\\/\\\/informelitoral.com.ar\\\/historico-rezo-del-papa-francisco-por-el-coronavirus-nadie-se-salva-solo\\\/#respond\"]}]},{\"@type\":\"WebPage\",\"@id\":\"https:\\\/\\\/informelitoral.com.ar\\\/historico-rezo-del-papa-francisco-por-el-coronavirus-nadie-se-salva-solo\\\/\",\"url\":\"https:\\\/\\\/informelitoral.com.ar\\\/historico-rezo-del-papa-francisco-por-el-coronavirus-nadie-se-salva-solo\\\/\",\"name\":\"Hist\u00f3rico rezo del Papa Francisco por el coronavirus: \\\"Nadie se salva solo\\\" - Informe Litoral\",\"isPartOf\":{\"@id\":\"https:\\\/\\\/informelitoral.com.ar\\\/#website\"},\"primaryImageOfPage\":{\"@id\":\"https:\\\/\\\/informelitoral.com.ar\\\/historico-rezo-del-papa-francisco-por-el-coronavirus-nadie-se-salva-solo\\\/#primaryimage\"},\"image\":{\"@id\":\"https:\\\/\\\/informelitoral.com.ar\\\/historico-rezo-del-papa-francisco-por-el-coronavirus-nadie-se-salva-solo\\\/#primaryimage\"},\"thumbnailUrl\":\"https:\\\/\\\/informelitoral.com.ar\\\/%77%70%2d%63%6f%6e%74%65%6e%74\\\/uploads\\\/2020\\\/03\\\/papa-francisco-plaza-san-pedro.jpg\",\"datePublished\":\"2020-03-27T20:50:25+00:00\",\"breadcrumb\":{\"@id\":\"https:\\\/\\\/informelitoral.com.ar\\\/historico-rezo-del-papa-francisco-por-el-coronavirus-nadie-se-salva-solo\\\/#breadcrumb\"},\"inLanguage\":\"es\",\"potentialAction\":[{\"@type\":\"ReadAction\",\"target\":[\"https:\\\/\\\/informelitoral.com.ar\\\/historico-rezo-del-papa-francisco-por-el-coronavirus-nadie-se-salva-solo\\\/\"]}]},{\"@type\":\"ImageObject\",\"inLanguage\":\"es\",\"@id\":\"https:\\\/\\\/informelitoral.com.ar\\\/historico-rezo-del-papa-francisco-por-el-coronavirus-nadie-se-salva-solo\\\/#primaryimage\",\"url\":\"https:\\\/\\\/informelitoral.com.ar\\\/%77%70%2d%63%6f%6e%74%65%6e%74\\\/uploads\\\/2020\\\/03\\\/papa-francisco-plaza-san-pedro.jpg\",\"contentUrl\":\"https:\\\/\\\/informelitoral.com.ar\\\/%77%70%2d%63%6f%6e%74%65%6e%74\\\/uploads\\\/2020\\\/03\\\/papa-francisco-plaza-san-pedro.jpg\",\"width\":1140,\"height\":640},{\"@type\":\"BreadcrumbList\",\"@id\":\"https:\\\/\\\/informelitoral.com.ar\\\/historico-rezo-del-papa-francisco-por-el-coronavirus-nadie-se-salva-solo\\\/#breadcrumb\",\"itemListElement\":[{\"@type\":\"ListItem\",\"position\":1,\"name\":\"Portada\",\"item\":\"https:\\\/\\\/informelitoral.com.ar\\\/\"},{\"@type\":\"ListItem\",\"position\":2,\"name\":\"Hist\u00f3rico rezo del Papa Francisco por el coronavirus: \u00abNadie se salva solo\u00bb\"}]},{\"@type\":\"WebSite\",\"@id\":\"https:\\\/\\\/informelitoral.com.ar\\\/#website\",\"url\":\"https:\\\/\\\/informelitoral.com.ar\\\/\",\"name\":\"Informe Litoral\",\"description\":\"&quot;Nos informamos&quot; \",\"publisher\":{\"@id\":\"https:\\\/\\\/informelitoral.com.ar\\\/#organization\"},\"potentialAction\":[{\"@type\":\"SearchAction\",\"target\":{\"@type\":\"EntryPoint\",\"urlTemplate\":\"https:\\\/\\\/informelitoral.com.ar\\\/?s={search_term_string}\"},\"query-input\":{\"@type\":\"PropertyValueSpecification\",\"valueRequired\":true,\"valueName\":\"search_term_string\"}}],\"inLanguage\":\"es\"},{\"@type\":\"Organization\",\"@id\":\"https:\\\/\\\/informelitoral.com.ar\\\/#organization\",\"name\":\"Informe Litoral\",\"url\":\"https:\\\/\\\/informelitoral.com.ar\\\/\",\"logo\":{\"@type\":\"ImageObject\",\"inLanguage\":\"es\",\"@id\":\"https:\\\/\\\/informelitoral.com.ar\\\/#\\\/schema\\\/logo\\\/image\\\/\",\"url\":\"https:\\\/\\\/informelitoral.com.ar\\\/%77%70%2d%63%6f%6e%74%65%6e%74\\\/uploads\\\/2021\\\/01\\\/circulo.png\",\"contentUrl\":\"https:\\\/\\\/informelitoral.com.ar\\\/%77%70%2d%63%6f%6e%74%65%6e%74\\\/uploads\\\/2021\\\/01\\\/circulo.png\",\"width\":723,\"height\":731,\"caption\":\"Informe Litoral\"},\"image\":{\"@id\":\"https:\\\/\\\/informelitoral.com.ar\\\/#\\\/schema\\\/logo\\\/image\\\/\"},\"sameAs\":[\"https:\\\/\\\/www.facebook.com\\\/informelitoral\\\/\",\"https:\\\/\\\/x.com\\\/InformeLitoral\",\"https:\\\/\\\/www.instagram.com\\\/informelitoral\\\/\",\"https:\\\/\\\/www.youtube.com\\\/channel\\\/UCua4Qvz8Icb6MYqhoq9xLXw\"]},{\"@type\":\"Person\",\"@id\":\"https:\\\/\\\/informelitoral.com.ar\\\/#\\\/schema\\\/person\\\/b9d00407c836482871ef1d57bf8e3180\",\"name\":\"Gonzalo Schmidt\",\"image\":{\"@type\":\"ImageObject\",\"inLanguage\":\"es\",\"@id\":\"https:\\\/\\\/secure.gravatar.com\\\/avatar\\\/31a1a7b66ff2de83bd0e9fd79d026630d2d99e55e8bfe501287647b4fd9743de?s=96&d=mm&r=g\",\"url\":\"https:\\\/\\\/secure.gravatar.com\\\/avatar\\\/31a1a7b66ff2de83bd0e9fd79d026630d2d99e55e8bfe501287647b4fd9743de?s=96&d=mm&r=g\",\"contentUrl\":\"https:\\\/\\\/secure.gravatar.com\\\/avatar\\\/31a1a7b66ff2de83bd0e9fd79d026630d2d99e55e8bfe501287647b4fd9743de?s=96&d=mm&r=g\",\"caption\":\"Gonzalo Schmidt\"},\"description\":\"Sitio web de noticias de la provincia de Entre R\u00edos, Argentina. Informaci\u00f3n y entretenimiento. Informe Litoral, nos informamos.\",\"sameAs\":[\"http:\\\/\\\/www.isletasnoticias.com.ar\"],\"url\":\"https:\\\/\\\/informelitoral.com.ar\\\/author\\\/gonzalo\\\/\"}]}<\/script>","yoast_head_json":{"title":"Hist\u00f3rico rezo del Papa Francisco por el coronavirus: \"Nadie se salva solo\" - Informe Litoral","robots":{"index":"index","follow":"follow","max-snippet":"max-snippet:-1","max-image-preview":"max-image-preview:large","max-video-preview":"max-video-preview:-1"},"canonical":"https:\/\/informelitoral.com.ar\/historico-rezo-del-papa-francisco-por-el-coronavirus-nadie-se-salva-solo\/","og_locale":"es_ES","og_type":"article","og_title":"Hist\u00f3rico rezo del Papa Francisco por el coronavirus: \"Nadie se salva solo\" - Informe Litoral","og_description":"El sumo pont\u00edfice rez\u00f3 en soledad en la Plaza San Pedro por primera vez en la historia de la Iglesia Cat\u00f3lica y pidi\u00f3 \"permanecer juntos\".","og_url":"https:\/\/informelitoral.com.ar\/historico-rezo-del-papa-francisco-por-el-coronavirus-nadie-se-salva-solo\/","og_site_name":"Informe Litoral","article_publisher":"https:\/\/www.facebook.com\/informelitoral\/","article_published_time":"2020-03-27T20:50:25+00:00","og_image":[{"width":1140,"height":640,"url":"https:\/\/informelitoral.com.ar\/%77%70%2d%63%6f%6e%74%65%6e%74\/uploads\/2020\/03\/papa-francisco-plaza-san-pedro.jpg","type":"image\/jpeg"}],"author":"Gonzalo Schmidt","twitter_card":"summary_large_image","twitter_creator":"@InformeLitoral","twitter_site":"@InformeLitoral","twitter_misc":{"Escrito por":"Gonzalo Schmidt","Tiempo de lectura":"1 minuto"},"schema":{"@context":"https:\/\/schema.org","@graph":[{"@type":"Article","@id":"https:\/\/informelitoral.com.ar\/historico-rezo-del-papa-francisco-por-el-coronavirus-nadie-se-salva-solo\/#article","isPartOf":{"@id":"https:\/\/informelitoral.com.ar\/historico-rezo-del-papa-francisco-por-el-coronavirus-nadie-se-salva-solo\/"},"author":{"name":"Gonzalo Schmidt","@id":"https:\/\/informelitoral.com.ar\/#\/schema\/person\/b9d00407c836482871ef1d57bf8e3180"},"headline":"Hist\u00f3rico rezo del Papa Francisco por el coronavirus: \u00abNadie se salva solo\u00bb","datePublished":"2020-03-27T20:50:25+00:00","mainEntityOfPage":{"@id":"https:\/\/informelitoral.com.ar\/historico-rezo-del-papa-francisco-por-el-coronavirus-nadie-se-salva-solo\/"},"wordCount":288,"commentCount":0,"publisher":{"@id":"https:\/\/informelitoral.com.ar\/#organization"},"image":{"@id":"https:\/\/informelitoral.com.ar\/historico-rezo-del-papa-francisco-por-el-coronavirus-nadie-se-salva-solo\/#primaryimage"},"thumbnailUrl":"https:\/\/informelitoral.com.ar\/%77%70%2d%63%6f%6e%74%65%6e%74\/uploads\/2020\/03\/papa-francisco-plaza-san-pedro.jpg","keywords":["Coronavirus","Papa Francisco"],"articleSection":["Internacionales"],"inLanguage":"es","potentialAction":[{"@type":"CommentAction","name":"Comment","target":["https:\/\/informelitoral.com.ar\/historico-rezo-del-papa-francisco-por-el-coronavirus-nadie-se-salva-solo\/#respond"]}]},{"@type":"WebPage","@id":"https:\/\/informelitoral.com.ar\/historico-rezo-del-papa-francisco-por-el-coronavirus-nadie-se-salva-solo\/","url":"https:\/\/informelitoral.com.ar\/historico-rezo-del-papa-francisco-por-el-coronavirus-nadie-se-salva-solo\/","name":"Hist\u00f3rico rezo del Papa Francisco por el coronavirus: \"Nadie se salva solo\" - Informe Litoral","isPartOf":{"@id":"https:\/\/informelitoral.com.ar\/#website"},"primaryImageOfPage":{"@id":"https:\/\/informelitoral.com.ar\/historico-rezo-del-papa-francisco-por-el-coronavirus-nadie-se-salva-solo\/#primaryimage"},"image":{"@id":"https:\/\/informelitoral.com.ar\/historico-rezo-del-papa-francisco-por-el-coronavirus-nadie-se-salva-solo\/#primaryimage"},"thumbnailUrl":"https:\/\/informelitoral.com.ar\/%77%70%2d%63%6f%6e%74%65%6e%74\/uploads\/2020\/03\/papa-francisco-plaza-san-pedro.jpg","datePublished":"2020-03-27T20:50:25+00:00","breadcrumb":{"@id":"https:\/\/informelitoral.com.ar\/historico-rezo-del-papa-francisco-por-el-coronavirus-nadie-se-salva-solo\/#breadcrumb"},"inLanguage":"es","potentialAction":[{"@type":"ReadAction","target":["https:\/\/informelitoral.com.ar\/historico-rezo-del-papa-francisco-por-el-coronavirus-nadie-se-salva-solo\/"]}]},{"@type":"ImageObject","inLanguage":"es","@id":"https:\/\/informelitoral.com.ar\/historico-rezo-del-papa-francisco-por-el-coronavirus-nadie-se-salva-solo\/#primaryimage","url":"https:\/\/informelitoral.com.ar\/%77%70%2d%63%6f%6e%74%65%6e%74\/uploads\/2020\/03\/papa-francisco-plaza-san-pedro.jpg","contentUrl":"https:\/\/informelitoral.com.ar\/%77%70%2d%63%6f%6e%74%65%6e%74\/uploads\/2020\/03\/papa-francisco-plaza-san-pedro.jpg","width":1140,"height":640},{"@type":"BreadcrumbList","@id":"https:\/\/informelitoral.com.ar\/historico-rezo-del-papa-francisco-por-el-coronavirus-nadie-se-salva-solo\/#breadcrumb","itemListElement":[{"@type":"ListItem","position":1,"name":"Portada","item":"https:\/\/informelitoral.com.ar\/"},{"@type":"ListItem","position":2,"name":"Hist\u00f3rico rezo del Papa Francisco por el coronavirus: \u00abNadie se salva solo\u00bb"}]},{"@type":"WebSite","@id":"https:\/\/informelitoral.com.ar\/#website","url":"https:\/\/informelitoral.com.ar\/","name":"Informe Litoral","description":"&quot;Nos informamos&quot; ","publisher":{"@id":"https:\/\/informelitoral.com.ar\/#organization"},"potentialAction":[{"@type":"SearchAction","target":{"@type":"EntryPoint","urlTemplate":"https:\/\/informelitoral.com.ar\/?s={search_term_string}"},"query-input":{"@type":"PropertyValueSpecification","valueRequired":true,"valueName":"search_term_string"}}],"inLanguage":"es"},{"@type":"Organization","@id":"https:\/\/informelitoral.com.ar\/#organization","name":"Informe Litoral","url":"https:\/\/informelitoral.com.ar\/","logo":{"@type":"ImageObject","inLanguage":"es","@id":"https:\/\/informelitoral.com.ar\/#\/schema\/logo\/image\/","url":"https:\/\/informelitoral.com.ar\/%77%70%2d%63%6f%6e%74%65%6e%74\/uploads\/2021\/01\/circulo.png","contentUrl":"https:\/\/informelitoral.com.ar\/%77%70%2d%63%6f%6e%74%65%6e%74\/uploads\/2021\/01\/circulo.png","width":723,"height":731,"caption":"Informe Litoral"},"image":{"@id":"https:\/\/informelitoral.com.ar\/#\/schema\/logo\/image\/"},"sameAs":["https:\/\/www.facebook.com\/informelitoral\/","https:\/\/x.com\/InformeLitoral","https:\/\/www.instagram.com\/informelitoral\/","https:\/\/www.youtube.com\/channel\/UCua4Qvz8Icb6MYqhoq9xLXw"]},{"@type":"Person","@id":"https:\/\/informelitoral.com.ar\/#\/schema\/person\/b9d00407c836482871ef1d57bf8e3180","name":"Gonzalo Schmidt","image":{"@type":"ImageObject","inLanguage":"es","@id":"https:\/\/secure.gravatar.com\/avatar\/31a1a7b66ff2de83bd0e9fd79d026630d2d99e55e8bfe501287647b4fd9743de?s=96&d=mm&r=g","url":"https:\/\/secure.gravatar.com\/avatar\/31a1a7b66ff2de83bd0e9fd79d026630d2d99e55e8bfe501287647b4fd9743de?s=96&d=mm&r=g","contentUrl":"https:\/\/secure.gravatar.com\/avatar\/31a1a7b66ff2de83bd0e9fd79d026630d2d99e55e8bfe501287647b4fd9743de?s=96&d=mm&r=g","caption":"Gonzalo Schmidt"},"description":"Sitio web de noticias de la provincia de Entre R\u00edos, Argentina. Informaci\u00f3n y entretenimiento. Informe Litoral, nos informamos.","sameAs":["http:\/\/www.isletasnoticias.com.ar"],"url":"https:\/\/informelitoral.com.ar\/author\/gonzalo\/"}]}},"_links":{"self":[{"href":"https:\/\/informelitoral.com.ar\/%77%70%2d%6a%73%6f%6e\/wp\/v2\/posts\/41416","targetHints":{"allow":["GET"]}}],"collection":[{"href":"https:\/\/informelitoral.com.ar\/%77%70%2d%6a%73%6f%6e\/wp\/v2\/posts"}],"about":[{"href":"https:\/\/informelitoral.com.ar\/%77%70%2d%6a%73%6f%6e\/wp\/v2\/types\/post"}],"author":[{"embeddable":true,"href":"https:\/\/informelitoral.com.ar\/%77%70%2d%6a%73%6f%6e\/wp\/v2\/users\/2"}],"replies":[{"embeddable":true,"href":"https:\/\/informelitoral.com.ar\/%77%70%2d%6a%73%6f%6e\/wp\/v2\/comments?post=41416"}],"version-history":[{"count":0,"href":"https:\/\/informelitoral.com.ar\/%77%70%2d%6a%73%6f%6e\/wp\/v2\/posts\/41416\/revisions"}],"wp:featuredmedia":[{"embeddable":true,"href":"https:\/\/informelitoral.com.ar\/%77%70%2d%6a%73%6f%6e\/wp\/v2\/media\/41417"}],"wp:attachment":[{"href":"https:\/\/informelitoral.com.ar\/%77%70%2d%6a%73%6f%6e\/wp\/v2\/media?parent=41416"}],"wp:term":[{"taxonomy":"category","embeddable":true,"href":"https:\/\/informelitoral.com.ar\/%77%70%2d%6a%73%6f%6e\/wp\/v2\/categories?post=41416"},{"taxonomy":"post_tag","embeddable":true,"href":"https:\/\/informelitoral.com.ar\/%77%70%2d%6a%73%6f%6e\/wp\/v2\/tags?post=41416"}],"curies":[{"name":"wp","href":"https:\/\/api.w.org\/{rel}","templated":true}]}}