{"id":41410,"date":"2020-03-27T09:39:24","date_gmt":"2020-03-27T12:39:24","guid":{"rendered":"https:\/\/www.isletasnoticias.com.ar\/?p=41410"},"modified":"2020-03-27T09:39:24","modified_gmt":"2020-03-27T12:39:24","slug":"como-ver-en-vivo-la-oracion-del-papa-francisco-por-el-coronavirus-2","status":"publish","type":"post","link":"https:\/\/informelitoral.com.ar\/como-ver-en-vivo-la-oracion-del-papa-francisco-por-el-coronavirus-2\/","title":{"rendered":"C\u00f3mo ver en vivo la oraci\u00f3n del Papa Francisco por el coronavirus"},"content":{"rendered":"<p>Con el objetivo de de universalizar la oraci\u00f3n para luchar contra la pandemia del<strong>\u00a0coronavirus<\/strong>, el\u00a0<strong>Papa Francisco\u00a0<\/strong>hizo el primer llamamiento a todos los cristianos el pasado mi\u00e9rcoles 25 de marzo, cuando recit\u00f3\u00a0el tradicional \u00c1ngelus tras el cierre de la Plaza San Pedro como medida para frenar la propagaci\u00f3n del\u00a0Covid-19.<\/p>\n<p>\u00ab<strong>En estos d\u00edas\u00a0en los que la humanidad tiembla con la amenaza de la pandemia, me gustar\u00eda proponer a todos los cristianos\u00a0que unan sus voces<\/strong>\u00ab, dijo Francisco, momentos despu\u00e9s del rezo del \u00c1ngelus.<\/p>\n<p>Este\u00a0<strong>viernes 27 de marzo<\/strong>\u00a0ser\u00e1\u00a0la segunda cita, donde\u00a0<strong>los cat\u00f3licos de todo el mundo est\u00e1n invitados a unirse espiritualmente,<\/strong>\u00a0a trav\u00e9s de los medios de comunicaci\u00f3n, al Papa, quien presidir\u00e1 un momento de oraci\u00f3n desde el cementerio de la Bas\u00edlica de San Pedro, con la plaza vac\u00eda, como \u00e9l mismo anunci\u00f3:<\/p>\n<p>\u201c<strong>Escucharemos la Palabra de Dios, elevaremos nuestra s\u00faplica, adoraremos el Sant\u00edsimo Sacramento, con el que al final dar\u00e9 la Bendici\u00f3n Urbi et Orbi, a la que se unir\u00e1 la posibilidad de recibir la indulgencia plenaria<\/strong>\u201d.<\/p>\n<figure class=\"wp-block-image\"><img decoding=\"async\" class=\"td-animation-stack-type0-2\" src=\"https:\/\/bolavip.com\/export\/sites\/bolavip\/img\/2020\/03\/26\/t3agai6rde5go2m24w34hdxeqa_crop1585254163135.jpg_1254328131.jpg\" alt=\"\" \/><\/figure>\n<h1><strong>D\u00eda y horario: \u00bfcu\u00e1ndo ser\u00e1 la oraci\u00f3n del Papa?<\/strong><\/h1>\n<p>La oraci\u00f3n del Papa Francisco ser\u00e1 este\u00a0<strong>viernes 27 de marzo<\/strong>\u00a0en el cementerio de la Bas\u00edlica de San Pedro.<\/p>\n<h3><strong>Horario seg\u00fan cada pa\u00eds:<\/strong><\/h3>\n<p><strong>Vaticano<\/strong>: 18:00 horas<\/p>\n<p><strong>Argentina<\/strong>: 14:00 horas<\/p>\n<p><strong>Espa\u00f1a<\/strong>: 18:00 horas<\/p>\n<p><strong>Uruguay<\/strong>: 14:00 horas<\/p>\n<p><strong>Chile<\/strong>: 14:00 horas<\/p>\n<p><strong>Brasil<\/strong>: 14:00 horas<\/p>\n<p><strong>Paraguay<\/strong>: 13:00 horas<\/p>\n<p><strong>Venezuela<\/strong>: 13:00 horas<\/p>\n<p><strong>Ecuador<\/strong>: 12:00 horas<\/p>\n<p><strong>Per\u00fa<\/strong>: 12:00 horas<\/p>\n<p><strong>Colombia<\/strong>: 12:00 horas<\/p>\n<p><strong>M\u00e9xico<\/strong>: 11:00 horas<\/p>\n<p><strong>Estados Unidos<\/strong>: 10:00 PT\/ 13:00 ET<\/p>\n<h1><strong>Transmisi\u00f3n: \u00bfc\u00f3mo ver en vivo la oraci\u00f3n del Papa?<\/strong><\/h1>\n<p>El momento de oraci\u00f3n ser\u00e1 transmitido en vivo en todo el mundo por\u00a0<strong>Vatican Media<\/strong>\u00a0a trav\u00e9s\u00a0de la\u00a0<strong><a href=\"https:\/\/www.vaticannews.va\/es.html\" target=\"_blank\" rel=\"noreferrer noopener\">P\u00e1gina Web<\/a><\/strong>\u00a0y sus p\u00e1ginas de de\u00a0<strong><a href=\"https:\/\/www.facebook.com\/vaticannews.es\/?brand_redir=DISABLE\" target=\"_blank\" rel=\"noreferrer noopener\">Facebook<\/a><\/strong>,\u00a0Facebook Live y canal oficial de\u00a0<strong><a href=\"https:\/\/www.youtube.com\/watch?v=3NoLUOlSshY\" target=\"_blank\" rel=\"noreferrer noopener\">YouTube<\/a><\/strong>.<\/p>\n","protected":false},"excerpt":{"rendered":"<p>Ser\u00e1 este viernes 27 de marzo. Se espera que se sumen cat\u00f3licos de todo el mundo.<\/p>\n","protected":false},"author":2,"featured_media":41409,"comment_status":"open","ping_status":"open","sticky":false,"template":"","format":"standard","meta":{"fifu_image_url":"","fifu_image_alt":"","footnotes":""},"categories":[8],"tags":[1426,960],"class_list":{"0":"post-41410","1":"post","2":"type-post","3":"status-publish","4":"format-standard","5":"has-post-thumbnail","7":"category-internacionales","8":"tag-coronavirus","9":"tag-papa-francisco"},"yoast_head":"<title>C\u00f3mo ver en vivo la oraci\u00f3n del Papa Francisco por el coronavirus - Informe Litoral<\/title>\n<meta name=\"robots\" content=\"index, follow, max-snippet:-1, max-image-preview:large, max-video-preview:-1\" \/>\n<link rel=\"canonical\" href=\"https:\/\/informelitoral.com.ar\/como-ver-en-vivo-la-oracion-del-papa-francisco-por-el-coronavirus-2\/\" \/>\n<meta property=\"og:locale\" content=\"es_ES\" \/>\n<meta property=\"og:type\" content=\"article\" \/>\n<meta property=\"og:title\" content=\"C\u00f3mo ver en vivo la oraci\u00f3n del Papa Francisco por el coronavirus - Informe Litoral\" \/>\n<meta property=\"og:description\" content=\"Ser\u00e1 este viernes 27 de marzo. Se espera que se sumen cat\u00f3licos de todo el mundo.\" \/>\n<meta property=\"og:url\" content=\"https:\/\/informelitoral.com.ar\/como-ver-en-vivo-la-oracion-del-papa-francisco-por-el-coronavirus-2\/\" \/>\n<meta property=\"og:site_name\" content=\"Informe Litoral\" \/>\n<meta property=\"article:publisher\" content=\"https:\/\/www.facebook.com\/informelitoral\/\" \/>\n<meta property=\"article:published_time\" content=\"2020-03-27T12:39:24+00:00\" \/>\n<meta property=\"og:image\" content=\"https:\/\/informelitoral.com.ar\/%77%70%2d%63%6f%6e%74%65%6e%74\/uploads\/2020\/03\/papa-francisco.jpg\" \/>\n\t<meta property=\"og:image:width\" content=\"1004\" \/>\n\t<meta property=\"og:image:height\" content=\"565\" \/>\n\t<meta property=\"og:image:type\" content=\"image\/jpeg\" \/>\n<meta name=\"author\" content=\"Gonzalo Schmidt\" \/>\n<meta name=\"twitter:card\" content=\"summary_large_image\" \/>\n<meta name=\"twitter:creator\" content=\"@InformeLitoral\" \/>\n<meta name=\"twitter:site\" content=\"@InformeLitoral\" \/>\n<meta name=\"twitter:label1\" content=\"Escrito por\" \/>\n\t<meta name=\"twitter:data1\" content=\"Gonzalo Schmidt\" \/>\n\t<meta name=\"twitter:label2\" content=\"Tiempo de lectura\" \/>\n\t<meta name=\"twitter:data2\" content=\"2 minutos\" \/>\n<script type=\"application\/ld+json\" class=\"yoast-schema-graph\">{\"@context\":\"https:\\\/\\\/schema.org\",\"@graph\":[{\"@type\":\"Article\",\"@id\":\"https:\\\/\\\/informelitoral.com.ar\\\/como-ver-en-vivo-la-oracion-del-papa-francisco-por-el-coronavirus-2\\\/#article\",\"isPartOf\":{\"@id\":\"https:\\\/\\\/informelitoral.com.ar\\\/como-ver-en-vivo-la-oracion-del-papa-francisco-por-el-coronavirus-2\\\/\"},\"author\":{\"name\":\"Gonzalo Schmidt\",\"@id\":\"https:\\\/\\\/informelitoral.com.ar\\\/#\\\/schema\\\/person\\\/b9d00407c836482871ef1d57bf8e3180\"},\"headline\":\"C\u00f3mo ver en vivo la oraci\u00f3n del Papa Francisco por el coronavirus\",\"datePublished\":\"2020-03-27T12:39:24+00:00\",\"mainEntityOfPage\":{\"@id\":\"https:\\\/\\\/informelitoral.com.ar\\\/como-ver-en-vivo-la-oracion-del-papa-francisco-por-el-coronavirus-2\\\/\"},\"wordCount\":322,\"commentCount\":0,\"publisher\":{\"@id\":\"https:\\\/\\\/informelitoral.com.ar\\\/#organization\"},\"image\":{\"@id\":\"https:\\\/\\\/informelitoral.com.ar\\\/como-ver-en-vivo-la-oracion-del-papa-francisco-por-el-coronavirus-2\\\/#primaryimage\"},\"thumbnailUrl\":\"https:\\\/\\\/informelitoral.com.ar\\\/%77%70%2d%63%6f%6e%74%65%6e%74\\\/uploads\\\/2020\\\/03\\\/papa-francisco.jpg\",\"keywords\":[\"Coronavirus\",\"Papa Francisco\"],\"articleSection\":[\"Internacionales\"],\"inLanguage\":\"es\",\"potentialAction\":[{\"@type\":\"CommentAction\",\"name\":\"Comment\",\"target\":[\"https:\\\/\\\/informelitoral.com.ar\\\/como-ver-en-vivo-la-oracion-del-papa-francisco-por-el-coronavirus-2\\\/#respond\"]}]},{\"@type\":\"WebPage\",\"@id\":\"https:\\\/\\\/informelitoral.com.ar\\\/como-ver-en-vivo-la-oracion-del-papa-francisco-por-el-coronavirus-2\\\/\",\"url\":\"https:\\\/\\\/informelitoral.com.ar\\\/como-ver-en-vivo-la-oracion-del-papa-francisco-por-el-coronavirus-2\\\/\",\"name\":\"C\u00f3mo ver en vivo la oraci\u00f3n del Papa Francisco por el coronavirus - Informe Litoral\",\"isPartOf\":{\"@id\":\"https:\\\/\\\/informelitoral.com.ar\\\/#website\"},\"primaryImageOfPage\":{\"@id\":\"https:\\\/\\\/informelitoral.com.ar\\\/como-ver-en-vivo-la-oracion-del-papa-francisco-por-el-coronavirus-2\\\/#primaryimage\"},\"image\":{\"@id\":\"https:\\\/\\\/informelitoral.com.ar\\\/como-ver-en-vivo-la-oracion-del-papa-francisco-por-el-coronavirus-2\\\/#primaryimage\"},\"thumbnailUrl\":\"https:\\\/\\\/informelitoral.com.ar\\\/%77%70%2d%63%6f%6e%74%65%6e%74\\\/uploads\\\/2020\\\/03\\\/papa-francisco.jpg\",\"datePublished\":\"2020-03-27T12:39:24+00:00\",\"breadcrumb\":{\"@id\":\"https:\\\/\\\/informelitoral.com.ar\\\/como-ver-en-vivo-la-oracion-del-papa-francisco-por-el-coronavirus-2\\\/#breadcrumb\"},\"inLanguage\":\"es\",\"potentialAction\":[{\"@type\":\"ReadAction\",\"target\":[\"https:\\\/\\\/informelitoral.com.ar\\\/como-ver-en-vivo-la-oracion-del-papa-francisco-por-el-coronavirus-2\\\/\"]}]},{\"@type\":\"ImageObject\",\"inLanguage\":\"es\",\"@id\":\"https:\\\/\\\/informelitoral.com.ar\\\/como-ver-en-vivo-la-oracion-del-papa-francisco-por-el-coronavirus-2\\\/#primaryimage\",\"url\":\"https:\\\/\\\/informelitoral.com.ar\\\/%77%70%2d%63%6f%6e%74%65%6e%74\\\/uploads\\\/2020\\\/03\\\/papa-francisco.jpg\",\"contentUrl\":\"https:\\\/\\\/informelitoral.com.ar\\\/%77%70%2d%63%6f%6e%74%65%6e%74\\\/uploads\\\/2020\\\/03\\\/papa-francisco.jpg\",\"width\":1004,\"height\":565},{\"@type\":\"BreadcrumbList\",\"@id\":\"https:\\\/\\\/informelitoral.com.ar\\\/como-ver-en-vivo-la-oracion-del-papa-francisco-por-el-coronavirus-2\\\/#breadcrumb\",\"itemListElement\":[{\"@type\":\"ListItem\",\"position\":1,\"name\":\"Portada\",\"item\":\"https:\\\/\\\/informelitoral.com.ar\\\/\"},{\"@type\":\"ListItem\",\"position\":2,\"name\":\"C\u00f3mo ver en vivo la oraci\u00f3n del Papa Francisco por el coronavirus\"}]},{\"@type\":\"WebSite\",\"@id\":\"https:\\\/\\\/informelitoral.com.ar\\\/#website\",\"url\":\"https:\\\/\\\/informelitoral.com.ar\\\/\",\"name\":\"Informe Litoral\",\"description\":\"&quot;Nos informamos&quot; \",\"publisher\":{\"@id\":\"https:\\\/\\\/informelitoral.com.ar\\\/#organization\"},\"potentialAction\":[{\"@type\":\"SearchAction\",\"target\":{\"@type\":\"EntryPoint\",\"urlTemplate\":\"https:\\\/\\\/informelitoral.com.ar\\\/?s={search_term_string}\"},\"query-input\":{\"@type\":\"PropertyValueSpecification\",\"valueRequired\":true,\"valueName\":\"search_term_string\"}}],\"inLanguage\":\"es\"},{\"@type\":\"Organization\",\"@id\":\"https:\\\/\\\/informelitoral.com.ar\\\/#organization\",\"name\":\"Informe Litoral\",\"url\":\"https:\\\/\\\/informelitoral.com.ar\\\/\",\"logo\":{\"@type\":\"ImageObject\",\"inLanguage\":\"es\",\"@id\":\"https:\\\/\\\/informelitoral.com.ar\\\/#\\\/schema\\\/logo\\\/image\\\/\",\"url\":\"https:\\\/\\\/informelitoral.com.ar\\\/%77%70%2d%63%6f%6e%74%65%6e%74\\\/uploads\\\/2021\\\/01\\\/circulo.png\",\"contentUrl\":\"https:\\\/\\\/informelitoral.com.ar\\\/%77%70%2d%63%6f%6e%74%65%6e%74\\\/uploads\\\/2021\\\/01\\\/circulo.png\",\"width\":723,\"height\":731,\"caption\":\"Informe Litoral\"},\"image\":{\"@id\":\"https:\\\/\\\/informelitoral.com.ar\\\/#\\\/schema\\\/logo\\\/image\\\/\"},\"sameAs\":[\"https:\\\/\\\/www.facebook.com\\\/informelitoral\\\/\",\"https:\\\/\\\/x.com\\\/InformeLitoral\",\"https:\\\/\\\/www.instagram.com\\\/informelitoral\\\/\",\"https:\\\/\\\/www.youtube.com\\\/channel\\\/UCua4Qvz8Icb6MYqhoq9xLXw\"]},{\"@type\":\"Person\",\"@id\":\"https:\\\/\\\/informelitoral.com.ar\\\/#\\\/schema\\\/person\\\/b9d00407c836482871ef1d57bf8e3180\",\"name\":\"Gonzalo Schmidt\",\"image\":{\"@type\":\"ImageObject\",\"inLanguage\":\"es\",\"@id\":\"https:\\\/\\\/secure.gravatar.com\\\/avatar\\\/31a1a7b66ff2de83bd0e9fd79d026630d2d99e55e8bfe501287647b4fd9743de?s=96&d=mm&r=g\",\"url\":\"https:\\\/\\\/secure.gravatar.com\\\/avatar\\\/31a1a7b66ff2de83bd0e9fd79d026630d2d99e55e8bfe501287647b4fd9743de?s=96&d=mm&r=g\",\"contentUrl\":\"https:\\\/\\\/secure.gravatar.com\\\/avatar\\\/31a1a7b66ff2de83bd0e9fd79d026630d2d99e55e8bfe501287647b4fd9743de?s=96&d=mm&r=g\",\"caption\":\"Gonzalo Schmidt\"},\"description\":\"Sitio web de noticias de la provincia de Entre R\u00edos, Argentina. Informaci\u00f3n y entretenimiento. Informe Litoral, nos informamos.\",\"sameAs\":[\"http:\\\/\\\/www.isletasnoticias.com.ar\"],\"url\":\"https:\\\/\\\/informelitoral.com.ar\\\/author\\\/gonzalo\\\/\"}]}<\/script>","yoast_head_json":{"title":"C\u00f3mo ver en vivo la oraci\u00f3n del Papa Francisco por el coronavirus - Informe Litoral","robots":{"index":"index","follow":"follow","max-snippet":"max-snippet:-1","max-image-preview":"max-image-preview:large","max-video-preview":"max-video-preview:-1"},"canonical":"https:\/\/informelitoral.com.ar\/como-ver-en-vivo-la-oracion-del-papa-francisco-por-el-coronavirus-2\/","og_locale":"es_ES","og_type":"article","og_title":"C\u00f3mo ver en vivo la oraci\u00f3n del Papa Francisco por el coronavirus - Informe Litoral","og_description":"Ser\u00e1 este viernes 27 de marzo. Se espera que se sumen cat\u00f3licos de todo el mundo.","og_url":"https:\/\/informelitoral.com.ar\/como-ver-en-vivo-la-oracion-del-papa-francisco-por-el-coronavirus-2\/","og_site_name":"Informe Litoral","article_publisher":"https:\/\/www.facebook.com\/informelitoral\/","article_published_time":"2020-03-27T12:39:24+00:00","og_image":[{"width":1004,"height":565,"url":"https:\/\/informelitoral.com.ar\/%77%70%2d%63%6f%6e%74%65%6e%74\/uploads\/2020\/03\/papa-francisco.jpg","type":"image\/jpeg"}],"author":"Gonzalo Schmidt","twitter_card":"summary_large_image","twitter_creator":"@InformeLitoral","twitter_site":"@InformeLitoral","twitter_misc":{"Escrito por":"Gonzalo Schmidt","Tiempo de lectura":"2 minutos"},"schema":{"@context":"https:\/\/schema.org","@graph":[{"@type":"Article","@id":"https:\/\/informelitoral.com.ar\/como-ver-en-vivo-la-oracion-del-papa-francisco-por-el-coronavirus-2\/#article","isPartOf":{"@id":"https:\/\/informelitoral.com.ar\/como-ver-en-vivo-la-oracion-del-papa-francisco-por-el-coronavirus-2\/"},"author":{"name":"Gonzalo Schmidt","@id":"https:\/\/informelitoral.com.ar\/#\/schema\/person\/b9d00407c836482871ef1d57bf8e3180"},"headline":"C\u00f3mo ver en vivo la oraci\u00f3n del Papa Francisco por el coronavirus","datePublished":"2020-03-27T12:39:24+00:00","mainEntityOfPage":{"@id":"https:\/\/informelitoral.com.ar\/como-ver-en-vivo-la-oracion-del-papa-francisco-por-el-coronavirus-2\/"},"wordCount":322,"commentCount":0,"publisher":{"@id":"https:\/\/informelitoral.com.ar\/#organization"},"image":{"@id":"https:\/\/informelitoral.com.ar\/como-ver-en-vivo-la-oracion-del-papa-francisco-por-el-coronavirus-2\/#primaryimage"},"thumbnailUrl":"https:\/\/informelitoral.com.ar\/%77%70%2d%63%6f%6e%74%65%6e%74\/uploads\/2020\/03\/papa-francisco.jpg","keywords":["Coronavirus","Papa Francisco"],"articleSection":["Internacionales"],"inLanguage":"es","potentialAction":[{"@type":"CommentAction","name":"Comment","target":["https:\/\/informelitoral.com.ar\/como-ver-en-vivo-la-oracion-del-papa-francisco-por-el-coronavirus-2\/#respond"]}]},{"@type":"WebPage","@id":"https:\/\/informelitoral.com.ar\/como-ver-en-vivo-la-oracion-del-papa-francisco-por-el-coronavirus-2\/","url":"https:\/\/informelitoral.com.ar\/como-ver-en-vivo-la-oracion-del-papa-francisco-por-el-coronavirus-2\/","name":"C\u00f3mo ver en vivo la oraci\u00f3n del Papa Francisco por el coronavirus - Informe Litoral","isPartOf":{"@id":"https:\/\/informelitoral.com.ar\/#website"},"primaryImageOfPage":{"@id":"https:\/\/informelitoral.com.ar\/como-ver-en-vivo-la-oracion-del-papa-francisco-por-el-coronavirus-2\/#primaryimage"},"image":{"@id":"https:\/\/informelitoral.com.ar\/como-ver-en-vivo-la-oracion-del-papa-francisco-por-el-coronavirus-2\/#primaryimage"},"thumbnailUrl":"https:\/\/informelitoral.com.ar\/%77%70%2d%63%6f%6e%74%65%6e%74\/uploads\/2020\/03\/papa-francisco.jpg","datePublished":"2020-03-27T12:39:24+00:00","breadcrumb":{"@id":"https:\/\/informelitoral.com.ar\/como-ver-en-vivo-la-oracion-del-papa-francisco-por-el-coronavirus-2\/#breadcrumb"},"inLanguage":"es","potentialAction":[{"@type":"ReadAction","target":["https:\/\/informelitoral.com.ar\/como-ver-en-vivo-la-oracion-del-papa-francisco-por-el-coronavirus-2\/"]}]},{"@type":"ImageObject","inLanguage":"es","@id":"https:\/\/informelitoral.com.ar\/como-ver-en-vivo-la-oracion-del-papa-francisco-por-el-coronavirus-2\/#primaryimage","url":"https:\/\/informelitoral.com.ar\/%77%70%2d%63%6f%6e%74%65%6e%74\/uploads\/2020\/03\/papa-francisco.jpg","contentUrl":"https:\/\/informelitoral.com.ar\/%77%70%2d%63%6f%6e%74%65%6e%74\/uploads\/2020\/03\/papa-francisco.jpg","width":1004,"height":565},{"@type":"BreadcrumbList","@id":"https:\/\/informelitoral.com.ar\/como-ver-en-vivo-la-oracion-del-papa-francisco-por-el-coronavirus-2\/#breadcrumb","itemListElement":[{"@type":"ListItem","position":1,"name":"Portada","item":"https:\/\/informelitoral.com.ar\/"},{"@type":"ListItem","position":2,"name":"C\u00f3mo ver en vivo la oraci\u00f3n del Papa Francisco por el coronavirus"}]},{"@type":"WebSite","@id":"https:\/\/informelitoral.com.ar\/#website","url":"https:\/\/informelitoral.com.ar\/","name":"Informe Litoral","description":"&quot;Nos informamos&quot; ","publisher":{"@id":"https:\/\/informelitoral.com.ar\/#organization"},"potentialAction":[{"@type":"SearchAction","target":{"@type":"EntryPoint","urlTemplate":"https:\/\/informelitoral.com.ar\/?s={search_term_string}"},"query-input":{"@type":"PropertyValueSpecification","valueRequired":true,"valueName":"search_term_string"}}],"inLanguage":"es"},{"@type":"Organization","@id":"https:\/\/informelitoral.com.ar\/#organization","name":"Informe Litoral","url":"https:\/\/informelitoral.com.ar\/","logo":{"@type":"ImageObject","inLanguage":"es","@id":"https:\/\/informelitoral.com.ar\/#\/schema\/logo\/image\/","url":"https:\/\/informelitoral.com.ar\/%77%70%2d%63%6f%6e%74%65%6e%74\/uploads\/2021\/01\/circulo.png","contentUrl":"https:\/\/informelitoral.com.ar\/%77%70%2d%63%6f%6e%74%65%6e%74\/uploads\/2021\/01\/circulo.png","width":723,"height":731,"caption":"Informe Litoral"},"image":{"@id":"https:\/\/informelitoral.com.ar\/#\/schema\/logo\/image\/"},"sameAs":["https:\/\/www.facebook.com\/informelitoral\/","https:\/\/x.com\/InformeLitoral","https:\/\/www.instagram.com\/informelitoral\/","https:\/\/www.youtube.com\/channel\/UCua4Qvz8Icb6MYqhoq9xLXw"]},{"@type":"Person","@id":"https:\/\/informelitoral.com.ar\/#\/schema\/person\/b9d00407c836482871ef1d57bf8e3180","name":"Gonzalo Schmidt","image":{"@type":"ImageObject","inLanguage":"es","@id":"https:\/\/secure.gravatar.com\/avatar\/31a1a7b66ff2de83bd0e9fd79d026630d2d99e55e8bfe501287647b4fd9743de?s=96&d=mm&r=g","url":"https:\/\/secure.gravatar.com\/avatar\/31a1a7b66ff2de83bd0e9fd79d026630d2d99e55e8bfe501287647b4fd9743de?s=96&d=mm&r=g","contentUrl":"https:\/\/secure.gravatar.com\/avatar\/31a1a7b66ff2de83bd0e9fd79d026630d2d99e55e8bfe501287647b4fd9743de?s=96&d=mm&r=g","caption":"Gonzalo Schmidt"},"description":"Sitio web de noticias de la provincia de Entre R\u00edos, Argentina. Informaci\u00f3n y entretenimiento. Informe Litoral, nos informamos.","sameAs":["http:\/\/www.isletasnoticias.com.ar"],"url":"https:\/\/informelitoral.com.ar\/author\/gonzalo\/"}]}},"_links":{"self":[{"href":"https:\/\/informelitoral.com.ar\/%77%70%2d%6a%73%6f%6e\/wp\/v2\/posts\/41410","targetHints":{"allow":["GET"]}}],"collection":[{"href":"https:\/\/informelitoral.com.ar\/%77%70%2d%6a%73%6f%6e\/wp\/v2\/posts"}],"about":[{"href":"https:\/\/informelitoral.com.ar\/%77%70%2d%6a%73%6f%6e\/wp\/v2\/types\/post"}],"author":[{"embeddable":true,"href":"https:\/\/informelitoral.com.ar\/%77%70%2d%6a%73%6f%6e\/wp\/v2\/users\/2"}],"replies":[{"embeddable":true,"href":"https:\/\/informelitoral.com.ar\/%77%70%2d%6a%73%6f%6e\/wp\/v2\/comments?post=41410"}],"version-history":[{"count":0,"href":"https:\/\/informelitoral.com.ar\/%77%70%2d%6a%73%6f%6e\/wp\/v2\/posts\/41410\/revisions"}],"wp:featuredmedia":[{"embeddable":true,"href":"https:\/\/informelitoral.com.ar\/%77%70%2d%6a%73%6f%6e\/wp\/v2\/media\/41409"}],"wp:attachment":[{"href":"https:\/\/informelitoral.com.ar\/%77%70%2d%6a%73%6f%6e\/wp\/v2\/media?parent=41410"}],"wp:term":[{"taxonomy":"category","embeddable":true,"href":"https:\/\/informelitoral.com.ar\/%77%70%2d%6a%73%6f%6e\/wp\/v2\/categories?post=41410"},{"taxonomy":"post_tag","embeddable":true,"href":"https:\/\/informelitoral.com.ar\/%77%70%2d%6a%73%6f%6e\/wp\/v2\/tags?post=41410"}],"curies":[{"name":"wp","href":"https:\/\/api.w.org\/{rel}","templated":true}]}}