{"id":41391,"date":"2020-03-27T07:40:25","date_gmt":"2020-03-27T10:40:25","guid":{"rendered":"https:\/\/www.isletasnoticias.com.ar\/?p=41391"},"modified":"2020-03-27T07:40:25","modified_gmt":"2020-03-27T10:40:25","slug":"empezo-la-preinscripcion-al-ingreso-familiar-de-emergencia","status":"publish","type":"post","link":"https:\/\/informelitoral.com.ar\/empezo-la-preinscripcion-al-ingreso-familiar-de-emergencia\/","title":{"rendered":"Empez\u00f3 la preinscripci\u00f3n al Ingreso Familiar de Emergencia"},"content":{"rendered":"<p>La Administraci\u00f3n Nacional de la Seguridad Social (<strong>Anses<\/strong>) comenz\u00f3 la preinscripci\u00f3n para quienes necesiten percibir el\u00a0<strong>Ingreso Familiar de Emergencia (IFE)\u00a0de<\/strong><strong>\u00a0$10.000<\/strong>\u00a0otorgado por el Gobierno para paliar los efectos econ\u00f3micos de la pandemia del coronavirus.<\/p>\n<p><a href=\"https:\/\/www.isletasnoticias.com.ar\/%77%70%2d%63%6f%6e%74%65%6e%74\/uploads\/2020\/03\/ingreso-familiar-de-emergencia-anses.jpg\"><img loading=\"lazy\" decoding=\"async\" class=\"aligncenter wp-image-41392 size-full\" src=\"https:\/\/www.isletasnoticias.com.ar\/%77%70%2d%63%6f%6e%74%65%6e%74\/uploads\/2020\/03\/ingreso-familiar-de-emergencia-anses.jpg\" alt=\"\" width=\"500\" height=\"283\" srcset=\"https:\/\/informelitoral.com.ar\/%77%70%2d%63%6f%6e%74%65%6e%74\/uploads\/2020\/03\/ingreso-familiar-de-emergencia-anses.jpg 500w, https:\/\/informelitoral.com.ar\/%77%70%2d%63%6f%6e%74%65%6e%74\/uploads\/2020\/03\/ingreso-familiar-de-emergencia-anses-300x170.jpg 300w\" sizes=\"auto, (max-width: 500px) 100vw, 500px\" \/><\/a><\/p>\n<p>Desde Anses\u00a0se pidi\u00f3 a los beneficiarios que\u00a0<strong>\u00abrespeten estrictamente\u00bb las fechas para la inscripci\u00f3n,\u00a0<\/strong>que depender\u00e1 del n\u00famero de terminaci\u00f3n del documento, para evitar el congestionamiento de la p\u00e1gina del organismo.<\/p>\n<p>Tras el primer paso de la preinscripci\u00f3n, donde\u00a0<strong>solamente se pide el nombre completo, DNI y n\u00famero de CUIT,<\/strong>\u00a0la ANSES har\u00e1 un r\u00e1pido relevamiento de datos de la informaci\u00f3n recibida de los solicitantes y luego se le solicitar\u00e1 a \u00e9stos una serie de datos complementarios como, por ejemplo, sus n\u00fameros de cuentas bancarias.<\/p>\n<p>\u00abEs importante se\u00f1alar que\u00a0<strong>el IFE se otorgar\u00e1 a las personas que est\u00e1n desempleadas, trabajen de manera informal, sean monotributistas de las categor\u00edas A y B o, tambi\u00e9n, trabajadoras de casas particulares, as\u00ed como a todos los beneficiarios de la AUH<\/strong>, quienes cobrar\u00e1n esta ayuda a trav\u00e9s de su CBU\u00bb, explicaron desde ANSES.<\/p>\n<p>Quienes soliciten el IFE deber\u00e1n cumplir dos requisitos: ser argentino nativo o naturalizado y residencia no inferior a dos a\u00f1os en el pa\u00eds, y tener entre 18 y 65 a\u00f1os.<\/p>\n<p><span style=\"text-align: center;\">Cualquier persona que cumpla con estas condiciones s\u00f3lo podr\u00e1 acceder al IFE siempre que ella o alg\u00fan miembro de su grupo familiar no perciba ingresos.<\/span><\/p>\n<p>Estar\u00e1n excluidos\u00a0<strong>quienes tengan ingreso de un trabajo en relaci\u00f3n de dependencia p\u00fablico o privado<\/strong>; sea monotributista de categor\u00eda C o superior o del r\u00e9gimen de aut\u00f3nomos; una prestaci\u00f3n de desempleo; jubilaciones, pensiones o retiros contributivos o no contributivos nacionales, provinciales, municipales o de la Ciudad de Buenos Aires.<\/p>\n<p>Tampoco estar\u00e1n alcanzados quienes reciban ingresos de planes sociales, salario social complementario, Hacemos Futuro, Potenciar Trabajo u otros programas sociales nacionales, provinciales o municipales, a excepci\u00f3n de los de la AUH o Embarazo.<\/p>\n<p>El IFE se abonar\u00e1 por \u00fanica vez en abril teniendo en cuenta el efecto que la cuarentena decretada por la pandemia puede provocar en los sectores m\u00e1s vulnerables de la econom\u00eda, como son monotributistas, trabajadores informales y beneficiarios de planes sociales, pero podr\u00eda ser prorrogado si se extiende la medida de aislamiento.<\/p>\n<p>Los<strong>\u00a0beneficiarios de la Asignaci\u00f3n Universal por Hijo (AUH) deber\u00e1n abstenerse de la preinscripci\u00f3n ya que est\u00e1n autom\u00e1ticamente incluidos<\/strong>.<\/p>\n<p>El cronograma de\u00a0<a href=\"https:\/\/www.anses.gob.ar\/ingreso-familiar-de-emergencia\">preinscripci\u00f3n en la p\u00e1gina de la Anses<\/a>\u00a0se hace de acuerdo al n\u00famero de terminaci\u00f3n del DNI y es el siguiente:<\/p>\n<p><strong>Viernes 27 de marzo: DNI con terminaci\u00f3n en 0 y 1.<\/strong><\/p>\n<p><strong>S\u00e1bado 28 de marzo: DNI terminaci\u00f3n en 2 y 3.<\/strong><\/p>\n<p><strong>Domingo 29 de marzo: DNI terminaci\u00f3n en 4 y 5.<\/strong><\/p>\n<p><strong>Lunes 30 de marzo: DNI terminaci\u00f3n en 6 y 7.<\/strong><\/p>\n<p><strong>Martes 31 de marzo: DNI terminaci\u00f3n en 8 y 9.<\/strong><\/p>\n","protected":false},"excerpt":{"rendered":"<p>Desde este viernes se pueden preinscribir quienes tengan DNI finalizados en 0 y 1. Se trata de un tr\u00e1mite r\u00e1pido y sencillo por internet.<\/p>\n","protected":false},"author":2,"featured_media":41393,"comment_status":"open","ping_status":"open","sticky":false,"template":"","format":"standard","meta":{"fifu_image_url":"","fifu_image_alt":"","footnotes":""},"categories":[6],"tags":[269,1426],"class_list":{"0":"post-41391","1":"post","2":"type-post","3":"status-publish","4":"format-standard","5":"has-post-thumbnail","7":"category-entre-rios","8":"tag-anses","9":"tag-coronavirus"},"yoast_head":"<title>Empez\u00f3 la preinscripci\u00f3n al Ingreso Familiar de Emergencia - Informe Litoral<\/title>\n<meta name=\"robots\" content=\"index, follow, max-snippet:-1, max-image-preview:large, max-video-preview:-1\" \/>\n<link rel=\"canonical\" href=\"https:\/\/informelitoral.com.ar\/empezo-la-preinscripcion-al-ingreso-familiar-de-emergencia\/\" \/>\n<meta property=\"og:locale\" content=\"es_ES\" \/>\n<meta property=\"og:type\" content=\"article\" \/>\n<meta property=\"og:title\" content=\"Empez\u00f3 la preinscripci\u00f3n al Ingreso Familiar de Emergencia - Informe Litoral\" \/>\n<meta property=\"og:description\" content=\"Desde este viernes se pueden preinscribir quienes tengan DNI finalizados en 0 y 1. Se trata de un tr\u00e1mite r\u00e1pido y sencillo por internet.\" \/>\n<meta property=\"og:url\" content=\"https:\/\/informelitoral.com.ar\/empezo-la-preinscripcion-al-ingreso-familiar-de-emergencia\/\" \/>\n<meta property=\"og:site_name\" content=\"Informe Litoral\" \/>\n<meta property=\"article:publisher\" content=\"https:\/\/www.facebook.com\/informelitoral\/\" \/>\n<meta property=\"article:published_time\" content=\"2020-03-27T10:40:25+00:00\" \/>\n<meta property=\"og:image\" content=\"https:\/\/informelitoral.com.ar\/%77%70%2d%63%6f%6e%74%65%6e%74\/uploads\/2020\/03\/inscripcion-ingreso-familiar.jpg\" \/>\n\t<meta property=\"og:image:width\" content=\"800\" \/>\n\t<meta property=\"og:image:height\" content=\"453\" \/>\n\t<meta property=\"og:image:type\" content=\"image\/jpeg\" \/>\n<meta name=\"author\" content=\"Gonzalo Schmidt\" \/>\n<meta name=\"twitter:card\" content=\"summary_large_image\" \/>\n<meta name=\"twitter:creator\" content=\"@InformeLitoral\" \/>\n<meta name=\"twitter:site\" content=\"@InformeLitoral\" \/>\n<meta name=\"twitter:label1\" content=\"Escrito por\" \/>\n\t<meta name=\"twitter:data1\" content=\"Gonzalo Schmidt\" \/>\n\t<meta name=\"twitter:label2\" content=\"Tiempo de lectura\" \/>\n\t<meta name=\"twitter:data2\" content=\"2 minutos\" \/>\n<script type=\"application\/ld+json\" class=\"yoast-schema-graph\">{\"@context\":\"https:\\\/\\\/schema.org\",\"@graph\":[{\"@type\":\"Article\",\"@id\":\"https:\\\/\\\/informelitoral.com.ar\\\/empezo-la-preinscripcion-al-ingreso-familiar-de-emergencia\\\/#article\",\"isPartOf\":{\"@id\":\"https:\\\/\\\/informelitoral.com.ar\\\/empezo-la-preinscripcion-al-ingreso-familiar-de-emergencia\\\/\"},\"author\":{\"name\":\"Gonzalo Schmidt\",\"@id\":\"https:\\\/\\\/informelitoral.com.ar\\\/#\\\/schema\\\/person\\\/b9d00407c836482871ef1d57bf8e3180\"},\"headline\":\"Empez\u00f3 la preinscripci\u00f3n al Ingreso Familiar de Emergencia\",\"datePublished\":\"2020-03-27T10:40:25+00:00\",\"mainEntityOfPage\":{\"@id\":\"https:\\\/\\\/informelitoral.com.ar\\\/empezo-la-preinscripcion-al-ingreso-familiar-de-emergencia\\\/\"},\"wordCount\":501,\"commentCount\":0,\"publisher\":{\"@id\":\"https:\\\/\\\/informelitoral.com.ar\\\/#organization\"},\"image\":{\"@id\":\"https:\\\/\\\/informelitoral.com.ar\\\/empezo-la-preinscripcion-al-ingreso-familiar-de-emergencia\\\/#primaryimage\"},\"thumbnailUrl\":\"https:\\\/\\\/informelitoral.com.ar\\\/%77%70%2d%63%6f%6e%74%65%6e%74\\\/uploads\\\/2020\\\/03\\\/inscripcion-ingreso-familiar.jpg\",\"keywords\":[\"Anses\",\"Coronavirus\"],\"articleSection\":[\"Entre R\u00edos\"],\"inLanguage\":\"es\",\"potentialAction\":[{\"@type\":\"CommentAction\",\"name\":\"Comment\",\"target\":[\"https:\\\/\\\/informelitoral.com.ar\\\/empezo-la-preinscripcion-al-ingreso-familiar-de-emergencia\\\/#respond\"]}]},{\"@type\":\"WebPage\",\"@id\":\"https:\\\/\\\/informelitoral.com.ar\\\/empezo-la-preinscripcion-al-ingreso-familiar-de-emergencia\\\/\",\"url\":\"https:\\\/\\\/informelitoral.com.ar\\\/empezo-la-preinscripcion-al-ingreso-familiar-de-emergencia\\\/\",\"name\":\"Empez\u00f3 la preinscripci\u00f3n al Ingreso Familiar de Emergencia - Informe Litoral\",\"isPartOf\":{\"@id\":\"https:\\\/\\\/informelitoral.com.ar\\\/#website\"},\"primaryImageOfPage\":{\"@id\":\"https:\\\/\\\/informelitoral.com.ar\\\/empezo-la-preinscripcion-al-ingreso-familiar-de-emergencia\\\/#primaryimage\"},\"image\":{\"@id\":\"https:\\\/\\\/informelitoral.com.ar\\\/empezo-la-preinscripcion-al-ingreso-familiar-de-emergencia\\\/#primaryimage\"},\"thumbnailUrl\":\"https:\\\/\\\/informelitoral.com.ar\\\/%77%70%2d%63%6f%6e%74%65%6e%74\\\/uploads\\\/2020\\\/03\\\/inscripcion-ingreso-familiar.jpg\",\"datePublished\":\"2020-03-27T10:40:25+00:00\",\"breadcrumb\":{\"@id\":\"https:\\\/\\\/informelitoral.com.ar\\\/empezo-la-preinscripcion-al-ingreso-familiar-de-emergencia\\\/#breadcrumb\"},\"inLanguage\":\"es\",\"potentialAction\":[{\"@type\":\"ReadAction\",\"target\":[\"https:\\\/\\\/informelitoral.com.ar\\\/empezo-la-preinscripcion-al-ingreso-familiar-de-emergencia\\\/\"]}]},{\"@type\":\"ImageObject\",\"inLanguage\":\"es\",\"@id\":\"https:\\\/\\\/informelitoral.com.ar\\\/empezo-la-preinscripcion-al-ingreso-familiar-de-emergencia\\\/#primaryimage\",\"url\":\"https:\\\/\\\/informelitoral.com.ar\\\/%77%70%2d%63%6f%6e%74%65%6e%74\\\/uploads\\\/2020\\\/03\\\/inscripcion-ingreso-familiar.jpg\",\"contentUrl\":\"https:\\\/\\\/informelitoral.com.ar\\\/%77%70%2d%63%6f%6e%74%65%6e%74\\\/uploads\\\/2020\\\/03\\\/inscripcion-ingreso-familiar.jpg\",\"width\":800,\"height\":453},{\"@type\":\"BreadcrumbList\",\"@id\":\"https:\\\/\\\/informelitoral.com.ar\\\/empezo-la-preinscripcion-al-ingreso-familiar-de-emergencia\\\/#breadcrumb\",\"itemListElement\":[{\"@type\":\"ListItem\",\"position\":1,\"name\":\"Portada\",\"item\":\"https:\\\/\\\/informelitoral.com.ar\\\/\"},{\"@type\":\"ListItem\",\"position\":2,\"name\":\"Empez\u00f3 la preinscripci\u00f3n al Ingreso Familiar de Emergencia\"}]},{\"@type\":\"WebSite\",\"@id\":\"https:\\\/\\\/informelitoral.com.ar\\\/#website\",\"url\":\"https:\\\/\\\/informelitoral.com.ar\\\/\",\"name\":\"Informe Litoral\",\"description\":\"&quot;Nos informamos&quot; \",\"publisher\":{\"@id\":\"https:\\\/\\\/informelitoral.com.ar\\\/#organization\"},\"potentialAction\":[{\"@type\":\"SearchAction\",\"target\":{\"@type\":\"EntryPoint\",\"urlTemplate\":\"https:\\\/\\\/informelitoral.com.ar\\\/?s={search_term_string}\"},\"query-input\":{\"@type\":\"PropertyValueSpecification\",\"valueRequired\":true,\"valueName\":\"search_term_string\"}}],\"inLanguage\":\"es\"},{\"@type\":\"Organization\",\"@id\":\"https:\\\/\\\/informelitoral.com.ar\\\/#organization\",\"name\":\"Informe Litoral\",\"url\":\"https:\\\/\\\/informelitoral.com.ar\\\/\",\"logo\":{\"@type\":\"ImageObject\",\"inLanguage\":\"es\",\"@id\":\"https:\\\/\\\/informelitoral.com.ar\\\/#\\\/schema\\\/logo\\\/image\\\/\",\"url\":\"https:\\\/\\\/informelitoral.com.ar\\\/%77%70%2d%63%6f%6e%74%65%6e%74\\\/uploads\\\/2021\\\/01\\\/circulo.png\",\"contentUrl\":\"https:\\\/\\\/informelitoral.com.ar\\\/%77%70%2d%63%6f%6e%74%65%6e%74\\\/uploads\\\/2021\\\/01\\\/circulo.png\",\"width\":723,\"height\":731,\"caption\":\"Informe Litoral\"},\"image\":{\"@id\":\"https:\\\/\\\/informelitoral.com.ar\\\/#\\\/schema\\\/logo\\\/image\\\/\"},\"sameAs\":[\"https:\\\/\\\/www.facebook.com\\\/informelitoral\\\/\",\"https:\\\/\\\/x.com\\\/InformeLitoral\",\"https:\\\/\\\/www.instagram.com\\\/informelitoral\\\/\",\"https:\\\/\\\/www.youtube.com\\\/channel\\\/UCua4Qvz8Icb6MYqhoq9xLXw\"]},{\"@type\":\"Person\",\"@id\":\"https:\\\/\\\/informelitoral.com.ar\\\/#\\\/schema\\\/person\\\/b9d00407c836482871ef1d57bf8e3180\",\"name\":\"Gonzalo Schmidt\",\"image\":{\"@type\":\"ImageObject\",\"inLanguage\":\"es\",\"@id\":\"https:\\\/\\\/secure.gravatar.com\\\/avatar\\\/31a1a7b66ff2de83bd0e9fd79d026630d2d99e55e8bfe501287647b4fd9743de?s=96&d=mm&r=g\",\"url\":\"https:\\\/\\\/secure.gravatar.com\\\/avatar\\\/31a1a7b66ff2de83bd0e9fd79d026630d2d99e55e8bfe501287647b4fd9743de?s=96&d=mm&r=g\",\"contentUrl\":\"https:\\\/\\\/secure.gravatar.com\\\/avatar\\\/31a1a7b66ff2de83bd0e9fd79d026630d2d99e55e8bfe501287647b4fd9743de?s=96&d=mm&r=g\",\"caption\":\"Gonzalo Schmidt\"},\"description\":\"Sitio web de noticias de la provincia de Entre R\u00edos, Argentina. Informaci\u00f3n y entretenimiento. Informe Litoral, nos informamos.\",\"sameAs\":[\"http:\\\/\\\/www.isletasnoticias.com.ar\"],\"url\":\"https:\\\/\\\/informelitoral.com.ar\\\/author\\\/gonzalo\\\/\"}]}<\/script>","yoast_head_json":{"title":"Empez\u00f3 la preinscripci\u00f3n al Ingreso Familiar de Emergencia - Informe Litoral","robots":{"index":"index","follow":"follow","max-snippet":"max-snippet:-1","max-image-preview":"max-image-preview:large","max-video-preview":"max-video-preview:-1"},"canonical":"https:\/\/informelitoral.com.ar\/empezo-la-preinscripcion-al-ingreso-familiar-de-emergencia\/","og_locale":"es_ES","og_type":"article","og_title":"Empez\u00f3 la preinscripci\u00f3n al Ingreso Familiar de Emergencia - Informe Litoral","og_description":"Desde este viernes se pueden preinscribir quienes tengan DNI finalizados en 0 y 1. Se trata de un tr\u00e1mite r\u00e1pido y sencillo por internet.","og_url":"https:\/\/informelitoral.com.ar\/empezo-la-preinscripcion-al-ingreso-familiar-de-emergencia\/","og_site_name":"Informe Litoral","article_publisher":"https:\/\/www.facebook.com\/informelitoral\/","article_published_time":"2020-03-27T10:40:25+00:00","og_image":[{"width":800,"height":453,"url":"https:\/\/informelitoral.com.ar\/%77%70%2d%63%6f%6e%74%65%6e%74\/uploads\/2020\/03\/inscripcion-ingreso-familiar.jpg","type":"image\/jpeg"}],"author":"Gonzalo Schmidt","twitter_card":"summary_large_image","twitter_creator":"@InformeLitoral","twitter_site":"@InformeLitoral","twitter_misc":{"Escrito por":"Gonzalo Schmidt","Tiempo de lectura":"2 minutos"},"schema":{"@context":"https:\/\/schema.org","@graph":[{"@type":"Article","@id":"https:\/\/informelitoral.com.ar\/empezo-la-preinscripcion-al-ingreso-familiar-de-emergencia\/#article","isPartOf":{"@id":"https:\/\/informelitoral.com.ar\/empezo-la-preinscripcion-al-ingreso-familiar-de-emergencia\/"},"author":{"name":"Gonzalo Schmidt","@id":"https:\/\/informelitoral.com.ar\/#\/schema\/person\/b9d00407c836482871ef1d57bf8e3180"},"headline":"Empez\u00f3 la preinscripci\u00f3n al Ingreso Familiar de Emergencia","datePublished":"2020-03-27T10:40:25+00:00","mainEntityOfPage":{"@id":"https:\/\/informelitoral.com.ar\/empezo-la-preinscripcion-al-ingreso-familiar-de-emergencia\/"},"wordCount":501,"commentCount":0,"publisher":{"@id":"https:\/\/informelitoral.com.ar\/#organization"},"image":{"@id":"https:\/\/informelitoral.com.ar\/empezo-la-preinscripcion-al-ingreso-familiar-de-emergencia\/#primaryimage"},"thumbnailUrl":"https:\/\/informelitoral.com.ar\/%77%70%2d%63%6f%6e%74%65%6e%74\/uploads\/2020\/03\/inscripcion-ingreso-familiar.jpg","keywords":["Anses","Coronavirus"],"articleSection":["Entre R\u00edos"],"inLanguage":"es","potentialAction":[{"@type":"CommentAction","name":"Comment","target":["https:\/\/informelitoral.com.ar\/empezo-la-preinscripcion-al-ingreso-familiar-de-emergencia\/#respond"]}]},{"@type":"WebPage","@id":"https:\/\/informelitoral.com.ar\/empezo-la-preinscripcion-al-ingreso-familiar-de-emergencia\/","url":"https:\/\/informelitoral.com.ar\/empezo-la-preinscripcion-al-ingreso-familiar-de-emergencia\/","name":"Empez\u00f3 la preinscripci\u00f3n al Ingreso Familiar de Emergencia - Informe Litoral","isPartOf":{"@id":"https:\/\/informelitoral.com.ar\/#website"},"primaryImageOfPage":{"@id":"https:\/\/informelitoral.com.ar\/empezo-la-preinscripcion-al-ingreso-familiar-de-emergencia\/#primaryimage"},"image":{"@id":"https:\/\/informelitoral.com.ar\/empezo-la-preinscripcion-al-ingreso-familiar-de-emergencia\/#primaryimage"},"thumbnailUrl":"https:\/\/informelitoral.com.ar\/%77%70%2d%63%6f%6e%74%65%6e%74\/uploads\/2020\/03\/inscripcion-ingreso-familiar.jpg","datePublished":"2020-03-27T10:40:25+00:00","breadcrumb":{"@id":"https:\/\/informelitoral.com.ar\/empezo-la-preinscripcion-al-ingreso-familiar-de-emergencia\/#breadcrumb"},"inLanguage":"es","potentialAction":[{"@type":"ReadAction","target":["https:\/\/informelitoral.com.ar\/empezo-la-preinscripcion-al-ingreso-familiar-de-emergencia\/"]}]},{"@type":"ImageObject","inLanguage":"es","@id":"https:\/\/informelitoral.com.ar\/empezo-la-preinscripcion-al-ingreso-familiar-de-emergencia\/#primaryimage","url":"https:\/\/informelitoral.com.ar\/%77%70%2d%63%6f%6e%74%65%6e%74\/uploads\/2020\/03\/inscripcion-ingreso-familiar.jpg","contentUrl":"https:\/\/informelitoral.com.ar\/%77%70%2d%63%6f%6e%74%65%6e%74\/uploads\/2020\/03\/inscripcion-ingreso-familiar.jpg","width":800,"height":453},{"@type":"BreadcrumbList","@id":"https:\/\/informelitoral.com.ar\/empezo-la-preinscripcion-al-ingreso-familiar-de-emergencia\/#breadcrumb","itemListElement":[{"@type":"ListItem","position":1,"name":"Portada","item":"https:\/\/informelitoral.com.ar\/"},{"@type":"ListItem","position":2,"name":"Empez\u00f3 la preinscripci\u00f3n al Ingreso Familiar de Emergencia"}]},{"@type":"WebSite","@id":"https:\/\/informelitoral.com.ar\/#website","url":"https:\/\/informelitoral.com.ar\/","name":"Informe Litoral","description":"&quot;Nos informamos&quot; ","publisher":{"@id":"https:\/\/informelitoral.com.ar\/#organization"},"potentialAction":[{"@type":"SearchAction","target":{"@type":"EntryPoint","urlTemplate":"https:\/\/informelitoral.com.ar\/?s={search_term_string}"},"query-input":{"@type":"PropertyValueSpecification","valueRequired":true,"valueName":"search_term_string"}}],"inLanguage":"es"},{"@type":"Organization","@id":"https:\/\/informelitoral.com.ar\/#organization","name":"Informe Litoral","url":"https:\/\/informelitoral.com.ar\/","logo":{"@type":"ImageObject","inLanguage":"es","@id":"https:\/\/informelitoral.com.ar\/#\/schema\/logo\/image\/","url":"https:\/\/informelitoral.com.ar\/%77%70%2d%63%6f%6e%74%65%6e%74\/uploads\/2021\/01\/circulo.png","contentUrl":"https:\/\/informelitoral.com.ar\/%77%70%2d%63%6f%6e%74%65%6e%74\/uploads\/2021\/01\/circulo.png","width":723,"height":731,"caption":"Informe Litoral"},"image":{"@id":"https:\/\/informelitoral.com.ar\/#\/schema\/logo\/image\/"},"sameAs":["https:\/\/www.facebook.com\/informelitoral\/","https:\/\/x.com\/InformeLitoral","https:\/\/www.instagram.com\/informelitoral\/","https:\/\/www.youtube.com\/channel\/UCua4Qvz8Icb6MYqhoq9xLXw"]},{"@type":"Person","@id":"https:\/\/informelitoral.com.ar\/#\/schema\/person\/b9d00407c836482871ef1d57bf8e3180","name":"Gonzalo Schmidt","image":{"@type":"ImageObject","inLanguage":"es","@id":"https:\/\/secure.gravatar.com\/avatar\/31a1a7b66ff2de83bd0e9fd79d026630d2d99e55e8bfe501287647b4fd9743de?s=96&d=mm&r=g","url":"https:\/\/secure.gravatar.com\/avatar\/31a1a7b66ff2de83bd0e9fd79d026630d2d99e55e8bfe501287647b4fd9743de?s=96&d=mm&r=g","contentUrl":"https:\/\/secure.gravatar.com\/avatar\/31a1a7b66ff2de83bd0e9fd79d026630d2d99e55e8bfe501287647b4fd9743de?s=96&d=mm&r=g","caption":"Gonzalo Schmidt"},"description":"Sitio web de noticias de la provincia de Entre R\u00edos, Argentina. Informaci\u00f3n y entretenimiento. Informe Litoral, nos informamos.","sameAs":["http:\/\/www.isletasnoticias.com.ar"],"url":"https:\/\/informelitoral.com.ar\/author\/gonzalo\/"}]}},"_links":{"self":[{"href":"https:\/\/informelitoral.com.ar\/%77%70%2d%6a%73%6f%6e\/wp\/v2\/posts\/41391","targetHints":{"allow":["GET"]}}],"collection":[{"href":"https:\/\/informelitoral.com.ar\/%77%70%2d%6a%73%6f%6e\/wp\/v2\/posts"}],"about":[{"href":"https:\/\/informelitoral.com.ar\/%77%70%2d%6a%73%6f%6e\/wp\/v2\/types\/post"}],"author":[{"embeddable":true,"href":"https:\/\/informelitoral.com.ar\/%77%70%2d%6a%73%6f%6e\/wp\/v2\/users\/2"}],"replies":[{"embeddable":true,"href":"https:\/\/informelitoral.com.ar\/%77%70%2d%6a%73%6f%6e\/wp\/v2\/comments?post=41391"}],"version-history":[{"count":0,"href":"https:\/\/informelitoral.com.ar\/%77%70%2d%6a%73%6f%6e\/wp\/v2\/posts\/41391\/revisions"}],"wp:featuredmedia":[{"embeddable":true,"href":"https:\/\/informelitoral.com.ar\/%77%70%2d%6a%73%6f%6e\/wp\/v2\/media\/41393"}],"wp:attachment":[{"href":"https:\/\/informelitoral.com.ar\/%77%70%2d%6a%73%6f%6e\/wp\/v2\/media?parent=41391"}],"wp:term":[{"taxonomy":"category","embeddable":true,"href":"https:\/\/informelitoral.com.ar\/%77%70%2d%6a%73%6f%6e\/wp\/v2\/categories?post=41391"},{"taxonomy":"post_tag","embeddable":true,"href":"https:\/\/informelitoral.com.ar\/%77%70%2d%6a%73%6f%6e\/wp\/v2\/tags?post=41391"}],"curies":[{"name":"wp","href":"https:\/\/api.w.org\/{rel}","templated":true}]}}