{"id":41386,"date":"2020-03-26T20:47:16","date_gmt":"2020-03-26T23:47:16","guid":{"rendered":"https:\/\/www.isletasnoticias.com.ar\/?p=41386"},"modified":"2020-03-26T20:47:16","modified_gmt":"2020-03-26T23:47:16","slug":"el-gobierno-pagara-un-plus-de-5-mil-para-los-trabajadores-de-la-salud-y-las-fuerzas-de-seguridad","status":"publish","type":"post","link":"https:\/\/informelitoral.com.ar\/el-gobierno-pagara-un-plus-de-5-mil-para-los-trabajadores-de-la-salud-y-las-fuerzas-de-seguridad\/","title":{"rendered":"El Gobierno pagar\u00e1 un plus de $5 mil para los trabajadores de la salud y las fuerzas de seguridad"},"content":{"rendered":"<div class=\"row pb-content-type-text\">\n<div class=\"col-xs-12 col-print-12\">\n<p class=\"element element-paragraph\"><mark class=\"hl_yellow\">Al final, el plus salarial para los empleados del sector de la salud y de las fuerzas de Seguridad que el Gobierno otorgar\u00e1 por la crisis desatada en torno al avance del coronavirus en el pa\u00eds ser\u00e1 de $5.000.<\/mark><\/p>\n<\/div>\n<\/div>\n<div class=\"row pb-content-type-text\">\n<div class=\"col-xs-12 col-print-12\">\n<p class=\"element element-paragraph\"><b>As\u00ed lo confirmaron a este medio fuentes oficiales que este jueves trabajaban en los detalles de la implementaci\u00f3n del bono para el personal sanitario y las fuerzas de seguridad, dos de los rubros exceptuados en el decreto firmado la semana pasada por el presidente Alberto Fern\u00e1ndez\u00a0<\/b>en el que estableci\u00f3 el aislamiento provisorio y obligatorio que rige hasta el pr\u00f3ximo martes, y que la Casa Rosada se encamina a prorrogar, al menos, hasta Semana Santa.<\/p>\n<\/div>\n<\/div>\n<div class=\"row pb-content-type-text\">\n<div class=\"col-xs-12 col-print-12\">\n<p class=\"element element-paragraph\">La instrumentaci\u00f3n del bono se hab\u00eda analizado este mi\u00e9rcoles en la reuni\u00f3n de m\u00e1s tres de horas del gabinete econ\u00f3mico, encabezada por\u00a0<b>Santiago Cafiero<\/b>, en el Sal\u00f3n Eva Per\u00f3n de una Casa de Gobierno casi desierta. Solo un pu\u00f1ado de funcionarios, empleados de limpieza, custodios y seguridad; un par de choferes, algunos mozos de la Jefatura de Gabinete, y el personal de la Polic\u00eda Federal apostado en ese destino concurre por estos tiempos a la Casa Rosada.<\/p>\n<\/div>\n<\/div>\n<div class=\"row pb-content-type-text\">\n<div class=\"col-xs-12 col-print-12\">\n<p class=\"element element-paragraph\">El jefe de Gabinete y su mano derecha,\u00a0<b>Cecilia Todesca; los ministros Claudio Moroni, Mat\u00edas Kulfas y Mart\u00edn Guzm\u00e1n, y los titulares del Banco Central y de la AFIP, Miguel \u00c1ngel Pesce y Mercedes Marc\u00f3 del Pont<\/b>, respectivamente, conversaron un largo rato sobre el pago del bono, la situaci\u00f3n impositiva a ra\u00edz de la crisis por el avance de la pandemia mundial -\u00abva tener una muy fuerte baja\u00bb, aseguraron-, y las medidas de contenci\u00f3n social que el Gobierno termina de reglamentar por estas horas, destinadas a tratar de paliar el impacto en el bolsillo de los sectores m\u00e1s vulnerables.<\/p>\n<\/div>\n<\/div>\n<div class=\"row pb-content-type-image\">\n<figure class=\"element element-image col-xs-12\">\n<div class=\"single-image\"><img decoding=\"async\" id=\"5RLPF2AULNCPHMFJKKHE2WKMJA\" class=\"image-lazy\" src=\"https:\/\/www.infobae.com\/new-resizer\/aTaeCJu5dPtfZB8kz1HHSFzVqC0=\/750x0\/filters:quality(100)\/arc-anglerfish-arc2-prod-infobae.s3.amazonaws.com\/public\/5RLPF2AULNCPHMFJKKHE2WKMJA.jpg\" alt=\"Santiago Cafiero y el gabinete econ\u00f3mico \" width=\"750\" height=\"421.875\" data-url=\"https:\/\/www.infobae.com\/politica\/2020\/03\/26\/el-gobierno-otorgara-un-plus-de-5-mil-para-los-trabajadores-de-la-salud-y-las-fuerzas-de-seguridad\/%235RLPF2AULNCPHMFJKKHE2WKMJA\" data-original=\"https:\/\/www.infobae.com\/new-resizer\/aTaeCJu5dPtfZB8kz1HHSFzVqC0=\/750x0\/filters:quality(100)\/arc-anglerfish-arc2-prod-infobae.s3.amazonaws.com\/public\/5RLPF2AULNCPHMFJKKHE2WKMJA.jpg\" \/><\/div><figcaption class=\"\"><\/figcaption><\/figure>\n<\/div>\n<div class=\"row pb-content-type-text\">\n<div class=\"col-xs-12 col-print-12\">\n<p class=\"element element-paragraph\">Este viernes comienza, en esa l\u00ednea, la preinscripci\u00f3n para cobrar el Ingreso Familiar por Emergencia (IFE) de $10.000 que los ministros Moroni y Guzm\u00e1n anunciaron a principio de semana.\u00a0Destinado a trabajadores informales y monotributistas de las escalas m\u00e1s bajas.<\/p>\n<\/div>\n<\/div>\n<div class=\"row pb-content-type-text\">\n<div class=\"col-xs-12 col-print-12\">\n<p class=\"element element-paragraph\">En ese mismo encuentro, el gabinete econ\u00f3mico acord\u00f3 adem\u00e1s que el Estado se har\u00e1 cargo de parte de los sueldos de las peque\u00f1as y medianas empresas de hasta 25 empleados que no puedan afrontar el pago de salarios producto del abrupto freno de la actividad que provoc\u00f3 la cuarentena decretada por el Presidente.<\/p>\n<\/div>\n<\/div>\n<div class=\"row pb-content-type-text\">\n<div class=\"col-xs-12 col-print-12\">\n<p class=\"element element-paragraph\">En un principio, en tanto, se hab\u00eda especulado con que el personal enrolado en el Ministerio de Defensa, es decir, las Fuerzas Armadas, tambi\u00e9n cobrar\u00edan el bono dispuesto ahora por el Poder Ejecutivo, que seg\u00fan fuentes gubernamentales se publicar\u00eda en las pr\u00f3ximas horas en el Bolet\u00edn Oficial. Por el momento, no est\u00e1n contemplados por el plus.<\/p>\n<\/div>\n<\/div>\n<div class=\"row pb-content-type-text\">\n<div class=\"col-xs-12 col-print-12\">\n<p class=\"element element-paragraph\"><mark class=\"hl_yellow\">El pago extraordinario al personal de la salud y de las fuerzas es parte de las medidas a las que apel\u00f3 la Casa Rosada para hacerle frente a la crisis social y econ\u00f3mica que se presenta en paralelo a la crisis sanitaria, a pesar de que en este caso funciona m\u00e1s como una gratificaci\u00f3n por el rol de esos sectores en la lucha contra la pandemia que tiene en vilo al mundo.<\/mark><\/p>\n<\/div>\n<\/div>\n<div class=\"row pb-content-type-text\">\n<div class=\"col-xs-12 col-print-12\">\n<p class=\"element element-paragraph\">El Gobierno oficializar\u00e1 en los pr\u00f3ximos d\u00edas, por caso, un DNU que se publicar\u00eda antes del 1 de abril destinado a congelar las cuotas de los alquileres y de los cr\u00e9ditos hipotecarios y prohibir ejecuciones por los pr\u00f3ximos 180 d\u00edas,\u00a0tal como anticip\u00f3 este medio. La idea era enviar un proyecto al Parlamento, pero al final se decidi\u00f3 que tanto Diputados como el Senado contin\u00faen sin sesionar por el avance del coronarivus.<\/p>\n<\/div>\n<\/div>\n<div class=\"row pb-content-type-text\">\n<div class=\"col-xs-12 col-print-12\">\n<p class=\"element element-paragraph\">Es parte de la bater\u00eda de iniciativas que el jefe de Estado analiza y ejecuta en Olivos mientras cavila sobre la continuidad del aislamiento en todo el pa\u00eds. <em>(Fuente: Infobae)<\/em><\/p>\n<\/div>\n<\/div>\n","protected":false},"excerpt":{"rendered":"<p>Son dos de los sectores clave en la lucha contra el coronavirus.<\/p>\n","protected":false},"author":2,"featured_media":41387,"comment_status":"open","ping_status":"open","sticky":false,"template":"","format":"standard","meta":{"fifu_image_url":"","fifu_image_alt":"","footnotes":""},"categories":[7],"tags":[1426,233],"class_list":{"0":"post-41386","1":"post","2":"type-post","3":"status-publish","4":"format-standard","5":"has-post-thumbnail","7":"category-nacionales","8":"tag-coronavirus","9":"tag-gobierno-nacional"},"yoast_head":"<title>El Gobierno pagar\u00e1 un plus de $5 mil para los trabajadores de la salud y las fuerzas de seguridad - Informe Litoral<\/title>\n<meta name=\"robots\" content=\"index, follow, max-snippet:-1, max-image-preview:large, max-video-preview:-1\" \/>\n<link rel=\"canonical\" href=\"https:\/\/informelitoral.com.ar\/el-gobierno-pagara-un-plus-de-5-mil-para-los-trabajadores-de-la-salud-y-las-fuerzas-de-seguridad\/\" \/>\n<meta property=\"og:locale\" content=\"es_ES\" \/>\n<meta property=\"og:type\" content=\"article\" \/>\n<meta property=\"og:title\" content=\"El Gobierno pagar\u00e1 un plus de $5 mil para los trabajadores de la salud y las fuerzas de seguridad - Informe Litoral\" \/>\n<meta property=\"og:description\" content=\"Son dos de los sectores clave en la lucha contra el coronavirus.\" \/>\n<meta property=\"og:url\" content=\"https:\/\/informelitoral.com.ar\/el-gobierno-pagara-un-plus-de-5-mil-para-los-trabajadores-de-la-salud-y-las-fuerzas-de-seguridad\/\" \/>\n<meta property=\"og:site_name\" content=\"Informe Litoral\" \/>\n<meta property=\"article:publisher\" content=\"https:\/\/www.facebook.com\/informelitoral\/\" \/>\n<meta property=\"article:published_time\" content=\"2020-03-26T23:47:16+00:00\" \/>\n<meta property=\"og:image\" content=\"https:\/\/informelitoral.com.ar\/%77%70%2d%63%6f%6e%74%65%6e%74\/uploads\/2020\/03\/medicos-argentinos-coronavirus-1024x655.jpg\" \/>\n\t<meta property=\"og:image:width\" content=\"1024\" \/>\n\t<meta property=\"og:image:height\" content=\"655\" \/>\n\t<meta property=\"og:image:type\" content=\"image\/jpeg\" \/>\n<meta name=\"author\" content=\"Gonzalo Schmidt\" \/>\n<meta name=\"twitter:card\" content=\"summary_large_image\" \/>\n<meta name=\"twitter:creator\" content=\"@InformeLitoral\" \/>\n<meta name=\"twitter:site\" content=\"@InformeLitoral\" \/>\n<meta name=\"twitter:label1\" content=\"Escrito por\" \/>\n\t<meta name=\"twitter:data1\" content=\"Gonzalo Schmidt\" \/>\n\t<meta name=\"twitter:label2\" content=\"Tiempo de lectura\" \/>\n\t<meta name=\"twitter:data2\" content=\"3 minutos\" \/>\n<script type=\"application\/ld+json\" class=\"yoast-schema-graph\">{\"@context\":\"https:\\\/\\\/schema.org\",\"@graph\":[{\"@type\":\"Article\",\"@id\":\"https:\\\/\\\/informelitoral.com.ar\\\/el-gobierno-pagara-un-plus-de-5-mil-para-los-trabajadores-de-la-salud-y-las-fuerzas-de-seguridad\\\/#article\",\"isPartOf\":{\"@id\":\"https:\\\/\\\/informelitoral.com.ar\\\/el-gobierno-pagara-un-plus-de-5-mil-para-los-trabajadores-de-la-salud-y-las-fuerzas-de-seguridad\\\/\"},\"author\":{\"name\":\"Gonzalo Schmidt\",\"@id\":\"https:\\\/\\\/informelitoral.com.ar\\\/#\\\/schema\\\/person\\\/b9d00407c836482871ef1d57bf8e3180\"},\"headline\":\"El Gobierno pagar\u00e1 un plus de $5 mil para los trabajadores de la salud y las fuerzas de seguridad\",\"datePublished\":\"2020-03-26T23:47:16+00:00\",\"mainEntityOfPage\":{\"@id\":\"https:\\\/\\\/informelitoral.com.ar\\\/el-gobierno-pagara-un-plus-de-5-mil-para-los-trabajadores-de-la-salud-y-las-fuerzas-de-seguridad\\\/\"},\"wordCount\":675,\"commentCount\":0,\"publisher\":{\"@id\":\"https:\\\/\\\/informelitoral.com.ar\\\/#organization\"},\"image\":{\"@id\":\"https:\\\/\\\/informelitoral.com.ar\\\/el-gobierno-pagara-un-plus-de-5-mil-para-los-trabajadores-de-la-salud-y-las-fuerzas-de-seguridad\\\/#primaryimage\"},\"thumbnailUrl\":\"https:\\\/\\\/informelitoral.com.ar\\\/%77%70%2d%63%6f%6e%74%65%6e%74\\\/uploads\\\/2020\\\/03\\\/medicos-argentinos-coronavirus-1024x655.jpg\",\"keywords\":[\"Coronavirus\",\"Gobierno nacional\"],\"articleSection\":[\"Nacionales\"],\"inLanguage\":\"es\",\"potentialAction\":[{\"@type\":\"CommentAction\",\"name\":\"Comment\",\"target\":[\"https:\\\/\\\/informelitoral.com.ar\\\/el-gobierno-pagara-un-plus-de-5-mil-para-los-trabajadores-de-la-salud-y-las-fuerzas-de-seguridad\\\/#respond\"]}]},{\"@type\":\"WebPage\",\"@id\":\"https:\\\/\\\/informelitoral.com.ar\\\/el-gobierno-pagara-un-plus-de-5-mil-para-los-trabajadores-de-la-salud-y-las-fuerzas-de-seguridad\\\/\",\"url\":\"https:\\\/\\\/informelitoral.com.ar\\\/el-gobierno-pagara-un-plus-de-5-mil-para-los-trabajadores-de-la-salud-y-las-fuerzas-de-seguridad\\\/\",\"name\":\"El Gobierno pagar\u00e1 un plus de $5 mil para los trabajadores de la salud y las fuerzas de seguridad - Informe Litoral\",\"isPartOf\":{\"@id\":\"https:\\\/\\\/informelitoral.com.ar\\\/#website\"},\"primaryImageOfPage\":{\"@id\":\"https:\\\/\\\/informelitoral.com.ar\\\/el-gobierno-pagara-un-plus-de-5-mil-para-los-trabajadores-de-la-salud-y-las-fuerzas-de-seguridad\\\/#primaryimage\"},\"image\":{\"@id\":\"https:\\\/\\\/informelitoral.com.ar\\\/el-gobierno-pagara-un-plus-de-5-mil-para-los-trabajadores-de-la-salud-y-las-fuerzas-de-seguridad\\\/#primaryimage\"},\"thumbnailUrl\":\"https:\\\/\\\/informelitoral.com.ar\\\/%77%70%2d%63%6f%6e%74%65%6e%74\\\/uploads\\\/2020\\\/03\\\/medicos-argentinos-coronavirus-1024x655.jpg\",\"datePublished\":\"2020-03-26T23:47:16+00:00\",\"breadcrumb\":{\"@id\":\"https:\\\/\\\/informelitoral.com.ar\\\/el-gobierno-pagara-un-plus-de-5-mil-para-los-trabajadores-de-la-salud-y-las-fuerzas-de-seguridad\\\/#breadcrumb\"},\"inLanguage\":\"es\",\"potentialAction\":[{\"@type\":\"ReadAction\",\"target\":[\"https:\\\/\\\/informelitoral.com.ar\\\/el-gobierno-pagara-un-plus-de-5-mil-para-los-trabajadores-de-la-salud-y-las-fuerzas-de-seguridad\\\/\"]}]},{\"@type\":\"ImageObject\",\"inLanguage\":\"es\",\"@id\":\"https:\\\/\\\/informelitoral.com.ar\\\/el-gobierno-pagara-un-plus-de-5-mil-para-los-trabajadores-de-la-salud-y-las-fuerzas-de-seguridad\\\/#primaryimage\",\"url\":\"https:\\\/\\\/informelitoral.com.ar\\\/%77%70%2d%63%6f%6e%74%65%6e%74\\\/uploads\\\/2020\\\/03\\\/medicos-argentinos-coronavirus-1024x655.jpg\",\"contentUrl\":\"https:\\\/\\\/informelitoral.com.ar\\\/%77%70%2d%63%6f%6e%74%65%6e%74\\\/uploads\\\/2020\\\/03\\\/medicos-argentinos-coronavirus-1024x655.jpg\",\"width\":1024,\"height\":655},{\"@type\":\"BreadcrumbList\",\"@id\":\"https:\\\/\\\/informelitoral.com.ar\\\/el-gobierno-pagara-un-plus-de-5-mil-para-los-trabajadores-de-la-salud-y-las-fuerzas-de-seguridad\\\/#breadcrumb\",\"itemListElement\":[{\"@type\":\"ListItem\",\"position\":1,\"name\":\"Portada\",\"item\":\"https:\\\/\\\/informelitoral.com.ar\\\/\"},{\"@type\":\"ListItem\",\"position\":2,\"name\":\"El Gobierno pagar\u00e1 un plus de $5 mil para los trabajadores de la salud y las fuerzas de seguridad\"}]},{\"@type\":\"WebSite\",\"@id\":\"https:\\\/\\\/informelitoral.com.ar\\\/#website\",\"url\":\"https:\\\/\\\/informelitoral.com.ar\\\/\",\"name\":\"Informe Litoral\",\"description\":\"&quot;Nos informamos&quot; \",\"publisher\":{\"@id\":\"https:\\\/\\\/informelitoral.com.ar\\\/#organization\"},\"potentialAction\":[{\"@type\":\"SearchAction\",\"target\":{\"@type\":\"EntryPoint\",\"urlTemplate\":\"https:\\\/\\\/informelitoral.com.ar\\\/?s={search_term_string}\"},\"query-input\":{\"@type\":\"PropertyValueSpecification\",\"valueRequired\":true,\"valueName\":\"search_term_string\"}}],\"inLanguage\":\"es\"},{\"@type\":\"Organization\",\"@id\":\"https:\\\/\\\/informelitoral.com.ar\\\/#organization\",\"name\":\"Informe Litoral\",\"url\":\"https:\\\/\\\/informelitoral.com.ar\\\/\",\"logo\":{\"@type\":\"ImageObject\",\"inLanguage\":\"es\",\"@id\":\"https:\\\/\\\/informelitoral.com.ar\\\/#\\\/schema\\\/logo\\\/image\\\/\",\"url\":\"https:\\\/\\\/informelitoral.com.ar\\\/%77%70%2d%63%6f%6e%74%65%6e%74\\\/uploads\\\/2021\\\/01\\\/circulo.png\",\"contentUrl\":\"https:\\\/\\\/informelitoral.com.ar\\\/%77%70%2d%63%6f%6e%74%65%6e%74\\\/uploads\\\/2021\\\/01\\\/circulo.png\",\"width\":723,\"height\":731,\"caption\":\"Informe Litoral\"},\"image\":{\"@id\":\"https:\\\/\\\/informelitoral.com.ar\\\/#\\\/schema\\\/logo\\\/image\\\/\"},\"sameAs\":[\"https:\\\/\\\/www.facebook.com\\\/informelitoral\\\/\",\"https:\\\/\\\/x.com\\\/InformeLitoral\",\"https:\\\/\\\/www.instagram.com\\\/informelitoral\\\/\",\"https:\\\/\\\/www.youtube.com\\\/channel\\\/UCua4Qvz8Icb6MYqhoq9xLXw\"]},{\"@type\":\"Person\",\"@id\":\"https:\\\/\\\/informelitoral.com.ar\\\/#\\\/schema\\\/person\\\/b9d00407c836482871ef1d57bf8e3180\",\"name\":\"Gonzalo Schmidt\",\"image\":{\"@type\":\"ImageObject\",\"inLanguage\":\"es\",\"@id\":\"https:\\\/\\\/secure.gravatar.com\\\/avatar\\\/31a1a7b66ff2de83bd0e9fd79d026630d2d99e55e8bfe501287647b4fd9743de?s=96&d=mm&r=g\",\"url\":\"https:\\\/\\\/secure.gravatar.com\\\/avatar\\\/31a1a7b66ff2de83bd0e9fd79d026630d2d99e55e8bfe501287647b4fd9743de?s=96&d=mm&r=g\",\"contentUrl\":\"https:\\\/\\\/secure.gravatar.com\\\/avatar\\\/31a1a7b66ff2de83bd0e9fd79d026630d2d99e55e8bfe501287647b4fd9743de?s=96&d=mm&r=g\",\"caption\":\"Gonzalo Schmidt\"},\"description\":\"Sitio web de noticias de la provincia de Entre R\u00edos, Argentina. Informaci\u00f3n y entretenimiento. Informe Litoral, nos informamos.\",\"sameAs\":[\"http:\\\/\\\/www.isletasnoticias.com.ar\"],\"url\":\"https:\\\/\\\/informelitoral.com.ar\\\/author\\\/gonzalo\\\/\"}]}<\/script>","yoast_head_json":{"title":"El Gobierno pagar\u00e1 un plus de $5 mil para los trabajadores de la salud y las fuerzas de seguridad - Informe Litoral","robots":{"index":"index","follow":"follow","max-snippet":"max-snippet:-1","max-image-preview":"max-image-preview:large","max-video-preview":"max-video-preview:-1"},"canonical":"https:\/\/informelitoral.com.ar\/el-gobierno-pagara-un-plus-de-5-mil-para-los-trabajadores-de-la-salud-y-las-fuerzas-de-seguridad\/","og_locale":"es_ES","og_type":"article","og_title":"El Gobierno pagar\u00e1 un plus de $5 mil para los trabajadores de la salud y las fuerzas de seguridad - Informe Litoral","og_description":"Son dos de los sectores clave en la lucha contra el coronavirus.","og_url":"https:\/\/informelitoral.com.ar\/el-gobierno-pagara-un-plus-de-5-mil-para-los-trabajadores-de-la-salud-y-las-fuerzas-de-seguridad\/","og_site_name":"Informe Litoral","article_publisher":"https:\/\/www.facebook.com\/informelitoral\/","article_published_time":"2020-03-26T23:47:16+00:00","og_image":[{"width":1024,"height":655,"url":"https:\/\/informelitoral.com.ar\/%77%70%2d%63%6f%6e%74%65%6e%74\/uploads\/2020\/03\/medicos-argentinos-coronavirus-1024x655.jpg","type":"image\/jpeg"}],"author":"Gonzalo Schmidt","twitter_card":"summary_large_image","twitter_creator":"@InformeLitoral","twitter_site":"@InformeLitoral","twitter_misc":{"Escrito por":"Gonzalo Schmidt","Tiempo de lectura":"3 minutos"},"schema":{"@context":"https:\/\/schema.org","@graph":[{"@type":"Article","@id":"https:\/\/informelitoral.com.ar\/el-gobierno-pagara-un-plus-de-5-mil-para-los-trabajadores-de-la-salud-y-las-fuerzas-de-seguridad\/#article","isPartOf":{"@id":"https:\/\/informelitoral.com.ar\/el-gobierno-pagara-un-plus-de-5-mil-para-los-trabajadores-de-la-salud-y-las-fuerzas-de-seguridad\/"},"author":{"name":"Gonzalo Schmidt","@id":"https:\/\/informelitoral.com.ar\/#\/schema\/person\/b9d00407c836482871ef1d57bf8e3180"},"headline":"El Gobierno pagar\u00e1 un plus de $5 mil para los trabajadores de la salud y las fuerzas de seguridad","datePublished":"2020-03-26T23:47:16+00:00","mainEntityOfPage":{"@id":"https:\/\/informelitoral.com.ar\/el-gobierno-pagara-un-plus-de-5-mil-para-los-trabajadores-de-la-salud-y-las-fuerzas-de-seguridad\/"},"wordCount":675,"commentCount":0,"publisher":{"@id":"https:\/\/informelitoral.com.ar\/#organization"},"image":{"@id":"https:\/\/informelitoral.com.ar\/el-gobierno-pagara-un-plus-de-5-mil-para-los-trabajadores-de-la-salud-y-las-fuerzas-de-seguridad\/#primaryimage"},"thumbnailUrl":"https:\/\/informelitoral.com.ar\/%77%70%2d%63%6f%6e%74%65%6e%74\/uploads\/2020\/03\/medicos-argentinos-coronavirus-1024x655.jpg","keywords":["Coronavirus","Gobierno nacional"],"articleSection":["Nacionales"],"inLanguage":"es","potentialAction":[{"@type":"CommentAction","name":"Comment","target":["https:\/\/informelitoral.com.ar\/el-gobierno-pagara-un-plus-de-5-mil-para-los-trabajadores-de-la-salud-y-las-fuerzas-de-seguridad\/#respond"]}]},{"@type":"WebPage","@id":"https:\/\/informelitoral.com.ar\/el-gobierno-pagara-un-plus-de-5-mil-para-los-trabajadores-de-la-salud-y-las-fuerzas-de-seguridad\/","url":"https:\/\/informelitoral.com.ar\/el-gobierno-pagara-un-plus-de-5-mil-para-los-trabajadores-de-la-salud-y-las-fuerzas-de-seguridad\/","name":"El Gobierno pagar\u00e1 un plus de $5 mil para los trabajadores de la salud y las fuerzas de seguridad - Informe Litoral","isPartOf":{"@id":"https:\/\/informelitoral.com.ar\/#website"},"primaryImageOfPage":{"@id":"https:\/\/informelitoral.com.ar\/el-gobierno-pagara-un-plus-de-5-mil-para-los-trabajadores-de-la-salud-y-las-fuerzas-de-seguridad\/#primaryimage"},"image":{"@id":"https:\/\/informelitoral.com.ar\/el-gobierno-pagara-un-plus-de-5-mil-para-los-trabajadores-de-la-salud-y-las-fuerzas-de-seguridad\/#primaryimage"},"thumbnailUrl":"https:\/\/informelitoral.com.ar\/%77%70%2d%63%6f%6e%74%65%6e%74\/uploads\/2020\/03\/medicos-argentinos-coronavirus-1024x655.jpg","datePublished":"2020-03-26T23:47:16+00:00","breadcrumb":{"@id":"https:\/\/informelitoral.com.ar\/el-gobierno-pagara-un-plus-de-5-mil-para-los-trabajadores-de-la-salud-y-las-fuerzas-de-seguridad\/#breadcrumb"},"inLanguage":"es","potentialAction":[{"@type":"ReadAction","target":["https:\/\/informelitoral.com.ar\/el-gobierno-pagara-un-plus-de-5-mil-para-los-trabajadores-de-la-salud-y-las-fuerzas-de-seguridad\/"]}]},{"@type":"ImageObject","inLanguage":"es","@id":"https:\/\/informelitoral.com.ar\/el-gobierno-pagara-un-plus-de-5-mil-para-los-trabajadores-de-la-salud-y-las-fuerzas-de-seguridad\/#primaryimage","url":"https:\/\/informelitoral.com.ar\/%77%70%2d%63%6f%6e%74%65%6e%74\/uploads\/2020\/03\/medicos-argentinos-coronavirus-1024x655.jpg","contentUrl":"https:\/\/informelitoral.com.ar\/%77%70%2d%63%6f%6e%74%65%6e%74\/uploads\/2020\/03\/medicos-argentinos-coronavirus-1024x655.jpg","width":1024,"height":655},{"@type":"BreadcrumbList","@id":"https:\/\/informelitoral.com.ar\/el-gobierno-pagara-un-plus-de-5-mil-para-los-trabajadores-de-la-salud-y-las-fuerzas-de-seguridad\/#breadcrumb","itemListElement":[{"@type":"ListItem","position":1,"name":"Portada","item":"https:\/\/informelitoral.com.ar\/"},{"@type":"ListItem","position":2,"name":"El Gobierno pagar\u00e1 un plus de $5 mil para los trabajadores de la salud y las fuerzas de seguridad"}]},{"@type":"WebSite","@id":"https:\/\/informelitoral.com.ar\/#website","url":"https:\/\/informelitoral.com.ar\/","name":"Informe Litoral","description":"&quot;Nos informamos&quot; ","publisher":{"@id":"https:\/\/informelitoral.com.ar\/#organization"},"potentialAction":[{"@type":"SearchAction","target":{"@type":"EntryPoint","urlTemplate":"https:\/\/informelitoral.com.ar\/?s={search_term_string}"},"query-input":{"@type":"PropertyValueSpecification","valueRequired":true,"valueName":"search_term_string"}}],"inLanguage":"es"},{"@type":"Organization","@id":"https:\/\/informelitoral.com.ar\/#organization","name":"Informe Litoral","url":"https:\/\/informelitoral.com.ar\/","logo":{"@type":"ImageObject","inLanguage":"es","@id":"https:\/\/informelitoral.com.ar\/#\/schema\/logo\/image\/","url":"https:\/\/informelitoral.com.ar\/%77%70%2d%63%6f%6e%74%65%6e%74\/uploads\/2021\/01\/circulo.png","contentUrl":"https:\/\/informelitoral.com.ar\/%77%70%2d%63%6f%6e%74%65%6e%74\/uploads\/2021\/01\/circulo.png","width":723,"height":731,"caption":"Informe Litoral"},"image":{"@id":"https:\/\/informelitoral.com.ar\/#\/schema\/logo\/image\/"},"sameAs":["https:\/\/www.facebook.com\/informelitoral\/","https:\/\/x.com\/InformeLitoral","https:\/\/www.instagram.com\/informelitoral\/","https:\/\/www.youtube.com\/channel\/UCua4Qvz8Icb6MYqhoq9xLXw"]},{"@type":"Person","@id":"https:\/\/informelitoral.com.ar\/#\/schema\/person\/b9d00407c836482871ef1d57bf8e3180","name":"Gonzalo Schmidt","image":{"@type":"ImageObject","inLanguage":"es","@id":"https:\/\/secure.gravatar.com\/avatar\/31a1a7b66ff2de83bd0e9fd79d026630d2d99e55e8bfe501287647b4fd9743de?s=96&d=mm&r=g","url":"https:\/\/secure.gravatar.com\/avatar\/31a1a7b66ff2de83bd0e9fd79d026630d2d99e55e8bfe501287647b4fd9743de?s=96&d=mm&r=g","contentUrl":"https:\/\/secure.gravatar.com\/avatar\/31a1a7b66ff2de83bd0e9fd79d026630d2d99e55e8bfe501287647b4fd9743de?s=96&d=mm&r=g","caption":"Gonzalo Schmidt"},"description":"Sitio web de noticias de la provincia de Entre R\u00edos, Argentina. Informaci\u00f3n y entretenimiento. Informe Litoral, nos informamos.","sameAs":["http:\/\/www.isletasnoticias.com.ar"],"url":"https:\/\/informelitoral.com.ar\/author\/gonzalo\/"}]}},"_links":{"self":[{"href":"https:\/\/informelitoral.com.ar\/%77%70%2d%6a%73%6f%6e\/wp\/v2\/posts\/41386","targetHints":{"allow":["GET"]}}],"collection":[{"href":"https:\/\/informelitoral.com.ar\/%77%70%2d%6a%73%6f%6e\/wp\/v2\/posts"}],"about":[{"href":"https:\/\/informelitoral.com.ar\/%77%70%2d%6a%73%6f%6e\/wp\/v2\/types\/post"}],"author":[{"embeddable":true,"href":"https:\/\/informelitoral.com.ar\/%77%70%2d%6a%73%6f%6e\/wp\/v2\/users\/2"}],"replies":[{"embeddable":true,"href":"https:\/\/informelitoral.com.ar\/%77%70%2d%6a%73%6f%6e\/wp\/v2\/comments?post=41386"}],"version-history":[{"count":0,"href":"https:\/\/informelitoral.com.ar\/%77%70%2d%6a%73%6f%6e\/wp\/v2\/posts\/41386\/revisions"}],"wp:featuredmedia":[{"embeddable":true,"href":"https:\/\/informelitoral.com.ar\/%77%70%2d%6a%73%6f%6e\/wp\/v2\/media\/41387"}],"wp:attachment":[{"href":"https:\/\/informelitoral.com.ar\/%77%70%2d%6a%73%6f%6e\/wp\/v2\/media?parent=41386"}],"wp:term":[{"taxonomy":"category","embeddable":true,"href":"https:\/\/informelitoral.com.ar\/%77%70%2d%6a%73%6f%6e\/wp\/v2\/categories?post=41386"},{"taxonomy":"post_tag","embeddable":true,"href":"https:\/\/informelitoral.com.ar\/%77%70%2d%6a%73%6f%6e\/wp\/v2\/tags?post=41386"}],"curies":[{"name":"wp","href":"https:\/\/api.w.org\/{rel}","templated":true}]}}