{"id":41376,"date":"2020-03-26T20:27:46","date_gmt":"2020-03-26T23:27:46","guid":{"rendered":"https:\/\/www.isletasnoticias.com.ar\/?p=41376"},"modified":"2020-03-27T08:41:18","modified_gmt":"2020-03-27T11:41:18","slug":"fernando-huck-ofrece-su-hotel-para-internar-pacientes-con-coronavirus","status":"publish","type":"post","link":"https:\/\/informelitoral.com.ar\/fernando-huck-ofrece-su-hotel-para-internar-pacientes-con-coronavirus\/","title":{"rendered":"Fernando Huck ofrece su hotel para internar pacientes con coronavirus"},"content":{"rendered":"<p>El empresario crespense, <strong>Fernando Alberto Huck<\/strong> puso a disposici\u00f3n del <strong>sistema de salud<\/strong> de Entre R\u00edos el <strong>Hotel Crespo<\/strong>. Se trata de un emprendimiento ubicado frente a la terminal de \u00f3mnibus de esa ciudad del departamento Paran\u00e1.<\/p>\n<p>Seg\u00fan indic\u00f3 el propietario de una inmobiliaria, medios de comunicaci\u00f3n, entre otras empresas, ya le envi\u00f3 notas al gobernador <strong>Gustavo Bordet<\/strong> y al intendente <strong>Dar\u00edo Schneider<\/strong>. El ofrecimiento es para <span style=\"background-color: #ffff00;\"><strong>en caso de emergencia, alojar a pacientes sospechosos o con s\u00edntomas que deban hacer resguardo preventivo o que est\u00e9n infectados por el coronavirus.<\/strong><\/span><\/p>\n<p>Seg\u00fan supo<em><strong> IN<\/strong><\/em>, el hotel \u00abcuenta con una <strong>capacidad aproximada de 100 camas distribuidas en 39 habitaciones<\/strong> en planta baja y primer piso, cada una con <strong>ba\u00f1o privado, televisi\u00f3n, aire acondicionado y calefacci\u00f3n<\/strong> y tiene una entrada independiente para el <strong>estacionamiento de aproximadamente 15 autom\u00f3viles o ambulancias<\/strong>\u00ab, destac\u00f3 el empresario.<\/p>\n<h3><strong>El comunicado de Fernando Huck<a href=\"https:\/\/www.isletasnoticias.com.ar\/%77%70%2d%63%6f%6e%74%65%6e%74\/uploads\/2018\/12\/fernando-huck.jpg\"><img loading=\"lazy\" decoding=\"async\" class=\"aligncenter wp-image-31322 size-full\" src=\"https:\/\/www.isletasnoticias.com.ar\/%77%70%2d%63%6f%6e%74%65%6e%74\/uploads\/2018\/12\/fernando-huck.jpg\" alt=\"\" width=\"960\" height=\"639\" srcset=\"https:\/\/informelitoral.com.ar\/%77%70%2d%63%6f%6e%74%65%6e%74\/uploads\/2018\/12\/fernando-huck.jpg 960w, https:\/\/informelitoral.com.ar\/%77%70%2d%63%6f%6e%74%65%6e%74\/uploads\/2018\/12\/fernando-huck-300x200.jpg 300w, https:\/\/informelitoral.com.ar\/%77%70%2d%63%6f%6e%74%65%6e%74\/uploads\/2018\/12\/fernando-huck-768x511.jpg 768w, https:\/\/informelitoral.com.ar\/%77%70%2d%63%6f%6e%74%65%6e%74\/uploads\/2018\/12\/fernando-huck-696x463.jpg 696w, https:\/\/informelitoral.com.ar\/%77%70%2d%63%6f%6e%74%65%6e%74\/uploads\/2018\/12\/fernando-huck-631x420.jpg 631w\" sizes=\"auto, (max-width: 960px) 100vw, 960px\" \/><\/a><\/strong><\/h3>\n<p><em>\u201cAtento a la situaci\u00f3n sanitaria que est\u00e1 viviendo no solo Entre R\u00edos, sino Argentina y el mundo, por los contagios que produce el virus Covid-19, queremos colaborar como empresa, para contribuir con el sistema de salud local y provincial, ampliando la capacidad de alojamiento, en caso de que crezca el n\u00famero de enfermos. Para ello, ofrecemos las instalaciones de \u201cHotel Crespo\u201d, para que sea medicalizado, en caso de que, por razones sanitarias, se necesiten alojar a pacientes sospechosos o con s\u00edntomas que deban hacer resguardo preventivo, infectadas por el Coronavirus. He escuchado que por esta crisis, especialistas y autoridades de otros pa\u00edses, estimaron que donde la curva de casos positivos se increment\u00f3, fue necesario liberar camas de los hospitales y cl\u00ednicas, para optimizar el funcionamiento de los nosocomios de mayor complejidad que trataban los casos m\u00e1s urgentes. Para ello, muchos establecimientos hoteleros ayudaron para descomprimir la atenci\u00f3n de pacientes leves aislados, alojando a personas con sintomatolog\u00edas y que deben esperar con resguardo preventivo, el resultado de los an\u00e1lisis de confirmaci\u00f3n de presencia del virus. Hotel Crespo est\u00e1 ubicado en calle San Mart\u00edn, esquina French (frente a la Terminal de \u00d3mnibus de Crespo), cuenta con una capacidad aproximada de 100 camas distribuidas en 39 habitaciones en planta baja y primer piso, cada una con ba\u00f1o privado, televisi\u00f3n, aire acondicionado y calefacci\u00f3n y tiene una entrada independiente para el estacionamiento de aproximadamente 15 autom\u00f3viles o ambulancias\u201d.<\/em><\/p>\n<h3><a href=\"https:\/\/www.isletasnoticias.com.ar\/%77%70%2d%63%6f%6e%74%65%6e%74\/uploads\/2020\/03\/91002920_579591845975681_1836978033852940288_o.png\"><strong>La nota a Bordet:<\/strong><\/a><em><a href=\"https:\/\/www.isletasnoticias.com.ar\/%77%70%2d%63%6f%6e%74%65%6e%74\/uploads\/2020\/03\/91002920_579591845975681_1836978033852940288_o.png\"><br \/>\n<img loading=\"lazy\" decoding=\"async\" class=\"aligncenter wp-image-41401 size-full\" src=\"https:\/\/www.isletasnoticias.com.ar\/%77%70%2d%63%6f%6e%74%65%6e%74\/uploads\/2020\/03\/91002920_579591845975681_1836978033852940288_o.png\" alt=\"\" width=\"768\" height=\"960\" srcset=\"https:\/\/informelitoral.com.ar\/%77%70%2d%63%6f%6e%74%65%6e%74\/uploads\/2020\/03\/91002920_579591845975681_1836978033852940288_o.png 768w, https:\/\/informelitoral.com.ar\/%77%70%2d%63%6f%6e%74%65%6e%74\/uploads\/2020\/03\/91002920_579591845975681_1836978033852940288_o-240x300.png 240w, https:\/\/informelitoral.com.ar\/%77%70%2d%63%6f%6e%74%65%6e%74\/uploads\/2020\/03\/91002920_579591845975681_1836978033852940288_o-696x870.png 696w, https:\/\/informelitoral.com.ar\/%77%70%2d%63%6f%6e%74%65%6e%74\/uploads\/2020\/03\/91002920_579591845975681_1836978033852940288_o-336x420.png 336w\" sizes=\"auto, (max-width: 768px) 100vw, 768px\" \/><\/a><\/em><\/h3>\n","protected":false},"excerpt":{"rendered":"<p>El empresario crespense le envi\u00f3 notas al gobernador y al intendente. El emprendimiento cuenta con 100 camas y estacionamiento para hasta 15 ambulancias. <\/p>\n","protected":false},"author":2,"featured_media":41377,"comment_status":"open","ping_status":"open","sticky":false,"template":"","format":"standard","meta":{"fifu_image_url":"","fifu_image_alt":"","footnotes":""},"categories":[9],"tags":[1426,208,353],"class_list":{"0":"post-41376","1":"post","2":"type-post","3":"status-publish","4":"format-standard","5":"has-post-thumbnail","7":"category-sociedad","8":"tag-coronavirus","9":"tag-crespo","10":"tag-fernando-huck"},"yoast_head":"<title>Fernando Huck ofrece su hotel para internar pacientes con coronavirus - Informe Litoral<\/title>\n<meta name=\"robots\" content=\"index, follow, max-snippet:-1, max-image-preview:large, max-video-preview:-1\" \/>\n<link rel=\"canonical\" href=\"https:\/\/informelitoral.com.ar\/fernando-huck-ofrece-su-hotel-para-internar-pacientes-con-coronavirus\/\" \/>\n<meta property=\"og:locale\" content=\"es_ES\" \/>\n<meta property=\"og:type\" content=\"article\" \/>\n<meta property=\"og:title\" content=\"Fernando Huck ofrece su hotel para internar pacientes con coronavirus - Informe Litoral\" \/>\n<meta property=\"og:description\" content=\"El empresario crespense le envi\u00f3 notas al gobernador y al intendente. El emprendimiento cuenta con 100 camas y estacionamiento para hasta 15 ambulancias.\" \/>\n<meta property=\"og:url\" content=\"https:\/\/informelitoral.com.ar\/fernando-huck-ofrece-su-hotel-para-internar-pacientes-con-coronavirus\/\" \/>\n<meta property=\"og:site_name\" content=\"Informe Litoral\" \/>\n<meta property=\"article:publisher\" content=\"https:\/\/www.facebook.com\/informelitoral\/\" \/>\n<meta property=\"article:published_time\" content=\"2020-03-26T23:27:46+00:00\" \/>\n<meta property=\"article:modified_time\" content=\"2020-03-27T11:41:18+00:00\" \/>\n<meta property=\"og:image\" content=\"https:\/\/informelitoral.com.ar\/%77%70%2d%63%6f%6e%74%65%6e%74\/uploads\/2020\/03\/hotel-crespo.jpg\" \/>\n\t<meta property=\"og:image:width\" content=\"1024\" \/>\n\t<meta property=\"og:image:height\" content=\"768\" \/>\n\t<meta property=\"og:image:type\" content=\"image\/jpeg\" \/>\n<meta name=\"author\" content=\"Gonzalo Schmidt\" \/>\n<meta name=\"twitter:card\" content=\"summary_large_image\" \/>\n<meta name=\"twitter:creator\" content=\"@InformeLitoral\" \/>\n<meta name=\"twitter:site\" content=\"@InformeLitoral\" \/>\n<meta name=\"twitter:label1\" content=\"Escrito por\" \/>\n\t<meta name=\"twitter:data1\" content=\"Gonzalo Schmidt\" \/>\n\t<meta name=\"twitter:label2\" content=\"Tiempo de lectura\" \/>\n\t<meta name=\"twitter:data2\" content=\"2 minutos\" \/>\n<script type=\"application\/ld+json\" class=\"yoast-schema-graph\">{\"@context\":\"https:\\\/\\\/schema.org\",\"@graph\":[{\"@type\":\"Article\",\"@id\":\"https:\\\/\\\/informelitoral.com.ar\\\/fernando-huck-ofrece-su-hotel-para-internar-pacientes-con-coronavirus\\\/#article\",\"isPartOf\":{\"@id\":\"https:\\\/\\\/informelitoral.com.ar\\\/fernando-huck-ofrece-su-hotel-para-internar-pacientes-con-coronavirus\\\/\"},\"author\":{\"name\":\"Gonzalo Schmidt\",\"@id\":\"https:\\\/\\\/informelitoral.com.ar\\\/#\\\/schema\\\/person\\\/b9d00407c836482871ef1d57bf8e3180\"},\"headline\":\"Fernando Huck ofrece su hotel para internar pacientes con coronavirus\",\"datePublished\":\"2020-03-26T23:27:46+00:00\",\"dateModified\":\"2020-03-27T11:41:18+00:00\",\"mainEntityOfPage\":{\"@id\":\"https:\\\/\\\/informelitoral.com.ar\\\/fernando-huck-ofrece-su-hotel-para-internar-pacientes-con-coronavirus\\\/\"},\"wordCount\":415,\"commentCount\":0,\"publisher\":{\"@id\":\"https:\\\/\\\/informelitoral.com.ar\\\/#organization\"},\"image\":{\"@id\":\"https:\\\/\\\/informelitoral.com.ar\\\/fernando-huck-ofrece-su-hotel-para-internar-pacientes-con-coronavirus\\\/#primaryimage\"},\"thumbnailUrl\":\"https:\\\/\\\/informelitoral.com.ar\\\/%77%70%2d%63%6f%6e%74%65%6e%74\\\/uploads\\\/2020\\\/03\\\/hotel-crespo.jpg\",\"keywords\":[\"Coronavirus\",\"Crespo\",\"Fernando Huck\"],\"articleSection\":[\"Sociedad\"],\"inLanguage\":\"es\",\"potentialAction\":[{\"@type\":\"CommentAction\",\"name\":\"Comment\",\"target\":[\"https:\\\/\\\/informelitoral.com.ar\\\/fernando-huck-ofrece-su-hotel-para-internar-pacientes-con-coronavirus\\\/#respond\"]}]},{\"@type\":\"WebPage\",\"@id\":\"https:\\\/\\\/informelitoral.com.ar\\\/fernando-huck-ofrece-su-hotel-para-internar-pacientes-con-coronavirus\\\/\",\"url\":\"https:\\\/\\\/informelitoral.com.ar\\\/fernando-huck-ofrece-su-hotel-para-internar-pacientes-con-coronavirus\\\/\",\"name\":\"Fernando Huck ofrece su hotel para internar pacientes con coronavirus - Informe Litoral\",\"isPartOf\":{\"@id\":\"https:\\\/\\\/informelitoral.com.ar\\\/#website\"},\"primaryImageOfPage\":{\"@id\":\"https:\\\/\\\/informelitoral.com.ar\\\/fernando-huck-ofrece-su-hotel-para-internar-pacientes-con-coronavirus\\\/#primaryimage\"},\"image\":{\"@id\":\"https:\\\/\\\/informelitoral.com.ar\\\/fernando-huck-ofrece-su-hotel-para-internar-pacientes-con-coronavirus\\\/#primaryimage\"},\"thumbnailUrl\":\"https:\\\/\\\/informelitoral.com.ar\\\/%77%70%2d%63%6f%6e%74%65%6e%74\\\/uploads\\\/2020\\\/03\\\/hotel-crespo.jpg\",\"datePublished\":\"2020-03-26T23:27:46+00:00\",\"dateModified\":\"2020-03-27T11:41:18+00:00\",\"breadcrumb\":{\"@id\":\"https:\\\/\\\/informelitoral.com.ar\\\/fernando-huck-ofrece-su-hotel-para-internar-pacientes-con-coronavirus\\\/#breadcrumb\"},\"inLanguage\":\"es\",\"potentialAction\":[{\"@type\":\"ReadAction\",\"target\":[\"https:\\\/\\\/informelitoral.com.ar\\\/fernando-huck-ofrece-su-hotel-para-internar-pacientes-con-coronavirus\\\/\"]}]},{\"@type\":\"ImageObject\",\"inLanguage\":\"es\",\"@id\":\"https:\\\/\\\/informelitoral.com.ar\\\/fernando-huck-ofrece-su-hotel-para-internar-pacientes-con-coronavirus\\\/#primaryimage\",\"url\":\"https:\\\/\\\/informelitoral.com.ar\\\/%77%70%2d%63%6f%6e%74%65%6e%74\\\/uploads\\\/2020\\\/03\\\/hotel-crespo.jpg\",\"contentUrl\":\"https:\\\/\\\/informelitoral.com.ar\\\/%77%70%2d%63%6f%6e%74%65%6e%74\\\/uploads\\\/2020\\\/03\\\/hotel-crespo.jpg\",\"width\":1024,\"height\":768},{\"@type\":\"BreadcrumbList\",\"@id\":\"https:\\\/\\\/informelitoral.com.ar\\\/fernando-huck-ofrece-su-hotel-para-internar-pacientes-con-coronavirus\\\/#breadcrumb\",\"itemListElement\":[{\"@type\":\"ListItem\",\"position\":1,\"name\":\"Portada\",\"item\":\"https:\\\/\\\/informelitoral.com.ar\\\/\"},{\"@type\":\"ListItem\",\"position\":2,\"name\":\"Fernando Huck ofrece su hotel para internar pacientes con coronavirus\"}]},{\"@type\":\"WebSite\",\"@id\":\"https:\\\/\\\/informelitoral.com.ar\\\/#website\",\"url\":\"https:\\\/\\\/informelitoral.com.ar\\\/\",\"name\":\"Informe Litoral\",\"description\":\"&quot;Nos informamos&quot; \",\"publisher\":{\"@id\":\"https:\\\/\\\/informelitoral.com.ar\\\/#organization\"},\"potentialAction\":[{\"@type\":\"SearchAction\",\"target\":{\"@type\":\"EntryPoint\",\"urlTemplate\":\"https:\\\/\\\/informelitoral.com.ar\\\/?s={search_term_string}\"},\"query-input\":{\"@type\":\"PropertyValueSpecification\",\"valueRequired\":true,\"valueName\":\"search_term_string\"}}],\"inLanguage\":\"es\"},{\"@type\":\"Organization\",\"@id\":\"https:\\\/\\\/informelitoral.com.ar\\\/#organization\",\"name\":\"Informe Litoral\",\"url\":\"https:\\\/\\\/informelitoral.com.ar\\\/\",\"logo\":{\"@type\":\"ImageObject\",\"inLanguage\":\"es\",\"@id\":\"https:\\\/\\\/informelitoral.com.ar\\\/#\\\/schema\\\/logo\\\/image\\\/\",\"url\":\"https:\\\/\\\/informelitoral.com.ar\\\/%77%70%2d%63%6f%6e%74%65%6e%74\\\/uploads\\\/2021\\\/01\\\/circulo.png\",\"contentUrl\":\"https:\\\/\\\/informelitoral.com.ar\\\/%77%70%2d%63%6f%6e%74%65%6e%74\\\/uploads\\\/2021\\\/01\\\/circulo.png\",\"width\":723,\"height\":731,\"caption\":\"Informe Litoral\"},\"image\":{\"@id\":\"https:\\\/\\\/informelitoral.com.ar\\\/#\\\/schema\\\/logo\\\/image\\\/\"},\"sameAs\":[\"https:\\\/\\\/www.facebook.com\\\/informelitoral\\\/\",\"https:\\\/\\\/x.com\\\/InformeLitoral\",\"https:\\\/\\\/www.instagram.com\\\/informelitoral\\\/\",\"https:\\\/\\\/www.youtube.com\\\/channel\\\/UCua4Qvz8Icb6MYqhoq9xLXw\"]},{\"@type\":\"Person\",\"@id\":\"https:\\\/\\\/informelitoral.com.ar\\\/#\\\/schema\\\/person\\\/b9d00407c836482871ef1d57bf8e3180\",\"name\":\"Gonzalo Schmidt\",\"image\":{\"@type\":\"ImageObject\",\"inLanguage\":\"es\",\"@id\":\"https:\\\/\\\/secure.gravatar.com\\\/avatar\\\/31a1a7b66ff2de83bd0e9fd79d026630d2d99e55e8bfe501287647b4fd9743de?s=96&d=mm&r=g\",\"url\":\"https:\\\/\\\/secure.gravatar.com\\\/avatar\\\/31a1a7b66ff2de83bd0e9fd79d026630d2d99e55e8bfe501287647b4fd9743de?s=96&d=mm&r=g\",\"contentUrl\":\"https:\\\/\\\/secure.gravatar.com\\\/avatar\\\/31a1a7b66ff2de83bd0e9fd79d026630d2d99e55e8bfe501287647b4fd9743de?s=96&d=mm&r=g\",\"caption\":\"Gonzalo Schmidt\"},\"description\":\"Sitio web de noticias de la provincia de Entre R\u00edos, Argentina. Informaci\u00f3n y entretenimiento. Informe Litoral, nos informamos.\",\"sameAs\":[\"http:\\\/\\\/www.isletasnoticias.com.ar\"],\"url\":\"https:\\\/\\\/informelitoral.com.ar\\\/author\\\/gonzalo\\\/\"}]}<\/script>","yoast_head_json":{"title":"Fernando Huck ofrece su hotel para internar pacientes con coronavirus - Informe Litoral","robots":{"index":"index","follow":"follow","max-snippet":"max-snippet:-1","max-image-preview":"max-image-preview:large","max-video-preview":"max-video-preview:-1"},"canonical":"https:\/\/informelitoral.com.ar\/fernando-huck-ofrece-su-hotel-para-internar-pacientes-con-coronavirus\/","og_locale":"es_ES","og_type":"article","og_title":"Fernando Huck ofrece su hotel para internar pacientes con coronavirus - Informe Litoral","og_description":"El empresario crespense le envi\u00f3 notas al gobernador y al intendente. El emprendimiento cuenta con 100 camas y estacionamiento para hasta 15 ambulancias.","og_url":"https:\/\/informelitoral.com.ar\/fernando-huck-ofrece-su-hotel-para-internar-pacientes-con-coronavirus\/","og_site_name":"Informe Litoral","article_publisher":"https:\/\/www.facebook.com\/informelitoral\/","article_published_time":"2020-03-26T23:27:46+00:00","article_modified_time":"2020-03-27T11:41:18+00:00","og_image":[{"width":1024,"height":768,"url":"https:\/\/informelitoral.com.ar\/%77%70%2d%63%6f%6e%74%65%6e%74\/uploads\/2020\/03\/hotel-crespo.jpg","type":"image\/jpeg"}],"author":"Gonzalo Schmidt","twitter_card":"summary_large_image","twitter_creator":"@InformeLitoral","twitter_site":"@InformeLitoral","twitter_misc":{"Escrito por":"Gonzalo Schmidt","Tiempo de lectura":"2 minutos"},"schema":{"@context":"https:\/\/schema.org","@graph":[{"@type":"Article","@id":"https:\/\/informelitoral.com.ar\/fernando-huck-ofrece-su-hotel-para-internar-pacientes-con-coronavirus\/#article","isPartOf":{"@id":"https:\/\/informelitoral.com.ar\/fernando-huck-ofrece-su-hotel-para-internar-pacientes-con-coronavirus\/"},"author":{"name":"Gonzalo Schmidt","@id":"https:\/\/informelitoral.com.ar\/#\/schema\/person\/b9d00407c836482871ef1d57bf8e3180"},"headline":"Fernando Huck ofrece su hotel para internar pacientes con coronavirus","datePublished":"2020-03-26T23:27:46+00:00","dateModified":"2020-03-27T11:41:18+00:00","mainEntityOfPage":{"@id":"https:\/\/informelitoral.com.ar\/fernando-huck-ofrece-su-hotel-para-internar-pacientes-con-coronavirus\/"},"wordCount":415,"commentCount":0,"publisher":{"@id":"https:\/\/informelitoral.com.ar\/#organization"},"image":{"@id":"https:\/\/informelitoral.com.ar\/fernando-huck-ofrece-su-hotel-para-internar-pacientes-con-coronavirus\/#primaryimage"},"thumbnailUrl":"https:\/\/informelitoral.com.ar\/%77%70%2d%63%6f%6e%74%65%6e%74\/uploads\/2020\/03\/hotel-crespo.jpg","keywords":["Coronavirus","Crespo","Fernando Huck"],"articleSection":["Sociedad"],"inLanguage":"es","potentialAction":[{"@type":"CommentAction","name":"Comment","target":["https:\/\/informelitoral.com.ar\/fernando-huck-ofrece-su-hotel-para-internar-pacientes-con-coronavirus\/#respond"]}]},{"@type":"WebPage","@id":"https:\/\/informelitoral.com.ar\/fernando-huck-ofrece-su-hotel-para-internar-pacientes-con-coronavirus\/","url":"https:\/\/informelitoral.com.ar\/fernando-huck-ofrece-su-hotel-para-internar-pacientes-con-coronavirus\/","name":"Fernando Huck ofrece su hotel para internar pacientes con coronavirus - Informe Litoral","isPartOf":{"@id":"https:\/\/informelitoral.com.ar\/#website"},"primaryImageOfPage":{"@id":"https:\/\/informelitoral.com.ar\/fernando-huck-ofrece-su-hotel-para-internar-pacientes-con-coronavirus\/#primaryimage"},"image":{"@id":"https:\/\/informelitoral.com.ar\/fernando-huck-ofrece-su-hotel-para-internar-pacientes-con-coronavirus\/#primaryimage"},"thumbnailUrl":"https:\/\/informelitoral.com.ar\/%77%70%2d%63%6f%6e%74%65%6e%74\/uploads\/2020\/03\/hotel-crespo.jpg","datePublished":"2020-03-26T23:27:46+00:00","dateModified":"2020-03-27T11:41:18+00:00","breadcrumb":{"@id":"https:\/\/informelitoral.com.ar\/fernando-huck-ofrece-su-hotel-para-internar-pacientes-con-coronavirus\/#breadcrumb"},"inLanguage":"es","potentialAction":[{"@type":"ReadAction","target":["https:\/\/informelitoral.com.ar\/fernando-huck-ofrece-su-hotel-para-internar-pacientes-con-coronavirus\/"]}]},{"@type":"ImageObject","inLanguage":"es","@id":"https:\/\/informelitoral.com.ar\/fernando-huck-ofrece-su-hotel-para-internar-pacientes-con-coronavirus\/#primaryimage","url":"https:\/\/informelitoral.com.ar\/%77%70%2d%63%6f%6e%74%65%6e%74\/uploads\/2020\/03\/hotel-crespo.jpg","contentUrl":"https:\/\/informelitoral.com.ar\/%77%70%2d%63%6f%6e%74%65%6e%74\/uploads\/2020\/03\/hotel-crespo.jpg","width":1024,"height":768},{"@type":"BreadcrumbList","@id":"https:\/\/informelitoral.com.ar\/fernando-huck-ofrece-su-hotel-para-internar-pacientes-con-coronavirus\/#breadcrumb","itemListElement":[{"@type":"ListItem","position":1,"name":"Portada","item":"https:\/\/informelitoral.com.ar\/"},{"@type":"ListItem","position":2,"name":"Fernando Huck ofrece su hotel para internar pacientes con coronavirus"}]},{"@type":"WebSite","@id":"https:\/\/informelitoral.com.ar\/#website","url":"https:\/\/informelitoral.com.ar\/","name":"Informe Litoral","description":"&quot;Nos informamos&quot; ","publisher":{"@id":"https:\/\/informelitoral.com.ar\/#organization"},"potentialAction":[{"@type":"SearchAction","target":{"@type":"EntryPoint","urlTemplate":"https:\/\/informelitoral.com.ar\/?s={search_term_string}"},"query-input":{"@type":"PropertyValueSpecification","valueRequired":true,"valueName":"search_term_string"}}],"inLanguage":"es"},{"@type":"Organization","@id":"https:\/\/informelitoral.com.ar\/#organization","name":"Informe Litoral","url":"https:\/\/informelitoral.com.ar\/","logo":{"@type":"ImageObject","inLanguage":"es","@id":"https:\/\/informelitoral.com.ar\/#\/schema\/logo\/image\/","url":"https:\/\/informelitoral.com.ar\/%77%70%2d%63%6f%6e%74%65%6e%74\/uploads\/2021\/01\/circulo.png","contentUrl":"https:\/\/informelitoral.com.ar\/%77%70%2d%63%6f%6e%74%65%6e%74\/uploads\/2021\/01\/circulo.png","width":723,"height":731,"caption":"Informe Litoral"},"image":{"@id":"https:\/\/informelitoral.com.ar\/#\/schema\/logo\/image\/"},"sameAs":["https:\/\/www.facebook.com\/informelitoral\/","https:\/\/x.com\/InformeLitoral","https:\/\/www.instagram.com\/informelitoral\/","https:\/\/www.youtube.com\/channel\/UCua4Qvz8Icb6MYqhoq9xLXw"]},{"@type":"Person","@id":"https:\/\/informelitoral.com.ar\/#\/schema\/person\/b9d00407c836482871ef1d57bf8e3180","name":"Gonzalo Schmidt","image":{"@type":"ImageObject","inLanguage":"es","@id":"https:\/\/secure.gravatar.com\/avatar\/31a1a7b66ff2de83bd0e9fd79d026630d2d99e55e8bfe501287647b4fd9743de?s=96&d=mm&r=g","url":"https:\/\/secure.gravatar.com\/avatar\/31a1a7b66ff2de83bd0e9fd79d026630d2d99e55e8bfe501287647b4fd9743de?s=96&d=mm&r=g","contentUrl":"https:\/\/secure.gravatar.com\/avatar\/31a1a7b66ff2de83bd0e9fd79d026630d2d99e55e8bfe501287647b4fd9743de?s=96&d=mm&r=g","caption":"Gonzalo Schmidt"},"description":"Sitio web de noticias de la provincia de Entre R\u00edos, Argentina. Informaci\u00f3n y entretenimiento. Informe Litoral, nos informamos.","sameAs":["http:\/\/www.isletasnoticias.com.ar"],"url":"https:\/\/informelitoral.com.ar\/author\/gonzalo\/"}]}},"_links":{"self":[{"href":"https:\/\/informelitoral.com.ar\/%77%70%2d%6a%73%6f%6e\/wp\/v2\/posts\/41376","targetHints":{"allow":["GET"]}}],"collection":[{"href":"https:\/\/informelitoral.com.ar\/%77%70%2d%6a%73%6f%6e\/wp\/v2\/posts"}],"about":[{"href":"https:\/\/informelitoral.com.ar\/%77%70%2d%6a%73%6f%6e\/wp\/v2\/types\/post"}],"author":[{"embeddable":true,"href":"https:\/\/informelitoral.com.ar\/%77%70%2d%6a%73%6f%6e\/wp\/v2\/users\/2"}],"replies":[{"embeddable":true,"href":"https:\/\/informelitoral.com.ar\/%77%70%2d%6a%73%6f%6e\/wp\/v2\/comments?post=41376"}],"version-history":[{"count":0,"href":"https:\/\/informelitoral.com.ar\/%77%70%2d%6a%73%6f%6e\/wp\/v2\/posts\/41376\/revisions"}],"wp:featuredmedia":[{"embeddable":true,"href":"https:\/\/informelitoral.com.ar\/%77%70%2d%6a%73%6f%6e\/wp\/v2\/media\/41377"}],"wp:attachment":[{"href":"https:\/\/informelitoral.com.ar\/%77%70%2d%6a%73%6f%6e\/wp\/v2\/media?parent=41376"}],"wp:term":[{"taxonomy":"category","embeddable":true,"href":"https:\/\/informelitoral.com.ar\/%77%70%2d%6a%73%6f%6e\/wp\/v2\/categories?post=41376"},{"taxonomy":"post_tag","embeddable":true,"href":"https:\/\/informelitoral.com.ar\/%77%70%2d%6a%73%6f%6e\/wp\/v2\/tags?post=41376"}],"curies":[{"name":"wp","href":"https:\/\/api.w.org\/{rel}","templated":true}]}}