{"id":41369,"date":"2020-03-26T21:22:56","date_gmt":"2020-03-27T00:22:56","guid":{"rendered":"https:\/\/www.isletasnoticias.com.ar\/?p=41369"},"modified":"2020-03-26T21:23:18","modified_gmt":"2020-03-27T00:23:18","slug":"general-ramirez-no-hay-casos-sospechosos-de-coronavirus","status":"publish","type":"post","link":"https:\/\/informelitoral.com.ar\/general-ramirez-no-hay-casos-sospechosos-de-coronavirus\/","title":{"rendered":"General Ram\u00edrez: no hay casos sospechosos de coronavirus"},"content":{"rendered":"<p>En<strong> General Ram\u00edrez<\/strong> se desarroll\u00f3 una nueva reuni\u00f3n semanal\u00a0del Comit\u00e9 para la Organizaci\u00f3n de la Emergencia Sanitaria &#8211;<strong>COES<\/strong>&#8211; en esa ciudad del departamento Diamante. El organismo est\u00e1 integrado por personal de salud, municipal, seguridad y bomberos.<\/p>\n<p><a href=\"https:\/\/www.isletasnoticias.com.ar\/%77%70%2d%63%6f%6e%74%65%6e%74\/uploads\/2020\/03\/91069215_1570700576414192_7192768248708857856_o.jpg\"><img loading=\"lazy\" decoding=\"async\" class=\"aligncenter wp-image-41372 size-full\" src=\"https:\/\/www.isletasnoticias.com.ar\/%77%70%2d%63%6f%6e%74%65%6e%74\/uploads\/2020\/03\/91069215_1570700576414192_7192768248708857856_o.jpg\" alt=\"\" width=\"960\" height=\"509\" srcset=\"https:\/\/informelitoral.com.ar\/%77%70%2d%63%6f%6e%74%65%6e%74\/uploads\/2020\/03\/91069215_1570700576414192_7192768248708857856_o.jpg 960w, https:\/\/informelitoral.com.ar\/%77%70%2d%63%6f%6e%74%65%6e%74\/uploads\/2020\/03\/91069215_1570700576414192_7192768248708857856_o-300x159.jpg 300w, https:\/\/informelitoral.com.ar\/%77%70%2d%63%6f%6e%74%65%6e%74\/uploads\/2020\/03\/91069215_1570700576414192_7192768248708857856_o-768x407.jpg 768w, https:\/\/informelitoral.com.ar\/%77%70%2d%63%6f%6e%74%65%6e%74\/uploads\/2020\/03\/91069215_1570700576414192_7192768248708857856_o-696x369.jpg 696w, https:\/\/informelitoral.com.ar\/%77%70%2d%63%6f%6e%74%65%6e%74\/uploads\/2020\/03\/91069215_1570700576414192_7192768248708857856_o-792x420.jpg 792w\" sizes=\"auto, (max-width: 960px) 100vw, 960px\" \/><\/a><\/p>\n<p>Entre los temas tratados se acord\u00f3 centralizar y coordinar las acciones referidas a ayuda social, trabajo voluntario (confecci\u00f3n de barbijos) y especialmente la comunicaci\u00f3n a la comunidad. Se comenz\u00f3 a trabajar para generar futuras reuniones \u201ca distancia\u201d y se orient\u00f3 a representantes de los trabajadores municipales sobre los cuidados durante el desarrollo de tareas esenciales.<\/p>\n<h3><strong>Las principales acciones que se acordaron por parte de cada instituci\u00f3n: <a href=\"https:\/\/www.isletasnoticias.com.ar\/%77%70%2d%63%6f%6e%74%65%6e%74\/uploads\/2020\/03\/90356503_1570700106414239_8483333104281321472_o.jpg\"><img loading=\"lazy\" decoding=\"async\" class=\"aligncenter wp-image-41374 size-full\" src=\"https:\/\/www.isletasnoticias.com.ar\/%77%70%2d%63%6f%6e%74%65%6e%74\/uploads\/2020\/03\/90356503_1570700106414239_8483333104281321472_o.jpg\" alt=\"\" width=\"960\" height=\"524\" srcset=\"https:\/\/informelitoral.com.ar\/%77%70%2d%63%6f%6e%74%65%6e%74\/uploads\/2020\/03\/90356503_1570700106414239_8483333104281321472_o.jpg 960w, https:\/\/informelitoral.com.ar\/%77%70%2d%63%6f%6e%74%65%6e%74\/uploads\/2020\/03\/90356503_1570700106414239_8483333104281321472_o-300x164.jpg 300w, https:\/\/informelitoral.com.ar\/%77%70%2d%63%6f%6e%74%65%6e%74\/uploads\/2020\/03\/90356503_1570700106414239_8483333104281321472_o-768x419.jpg 768w, https:\/\/informelitoral.com.ar\/%77%70%2d%63%6f%6e%74%65%6e%74\/uploads\/2020\/03\/90356503_1570700106414239_8483333104281321472_o-696x380.jpg 696w, https:\/\/informelitoral.com.ar\/%77%70%2d%63%6f%6e%74%65%6e%74\/uploads\/2020\/03\/90356503_1570700106414239_8483333104281321472_o-769x420.jpg 769w\" sizes=\"auto, (max-width: 960px) 100vw, 960px\" \/><\/a><\/strong><\/h3>\n<p><span style=\"color: #000000; background-color: #ffff00;\"><strong>Municipalidad de General Ram\u00edrez<\/strong><\/span><\/p>\n<ul>\n<li>Se <strong>anticipa la entrega del vale alimentario<\/strong> que actualmente alcanza a 260 familias para el lunes 30 de marzo y<strong> se aumenta el valor del mismo en un 80% (pasa a $1500)<\/strong> y se <strong>ampl\u00edan partidas para aumentar la cantidad de beneficiarios<\/strong>. Se fortalece el programa de <strong>entrega de medicamentos.<\/strong><\/li>\n<li>Para el<strong> sector comercial y emprendedor<\/strong>, se encuentran en elaboraci\u00f3n un <strong>conjunto de medidas de apoyo<\/strong> que ser\u00e1n anunciadas en los pr\u00f3ximos d\u00edas. Complementando medidas adoptadas y que se adopten desde Naci\u00f3n y Provincia, para alcanzar a toda la poblaci\u00f3n afectada.<\/li>\n<li>Se <strong>condona el pago de cuotas<\/strong> a beneficiarios de microcr\u00e9ditos y <strong>se exime a beneficiarios de viviendas sociales<\/strong> <strong>que no posean un ingreso formal<\/strong>, en ambos casos durante los meses de marzo y abril.<\/li>\n<li>Se <strong>mantiene activa la l\u00ednea 3434631346<\/strong> (llamadas y WhatsApp) de la Subsecretaria de Pol\u00edticas Sociales para la atenci\u00f3n de <strong>demandas de ayuda social.<\/strong> A trav\u00e9s de ella se brindara orientaci\u00f3n y se colaborara en la tramitaci\u00f3n ante la ANSES del <strong>Ingreso Familiar de Emergencia<\/strong>, priorizando a las personas que no dispongan de conexi\u00f3n a internet.<\/li>\n<li>Se realizaran <a href=\"https:\/\/www.isletasnoticias.com.ar\/general-ramirez-realizan-controles-en-los-accesos-para-prevenir-casos-de-coronavirus\/\"><strong>m\u00e1s controles de circulaci\u00f3n<\/strong><\/a> en la v\u00eda p\u00fablica en coordinaci\u00f3n con Polic\u00eda y Bomberos (solicitud de DNI, ticket compra o permiso para circular).<\/li>\n<\/ul>\n<p><span style=\"background-color: #ffff00;\"><strong>Hospital Nuestra Se\u00f1ora del Luj\u00e1n\u00a0<\/strong><\/span><\/p>\n<ul>\n<li>Inform\u00f3 oficialmente que<strong> no hay casos sospechosos<\/strong> en esa ciudad.<\/li>\n<li>Se encuentra en marcha el <strong>plan de vacunaci\u00f3n antigripal,<\/strong> en un esquema de etapas que abarca inicialmente al personal de salud y geri\u00e1tricos, luego a la <strong>poblaci\u00f3n<\/strong> <strong>mayor de 65 a\u00f1os que est\u00e1 siendo visitada casa por casa<\/strong>, para lo cual se conformaron cinco equipos de trabajo.<\/li>\n<li>Las consultas m\u00e9dicas se atienden telef\u00f3nicamente llamando al 107 o al 490 1060. Tambi\u00e9n se reciben consultas a trav\u00e9s del<a href=\"https:\/\/www.isletasnoticias.com.ar\/desde-el-hospital-nuestra-senora-del-lujan-piden-no-concurrir-al-nosocomio\/\"> Facebook institucional.<\/a><\/li>\n<li>Se encuentra lista una <a href=\"https:\/\/www.isletasnoticias.com.ar\/general-ramirez-preparan-al-hospital-para-casos-de-coronavirus\/\">nueva habitaci\u00f3n para aislamiento<\/a> de un posible caso de coronavirus en la instituci\u00f3n, con materiales propios y mano de obra municipal.<\/li>\n<li>Se coment\u00f3 el avance de la confecci\u00f3n de barbijos e indumentaria descartable encargado a grupos de costureras locales. Se recuerda que<strong> el uso de barbijos descartables solo es recomendado para el personal de salud<\/strong>, no as\u00ed para el resto de las actividades ya que no constituyen una barrera eficaz e incluso pueden ser contraproducentes para quienes los utilicen.<\/li>\n<\/ul>\n<p><span style=\"background-color: #ffff00;\"><strong>Comisar\u00eda Ram\u00edrez\u00a0<\/strong><\/span><\/p>\n<ul>\n<li>Se realizan <strong>controles de cuarentena<\/strong> a quienes provienen de zonas de riesgo, en todos los casos se cumplen normalmente.<\/li>\n<li>Se <strong>trabaja conjuntamente con gendarmer\u00eda<\/strong> que ir\u00e1 a la ciudad peri\u00f3dicamente a reforzar la tarea.<\/li>\n<li>Se <strong>notifica por escrito a quines violan el asilamiento<\/strong> sin un motivo fundado. La violaci\u00f3n reiterada implica la actuaci\u00f3n de Fiscal\u00eda Diamante, y luego las remisi\u00f3n al fuero federal en Paran\u00e1.<\/li>\n<\/ul>\n<p><span style=\"background-color: #ffff00;\"><strong>Bomberos Voluntarios\u00a0<\/strong><\/span><\/p>\n<ul>\n<li>Contin\u00faan colaborando con el<strong> m\u00f3vil callejero<\/strong>. El cuartel se encuentra a disposici\u00f3n para colaborar en la movilidad y log\u00edstica de la vacunaci\u00f3n activa, controles de circulaci\u00f3n.<\/li>\n<li>Se recibieron <strong>cuatro equipos de protecci\u00f3n<\/strong> para componentes qu\u00edmicos.<\/li>\n<\/ul>\n<p><span style=\"background-color: #ffff00;\"><strong>Secretar\u00eda de Salud provincial\u00a0<\/strong><\/span><\/p>\n<ul>\n<li>Se aclara la cuesti\u00f3n relacionada al <strong>uso de barbijos y guantes<\/strong>. S\u00f3lo indicados para los efectores de salud.<\/li>\n<li>Tener presente que la medida de aislamiento<strong> no implica un confinamiento absoluto<\/strong> y debe guardar razonabilidad. Se recomienda habilitar el corte de pasto en los frentes de las viviendas, siempre respetando las medidas de prevenci\u00f3n y las distancias respecto de otras personas.<\/li>\n<li>Contin\u00faa funcionando la <strong>l\u00ednea 0800-555-6549<\/strong> que permite descentralizar y descongestionar <strong>consultas<\/strong>. El proceso permite derivar consultas en casos que realmente revistan el car\u00e1cter de sospechosos y ameriten an\u00e1lisis. Asimismo el estado provincial trabaja en una APP para evacuar consultas.<\/li>\n<li>Respecto de la situaci\u00f3n en<strong> Entre R\u00edos, la curva de casos contin\u00faa con una evoluci\u00f3n plana, <\/strong>probablemente en los pr\u00f3ximos d\u00edas se confirmen nuevos contagios. <strong>Se espera el pico para la segunda quincena de abril. <\/strong><\/li>\n<li>Se espera que en 15 d\u00edas la Provincia pueda realizar los test, lo cual agilizar\u00eda sustancialmente la confirmaci\u00f3n o rechazo de posibles contagios y permitir\u00eda mejorar el manejo de la situaci\u00f3n.<\/li>\n<li>Se trabaja en distintas<strong>\u00a0medidas preparando el sistema de salud provincial<\/strong> L para una eventual fase de mitigaci\u00f3n. Entre muchas que se citan: posesi\u00f3n del Hospital Baxada de Paran\u00e1, capacitaci\u00f3n del personal, adquisici\u00f3n de respiradores artificiales, trabajo para incrementar la salas de terapia intensiva, refuerzo de programas de medicamentos, entre otras.<\/li>\n<li>Se <strong>recomienda reforzar el control en geri\u00e1tricos<\/strong>, especialmente referido a las restricciones de ingreso.<\/li>\n<\/ul>\n<p>La pr\u00f3xima reuni\u00f3n se realizara el pr\u00f3ximo mi\u00e9rcoles 1\u00b0 de abril, analiz\u00e1ndose la posibilidad de mantener encuentros a distancia, informaron.<\/p>\n","protected":false},"excerpt":{"rendered":"<p>La informaci\u00f3n se conoci\u00f3 tras una nueva reuni\u00f3n del Comit\u00e9 para la Organizaci\u00f3n de la Emergencia Sanitaria -COES- en esa ciudad del departamento Diamante. Anunciaron una bater\u00eda de medidas para mitigar el impacto de la crisis sanitaria y la profundizaci\u00f3n de los controles.  <\/p>\n","protected":false},"author":2,"featured_media":41373,"comment_status":"open","ping_status":"open","sticky":false,"template":"","format":"standard","meta":{"fifu_image_url":"","fifu_image_alt":"","footnotes":""},"categories":[5],"tags":[1426,1479,556,27,642,82,652],"class_list":{"0":"post-41369","1":"post","2":"type-post","3":"status-publish","4":"format-standard","5":"has-post-thumbnail","7":"category-zonales","8":"tag-coronavirus","9":"tag-cuarentena","10":"tag-general-ramirez","11":"tag-ramirez","12":"tag-reunion","13":"tag-salud","14":"tag-salud-publica"},"yoast_head":"<title>General Ram\u00edrez: no hay casos sospechosos de coronavirus - Informe Litoral<\/title>\n<meta name=\"robots\" content=\"index, follow, max-snippet:-1, max-image-preview:large, max-video-preview:-1\" \/>\n<link rel=\"canonical\" href=\"https:\/\/informelitoral.com.ar\/general-ramirez-no-hay-casos-sospechosos-de-coronavirus\/\" \/>\n<meta property=\"og:locale\" content=\"es_ES\" \/>\n<meta property=\"og:type\" content=\"article\" \/>\n<meta property=\"og:title\" content=\"General Ram\u00edrez: no hay casos sospechosos de coronavirus - Informe Litoral\" \/>\n<meta property=\"og:description\" content=\"La informaci\u00f3n se conoci\u00f3 tras una nueva reuni\u00f3n del Comit\u00e9 para la Organizaci\u00f3n de la Emergencia Sanitaria -COES- en esa ciudad del departamento Diamante. Anunciaron una bater\u00eda de medidas para mitigar el impacto de la crisis sanitaria y la profundizaci\u00f3n de los controles.\" \/>\n<meta property=\"og:url\" content=\"https:\/\/informelitoral.com.ar\/general-ramirez-no-hay-casos-sospechosos-de-coronavirus\/\" \/>\n<meta property=\"og:site_name\" content=\"Informe Litoral\" \/>\n<meta property=\"article:publisher\" content=\"https:\/\/www.facebook.com\/informelitoral\/\" \/>\n<meta property=\"article:published_time\" content=\"2020-03-27T00:22:56+00:00\" \/>\n<meta property=\"article:modified_time\" content=\"2020-03-27T00:23:18+00:00\" \/>\n<meta property=\"og:image\" content=\"https:\/\/informelitoral.com.ar\/%77%70%2d%63%6f%6e%74%65%6e%74\/uploads\/2020\/03\/91091101_1570700666414183_1652640674618540032_o.jpg\" \/>\n\t<meta property=\"og:image:width\" content=\"960\" \/>\n\t<meta property=\"og:image:height\" content=\"539\" \/>\n\t<meta property=\"og:image:type\" content=\"image\/jpeg\" \/>\n<meta name=\"author\" content=\"Gonzalo Schmidt\" \/>\n<meta name=\"twitter:card\" content=\"summary_large_image\" \/>\n<meta name=\"twitter:creator\" content=\"@InformeLitoral\" \/>\n<meta name=\"twitter:site\" content=\"@InformeLitoral\" \/>\n<meta name=\"twitter:label1\" content=\"Escrito por\" \/>\n\t<meta name=\"twitter:data1\" content=\"Gonzalo Schmidt\" \/>\n\t<meta name=\"twitter:label2\" content=\"Tiempo de lectura\" \/>\n\t<meta name=\"twitter:data2\" content=\"5 minutos\" \/>\n<script type=\"application\/ld+json\" class=\"yoast-schema-graph\">{\"@context\":\"https:\\\/\\\/schema.org\",\"@graph\":[{\"@type\":\"Article\",\"@id\":\"https:\\\/\\\/informelitoral.com.ar\\\/general-ramirez-no-hay-casos-sospechosos-de-coronavirus\\\/#article\",\"isPartOf\":{\"@id\":\"https:\\\/\\\/informelitoral.com.ar\\\/general-ramirez-no-hay-casos-sospechosos-de-coronavirus\\\/\"},\"author\":{\"name\":\"Gonzalo Schmidt\",\"@id\":\"https:\\\/\\\/informelitoral.com.ar\\\/#\\\/schema\\\/person\\\/b9d00407c836482871ef1d57bf8e3180\"},\"headline\":\"General Ram\u00edrez: no hay casos sospechosos de coronavirus\",\"datePublished\":\"2020-03-27T00:22:56+00:00\",\"dateModified\":\"2020-03-27T00:23:18+00:00\",\"mainEntityOfPage\":{\"@id\":\"https:\\\/\\\/informelitoral.com.ar\\\/general-ramirez-no-hay-casos-sospechosos-de-coronavirus\\\/\"},\"wordCount\":922,\"commentCount\":0,\"publisher\":{\"@id\":\"https:\\\/\\\/informelitoral.com.ar\\\/#organization\"},\"image\":{\"@id\":\"https:\\\/\\\/informelitoral.com.ar\\\/general-ramirez-no-hay-casos-sospechosos-de-coronavirus\\\/#primaryimage\"},\"thumbnailUrl\":\"https:\\\/\\\/informelitoral.com.ar\\\/%77%70%2d%63%6f%6e%74%65%6e%74\\\/uploads\\\/2020\\\/03\\\/91091101_1570700666414183_1652640674618540032_o.jpg\",\"keywords\":[\"Coronavirus\",\"Cuarentena\",\"General Ram\u00edrez\",\"Ram\u00edrez\",\"Reuni\u00f3n\",\"Salud\",\"Salud p\u00fablica\"],\"articleSection\":[\"Departamento Diamante\"],\"inLanguage\":\"es\",\"potentialAction\":[{\"@type\":\"CommentAction\",\"name\":\"Comment\",\"target\":[\"https:\\\/\\\/informelitoral.com.ar\\\/general-ramirez-no-hay-casos-sospechosos-de-coronavirus\\\/#respond\"]}]},{\"@type\":\"WebPage\",\"@id\":\"https:\\\/\\\/informelitoral.com.ar\\\/general-ramirez-no-hay-casos-sospechosos-de-coronavirus\\\/\",\"url\":\"https:\\\/\\\/informelitoral.com.ar\\\/general-ramirez-no-hay-casos-sospechosos-de-coronavirus\\\/\",\"name\":\"General Ram\u00edrez: no hay casos sospechosos de coronavirus - Informe Litoral\",\"isPartOf\":{\"@id\":\"https:\\\/\\\/informelitoral.com.ar\\\/#website\"},\"primaryImageOfPage\":{\"@id\":\"https:\\\/\\\/informelitoral.com.ar\\\/general-ramirez-no-hay-casos-sospechosos-de-coronavirus\\\/#primaryimage\"},\"image\":{\"@id\":\"https:\\\/\\\/informelitoral.com.ar\\\/general-ramirez-no-hay-casos-sospechosos-de-coronavirus\\\/#primaryimage\"},\"thumbnailUrl\":\"https:\\\/\\\/informelitoral.com.ar\\\/%77%70%2d%63%6f%6e%74%65%6e%74\\\/uploads\\\/2020\\\/03\\\/91091101_1570700666414183_1652640674618540032_o.jpg\",\"datePublished\":\"2020-03-27T00:22:56+00:00\",\"dateModified\":\"2020-03-27T00:23:18+00:00\",\"breadcrumb\":{\"@id\":\"https:\\\/\\\/informelitoral.com.ar\\\/general-ramirez-no-hay-casos-sospechosos-de-coronavirus\\\/#breadcrumb\"},\"inLanguage\":\"es\",\"potentialAction\":[{\"@type\":\"ReadAction\",\"target\":[\"https:\\\/\\\/informelitoral.com.ar\\\/general-ramirez-no-hay-casos-sospechosos-de-coronavirus\\\/\"]}]},{\"@type\":\"ImageObject\",\"inLanguage\":\"es\",\"@id\":\"https:\\\/\\\/informelitoral.com.ar\\\/general-ramirez-no-hay-casos-sospechosos-de-coronavirus\\\/#primaryimage\",\"url\":\"https:\\\/\\\/informelitoral.com.ar\\\/%77%70%2d%63%6f%6e%74%65%6e%74\\\/uploads\\\/2020\\\/03\\\/91091101_1570700666414183_1652640674618540032_o.jpg\",\"contentUrl\":\"https:\\\/\\\/informelitoral.com.ar\\\/%77%70%2d%63%6f%6e%74%65%6e%74\\\/uploads\\\/2020\\\/03\\\/91091101_1570700666414183_1652640674618540032_o.jpg\",\"width\":960,\"height\":539},{\"@type\":\"BreadcrumbList\",\"@id\":\"https:\\\/\\\/informelitoral.com.ar\\\/general-ramirez-no-hay-casos-sospechosos-de-coronavirus\\\/#breadcrumb\",\"itemListElement\":[{\"@type\":\"ListItem\",\"position\":1,\"name\":\"Portada\",\"item\":\"https:\\\/\\\/informelitoral.com.ar\\\/\"},{\"@type\":\"ListItem\",\"position\":2,\"name\":\"General Ram\u00edrez: no hay casos sospechosos de coronavirus\"}]},{\"@type\":\"WebSite\",\"@id\":\"https:\\\/\\\/informelitoral.com.ar\\\/#website\",\"url\":\"https:\\\/\\\/informelitoral.com.ar\\\/\",\"name\":\"Informe Litoral\",\"description\":\"&quot;Nos informamos&quot; \",\"publisher\":{\"@id\":\"https:\\\/\\\/informelitoral.com.ar\\\/#organization\"},\"potentialAction\":[{\"@type\":\"SearchAction\",\"target\":{\"@type\":\"EntryPoint\",\"urlTemplate\":\"https:\\\/\\\/informelitoral.com.ar\\\/?s={search_term_string}\"},\"query-input\":{\"@type\":\"PropertyValueSpecification\",\"valueRequired\":true,\"valueName\":\"search_term_string\"}}],\"inLanguage\":\"es\"},{\"@type\":\"Organization\",\"@id\":\"https:\\\/\\\/informelitoral.com.ar\\\/#organization\",\"name\":\"Informe Litoral\",\"url\":\"https:\\\/\\\/informelitoral.com.ar\\\/\",\"logo\":{\"@type\":\"ImageObject\",\"inLanguage\":\"es\",\"@id\":\"https:\\\/\\\/informelitoral.com.ar\\\/#\\\/schema\\\/logo\\\/image\\\/\",\"url\":\"https:\\\/\\\/informelitoral.com.ar\\\/%77%70%2d%63%6f%6e%74%65%6e%74\\\/uploads\\\/2021\\\/01\\\/circulo.png\",\"contentUrl\":\"https:\\\/\\\/informelitoral.com.ar\\\/%77%70%2d%63%6f%6e%74%65%6e%74\\\/uploads\\\/2021\\\/01\\\/circulo.png\",\"width\":723,\"height\":731,\"caption\":\"Informe Litoral\"},\"image\":{\"@id\":\"https:\\\/\\\/informelitoral.com.ar\\\/#\\\/schema\\\/logo\\\/image\\\/\"},\"sameAs\":[\"https:\\\/\\\/www.facebook.com\\\/informelitoral\\\/\",\"https:\\\/\\\/x.com\\\/InformeLitoral\",\"https:\\\/\\\/www.instagram.com\\\/informelitoral\\\/\",\"https:\\\/\\\/www.youtube.com\\\/channel\\\/UCua4Qvz8Icb6MYqhoq9xLXw\"]},{\"@type\":\"Person\",\"@id\":\"https:\\\/\\\/informelitoral.com.ar\\\/#\\\/schema\\\/person\\\/b9d00407c836482871ef1d57bf8e3180\",\"name\":\"Gonzalo Schmidt\",\"image\":{\"@type\":\"ImageObject\",\"inLanguage\":\"es\",\"@id\":\"https:\\\/\\\/secure.gravatar.com\\\/avatar\\\/31a1a7b66ff2de83bd0e9fd79d026630d2d99e55e8bfe501287647b4fd9743de?s=96&d=mm&r=g\",\"url\":\"https:\\\/\\\/secure.gravatar.com\\\/avatar\\\/31a1a7b66ff2de83bd0e9fd79d026630d2d99e55e8bfe501287647b4fd9743de?s=96&d=mm&r=g\",\"contentUrl\":\"https:\\\/\\\/secure.gravatar.com\\\/avatar\\\/31a1a7b66ff2de83bd0e9fd79d026630d2d99e55e8bfe501287647b4fd9743de?s=96&d=mm&r=g\",\"caption\":\"Gonzalo Schmidt\"},\"description\":\"Sitio web de noticias de la provincia de Entre R\u00edos, Argentina. Informaci\u00f3n y entretenimiento. Informe Litoral, nos informamos.\",\"sameAs\":[\"http:\\\/\\\/www.isletasnoticias.com.ar\"],\"url\":\"https:\\\/\\\/informelitoral.com.ar\\\/author\\\/gonzalo\\\/\"}]}<\/script>","yoast_head_json":{"title":"General Ram\u00edrez: no hay casos sospechosos de coronavirus - Informe Litoral","robots":{"index":"index","follow":"follow","max-snippet":"max-snippet:-1","max-image-preview":"max-image-preview:large","max-video-preview":"max-video-preview:-1"},"canonical":"https:\/\/informelitoral.com.ar\/general-ramirez-no-hay-casos-sospechosos-de-coronavirus\/","og_locale":"es_ES","og_type":"article","og_title":"General Ram\u00edrez: no hay casos sospechosos de coronavirus - Informe Litoral","og_description":"La informaci\u00f3n se conoci\u00f3 tras una nueva reuni\u00f3n del Comit\u00e9 para la Organizaci\u00f3n de la Emergencia Sanitaria -COES- en esa ciudad del departamento Diamante. Anunciaron una bater\u00eda de medidas para mitigar el impacto de la crisis sanitaria y la profundizaci\u00f3n de los controles.","og_url":"https:\/\/informelitoral.com.ar\/general-ramirez-no-hay-casos-sospechosos-de-coronavirus\/","og_site_name":"Informe Litoral","article_publisher":"https:\/\/www.facebook.com\/informelitoral\/","article_published_time":"2020-03-27T00:22:56+00:00","article_modified_time":"2020-03-27T00:23:18+00:00","og_image":[{"width":960,"height":539,"url":"https:\/\/informelitoral.com.ar\/%77%70%2d%63%6f%6e%74%65%6e%74\/uploads\/2020\/03\/91091101_1570700666414183_1652640674618540032_o.jpg","type":"image\/jpeg"}],"author":"Gonzalo Schmidt","twitter_card":"summary_large_image","twitter_creator":"@InformeLitoral","twitter_site":"@InformeLitoral","twitter_misc":{"Escrito por":"Gonzalo Schmidt","Tiempo de lectura":"5 minutos"},"schema":{"@context":"https:\/\/schema.org","@graph":[{"@type":"Article","@id":"https:\/\/informelitoral.com.ar\/general-ramirez-no-hay-casos-sospechosos-de-coronavirus\/#article","isPartOf":{"@id":"https:\/\/informelitoral.com.ar\/general-ramirez-no-hay-casos-sospechosos-de-coronavirus\/"},"author":{"name":"Gonzalo Schmidt","@id":"https:\/\/informelitoral.com.ar\/#\/schema\/person\/b9d00407c836482871ef1d57bf8e3180"},"headline":"General Ram\u00edrez: no hay casos sospechosos de coronavirus","datePublished":"2020-03-27T00:22:56+00:00","dateModified":"2020-03-27T00:23:18+00:00","mainEntityOfPage":{"@id":"https:\/\/informelitoral.com.ar\/general-ramirez-no-hay-casos-sospechosos-de-coronavirus\/"},"wordCount":922,"commentCount":0,"publisher":{"@id":"https:\/\/informelitoral.com.ar\/#organization"},"image":{"@id":"https:\/\/informelitoral.com.ar\/general-ramirez-no-hay-casos-sospechosos-de-coronavirus\/#primaryimage"},"thumbnailUrl":"https:\/\/informelitoral.com.ar\/%77%70%2d%63%6f%6e%74%65%6e%74\/uploads\/2020\/03\/91091101_1570700666414183_1652640674618540032_o.jpg","keywords":["Coronavirus","Cuarentena","General Ram\u00edrez","Ram\u00edrez","Reuni\u00f3n","Salud","Salud p\u00fablica"],"articleSection":["Departamento Diamante"],"inLanguage":"es","potentialAction":[{"@type":"CommentAction","name":"Comment","target":["https:\/\/informelitoral.com.ar\/general-ramirez-no-hay-casos-sospechosos-de-coronavirus\/#respond"]}]},{"@type":"WebPage","@id":"https:\/\/informelitoral.com.ar\/general-ramirez-no-hay-casos-sospechosos-de-coronavirus\/","url":"https:\/\/informelitoral.com.ar\/general-ramirez-no-hay-casos-sospechosos-de-coronavirus\/","name":"General Ram\u00edrez: no hay casos sospechosos de coronavirus - Informe Litoral","isPartOf":{"@id":"https:\/\/informelitoral.com.ar\/#website"},"primaryImageOfPage":{"@id":"https:\/\/informelitoral.com.ar\/general-ramirez-no-hay-casos-sospechosos-de-coronavirus\/#primaryimage"},"image":{"@id":"https:\/\/informelitoral.com.ar\/general-ramirez-no-hay-casos-sospechosos-de-coronavirus\/#primaryimage"},"thumbnailUrl":"https:\/\/informelitoral.com.ar\/%77%70%2d%63%6f%6e%74%65%6e%74\/uploads\/2020\/03\/91091101_1570700666414183_1652640674618540032_o.jpg","datePublished":"2020-03-27T00:22:56+00:00","dateModified":"2020-03-27T00:23:18+00:00","breadcrumb":{"@id":"https:\/\/informelitoral.com.ar\/general-ramirez-no-hay-casos-sospechosos-de-coronavirus\/#breadcrumb"},"inLanguage":"es","potentialAction":[{"@type":"ReadAction","target":["https:\/\/informelitoral.com.ar\/general-ramirez-no-hay-casos-sospechosos-de-coronavirus\/"]}]},{"@type":"ImageObject","inLanguage":"es","@id":"https:\/\/informelitoral.com.ar\/general-ramirez-no-hay-casos-sospechosos-de-coronavirus\/#primaryimage","url":"https:\/\/informelitoral.com.ar\/%77%70%2d%63%6f%6e%74%65%6e%74\/uploads\/2020\/03\/91091101_1570700666414183_1652640674618540032_o.jpg","contentUrl":"https:\/\/informelitoral.com.ar\/%77%70%2d%63%6f%6e%74%65%6e%74\/uploads\/2020\/03\/91091101_1570700666414183_1652640674618540032_o.jpg","width":960,"height":539},{"@type":"BreadcrumbList","@id":"https:\/\/informelitoral.com.ar\/general-ramirez-no-hay-casos-sospechosos-de-coronavirus\/#breadcrumb","itemListElement":[{"@type":"ListItem","position":1,"name":"Portada","item":"https:\/\/informelitoral.com.ar\/"},{"@type":"ListItem","position":2,"name":"General Ram\u00edrez: no hay casos sospechosos de coronavirus"}]},{"@type":"WebSite","@id":"https:\/\/informelitoral.com.ar\/#website","url":"https:\/\/informelitoral.com.ar\/","name":"Informe Litoral","description":"&quot;Nos informamos&quot; ","publisher":{"@id":"https:\/\/informelitoral.com.ar\/#organization"},"potentialAction":[{"@type":"SearchAction","target":{"@type":"EntryPoint","urlTemplate":"https:\/\/informelitoral.com.ar\/?s={search_term_string}"},"query-input":{"@type":"PropertyValueSpecification","valueRequired":true,"valueName":"search_term_string"}}],"inLanguage":"es"},{"@type":"Organization","@id":"https:\/\/informelitoral.com.ar\/#organization","name":"Informe Litoral","url":"https:\/\/informelitoral.com.ar\/","logo":{"@type":"ImageObject","inLanguage":"es","@id":"https:\/\/informelitoral.com.ar\/#\/schema\/logo\/image\/","url":"https:\/\/informelitoral.com.ar\/%77%70%2d%63%6f%6e%74%65%6e%74\/uploads\/2021\/01\/circulo.png","contentUrl":"https:\/\/informelitoral.com.ar\/%77%70%2d%63%6f%6e%74%65%6e%74\/uploads\/2021\/01\/circulo.png","width":723,"height":731,"caption":"Informe Litoral"},"image":{"@id":"https:\/\/informelitoral.com.ar\/#\/schema\/logo\/image\/"},"sameAs":["https:\/\/www.facebook.com\/informelitoral\/","https:\/\/x.com\/InformeLitoral","https:\/\/www.instagram.com\/informelitoral\/","https:\/\/www.youtube.com\/channel\/UCua4Qvz8Icb6MYqhoq9xLXw"]},{"@type":"Person","@id":"https:\/\/informelitoral.com.ar\/#\/schema\/person\/b9d00407c836482871ef1d57bf8e3180","name":"Gonzalo Schmidt","image":{"@type":"ImageObject","inLanguage":"es","@id":"https:\/\/secure.gravatar.com\/avatar\/31a1a7b66ff2de83bd0e9fd79d026630d2d99e55e8bfe501287647b4fd9743de?s=96&d=mm&r=g","url":"https:\/\/secure.gravatar.com\/avatar\/31a1a7b66ff2de83bd0e9fd79d026630d2d99e55e8bfe501287647b4fd9743de?s=96&d=mm&r=g","contentUrl":"https:\/\/secure.gravatar.com\/avatar\/31a1a7b66ff2de83bd0e9fd79d026630d2d99e55e8bfe501287647b4fd9743de?s=96&d=mm&r=g","caption":"Gonzalo Schmidt"},"description":"Sitio web de noticias de la provincia de Entre R\u00edos, Argentina. Informaci\u00f3n y entretenimiento. Informe Litoral, nos informamos.","sameAs":["http:\/\/www.isletasnoticias.com.ar"],"url":"https:\/\/informelitoral.com.ar\/author\/gonzalo\/"}]}},"_links":{"self":[{"href":"https:\/\/informelitoral.com.ar\/%77%70%2d%6a%73%6f%6e\/wp\/v2\/posts\/41369","targetHints":{"allow":["GET"]}}],"collection":[{"href":"https:\/\/informelitoral.com.ar\/%77%70%2d%6a%73%6f%6e\/wp\/v2\/posts"}],"about":[{"href":"https:\/\/informelitoral.com.ar\/%77%70%2d%6a%73%6f%6e\/wp\/v2\/types\/post"}],"author":[{"embeddable":true,"href":"https:\/\/informelitoral.com.ar\/%77%70%2d%6a%73%6f%6e\/wp\/v2\/users\/2"}],"replies":[{"embeddable":true,"href":"https:\/\/informelitoral.com.ar\/%77%70%2d%6a%73%6f%6e\/wp\/v2\/comments?post=41369"}],"version-history":[{"count":0,"href":"https:\/\/informelitoral.com.ar\/%77%70%2d%6a%73%6f%6e\/wp\/v2\/posts\/41369\/revisions"}],"wp:featuredmedia":[{"embeddable":true,"href":"https:\/\/informelitoral.com.ar\/%77%70%2d%6a%73%6f%6e\/wp\/v2\/media\/41373"}],"wp:attachment":[{"href":"https:\/\/informelitoral.com.ar\/%77%70%2d%6a%73%6f%6e\/wp\/v2\/media?parent=41369"}],"wp:term":[{"taxonomy":"category","embeddable":true,"href":"https:\/\/informelitoral.com.ar\/%77%70%2d%6a%73%6f%6e\/wp\/v2\/categories?post=41369"},{"taxonomy":"post_tag","embeddable":true,"href":"https:\/\/informelitoral.com.ar\/%77%70%2d%6a%73%6f%6e\/wp\/v2\/tags?post=41369"}],"curies":[{"name":"wp","href":"https:\/\/api.w.org\/{rel}","templated":true}]}}