{"id":41342,"date":"2020-03-26T14:09:05","date_gmt":"2020-03-26T17:09:05","guid":{"rendered":"https:\/\/www.isletasnoticias.com.ar\/?p=41342"},"modified":"2020-03-26T14:12:13","modified_gmt":"2020-03-26T17:12:13","slug":"se-concreto-la-primera-entrega-de-alcohol-en-gel-encargado-por-la-provincia","status":"publish","type":"post","link":"https:\/\/informelitoral.com.ar\/se-concreto-la-primera-entrega-de-alcohol-en-gel-encargado-por-la-provincia\/","title":{"rendered":"Se concret\u00f3 la primera entrega de alcohol en gel encargado por la provincia"},"content":{"rendered":"<p>A partir de la alta demanda y el riesgo de desabastecimiento o de sobreprecios de un insumo esencial para prevenir la propagaci\u00f3n del coronavirus, como es el alcohol en gel, el gobernador Bordet encabez\u00f3 las gestiones para lograr la fabricaci\u00f3n local de estos elementos. Es por ello que apenas conocida la dificultad se concret\u00f3 el acuerdo con el laboratorio Lafedar, reconocida empresa entrerriana con sede en Paran\u00e1, para encarar la fabricaci\u00f3n en una primera etapa de 21.000 litros de alcohol en gel y posteriormente de paracetamol.<\/p>\n<p>En este marco, este jueves comenz\u00f3 la primera entrega de 5.000 unidades de 500 mililitros de alcohol, correspondientes a la elaboraci\u00f3n de 21.000 litros. Esta primera entrega se va a ser hasta el mi\u00e9rcoles pr\u00f3ximo para luego continuar con otras partidas. El gerente de Lafedar, N\u00e9stor Chillado, dijo que se fabricar\u00e1n 5000 unidades de 500 mililitros, despu\u00e9s unas 40.000 unidades de 250 mililitros, adem\u00e1s de unos 100.000 pomos de 100 gramos.<\/p>\n<p><strong>Decisi\u00f3n ante la emergencia<\/strong><\/p>\n<p><strong><a href=\"https:\/\/www.isletasnoticias.com.ar\/%77%70%2d%63%6f%6e%74%65%6e%74\/uploads\/2020\/03\/1585237539jpg.jpg\"><img loading=\"lazy\" decoding=\"async\" class=\"aligncenter wp-image-41343 size-large\" src=\"https:\/\/www.isletasnoticias.com.ar\/%77%70%2d%63%6f%6e%74%65%6e%74\/uploads\/2020\/03\/1585237539jpg-1024x684.jpg\" alt=\"\" width=\"696\" height=\"465\" srcset=\"https:\/\/informelitoral.com.ar\/%77%70%2d%63%6f%6e%74%65%6e%74\/uploads\/2020\/03\/1585237539jpg-1024x684.jpg 1024w, https:\/\/informelitoral.com.ar\/%77%70%2d%63%6f%6e%74%65%6e%74\/uploads\/2020\/03\/1585237539jpg-300x200.jpg 300w, https:\/\/informelitoral.com.ar\/%77%70%2d%63%6f%6e%74%65%6e%74\/uploads\/2020\/03\/1585237539jpg-768x513.jpg 768w, https:\/\/informelitoral.com.ar\/%77%70%2d%63%6f%6e%74%65%6e%74\/uploads\/2020\/03\/1585237539jpg-696x465.jpg 696w, https:\/\/informelitoral.com.ar\/%77%70%2d%63%6f%6e%74%65%6e%74\/uploads\/2020\/03\/1585237539jpg-1068x713.jpg 1068w, https:\/\/informelitoral.com.ar\/%77%70%2d%63%6f%6e%74%65%6e%74\/uploads\/2020\/03\/1585237539jpg-629x420.jpg 629w, https:\/\/informelitoral.com.ar\/%77%70%2d%63%6f%6e%74%65%6e%74\/uploads\/2020\/03\/1585237539jpg.jpg 2000w\" sizes=\"auto, (max-width: 696px) 100vw, 696px\" \/><\/a><\/strong><\/p>\n<p>\u00abAnte la emergencia que se nos present\u00f3 por la pandemia del coronavirus decidimos r\u00e1pidamente comprar insumos que escasean y cuyos costos se vieron incrementados por acciones especulativas. En ese sentido la declaraci\u00f3n de emergencia nos posibilit\u00f3 realizar acuerdos en forma directa con los laboratorios entrerrianos a efectos de producir elementos de primera necesidad que hace al autocuidado y la higiene personal, como es el alcohol en gel, y tambi\u00e9n algunas l\u00edneas de medicamentos como el paracetamol que ayuda a mitigar los s\u00edntomas\u00bb, inform\u00f3 Bordet.<\/p>\n<p>Inform\u00f3 en este sentido que el laboratorio Lafedar culmin\u00f3 de producir la primera partida de alcohol en gel de muy alta calidad \u00abque ser\u00e1 distribuido primero entre los efectores de salud y agentes sanitarios de la provincia que son quienes tienen el riesgo m\u00e1s alto\u00bb.<\/p>\n<p>Bordet dijo que esta acci\u00f3n se enmarca \u00aben una multiplicidad de acciones\u201d que se impulsan en forma conjunta y no de manera aislada. \u201cEntre R\u00edos entendi\u00f3 la situaci\u00f3n que se estaba produciendo con mucha anticipaci\u00f3n y se cre\u00f3 el Comit\u00e9 de Emergencia Sanitaria que fue el primero que se constituy\u00f3 en el pa\u00eds, lo que nos permiti\u00f3 con tiempo tomar medidas pensando no en la fase m\u00e1s inmediata que es la de contenci\u00f3n, sino estar pensando anticipadamente en lo que es la fase de mitigaci\u00f3n que es cuando el virus empieza a circular de manera comunitaria, es decir con casos aut\u00f3ctonos\u00bb. Agreg\u00f3 que, si bien todav\u00eda no se han dado en la provincia, seguramente se dar\u00e1n y \u00abpara ello estamos preparados porque significa tener las camas suficientes, los respiradores necesarios, y articulados los equipos epidemiol\u00f3gicos y sanitarios en cada lugar de la provincia\u00bb.<\/p>\n<p>Precis\u00f3 que hoy hay 18 centros asistenciales en todos los departamentos de Entre R\u00edos y se trabaja en el hospital de La Baxada para la habilitaci\u00f3n de 20 camas con respiradores y 160 camas para internaci\u00f3n com\u00fan, Adem\u00e1s, se articula con el sector privado. Tambi\u00e9n dijo que se est\u00e1n fortaleciendo los controles, \u201cpero respetando las garant\u00edas individuales que establece la Constituci\u00f3n\u201d. En ese marco detall\u00f3 que dio instrucciones a la Polic\u00eda de Entre R\u00edos para que refuerce los controles en los accesos a la provincia, particularmente en el t\u00fanel Paran\u00e1-Santa Fe, y en el puente Rosario &#8211; Victoria y en Z\u00e1rate-Brazo Largo, para que \u201ccircule estrictamente lo que es necesario, gente que va a trabajar, transporte de sustancias alimenticias, y que aquel que va de turismo, paseo o por cuestiones familiares no ingrese a la provincia y evitar de esta manera la circulaci\u00f3n intensa\u00bb.<\/p>\n<p>Agreg\u00f3 que a esto \u00ablo hacemos con todos los municipios para tener medidas comunes y no aisladas; y en esto es fundamental la articulaci\u00f3n Naci\u00f3n, provincia y municipio\u00bb.<\/p>\n<p><strong>Aporte de la empresa local<\/strong><\/p>\n<p>Por su parte, el gerente de Producci\u00f3n del Laboratorio Lafedar, N\u00e9stor Chillado, se\u00f1al\u00f3 explic\u00f3 la labor que realiz\u00f3 la firma y dijo \u00abes el peque\u00f1o aporte que hemos podido hacer a trav\u00e9s de la entrega, en este primer convenio con la gobernaci\u00f3n, de 21.000 litros de alcohol en gel.<\/p>\n<p>\u201cEs por ahora nuestro aporte, despu\u00e9s hablamos con el gobernador de ampliarlo al tema del paracetamol. Vamos a hacer paracetamol en comprimidos, tambi\u00e9n para entregar a la gobernaci\u00f3n. Es el aporte peque\u00f1o que puede hacer nuestro laboratorio en medio de esta pandemia\u00bb.<\/p>\n<p>Explic\u00f3 que esta entrega se va a ser desde este jueves hasta el mi\u00e9rcoles que viene: \u00abVamos a hacer 5000 unidades de 500 mililitros; despu\u00e9s unas 40.000 unidades de 250 mililitros; y tenemos unos 100.000 pomos de 100 gramos para entregar a la gobernaci\u00f3n\u00bb.<\/p>\n<p>En cuanto a la provisi\u00f3n y log\u00edstica de los insumos, admiti\u00f3 que se ha complicado, sobre todo en las \u00faltimas dos semanas, y detall\u00f3 que se proveen b\u00e1sicamente de convertidores que est\u00e1n en Buenos Aires.<\/p>\n<p>Por \u00faltimo, manifest\u00f3: \u00abQuiero destacar el esfuerzo que la gente de producci\u00f3n est\u00e1 haciendo para poder cumplir con los compromisos que hemos asumido con la gobernaci\u00f3n; la profesionalidad; y sobre todo la actitud solidaria de todos los integrantes de este laboratorio\u00bb.<\/p>\n","protected":false},"excerpt":{"rendered":"<p>El gobernador Gustavo Bordet estuvo este jueves en el laboratorio Lafedar, empresa paranaense que fabric\u00f3 alcohol en gel encargado por el gobierno provincial para proveer al servicio sanitario entrerriano en el marco de la pandemia por el coronavirus.<\/p>\n","protected":false},"author":2,"featured_media":41344,"comment_status":"open","ping_status":"open","sticky":false,"template":"","format":"standard","meta":{"fifu_image_url":"","fifu_image_alt":"","footnotes":""},"categories":[6],"tags":[1426,249,167],"class_list":{"0":"post-41342","1":"post","2":"type-post","3":"status-publish","4":"format-standard","5":"has-post-thumbnail","7":"category-entre-rios","8":"tag-coronavirus","9":"tag-gobierno-provincial","10":"tag-gustavo-bordet"},"yoast_head":"<title>Se concret\u00f3 la primera entrega de alcohol en gel encargado por la provincia - Informe Litoral<\/title>\n<meta name=\"robots\" content=\"index, follow, max-snippet:-1, max-image-preview:large, max-video-preview:-1\" \/>\n<link rel=\"canonical\" href=\"https:\/\/informelitoral.com.ar\/se-concreto-la-primera-entrega-de-alcohol-en-gel-encargado-por-la-provincia\/\" \/>\n<meta property=\"og:locale\" content=\"es_ES\" \/>\n<meta property=\"og:type\" content=\"article\" \/>\n<meta property=\"og:title\" content=\"Se concret\u00f3 la primera entrega de alcohol en gel encargado por la provincia - Informe Litoral\" \/>\n<meta property=\"og:description\" content=\"El gobernador Gustavo Bordet estuvo este jueves en el laboratorio Lafedar, empresa paranaense que fabric\u00f3 alcohol en gel encargado por el gobierno provincial para proveer al servicio sanitario entrerriano en el marco de la pandemia por el coronavirus.\" \/>\n<meta property=\"og:url\" content=\"https:\/\/informelitoral.com.ar\/se-concreto-la-primera-entrega-de-alcohol-en-gel-encargado-por-la-provincia\/\" \/>\n<meta property=\"og:site_name\" content=\"Informe Litoral\" \/>\n<meta property=\"article:publisher\" content=\"https:\/\/www.facebook.com\/informelitoral\/\" \/>\n<meta property=\"article:published_time\" content=\"2020-03-26T17:09:05+00:00\" \/>\n<meta property=\"article:modified_time\" content=\"2020-03-26T17:12:13+00:00\" \/>\n<meta property=\"og:image\" content=\"https:\/\/informelitoral.com.ar\/%77%70%2d%63%6f%6e%74%65%6e%74\/uploads\/2020\/03\/1585237581jpg.jpg\" \/>\n\t<meta property=\"og:image:width\" content=\"2000\" \/>\n\t<meta property=\"og:image:height\" content=\"1335\" \/>\n\t<meta property=\"og:image:type\" content=\"image\/jpeg\" \/>\n<meta name=\"author\" content=\"Gonzalo Schmidt\" \/>\n<meta name=\"twitter:card\" content=\"summary_large_image\" \/>\n<meta name=\"twitter:creator\" content=\"@InformeLitoral\" \/>\n<meta name=\"twitter:site\" content=\"@InformeLitoral\" \/>\n<meta name=\"twitter:label1\" content=\"Escrito por\" \/>\n\t<meta name=\"twitter:data1\" content=\"Gonzalo Schmidt\" \/>\n\t<meta name=\"twitter:label2\" content=\"Tiempo de lectura\" \/>\n\t<meta name=\"twitter:data2\" content=\"4 minutos\" \/>\n<script type=\"application\/ld+json\" class=\"yoast-schema-graph\">{\"@context\":\"https:\\\/\\\/schema.org\",\"@graph\":[{\"@type\":\"Article\",\"@id\":\"https:\\\/\\\/informelitoral.com.ar\\\/se-concreto-la-primera-entrega-de-alcohol-en-gel-encargado-por-la-provincia\\\/#article\",\"isPartOf\":{\"@id\":\"https:\\\/\\\/informelitoral.com.ar\\\/se-concreto-la-primera-entrega-de-alcohol-en-gel-encargado-por-la-provincia\\\/\"},\"author\":{\"name\":\"Gonzalo Schmidt\",\"@id\":\"https:\\\/\\\/informelitoral.com.ar\\\/#\\\/schema\\\/person\\\/b9d00407c836482871ef1d57bf8e3180\"},\"headline\":\"Se concret\u00f3 la primera entrega de alcohol en gel encargado por la provincia\",\"datePublished\":\"2020-03-26T17:09:05+00:00\",\"dateModified\":\"2020-03-26T17:12:13+00:00\",\"mainEntityOfPage\":{\"@id\":\"https:\\\/\\\/informelitoral.com.ar\\\/se-concreto-la-primera-entrega-de-alcohol-en-gel-encargado-por-la-provincia\\\/\"},\"wordCount\":879,\"commentCount\":0,\"publisher\":{\"@id\":\"https:\\\/\\\/informelitoral.com.ar\\\/#organization\"},\"image\":{\"@id\":\"https:\\\/\\\/informelitoral.com.ar\\\/se-concreto-la-primera-entrega-de-alcohol-en-gel-encargado-por-la-provincia\\\/#primaryimage\"},\"thumbnailUrl\":\"https:\\\/\\\/informelitoral.com.ar\\\/%77%70%2d%63%6f%6e%74%65%6e%74\\\/uploads\\\/2020\\\/03\\\/1585237581jpg.jpg\",\"keywords\":[\"Coronavirus\",\"Gobierno provincial\",\"Gustavo Bordet\"],\"articleSection\":[\"Entre R\u00edos\"],\"inLanguage\":\"es\",\"potentialAction\":[{\"@type\":\"CommentAction\",\"name\":\"Comment\",\"target\":[\"https:\\\/\\\/informelitoral.com.ar\\\/se-concreto-la-primera-entrega-de-alcohol-en-gel-encargado-por-la-provincia\\\/#respond\"]}]},{\"@type\":\"WebPage\",\"@id\":\"https:\\\/\\\/informelitoral.com.ar\\\/se-concreto-la-primera-entrega-de-alcohol-en-gel-encargado-por-la-provincia\\\/\",\"url\":\"https:\\\/\\\/informelitoral.com.ar\\\/se-concreto-la-primera-entrega-de-alcohol-en-gel-encargado-por-la-provincia\\\/\",\"name\":\"Se concret\u00f3 la primera entrega de alcohol en gel encargado por la provincia - Informe Litoral\",\"isPartOf\":{\"@id\":\"https:\\\/\\\/informelitoral.com.ar\\\/#website\"},\"primaryImageOfPage\":{\"@id\":\"https:\\\/\\\/informelitoral.com.ar\\\/se-concreto-la-primera-entrega-de-alcohol-en-gel-encargado-por-la-provincia\\\/#primaryimage\"},\"image\":{\"@id\":\"https:\\\/\\\/informelitoral.com.ar\\\/se-concreto-la-primera-entrega-de-alcohol-en-gel-encargado-por-la-provincia\\\/#primaryimage\"},\"thumbnailUrl\":\"https:\\\/\\\/informelitoral.com.ar\\\/%77%70%2d%63%6f%6e%74%65%6e%74\\\/uploads\\\/2020\\\/03\\\/1585237581jpg.jpg\",\"datePublished\":\"2020-03-26T17:09:05+00:00\",\"dateModified\":\"2020-03-26T17:12:13+00:00\",\"breadcrumb\":{\"@id\":\"https:\\\/\\\/informelitoral.com.ar\\\/se-concreto-la-primera-entrega-de-alcohol-en-gel-encargado-por-la-provincia\\\/#breadcrumb\"},\"inLanguage\":\"es\",\"potentialAction\":[{\"@type\":\"ReadAction\",\"target\":[\"https:\\\/\\\/informelitoral.com.ar\\\/se-concreto-la-primera-entrega-de-alcohol-en-gel-encargado-por-la-provincia\\\/\"]}]},{\"@type\":\"ImageObject\",\"inLanguage\":\"es\",\"@id\":\"https:\\\/\\\/informelitoral.com.ar\\\/se-concreto-la-primera-entrega-de-alcohol-en-gel-encargado-por-la-provincia\\\/#primaryimage\",\"url\":\"https:\\\/\\\/informelitoral.com.ar\\\/%77%70%2d%63%6f%6e%74%65%6e%74\\\/uploads\\\/2020\\\/03\\\/1585237581jpg.jpg\",\"contentUrl\":\"https:\\\/\\\/informelitoral.com.ar\\\/%77%70%2d%63%6f%6e%74%65%6e%74\\\/uploads\\\/2020\\\/03\\\/1585237581jpg.jpg\",\"width\":2000,\"height\":1335},{\"@type\":\"BreadcrumbList\",\"@id\":\"https:\\\/\\\/informelitoral.com.ar\\\/se-concreto-la-primera-entrega-de-alcohol-en-gel-encargado-por-la-provincia\\\/#breadcrumb\",\"itemListElement\":[{\"@type\":\"ListItem\",\"position\":1,\"name\":\"Portada\",\"item\":\"https:\\\/\\\/informelitoral.com.ar\\\/\"},{\"@type\":\"ListItem\",\"position\":2,\"name\":\"Se concret\u00f3 la primera entrega de alcohol en gel encargado por la provincia\"}]},{\"@type\":\"WebSite\",\"@id\":\"https:\\\/\\\/informelitoral.com.ar\\\/#website\",\"url\":\"https:\\\/\\\/informelitoral.com.ar\\\/\",\"name\":\"Informe Litoral\",\"description\":\"&quot;Nos informamos&quot; \",\"publisher\":{\"@id\":\"https:\\\/\\\/informelitoral.com.ar\\\/#organization\"},\"potentialAction\":[{\"@type\":\"SearchAction\",\"target\":{\"@type\":\"EntryPoint\",\"urlTemplate\":\"https:\\\/\\\/informelitoral.com.ar\\\/?s={search_term_string}\"},\"query-input\":{\"@type\":\"PropertyValueSpecification\",\"valueRequired\":true,\"valueName\":\"search_term_string\"}}],\"inLanguage\":\"es\"},{\"@type\":\"Organization\",\"@id\":\"https:\\\/\\\/informelitoral.com.ar\\\/#organization\",\"name\":\"Informe Litoral\",\"url\":\"https:\\\/\\\/informelitoral.com.ar\\\/\",\"logo\":{\"@type\":\"ImageObject\",\"inLanguage\":\"es\",\"@id\":\"https:\\\/\\\/informelitoral.com.ar\\\/#\\\/schema\\\/logo\\\/image\\\/\",\"url\":\"https:\\\/\\\/informelitoral.com.ar\\\/%77%70%2d%63%6f%6e%74%65%6e%74\\\/uploads\\\/2021\\\/01\\\/circulo.png\",\"contentUrl\":\"https:\\\/\\\/informelitoral.com.ar\\\/%77%70%2d%63%6f%6e%74%65%6e%74\\\/uploads\\\/2021\\\/01\\\/circulo.png\",\"width\":723,\"height\":731,\"caption\":\"Informe Litoral\"},\"image\":{\"@id\":\"https:\\\/\\\/informelitoral.com.ar\\\/#\\\/schema\\\/logo\\\/image\\\/\"},\"sameAs\":[\"https:\\\/\\\/www.facebook.com\\\/informelitoral\\\/\",\"https:\\\/\\\/x.com\\\/InformeLitoral\",\"https:\\\/\\\/www.instagram.com\\\/informelitoral\\\/\",\"https:\\\/\\\/www.youtube.com\\\/channel\\\/UCua4Qvz8Icb6MYqhoq9xLXw\"]},{\"@type\":\"Person\",\"@id\":\"https:\\\/\\\/informelitoral.com.ar\\\/#\\\/schema\\\/person\\\/b9d00407c836482871ef1d57bf8e3180\",\"name\":\"Gonzalo Schmidt\",\"image\":{\"@type\":\"ImageObject\",\"inLanguage\":\"es\",\"@id\":\"https:\\\/\\\/secure.gravatar.com\\\/avatar\\\/31a1a7b66ff2de83bd0e9fd79d026630d2d99e55e8bfe501287647b4fd9743de?s=96&d=mm&r=g\",\"url\":\"https:\\\/\\\/secure.gravatar.com\\\/avatar\\\/31a1a7b66ff2de83bd0e9fd79d026630d2d99e55e8bfe501287647b4fd9743de?s=96&d=mm&r=g\",\"contentUrl\":\"https:\\\/\\\/secure.gravatar.com\\\/avatar\\\/31a1a7b66ff2de83bd0e9fd79d026630d2d99e55e8bfe501287647b4fd9743de?s=96&d=mm&r=g\",\"caption\":\"Gonzalo Schmidt\"},\"description\":\"Sitio web de noticias de la provincia de Entre R\u00edos, Argentina. Informaci\u00f3n y entretenimiento. Informe Litoral, nos informamos.\",\"sameAs\":[\"http:\\\/\\\/www.isletasnoticias.com.ar\"],\"url\":\"https:\\\/\\\/informelitoral.com.ar\\\/author\\\/gonzalo\\\/\"}]}<\/script>","yoast_head_json":{"title":"Se concret\u00f3 la primera entrega de alcohol en gel encargado por la provincia - Informe Litoral","robots":{"index":"index","follow":"follow","max-snippet":"max-snippet:-1","max-image-preview":"max-image-preview:large","max-video-preview":"max-video-preview:-1"},"canonical":"https:\/\/informelitoral.com.ar\/se-concreto-la-primera-entrega-de-alcohol-en-gel-encargado-por-la-provincia\/","og_locale":"es_ES","og_type":"article","og_title":"Se concret\u00f3 la primera entrega de alcohol en gel encargado por la provincia - Informe Litoral","og_description":"El gobernador Gustavo Bordet estuvo este jueves en el laboratorio Lafedar, empresa paranaense que fabric\u00f3 alcohol en gel encargado por el gobierno provincial para proveer al servicio sanitario entrerriano en el marco de la pandemia por el coronavirus.","og_url":"https:\/\/informelitoral.com.ar\/se-concreto-la-primera-entrega-de-alcohol-en-gel-encargado-por-la-provincia\/","og_site_name":"Informe Litoral","article_publisher":"https:\/\/www.facebook.com\/informelitoral\/","article_published_time":"2020-03-26T17:09:05+00:00","article_modified_time":"2020-03-26T17:12:13+00:00","og_image":[{"width":2000,"height":1335,"url":"https:\/\/informelitoral.com.ar\/%77%70%2d%63%6f%6e%74%65%6e%74\/uploads\/2020\/03\/1585237581jpg.jpg","type":"image\/jpeg"}],"author":"Gonzalo Schmidt","twitter_card":"summary_large_image","twitter_creator":"@InformeLitoral","twitter_site":"@InformeLitoral","twitter_misc":{"Escrito por":"Gonzalo Schmidt","Tiempo de lectura":"4 minutos"},"schema":{"@context":"https:\/\/schema.org","@graph":[{"@type":"Article","@id":"https:\/\/informelitoral.com.ar\/se-concreto-la-primera-entrega-de-alcohol-en-gel-encargado-por-la-provincia\/#article","isPartOf":{"@id":"https:\/\/informelitoral.com.ar\/se-concreto-la-primera-entrega-de-alcohol-en-gel-encargado-por-la-provincia\/"},"author":{"name":"Gonzalo Schmidt","@id":"https:\/\/informelitoral.com.ar\/#\/schema\/person\/b9d00407c836482871ef1d57bf8e3180"},"headline":"Se concret\u00f3 la primera entrega de alcohol en gel encargado por la provincia","datePublished":"2020-03-26T17:09:05+00:00","dateModified":"2020-03-26T17:12:13+00:00","mainEntityOfPage":{"@id":"https:\/\/informelitoral.com.ar\/se-concreto-la-primera-entrega-de-alcohol-en-gel-encargado-por-la-provincia\/"},"wordCount":879,"commentCount":0,"publisher":{"@id":"https:\/\/informelitoral.com.ar\/#organization"},"image":{"@id":"https:\/\/informelitoral.com.ar\/se-concreto-la-primera-entrega-de-alcohol-en-gel-encargado-por-la-provincia\/#primaryimage"},"thumbnailUrl":"https:\/\/informelitoral.com.ar\/%77%70%2d%63%6f%6e%74%65%6e%74\/uploads\/2020\/03\/1585237581jpg.jpg","keywords":["Coronavirus","Gobierno provincial","Gustavo Bordet"],"articleSection":["Entre R\u00edos"],"inLanguage":"es","potentialAction":[{"@type":"CommentAction","name":"Comment","target":["https:\/\/informelitoral.com.ar\/se-concreto-la-primera-entrega-de-alcohol-en-gel-encargado-por-la-provincia\/#respond"]}]},{"@type":"WebPage","@id":"https:\/\/informelitoral.com.ar\/se-concreto-la-primera-entrega-de-alcohol-en-gel-encargado-por-la-provincia\/","url":"https:\/\/informelitoral.com.ar\/se-concreto-la-primera-entrega-de-alcohol-en-gel-encargado-por-la-provincia\/","name":"Se concret\u00f3 la primera entrega de alcohol en gel encargado por la provincia - Informe Litoral","isPartOf":{"@id":"https:\/\/informelitoral.com.ar\/#website"},"primaryImageOfPage":{"@id":"https:\/\/informelitoral.com.ar\/se-concreto-la-primera-entrega-de-alcohol-en-gel-encargado-por-la-provincia\/#primaryimage"},"image":{"@id":"https:\/\/informelitoral.com.ar\/se-concreto-la-primera-entrega-de-alcohol-en-gel-encargado-por-la-provincia\/#primaryimage"},"thumbnailUrl":"https:\/\/informelitoral.com.ar\/%77%70%2d%63%6f%6e%74%65%6e%74\/uploads\/2020\/03\/1585237581jpg.jpg","datePublished":"2020-03-26T17:09:05+00:00","dateModified":"2020-03-26T17:12:13+00:00","breadcrumb":{"@id":"https:\/\/informelitoral.com.ar\/se-concreto-la-primera-entrega-de-alcohol-en-gel-encargado-por-la-provincia\/#breadcrumb"},"inLanguage":"es","potentialAction":[{"@type":"ReadAction","target":["https:\/\/informelitoral.com.ar\/se-concreto-la-primera-entrega-de-alcohol-en-gel-encargado-por-la-provincia\/"]}]},{"@type":"ImageObject","inLanguage":"es","@id":"https:\/\/informelitoral.com.ar\/se-concreto-la-primera-entrega-de-alcohol-en-gel-encargado-por-la-provincia\/#primaryimage","url":"https:\/\/informelitoral.com.ar\/%77%70%2d%63%6f%6e%74%65%6e%74\/uploads\/2020\/03\/1585237581jpg.jpg","contentUrl":"https:\/\/informelitoral.com.ar\/%77%70%2d%63%6f%6e%74%65%6e%74\/uploads\/2020\/03\/1585237581jpg.jpg","width":2000,"height":1335},{"@type":"BreadcrumbList","@id":"https:\/\/informelitoral.com.ar\/se-concreto-la-primera-entrega-de-alcohol-en-gel-encargado-por-la-provincia\/#breadcrumb","itemListElement":[{"@type":"ListItem","position":1,"name":"Portada","item":"https:\/\/informelitoral.com.ar\/"},{"@type":"ListItem","position":2,"name":"Se concret\u00f3 la primera entrega de alcohol en gel encargado por la provincia"}]},{"@type":"WebSite","@id":"https:\/\/informelitoral.com.ar\/#website","url":"https:\/\/informelitoral.com.ar\/","name":"Informe Litoral","description":"&quot;Nos informamos&quot; ","publisher":{"@id":"https:\/\/informelitoral.com.ar\/#organization"},"potentialAction":[{"@type":"SearchAction","target":{"@type":"EntryPoint","urlTemplate":"https:\/\/informelitoral.com.ar\/?s={search_term_string}"},"query-input":{"@type":"PropertyValueSpecification","valueRequired":true,"valueName":"search_term_string"}}],"inLanguage":"es"},{"@type":"Organization","@id":"https:\/\/informelitoral.com.ar\/#organization","name":"Informe Litoral","url":"https:\/\/informelitoral.com.ar\/","logo":{"@type":"ImageObject","inLanguage":"es","@id":"https:\/\/informelitoral.com.ar\/#\/schema\/logo\/image\/","url":"https:\/\/informelitoral.com.ar\/%77%70%2d%63%6f%6e%74%65%6e%74\/uploads\/2021\/01\/circulo.png","contentUrl":"https:\/\/informelitoral.com.ar\/%77%70%2d%63%6f%6e%74%65%6e%74\/uploads\/2021\/01\/circulo.png","width":723,"height":731,"caption":"Informe Litoral"},"image":{"@id":"https:\/\/informelitoral.com.ar\/#\/schema\/logo\/image\/"},"sameAs":["https:\/\/www.facebook.com\/informelitoral\/","https:\/\/x.com\/InformeLitoral","https:\/\/www.instagram.com\/informelitoral\/","https:\/\/www.youtube.com\/channel\/UCua4Qvz8Icb6MYqhoq9xLXw"]},{"@type":"Person","@id":"https:\/\/informelitoral.com.ar\/#\/schema\/person\/b9d00407c836482871ef1d57bf8e3180","name":"Gonzalo Schmidt","image":{"@type":"ImageObject","inLanguage":"es","@id":"https:\/\/secure.gravatar.com\/avatar\/31a1a7b66ff2de83bd0e9fd79d026630d2d99e55e8bfe501287647b4fd9743de?s=96&d=mm&r=g","url":"https:\/\/secure.gravatar.com\/avatar\/31a1a7b66ff2de83bd0e9fd79d026630d2d99e55e8bfe501287647b4fd9743de?s=96&d=mm&r=g","contentUrl":"https:\/\/secure.gravatar.com\/avatar\/31a1a7b66ff2de83bd0e9fd79d026630d2d99e55e8bfe501287647b4fd9743de?s=96&d=mm&r=g","caption":"Gonzalo Schmidt"},"description":"Sitio web de noticias de la provincia de Entre R\u00edos, Argentina. Informaci\u00f3n y entretenimiento. Informe Litoral, nos informamos.","sameAs":["http:\/\/www.isletasnoticias.com.ar"],"url":"https:\/\/informelitoral.com.ar\/author\/gonzalo\/"}]}},"_links":{"self":[{"href":"https:\/\/informelitoral.com.ar\/%77%70%2d%6a%73%6f%6e\/wp\/v2\/posts\/41342","targetHints":{"allow":["GET"]}}],"collection":[{"href":"https:\/\/informelitoral.com.ar\/%77%70%2d%6a%73%6f%6e\/wp\/v2\/posts"}],"about":[{"href":"https:\/\/informelitoral.com.ar\/%77%70%2d%6a%73%6f%6e\/wp\/v2\/types\/post"}],"author":[{"embeddable":true,"href":"https:\/\/informelitoral.com.ar\/%77%70%2d%6a%73%6f%6e\/wp\/v2\/users\/2"}],"replies":[{"embeddable":true,"href":"https:\/\/informelitoral.com.ar\/%77%70%2d%6a%73%6f%6e\/wp\/v2\/comments?post=41342"}],"version-history":[{"count":0,"href":"https:\/\/informelitoral.com.ar\/%77%70%2d%6a%73%6f%6e\/wp\/v2\/posts\/41342\/revisions"}],"wp:featuredmedia":[{"embeddable":true,"href":"https:\/\/informelitoral.com.ar\/%77%70%2d%6a%73%6f%6e\/wp\/v2\/media\/41344"}],"wp:attachment":[{"href":"https:\/\/informelitoral.com.ar\/%77%70%2d%6a%73%6f%6e\/wp\/v2\/media?parent=41342"}],"wp:term":[{"taxonomy":"category","embeddable":true,"href":"https:\/\/informelitoral.com.ar\/%77%70%2d%6a%73%6f%6e\/wp\/v2\/categories?post=41342"},{"taxonomy":"post_tag","embeddable":true,"href":"https:\/\/informelitoral.com.ar\/%77%70%2d%6a%73%6f%6e\/wp\/v2\/tags?post=41342"}],"curies":[{"name":"wp","href":"https:\/\/api.w.org\/{rel}","templated":true}]}}