{"id":41312,"date":"2020-03-25T11:21:35","date_gmt":"2020-03-25T14:21:35","guid":{"rendered":"https:\/\/www.isletasnoticias.com.ar\/?p=41312"},"modified":"2020-03-25T11:34:13","modified_gmt":"2020-03-25T14:34:13","slug":"recomendaciones-para-la-cosecha-de-granos-durante-la-emergencia-sanitaria","status":"publish","type":"post","link":"https:\/\/informelitoral.com.ar\/recomendaciones-para-la-cosecha-de-granos-durante-la-emergencia-sanitaria\/","title":{"rendered":"Recomendaciones para la cosecha de granos durante la emergencia sanitaria"},"content":{"rendered":"<p>En el marco de la situaci\u00f3n epidemiol\u00f3gica del coronavirus (COVID-19), especialistas del INTA junto con referentes de universidades y del sector privado elaboraron un informe con recomendaciones para evitar la transmisi\u00f3n del virus en las tareas de cosecha y almacenamiento de granos de la campa\u00f1a gruesa.<\/p>\n<p>Frente al contexto de emergencia sanitaria causado por el coronavirus, la cosecha de granos en la regi\u00f3n Pampeana tendr\u00e1 algunas particularidades que requieren ser resueltas en l\u00ednea con las medidas oficiales de prevenci\u00f3n. Se estima que el 80 % de la producci\u00f3n de la campa\u00f1a 2019-2020 se cosechar\u00e1 en los pr\u00f3ximos 45 d\u00edas en el marco de una situaci\u00f3n de restricciones para la log\u00edstica de cosecha, transporte y almacenamiento de granos.<\/p>\n<p>En el marco de la situaci\u00f3n epidemiol\u00f3gica del coronavirus (COVID-19), especialistas del INTA junto con referentes de universidades y del sector privado elaboraron un informe con recomendaciones para evitar la transmisi\u00f3n del virus en las tareas de cosecha y almacenamiento de granos de la campa\u00f1a gruesa.<\/p>\n<p>De acuerdo con los t\u00e9cnicos, este a\u00f1o \u201cser\u00e1 clave acordar anticipadamente la log\u00edstica y asegurarse que los equipos est\u00e9n en el campo al momento necesario\u201d. \u201cEn caso de que existan restricciones de circulaci\u00f3n y traslados de maquinaria, contar con los servicios de cosecha, poscosecha y log\u00edstica de granos en el campo en el momento necesario ser\u00e1 determinante para realizar un buen trabajo\u201d, recalcaron.<\/p>\n<p>Ante una situaci\u00f3n compleja como la de esta campa\u00f1a, los t\u00e9cnicos indicaron que, con el objetivo de realizar la cosecha con la mayor eficiencia posible y no correr el riesgo de formar un cuello de botella para levantar y almacenar la producci\u00f3n, \u201clos productores deber\u00edan evaluar la recomendaci\u00f3n de iniciar la cosecha hasta con 2 % m\u00e1s de humedad por sobre el par\u00e1metro de recibo\u201d.<\/p>\n<p>En soja, esta sugerencia significa cosechar granos con entre 15,5 y 16 % de humedad. \u201cEn un d\u00eda de condiciones clim\u00e1ticas normales, ese porcentaje se reduce durante la jornada de trabajo\u201d, ampliaron los especialistas.<\/p>\n<figure class=\"embed\">\n<div class=\"cl-cl-14 margin-0\"><img decoding=\"async\" class=\"lazy-lotta\" src=\"https:\/\/www.campoenaccion.com\/galeria\/fotos\/2020\/03\/23\/o_1584958904.jpg\" alt=\"\" width=\"100%\" \/><\/div>\n<\/figure>\n<p>Asimismo, recomiendan mantener bien informados al equipo de trabajo y restringir el acceso a personas alcanzadas por los factores de riesgo.<\/p>\n<p>\u201cEs importante concientizar a todos los trabajadores sobre los riesgos de contagio para tomar las precauciones y evitar la transmisi\u00f3n del virus, a partir de la distribuci\u00f3n de s\u00f3lo informaci\u00f3n oficial a los fines de evitar trascendidos e informaci\u00f3n falsa que pueda producir p\u00e1nico. Lo m\u00e1s importante son las personas, su salud y sus familias y, por lo tanto, es primordial atender e invertir en su cuidado\u201d, se\u00f1alaron los t\u00e9cnicos.<\/p>\n<p>En esta l\u00ednea, sugieren planificar la metodolog\u00eda de trabajo con el equipo interno y externo (productor, asesor, contratista, operarios, camioneros, acopiadores, etc.) antes de iniciar las actividades de cosecha y poscosecha. En lo posible, es conveniente hacer estos acuerdos v\u00eda telef\u00f3nica para evitar el contacto directo.<\/p>\n<p>\u201cSe debe evitar el contacto directo en todas sus formas y, en caso de ser imprescindible, tomar las medidas de prevenci\u00f3n antes y despu\u00e9s del contacto\u201d, explicaron. Esto implica tambi\u00e9n evitar las rondas de mates y las aglomeraciones de personas, tanto en las actividades laborales como en campamentos, casilla, rondas y reuniones.<\/p>\n<p>Respecto del consumo de alimentos y bebidas, es deseable llevar un equipo de mate propio, sumado a vajilla personal (cubiertos y vaso) y elementos de aseo (toallas y otros).<\/p>\n<p>Otra sugerencia es minimizar la movilidad de personas y solicitar a proveedores que los servicios sean prestados por las mismas personas (camioneros, maquinistas, asistentes).<\/p>\n<p>En este contexto, los t\u00e9cnicos apuntan a que los productores realicen la menor movilizaci\u00f3n granos en esta \u00e9poca. \u201cSe sugiere prever el almacenamiento en estructuras propias disponibles en los establecimientos o programar el almacenaje en silo bolsas (previsi\u00f3n de bolsas y equipos para embolsado de granos)\u201d, aclararon.<\/p>\n<p>En relaci\u00f3n con la limpieza, se alienta la desinfecci\u00f3n meticulosa de los elementos que obligatoriamente se comparten a trav\u00e9s del contacto directo (carta de porte, llaves, herramientas, lapicera, memoria del monitor de rendimiento, etc.).<\/p>\n<p>Adem\u00e1s, es necesario disponer de agua limpia, jab\u00f3n y rollos de papel secante en la totalidad de maquinaria de campa\u00f1a (tolvas, cosechadora y casilla rural) para que el personal pueda lavarse regularmente las manos de forma adecuada.<\/p>\n<p>En el caso de la casilla rural, por tratarse de un lugar cr\u00edtico para el contagio (espacio reducido), se recomienda la desinfecci\u00f3n peri\u00f3dica, turnarse para las comidas y exigir el uso de barbijos (tipo N95), tambi\u00e9n para el descanso.<\/p>\n<p>El informe fue elaborado por investigadores del INTA, universidades y sector privado, participantes del proyecto \u201cDesarrollo y aplicaci\u00f3n de tecnolog\u00edas de mecanizaci\u00f3n, precisi\u00f3n y digitalizaci\u00f3n de la agricultura\u201d: Fernando Scaramuzza, Juan Pablo V\u00e9lez, Diego Villarroel y Mauricio Santa Juliana (INTA Manfredi); Jos\u00e9 Peiretti y Mario De Simone (INTA Salta); Juan Giordano (INTA Rafaela); Santiago Tourn (Unidad Integrada Balcarce); Enrique Behr (INTA Crespo); Jos\u00e9 M\u00e9ndez (INTA Totoras) y Federico S\u00e1nchez.<\/p>\n<figure class=\"embed\">\n<div class=\"cl-cl-14 margin-0\"><img decoding=\"async\" class=\"lazy-lotta aligncenter\" src=\"https:\/\/www.campoenaccion.com\/galeria\/fotos\/2020\/01\/29\/o_1580302046.jpg\" alt=\"\" width=\"100%\" \/><\/div>\n<\/figure>\n<h3><strong>Uso de maquinaria y veh\u00edculos<\/strong><\/h3>\n<p>De acuerdo con la gu\u00eda de recomendaciones, cosechadoras, tractores y camiones deben ser ocupados \u00fanicamente por el operario capacitado, sin acompa\u00f1antes en la medida de lo posible. Antes de un relevo en la operaci\u00f3n de la maquinaria, se sugiere limpiar y desinfectar adecuadamente el puesto de comando.<\/p>\n<p>En el caso de los veh\u00edculos uso compartido, como los de asistencia t\u00e9cnica y camionetas, se alienta la limpieza y desinfecci\u00f3n de manera regular. De igual modo, es necesario limpiar, desinfectar y ventilar peri\u00f3dicamente los habit\u00e1culos de la maquinaria, la casilla rural, galpones, hogares y veh\u00edculos de asistencia t\u00e9cnica.<\/p>\n<p>Asimismo, los t\u00e9cnicos apuntan a reforzar el uso de elementos de seguridad e higiene personal como guantes y barbijos (tipo N95) para operarios de maquinaria y plantas de acopio. Adem\u00e1s de prevenir el contagio del Coronavirus, esta acci\u00f3n evita el contacto con polvo, hongos, micotoxinas, insecticidas, insectos y roedores.<\/p>\n<p>Para la implementaci\u00f3n, se considera oportuno designar a un operario del equipo como responsable del control y cumplimiento de las medidas de prevenci\u00f3n y la provisi\u00f3n de productos de higiene para el personal y la limpieza de maquinaria.<\/p>\n<p>Adem\u00e1s de lo estrictamente agron\u00f3mico, los t\u00e9cnicos promueven la adopci\u00f3n de las recomendaciones brindadas por el Ministerio de Salud de la Naci\u00f3n y por la Organizaci\u00f3n Mundial de la Salud (OMS). Ante la presencia de fiebre y s\u00edntomas respiratorios (tos, dolor de garganta o dificultad respiratoria), realizar la consulta telef\u00f3nica inmediata al 0800-222-1002 (desde cualquier punto del pa\u00eds).<\/p>\n","protected":false},"excerpt":{"rendered":"<p>Desde diferentes organismos brindan detalles sobre qu\u00e9 hacer en el campo que est\u00e1 excluido de la cuarentena obligatoria. <\/p>\n","protected":false},"author":2,"featured_media":27247,"comment_status":"open","ping_status":"open","sticky":false,"template":"","format":"standard","meta":{"fifu_image_url":"","fifu_image_alt":"","footnotes":""},"categories":[10],"tags":[71,72,120,818,73],"class_list":{"0":"post-41312","1":"post","2":"type-post","3":"status-publish","4":"format-standard","5":"has-post-thumbnail","7":"category-campo","8":"tag-campo","9":"tag-cosecha","10":"tag-produccion","11":"tag-productores","12":"tag-soja"},"yoast_head":"<title>Recomendaciones para la cosecha de granos durante la emergencia sanitaria - Informe Litoral<\/title>\n<meta name=\"robots\" content=\"index, follow, max-snippet:-1, max-image-preview:large, max-video-preview:-1\" \/>\n<link rel=\"canonical\" href=\"https:\/\/informelitoral.com.ar\/recomendaciones-para-la-cosecha-de-granos-durante-la-emergencia-sanitaria\/\" \/>\n<meta property=\"og:locale\" content=\"es_ES\" \/>\n<meta property=\"og:type\" content=\"article\" \/>\n<meta property=\"og:title\" content=\"Recomendaciones para la cosecha de granos durante la emergencia sanitaria - Informe Litoral\" \/>\n<meta property=\"og:description\" content=\"Desde diferentes organismos brindan detalles sobre qu\u00e9 hacer en el campo que est\u00e1 excluido de la cuarentena obligatoria.\" \/>\n<meta property=\"og:url\" content=\"https:\/\/informelitoral.com.ar\/recomendaciones-para-la-cosecha-de-granos-durante-la-emergencia-sanitaria\/\" \/>\n<meta property=\"og:site_name\" content=\"Informe Litoral\" \/>\n<meta property=\"article:publisher\" content=\"https:\/\/www.facebook.com\/informelitoral\/\" \/>\n<meta property=\"article:published_time\" content=\"2020-03-25T14:21:35+00:00\" \/>\n<meta property=\"article:modified_time\" content=\"2020-03-25T14:34:13+00:00\" \/>\n<meta property=\"og:image\" content=\"https:\/\/informelitoral.com.ar\/%77%70%2d%63%6f%6e%74%65%6e%74\/uploads\/2018\/06\/Cosecha-soja-w.jpg\" \/>\n\t<meta property=\"og:image:width\" content=\"650\" \/>\n\t<meta property=\"og:image:height\" content=\"405\" \/>\n\t<meta property=\"og:image:type\" content=\"image\/jpeg\" \/>\n<meta name=\"author\" content=\"Gonzalo Schmidt\" \/>\n<meta name=\"twitter:card\" content=\"summary_large_image\" \/>\n<meta name=\"twitter:creator\" content=\"@InformeLitoral\" \/>\n<meta name=\"twitter:site\" content=\"@InformeLitoral\" \/>\n<meta name=\"twitter:label1\" content=\"Escrito por\" \/>\n\t<meta name=\"twitter:data1\" content=\"Gonzalo Schmidt\" \/>\n\t<meta name=\"twitter:label2\" content=\"Tiempo de lectura\" \/>\n\t<meta name=\"twitter:data2\" content=\"6 minutos\" \/>\n<script type=\"application\/ld+json\" class=\"yoast-schema-graph\">{\"@context\":\"https:\\\/\\\/schema.org\",\"@graph\":[{\"@type\":\"Article\",\"@id\":\"https:\\\/\\\/informelitoral.com.ar\\\/recomendaciones-para-la-cosecha-de-granos-durante-la-emergencia-sanitaria\\\/#article\",\"isPartOf\":{\"@id\":\"https:\\\/\\\/informelitoral.com.ar\\\/recomendaciones-para-la-cosecha-de-granos-durante-la-emergencia-sanitaria\\\/\"},\"author\":{\"name\":\"Gonzalo Schmidt\",\"@id\":\"https:\\\/\\\/informelitoral.com.ar\\\/#\\\/schema\\\/person\\\/b9d00407c836482871ef1d57bf8e3180\"},\"headline\":\"Recomendaciones para la cosecha de granos durante la emergencia sanitaria\",\"datePublished\":\"2020-03-25T14:21:35+00:00\",\"dateModified\":\"2020-03-25T14:34:13+00:00\",\"mainEntityOfPage\":{\"@id\":\"https:\\\/\\\/informelitoral.com.ar\\\/recomendaciones-para-la-cosecha-de-granos-durante-la-emergencia-sanitaria\\\/\"},\"wordCount\":1138,\"commentCount\":0,\"publisher\":{\"@id\":\"https:\\\/\\\/informelitoral.com.ar\\\/#organization\"},\"image\":{\"@id\":\"https:\\\/\\\/informelitoral.com.ar\\\/recomendaciones-para-la-cosecha-de-granos-durante-la-emergencia-sanitaria\\\/#primaryimage\"},\"thumbnailUrl\":\"https:\\\/\\\/informelitoral.com.ar\\\/%77%70%2d%63%6f%6e%74%65%6e%74\\\/uploads\\\/2018\\\/06\\\/Cosecha-soja-w.jpg\",\"keywords\":[\"Campo\",\"Cosecha\",\"Producci\u00f3n\",\"Productores\",\"Soja\"],\"articleSection\":[\"Campo\"],\"inLanguage\":\"es\",\"potentialAction\":[{\"@type\":\"CommentAction\",\"name\":\"Comment\",\"target\":[\"https:\\\/\\\/informelitoral.com.ar\\\/recomendaciones-para-la-cosecha-de-granos-durante-la-emergencia-sanitaria\\\/#respond\"]}]},{\"@type\":\"WebPage\",\"@id\":\"https:\\\/\\\/informelitoral.com.ar\\\/recomendaciones-para-la-cosecha-de-granos-durante-la-emergencia-sanitaria\\\/\",\"url\":\"https:\\\/\\\/informelitoral.com.ar\\\/recomendaciones-para-la-cosecha-de-granos-durante-la-emergencia-sanitaria\\\/\",\"name\":\"Recomendaciones para la cosecha de granos durante la emergencia sanitaria - Informe Litoral\",\"isPartOf\":{\"@id\":\"https:\\\/\\\/informelitoral.com.ar\\\/#website\"},\"primaryImageOfPage\":{\"@id\":\"https:\\\/\\\/informelitoral.com.ar\\\/recomendaciones-para-la-cosecha-de-granos-durante-la-emergencia-sanitaria\\\/#primaryimage\"},\"image\":{\"@id\":\"https:\\\/\\\/informelitoral.com.ar\\\/recomendaciones-para-la-cosecha-de-granos-durante-la-emergencia-sanitaria\\\/#primaryimage\"},\"thumbnailUrl\":\"https:\\\/\\\/informelitoral.com.ar\\\/%77%70%2d%63%6f%6e%74%65%6e%74\\\/uploads\\\/2018\\\/06\\\/Cosecha-soja-w.jpg\",\"datePublished\":\"2020-03-25T14:21:35+00:00\",\"dateModified\":\"2020-03-25T14:34:13+00:00\",\"breadcrumb\":{\"@id\":\"https:\\\/\\\/informelitoral.com.ar\\\/recomendaciones-para-la-cosecha-de-granos-durante-la-emergencia-sanitaria\\\/#breadcrumb\"},\"inLanguage\":\"es\",\"potentialAction\":[{\"@type\":\"ReadAction\",\"target\":[\"https:\\\/\\\/informelitoral.com.ar\\\/recomendaciones-para-la-cosecha-de-granos-durante-la-emergencia-sanitaria\\\/\"]}]},{\"@type\":\"ImageObject\",\"inLanguage\":\"es\",\"@id\":\"https:\\\/\\\/informelitoral.com.ar\\\/recomendaciones-para-la-cosecha-de-granos-durante-la-emergencia-sanitaria\\\/#primaryimage\",\"url\":\"https:\\\/\\\/informelitoral.com.ar\\\/%77%70%2d%63%6f%6e%74%65%6e%74\\\/uploads\\\/2018\\\/06\\\/Cosecha-soja-w.jpg\",\"contentUrl\":\"https:\\\/\\\/informelitoral.com.ar\\\/%77%70%2d%63%6f%6e%74%65%6e%74\\\/uploads\\\/2018\\\/06\\\/Cosecha-soja-w.jpg\",\"width\":650,\"height\":405},{\"@type\":\"BreadcrumbList\",\"@id\":\"https:\\\/\\\/informelitoral.com.ar\\\/recomendaciones-para-la-cosecha-de-granos-durante-la-emergencia-sanitaria\\\/#breadcrumb\",\"itemListElement\":[{\"@type\":\"ListItem\",\"position\":1,\"name\":\"Portada\",\"item\":\"https:\\\/\\\/informelitoral.com.ar\\\/\"},{\"@type\":\"ListItem\",\"position\":2,\"name\":\"Recomendaciones para la cosecha de granos durante la emergencia sanitaria\"}]},{\"@type\":\"WebSite\",\"@id\":\"https:\\\/\\\/informelitoral.com.ar\\\/#website\",\"url\":\"https:\\\/\\\/informelitoral.com.ar\\\/\",\"name\":\"Informe Litoral\",\"description\":\"&quot;Nos informamos&quot; \",\"publisher\":{\"@id\":\"https:\\\/\\\/informelitoral.com.ar\\\/#organization\"},\"potentialAction\":[{\"@type\":\"SearchAction\",\"target\":{\"@type\":\"EntryPoint\",\"urlTemplate\":\"https:\\\/\\\/informelitoral.com.ar\\\/?s={search_term_string}\"},\"query-input\":{\"@type\":\"PropertyValueSpecification\",\"valueRequired\":true,\"valueName\":\"search_term_string\"}}],\"inLanguage\":\"es\"},{\"@type\":\"Organization\",\"@id\":\"https:\\\/\\\/informelitoral.com.ar\\\/#organization\",\"name\":\"Informe Litoral\",\"url\":\"https:\\\/\\\/informelitoral.com.ar\\\/\",\"logo\":{\"@type\":\"ImageObject\",\"inLanguage\":\"es\",\"@id\":\"https:\\\/\\\/informelitoral.com.ar\\\/#\\\/schema\\\/logo\\\/image\\\/\",\"url\":\"https:\\\/\\\/informelitoral.com.ar\\\/%77%70%2d%63%6f%6e%74%65%6e%74\\\/uploads\\\/2021\\\/01\\\/circulo.png\",\"contentUrl\":\"https:\\\/\\\/informelitoral.com.ar\\\/%77%70%2d%63%6f%6e%74%65%6e%74\\\/uploads\\\/2021\\\/01\\\/circulo.png\",\"width\":723,\"height\":731,\"caption\":\"Informe Litoral\"},\"image\":{\"@id\":\"https:\\\/\\\/informelitoral.com.ar\\\/#\\\/schema\\\/logo\\\/image\\\/\"},\"sameAs\":[\"https:\\\/\\\/www.facebook.com\\\/informelitoral\\\/\",\"https:\\\/\\\/x.com\\\/InformeLitoral\",\"https:\\\/\\\/www.instagram.com\\\/informelitoral\\\/\",\"https:\\\/\\\/www.youtube.com\\\/channel\\\/UCua4Qvz8Icb6MYqhoq9xLXw\"]},{\"@type\":\"Person\",\"@id\":\"https:\\\/\\\/informelitoral.com.ar\\\/#\\\/schema\\\/person\\\/b9d00407c836482871ef1d57bf8e3180\",\"name\":\"Gonzalo Schmidt\",\"image\":{\"@type\":\"ImageObject\",\"inLanguage\":\"es\",\"@id\":\"https:\\\/\\\/secure.gravatar.com\\\/avatar\\\/31a1a7b66ff2de83bd0e9fd79d026630d2d99e55e8bfe501287647b4fd9743de?s=96&d=mm&r=g\",\"url\":\"https:\\\/\\\/secure.gravatar.com\\\/avatar\\\/31a1a7b66ff2de83bd0e9fd79d026630d2d99e55e8bfe501287647b4fd9743de?s=96&d=mm&r=g\",\"contentUrl\":\"https:\\\/\\\/secure.gravatar.com\\\/avatar\\\/31a1a7b66ff2de83bd0e9fd79d026630d2d99e55e8bfe501287647b4fd9743de?s=96&d=mm&r=g\",\"caption\":\"Gonzalo Schmidt\"},\"description\":\"Sitio web de noticias de la provincia de Entre R\u00edos, Argentina. Informaci\u00f3n y entretenimiento. Informe Litoral, nos informamos.\",\"sameAs\":[\"http:\\\/\\\/www.isletasnoticias.com.ar\"],\"url\":\"https:\\\/\\\/informelitoral.com.ar\\\/author\\\/gonzalo\\\/\"}]}<\/script>","yoast_head_json":{"title":"Recomendaciones para la cosecha de granos durante la emergencia sanitaria - Informe Litoral","robots":{"index":"index","follow":"follow","max-snippet":"max-snippet:-1","max-image-preview":"max-image-preview:large","max-video-preview":"max-video-preview:-1"},"canonical":"https:\/\/informelitoral.com.ar\/recomendaciones-para-la-cosecha-de-granos-durante-la-emergencia-sanitaria\/","og_locale":"es_ES","og_type":"article","og_title":"Recomendaciones para la cosecha de granos durante la emergencia sanitaria - Informe Litoral","og_description":"Desde diferentes organismos brindan detalles sobre qu\u00e9 hacer en el campo que est\u00e1 excluido de la cuarentena obligatoria.","og_url":"https:\/\/informelitoral.com.ar\/recomendaciones-para-la-cosecha-de-granos-durante-la-emergencia-sanitaria\/","og_site_name":"Informe Litoral","article_publisher":"https:\/\/www.facebook.com\/informelitoral\/","article_published_time":"2020-03-25T14:21:35+00:00","article_modified_time":"2020-03-25T14:34:13+00:00","og_image":[{"width":650,"height":405,"url":"https:\/\/informelitoral.com.ar\/%77%70%2d%63%6f%6e%74%65%6e%74\/uploads\/2018\/06\/Cosecha-soja-w.jpg","type":"image\/jpeg"}],"author":"Gonzalo Schmidt","twitter_card":"summary_large_image","twitter_creator":"@InformeLitoral","twitter_site":"@InformeLitoral","twitter_misc":{"Escrito por":"Gonzalo Schmidt","Tiempo de lectura":"6 minutos"},"schema":{"@context":"https:\/\/schema.org","@graph":[{"@type":"Article","@id":"https:\/\/informelitoral.com.ar\/recomendaciones-para-la-cosecha-de-granos-durante-la-emergencia-sanitaria\/#article","isPartOf":{"@id":"https:\/\/informelitoral.com.ar\/recomendaciones-para-la-cosecha-de-granos-durante-la-emergencia-sanitaria\/"},"author":{"name":"Gonzalo Schmidt","@id":"https:\/\/informelitoral.com.ar\/#\/schema\/person\/b9d00407c836482871ef1d57bf8e3180"},"headline":"Recomendaciones para la cosecha de granos durante la emergencia sanitaria","datePublished":"2020-03-25T14:21:35+00:00","dateModified":"2020-03-25T14:34:13+00:00","mainEntityOfPage":{"@id":"https:\/\/informelitoral.com.ar\/recomendaciones-para-la-cosecha-de-granos-durante-la-emergencia-sanitaria\/"},"wordCount":1138,"commentCount":0,"publisher":{"@id":"https:\/\/informelitoral.com.ar\/#organization"},"image":{"@id":"https:\/\/informelitoral.com.ar\/recomendaciones-para-la-cosecha-de-granos-durante-la-emergencia-sanitaria\/#primaryimage"},"thumbnailUrl":"https:\/\/informelitoral.com.ar\/%77%70%2d%63%6f%6e%74%65%6e%74\/uploads\/2018\/06\/Cosecha-soja-w.jpg","keywords":["Campo","Cosecha","Producci\u00f3n","Productores","Soja"],"articleSection":["Campo"],"inLanguage":"es","potentialAction":[{"@type":"CommentAction","name":"Comment","target":["https:\/\/informelitoral.com.ar\/recomendaciones-para-la-cosecha-de-granos-durante-la-emergencia-sanitaria\/#respond"]}]},{"@type":"WebPage","@id":"https:\/\/informelitoral.com.ar\/recomendaciones-para-la-cosecha-de-granos-durante-la-emergencia-sanitaria\/","url":"https:\/\/informelitoral.com.ar\/recomendaciones-para-la-cosecha-de-granos-durante-la-emergencia-sanitaria\/","name":"Recomendaciones para la cosecha de granos durante la emergencia sanitaria - Informe Litoral","isPartOf":{"@id":"https:\/\/informelitoral.com.ar\/#website"},"primaryImageOfPage":{"@id":"https:\/\/informelitoral.com.ar\/recomendaciones-para-la-cosecha-de-granos-durante-la-emergencia-sanitaria\/#primaryimage"},"image":{"@id":"https:\/\/informelitoral.com.ar\/recomendaciones-para-la-cosecha-de-granos-durante-la-emergencia-sanitaria\/#primaryimage"},"thumbnailUrl":"https:\/\/informelitoral.com.ar\/%77%70%2d%63%6f%6e%74%65%6e%74\/uploads\/2018\/06\/Cosecha-soja-w.jpg","datePublished":"2020-03-25T14:21:35+00:00","dateModified":"2020-03-25T14:34:13+00:00","breadcrumb":{"@id":"https:\/\/informelitoral.com.ar\/recomendaciones-para-la-cosecha-de-granos-durante-la-emergencia-sanitaria\/#breadcrumb"},"inLanguage":"es","potentialAction":[{"@type":"ReadAction","target":["https:\/\/informelitoral.com.ar\/recomendaciones-para-la-cosecha-de-granos-durante-la-emergencia-sanitaria\/"]}]},{"@type":"ImageObject","inLanguage":"es","@id":"https:\/\/informelitoral.com.ar\/recomendaciones-para-la-cosecha-de-granos-durante-la-emergencia-sanitaria\/#primaryimage","url":"https:\/\/informelitoral.com.ar\/%77%70%2d%63%6f%6e%74%65%6e%74\/uploads\/2018\/06\/Cosecha-soja-w.jpg","contentUrl":"https:\/\/informelitoral.com.ar\/%77%70%2d%63%6f%6e%74%65%6e%74\/uploads\/2018\/06\/Cosecha-soja-w.jpg","width":650,"height":405},{"@type":"BreadcrumbList","@id":"https:\/\/informelitoral.com.ar\/recomendaciones-para-la-cosecha-de-granos-durante-la-emergencia-sanitaria\/#breadcrumb","itemListElement":[{"@type":"ListItem","position":1,"name":"Portada","item":"https:\/\/informelitoral.com.ar\/"},{"@type":"ListItem","position":2,"name":"Recomendaciones para la cosecha de granos durante la emergencia sanitaria"}]},{"@type":"WebSite","@id":"https:\/\/informelitoral.com.ar\/#website","url":"https:\/\/informelitoral.com.ar\/","name":"Informe Litoral","description":"&quot;Nos informamos&quot; ","publisher":{"@id":"https:\/\/informelitoral.com.ar\/#organization"},"potentialAction":[{"@type":"SearchAction","target":{"@type":"EntryPoint","urlTemplate":"https:\/\/informelitoral.com.ar\/?s={search_term_string}"},"query-input":{"@type":"PropertyValueSpecification","valueRequired":true,"valueName":"search_term_string"}}],"inLanguage":"es"},{"@type":"Organization","@id":"https:\/\/informelitoral.com.ar\/#organization","name":"Informe Litoral","url":"https:\/\/informelitoral.com.ar\/","logo":{"@type":"ImageObject","inLanguage":"es","@id":"https:\/\/informelitoral.com.ar\/#\/schema\/logo\/image\/","url":"https:\/\/informelitoral.com.ar\/%77%70%2d%63%6f%6e%74%65%6e%74\/uploads\/2021\/01\/circulo.png","contentUrl":"https:\/\/informelitoral.com.ar\/%77%70%2d%63%6f%6e%74%65%6e%74\/uploads\/2021\/01\/circulo.png","width":723,"height":731,"caption":"Informe Litoral"},"image":{"@id":"https:\/\/informelitoral.com.ar\/#\/schema\/logo\/image\/"},"sameAs":["https:\/\/www.facebook.com\/informelitoral\/","https:\/\/x.com\/InformeLitoral","https:\/\/www.instagram.com\/informelitoral\/","https:\/\/www.youtube.com\/channel\/UCua4Qvz8Icb6MYqhoq9xLXw"]},{"@type":"Person","@id":"https:\/\/informelitoral.com.ar\/#\/schema\/person\/b9d00407c836482871ef1d57bf8e3180","name":"Gonzalo Schmidt","image":{"@type":"ImageObject","inLanguage":"es","@id":"https:\/\/secure.gravatar.com\/avatar\/31a1a7b66ff2de83bd0e9fd79d026630d2d99e55e8bfe501287647b4fd9743de?s=96&d=mm&r=g","url":"https:\/\/secure.gravatar.com\/avatar\/31a1a7b66ff2de83bd0e9fd79d026630d2d99e55e8bfe501287647b4fd9743de?s=96&d=mm&r=g","contentUrl":"https:\/\/secure.gravatar.com\/avatar\/31a1a7b66ff2de83bd0e9fd79d026630d2d99e55e8bfe501287647b4fd9743de?s=96&d=mm&r=g","caption":"Gonzalo Schmidt"},"description":"Sitio web de noticias de la provincia de Entre R\u00edos, Argentina. Informaci\u00f3n y entretenimiento. Informe Litoral, nos informamos.","sameAs":["http:\/\/www.isletasnoticias.com.ar"],"url":"https:\/\/informelitoral.com.ar\/author\/gonzalo\/"}]}},"_links":{"self":[{"href":"https:\/\/informelitoral.com.ar\/%77%70%2d%6a%73%6f%6e\/wp\/v2\/posts\/41312","targetHints":{"allow":["GET"]}}],"collection":[{"href":"https:\/\/informelitoral.com.ar\/%77%70%2d%6a%73%6f%6e\/wp\/v2\/posts"}],"about":[{"href":"https:\/\/informelitoral.com.ar\/%77%70%2d%6a%73%6f%6e\/wp\/v2\/types\/post"}],"author":[{"embeddable":true,"href":"https:\/\/informelitoral.com.ar\/%77%70%2d%6a%73%6f%6e\/wp\/v2\/users\/2"}],"replies":[{"embeddable":true,"href":"https:\/\/informelitoral.com.ar\/%77%70%2d%6a%73%6f%6e\/wp\/v2\/comments?post=41312"}],"version-history":[{"count":0,"href":"https:\/\/informelitoral.com.ar\/%77%70%2d%6a%73%6f%6e\/wp\/v2\/posts\/41312\/revisions"}],"wp:featuredmedia":[{"embeddable":true,"href":"https:\/\/informelitoral.com.ar\/%77%70%2d%6a%73%6f%6e\/wp\/v2\/media\/27247"}],"wp:attachment":[{"href":"https:\/\/informelitoral.com.ar\/%77%70%2d%6a%73%6f%6e\/wp\/v2\/media?parent=41312"}],"wp:term":[{"taxonomy":"category","embeddable":true,"href":"https:\/\/informelitoral.com.ar\/%77%70%2d%6a%73%6f%6e\/wp\/v2\/categories?post=41312"},{"taxonomy":"post_tag","embeddable":true,"href":"https:\/\/informelitoral.com.ar\/%77%70%2d%6a%73%6f%6e\/wp\/v2\/tags?post=41312"}],"curies":[{"name":"wp","href":"https:\/\/api.w.org\/{rel}","templated":true}]}}