{"id":41310,"date":"2020-03-25T08:28:51","date_gmt":"2020-03-25T11:28:51","guid":{"rendered":"https:\/\/www.isletasnoticias.com.ar\/?p=41310"},"modified":"2020-03-25T08:28:51","modified_gmt":"2020-03-25T11:28:51","slug":"las-empresas-no-podran-cortar-los-servicios-por-180-dias","status":"publish","type":"post","link":"https:\/\/informelitoral.com.ar\/las-empresas-no-podran-cortar-los-servicios-por-180-dias\/","title":{"rendered":"Las empresas no podr\u00e1n cortar los servicios por 180 d\u00edas"},"content":{"rendered":"<p>En medio de la pandemia de coronavirus que ya se cobr\u00f3 seis vidas en el pa\u00eds, el Gobierno contin\u00faa avanzando con medidas para paliar las consecuencias econ\u00f3micas, sanitarias y sociales que conlleva el\u00a0Covid-19, entre las que se destaca la prohibici\u00f3n para el corte de servicios. En ese sentido se public\u00f3 dos Decretos de Necesidad y Urgencia (DNU):\u00a0<strong>uno para impedir los cortes de los servicios como gas, luz, agua, telefon\u00eda fija y m\u00f3vil, Internet y televisi\u00f3n por cable durante 180 d\u00edas, y otro para suspender las multas y las inhabilitaciones de las cuentas bancarias por cheques sin fondos hasta el 30 de abril.<\/strong><\/p>\n<p>En este \u00faltimo tambi\u00e9n se autoriz\u00f3 a recibir cr\u00e9ditos a las empresas que tienen deuda previsional.<\/p>\n<h3><strong>Suspensi\u00f3n de cortes de servicios por 180 d\u00edas<\/strong><\/h3>\n<figure class=\"wp-block-image size-large\"><img decoding=\"async\" class=\"wp-image-22114\" src=\"https:\/\/www.entremediosweb.com\/v2\/%77%70%2d%63%6f%6e%74%65%6e%74\/uploads\/2019\/11\/hornallagas-1024x573.jpg\" sizes=\"(max-width: 1024px) 100vw, 1024px\" srcset=\"https:\/\/www.entremediosweb.com\/v2\/%77%70%2d%63%6f%6e%74%65%6e%74\/uploads\/2019\/11\/hornallagas-1024x573.jpg 1024w, https:\/\/www.entremediosweb.com\/v2\/%77%70%2d%63%6f%6e%74%65%6e%74\/uploads\/2019\/11\/hornallagas-300x168.jpg 300w, https:\/\/www.entremediosweb.com\/v2\/%77%70%2d%63%6f%6e%74%65%6e%74\/uploads\/2019\/11\/hornallagas-768x430.jpg 768w, https:\/\/www.entremediosweb.com\/v2\/%77%70%2d%63%6f%6e%74%65%6e%74\/uploads\/2019\/11\/hornallagas.jpg 1366w\" alt=\"\" data-attachment-id=\"22114\" data-permalink=\"https:\/\/www.entremediosweb.com\/v2\/hornallagas\/\" data-orig-file=\"https:\/\/www.entremediosweb.com\/v2\/%77%70%2d%63%6f%6e%74%65%6e%74\/uploads\/2019\/11\/hornallagas.jpg\" data-orig-size=\"1366,765\" data-comments-opened=\"0\" data-image-meta=\"{&quot;aperture&quot;:&quot;0&quot;,&quot;credit&quot;:&quot;&quot;,&quot;camera&quot;:&quot;&quot;,&quot;caption&quot;:&quot;&quot;,&quot;created_timestamp&quot;:&quot;0&quot;,&quot;copyright&quot;:&quot;&quot;,&quot;focal_length&quot;:&quot;0&quot;,&quot;iso&quot;:&quot;0&quot;,&quot;shutter_speed&quot;:&quot;0&quot;,&quot;title&quot;:&quot;&quot;,&quot;orientation&quot;:&quot;0&quot;}\" data-image-title=\"hornallagas\" data-image-description=\"\" data-medium-file=\"https:\/\/www.entremediosweb.com\/v2\/%77%70%2d%63%6f%6e%74%65%6e%74\/uploads\/2019\/11\/hornallagas-300x168.jpg\" data-large-file=\"https:\/\/www.entremediosweb.com\/v2\/%77%70%2d%63%6f%6e%74%65%6e%74\/uploads\/2019\/11\/hornallagas-1024x573.jpg\" \/><\/figure>\n<p>El presidente\u00a0<strong>Alberto Fern\u00e1ndez firm\u00f3 un Decreto de Necesidad y Urgencia (DNU) para impedir por falta de pago los cortes de los servicios b\u00e1sicos como gas, luz, agua, telefon\u00eda fija y m\u00f3vil, Internet y televisi\u00f3n por cable durante 180 d\u00edas.<\/strong><\/p>\n<p>En medio de la emergencia p\u00fablica en materia sanitaria establecida en relaci\u00f3n con el coronavirus y la enfermedad que provoca el Covid-19, el Gobierno dispuso a partir de esta medianoche la suspensi\u00f3n temporaria del corte de suministro de servicios que son centrales para el desarrollo de la vida cotidiana, pero sobre todo en el actual estado de aislamiento social, preventivo y obligatorio,\u00a0<strong>como el suministro de energ\u00eda el\u00e9ctrica, agua corriente, gas natural de red, telefon\u00eda fija y m\u00f3vil, Internet y televisi\u00f3n por cable, por v\u00ednculo radioel\u00e9ctrico o satelital, entre otros.<\/strong><\/p>\n<p><span style=\"text-align: center;\">Tambi\u00e9n quedar\u00e1n comprendidos en la medida todos los usuarios con aviso de corte en curso.<\/span><\/p>\n<p>La medida se elabor\u00f3 en los \u00faltimos d\u00edas en la mesa chica reunida en la\u00a0<strong>Quinta de Olivos<\/strong>. Durante la discusi\u00f3n no solo estuvo presente el recuerdo de 2002 cuando se tomaron medidas similares en medio de la mayor crisis econ\u00f3mica del pa\u00eds, sino tambi\u00e9n algunos fallos de la Corte Suprema de Justicia m\u00e1s recientes en el tiempo en donde los magistrados establecen ideas en las que aparece que el acceso a los servicios b\u00e1sicos son \u201cun derecho elemental\u201d. Derecho que se ver\u00eda potenciado en medio de un proceso de aislamiento como el que hoy se est\u00e1 llevando a cabo en la Argentina.<\/p>\n<h3><strong>Suspensi\u00f3n de cierres de cuentas bancarias<\/strong><\/h3>\n<figure class=\"wp-block-image size-large\"><img decoding=\"async\" class=\"wp-image-37241\" src=\"https:\/\/www.entremediosweb.com\/v2\/%77%70%2d%63%6f%6e%74%65%6e%74\/uploads\/2020\/03\/cheque.jpg\" sizes=\"(max-width: 1024px) 100vw, 1024px\" srcset=\"https:\/\/www.entremediosweb.com\/v2\/%77%70%2d%63%6f%6e%74%65%6e%74\/uploads\/2020\/03\/cheque.jpg 1024w, https:\/\/www.entremediosweb.com\/v2\/%77%70%2d%63%6f%6e%74%65%6e%74\/uploads\/2020\/03\/cheque-300x225.jpg 300w, https:\/\/www.entremediosweb.com\/v2\/%77%70%2d%63%6f%6e%74%65%6e%74\/uploads\/2020\/03\/cheque-768x576.jpg 768w\" alt=\"\" data-attachment-id=\"37241\" data-permalink=\"https:\/\/www.entremediosweb.com\/v2\/impiden-el-corte-de-servicios-por-180-dias\/cheque\/\" data-orig-file=\"https:\/\/www.entremediosweb.com\/v2\/%77%70%2d%63%6f%6e%74%65%6e%74\/uploads\/2020\/03\/cheque.jpg\" data-orig-size=\"1024,768\" data-comments-opened=\"0\" data-image-meta=\"{&quot;aperture&quot;:&quot;4.5&quot;,&quot;credit&quot;:&quot;Marcelo Alvarez&quot;,&quot;camera&quot;:&quot;Canon EOS 7D&quot;,&quot;caption&quot;:&quot;&quot;,&quot;created_timestamp&quot;:&quot;1531755166&quot;,&quot;copyright&quot;:&quot;Marcelo Alvarez&quot;,&quot;focal_length&quot;:&quot;100&quot;,&quot;iso&quot;:&quot;2500&quot;,&quot;shutter_speed&quot;:&quot;0.008&quot;,&quot;title&quot;:&quot;&quot;,&quot;orientation&quot;:&quot;1&quot;}\" data-image-title=\"cheque\" data-image-description=\"\" data-medium-file=\"https:\/\/www.entremediosweb.com\/v2\/%77%70%2d%63%6f%6e%74%65%6e%74\/uploads\/2020\/03\/cheque-300x225.jpg\" data-large-file=\"https:\/\/www.entremediosweb.com\/v2\/%77%70%2d%63%6f%6e%74%65%6e%74\/uploads\/2020\/03\/cheque.jpg\" \/><\/figure>\n<p>Entre los considerandos del segundo DNU se record\u00f3 \u201cque la propagaci\u00f3n de casos del coronavirus COVID-19 ha llevado a que la Organizaci\u00f3n Mundial de la Salud (OMS) declarase la existencia de una pandemia y a que se adoptaran en la Rep\u00fablica Argentina y en otros estados,\u00a0<strong>medidas para mitigar su extensi\u00f3n e impacto sanitario<\/strong>\u201d.<\/p>\n<p>De esta forma, se estableci\u00f3: \u201c<strong>Susp\u00e9ndese hasta el 30 de abril de 2020, inclusive, la obligaci\u00f3n de proceder al cierre de cuentas bancarias y a disponer la inhabilitaci\u00f3n\u00a0<\/strong>establecidas en el art\u00edculo 1\u00b0 de la Ley N\u00b0 25.730, como as\u00ed tambi\u00e9n la aplicaci\u00f3n de las multas previstas en dicha norma\u201d.<\/p>\n<p>A su vez, el art\u00edculo 2\u00ba determin\u00f3 tambi\u00e9n: \u201cSusp\u00e9ndese hasta el 30 de abril de 2020, inclusive, la obligaci\u00f3n establecida en el art\u00edculo 12 de la Ley N\u00b0 14.499, respecto de que\u00a0<strong>las instituciones crediticias requieran a los empleadores, en forma previa al otorgamiento de cr\u00e9dito, una constancia o declaraci\u00f3n jurada de que no adeudan suma alguna en concepto de aportes y\/o contribuciones<\/strong>, o que, habi\u00e9ndose acogido a moratoria, se encuentran al d\u00eda en el cumplimiento de la misma\u201d.<\/p>\n<p>Por otra parte, el Banco Central realiz\u00f3 modificaciones de \u00faltimo momento a la normativa que rige el funcionamiento del sistema financiero durante el per\u00edodo de cuarentena obligatoria.<strong>\u00a0La entidad conducida por Miguel Pesce dio marcha atr\u00e1s con la decisi\u00f3n de posponer hasta el 1\u00ba de abril la compensaci\u00f3n de cheques, dadas las quejas de empresas que argumentaba que no pod\u00edan hacer frente a los pagos de sueldos de marzo<\/strong>\u00a0que deben concretar en los primeros d\u00edas del mes pr\u00f3ximo sin poder cobrar los documentos de sus clientes. Este jueves ya se podr\u00e1 compensar cheques normalmente, aunque los d\u00edas de suspensi\u00f3n de la operatoria no ser\u00e1 computada para el vencimiento de los mismos.<\/p>\n<p><strong>El BCRA decidi\u00f3 este martes que a partir 26 de marzo se reestablecen las sesiones de compensaci\u00f3n electr\u00f3nica de cheques que hab\u00edan sido suspendidas desde el 20 de marzo<\/strong>, pero aclar\u00f3 que los d\u00edas que no hubo clearing no computaran para el vencimiento del plazo de 30 d\u00edas para la presentaci\u00f3n de los cheques.<\/p>\n<p>Esto quiere decir que si, por ejemplo, un cheque venc\u00eda el mi\u00e9rcoles 25 de marzo, no pasa a ser exigible de inmediato, tendr\u00e1 que descontar los d\u00edas en que no hubo compensaci\u00f3n de cheques. Los d\u00edas que no hubo clearing se van a sumar para postergar el vencimiento de esos documentos, public\u00f3\u00a0<em>Infobae.<\/em><\/p>\n","protected":false},"excerpt":{"rendered":"<p>El gobierno oficializ\u00f3 esa y otras medidas mediante la publicaci\u00f3n en el Bolet\u00edn Oficial. Tambi\u00e9n se autoriz\u00f3 a recibir cr\u00e9ditos a las empresas que tienen deuda previsional.<\/p>\n","protected":false},"author":2,"featured_media":17316,"comment_status":"open","ping_status":"open","sticky":false,"template":"","format":"standard","meta":{"fifu_image_url":"","fifu_image_alt":"","footnotes":""},"categories":[7],"tags":[1311,1426,1479,627,132,233,261],"class_list":{"0":"post-41310","1":"post","2":"type-post","3":"status-publish","4":"format-standard","5":"has-post-thumbnail","7":"category-nacionales","8":"tag-alberto-fernandez","9":"tag-coronavirus","10":"tag-cuarentena","11":"tag-energia-electrica","12":"tag-gas","13":"tag-gobierno-nacional","14":"tag-internet"},"yoast_head":"<title>Las empresas no podr\u00e1n cortar los servicios por 180 d\u00edas - Informe Litoral<\/title>\n<meta name=\"robots\" content=\"index, follow, max-snippet:-1, max-image-preview:large, max-video-preview:-1\" \/>\n<link rel=\"canonical\" href=\"https:\/\/informelitoral.com.ar\/las-empresas-no-podran-cortar-los-servicios-por-180-dias\/\" \/>\n<meta property=\"og:locale\" content=\"es_ES\" \/>\n<meta property=\"og:type\" content=\"article\" \/>\n<meta property=\"og:title\" content=\"Las empresas no podr\u00e1n cortar los servicios por 180 d\u00edas - Informe Litoral\" \/>\n<meta property=\"og:description\" content=\"El gobierno oficializ\u00f3 esa y otras medidas mediante la publicaci\u00f3n en el Bolet\u00edn Oficial. Tambi\u00e9n se autoriz\u00f3 a recibir cr\u00e9ditos a las empresas que tienen deuda previsional.\" \/>\n<meta property=\"og:url\" content=\"https:\/\/informelitoral.com.ar\/las-empresas-no-podran-cortar-los-servicios-por-180-dias\/\" \/>\n<meta property=\"og:site_name\" content=\"Informe Litoral\" \/>\n<meta property=\"article:publisher\" content=\"https:\/\/www.facebook.com\/informelitoral\/\" \/>\n<meta property=\"article:published_time\" content=\"2020-03-25T11:28:51+00:00\" \/>\n<meta property=\"og:image\" content=\"https:\/\/informelitoral.com.ar\/%77%70%2d%63%6f%6e%74%65%6e%74\/uploads\/2016\/07\/aumento-de-luz-2152668w620.jpg\" \/>\n\t<meta property=\"og:image:width\" content=\"620\" \/>\n\t<meta property=\"og:image:height\" content=\"348\" \/>\n\t<meta property=\"og:image:type\" content=\"image\/jpeg\" \/>\n<meta name=\"author\" content=\"Gonzalo Schmidt\" \/>\n<meta name=\"twitter:card\" content=\"summary_large_image\" \/>\n<meta name=\"twitter:creator\" content=\"@InformeLitoral\" \/>\n<meta name=\"twitter:site\" content=\"@InformeLitoral\" \/>\n<meta name=\"twitter:label1\" content=\"Escrito por\" \/>\n\t<meta name=\"twitter:data1\" content=\"Gonzalo Schmidt\" \/>\n\t<meta name=\"twitter:label2\" content=\"Tiempo de lectura\" \/>\n\t<meta name=\"twitter:data2\" content=\"4 minutos\" \/>\n<script type=\"application\/ld+json\" class=\"yoast-schema-graph\">{\"@context\":\"https:\\\/\\\/schema.org\",\"@graph\":[{\"@type\":\"Article\",\"@id\":\"https:\\\/\\\/informelitoral.com.ar\\\/las-empresas-no-podran-cortar-los-servicios-por-180-dias\\\/#article\",\"isPartOf\":{\"@id\":\"https:\\\/\\\/informelitoral.com.ar\\\/las-empresas-no-podran-cortar-los-servicios-por-180-dias\\\/\"},\"author\":{\"name\":\"Gonzalo Schmidt\",\"@id\":\"https:\\\/\\\/informelitoral.com.ar\\\/#\\\/schema\\\/person\\\/b9d00407c836482871ef1d57bf8e3180\"},\"headline\":\"Las empresas no podr\u00e1n cortar los servicios por 180 d\u00edas\",\"datePublished\":\"2020-03-25T11:28:51+00:00\",\"mainEntityOfPage\":{\"@id\":\"https:\\\/\\\/informelitoral.com.ar\\\/las-empresas-no-podran-cortar-los-servicios-por-180-dias\\\/\"},\"wordCount\":855,\"commentCount\":0,\"publisher\":{\"@id\":\"https:\\\/\\\/informelitoral.com.ar\\\/#organization\"},\"image\":{\"@id\":\"https:\\\/\\\/informelitoral.com.ar\\\/las-empresas-no-podran-cortar-los-servicios-por-180-dias\\\/#primaryimage\"},\"thumbnailUrl\":\"https:\\\/\\\/informelitoral.com.ar\\\/%77%70%2d%63%6f%6e%74%65%6e%74\\\/uploads\\\/2016\\\/07\\\/aumento-de-luz-2152668w620.jpg\",\"keywords\":[\"Alberto Fern\u00e1ndez\",\"Coronavirus\",\"Cuarentena\",\"Energ\u00eda el\u00e9ctrica\",\"Gas\",\"Gobierno nacional\",\"Internet\"],\"articleSection\":[\"Nacionales\"],\"inLanguage\":\"es\",\"potentialAction\":[{\"@type\":\"CommentAction\",\"name\":\"Comment\",\"target\":[\"https:\\\/\\\/informelitoral.com.ar\\\/las-empresas-no-podran-cortar-los-servicios-por-180-dias\\\/#respond\"]}]},{\"@type\":\"WebPage\",\"@id\":\"https:\\\/\\\/informelitoral.com.ar\\\/las-empresas-no-podran-cortar-los-servicios-por-180-dias\\\/\",\"url\":\"https:\\\/\\\/informelitoral.com.ar\\\/las-empresas-no-podran-cortar-los-servicios-por-180-dias\\\/\",\"name\":\"Las empresas no podr\u00e1n cortar los servicios por 180 d\u00edas - Informe Litoral\",\"isPartOf\":{\"@id\":\"https:\\\/\\\/informelitoral.com.ar\\\/#website\"},\"primaryImageOfPage\":{\"@id\":\"https:\\\/\\\/informelitoral.com.ar\\\/las-empresas-no-podran-cortar-los-servicios-por-180-dias\\\/#primaryimage\"},\"image\":{\"@id\":\"https:\\\/\\\/informelitoral.com.ar\\\/las-empresas-no-podran-cortar-los-servicios-por-180-dias\\\/#primaryimage\"},\"thumbnailUrl\":\"https:\\\/\\\/informelitoral.com.ar\\\/%77%70%2d%63%6f%6e%74%65%6e%74\\\/uploads\\\/2016\\\/07\\\/aumento-de-luz-2152668w620.jpg\",\"datePublished\":\"2020-03-25T11:28:51+00:00\",\"breadcrumb\":{\"@id\":\"https:\\\/\\\/informelitoral.com.ar\\\/las-empresas-no-podran-cortar-los-servicios-por-180-dias\\\/#breadcrumb\"},\"inLanguage\":\"es\",\"potentialAction\":[{\"@type\":\"ReadAction\",\"target\":[\"https:\\\/\\\/informelitoral.com.ar\\\/las-empresas-no-podran-cortar-los-servicios-por-180-dias\\\/\"]}]},{\"@type\":\"ImageObject\",\"inLanguage\":\"es\",\"@id\":\"https:\\\/\\\/informelitoral.com.ar\\\/las-empresas-no-podran-cortar-los-servicios-por-180-dias\\\/#primaryimage\",\"url\":\"https:\\\/\\\/informelitoral.com.ar\\\/%77%70%2d%63%6f%6e%74%65%6e%74\\\/uploads\\\/2016\\\/07\\\/aumento-de-luz-2152668w620.jpg\",\"contentUrl\":\"https:\\\/\\\/informelitoral.com.ar\\\/%77%70%2d%63%6f%6e%74%65%6e%74\\\/uploads\\\/2016\\\/07\\\/aumento-de-luz-2152668w620.jpg\",\"width\":620,\"height\":348},{\"@type\":\"BreadcrumbList\",\"@id\":\"https:\\\/\\\/informelitoral.com.ar\\\/las-empresas-no-podran-cortar-los-servicios-por-180-dias\\\/#breadcrumb\",\"itemListElement\":[{\"@type\":\"ListItem\",\"position\":1,\"name\":\"Portada\",\"item\":\"https:\\\/\\\/informelitoral.com.ar\\\/\"},{\"@type\":\"ListItem\",\"position\":2,\"name\":\"Las empresas no podr\u00e1n cortar los servicios por 180 d\u00edas\"}]},{\"@type\":\"WebSite\",\"@id\":\"https:\\\/\\\/informelitoral.com.ar\\\/#website\",\"url\":\"https:\\\/\\\/informelitoral.com.ar\\\/\",\"name\":\"Informe Litoral\",\"description\":\"&quot;Nos informamos&quot; \",\"publisher\":{\"@id\":\"https:\\\/\\\/informelitoral.com.ar\\\/#organization\"},\"potentialAction\":[{\"@type\":\"SearchAction\",\"target\":{\"@type\":\"EntryPoint\",\"urlTemplate\":\"https:\\\/\\\/informelitoral.com.ar\\\/?s={search_term_string}\"},\"query-input\":{\"@type\":\"PropertyValueSpecification\",\"valueRequired\":true,\"valueName\":\"search_term_string\"}}],\"inLanguage\":\"es\"},{\"@type\":\"Organization\",\"@id\":\"https:\\\/\\\/informelitoral.com.ar\\\/#organization\",\"name\":\"Informe Litoral\",\"url\":\"https:\\\/\\\/informelitoral.com.ar\\\/\",\"logo\":{\"@type\":\"ImageObject\",\"inLanguage\":\"es\",\"@id\":\"https:\\\/\\\/informelitoral.com.ar\\\/#\\\/schema\\\/logo\\\/image\\\/\",\"url\":\"https:\\\/\\\/informelitoral.com.ar\\\/%77%70%2d%63%6f%6e%74%65%6e%74\\\/uploads\\\/2021\\\/01\\\/circulo.png\",\"contentUrl\":\"https:\\\/\\\/informelitoral.com.ar\\\/%77%70%2d%63%6f%6e%74%65%6e%74\\\/uploads\\\/2021\\\/01\\\/circulo.png\",\"width\":723,\"height\":731,\"caption\":\"Informe Litoral\"},\"image\":{\"@id\":\"https:\\\/\\\/informelitoral.com.ar\\\/#\\\/schema\\\/logo\\\/image\\\/\"},\"sameAs\":[\"https:\\\/\\\/www.facebook.com\\\/informelitoral\\\/\",\"https:\\\/\\\/x.com\\\/InformeLitoral\",\"https:\\\/\\\/www.instagram.com\\\/informelitoral\\\/\",\"https:\\\/\\\/www.youtube.com\\\/channel\\\/UCua4Qvz8Icb6MYqhoq9xLXw\"]},{\"@type\":\"Person\",\"@id\":\"https:\\\/\\\/informelitoral.com.ar\\\/#\\\/schema\\\/person\\\/b9d00407c836482871ef1d57bf8e3180\",\"name\":\"Gonzalo Schmidt\",\"image\":{\"@type\":\"ImageObject\",\"inLanguage\":\"es\",\"@id\":\"https:\\\/\\\/secure.gravatar.com\\\/avatar\\\/31a1a7b66ff2de83bd0e9fd79d026630d2d99e55e8bfe501287647b4fd9743de?s=96&d=mm&r=g\",\"url\":\"https:\\\/\\\/secure.gravatar.com\\\/avatar\\\/31a1a7b66ff2de83bd0e9fd79d026630d2d99e55e8bfe501287647b4fd9743de?s=96&d=mm&r=g\",\"contentUrl\":\"https:\\\/\\\/secure.gravatar.com\\\/avatar\\\/31a1a7b66ff2de83bd0e9fd79d026630d2d99e55e8bfe501287647b4fd9743de?s=96&d=mm&r=g\",\"caption\":\"Gonzalo Schmidt\"},\"description\":\"Sitio web de noticias de la provincia de Entre R\u00edos, Argentina. Informaci\u00f3n y entretenimiento. Informe Litoral, nos informamos.\",\"sameAs\":[\"http:\\\/\\\/www.isletasnoticias.com.ar\"],\"url\":\"https:\\\/\\\/informelitoral.com.ar\\\/author\\\/gonzalo\\\/\"}]}<\/script>","yoast_head_json":{"title":"Las empresas no podr\u00e1n cortar los servicios por 180 d\u00edas - Informe Litoral","robots":{"index":"index","follow":"follow","max-snippet":"max-snippet:-1","max-image-preview":"max-image-preview:large","max-video-preview":"max-video-preview:-1"},"canonical":"https:\/\/informelitoral.com.ar\/las-empresas-no-podran-cortar-los-servicios-por-180-dias\/","og_locale":"es_ES","og_type":"article","og_title":"Las empresas no podr\u00e1n cortar los servicios por 180 d\u00edas - Informe Litoral","og_description":"El gobierno oficializ\u00f3 esa y otras medidas mediante la publicaci\u00f3n en el Bolet\u00edn Oficial. Tambi\u00e9n se autoriz\u00f3 a recibir cr\u00e9ditos a las empresas que tienen deuda previsional.","og_url":"https:\/\/informelitoral.com.ar\/las-empresas-no-podran-cortar-los-servicios-por-180-dias\/","og_site_name":"Informe Litoral","article_publisher":"https:\/\/www.facebook.com\/informelitoral\/","article_published_time":"2020-03-25T11:28:51+00:00","og_image":[{"width":620,"height":348,"url":"https:\/\/informelitoral.com.ar\/%77%70%2d%63%6f%6e%74%65%6e%74\/uploads\/2016\/07\/aumento-de-luz-2152668w620.jpg","type":"image\/jpeg"}],"author":"Gonzalo Schmidt","twitter_card":"summary_large_image","twitter_creator":"@InformeLitoral","twitter_site":"@InformeLitoral","twitter_misc":{"Escrito por":"Gonzalo Schmidt","Tiempo de lectura":"4 minutos"},"schema":{"@context":"https:\/\/schema.org","@graph":[{"@type":"Article","@id":"https:\/\/informelitoral.com.ar\/las-empresas-no-podran-cortar-los-servicios-por-180-dias\/#article","isPartOf":{"@id":"https:\/\/informelitoral.com.ar\/las-empresas-no-podran-cortar-los-servicios-por-180-dias\/"},"author":{"name":"Gonzalo Schmidt","@id":"https:\/\/informelitoral.com.ar\/#\/schema\/person\/b9d00407c836482871ef1d57bf8e3180"},"headline":"Las empresas no podr\u00e1n cortar los servicios por 180 d\u00edas","datePublished":"2020-03-25T11:28:51+00:00","mainEntityOfPage":{"@id":"https:\/\/informelitoral.com.ar\/las-empresas-no-podran-cortar-los-servicios-por-180-dias\/"},"wordCount":855,"commentCount":0,"publisher":{"@id":"https:\/\/informelitoral.com.ar\/#organization"},"image":{"@id":"https:\/\/informelitoral.com.ar\/las-empresas-no-podran-cortar-los-servicios-por-180-dias\/#primaryimage"},"thumbnailUrl":"https:\/\/informelitoral.com.ar\/%77%70%2d%63%6f%6e%74%65%6e%74\/uploads\/2016\/07\/aumento-de-luz-2152668w620.jpg","keywords":["Alberto Fern\u00e1ndez","Coronavirus","Cuarentena","Energ\u00eda el\u00e9ctrica","Gas","Gobierno nacional","Internet"],"articleSection":["Nacionales"],"inLanguage":"es","potentialAction":[{"@type":"CommentAction","name":"Comment","target":["https:\/\/informelitoral.com.ar\/las-empresas-no-podran-cortar-los-servicios-por-180-dias\/#respond"]}]},{"@type":"WebPage","@id":"https:\/\/informelitoral.com.ar\/las-empresas-no-podran-cortar-los-servicios-por-180-dias\/","url":"https:\/\/informelitoral.com.ar\/las-empresas-no-podran-cortar-los-servicios-por-180-dias\/","name":"Las empresas no podr\u00e1n cortar los servicios por 180 d\u00edas - Informe Litoral","isPartOf":{"@id":"https:\/\/informelitoral.com.ar\/#website"},"primaryImageOfPage":{"@id":"https:\/\/informelitoral.com.ar\/las-empresas-no-podran-cortar-los-servicios-por-180-dias\/#primaryimage"},"image":{"@id":"https:\/\/informelitoral.com.ar\/las-empresas-no-podran-cortar-los-servicios-por-180-dias\/#primaryimage"},"thumbnailUrl":"https:\/\/informelitoral.com.ar\/%77%70%2d%63%6f%6e%74%65%6e%74\/uploads\/2016\/07\/aumento-de-luz-2152668w620.jpg","datePublished":"2020-03-25T11:28:51+00:00","breadcrumb":{"@id":"https:\/\/informelitoral.com.ar\/las-empresas-no-podran-cortar-los-servicios-por-180-dias\/#breadcrumb"},"inLanguage":"es","potentialAction":[{"@type":"ReadAction","target":["https:\/\/informelitoral.com.ar\/las-empresas-no-podran-cortar-los-servicios-por-180-dias\/"]}]},{"@type":"ImageObject","inLanguage":"es","@id":"https:\/\/informelitoral.com.ar\/las-empresas-no-podran-cortar-los-servicios-por-180-dias\/#primaryimage","url":"https:\/\/informelitoral.com.ar\/%77%70%2d%63%6f%6e%74%65%6e%74\/uploads\/2016\/07\/aumento-de-luz-2152668w620.jpg","contentUrl":"https:\/\/informelitoral.com.ar\/%77%70%2d%63%6f%6e%74%65%6e%74\/uploads\/2016\/07\/aumento-de-luz-2152668w620.jpg","width":620,"height":348},{"@type":"BreadcrumbList","@id":"https:\/\/informelitoral.com.ar\/las-empresas-no-podran-cortar-los-servicios-por-180-dias\/#breadcrumb","itemListElement":[{"@type":"ListItem","position":1,"name":"Portada","item":"https:\/\/informelitoral.com.ar\/"},{"@type":"ListItem","position":2,"name":"Las empresas no podr\u00e1n cortar los servicios por 180 d\u00edas"}]},{"@type":"WebSite","@id":"https:\/\/informelitoral.com.ar\/#website","url":"https:\/\/informelitoral.com.ar\/","name":"Informe Litoral","description":"&quot;Nos informamos&quot; ","publisher":{"@id":"https:\/\/informelitoral.com.ar\/#organization"},"potentialAction":[{"@type":"SearchAction","target":{"@type":"EntryPoint","urlTemplate":"https:\/\/informelitoral.com.ar\/?s={search_term_string}"},"query-input":{"@type":"PropertyValueSpecification","valueRequired":true,"valueName":"search_term_string"}}],"inLanguage":"es"},{"@type":"Organization","@id":"https:\/\/informelitoral.com.ar\/#organization","name":"Informe Litoral","url":"https:\/\/informelitoral.com.ar\/","logo":{"@type":"ImageObject","inLanguage":"es","@id":"https:\/\/informelitoral.com.ar\/#\/schema\/logo\/image\/","url":"https:\/\/informelitoral.com.ar\/%77%70%2d%63%6f%6e%74%65%6e%74\/uploads\/2021\/01\/circulo.png","contentUrl":"https:\/\/informelitoral.com.ar\/%77%70%2d%63%6f%6e%74%65%6e%74\/uploads\/2021\/01\/circulo.png","width":723,"height":731,"caption":"Informe Litoral"},"image":{"@id":"https:\/\/informelitoral.com.ar\/#\/schema\/logo\/image\/"},"sameAs":["https:\/\/www.facebook.com\/informelitoral\/","https:\/\/x.com\/InformeLitoral","https:\/\/www.instagram.com\/informelitoral\/","https:\/\/www.youtube.com\/channel\/UCua4Qvz8Icb6MYqhoq9xLXw"]},{"@type":"Person","@id":"https:\/\/informelitoral.com.ar\/#\/schema\/person\/b9d00407c836482871ef1d57bf8e3180","name":"Gonzalo Schmidt","image":{"@type":"ImageObject","inLanguage":"es","@id":"https:\/\/secure.gravatar.com\/avatar\/31a1a7b66ff2de83bd0e9fd79d026630d2d99e55e8bfe501287647b4fd9743de?s=96&d=mm&r=g","url":"https:\/\/secure.gravatar.com\/avatar\/31a1a7b66ff2de83bd0e9fd79d026630d2d99e55e8bfe501287647b4fd9743de?s=96&d=mm&r=g","contentUrl":"https:\/\/secure.gravatar.com\/avatar\/31a1a7b66ff2de83bd0e9fd79d026630d2d99e55e8bfe501287647b4fd9743de?s=96&d=mm&r=g","caption":"Gonzalo Schmidt"},"description":"Sitio web de noticias de la provincia de Entre R\u00edos, Argentina. Informaci\u00f3n y entretenimiento. Informe Litoral, nos informamos.","sameAs":["http:\/\/www.isletasnoticias.com.ar"],"url":"https:\/\/informelitoral.com.ar\/author\/gonzalo\/"}]}},"_links":{"self":[{"href":"https:\/\/informelitoral.com.ar\/%77%70%2d%6a%73%6f%6e\/wp\/v2\/posts\/41310","targetHints":{"allow":["GET"]}}],"collection":[{"href":"https:\/\/informelitoral.com.ar\/%77%70%2d%6a%73%6f%6e\/wp\/v2\/posts"}],"about":[{"href":"https:\/\/informelitoral.com.ar\/%77%70%2d%6a%73%6f%6e\/wp\/v2\/types\/post"}],"author":[{"embeddable":true,"href":"https:\/\/informelitoral.com.ar\/%77%70%2d%6a%73%6f%6e\/wp\/v2\/users\/2"}],"replies":[{"embeddable":true,"href":"https:\/\/informelitoral.com.ar\/%77%70%2d%6a%73%6f%6e\/wp\/v2\/comments?post=41310"}],"version-history":[{"count":0,"href":"https:\/\/informelitoral.com.ar\/%77%70%2d%6a%73%6f%6e\/wp\/v2\/posts\/41310\/revisions"}],"wp:featuredmedia":[{"embeddable":true,"href":"https:\/\/informelitoral.com.ar\/%77%70%2d%6a%73%6f%6e\/wp\/v2\/media\/17316"}],"wp:attachment":[{"href":"https:\/\/informelitoral.com.ar\/%77%70%2d%6a%73%6f%6e\/wp\/v2\/media?parent=41310"}],"wp:term":[{"taxonomy":"category","embeddable":true,"href":"https:\/\/informelitoral.com.ar\/%77%70%2d%6a%73%6f%6e\/wp\/v2\/categories?post=41310"},{"taxonomy":"post_tag","embeddable":true,"href":"https:\/\/informelitoral.com.ar\/%77%70%2d%6a%73%6f%6e\/wp\/v2\/tags?post=41310"}],"curies":[{"name":"wp","href":"https:\/\/api.w.org\/{rel}","templated":true}]}}