{"id":41296,"date":"2020-03-24T17:35:58","date_gmt":"2020-03-24T20:35:58","guid":{"rendered":"https:\/\/www.isletasnoticias.com.ar\/?p=41296"},"modified":"2020-03-24T17:35:58","modified_gmt":"2020-03-24T20:35:58","slug":"confirmaron-la-sexta-muerte-por-coronavirus-en-el-pais","status":"publish","type":"post","link":"https:\/\/informelitoral.com.ar\/confirmaron-la-sexta-muerte-por-coronavirus-en-el-pais\/","title":{"rendered":"Confirmaron la sexta muerte por coronavirus en el pa\u00eds"},"content":{"rendered":"<p>Un abogado de 53 a\u00f1os, de Chaco, se convirti\u00f3 en la sexta muerte por coronavirus en el pa\u00eds. Hace unas horas, un hombre de 71 a\u00f1os de la ciudad balnearia de Mar del Plata tambi\u00e9n falleci\u00f3. En el d\u00eda ya son dos los muertos a causa del Covid-19.<\/p>\n<p>El marplatense estaba internado desde hac\u00eda dos semanas en la Cl\u00ednica 25 de Mayo y falleci\u00f3 este martes a las 12.44, seg\u00fan confirm\u00f3 el intendente de esa ciudad, Guillermo Montenegro.<\/p>\n<p>La primera v\u00edctima fatal en el pa\u00eds se conoci\u00f3 el 7 de marzo y fue un hombre un hombre de 65 a\u00f1os identificado como Guillermo Abel G\u00f3mez, que lleg\u00f3 desde Francia; la segunda, C\u00e9sar Cotichelli, un docente chaque\u00f1o que hab\u00eda estado en Europa.<\/p>\n<p>El tercer muerto a causa del virus fue un hombre de 64 a\u00f1os que se contagi\u00f3 de su mujer, que hab\u00eda viajado a Europa, y el cuarto una mujer de 67 a\u00f1os, de Luj\u00e1n, que lleg\u00f3 desde Brasil tras realizar un crucero.<\/p>\n<p>Hasta el momento, son dos las v\u00edctimas fatales que se cobr\u00f3 el Covid-19 en el d\u00eda de la fecha y ya suman seis en total en Argentina.<\/p>\n","protected":false},"excerpt":{"rendered":"<p>Se trata de un abogado de 53 a\u00f1os, de Chaco, que no presentaba enfermedades de base. Hoy, un hombre de 71 a\u00f1os se hab\u00eda convertido en la quinta v\u00edctima del Covid-19.<\/p>\n","protected":false},"author":2,"featured_media":41297,"comment_status":"open","ping_status":"open","sticky":false,"template":"","format":"standard","meta":{"fifu_image_url":"","fifu_image_alt":"","footnotes":""},"categories":[7],"tags":[1426],"class_list":{"0":"post-41296","1":"post","2":"type-post","3":"status-publish","4":"format-standard","5":"has-post-thumbnail","7":"category-nacionales","8":"tag-coronavirus"},"yoast_head":"<title>Confirmaron la sexta muerte por coronavirus en el pa\u00eds - Informe Litoral<\/title>\n<meta name=\"robots\" content=\"index, follow, max-snippet:-1, max-image-preview:large, max-video-preview:-1\" \/>\n<link rel=\"canonical\" href=\"https:\/\/informelitoral.com.ar\/confirmaron-la-sexta-muerte-por-coronavirus-en-el-pais\/\" \/>\n<meta property=\"og:locale\" content=\"es_ES\" \/>\n<meta property=\"og:type\" content=\"article\" \/>\n<meta property=\"og:title\" content=\"Confirmaron la sexta muerte por coronavirus en el pa\u00eds - Informe Litoral\" \/>\n<meta property=\"og:description\" content=\"Se trata de un abogado de 53 a\u00f1os, de Chaco, que no presentaba enfermedades de base. Hoy, un hombre de 71 a\u00f1os se hab\u00eda convertido en la quinta v\u00edctima del Covid-19.\" \/>\n<meta property=\"og:url\" content=\"https:\/\/informelitoral.com.ar\/confirmaron-la-sexta-muerte-por-coronavirus-en-el-pais\/\" \/>\n<meta property=\"og:site_name\" content=\"Informe Litoral\" \/>\n<meta property=\"article:publisher\" content=\"https:\/\/www.facebook.com\/informelitoral\/\" \/>\n<meta property=\"article:published_time\" content=\"2020-03-24T20:35:58+00:00\" \/>\n<meta property=\"og:image\" content=\"https:\/\/informelitoral.com.ar\/%77%70%2d%63%6f%6e%74%65%6e%74\/uploads\/2020\/03\/el-hospital-argerich-donde-se___UtXzTSgy_1256x620__1.jpg\" \/>\n\t<meta property=\"og:image:width\" content=\"1256\" \/>\n\t<meta property=\"og:image:height\" content=\"620\" \/>\n\t<meta property=\"og:image:type\" content=\"image\/jpeg\" \/>\n<meta name=\"author\" content=\"Gonzalo Schmidt\" \/>\n<meta name=\"twitter:card\" content=\"summary_large_image\" \/>\n<meta name=\"twitter:creator\" content=\"@InformeLitoral\" \/>\n<meta name=\"twitter:site\" content=\"@InformeLitoral\" \/>\n<meta name=\"twitter:label1\" content=\"Escrito por\" \/>\n\t<meta name=\"twitter:data1\" content=\"Gonzalo Schmidt\" \/>\n\t<meta name=\"twitter:label2\" content=\"Tiempo de lectura\" \/>\n\t<meta name=\"twitter:data2\" content=\"1 minuto\" \/>\n<script type=\"application\/ld+json\" class=\"yoast-schema-graph\">{\"@context\":\"https:\\\/\\\/schema.org\",\"@graph\":[{\"@type\":\"Article\",\"@id\":\"https:\\\/\\\/informelitoral.com.ar\\\/confirmaron-la-sexta-muerte-por-coronavirus-en-el-pais\\\/#article\",\"isPartOf\":{\"@id\":\"https:\\\/\\\/informelitoral.com.ar\\\/confirmaron-la-sexta-muerte-por-coronavirus-en-el-pais\\\/\"},\"author\":{\"name\":\"Gonzalo Schmidt\",\"@id\":\"https:\\\/\\\/informelitoral.com.ar\\\/#\\\/schema\\\/person\\\/b9d00407c836482871ef1d57bf8e3180\"},\"headline\":\"Confirmaron la sexta muerte por coronavirus en el pa\u00eds\",\"datePublished\":\"2020-03-24T20:35:58+00:00\",\"mainEntityOfPage\":{\"@id\":\"https:\\\/\\\/informelitoral.com.ar\\\/confirmaron-la-sexta-muerte-por-coronavirus-en-el-pais\\\/\"},\"wordCount\":213,\"commentCount\":0,\"publisher\":{\"@id\":\"https:\\\/\\\/informelitoral.com.ar\\\/#organization\"},\"image\":{\"@id\":\"https:\\\/\\\/informelitoral.com.ar\\\/confirmaron-la-sexta-muerte-por-coronavirus-en-el-pais\\\/#primaryimage\"},\"thumbnailUrl\":\"https:\\\/\\\/informelitoral.com.ar\\\/%77%70%2d%63%6f%6e%74%65%6e%74\\\/uploads\\\/2020\\\/03\\\/el-hospital-argerich-donde-se___UtXzTSgy_1256x620__1.jpg\",\"keywords\":[\"Coronavirus\"],\"articleSection\":[\"Nacionales\"],\"inLanguage\":\"es\",\"potentialAction\":[{\"@type\":\"CommentAction\",\"name\":\"Comment\",\"target\":[\"https:\\\/\\\/informelitoral.com.ar\\\/confirmaron-la-sexta-muerte-por-coronavirus-en-el-pais\\\/#respond\"]}]},{\"@type\":\"WebPage\",\"@id\":\"https:\\\/\\\/informelitoral.com.ar\\\/confirmaron-la-sexta-muerte-por-coronavirus-en-el-pais\\\/\",\"url\":\"https:\\\/\\\/informelitoral.com.ar\\\/confirmaron-la-sexta-muerte-por-coronavirus-en-el-pais\\\/\",\"name\":\"Confirmaron la sexta muerte por coronavirus en el pa\u00eds - Informe Litoral\",\"isPartOf\":{\"@id\":\"https:\\\/\\\/informelitoral.com.ar\\\/#website\"},\"primaryImageOfPage\":{\"@id\":\"https:\\\/\\\/informelitoral.com.ar\\\/confirmaron-la-sexta-muerte-por-coronavirus-en-el-pais\\\/#primaryimage\"},\"image\":{\"@id\":\"https:\\\/\\\/informelitoral.com.ar\\\/confirmaron-la-sexta-muerte-por-coronavirus-en-el-pais\\\/#primaryimage\"},\"thumbnailUrl\":\"https:\\\/\\\/informelitoral.com.ar\\\/%77%70%2d%63%6f%6e%74%65%6e%74\\\/uploads\\\/2020\\\/03\\\/el-hospital-argerich-donde-se___UtXzTSgy_1256x620__1.jpg\",\"datePublished\":\"2020-03-24T20:35:58+00:00\",\"breadcrumb\":{\"@id\":\"https:\\\/\\\/informelitoral.com.ar\\\/confirmaron-la-sexta-muerte-por-coronavirus-en-el-pais\\\/#breadcrumb\"},\"inLanguage\":\"es\",\"potentialAction\":[{\"@type\":\"ReadAction\",\"target\":[\"https:\\\/\\\/informelitoral.com.ar\\\/confirmaron-la-sexta-muerte-por-coronavirus-en-el-pais\\\/\"]}]},{\"@type\":\"ImageObject\",\"inLanguage\":\"es\",\"@id\":\"https:\\\/\\\/informelitoral.com.ar\\\/confirmaron-la-sexta-muerte-por-coronavirus-en-el-pais\\\/#primaryimage\",\"url\":\"https:\\\/\\\/informelitoral.com.ar\\\/%77%70%2d%63%6f%6e%74%65%6e%74\\\/uploads\\\/2020\\\/03\\\/el-hospital-argerich-donde-se___UtXzTSgy_1256x620__1.jpg\",\"contentUrl\":\"https:\\\/\\\/informelitoral.com.ar\\\/%77%70%2d%63%6f%6e%74%65%6e%74\\\/uploads\\\/2020\\\/03\\\/el-hospital-argerich-donde-se___UtXzTSgy_1256x620__1.jpg\",\"width\":1256,\"height\":620},{\"@type\":\"BreadcrumbList\",\"@id\":\"https:\\\/\\\/informelitoral.com.ar\\\/confirmaron-la-sexta-muerte-por-coronavirus-en-el-pais\\\/#breadcrumb\",\"itemListElement\":[{\"@type\":\"ListItem\",\"position\":1,\"name\":\"Portada\",\"item\":\"https:\\\/\\\/informelitoral.com.ar\\\/\"},{\"@type\":\"ListItem\",\"position\":2,\"name\":\"Confirmaron la sexta muerte por coronavirus en el pa\u00eds\"}]},{\"@type\":\"WebSite\",\"@id\":\"https:\\\/\\\/informelitoral.com.ar\\\/#website\",\"url\":\"https:\\\/\\\/informelitoral.com.ar\\\/\",\"name\":\"Informe Litoral\",\"description\":\"&quot;Nos informamos&quot; \",\"publisher\":{\"@id\":\"https:\\\/\\\/informelitoral.com.ar\\\/#organization\"},\"potentialAction\":[{\"@type\":\"SearchAction\",\"target\":{\"@type\":\"EntryPoint\",\"urlTemplate\":\"https:\\\/\\\/informelitoral.com.ar\\\/?s={search_term_string}\"},\"query-input\":{\"@type\":\"PropertyValueSpecification\",\"valueRequired\":true,\"valueName\":\"search_term_string\"}}],\"inLanguage\":\"es\"},{\"@type\":\"Organization\",\"@id\":\"https:\\\/\\\/informelitoral.com.ar\\\/#organization\",\"name\":\"Informe Litoral\",\"url\":\"https:\\\/\\\/informelitoral.com.ar\\\/\",\"logo\":{\"@type\":\"ImageObject\",\"inLanguage\":\"es\",\"@id\":\"https:\\\/\\\/informelitoral.com.ar\\\/#\\\/schema\\\/logo\\\/image\\\/\",\"url\":\"https:\\\/\\\/informelitoral.com.ar\\\/%77%70%2d%63%6f%6e%74%65%6e%74\\\/uploads\\\/2021\\\/01\\\/circulo.png\",\"contentUrl\":\"https:\\\/\\\/informelitoral.com.ar\\\/%77%70%2d%63%6f%6e%74%65%6e%74\\\/uploads\\\/2021\\\/01\\\/circulo.png\",\"width\":723,\"height\":731,\"caption\":\"Informe Litoral\"},\"image\":{\"@id\":\"https:\\\/\\\/informelitoral.com.ar\\\/#\\\/schema\\\/logo\\\/image\\\/\"},\"sameAs\":[\"https:\\\/\\\/www.facebook.com\\\/informelitoral\\\/\",\"https:\\\/\\\/x.com\\\/InformeLitoral\",\"https:\\\/\\\/www.instagram.com\\\/informelitoral\\\/\",\"https:\\\/\\\/www.youtube.com\\\/channel\\\/UCua4Qvz8Icb6MYqhoq9xLXw\"]},{\"@type\":\"Person\",\"@id\":\"https:\\\/\\\/informelitoral.com.ar\\\/#\\\/schema\\\/person\\\/b9d00407c836482871ef1d57bf8e3180\",\"name\":\"Gonzalo Schmidt\",\"image\":{\"@type\":\"ImageObject\",\"inLanguage\":\"es\",\"@id\":\"https:\\\/\\\/secure.gravatar.com\\\/avatar\\\/31a1a7b66ff2de83bd0e9fd79d026630d2d99e55e8bfe501287647b4fd9743de?s=96&d=mm&r=g\",\"url\":\"https:\\\/\\\/secure.gravatar.com\\\/avatar\\\/31a1a7b66ff2de83bd0e9fd79d026630d2d99e55e8bfe501287647b4fd9743de?s=96&d=mm&r=g\",\"contentUrl\":\"https:\\\/\\\/secure.gravatar.com\\\/avatar\\\/31a1a7b66ff2de83bd0e9fd79d026630d2d99e55e8bfe501287647b4fd9743de?s=96&d=mm&r=g\",\"caption\":\"Gonzalo Schmidt\"},\"description\":\"Sitio web de noticias de la provincia de Entre R\u00edos, Argentina. Informaci\u00f3n y entretenimiento. Informe Litoral, nos informamos.\",\"sameAs\":[\"http:\\\/\\\/www.isletasnoticias.com.ar\"],\"url\":\"https:\\\/\\\/informelitoral.com.ar\\\/author\\\/gonzalo\\\/\"}]}<\/script>","yoast_head_json":{"title":"Confirmaron la sexta muerte por coronavirus en el pa\u00eds - Informe Litoral","robots":{"index":"index","follow":"follow","max-snippet":"max-snippet:-1","max-image-preview":"max-image-preview:large","max-video-preview":"max-video-preview:-1"},"canonical":"https:\/\/informelitoral.com.ar\/confirmaron-la-sexta-muerte-por-coronavirus-en-el-pais\/","og_locale":"es_ES","og_type":"article","og_title":"Confirmaron la sexta muerte por coronavirus en el pa\u00eds - Informe Litoral","og_description":"Se trata de un abogado de 53 a\u00f1os, de Chaco, que no presentaba enfermedades de base. Hoy, un hombre de 71 a\u00f1os se hab\u00eda convertido en la quinta v\u00edctima del Covid-19.","og_url":"https:\/\/informelitoral.com.ar\/confirmaron-la-sexta-muerte-por-coronavirus-en-el-pais\/","og_site_name":"Informe Litoral","article_publisher":"https:\/\/www.facebook.com\/informelitoral\/","article_published_time":"2020-03-24T20:35:58+00:00","og_image":[{"width":1256,"height":620,"url":"https:\/\/informelitoral.com.ar\/%77%70%2d%63%6f%6e%74%65%6e%74\/uploads\/2020\/03\/el-hospital-argerich-donde-se___UtXzTSgy_1256x620__1.jpg","type":"image\/jpeg"}],"author":"Gonzalo Schmidt","twitter_card":"summary_large_image","twitter_creator":"@InformeLitoral","twitter_site":"@InformeLitoral","twitter_misc":{"Escrito por":"Gonzalo Schmidt","Tiempo de lectura":"1 minuto"},"schema":{"@context":"https:\/\/schema.org","@graph":[{"@type":"Article","@id":"https:\/\/informelitoral.com.ar\/confirmaron-la-sexta-muerte-por-coronavirus-en-el-pais\/#article","isPartOf":{"@id":"https:\/\/informelitoral.com.ar\/confirmaron-la-sexta-muerte-por-coronavirus-en-el-pais\/"},"author":{"name":"Gonzalo Schmidt","@id":"https:\/\/informelitoral.com.ar\/#\/schema\/person\/b9d00407c836482871ef1d57bf8e3180"},"headline":"Confirmaron la sexta muerte por coronavirus en el pa\u00eds","datePublished":"2020-03-24T20:35:58+00:00","mainEntityOfPage":{"@id":"https:\/\/informelitoral.com.ar\/confirmaron-la-sexta-muerte-por-coronavirus-en-el-pais\/"},"wordCount":213,"commentCount":0,"publisher":{"@id":"https:\/\/informelitoral.com.ar\/#organization"},"image":{"@id":"https:\/\/informelitoral.com.ar\/confirmaron-la-sexta-muerte-por-coronavirus-en-el-pais\/#primaryimage"},"thumbnailUrl":"https:\/\/informelitoral.com.ar\/%77%70%2d%63%6f%6e%74%65%6e%74\/uploads\/2020\/03\/el-hospital-argerich-donde-se___UtXzTSgy_1256x620__1.jpg","keywords":["Coronavirus"],"articleSection":["Nacionales"],"inLanguage":"es","potentialAction":[{"@type":"CommentAction","name":"Comment","target":["https:\/\/informelitoral.com.ar\/confirmaron-la-sexta-muerte-por-coronavirus-en-el-pais\/#respond"]}]},{"@type":"WebPage","@id":"https:\/\/informelitoral.com.ar\/confirmaron-la-sexta-muerte-por-coronavirus-en-el-pais\/","url":"https:\/\/informelitoral.com.ar\/confirmaron-la-sexta-muerte-por-coronavirus-en-el-pais\/","name":"Confirmaron la sexta muerte por coronavirus en el pa\u00eds - Informe Litoral","isPartOf":{"@id":"https:\/\/informelitoral.com.ar\/#website"},"primaryImageOfPage":{"@id":"https:\/\/informelitoral.com.ar\/confirmaron-la-sexta-muerte-por-coronavirus-en-el-pais\/#primaryimage"},"image":{"@id":"https:\/\/informelitoral.com.ar\/confirmaron-la-sexta-muerte-por-coronavirus-en-el-pais\/#primaryimage"},"thumbnailUrl":"https:\/\/informelitoral.com.ar\/%77%70%2d%63%6f%6e%74%65%6e%74\/uploads\/2020\/03\/el-hospital-argerich-donde-se___UtXzTSgy_1256x620__1.jpg","datePublished":"2020-03-24T20:35:58+00:00","breadcrumb":{"@id":"https:\/\/informelitoral.com.ar\/confirmaron-la-sexta-muerte-por-coronavirus-en-el-pais\/#breadcrumb"},"inLanguage":"es","potentialAction":[{"@type":"ReadAction","target":["https:\/\/informelitoral.com.ar\/confirmaron-la-sexta-muerte-por-coronavirus-en-el-pais\/"]}]},{"@type":"ImageObject","inLanguage":"es","@id":"https:\/\/informelitoral.com.ar\/confirmaron-la-sexta-muerte-por-coronavirus-en-el-pais\/#primaryimage","url":"https:\/\/informelitoral.com.ar\/%77%70%2d%63%6f%6e%74%65%6e%74\/uploads\/2020\/03\/el-hospital-argerich-donde-se___UtXzTSgy_1256x620__1.jpg","contentUrl":"https:\/\/informelitoral.com.ar\/%77%70%2d%63%6f%6e%74%65%6e%74\/uploads\/2020\/03\/el-hospital-argerich-donde-se___UtXzTSgy_1256x620__1.jpg","width":1256,"height":620},{"@type":"BreadcrumbList","@id":"https:\/\/informelitoral.com.ar\/confirmaron-la-sexta-muerte-por-coronavirus-en-el-pais\/#breadcrumb","itemListElement":[{"@type":"ListItem","position":1,"name":"Portada","item":"https:\/\/informelitoral.com.ar\/"},{"@type":"ListItem","position":2,"name":"Confirmaron la sexta muerte por coronavirus en el pa\u00eds"}]},{"@type":"WebSite","@id":"https:\/\/informelitoral.com.ar\/#website","url":"https:\/\/informelitoral.com.ar\/","name":"Informe Litoral","description":"&quot;Nos informamos&quot; ","publisher":{"@id":"https:\/\/informelitoral.com.ar\/#organization"},"potentialAction":[{"@type":"SearchAction","target":{"@type":"EntryPoint","urlTemplate":"https:\/\/informelitoral.com.ar\/?s={search_term_string}"},"query-input":{"@type":"PropertyValueSpecification","valueRequired":true,"valueName":"search_term_string"}}],"inLanguage":"es"},{"@type":"Organization","@id":"https:\/\/informelitoral.com.ar\/#organization","name":"Informe Litoral","url":"https:\/\/informelitoral.com.ar\/","logo":{"@type":"ImageObject","inLanguage":"es","@id":"https:\/\/informelitoral.com.ar\/#\/schema\/logo\/image\/","url":"https:\/\/informelitoral.com.ar\/%77%70%2d%63%6f%6e%74%65%6e%74\/uploads\/2021\/01\/circulo.png","contentUrl":"https:\/\/informelitoral.com.ar\/%77%70%2d%63%6f%6e%74%65%6e%74\/uploads\/2021\/01\/circulo.png","width":723,"height":731,"caption":"Informe Litoral"},"image":{"@id":"https:\/\/informelitoral.com.ar\/#\/schema\/logo\/image\/"},"sameAs":["https:\/\/www.facebook.com\/informelitoral\/","https:\/\/x.com\/InformeLitoral","https:\/\/www.instagram.com\/informelitoral\/","https:\/\/www.youtube.com\/channel\/UCua4Qvz8Icb6MYqhoq9xLXw"]},{"@type":"Person","@id":"https:\/\/informelitoral.com.ar\/#\/schema\/person\/b9d00407c836482871ef1d57bf8e3180","name":"Gonzalo Schmidt","image":{"@type":"ImageObject","inLanguage":"es","@id":"https:\/\/secure.gravatar.com\/avatar\/31a1a7b66ff2de83bd0e9fd79d026630d2d99e55e8bfe501287647b4fd9743de?s=96&d=mm&r=g","url":"https:\/\/secure.gravatar.com\/avatar\/31a1a7b66ff2de83bd0e9fd79d026630d2d99e55e8bfe501287647b4fd9743de?s=96&d=mm&r=g","contentUrl":"https:\/\/secure.gravatar.com\/avatar\/31a1a7b66ff2de83bd0e9fd79d026630d2d99e55e8bfe501287647b4fd9743de?s=96&d=mm&r=g","caption":"Gonzalo Schmidt"},"description":"Sitio web de noticias de la provincia de Entre R\u00edos, Argentina. Informaci\u00f3n y entretenimiento. Informe Litoral, nos informamos.","sameAs":["http:\/\/www.isletasnoticias.com.ar"],"url":"https:\/\/informelitoral.com.ar\/author\/gonzalo\/"}]}},"_links":{"self":[{"href":"https:\/\/informelitoral.com.ar\/%77%70%2d%6a%73%6f%6e\/wp\/v2\/posts\/41296","targetHints":{"allow":["GET"]}}],"collection":[{"href":"https:\/\/informelitoral.com.ar\/%77%70%2d%6a%73%6f%6e\/wp\/v2\/posts"}],"about":[{"href":"https:\/\/informelitoral.com.ar\/%77%70%2d%6a%73%6f%6e\/wp\/v2\/types\/post"}],"author":[{"embeddable":true,"href":"https:\/\/informelitoral.com.ar\/%77%70%2d%6a%73%6f%6e\/wp\/v2\/users\/2"}],"replies":[{"embeddable":true,"href":"https:\/\/informelitoral.com.ar\/%77%70%2d%6a%73%6f%6e\/wp\/v2\/comments?post=41296"}],"version-history":[{"count":0,"href":"https:\/\/informelitoral.com.ar\/%77%70%2d%6a%73%6f%6e\/wp\/v2\/posts\/41296\/revisions"}],"wp:featuredmedia":[{"embeddable":true,"href":"https:\/\/informelitoral.com.ar\/%77%70%2d%6a%73%6f%6e\/wp\/v2\/media\/41297"}],"wp:attachment":[{"href":"https:\/\/informelitoral.com.ar\/%77%70%2d%6a%73%6f%6e\/wp\/v2\/media?parent=41296"}],"wp:term":[{"taxonomy":"category","embeddable":true,"href":"https:\/\/informelitoral.com.ar\/%77%70%2d%6a%73%6f%6e\/wp\/v2\/categories?post=41296"},{"taxonomy":"post_tag","embeddable":true,"href":"https:\/\/informelitoral.com.ar\/%77%70%2d%6a%73%6f%6e\/wp\/v2\/tags?post=41296"}],"curies":[{"name":"wp","href":"https:\/\/api.w.org\/{rel}","templated":true}]}}