{"id":41293,"date":"2020-03-24T09:01:55","date_gmt":"2020-03-24T12:01:55","guid":{"rendered":"https:\/\/www.isletasnoticias.com.ar\/?p=41293"},"modified":"2020-03-24T09:04:04","modified_gmt":"2020-03-24T12:04:04","slug":"covid-19-como-implementar-un-protocolo-seguro-para-transportar-granos","status":"publish","type":"post","link":"https:\/\/informelitoral.com.ar\/covid-19-como-implementar-un-protocolo-seguro-para-transportar-granos\/","title":{"rendered":"COVID-19: c\u00f3mo implementar un protocolo seguro para transportar granos"},"content":{"rendered":"<p>Con el objeto de\u00a0<strong>incrementar las prevenciones<\/strong>\u00a0existentes protegiendo a las personas,\u00a0 asegurando el \u00a0<strong>abastecimiento de alimentos<\/strong>, la Confederaci\u00f3n Argentina del Transporte Automotor de Cargas (CATAC), la C\u00e1mara de la Industria\u00a0Aceitera de la Rep\u00fablica Argentina \u2013 Centro de Exportadores de Cereales (CIARA-CEC), la C\u00e1mara de Industriales de Ma\u00edz por Molienda Seca,\u00a0 la Confederaci\u00f3n Intercooperativa Agropecuaria (Coninagro), la Federaci\u00f3n de Acopiadores de Granos de la Rep\u00fablica Argentina, la Federaci\u00f3n Argentina de la Industria Molinera (FAIM) y la\u00a0Federaci\u00f3n de Transportadores Argentinos (FETRA) desarrollaron un protocolo seguro para el transporte de granos en tiempos de cosecha y Corovirus.<\/p>\n<p>Adem\u00e1s de las medidas seguridad ya conocidas,\u00a0como lavado de manos, no tomar infusiones con otras personas, mantener distancias prudenciales entre personas,\u00a0<strong>se adicionan<\/strong>:<\/p>\n<ul>\n<li>Que los transportes\u00a0<strong>eviten pernoctar<\/strong>\u00a0fuera de sus lugares de origen.<\/li>\n<li>Que se\u00a0<strong>descargue la mercader\u00eda en el mismo d\u00eda<\/strong>, tanto en las industrias como en los puertos.<\/li>\n<li>Que se dejen\u00a0<strong>mayores distancias<\/strong>\u00a0entre camiones en el momento de la descarga.<\/li>\n<li>Que los\u00a0<strong>conductores no se bajen de sus unidades<\/strong>\u00a0hasta el momento de la descarga.<\/li>\n<li>Que se\u00a0<strong>otorguen cupos de cargas<\/strong>\u00a0en las terminales acordes para que no haya aglomeraci\u00f3n de veh\u00edculos.<\/li>\n<li>Que la mercader\u00eda que se env\u00ede a las industrias y terminales portuarias sean con\u00a0<strong>condici\u00f3n c\u00e1mara<\/strong>\u00a0para evitar rechazos.<\/li>\n<li>Sugerimos para que la mercader\u00eda no sea rechazada, que se utilicen las\u00a0<strong>plantas de acopio o cooperativas<\/strong>, las cuales garantizan las condiciones c\u00e1maras.<\/li>\n<li><strong>Controlar los tiempos<\/strong>\u00a0desde origen a destino para que puedan descargar y regresar.<\/li>\n<li>Que los transportes que vienen de distancias que no pueden regresar en el d\u00eda queden en las <strong>playas de estacionamiento<\/strong>\u00a0de las plantas evitando el mayor contacto con otros transportistas y sus veh\u00edculos.<\/li>\n<li>Asegurar en las plantas la\u00a0<strong>higiene de los ba\u00f1os<\/strong>\u00a0y la disponibilidad de los art\u00edculos necesarios para el aseo (jab\u00f3n toallas, alcohol en gel, entre otros).<\/li>\n<li>Los conductores deben tener a mano\u00a0<strong>barbijos y guantes<\/strong>\u00a0descartables.<\/li>\n<li><strong>Lavar los veh\u00edculos<\/strong>\u00a0una vez que regresaron al origen.<\/li>\n<li>Al regresar a sus hogares, los\u00a0<strong>transportistas deben lavar y desinfectar la ropa<\/strong>\u00a0con la que trabajaron e higienizarse antes de saludar a sus familias.<\/li>\n<\/ul>\n","protected":false},"excerpt":{"rendered":"<p>Un grupo de instituciones expuso una serie de consejos extra para llevar adelante la log\u00edstica de granos en tiempos de cosecha y coronavirus.<\/p>\n","protected":false},"author":2,"featured_media":29196,"comment_status":"open","ping_status":"open","sticky":false,"template":"","format":"standard","meta":{"fifu_image_url":"","fifu_image_alt":"","footnotes":""},"categories":[10],"tags":[191,501,71,1426,1479,120,818,476,963],"class_list":{"0":"post-41293","1":"post","2":"type-post","3":"status-publish","4":"format-standard","5":"has-post-thumbnail","7":"category-campo","8":"tag-agricultura","9":"tag-camioneros","10":"tag-campo","11":"tag-coronavirus","12":"tag-cuarentena","13":"tag-produccion","14":"tag-productores","15":"tag-transporte","16":"tag-transportistas"},"yoast_head":"<title>COVID-19: c\u00f3mo implementar un protocolo seguro para transportar granos - Informe Litoral<\/title>\n<meta name=\"robots\" content=\"index, follow, max-snippet:-1, max-image-preview:large, max-video-preview:-1\" \/>\n<link rel=\"canonical\" href=\"https:\/\/informelitoral.com.ar\/covid-19-como-implementar-un-protocolo-seguro-para-transportar-granos\/\" \/>\n<meta property=\"og:locale\" content=\"es_ES\" \/>\n<meta property=\"og:type\" content=\"article\" \/>\n<meta property=\"og:title\" content=\"COVID-19: c\u00f3mo implementar un protocolo seguro para transportar granos - Informe Litoral\" \/>\n<meta property=\"og:description\" content=\"Un grupo de instituciones expuso una serie de consejos extra para llevar adelante la log\u00edstica de granos en tiempos de cosecha y coronavirus.\" \/>\n<meta property=\"og:url\" content=\"https:\/\/informelitoral.com.ar\/covid-19-como-implementar-un-protocolo-seguro-para-transportar-granos\/\" \/>\n<meta property=\"og:site_name\" content=\"Informe Litoral\" \/>\n<meta property=\"article:publisher\" content=\"https:\/\/www.facebook.com\/informelitoral\/\" \/>\n<meta property=\"article:published_time\" content=\"2020-03-24T12:01:55+00:00\" \/>\n<meta property=\"article:modified_time\" content=\"2020-03-24T12:04:04+00:00\" \/>\n<meta property=\"og:image\" content=\"https:\/\/informelitoral.com.ar\/%77%70%2d%63%6f%6e%74%65%6e%74\/uploads\/2018\/08\/Granos-Transporte.jpg\" \/>\n\t<meta property=\"og:image:width\" content=\"1260\" \/>\n\t<meta property=\"og:image:height\" content=\"708\" \/>\n\t<meta property=\"og:image:type\" content=\"image\/jpeg\" \/>\n<meta name=\"author\" content=\"Gonzalo Schmidt\" \/>\n<meta name=\"twitter:card\" content=\"summary_large_image\" \/>\n<meta name=\"twitter:creator\" content=\"@InformeLitoral\" \/>\n<meta name=\"twitter:site\" content=\"@InformeLitoral\" \/>\n<meta name=\"twitter:label1\" content=\"Escrito por\" \/>\n\t<meta name=\"twitter:data1\" content=\"Gonzalo Schmidt\" \/>\n\t<meta name=\"twitter:label2\" content=\"Tiempo de lectura\" \/>\n\t<meta name=\"twitter:data2\" content=\"2 minutos\" \/>\n<script type=\"application\/ld+json\" class=\"yoast-schema-graph\">{\"@context\":\"https:\\\/\\\/schema.org\",\"@graph\":[{\"@type\":\"Article\",\"@id\":\"https:\\\/\\\/informelitoral.com.ar\\\/covid-19-como-implementar-un-protocolo-seguro-para-transportar-granos\\\/#article\",\"isPartOf\":{\"@id\":\"https:\\\/\\\/informelitoral.com.ar\\\/covid-19-como-implementar-un-protocolo-seguro-para-transportar-granos\\\/\"},\"author\":{\"name\":\"Gonzalo Schmidt\",\"@id\":\"https:\\\/\\\/informelitoral.com.ar\\\/#\\\/schema\\\/person\\\/b9d00407c836482871ef1d57bf8e3180\"},\"headline\":\"COVID-19: c\u00f3mo implementar un protocolo seguro para transportar granos\",\"datePublished\":\"2020-03-24T12:01:55+00:00\",\"dateModified\":\"2020-03-24T12:04:04+00:00\",\"mainEntityOfPage\":{\"@id\":\"https:\\\/\\\/informelitoral.com.ar\\\/covid-19-como-implementar-un-protocolo-seguro-para-transportar-granos\\\/\"},\"wordCount\":388,\"commentCount\":0,\"publisher\":{\"@id\":\"https:\\\/\\\/informelitoral.com.ar\\\/#organization\"},\"image\":{\"@id\":\"https:\\\/\\\/informelitoral.com.ar\\\/covid-19-como-implementar-un-protocolo-seguro-para-transportar-granos\\\/#primaryimage\"},\"thumbnailUrl\":\"https:\\\/\\\/informelitoral.com.ar\\\/%77%70%2d%63%6f%6e%74%65%6e%74\\\/uploads\\\/2018\\\/08\\\/Granos-Transporte.jpg\",\"keywords\":[\"Agricultura\",\"Camioneros\",\"Campo\",\"Coronavirus\",\"Cuarentena\",\"Producci\u00f3n\",\"Productores\",\"Transporte\",\"Transportistas\"],\"articleSection\":[\"Campo\"],\"inLanguage\":\"es\",\"potentialAction\":[{\"@type\":\"CommentAction\",\"name\":\"Comment\",\"target\":[\"https:\\\/\\\/informelitoral.com.ar\\\/covid-19-como-implementar-un-protocolo-seguro-para-transportar-granos\\\/#respond\"]}]},{\"@type\":\"WebPage\",\"@id\":\"https:\\\/\\\/informelitoral.com.ar\\\/covid-19-como-implementar-un-protocolo-seguro-para-transportar-granos\\\/\",\"url\":\"https:\\\/\\\/informelitoral.com.ar\\\/covid-19-como-implementar-un-protocolo-seguro-para-transportar-granos\\\/\",\"name\":\"COVID-19: c\u00f3mo implementar un protocolo seguro para transportar granos - Informe Litoral\",\"isPartOf\":{\"@id\":\"https:\\\/\\\/informelitoral.com.ar\\\/#website\"},\"primaryImageOfPage\":{\"@id\":\"https:\\\/\\\/informelitoral.com.ar\\\/covid-19-como-implementar-un-protocolo-seguro-para-transportar-granos\\\/#primaryimage\"},\"image\":{\"@id\":\"https:\\\/\\\/informelitoral.com.ar\\\/covid-19-como-implementar-un-protocolo-seguro-para-transportar-granos\\\/#primaryimage\"},\"thumbnailUrl\":\"https:\\\/\\\/informelitoral.com.ar\\\/%77%70%2d%63%6f%6e%74%65%6e%74\\\/uploads\\\/2018\\\/08\\\/Granos-Transporte.jpg\",\"datePublished\":\"2020-03-24T12:01:55+00:00\",\"dateModified\":\"2020-03-24T12:04:04+00:00\",\"breadcrumb\":{\"@id\":\"https:\\\/\\\/informelitoral.com.ar\\\/covid-19-como-implementar-un-protocolo-seguro-para-transportar-granos\\\/#breadcrumb\"},\"inLanguage\":\"es\",\"potentialAction\":[{\"@type\":\"ReadAction\",\"target\":[\"https:\\\/\\\/informelitoral.com.ar\\\/covid-19-como-implementar-un-protocolo-seguro-para-transportar-granos\\\/\"]}]},{\"@type\":\"ImageObject\",\"inLanguage\":\"es\",\"@id\":\"https:\\\/\\\/informelitoral.com.ar\\\/covid-19-como-implementar-un-protocolo-seguro-para-transportar-granos\\\/#primaryimage\",\"url\":\"https:\\\/\\\/informelitoral.com.ar\\\/%77%70%2d%63%6f%6e%74%65%6e%74\\\/uploads\\\/2018\\\/08\\\/Granos-Transporte.jpg\",\"contentUrl\":\"https:\\\/\\\/informelitoral.com.ar\\\/%77%70%2d%63%6f%6e%74%65%6e%74\\\/uploads\\\/2018\\\/08\\\/Granos-Transporte.jpg\",\"width\":1260,\"height\":708},{\"@type\":\"BreadcrumbList\",\"@id\":\"https:\\\/\\\/informelitoral.com.ar\\\/covid-19-como-implementar-un-protocolo-seguro-para-transportar-granos\\\/#breadcrumb\",\"itemListElement\":[{\"@type\":\"ListItem\",\"position\":1,\"name\":\"Portada\",\"item\":\"https:\\\/\\\/informelitoral.com.ar\\\/\"},{\"@type\":\"ListItem\",\"position\":2,\"name\":\"COVID-19: c\u00f3mo implementar un protocolo seguro para transportar granos\"}]},{\"@type\":\"WebSite\",\"@id\":\"https:\\\/\\\/informelitoral.com.ar\\\/#website\",\"url\":\"https:\\\/\\\/informelitoral.com.ar\\\/\",\"name\":\"Informe Litoral\",\"description\":\"&quot;Nos informamos&quot; \",\"publisher\":{\"@id\":\"https:\\\/\\\/informelitoral.com.ar\\\/#organization\"},\"potentialAction\":[{\"@type\":\"SearchAction\",\"target\":{\"@type\":\"EntryPoint\",\"urlTemplate\":\"https:\\\/\\\/informelitoral.com.ar\\\/?s={search_term_string}\"},\"query-input\":{\"@type\":\"PropertyValueSpecification\",\"valueRequired\":true,\"valueName\":\"search_term_string\"}}],\"inLanguage\":\"es\"},{\"@type\":\"Organization\",\"@id\":\"https:\\\/\\\/informelitoral.com.ar\\\/#organization\",\"name\":\"Informe Litoral\",\"url\":\"https:\\\/\\\/informelitoral.com.ar\\\/\",\"logo\":{\"@type\":\"ImageObject\",\"inLanguage\":\"es\",\"@id\":\"https:\\\/\\\/informelitoral.com.ar\\\/#\\\/schema\\\/logo\\\/image\\\/\",\"url\":\"https:\\\/\\\/informelitoral.com.ar\\\/%77%70%2d%63%6f%6e%74%65%6e%74\\\/uploads\\\/2021\\\/01\\\/circulo.png\",\"contentUrl\":\"https:\\\/\\\/informelitoral.com.ar\\\/%77%70%2d%63%6f%6e%74%65%6e%74\\\/uploads\\\/2021\\\/01\\\/circulo.png\",\"width\":723,\"height\":731,\"caption\":\"Informe Litoral\"},\"image\":{\"@id\":\"https:\\\/\\\/informelitoral.com.ar\\\/#\\\/schema\\\/logo\\\/image\\\/\"},\"sameAs\":[\"https:\\\/\\\/www.facebook.com\\\/informelitoral\\\/\",\"https:\\\/\\\/x.com\\\/InformeLitoral\",\"https:\\\/\\\/www.instagram.com\\\/informelitoral\\\/\",\"https:\\\/\\\/www.youtube.com\\\/channel\\\/UCua4Qvz8Icb6MYqhoq9xLXw\"]},{\"@type\":\"Person\",\"@id\":\"https:\\\/\\\/informelitoral.com.ar\\\/#\\\/schema\\\/person\\\/b9d00407c836482871ef1d57bf8e3180\",\"name\":\"Gonzalo Schmidt\",\"image\":{\"@type\":\"ImageObject\",\"inLanguage\":\"es\",\"@id\":\"https:\\\/\\\/secure.gravatar.com\\\/avatar\\\/31a1a7b66ff2de83bd0e9fd79d026630d2d99e55e8bfe501287647b4fd9743de?s=96&d=mm&r=g\",\"url\":\"https:\\\/\\\/secure.gravatar.com\\\/avatar\\\/31a1a7b66ff2de83bd0e9fd79d026630d2d99e55e8bfe501287647b4fd9743de?s=96&d=mm&r=g\",\"contentUrl\":\"https:\\\/\\\/secure.gravatar.com\\\/avatar\\\/31a1a7b66ff2de83bd0e9fd79d026630d2d99e55e8bfe501287647b4fd9743de?s=96&d=mm&r=g\",\"caption\":\"Gonzalo Schmidt\"},\"description\":\"Sitio web de noticias de la provincia de Entre R\u00edos, Argentina. Informaci\u00f3n y entretenimiento. Informe Litoral, nos informamos.\",\"sameAs\":[\"http:\\\/\\\/www.isletasnoticias.com.ar\"],\"url\":\"https:\\\/\\\/informelitoral.com.ar\\\/author\\\/gonzalo\\\/\"}]}<\/script>","yoast_head_json":{"title":"COVID-19: c\u00f3mo implementar un protocolo seguro para transportar granos - Informe Litoral","robots":{"index":"index","follow":"follow","max-snippet":"max-snippet:-1","max-image-preview":"max-image-preview:large","max-video-preview":"max-video-preview:-1"},"canonical":"https:\/\/informelitoral.com.ar\/covid-19-como-implementar-un-protocolo-seguro-para-transportar-granos\/","og_locale":"es_ES","og_type":"article","og_title":"COVID-19: c\u00f3mo implementar un protocolo seguro para transportar granos - Informe Litoral","og_description":"Un grupo de instituciones expuso una serie de consejos extra para llevar adelante la log\u00edstica de granos en tiempos de cosecha y coronavirus.","og_url":"https:\/\/informelitoral.com.ar\/covid-19-como-implementar-un-protocolo-seguro-para-transportar-granos\/","og_site_name":"Informe Litoral","article_publisher":"https:\/\/www.facebook.com\/informelitoral\/","article_published_time":"2020-03-24T12:01:55+00:00","article_modified_time":"2020-03-24T12:04:04+00:00","og_image":[{"width":1260,"height":708,"url":"https:\/\/informelitoral.com.ar\/%77%70%2d%63%6f%6e%74%65%6e%74\/uploads\/2018\/08\/Granos-Transporte.jpg","type":"image\/jpeg"}],"author":"Gonzalo Schmidt","twitter_card":"summary_large_image","twitter_creator":"@InformeLitoral","twitter_site":"@InformeLitoral","twitter_misc":{"Escrito por":"Gonzalo Schmidt","Tiempo de lectura":"2 minutos"},"schema":{"@context":"https:\/\/schema.org","@graph":[{"@type":"Article","@id":"https:\/\/informelitoral.com.ar\/covid-19-como-implementar-un-protocolo-seguro-para-transportar-granos\/#article","isPartOf":{"@id":"https:\/\/informelitoral.com.ar\/covid-19-como-implementar-un-protocolo-seguro-para-transportar-granos\/"},"author":{"name":"Gonzalo Schmidt","@id":"https:\/\/informelitoral.com.ar\/#\/schema\/person\/b9d00407c836482871ef1d57bf8e3180"},"headline":"COVID-19: c\u00f3mo implementar un protocolo seguro para transportar granos","datePublished":"2020-03-24T12:01:55+00:00","dateModified":"2020-03-24T12:04:04+00:00","mainEntityOfPage":{"@id":"https:\/\/informelitoral.com.ar\/covid-19-como-implementar-un-protocolo-seguro-para-transportar-granos\/"},"wordCount":388,"commentCount":0,"publisher":{"@id":"https:\/\/informelitoral.com.ar\/#organization"},"image":{"@id":"https:\/\/informelitoral.com.ar\/covid-19-como-implementar-un-protocolo-seguro-para-transportar-granos\/#primaryimage"},"thumbnailUrl":"https:\/\/informelitoral.com.ar\/%77%70%2d%63%6f%6e%74%65%6e%74\/uploads\/2018\/08\/Granos-Transporte.jpg","keywords":["Agricultura","Camioneros","Campo","Coronavirus","Cuarentena","Producci\u00f3n","Productores","Transporte","Transportistas"],"articleSection":["Campo"],"inLanguage":"es","potentialAction":[{"@type":"CommentAction","name":"Comment","target":["https:\/\/informelitoral.com.ar\/covid-19-como-implementar-un-protocolo-seguro-para-transportar-granos\/#respond"]}]},{"@type":"WebPage","@id":"https:\/\/informelitoral.com.ar\/covid-19-como-implementar-un-protocolo-seguro-para-transportar-granos\/","url":"https:\/\/informelitoral.com.ar\/covid-19-como-implementar-un-protocolo-seguro-para-transportar-granos\/","name":"COVID-19: c\u00f3mo implementar un protocolo seguro para transportar granos - Informe Litoral","isPartOf":{"@id":"https:\/\/informelitoral.com.ar\/#website"},"primaryImageOfPage":{"@id":"https:\/\/informelitoral.com.ar\/covid-19-como-implementar-un-protocolo-seguro-para-transportar-granos\/#primaryimage"},"image":{"@id":"https:\/\/informelitoral.com.ar\/covid-19-como-implementar-un-protocolo-seguro-para-transportar-granos\/#primaryimage"},"thumbnailUrl":"https:\/\/informelitoral.com.ar\/%77%70%2d%63%6f%6e%74%65%6e%74\/uploads\/2018\/08\/Granos-Transporte.jpg","datePublished":"2020-03-24T12:01:55+00:00","dateModified":"2020-03-24T12:04:04+00:00","breadcrumb":{"@id":"https:\/\/informelitoral.com.ar\/covid-19-como-implementar-un-protocolo-seguro-para-transportar-granos\/#breadcrumb"},"inLanguage":"es","potentialAction":[{"@type":"ReadAction","target":["https:\/\/informelitoral.com.ar\/covid-19-como-implementar-un-protocolo-seguro-para-transportar-granos\/"]}]},{"@type":"ImageObject","inLanguage":"es","@id":"https:\/\/informelitoral.com.ar\/covid-19-como-implementar-un-protocolo-seguro-para-transportar-granos\/#primaryimage","url":"https:\/\/informelitoral.com.ar\/%77%70%2d%63%6f%6e%74%65%6e%74\/uploads\/2018\/08\/Granos-Transporte.jpg","contentUrl":"https:\/\/informelitoral.com.ar\/%77%70%2d%63%6f%6e%74%65%6e%74\/uploads\/2018\/08\/Granos-Transporte.jpg","width":1260,"height":708},{"@type":"BreadcrumbList","@id":"https:\/\/informelitoral.com.ar\/covid-19-como-implementar-un-protocolo-seguro-para-transportar-granos\/#breadcrumb","itemListElement":[{"@type":"ListItem","position":1,"name":"Portada","item":"https:\/\/informelitoral.com.ar\/"},{"@type":"ListItem","position":2,"name":"COVID-19: c\u00f3mo implementar un protocolo seguro para transportar granos"}]},{"@type":"WebSite","@id":"https:\/\/informelitoral.com.ar\/#website","url":"https:\/\/informelitoral.com.ar\/","name":"Informe Litoral","description":"&quot;Nos informamos&quot; ","publisher":{"@id":"https:\/\/informelitoral.com.ar\/#organization"},"potentialAction":[{"@type":"SearchAction","target":{"@type":"EntryPoint","urlTemplate":"https:\/\/informelitoral.com.ar\/?s={search_term_string}"},"query-input":{"@type":"PropertyValueSpecification","valueRequired":true,"valueName":"search_term_string"}}],"inLanguage":"es"},{"@type":"Organization","@id":"https:\/\/informelitoral.com.ar\/#organization","name":"Informe Litoral","url":"https:\/\/informelitoral.com.ar\/","logo":{"@type":"ImageObject","inLanguage":"es","@id":"https:\/\/informelitoral.com.ar\/#\/schema\/logo\/image\/","url":"https:\/\/informelitoral.com.ar\/%77%70%2d%63%6f%6e%74%65%6e%74\/uploads\/2021\/01\/circulo.png","contentUrl":"https:\/\/informelitoral.com.ar\/%77%70%2d%63%6f%6e%74%65%6e%74\/uploads\/2021\/01\/circulo.png","width":723,"height":731,"caption":"Informe Litoral"},"image":{"@id":"https:\/\/informelitoral.com.ar\/#\/schema\/logo\/image\/"},"sameAs":["https:\/\/www.facebook.com\/informelitoral\/","https:\/\/x.com\/InformeLitoral","https:\/\/www.instagram.com\/informelitoral\/","https:\/\/www.youtube.com\/channel\/UCua4Qvz8Icb6MYqhoq9xLXw"]},{"@type":"Person","@id":"https:\/\/informelitoral.com.ar\/#\/schema\/person\/b9d00407c836482871ef1d57bf8e3180","name":"Gonzalo Schmidt","image":{"@type":"ImageObject","inLanguage":"es","@id":"https:\/\/secure.gravatar.com\/avatar\/31a1a7b66ff2de83bd0e9fd79d026630d2d99e55e8bfe501287647b4fd9743de?s=96&d=mm&r=g","url":"https:\/\/secure.gravatar.com\/avatar\/31a1a7b66ff2de83bd0e9fd79d026630d2d99e55e8bfe501287647b4fd9743de?s=96&d=mm&r=g","contentUrl":"https:\/\/secure.gravatar.com\/avatar\/31a1a7b66ff2de83bd0e9fd79d026630d2d99e55e8bfe501287647b4fd9743de?s=96&d=mm&r=g","caption":"Gonzalo Schmidt"},"description":"Sitio web de noticias de la provincia de Entre R\u00edos, Argentina. Informaci\u00f3n y entretenimiento. Informe Litoral, nos informamos.","sameAs":["http:\/\/www.isletasnoticias.com.ar"],"url":"https:\/\/informelitoral.com.ar\/author\/gonzalo\/"}]}},"_links":{"self":[{"href":"https:\/\/informelitoral.com.ar\/%77%70%2d%6a%73%6f%6e\/wp\/v2\/posts\/41293","targetHints":{"allow":["GET"]}}],"collection":[{"href":"https:\/\/informelitoral.com.ar\/%77%70%2d%6a%73%6f%6e\/wp\/v2\/posts"}],"about":[{"href":"https:\/\/informelitoral.com.ar\/%77%70%2d%6a%73%6f%6e\/wp\/v2\/types\/post"}],"author":[{"embeddable":true,"href":"https:\/\/informelitoral.com.ar\/%77%70%2d%6a%73%6f%6e\/wp\/v2\/users\/2"}],"replies":[{"embeddable":true,"href":"https:\/\/informelitoral.com.ar\/%77%70%2d%6a%73%6f%6e\/wp\/v2\/comments?post=41293"}],"version-history":[{"count":0,"href":"https:\/\/informelitoral.com.ar\/%77%70%2d%6a%73%6f%6e\/wp\/v2\/posts\/41293\/revisions"}],"wp:featuredmedia":[{"embeddable":true,"href":"https:\/\/informelitoral.com.ar\/%77%70%2d%6a%73%6f%6e\/wp\/v2\/media\/29196"}],"wp:attachment":[{"href":"https:\/\/informelitoral.com.ar\/%77%70%2d%6a%73%6f%6e\/wp\/v2\/media?parent=41293"}],"wp:term":[{"taxonomy":"category","embeddable":true,"href":"https:\/\/informelitoral.com.ar\/%77%70%2d%6a%73%6f%6e\/wp\/v2\/categories?post=41293"},{"taxonomy":"post_tag","embeddable":true,"href":"https:\/\/informelitoral.com.ar\/%77%70%2d%6a%73%6f%6e\/wp\/v2\/tags?post=41293"}],"curies":[{"name":"wp","href":"https:\/\/api.w.org\/{rel}","templated":true}]}}