{"id":4113,"date":"2013-11-05T23:34:41","date_gmt":"2013-11-06T02:34:41","guid":{"rendered":"http:\/\/www.isletasnoticias.com.ar\/?p=4113"},"modified":"2013-11-05T23:38:48","modified_gmt":"2013-11-06T02:38:48","slug":"murio-juan-carlos-calabro-uno-de-los-comicos-mas-queridos","status":"publish","type":"post","link":"https:\/\/informelitoral.com.ar\/murio-juan-carlos-calabro-uno-de-los-comicos-mas-queridos\/","title":{"rendered":"Muri\u00f3 Juan Carlos Calabr\u00f3, uno de los c\u00f3micos m\u00e1s queridos"},"content":{"rendered":"<p><strong>El actor<em> Juan Carlos Calabr\u00f3<\/em> falleci\u00f3 esta ma\u00f1ana en el Hospital Brit\u00e1nico, a los 79 a\u00f1os, donde estaba internado desde el 23 de octubre a causa<strong>\u00a0de una enfermedad que afectaba la producci\u00f3n de gl\u00f3bulos rojos.<\/strong><\/strong><\/p>\n<p><img loading=\"lazy\" decoding=\"async\" class=\"size-medium wp-image-4114 alignright\" alt=\"calabro\" src=\"http:\/\/www.isletasnoticias.com.ar\/%77%70%2d%63%6f%6e%74%65%6e%74\/uploads\/2013\/11\/calabro-300x199.jpg\" width=\"300\" height=\"199\" srcset=\"https:\/\/informelitoral.com.ar\/%77%70%2d%63%6f%6e%74%65%6e%74\/uploads\/2013\/11\/calabro-300x199.jpg 300w, https:\/\/informelitoral.com.ar\/%77%70%2d%63%6f%6e%74%65%6e%74\/uploads\/2013\/11\/calabro.jpg 510w\" sizes=\"auto, (max-width: 300px) 100vw, 300px\" \/><\/p>\n<p>El c\u00f3mico nacido el 3 de febrero de 1934 en Buenos Aires, cre\u00f3 personajes\u00a0en \u00abEl Gran Burlesque&#8230; mucho m\u00e1s que una revista\u00bb, en Mar del Plata, y en \u00abCarnaval de estrellas\u00bb, en el porte\u00f1o Broadway.\u00a0como \u201cEl Contra\u201d, \u201cAn\u00edbal\u201d Y \u201cJohnny Tolengo\u201d, tres de sus m\u00e1s populares creaciones televisivas.<\/p>\n<p>Pero adem\u00e1s de alcanzar masividad en la pantalla chica, el artista despleg\u00f3 una larga y exitosa trayectoria en cine y teatro que fue reconocida, por caso, en agosto pasado durante la entrega de los Mart\u00edn Fierro donde tuvo su \u00faltima aparici\u00f3n p\u00fablica.<\/p>\n<p>Calabr\u00f3 hizo sus \u00faltimas actuaciones regulares con \u201cEl Contra\u201d en 2003, en recordada dupla con Antonio Carrizo, y tuvo intervenciones como actor dram\u00e1tico en \u00abPadre Coraje\u00bb (2004), adem\u00e1s de alguna aparici\u00f3n como invitado en ciclos ajenos.<\/p>\n<p>El actor iba as\u00ed tom\u00e1ndose un largo descanso de las c\u00e1maras parecido a una jubilaci\u00f3n. Hizo, mientras tanto, apariciones en el teatro de revistas junto a Flavio Mendoza.<\/p>\n<p>Casado con A\u00edda Elena Picardi, a la que hizo conocida por su apodo de \u00abCoca\u00bb con quien tuvo a las medi\u00e1ticas Iliana, de 47 a\u00f1os, y Marina, de 39, en 2009 se le anim\u00f3 al \u00abstand up\u00bb con \u00abVen\u00ed a re\u00edrte con Cala\u00bb, en el Multiteatro, tambi\u00e9n sobre la avenida Corrientes.<\/p>\n<p>Coet\u00e1neo del boxeador Horacio Accavallo y el periodista Enrique Macaya M\u00e1rquez, a principios de 1960 apareci\u00f3 en el programa radial \u00abFarandulandia\u00bb -suerte de edici\u00f3n oral de la revista \u00abRadiolandia\u00bb- y dos a\u00f1os despu\u00e9s pas\u00f3 a la TV.<\/p>\n<p>En la pantalla chica se destac\u00f3 entre los humoristas de \u00abTelec\u00f3micos\u00bb por su presencia y su excelente dicci\u00f3n, donde los autores D\u00e9lfor Dic\u00e1solo y Aldo Cammarotta eran dedicados sostenes de su actuaci\u00f3n.<\/p>\n<p>En el elenco figuraban Nelly Beltr\u00e1n, Jorge Porcel, Osvaldo Can\u00f3nico, Cal\u00edgula, Horacio Bruno, Mariel Comber, Julio L\u00f3pez, Iv\u00e1n Grey, Atilio Pozzob\u00f3n y una jovenc\u00edsima Luisina Brando, con la que el actor jugaba divertidas peripecias.<\/p>\n<p>El ciclo se extendi\u00f3 algunos a\u00f1os, Calabr\u00f3 particip\u00f3 de \u00abCircus Show\u00bb (1972), junto a Carlos Bal\u00e1, Mario S\u00e1nchez y otros, y en 1978 comenz\u00f3 a jugar en primera l\u00ednea con \u00abCalabromas\u00bb, un programa a su medida donde aparecieron sus personajes m\u00e1s emblem\u00e1ticos.<\/p>\n<p>A trav\u00e9s de las temporadas \u00abCalabromas\u00bb incluy\u00f3 a \u201cGran Valor\u201d, a \u201cJohnny Tolengo, el Majestuoso\u201d, y al ingenuo \u201cAn\u00edbal\u201d, que luego pas\u00f3 al cine en \u00abMingo y An\u00edbal, dos pelotazos en contra\u00bb (1984) y su secuela \u00abMingo y An\u00edbal en la mansi\u00f3n embrujada\u00bb (1986), en compa\u00f1\u00eda del recordado Juan Carlos Altavista.<\/p>\n<p>\u201cEl Contra\u201d fue otro de los personajes que le agregaron popularidad, capaz de liquidar la paciencia de sus invitados, que constantemente se ve\u00edan confundidos con otros -a veces ni siquiera parecidos- y cuestionados a cada paso.<\/p>\n<p>A lo largo de los a\u00f1os la Asociaci\u00f3n de Periodistas de la Televisi\u00f3n y Radio Argentinas (APTRA) lo consagr\u00f3 como actor c\u00f3mico en 1975, lo incluy\u00f3 en esa terna en 1990 y un a\u00f1o despu\u00e9s le dio el Mart\u00edn Fierro como protagonista de comedia por \u00abCampeones de la vida\u00bb.<\/p>\n<p>Calabr\u00f3 le ten\u00eda pavor a los aviones y por eso nunca sali\u00f3 del pa\u00eds, al que gustaba recorrer en su auto, aun cuando ten\u00eda que actuar en Mar del Plata u otros escenarios, en los que el p\u00fablico lo acompa\u00f1aba gustoso ya que encontraba en \u00e9l la figura con la que conviv\u00eda frente a la pantalla chica.<\/p>\n<p>Fue uno de los protagonistas de la primera versi\u00f3n argentina de \u00abExtra\u00f1a pareja\u00bb en escenarios porte\u00f1os, mientras el cine lo incorporaba en \u00abEscala musical\u00bb (1966), de Leo Fleider, a la que sigui\u00f3 \u00abLas pira\u00f1as\u00bb (1967), dirigida por el espa\u00f1ol Juan Antonio Bardem.<\/p>\n<p>Su cartel empez\u00f3 a crecer con \u00abVilla Cari\u00f1o est\u00e1 que arde\u00bb (1968), \u00abLa guerra de los sostenes\u00bb (1976), dirigida por Gerardo Sofovich, \u00abYo tambi\u00e9n tengo fiaca\u00bb y \u00abLa fiesta de todos\u00bb (1978), \u00abFrutilla\u00bb (1980) y \u00abAbierto d\u00eda y noche\u00bb (1981).<\/p>\n<p>Tambi\u00e9n se lo vio en \u00ab\u00bfLos piolas no se casan&#8230;?\u00bb (1981), \u00abDiablito de barrio\u00bb (1983, junto a Lorena Paola), \u00abMe sobra un marido\u00bb y \u00abJohnny Tolengo, el Majestuoso (1987) y en 2003 actu\u00f3 en \u00abSangre\u00bb, a las \u00f3rdenes de Pablo C\u00e9sar, un director de culto.<\/p>\n<p>Como si viera cercano su fin, no hace mucho declar\u00f3 en un reportaje: \u201cA la edad que tengo, uno piensa en la muerte\u201d, tras dar detalles sobre la anemia que lo acompa\u00f1aba en sus \u00faltimos a\u00f1os y los inquietantes resultados que surg\u00edan de sus ex\u00e1menes m\u00e9dicos; publico <em>T\u00e9lam<\/em>.<\/p>\n","protected":false},"excerpt":{"rendered":"<p>El actor Juan Carlos Calabr&oacute; falleci&oacute; esta ma&ntilde;ana en el Hospital Brit&aacute;nico, a los 79 a&ntilde;os, donde estaba internado desde el 23 de octubre a causa&nbsp;de una enfermedad que afectaba la producci&oacute;n de gl&oacute;bulos rojos. El c&oacute;mico nacido el 3 de febrero de 1934 en Buenos Aires, cre&oacute; personajes&nbsp;en &laquo;El Gran Burlesque&hellip; mucho m&aacute;s que [&hellip;]<\/p>\n","protected":false},"author":2,"featured_media":0,"comment_status":"open","ping_status":"open","sticky":false,"template":"","format":"standard","meta":{"fifu_image_url":"","fifu_image_alt":"","footnotes":""},"categories":[12],"tags":[],"class_list":{"0":"post-4113","1":"post","2":"type-post","3":"status-publish","4":"format-standard","6":"category-espectaculos"},"yoast_head":"<title>Muri\u00f3 Juan Carlos Calabr\u00f3, uno de los c\u00f3micos m\u00e1s queridos - Informe Litoral<\/title>\n<meta name=\"robots\" content=\"index, follow, max-snippet:-1, max-image-preview:large, max-video-preview:-1\" \/>\n<link rel=\"canonical\" href=\"https:\/\/informelitoral.com.ar\/murio-juan-carlos-calabro-uno-de-los-comicos-mas-queridos\/\" \/>\n<meta property=\"og:locale\" content=\"es_ES\" \/>\n<meta property=\"og:type\" content=\"article\" \/>\n<meta property=\"og:title\" content=\"Muri\u00f3 Juan Carlos Calabr\u00f3, uno de los c\u00f3micos m\u00e1s queridos - Informe Litoral\" \/>\n<meta property=\"og:description\" content=\"El actor Juan Carlos Calabr&oacute; falleci&oacute; esta ma&ntilde;ana en el Hospital Brit&aacute;nico, a los 79 a&ntilde;os, donde estaba internado desde el 23 de octubre a causa&nbsp;de una enfermedad que afectaba la producci&oacute;n de gl&oacute;bulos rojos. El c&oacute;mico nacido el 3 de febrero de 1934 en Buenos Aires, cre&oacute; personajes&nbsp;en &laquo;El Gran Burlesque&hellip; mucho m&aacute;s que [&hellip;]\" \/>\n<meta property=\"og:url\" content=\"https:\/\/informelitoral.com.ar\/murio-juan-carlos-calabro-uno-de-los-comicos-mas-queridos\/\" \/>\n<meta property=\"og:site_name\" content=\"Informe Litoral\" \/>\n<meta property=\"article:publisher\" content=\"https:\/\/www.facebook.com\/informelitoral\/\" \/>\n<meta property=\"article:published_time\" content=\"2013-11-06T02:34:41+00:00\" \/>\n<meta property=\"article:modified_time\" content=\"2013-11-06T02:38:48+00:00\" \/>\n<meta property=\"og:image\" content=\"https:\/\/informelitoral.com.ar\/%77%70%2d%63%6f%6e%74%65%6e%74\/uploads\/2013\/11\/calabro.jpg\" \/>\n\t<meta property=\"og:image:width\" content=\"510\" \/>\n\t<meta property=\"og:image:height\" content=\"339\" \/>\n\t<meta property=\"og:image:type\" content=\"image\/jpeg\" \/>\n<meta name=\"author\" content=\"Gonzalo Schmidt\" \/>\n<meta name=\"twitter:card\" content=\"summary_large_image\" \/>\n<meta name=\"twitter:creator\" content=\"@InformeLitoral\" \/>\n<meta name=\"twitter:site\" content=\"@InformeLitoral\" \/>\n<meta name=\"twitter:label1\" content=\"Escrito por\" \/>\n\t<meta name=\"twitter:data1\" content=\"Gonzalo Schmidt\" \/>\n\t<meta name=\"twitter:label2\" content=\"Tiempo de lectura\" \/>\n\t<meta name=\"twitter:data2\" content=\"4 minutos\" \/>\n<script type=\"application\/ld+json\" class=\"yoast-schema-graph\">{\"@context\":\"https:\\\/\\\/schema.org\",\"@graph\":[{\"@type\":\"Article\",\"@id\":\"https:\\\/\\\/informelitoral.com.ar\\\/murio-juan-carlos-calabro-uno-de-los-comicos-mas-queridos\\\/#article\",\"isPartOf\":{\"@id\":\"https:\\\/\\\/informelitoral.com.ar\\\/murio-juan-carlos-calabro-uno-de-los-comicos-mas-queridos\\\/\"},\"author\":{\"name\":\"Gonzalo Schmidt\",\"@id\":\"https:\\\/\\\/informelitoral.com.ar\\\/#\\\/schema\\\/person\\\/b9d00407c836482871ef1d57bf8e3180\"},\"headline\":\"Muri\u00f3 Juan Carlos Calabr\u00f3, uno de los c\u00f3micos m\u00e1s queridos\",\"datePublished\":\"2013-11-06T02:34:41+00:00\",\"dateModified\":\"2013-11-06T02:38:48+00:00\",\"mainEntityOfPage\":{\"@id\":\"https:\\\/\\\/informelitoral.com.ar\\\/murio-juan-carlos-calabro-uno-de-los-comicos-mas-queridos\\\/\"},\"wordCount\":825,\"commentCount\":0,\"publisher\":{\"@id\":\"https:\\\/\\\/informelitoral.com.ar\\\/#organization\"},\"image\":{\"@id\":\"https:\\\/\\\/informelitoral.com.ar\\\/murio-juan-carlos-calabro-uno-de-los-comicos-mas-queridos\\\/#primaryimage\"},\"thumbnailUrl\":\"http:\\\/\\\/www.isletasnoticias.com.ar\\\/%77%70%2d%63%6f%6e%74%65%6e%74\\\/uploads\\\/2013\\\/11\\\/calabro-300x199.jpg\",\"articleSection\":[\"Espect\u00e1culos\"],\"inLanguage\":\"es\",\"potentialAction\":[{\"@type\":\"CommentAction\",\"name\":\"Comment\",\"target\":[\"https:\\\/\\\/informelitoral.com.ar\\\/murio-juan-carlos-calabro-uno-de-los-comicos-mas-queridos\\\/#respond\"]}]},{\"@type\":\"WebPage\",\"@id\":\"https:\\\/\\\/informelitoral.com.ar\\\/murio-juan-carlos-calabro-uno-de-los-comicos-mas-queridos\\\/\",\"url\":\"https:\\\/\\\/informelitoral.com.ar\\\/murio-juan-carlos-calabro-uno-de-los-comicos-mas-queridos\\\/\",\"name\":\"Muri\u00f3 Juan Carlos Calabr\u00f3, uno de los c\u00f3micos m\u00e1s queridos - Informe Litoral\",\"isPartOf\":{\"@id\":\"https:\\\/\\\/informelitoral.com.ar\\\/#website\"},\"primaryImageOfPage\":{\"@id\":\"https:\\\/\\\/informelitoral.com.ar\\\/murio-juan-carlos-calabro-uno-de-los-comicos-mas-queridos\\\/#primaryimage\"},\"image\":{\"@id\":\"https:\\\/\\\/informelitoral.com.ar\\\/murio-juan-carlos-calabro-uno-de-los-comicos-mas-queridos\\\/#primaryimage\"},\"thumbnailUrl\":\"http:\\\/\\\/www.isletasnoticias.com.ar\\\/%77%70%2d%63%6f%6e%74%65%6e%74\\\/uploads\\\/2013\\\/11\\\/calabro-300x199.jpg\",\"datePublished\":\"2013-11-06T02:34:41+00:00\",\"dateModified\":\"2013-11-06T02:38:48+00:00\",\"breadcrumb\":{\"@id\":\"https:\\\/\\\/informelitoral.com.ar\\\/murio-juan-carlos-calabro-uno-de-los-comicos-mas-queridos\\\/#breadcrumb\"},\"inLanguage\":\"es\",\"potentialAction\":[{\"@type\":\"ReadAction\",\"target\":[\"https:\\\/\\\/informelitoral.com.ar\\\/murio-juan-carlos-calabro-uno-de-los-comicos-mas-queridos\\\/\"]}]},{\"@type\":\"ImageObject\",\"inLanguage\":\"es\",\"@id\":\"https:\\\/\\\/informelitoral.com.ar\\\/murio-juan-carlos-calabro-uno-de-los-comicos-mas-queridos\\\/#primaryimage\",\"url\":\"http:\\\/\\\/www.isletasnoticias.com.ar\\\/%77%70%2d%63%6f%6e%74%65%6e%74\\\/uploads\\\/2013\\\/11\\\/calabro-300x199.jpg\",\"contentUrl\":\"http:\\\/\\\/www.isletasnoticias.com.ar\\\/%77%70%2d%63%6f%6e%74%65%6e%74\\\/uploads\\\/2013\\\/11\\\/calabro-300x199.jpg\"},{\"@type\":\"BreadcrumbList\",\"@id\":\"https:\\\/\\\/informelitoral.com.ar\\\/murio-juan-carlos-calabro-uno-de-los-comicos-mas-queridos\\\/#breadcrumb\",\"itemListElement\":[{\"@type\":\"ListItem\",\"position\":1,\"name\":\"Portada\",\"item\":\"https:\\\/\\\/informelitoral.com.ar\\\/\"},{\"@type\":\"ListItem\",\"position\":2,\"name\":\"Muri\u00f3 Juan Carlos Calabr\u00f3, uno de los c\u00f3micos m\u00e1s queridos\"}]},{\"@type\":\"WebSite\",\"@id\":\"https:\\\/\\\/informelitoral.com.ar\\\/#website\",\"url\":\"https:\\\/\\\/informelitoral.com.ar\\\/\",\"name\":\"Informe Litoral\",\"description\":\"&quot;Nos informamos&quot; \",\"publisher\":{\"@id\":\"https:\\\/\\\/informelitoral.com.ar\\\/#organization\"},\"potentialAction\":[{\"@type\":\"SearchAction\",\"target\":{\"@type\":\"EntryPoint\",\"urlTemplate\":\"https:\\\/\\\/informelitoral.com.ar\\\/?s={search_term_string}\"},\"query-input\":{\"@type\":\"PropertyValueSpecification\",\"valueRequired\":true,\"valueName\":\"search_term_string\"}}],\"inLanguage\":\"es\"},{\"@type\":\"Organization\",\"@id\":\"https:\\\/\\\/informelitoral.com.ar\\\/#organization\",\"name\":\"Informe Litoral\",\"url\":\"https:\\\/\\\/informelitoral.com.ar\\\/\",\"logo\":{\"@type\":\"ImageObject\",\"inLanguage\":\"es\",\"@id\":\"https:\\\/\\\/informelitoral.com.ar\\\/#\\\/schema\\\/logo\\\/image\\\/\",\"url\":\"https:\\\/\\\/informelitoral.com.ar\\\/%77%70%2d%63%6f%6e%74%65%6e%74\\\/uploads\\\/2021\\\/01\\\/circulo.png\",\"contentUrl\":\"https:\\\/\\\/informelitoral.com.ar\\\/%77%70%2d%63%6f%6e%74%65%6e%74\\\/uploads\\\/2021\\\/01\\\/circulo.png\",\"width\":723,\"height\":731,\"caption\":\"Informe Litoral\"},\"image\":{\"@id\":\"https:\\\/\\\/informelitoral.com.ar\\\/#\\\/schema\\\/logo\\\/image\\\/\"},\"sameAs\":[\"https:\\\/\\\/www.facebook.com\\\/informelitoral\\\/\",\"https:\\\/\\\/x.com\\\/InformeLitoral\",\"https:\\\/\\\/www.instagram.com\\\/informelitoral\\\/\",\"https:\\\/\\\/www.youtube.com\\\/channel\\\/UCua4Qvz8Icb6MYqhoq9xLXw\"]},{\"@type\":\"Person\",\"@id\":\"https:\\\/\\\/informelitoral.com.ar\\\/#\\\/schema\\\/person\\\/b9d00407c836482871ef1d57bf8e3180\",\"name\":\"Gonzalo Schmidt\",\"image\":{\"@type\":\"ImageObject\",\"inLanguage\":\"es\",\"@id\":\"https:\\\/\\\/secure.gravatar.com\\\/avatar\\\/31a1a7b66ff2de83bd0e9fd79d026630d2d99e55e8bfe501287647b4fd9743de?s=96&d=mm&r=g\",\"url\":\"https:\\\/\\\/secure.gravatar.com\\\/avatar\\\/31a1a7b66ff2de83bd0e9fd79d026630d2d99e55e8bfe501287647b4fd9743de?s=96&d=mm&r=g\",\"contentUrl\":\"https:\\\/\\\/secure.gravatar.com\\\/avatar\\\/31a1a7b66ff2de83bd0e9fd79d026630d2d99e55e8bfe501287647b4fd9743de?s=96&d=mm&r=g\",\"caption\":\"Gonzalo Schmidt\"},\"description\":\"Sitio web de noticias de la provincia de Entre R\u00edos, Argentina. Informaci\u00f3n y entretenimiento. Informe Litoral, nos informamos.\",\"sameAs\":[\"http:\\\/\\\/www.isletasnoticias.com.ar\"],\"url\":\"https:\\\/\\\/informelitoral.com.ar\\\/author\\\/gonzalo\\\/\"}]}<\/script>","yoast_head_json":{"title":"Muri\u00f3 Juan Carlos Calabr\u00f3, uno de los c\u00f3micos m\u00e1s queridos - Informe Litoral","robots":{"index":"index","follow":"follow","max-snippet":"max-snippet:-1","max-image-preview":"max-image-preview:large","max-video-preview":"max-video-preview:-1"},"canonical":"https:\/\/informelitoral.com.ar\/murio-juan-carlos-calabro-uno-de-los-comicos-mas-queridos\/","og_locale":"es_ES","og_type":"article","og_title":"Muri\u00f3 Juan Carlos Calabr\u00f3, uno de los c\u00f3micos m\u00e1s queridos - Informe Litoral","og_description":"El actor Juan Carlos Calabr&oacute; falleci&oacute; esta ma&ntilde;ana en el Hospital Brit&aacute;nico, a los 79 a&ntilde;os, donde estaba internado desde el 23 de octubre a causa&nbsp;de una enfermedad que afectaba la producci&oacute;n de gl&oacute;bulos rojos. El c&oacute;mico nacido el 3 de febrero de 1934 en Buenos Aires, cre&oacute; personajes&nbsp;en &laquo;El Gran Burlesque&hellip; mucho m&aacute;s que [&hellip;]","og_url":"https:\/\/informelitoral.com.ar\/murio-juan-carlos-calabro-uno-de-los-comicos-mas-queridos\/","og_site_name":"Informe Litoral","article_publisher":"https:\/\/www.facebook.com\/informelitoral\/","article_published_time":"2013-11-06T02:34:41+00:00","article_modified_time":"2013-11-06T02:38:48+00:00","og_image":[{"width":510,"height":339,"url":"https:\/\/informelitoral.com.ar\/%77%70%2d%63%6f%6e%74%65%6e%74\/uploads\/2013\/11\/calabro.jpg","type":"image\/jpeg"}],"author":"Gonzalo Schmidt","twitter_card":"summary_large_image","twitter_creator":"@InformeLitoral","twitter_site":"@InformeLitoral","twitter_misc":{"Escrito por":"Gonzalo Schmidt","Tiempo de lectura":"4 minutos"},"schema":{"@context":"https:\/\/schema.org","@graph":[{"@type":"Article","@id":"https:\/\/informelitoral.com.ar\/murio-juan-carlos-calabro-uno-de-los-comicos-mas-queridos\/#article","isPartOf":{"@id":"https:\/\/informelitoral.com.ar\/murio-juan-carlos-calabro-uno-de-los-comicos-mas-queridos\/"},"author":{"name":"Gonzalo Schmidt","@id":"https:\/\/informelitoral.com.ar\/#\/schema\/person\/b9d00407c836482871ef1d57bf8e3180"},"headline":"Muri\u00f3 Juan Carlos Calabr\u00f3, uno de los c\u00f3micos m\u00e1s queridos","datePublished":"2013-11-06T02:34:41+00:00","dateModified":"2013-11-06T02:38:48+00:00","mainEntityOfPage":{"@id":"https:\/\/informelitoral.com.ar\/murio-juan-carlos-calabro-uno-de-los-comicos-mas-queridos\/"},"wordCount":825,"commentCount":0,"publisher":{"@id":"https:\/\/informelitoral.com.ar\/#organization"},"image":{"@id":"https:\/\/informelitoral.com.ar\/murio-juan-carlos-calabro-uno-de-los-comicos-mas-queridos\/#primaryimage"},"thumbnailUrl":"http:\/\/www.isletasnoticias.com.ar\/%77%70%2d%63%6f%6e%74%65%6e%74\/uploads\/2013\/11\/calabro-300x199.jpg","articleSection":["Espect\u00e1culos"],"inLanguage":"es","potentialAction":[{"@type":"CommentAction","name":"Comment","target":["https:\/\/informelitoral.com.ar\/murio-juan-carlos-calabro-uno-de-los-comicos-mas-queridos\/#respond"]}]},{"@type":"WebPage","@id":"https:\/\/informelitoral.com.ar\/murio-juan-carlos-calabro-uno-de-los-comicos-mas-queridos\/","url":"https:\/\/informelitoral.com.ar\/murio-juan-carlos-calabro-uno-de-los-comicos-mas-queridos\/","name":"Muri\u00f3 Juan Carlos Calabr\u00f3, uno de los c\u00f3micos m\u00e1s queridos - Informe Litoral","isPartOf":{"@id":"https:\/\/informelitoral.com.ar\/#website"},"primaryImageOfPage":{"@id":"https:\/\/informelitoral.com.ar\/murio-juan-carlos-calabro-uno-de-los-comicos-mas-queridos\/#primaryimage"},"image":{"@id":"https:\/\/informelitoral.com.ar\/murio-juan-carlos-calabro-uno-de-los-comicos-mas-queridos\/#primaryimage"},"thumbnailUrl":"http:\/\/www.isletasnoticias.com.ar\/%77%70%2d%63%6f%6e%74%65%6e%74\/uploads\/2013\/11\/calabro-300x199.jpg","datePublished":"2013-11-06T02:34:41+00:00","dateModified":"2013-11-06T02:38:48+00:00","breadcrumb":{"@id":"https:\/\/informelitoral.com.ar\/murio-juan-carlos-calabro-uno-de-los-comicos-mas-queridos\/#breadcrumb"},"inLanguage":"es","potentialAction":[{"@type":"ReadAction","target":["https:\/\/informelitoral.com.ar\/murio-juan-carlos-calabro-uno-de-los-comicos-mas-queridos\/"]}]},{"@type":"ImageObject","inLanguage":"es","@id":"https:\/\/informelitoral.com.ar\/murio-juan-carlos-calabro-uno-de-los-comicos-mas-queridos\/#primaryimage","url":"http:\/\/www.isletasnoticias.com.ar\/%77%70%2d%63%6f%6e%74%65%6e%74\/uploads\/2013\/11\/calabro-300x199.jpg","contentUrl":"http:\/\/www.isletasnoticias.com.ar\/%77%70%2d%63%6f%6e%74%65%6e%74\/uploads\/2013\/11\/calabro-300x199.jpg"},{"@type":"BreadcrumbList","@id":"https:\/\/informelitoral.com.ar\/murio-juan-carlos-calabro-uno-de-los-comicos-mas-queridos\/#breadcrumb","itemListElement":[{"@type":"ListItem","position":1,"name":"Portada","item":"https:\/\/informelitoral.com.ar\/"},{"@type":"ListItem","position":2,"name":"Muri\u00f3 Juan Carlos Calabr\u00f3, uno de los c\u00f3micos m\u00e1s queridos"}]},{"@type":"WebSite","@id":"https:\/\/informelitoral.com.ar\/#website","url":"https:\/\/informelitoral.com.ar\/","name":"Informe Litoral","description":"&quot;Nos informamos&quot; ","publisher":{"@id":"https:\/\/informelitoral.com.ar\/#organization"},"potentialAction":[{"@type":"SearchAction","target":{"@type":"EntryPoint","urlTemplate":"https:\/\/informelitoral.com.ar\/?s={search_term_string}"},"query-input":{"@type":"PropertyValueSpecification","valueRequired":true,"valueName":"search_term_string"}}],"inLanguage":"es"},{"@type":"Organization","@id":"https:\/\/informelitoral.com.ar\/#organization","name":"Informe Litoral","url":"https:\/\/informelitoral.com.ar\/","logo":{"@type":"ImageObject","inLanguage":"es","@id":"https:\/\/informelitoral.com.ar\/#\/schema\/logo\/image\/","url":"https:\/\/informelitoral.com.ar\/%77%70%2d%63%6f%6e%74%65%6e%74\/uploads\/2021\/01\/circulo.png","contentUrl":"https:\/\/informelitoral.com.ar\/%77%70%2d%63%6f%6e%74%65%6e%74\/uploads\/2021\/01\/circulo.png","width":723,"height":731,"caption":"Informe Litoral"},"image":{"@id":"https:\/\/informelitoral.com.ar\/#\/schema\/logo\/image\/"},"sameAs":["https:\/\/www.facebook.com\/informelitoral\/","https:\/\/x.com\/InformeLitoral","https:\/\/www.instagram.com\/informelitoral\/","https:\/\/www.youtube.com\/channel\/UCua4Qvz8Icb6MYqhoq9xLXw"]},{"@type":"Person","@id":"https:\/\/informelitoral.com.ar\/#\/schema\/person\/b9d00407c836482871ef1d57bf8e3180","name":"Gonzalo Schmidt","image":{"@type":"ImageObject","inLanguage":"es","@id":"https:\/\/secure.gravatar.com\/avatar\/31a1a7b66ff2de83bd0e9fd79d026630d2d99e55e8bfe501287647b4fd9743de?s=96&d=mm&r=g","url":"https:\/\/secure.gravatar.com\/avatar\/31a1a7b66ff2de83bd0e9fd79d026630d2d99e55e8bfe501287647b4fd9743de?s=96&d=mm&r=g","contentUrl":"https:\/\/secure.gravatar.com\/avatar\/31a1a7b66ff2de83bd0e9fd79d026630d2d99e55e8bfe501287647b4fd9743de?s=96&d=mm&r=g","caption":"Gonzalo Schmidt"},"description":"Sitio web de noticias de la provincia de Entre R\u00edos, Argentina. Informaci\u00f3n y entretenimiento. Informe Litoral, nos informamos.","sameAs":["http:\/\/www.isletasnoticias.com.ar"],"url":"https:\/\/informelitoral.com.ar\/author\/gonzalo\/"}]}},"_links":{"self":[{"href":"https:\/\/informelitoral.com.ar\/%77%70%2d%6a%73%6f%6e\/wp\/v2\/posts\/4113","targetHints":{"allow":["GET"]}}],"collection":[{"href":"https:\/\/informelitoral.com.ar\/%77%70%2d%6a%73%6f%6e\/wp\/v2\/posts"}],"about":[{"href":"https:\/\/informelitoral.com.ar\/%77%70%2d%6a%73%6f%6e\/wp\/v2\/types\/post"}],"author":[{"embeddable":true,"href":"https:\/\/informelitoral.com.ar\/%77%70%2d%6a%73%6f%6e\/wp\/v2\/users\/2"}],"replies":[{"embeddable":true,"href":"https:\/\/informelitoral.com.ar\/%77%70%2d%6a%73%6f%6e\/wp\/v2\/comments?post=4113"}],"version-history":[{"count":0,"href":"https:\/\/informelitoral.com.ar\/%77%70%2d%6a%73%6f%6e\/wp\/v2\/posts\/4113\/revisions"}],"wp:attachment":[{"href":"https:\/\/informelitoral.com.ar\/%77%70%2d%6a%73%6f%6e\/wp\/v2\/media?parent=4113"}],"wp:term":[{"taxonomy":"category","embeddable":true,"href":"https:\/\/informelitoral.com.ar\/%77%70%2d%6a%73%6f%6e\/wp\/v2\/categories?post=4113"},{"taxonomy":"post_tag","embeddable":true,"href":"https:\/\/informelitoral.com.ar\/%77%70%2d%6a%73%6f%6e\/wp\/v2\/tags?post=4113"}],"curies":[{"name":"wp","href":"https:\/\/api.w.org\/{rel}","templated":true}]}}