{"id":41113,"date":"2020-03-20T08:07:08","date_gmt":"2020-03-20T11:07:08","guid":{"rendered":"https:\/\/www.isletasnoticias.com.ar\/?p=41113"},"modified":"2020-03-20T08:07:08","modified_gmt":"2020-03-20T11:07:08","slug":"las-penas-por-no-respetar-la-cuarentena-obligatoria","status":"publish","type":"post","link":"https:\/\/informelitoral.com.ar\/las-penas-por-no-respetar-la-cuarentena-obligatoria\/","title":{"rendered":"Las penas por no respetar la cuarentena obligatoria"},"content":{"rendered":"<p>El presidente\u00a0<strong>Alberto Fern\u00e1ndez<\/strong>\u00a0decret\u00f3 en la noche del jueves la cuarentena obligatoria en todo el territorio desde este viernes 20 hasta el 31 de marzo para evitar la circulaci\u00f3n de personas en la v\u00eda p\u00fablica y detener la propagaci\u00f3n del covid-19. Hasta el momento se han confirmado 128 casos, tres de ellos mortales.<\/p>\n<p>En un comunicado ante a prensa, el mandatario afirm\u00f3 que adopt\u00f3 la medida para \u201cproteger la salud de los argentinos\u201d y lament\u00f3 que haya personas \u201cque a\u00fan no entiendan que no se puede circular por las calles\u201d.<\/p>\n<p>La decisi\u00f3n que adopt\u00f3 el jefe de Estado implica la restricci\u00f3n al m\u00e1ximo de los traslados, y la mayor\u00eda de los ciudadanos deber\u00e1 permanecer en sus hogares. Adem\u00e1s garantiz\u00f3 que farmacias, hospitales, supermercados y otros servicios esenciales permanecer\u00e1n abiertos y no habr\u00e1 desabastecimiento.<\/p>\n<p>Ahora bien, quienes no est\u00e9n dentro de los\u00a0<strong>grupos de excepci\u00f3n e incumplan con la norma<\/strong>, ser\u00e1n responsables de la comisi\u00f3n de un delito tipificado en los art\u00edculos 205 y el 239 del C\u00f3digo Penal.<\/p>\n<p>En el art\u00edculo 205 del actual C\u00f3digo se establece que \u201c<strong>ser\u00e1<\/strong>\u00a0<strong>reprimido con prisi\u00f3n de seis meses a dos a\u00f1os<\/strong>, el que violare las medidas adoptadas por las autoridades competentes, para impedir la introducci\u00f3n o propagaci\u00f3n de una epidemia\u201d.<\/p>\n<p><span style=\"text-align: center;\">El art\u00edculo 239, por su parte, determina que \u201c<\/span><strong style=\"text-align: center;\">ser\u00e1 reprimido con prisi\u00f3n de quince d\u00edas a un a\u00f1o, el que resistiere o desobedeciere a un funcionario p\u00fablico en el ejercicio leg\u00edtimo de sus funciones o a la persona que le prestare asistencia a requerimiento de aqu\u00e9l o en virtud de una obligaci\u00f3n legal<\/strong><span style=\"text-align: center;\">\u201d.<\/span><\/p>\n<h3><strong>La violaci\u00f3n de la cuarentena tiene penas de 15 d\u00edas a dos a\u00f1os de prisi\u00f3n.<\/strong><\/h3>\n<p>Adem\u00e1s, Fern\u00e1ndez anunci\u00f3 que para garantizar que las personas no circulen\u00a0<strong>se desplegar\u00e1n en todo el pa\u00eds efectivos de la Polic\u00eda Federal, Gendarmer\u00eda Nacional, Prefectura Naval y Polic\u00eda de Seguridad Aeroportuaria a quienes se sumar\u00e1n las polic\u00edas locales de cada municipio.<\/strong><\/p>\n<p>\u201cAquel que no pueda explicar qu\u00e9 hace en la calle se ver\u00e1 sometido a las sanciones que el C\u00f3digo Penal prev\u00e9 para quien viola las normas. Vamos a ser inflexibles\u201d, advirti\u00f3 el presidente Fern\u00e1ndez.<\/p>\n","protected":false},"excerpt":{"rendered":"<p>La medida rige desde esta medianoche. Aquellos que violen la norma ser\u00e1n sancionados seg\u00fan lo establecido en dos art\u00edculos del C\u00f3digo Penal.<\/p>\n","protected":false},"author":2,"featured_media":41114,"comment_status":"open","ping_status":"open","sticky":false,"template":"","format":"standard","meta":{"fifu_image_url":"","fifu_image_alt":"","footnotes":""},"categories":[7],"tags":[1426,1479],"class_list":{"0":"post-41113","1":"post","2":"type-post","3":"status-publish","4":"format-standard","5":"has-post-thumbnail","7":"category-nacionales","8":"tag-coronavirus","9":"tag-cuarentena"},"yoast_head":"<title>Las penas por no respetar la cuarentena obligatoria - Informe Litoral<\/title>\n<meta name=\"robots\" content=\"index, follow, max-snippet:-1, max-image-preview:large, max-video-preview:-1\" \/>\n<link rel=\"canonical\" href=\"https:\/\/informelitoral.com.ar\/las-penas-por-no-respetar-la-cuarentena-obligatoria\/\" \/>\n<meta property=\"og:locale\" content=\"es_ES\" \/>\n<meta property=\"og:type\" content=\"article\" \/>\n<meta property=\"og:title\" content=\"Las penas por no respetar la cuarentena obligatoria - Informe Litoral\" \/>\n<meta property=\"og:description\" content=\"La medida rige desde esta medianoche. Aquellos que violen la norma ser\u00e1n sancionados seg\u00fan lo establecido en dos art\u00edculos del C\u00f3digo Penal.\" \/>\n<meta property=\"og:url\" content=\"https:\/\/informelitoral.com.ar\/las-penas-por-no-respetar-la-cuarentena-obligatoria\/\" \/>\n<meta property=\"og:site_name\" content=\"Informe Litoral\" \/>\n<meta property=\"article:publisher\" content=\"https:\/\/www.facebook.com\/informelitoral\/\" \/>\n<meta property=\"article:published_time\" content=\"2020-03-20T11:07:08+00:00\" \/>\n<meta property=\"og:image\" content=\"https:\/\/informelitoral.com.ar\/%77%70%2d%63%6f%6e%74%65%6e%74\/uploads\/2020\/03\/gendarmeria.jpg\" \/>\n\t<meta property=\"og:image:width\" content=\"715\" \/>\n\t<meta property=\"og:image:height\" content=\"402\" \/>\n\t<meta property=\"og:image:type\" content=\"image\/jpeg\" \/>\n<meta name=\"author\" content=\"Gonzalo Schmidt\" \/>\n<meta name=\"twitter:card\" content=\"summary_large_image\" \/>\n<meta name=\"twitter:creator\" content=\"@InformeLitoral\" \/>\n<meta name=\"twitter:site\" content=\"@InformeLitoral\" \/>\n<meta name=\"twitter:label1\" content=\"Escrito por\" \/>\n\t<meta name=\"twitter:data1\" content=\"Gonzalo Schmidt\" \/>\n\t<meta name=\"twitter:label2\" content=\"Tiempo de lectura\" \/>\n\t<meta name=\"twitter:data2\" content=\"2 minutos\" \/>\n<script type=\"application\/ld+json\" class=\"yoast-schema-graph\">{\"@context\":\"https:\\\/\\\/schema.org\",\"@graph\":[{\"@type\":\"Article\",\"@id\":\"https:\\\/\\\/informelitoral.com.ar\\\/las-penas-por-no-respetar-la-cuarentena-obligatoria\\\/#article\",\"isPartOf\":{\"@id\":\"https:\\\/\\\/informelitoral.com.ar\\\/las-penas-por-no-respetar-la-cuarentena-obligatoria\\\/\"},\"author\":{\"name\":\"Gonzalo Schmidt\",\"@id\":\"https:\\\/\\\/informelitoral.com.ar\\\/#\\\/schema\\\/person\\\/b9d00407c836482871ef1d57bf8e3180\"},\"headline\":\"Las penas por no respetar la cuarentena obligatoria\",\"datePublished\":\"2020-03-20T11:07:08+00:00\",\"mainEntityOfPage\":{\"@id\":\"https:\\\/\\\/informelitoral.com.ar\\\/las-penas-por-no-respetar-la-cuarentena-obligatoria\\\/\"},\"wordCount\":398,\"commentCount\":0,\"publisher\":{\"@id\":\"https:\\\/\\\/informelitoral.com.ar\\\/#organization\"},\"image\":{\"@id\":\"https:\\\/\\\/informelitoral.com.ar\\\/las-penas-por-no-respetar-la-cuarentena-obligatoria\\\/#primaryimage\"},\"thumbnailUrl\":\"https:\\\/\\\/informelitoral.com.ar\\\/%77%70%2d%63%6f%6e%74%65%6e%74\\\/uploads\\\/2020\\\/03\\\/gendarmeria.jpg\",\"keywords\":[\"Coronavirus\",\"Cuarentena\"],\"articleSection\":[\"Nacionales\"],\"inLanguage\":\"es\",\"potentialAction\":[{\"@type\":\"CommentAction\",\"name\":\"Comment\",\"target\":[\"https:\\\/\\\/informelitoral.com.ar\\\/las-penas-por-no-respetar-la-cuarentena-obligatoria\\\/#respond\"]}]},{\"@type\":\"WebPage\",\"@id\":\"https:\\\/\\\/informelitoral.com.ar\\\/las-penas-por-no-respetar-la-cuarentena-obligatoria\\\/\",\"url\":\"https:\\\/\\\/informelitoral.com.ar\\\/las-penas-por-no-respetar-la-cuarentena-obligatoria\\\/\",\"name\":\"Las penas por no respetar la cuarentena obligatoria - Informe Litoral\",\"isPartOf\":{\"@id\":\"https:\\\/\\\/informelitoral.com.ar\\\/#website\"},\"primaryImageOfPage\":{\"@id\":\"https:\\\/\\\/informelitoral.com.ar\\\/las-penas-por-no-respetar-la-cuarentena-obligatoria\\\/#primaryimage\"},\"image\":{\"@id\":\"https:\\\/\\\/informelitoral.com.ar\\\/las-penas-por-no-respetar-la-cuarentena-obligatoria\\\/#primaryimage\"},\"thumbnailUrl\":\"https:\\\/\\\/informelitoral.com.ar\\\/%77%70%2d%63%6f%6e%74%65%6e%74\\\/uploads\\\/2020\\\/03\\\/gendarmeria.jpg\",\"datePublished\":\"2020-03-20T11:07:08+00:00\",\"breadcrumb\":{\"@id\":\"https:\\\/\\\/informelitoral.com.ar\\\/las-penas-por-no-respetar-la-cuarentena-obligatoria\\\/#breadcrumb\"},\"inLanguage\":\"es\",\"potentialAction\":[{\"@type\":\"ReadAction\",\"target\":[\"https:\\\/\\\/informelitoral.com.ar\\\/las-penas-por-no-respetar-la-cuarentena-obligatoria\\\/\"]}]},{\"@type\":\"ImageObject\",\"inLanguage\":\"es\",\"@id\":\"https:\\\/\\\/informelitoral.com.ar\\\/las-penas-por-no-respetar-la-cuarentena-obligatoria\\\/#primaryimage\",\"url\":\"https:\\\/\\\/informelitoral.com.ar\\\/%77%70%2d%63%6f%6e%74%65%6e%74\\\/uploads\\\/2020\\\/03\\\/gendarmeria.jpg\",\"contentUrl\":\"https:\\\/\\\/informelitoral.com.ar\\\/%77%70%2d%63%6f%6e%74%65%6e%74\\\/uploads\\\/2020\\\/03\\\/gendarmeria.jpg\",\"width\":715,\"height\":402},{\"@type\":\"BreadcrumbList\",\"@id\":\"https:\\\/\\\/informelitoral.com.ar\\\/las-penas-por-no-respetar-la-cuarentena-obligatoria\\\/#breadcrumb\",\"itemListElement\":[{\"@type\":\"ListItem\",\"position\":1,\"name\":\"Portada\",\"item\":\"https:\\\/\\\/informelitoral.com.ar\\\/\"},{\"@type\":\"ListItem\",\"position\":2,\"name\":\"Las penas por no respetar la cuarentena obligatoria\"}]},{\"@type\":\"WebSite\",\"@id\":\"https:\\\/\\\/informelitoral.com.ar\\\/#website\",\"url\":\"https:\\\/\\\/informelitoral.com.ar\\\/\",\"name\":\"Informe Litoral\",\"description\":\"&quot;Nos informamos&quot; \",\"publisher\":{\"@id\":\"https:\\\/\\\/informelitoral.com.ar\\\/#organization\"},\"potentialAction\":[{\"@type\":\"SearchAction\",\"target\":{\"@type\":\"EntryPoint\",\"urlTemplate\":\"https:\\\/\\\/informelitoral.com.ar\\\/?s={search_term_string}\"},\"query-input\":{\"@type\":\"PropertyValueSpecification\",\"valueRequired\":true,\"valueName\":\"search_term_string\"}}],\"inLanguage\":\"es\"},{\"@type\":\"Organization\",\"@id\":\"https:\\\/\\\/informelitoral.com.ar\\\/#organization\",\"name\":\"Informe Litoral\",\"url\":\"https:\\\/\\\/informelitoral.com.ar\\\/\",\"logo\":{\"@type\":\"ImageObject\",\"inLanguage\":\"es\",\"@id\":\"https:\\\/\\\/informelitoral.com.ar\\\/#\\\/schema\\\/logo\\\/image\\\/\",\"url\":\"https:\\\/\\\/informelitoral.com.ar\\\/%77%70%2d%63%6f%6e%74%65%6e%74\\\/uploads\\\/2021\\\/01\\\/circulo.png\",\"contentUrl\":\"https:\\\/\\\/informelitoral.com.ar\\\/%77%70%2d%63%6f%6e%74%65%6e%74\\\/uploads\\\/2021\\\/01\\\/circulo.png\",\"width\":723,\"height\":731,\"caption\":\"Informe Litoral\"},\"image\":{\"@id\":\"https:\\\/\\\/informelitoral.com.ar\\\/#\\\/schema\\\/logo\\\/image\\\/\"},\"sameAs\":[\"https:\\\/\\\/www.facebook.com\\\/informelitoral\\\/\",\"https:\\\/\\\/x.com\\\/InformeLitoral\",\"https:\\\/\\\/www.instagram.com\\\/informelitoral\\\/\",\"https:\\\/\\\/www.youtube.com\\\/channel\\\/UCua4Qvz8Icb6MYqhoq9xLXw\"]},{\"@type\":\"Person\",\"@id\":\"https:\\\/\\\/informelitoral.com.ar\\\/#\\\/schema\\\/person\\\/b9d00407c836482871ef1d57bf8e3180\",\"name\":\"Gonzalo Schmidt\",\"image\":{\"@type\":\"ImageObject\",\"inLanguage\":\"es\",\"@id\":\"https:\\\/\\\/secure.gravatar.com\\\/avatar\\\/31a1a7b66ff2de83bd0e9fd79d026630d2d99e55e8bfe501287647b4fd9743de?s=96&d=mm&r=g\",\"url\":\"https:\\\/\\\/secure.gravatar.com\\\/avatar\\\/31a1a7b66ff2de83bd0e9fd79d026630d2d99e55e8bfe501287647b4fd9743de?s=96&d=mm&r=g\",\"contentUrl\":\"https:\\\/\\\/secure.gravatar.com\\\/avatar\\\/31a1a7b66ff2de83bd0e9fd79d026630d2d99e55e8bfe501287647b4fd9743de?s=96&d=mm&r=g\",\"caption\":\"Gonzalo Schmidt\"},\"description\":\"Sitio web de noticias de la provincia de Entre R\u00edos, Argentina. Informaci\u00f3n y entretenimiento. Informe Litoral, nos informamos.\",\"sameAs\":[\"http:\\\/\\\/www.isletasnoticias.com.ar\"],\"url\":\"https:\\\/\\\/informelitoral.com.ar\\\/author\\\/gonzalo\\\/\"}]}<\/script>","yoast_head_json":{"title":"Las penas por no respetar la cuarentena obligatoria - Informe Litoral","robots":{"index":"index","follow":"follow","max-snippet":"max-snippet:-1","max-image-preview":"max-image-preview:large","max-video-preview":"max-video-preview:-1"},"canonical":"https:\/\/informelitoral.com.ar\/las-penas-por-no-respetar-la-cuarentena-obligatoria\/","og_locale":"es_ES","og_type":"article","og_title":"Las penas por no respetar la cuarentena obligatoria - Informe Litoral","og_description":"La medida rige desde esta medianoche. Aquellos que violen la norma ser\u00e1n sancionados seg\u00fan lo establecido en dos art\u00edculos del C\u00f3digo Penal.","og_url":"https:\/\/informelitoral.com.ar\/las-penas-por-no-respetar-la-cuarentena-obligatoria\/","og_site_name":"Informe Litoral","article_publisher":"https:\/\/www.facebook.com\/informelitoral\/","article_published_time":"2020-03-20T11:07:08+00:00","og_image":[{"width":715,"height":402,"url":"https:\/\/informelitoral.com.ar\/%77%70%2d%63%6f%6e%74%65%6e%74\/uploads\/2020\/03\/gendarmeria.jpg","type":"image\/jpeg"}],"author":"Gonzalo Schmidt","twitter_card":"summary_large_image","twitter_creator":"@InformeLitoral","twitter_site":"@InformeLitoral","twitter_misc":{"Escrito por":"Gonzalo Schmidt","Tiempo de lectura":"2 minutos"},"schema":{"@context":"https:\/\/schema.org","@graph":[{"@type":"Article","@id":"https:\/\/informelitoral.com.ar\/las-penas-por-no-respetar-la-cuarentena-obligatoria\/#article","isPartOf":{"@id":"https:\/\/informelitoral.com.ar\/las-penas-por-no-respetar-la-cuarentena-obligatoria\/"},"author":{"name":"Gonzalo Schmidt","@id":"https:\/\/informelitoral.com.ar\/#\/schema\/person\/b9d00407c836482871ef1d57bf8e3180"},"headline":"Las penas por no respetar la cuarentena obligatoria","datePublished":"2020-03-20T11:07:08+00:00","mainEntityOfPage":{"@id":"https:\/\/informelitoral.com.ar\/las-penas-por-no-respetar-la-cuarentena-obligatoria\/"},"wordCount":398,"commentCount":0,"publisher":{"@id":"https:\/\/informelitoral.com.ar\/#organization"},"image":{"@id":"https:\/\/informelitoral.com.ar\/las-penas-por-no-respetar-la-cuarentena-obligatoria\/#primaryimage"},"thumbnailUrl":"https:\/\/informelitoral.com.ar\/%77%70%2d%63%6f%6e%74%65%6e%74\/uploads\/2020\/03\/gendarmeria.jpg","keywords":["Coronavirus","Cuarentena"],"articleSection":["Nacionales"],"inLanguage":"es","potentialAction":[{"@type":"CommentAction","name":"Comment","target":["https:\/\/informelitoral.com.ar\/las-penas-por-no-respetar-la-cuarentena-obligatoria\/#respond"]}]},{"@type":"WebPage","@id":"https:\/\/informelitoral.com.ar\/las-penas-por-no-respetar-la-cuarentena-obligatoria\/","url":"https:\/\/informelitoral.com.ar\/las-penas-por-no-respetar-la-cuarentena-obligatoria\/","name":"Las penas por no respetar la cuarentena obligatoria - Informe Litoral","isPartOf":{"@id":"https:\/\/informelitoral.com.ar\/#website"},"primaryImageOfPage":{"@id":"https:\/\/informelitoral.com.ar\/las-penas-por-no-respetar-la-cuarentena-obligatoria\/#primaryimage"},"image":{"@id":"https:\/\/informelitoral.com.ar\/las-penas-por-no-respetar-la-cuarentena-obligatoria\/#primaryimage"},"thumbnailUrl":"https:\/\/informelitoral.com.ar\/%77%70%2d%63%6f%6e%74%65%6e%74\/uploads\/2020\/03\/gendarmeria.jpg","datePublished":"2020-03-20T11:07:08+00:00","breadcrumb":{"@id":"https:\/\/informelitoral.com.ar\/las-penas-por-no-respetar-la-cuarentena-obligatoria\/#breadcrumb"},"inLanguage":"es","potentialAction":[{"@type":"ReadAction","target":["https:\/\/informelitoral.com.ar\/las-penas-por-no-respetar-la-cuarentena-obligatoria\/"]}]},{"@type":"ImageObject","inLanguage":"es","@id":"https:\/\/informelitoral.com.ar\/las-penas-por-no-respetar-la-cuarentena-obligatoria\/#primaryimage","url":"https:\/\/informelitoral.com.ar\/%77%70%2d%63%6f%6e%74%65%6e%74\/uploads\/2020\/03\/gendarmeria.jpg","contentUrl":"https:\/\/informelitoral.com.ar\/%77%70%2d%63%6f%6e%74%65%6e%74\/uploads\/2020\/03\/gendarmeria.jpg","width":715,"height":402},{"@type":"BreadcrumbList","@id":"https:\/\/informelitoral.com.ar\/las-penas-por-no-respetar-la-cuarentena-obligatoria\/#breadcrumb","itemListElement":[{"@type":"ListItem","position":1,"name":"Portada","item":"https:\/\/informelitoral.com.ar\/"},{"@type":"ListItem","position":2,"name":"Las penas por no respetar la cuarentena obligatoria"}]},{"@type":"WebSite","@id":"https:\/\/informelitoral.com.ar\/#website","url":"https:\/\/informelitoral.com.ar\/","name":"Informe Litoral","description":"&quot;Nos informamos&quot; ","publisher":{"@id":"https:\/\/informelitoral.com.ar\/#organization"},"potentialAction":[{"@type":"SearchAction","target":{"@type":"EntryPoint","urlTemplate":"https:\/\/informelitoral.com.ar\/?s={search_term_string}"},"query-input":{"@type":"PropertyValueSpecification","valueRequired":true,"valueName":"search_term_string"}}],"inLanguage":"es"},{"@type":"Organization","@id":"https:\/\/informelitoral.com.ar\/#organization","name":"Informe Litoral","url":"https:\/\/informelitoral.com.ar\/","logo":{"@type":"ImageObject","inLanguage":"es","@id":"https:\/\/informelitoral.com.ar\/#\/schema\/logo\/image\/","url":"https:\/\/informelitoral.com.ar\/%77%70%2d%63%6f%6e%74%65%6e%74\/uploads\/2021\/01\/circulo.png","contentUrl":"https:\/\/informelitoral.com.ar\/%77%70%2d%63%6f%6e%74%65%6e%74\/uploads\/2021\/01\/circulo.png","width":723,"height":731,"caption":"Informe Litoral"},"image":{"@id":"https:\/\/informelitoral.com.ar\/#\/schema\/logo\/image\/"},"sameAs":["https:\/\/www.facebook.com\/informelitoral\/","https:\/\/x.com\/InformeLitoral","https:\/\/www.instagram.com\/informelitoral\/","https:\/\/www.youtube.com\/channel\/UCua4Qvz8Icb6MYqhoq9xLXw"]},{"@type":"Person","@id":"https:\/\/informelitoral.com.ar\/#\/schema\/person\/b9d00407c836482871ef1d57bf8e3180","name":"Gonzalo Schmidt","image":{"@type":"ImageObject","inLanguage":"es","@id":"https:\/\/secure.gravatar.com\/avatar\/31a1a7b66ff2de83bd0e9fd79d026630d2d99e55e8bfe501287647b4fd9743de?s=96&d=mm&r=g","url":"https:\/\/secure.gravatar.com\/avatar\/31a1a7b66ff2de83bd0e9fd79d026630d2d99e55e8bfe501287647b4fd9743de?s=96&d=mm&r=g","contentUrl":"https:\/\/secure.gravatar.com\/avatar\/31a1a7b66ff2de83bd0e9fd79d026630d2d99e55e8bfe501287647b4fd9743de?s=96&d=mm&r=g","caption":"Gonzalo Schmidt"},"description":"Sitio web de noticias de la provincia de Entre R\u00edos, Argentina. Informaci\u00f3n y entretenimiento. Informe Litoral, nos informamos.","sameAs":["http:\/\/www.isletasnoticias.com.ar"],"url":"https:\/\/informelitoral.com.ar\/author\/gonzalo\/"}]}},"_links":{"self":[{"href":"https:\/\/informelitoral.com.ar\/%77%70%2d%6a%73%6f%6e\/wp\/v2\/posts\/41113","targetHints":{"allow":["GET"]}}],"collection":[{"href":"https:\/\/informelitoral.com.ar\/%77%70%2d%6a%73%6f%6e\/wp\/v2\/posts"}],"about":[{"href":"https:\/\/informelitoral.com.ar\/%77%70%2d%6a%73%6f%6e\/wp\/v2\/types\/post"}],"author":[{"embeddable":true,"href":"https:\/\/informelitoral.com.ar\/%77%70%2d%6a%73%6f%6e\/wp\/v2\/users\/2"}],"replies":[{"embeddable":true,"href":"https:\/\/informelitoral.com.ar\/%77%70%2d%6a%73%6f%6e\/wp\/v2\/comments?post=41113"}],"version-history":[{"count":0,"href":"https:\/\/informelitoral.com.ar\/%77%70%2d%6a%73%6f%6e\/wp\/v2\/posts\/41113\/revisions"}],"wp:featuredmedia":[{"embeddable":true,"href":"https:\/\/informelitoral.com.ar\/%77%70%2d%6a%73%6f%6e\/wp\/v2\/media\/41114"}],"wp:attachment":[{"href":"https:\/\/informelitoral.com.ar\/%77%70%2d%6a%73%6f%6e\/wp\/v2\/media?parent=41113"}],"wp:term":[{"taxonomy":"category","embeddable":true,"href":"https:\/\/informelitoral.com.ar\/%77%70%2d%6a%73%6f%6e\/wp\/v2\/categories?post=41113"},{"taxonomy":"post_tag","embeddable":true,"href":"https:\/\/informelitoral.com.ar\/%77%70%2d%6a%73%6f%6e\/wp\/v2\/tags?post=41113"}],"curies":[{"name":"wp","href":"https:\/\/api.w.org\/{rel}","templated":true}]}}