{"id":41109,"date":"2020-03-20T08:03:30","date_gmt":"2020-03-20T11:03:30","guid":{"rendered":"https:\/\/www.isletasnoticias.com.ar\/?p=41109"},"modified":"2020-03-20T08:03:30","modified_gmt":"2020-03-20T11:03:30","slug":"cristina-y-florencia-kirchner-vuelven-a-la-argentina-desde-cuba","status":"publish","type":"post","link":"https:\/\/informelitoral.com.ar\/cristina-y-florencia-kirchner-vuelven-a-la-argentina-desde-cuba\/","title":{"rendered":"Cristina y Florencia Kirchner vuelven a la Argentina desde Cuba"},"content":{"rendered":"<p><strong>Florencia Kirchner volver\u00e1 a Buenos Aires<\/strong>. Lo anunci\u00f3 su mam\u00e1, Cristina Kirchner, a trav\u00e9s de un hilo de mensajes en redes sociales. \u201c<strong>Ella junto a sus m\u00e9dicos y sus m\u00e9dicas lograron restablecer parte de su salud perdida y hace un tiempo vienen trabajando su regreso a casa. Pero ya se sabe, nada es tan sencillo. Por eso Flor me pidi\u00f3 que la venga a buscar para ayudarla\u2026 sent\u00eda que sola no iba a poder<\/strong>\u00ab, asegur\u00f3 la ex vicepresidenta.<\/p>\n<p>Seg\u00fan inform\u00f3, volar\u00e1n en las pr\u00f3ximas horas en la conexi\u00f3n semanal que realiza Cubana de Aviaci\u00f3n con la Argentina. Llegar\u00e1n al pa\u00eds en medio de la cuarentena obligatoria ordenada por el presidente Alberto Fern\u00e1ndez para evitar la propagaci\u00f3n del coronavirus. Si bien tiene libertad para movilizarse porque los funcionarios est\u00e1n dentro de los exceptuados del decreto, la ex jefa de Estado asegur\u00f3 que cumplir\u00e1 con aislamiento de 14 d\u00edas en su casa.<\/p>\n<p>La vicepresidenta inform\u00f3 p\u00fablicamente la enfermedad de su hija en marzo de 2019 a trav\u00e9s de un video. \u201c<strong>Mi hija, Florencia, producto de la persecuci\u00f3n feroz a la que fue sometida, empez\u00f3 a tener severos problemas de salud. El brutal estr\u00e9s que sufri\u00f3 devast\u00f3 su cuerpo y su salud<\/strong>\u201d, dijo.<\/p>\n<p>Durante 2019 y los primeros d\u00edas de 2020, CFK realiz\u00f3 varios viajes a la Isla para visitarla, incluso durante la campa\u00f1a presidencial. Sin embargo, no se conocieron im\u00e1genes hasta febrero de este a\u00f1o, cuando\u00a0la cineasta abri\u00f3 una cuenta en Instagram.<\/p>\n<p>Florencia Kirchner enfrenta en la Justicia argentina imputaciones en las causas \u201cHotesur\u201d y \u201cLos Sauces\u201d, acusada de integrar una presunta asociaci\u00f3n il\u00edcita (con su mam\u00e1 y su hermano M\u00e1ximo entre otros) y de realizar supuestas maniobras de lavado de dinero. El a\u00f1o pasado, ante un requerimiento del Tribunal Oral Federal 5, los m\u00e9dicos cubanos que la atienden enviaron una carpeta con consideraciones generales sobre la enfermedad que sufre. Fue diagnosticada de\u00a0<strong>un trastorno de estr\u00e9s postraum\u00e1tico y un linfedema<\/strong>\u00a0ligero de miembros inferiores, consign\u00f3\u00a0<em>Infobae.<\/em><\/p>\n","protected":false},"excerpt":{"rendered":"<p>La vicepresidenta lo anunci\u00f3 a trav\u00e9s de las redes sociales y asegur\u00f3 que cumplir\u00e1 la cuarentena obligatoria.<\/p>\n","protected":false},"author":2,"featured_media":41111,"comment_status":"open","ping_status":"open","sticky":false,"template":"","format":"standard","meta":{"fifu_image_url":"","fifu_image_alt":"","footnotes":""},"categories":[16],"tags":[239,1479,711],"class_list":{"0":"post-41109","1":"post","2":"type-post","3":"status-publish","4":"format-standard","5":"has-post-thumbnail","7":"category-politi","8":"tag-cristina-kirchner","9":"tag-cuarentena","10":"tag-cuba"},"yoast_head":"<title>Cristina y Florencia Kirchner vuelven a la Argentina desde Cuba - Informe Litoral<\/title>\n<meta name=\"robots\" content=\"index, follow, max-snippet:-1, max-image-preview:large, max-video-preview:-1\" \/>\n<link rel=\"canonical\" href=\"https:\/\/informelitoral.com.ar\/cristina-y-florencia-kirchner-vuelven-a-la-argentina-desde-cuba\/\" \/>\n<meta property=\"og:locale\" content=\"es_ES\" \/>\n<meta property=\"og:type\" content=\"article\" \/>\n<meta property=\"og:title\" content=\"Cristina y Florencia Kirchner vuelven a la Argentina desde Cuba - Informe Litoral\" \/>\n<meta property=\"og:description\" content=\"La vicepresidenta lo anunci\u00f3 a trav\u00e9s de las redes sociales y asegur\u00f3 que cumplir\u00e1 la cuarentena obligatoria.\" \/>\n<meta property=\"og:url\" content=\"https:\/\/informelitoral.com.ar\/cristina-y-florencia-kirchner-vuelven-a-la-argentina-desde-cuba\/\" \/>\n<meta property=\"og:site_name\" content=\"Informe Litoral\" \/>\n<meta property=\"article:publisher\" content=\"https:\/\/www.facebook.com\/informelitoral\/\" \/>\n<meta property=\"article:published_time\" content=\"2020-03-20T11:03:30+00:00\" \/>\n<meta property=\"og:image\" content=\"https:\/\/informelitoral.com.ar\/%77%70%2d%63%6f%6e%74%65%6e%74\/uploads\/2020\/03\/cristina-florencia-kirchner.jpg\" \/>\n\t<meta property=\"og:image:width\" content=\"594\" \/>\n\t<meta property=\"og:image:height\" content=\"432\" \/>\n\t<meta property=\"og:image:type\" content=\"image\/jpeg\" \/>\n<meta name=\"author\" content=\"Gonzalo Schmidt\" \/>\n<meta name=\"twitter:card\" content=\"summary_large_image\" \/>\n<meta name=\"twitter:creator\" content=\"@InformeLitoral\" \/>\n<meta name=\"twitter:site\" content=\"@InformeLitoral\" \/>\n<meta name=\"twitter:label1\" content=\"Escrito por\" \/>\n\t<meta name=\"twitter:data1\" content=\"Gonzalo Schmidt\" \/>\n\t<meta name=\"twitter:label2\" content=\"Tiempo de lectura\" \/>\n\t<meta name=\"twitter:data2\" content=\"2 minutos\" \/>\n<script type=\"application\/ld+json\" class=\"yoast-schema-graph\">{\"@context\":\"https:\\\/\\\/schema.org\",\"@graph\":[{\"@type\":\"Article\",\"@id\":\"https:\\\/\\\/informelitoral.com.ar\\\/cristina-y-florencia-kirchner-vuelven-a-la-argentina-desde-cuba\\\/#article\",\"isPartOf\":{\"@id\":\"https:\\\/\\\/informelitoral.com.ar\\\/cristina-y-florencia-kirchner-vuelven-a-la-argentina-desde-cuba\\\/\"},\"author\":{\"name\":\"Gonzalo Schmidt\",\"@id\":\"https:\\\/\\\/informelitoral.com.ar\\\/#\\\/schema\\\/person\\\/b9d00407c836482871ef1d57bf8e3180\"},\"headline\":\"Cristina y Florencia Kirchner vuelven a la Argentina desde Cuba\",\"datePublished\":\"2020-03-20T11:03:30+00:00\",\"mainEntityOfPage\":{\"@id\":\"https:\\\/\\\/informelitoral.com.ar\\\/cristina-y-florencia-kirchner-vuelven-a-la-argentina-desde-cuba\\\/\"},\"wordCount\":361,\"commentCount\":0,\"publisher\":{\"@id\":\"https:\\\/\\\/informelitoral.com.ar\\\/#organization\"},\"image\":{\"@id\":\"https:\\\/\\\/informelitoral.com.ar\\\/cristina-y-florencia-kirchner-vuelven-a-la-argentina-desde-cuba\\\/#primaryimage\"},\"thumbnailUrl\":\"https:\\\/\\\/informelitoral.com.ar\\\/%77%70%2d%63%6f%6e%74%65%6e%74\\\/uploads\\\/2020\\\/03\\\/cristina-florencia-kirchner.jpg\",\"keywords\":[\"Cristina Kirchner\",\"Cuarentena\",\"Cuba\"],\"articleSection\":[\"Politica\"],\"inLanguage\":\"es\",\"potentialAction\":[{\"@type\":\"CommentAction\",\"name\":\"Comment\",\"target\":[\"https:\\\/\\\/informelitoral.com.ar\\\/cristina-y-florencia-kirchner-vuelven-a-la-argentina-desde-cuba\\\/#respond\"]}]},{\"@type\":\"WebPage\",\"@id\":\"https:\\\/\\\/informelitoral.com.ar\\\/cristina-y-florencia-kirchner-vuelven-a-la-argentina-desde-cuba\\\/\",\"url\":\"https:\\\/\\\/informelitoral.com.ar\\\/cristina-y-florencia-kirchner-vuelven-a-la-argentina-desde-cuba\\\/\",\"name\":\"Cristina y Florencia Kirchner vuelven a la Argentina desde Cuba - Informe Litoral\",\"isPartOf\":{\"@id\":\"https:\\\/\\\/informelitoral.com.ar\\\/#website\"},\"primaryImageOfPage\":{\"@id\":\"https:\\\/\\\/informelitoral.com.ar\\\/cristina-y-florencia-kirchner-vuelven-a-la-argentina-desde-cuba\\\/#primaryimage\"},\"image\":{\"@id\":\"https:\\\/\\\/informelitoral.com.ar\\\/cristina-y-florencia-kirchner-vuelven-a-la-argentina-desde-cuba\\\/#primaryimage\"},\"thumbnailUrl\":\"https:\\\/\\\/informelitoral.com.ar\\\/%77%70%2d%63%6f%6e%74%65%6e%74\\\/uploads\\\/2020\\\/03\\\/cristina-florencia-kirchner.jpg\",\"datePublished\":\"2020-03-20T11:03:30+00:00\",\"breadcrumb\":{\"@id\":\"https:\\\/\\\/informelitoral.com.ar\\\/cristina-y-florencia-kirchner-vuelven-a-la-argentina-desde-cuba\\\/#breadcrumb\"},\"inLanguage\":\"es\",\"potentialAction\":[{\"@type\":\"ReadAction\",\"target\":[\"https:\\\/\\\/informelitoral.com.ar\\\/cristina-y-florencia-kirchner-vuelven-a-la-argentina-desde-cuba\\\/\"]}]},{\"@type\":\"ImageObject\",\"inLanguage\":\"es\",\"@id\":\"https:\\\/\\\/informelitoral.com.ar\\\/cristina-y-florencia-kirchner-vuelven-a-la-argentina-desde-cuba\\\/#primaryimage\",\"url\":\"https:\\\/\\\/informelitoral.com.ar\\\/%77%70%2d%63%6f%6e%74%65%6e%74\\\/uploads\\\/2020\\\/03\\\/cristina-florencia-kirchner.jpg\",\"contentUrl\":\"https:\\\/\\\/informelitoral.com.ar\\\/%77%70%2d%63%6f%6e%74%65%6e%74\\\/uploads\\\/2020\\\/03\\\/cristina-florencia-kirchner.jpg\",\"width\":594,\"height\":432},{\"@type\":\"BreadcrumbList\",\"@id\":\"https:\\\/\\\/informelitoral.com.ar\\\/cristina-y-florencia-kirchner-vuelven-a-la-argentina-desde-cuba\\\/#breadcrumb\",\"itemListElement\":[{\"@type\":\"ListItem\",\"position\":1,\"name\":\"Portada\",\"item\":\"https:\\\/\\\/informelitoral.com.ar\\\/\"},{\"@type\":\"ListItem\",\"position\":2,\"name\":\"Cristina y Florencia Kirchner vuelven a la Argentina desde Cuba\"}]},{\"@type\":\"WebSite\",\"@id\":\"https:\\\/\\\/informelitoral.com.ar\\\/#website\",\"url\":\"https:\\\/\\\/informelitoral.com.ar\\\/\",\"name\":\"Informe Litoral\",\"description\":\"&quot;Nos informamos&quot; \",\"publisher\":{\"@id\":\"https:\\\/\\\/informelitoral.com.ar\\\/#organization\"},\"potentialAction\":[{\"@type\":\"SearchAction\",\"target\":{\"@type\":\"EntryPoint\",\"urlTemplate\":\"https:\\\/\\\/informelitoral.com.ar\\\/?s={search_term_string}\"},\"query-input\":{\"@type\":\"PropertyValueSpecification\",\"valueRequired\":true,\"valueName\":\"search_term_string\"}}],\"inLanguage\":\"es\"},{\"@type\":\"Organization\",\"@id\":\"https:\\\/\\\/informelitoral.com.ar\\\/#organization\",\"name\":\"Informe Litoral\",\"url\":\"https:\\\/\\\/informelitoral.com.ar\\\/\",\"logo\":{\"@type\":\"ImageObject\",\"inLanguage\":\"es\",\"@id\":\"https:\\\/\\\/informelitoral.com.ar\\\/#\\\/schema\\\/logo\\\/image\\\/\",\"url\":\"https:\\\/\\\/informelitoral.com.ar\\\/%77%70%2d%63%6f%6e%74%65%6e%74\\\/uploads\\\/2021\\\/01\\\/circulo.png\",\"contentUrl\":\"https:\\\/\\\/informelitoral.com.ar\\\/%77%70%2d%63%6f%6e%74%65%6e%74\\\/uploads\\\/2021\\\/01\\\/circulo.png\",\"width\":723,\"height\":731,\"caption\":\"Informe Litoral\"},\"image\":{\"@id\":\"https:\\\/\\\/informelitoral.com.ar\\\/#\\\/schema\\\/logo\\\/image\\\/\"},\"sameAs\":[\"https:\\\/\\\/www.facebook.com\\\/informelitoral\\\/\",\"https:\\\/\\\/x.com\\\/InformeLitoral\",\"https:\\\/\\\/www.instagram.com\\\/informelitoral\\\/\",\"https:\\\/\\\/www.youtube.com\\\/channel\\\/UCua4Qvz8Icb6MYqhoq9xLXw\"]},{\"@type\":\"Person\",\"@id\":\"https:\\\/\\\/informelitoral.com.ar\\\/#\\\/schema\\\/person\\\/b9d00407c836482871ef1d57bf8e3180\",\"name\":\"Gonzalo Schmidt\",\"image\":{\"@type\":\"ImageObject\",\"inLanguage\":\"es\",\"@id\":\"https:\\\/\\\/secure.gravatar.com\\\/avatar\\\/31a1a7b66ff2de83bd0e9fd79d026630d2d99e55e8bfe501287647b4fd9743de?s=96&d=mm&r=g\",\"url\":\"https:\\\/\\\/secure.gravatar.com\\\/avatar\\\/31a1a7b66ff2de83bd0e9fd79d026630d2d99e55e8bfe501287647b4fd9743de?s=96&d=mm&r=g\",\"contentUrl\":\"https:\\\/\\\/secure.gravatar.com\\\/avatar\\\/31a1a7b66ff2de83bd0e9fd79d026630d2d99e55e8bfe501287647b4fd9743de?s=96&d=mm&r=g\",\"caption\":\"Gonzalo Schmidt\"},\"description\":\"Sitio web de noticias de la provincia de Entre R\u00edos, Argentina. Informaci\u00f3n y entretenimiento. Informe Litoral, nos informamos.\",\"sameAs\":[\"http:\\\/\\\/www.isletasnoticias.com.ar\"],\"url\":\"https:\\\/\\\/informelitoral.com.ar\\\/author\\\/gonzalo\\\/\"}]}<\/script>","yoast_head_json":{"title":"Cristina y Florencia Kirchner vuelven a la Argentina desde Cuba - Informe Litoral","robots":{"index":"index","follow":"follow","max-snippet":"max-snippet:-1","max-image-preview":"max-image-preview:large","max-video-preview":"max-video-preview:-1"},"canonical":"https:\/\/informelitoral.com.ar\/cristina-y-florencia-kirchner-vuelven-a-la-argentina-desde-cuba\/","og_locale":"es_ES","og_type":"article","og_title":"Cristina y Florencia Kirchner vuelven a la Argentina desde Cuba - Informe Litoral","og_description":"La vicepresidenta lo anunci\u00f3 a trav\u00e9s de las redes sociales y asegur\u00f3 que cumplir\u00e1 la cuarentena obligatoria.","og_url":"https:\/\/informelitoral.com.ar\/cristina-y-florencia-kirchner-vuelven-a-la-argentina-desde-cuba\/","og_site_name":"Informe Litoral","article_publisher":"https:\/\/www.facebook.com\/informelitoral\/","article_published_time":"2020-03-20T11:03:30+00:00","og_image":[{"width":594,"height":432,"url":"https:\/\/informelitoral.com.ar\/%77%70%2d%63%6f%6e%74%65%6e%74\/uploads\/2020\/03\/cristina-florencia-kirchner.jpg","type":"image\/jpeg"}],"author":"Gonzalo Schmidt","twitter_card":"summary_large_image","twitter_creator":"@InformeLitoral","twitter_site":"@InformeLitoral","twitter_misc":{"Escrito por":"Gonzalo Schmidt","Tiempo de lectura":"2 minutos"},"schema":{"@context":"https:\/\/schema.org","@graph":[{"@type":"Article","@id":"https:\/\/informelitoral.com.ar\/cristina-y-florencia-kirchner-vuelven-a-la-argentina-desde-cuba\/#article","isPartOf":{"@id":"https:\/\/informelitoral.com.ar\/cristina-y-florencia-kirchner-vuelven-a-la-argentina-desde-cuba\/"},"author":{"name":"Gonzalo Schmidt","@id":"https:\/\/informelitoral.com.ar\/#\/schema\/person\/b9d00407c836482871ef1d57bf8e3180"},"headline":"Cristina y Florencia Kirchner vuelven a la Argentina desde Cuba","datePublished":"2020-03-20T11:03:30+00:00","mainEntityOfPage":{"@id":"https:\/\/informelitoral.com.ar\/cristina-y-florencia-kirchner-vuelven-a-la-argentina-desde-cuba\/"},"wordCount":361,"commentCount":0,"publisher":{"@id":"https:\/\/informelitoral.com.ar\/#organization"},"image":{"@id":"https:\/\/informelitoral.com.ar\/cristina-y-florencia-kirchner-vuelven-a-la-argentina-desde-cuba\/#primaryimage"},"thumbnailUrl":"https:\/\/informelitoral.com.ar\/%77%70%2d%63%6f%6e%74%65%6e%74\/uploads\/2020\/03\/cristina-florencia-kirchner.jpg","keywords":["Cristina Kirchner","Cuarentena","Cuba"],"articleSection":["Politica"],"inLanguage":"es","potentialAction":[{"@type":"CommentAction","name":"Comment","target":["https:\/\/informelitoral.com.ar\/cristina-y-florencia-kirchner-vuelven-a-la-argentina-desde-cuba\/#respond"]}]},{"@type":"WebPage","@id":"https:\/\/informelitoral.com.ar\/cristina-y-florencia-kirchner-vuelven-a-la-argentina-desde-cuba\/","url":"https:\/\/informelitoral.com.ar\/cristina-y-florencia-kirchner-vuelven-a-la-argentina-desde-cuba\/","name":"Cristina y Florencia Kirchner vuelven a la Argentina desde Cuba - Informe Litoral","isPartOf":{"@id":"https:\/\/informelitoral.com.ar\/#website"},"primaryImageOfPage":{"@id":"https:\/\/informelitoral.com.ar\/cristina-y-florencia-kirchner-vuelven-a-la-argentina-desde-cuba\/#primaryimage"},"image":{"@id":"https:\/\/informelitoral.com.ar\/cristina-y-florencia-kirchner-vuelven-a-la-argentina-desde-cuba\/#primaryimage"},"thumbnailUrl":"https:\/\/informelitoral.com.ar\/%77%70%2d%63%6f%6e%74%65%6e%74\/uploads\/2020\/03\/cristina-florencia-kirchner.jpg","datePublished":"2020-03-20T11:03:30+00:00","breadcrumb":{"@id":"https:\/\/informelitoral.com.ar\/cristina-y-florencia-kirchner-vuelven-a-la-argentina-desde-cuba\/#breadcrumb"},"inLanguage":"es","potentialAction":[{"@type":"ReadAction","target":["https:\/\/informelitoral.com.ar\/cristina-y-florencia-kirchner-vuelven-a-la-argentina-desde-cuba\/"]}]},{"@type":"ImageObject","inLanguage":"es","@id":"https:\/\/informelitoral.com.ar\/cristina-y-florencia-kirchner-vuelven-a-la-argentina-desde-cuba\/#primaryimage","url":"https:\/\/informelitoral.com.ar\/%77%70%2d%63%6f%6e%74%65%6e%74\/uploads\/2020\/03\/cristina-florencia-kirchner.jpg","contentUrl":"https:\/\/informelitoral.com.ar\/%77%70%2d%63%6f%6e%74%65%6e%74\/uploads\/2020\/03\/cristina-florencia-kirchner.jpg","width":594,"height":432},{"@type":"BreadcrumbList","@id":"https:\/\/informelitoral.com.ar\/cristina-y-florencia-kirchner-vuelven-a-la-argentina-desde-cuba\/#breadcrumb","itemListElement":[{"@type":"ListItem","position":1,"name":"Portada","item":"https:\/\/informelitoral.com.ar\/"},{"@type":"ListItem","position":2,"name":"Cristina y Florencia Kirchner vuelven a la Argentina desde Cuba"}]},{"@type":"WebSite","@id":"https:\/\/informelitoral.com.ar\/#website","url":"https:\/\/informelitoral.com.ar\/","name":"Informe Litoral","description":"&quot;Nos informamos&quot; ","publisher":{"@id":"https:\/\/informelitoral.com.ar\/#organization"},"potentialAction":[{"@type":"SearchAction","target":{"@type":"EntryPoint","urlTemplate":"https:\/\/informelitoral.com.ar\/?s={search_term_string}"},"query-input":{"@type":"PropertyValueSpecification","valueRequired":true,"valueName":"search_term_string"}}],"inLanguage":"es"},{"@type":"Organization","@id":"https:\/\/informelitoral.com.ar\/#organization","name":"Informe Litoral","url":"https:\/\/informelitoral.com.ar\/","logo":{"@type":"ImageObject","inLanguage":"es","@id":"https:\/\/informelitoral.com.ar\/#\/schema\/logo\/image\/","url":"https:\/\/informelitoral.com.ar\/%77%70%2d%63%6f%6e%74%65%6e%74\/uploads\/2021\/01\/circulo.png","contentUrl":"https:\/\/informelitoral.com.ar\/%77%70%2d%63%6f%6e%74%65%6e%74\/uploads\/2021\/01\/circulo.png","width":723,"height":731,"caption":"Informe Litoral"},"image":{"@id":"https:\/\/informelitoral.com.ar\/#\/schema\/logo\/image\/"},"sameAs":["https:\/\/www.facebook.com\/informelitoral\/","https:\/\/x.com\/InformeLitoral","https:\/\/www.instagram.com\/informelitoral\/","https:\/\/www.youtube.com\/channel\/UCua4Qvz8Icb6MYqhoq9xLXw"]},{"@type":"Person","@id":"https:\/\/informelitoral.com.ar\/#\/schema\/person\/b9d00407c836482871ef1d57bf8e3180","name":"Gonzalo Schmidt","image":{"@type":"ImageObject","inLanguage":"es","@id":"https:\/\/secure.gravatar.com\/avatar\/31a1a7b66ff2de83bd0e9fd79d026630d2d99e55e8bfe501287647b4fd9743de?s=96&d=mm&r=g","url":"https:\/\/secure.gravatar.com\/avatar\/31a1a7b66ff2de83bd0e9fd79d026630d2d99e55e8bfe501287647b4fd9743de?s=96&d=mm&r=g","contentUrl":"https:\/\/secure.gravatar.com\/avatar\/31a1a7b66ff2de83bd0e9fd79d026630d2d99e55e8bfe501287647b4fd9743de?s=96&d=mm&r=g","caption":"Gonzalo Schmidt"},"description":"Sitio web de noticias de la provincia de Entre R\u00edos, Argentina. Informaci\u00f3n y entretenimiento. Informe Litoral, nos informamos.","sameAs":["http:\/\/www.isletasnoticias.com.ar"],"url":"https:\/\/informelitoral.com.ar\/author\/gonzalo\/"}]}},"_links":{"self":[{"href":"https:\/\/informelitoral.com.ar\/%77%70%2d%6a%73%6f%6e\/wp\/v2\/posts\/41109","targetHints":{"allow":["GET"]}}],"collection":[{"href":"https:\/\/informelitoral.com.ar\/%77%70%2d%6a%73%6f%6e\/wp\/v2\/posts"}],"about":[{"href":"https:\/\/informelitoral.com.ar\/%77%70%2d%6a%73%6f%6e\/wp\/v2\/types\/post"}],"author":[{"embeddable":true,"href":"https:\/\/informelitoral.com.ar\/%77%70%2d%6a%73%6f%6e\/wp\/v2\/users\/2"}],"replies":[{"embeddable":true,"href":"https:\/\/informelitoral.com.ar\/%77%70%2d%6a%73%6f%6e\/wp\/v2\/comments?post=41109"}],"version-history":[{"count":0,"href":"https:\/\/informelitoral.com.ar\/%77%70%2d%6a%73%6f%6e\/wp\/v2\/posts\/41109\/revisions"}],"wp:featuredmedia":[{"embeddable":true,"href":"https:\/\/informelitoral.com.ar\/%77%70%2d%6a%73%6f%6e\/wp\/v2\/media\/41111"}],"wp:attachment":[{"href":"https:\/\/informelitoral.com.ar\/%77%70%2d%6a%73%6f%6e\/wp\/v2\/media?parent=41109"}],"wp:term":[{"taxonomy":"category","embeddable":true,"href":"https:\/\/informelitoral.com.ar\/%77%70%2d%6a%73%6f%6e\/wp\/v2\/categories?post=41109"},{"taxonomy":"post_tag","embeddable":true,"href":"https:\/\/informelitoral.com.ar\/%77%70%2d%6a%73%6f%6e\/wp\/v2\/tags?post=41109"}],"curies":[{"name":"wp","href":"https:\/\/api.w.org\/{rel}","templated":true}]}}