{"id":41101,"date":"2020-03-20T06:24:58","date_gmt":"2020-03-20T09:24:58","guid":{"rendered":"https:\/\/www.isletasnoticias.com.ar\/?p=41101"},"modified":"2020-03-20T06:24:58","modified_gmt":"2020-03-20T09:24:58","slug":"desde-esta-medianoche-rige-la-cuarentena-obligatoria-en-el-pais","status":"publish","type":"post","link":"https:\/\/informelitoral.com.ar\/desde-esta-medianoche-rige-la-cuarentena-obligatoria-en-el-pais\/","title":{"rendered":"Desde esta medianoche rige la cuarentena obligatoria en el pa\u00eds"},"content":{"rendered":"<p>El presidente\u00a0<strong>Alberto Fern\u00e1ndez\u00a0<\/strong>decret\u00f3 este jueves la cuarentena total <strong>desde la cero hora del viernes y hasta el 31 de marzo<\/strong>, para reforzar a\u00fan m\u00e1s las acciones contra el\u00a0coronavirus en la Argentina, donde hay 111 casos confirmados, entre los que se contabilizan 3 muertes.<\/p>\n<p>El Jefe de Estado anunci\u00f3 que se pondr\u00e1 en marcha el \u00ab<strong>aislamiento social preventivo y obligatorio<\/strong>\u00bb y remarc\u00f3:\u00a0 \u00ab<strong>Esto quiere decir que nadie puede moverse de su residencia, todos tienen que quedarse en sus casas<\/strong>\u00bb.<\/p>\n<p>Fern\u00e1ndez insisti\u00f3 en que quienes transiten deber\u00e1n explicar por qu\u00e9 lo hacen. Gendarmer\u00eda, Prefectura, Polic\u00eda Federal y las polic\u00edas provinciales controlar\u00e1n el movimiento en rutas y calles.<\/p>\n<p>\u00abEstamos cuidando la salud de los argentinos. Dictamos esta medida pensando en que los efectos econ\u00f3micos sean lo menor posibles. Hasta las 0 del 31 de marzo. Adelantamos el feriado del 2 de abril para el 30 de marzo. Y declaramos el feriado puente para que todos nos quedemos en nuestras casas para evitar trasladar el virus de persona a persona\u00bb, agreg\u00f3.<\/p>\n<p>\u00abHay situaciones permitidas, todos deben permanecer en sus casas y podr\u00e1n salir para hacer lo necesario y seguir viviendo su vida habitual. <strong>Seguir\u00e1n teniendo los negocios de cercan\u00eda abiertos, podr\u00e1n ir a almacenes, supermercados, a las ferreter\u00edas, a las farmacias<\/strong>\u00bb.<\/p>\n<figure class=\"wp-block-image size-large\"><img decoding=\"async\" class=\"wp-image-36503 aligncenter\" src=\"https:\/\/www.entremediosweb.com\/v2\/%77%70%2d%63%6f%6e%74%65%6e%74\/uploads\/2020\/03\/Captura-de-pantalla-2020-03-19-a-las-21.23.01.png\" sizes=\"(max-width: 1015px) 100vw, 1015px\" srcset=\"https:\/\/www.entremediosweb.com\/v2\/%77%70%2d%63%6f%6e%74%65%6e%74\/uploads\/2020\/03\/Captura-de-pantalla-2020-03-19-a-las-21.23.01.png 1015w, https:\/\/www.entremediosweb.com\/v2\/%77%70%2d%63%6f%6e%74%65%6e%74\/uploads\/2020\/03\/Captura-de-pantalla-2020-03-19-a-las-21.23.01-300x184.png 300w, https:\/\/www.entremediosweb.com\/v2\/%77%70%2d%63%6f%6e%74%65%6e%74\/uploads\/2020\/03\/Captura-de-pantalla-2020-03-19-a-las-21.23.01-768x471.png 768w\" alt=\"\" data-attachment-id=\"36503\" data-permalink=\"https:\/\/www.entremediosweb.com\/v2\/desde-esta-medianoche-rige-la-cuarentena-obligatoria-en-el-pais\/captura-de-pantalla-2020-03-19-a-las-21-23-01\/\" data-orig-file=\"https:\/\/www.entremediosweb.com\/v2\/%77%70%2d%63%6f%6e%74%65%6e%74\/uploads\/2020\/03\/Captura-de-pantalla-2020-03-19-a-las-21.23.01.png\" data-orig-size=\"1015,623\" data-comments-opened=\"0\" data-image-meta=\"{&quot;aperture&quot;:&quot;0&quot;,&quot;credit&quot;:&quot;&quot;,&quot;camera&quot;:&quot;&quot;,&quot;caption&quot;:&quot;&quot;,&quot;created_timestamp&quot;:&quot;0&quot;,&quot;copyright&quot;:&quot;&quot;,&quot;focal_length&quot;:&quot;0&quot;,&quot;iso&quot;:&quot;0&quot;,&quot;shutter_speed&quot;:&quot;0&quot;,&quot;title&quot;:&quot;&quot;,&quot;orientation&quot;:&quot;0&quot;}\" data-image-title=\"Captura-de-pantalla-2020-03-19-a-las-21.23.01\" data-image-description=\"\" data-medium-file=\"https:\/\/www.entremediosweb.com\/v2\/%77%70%2d%63%6f%6e%74%65%6e%74\/uploads\/2020\/03\/Captura-de-pantalla-2020-03-19-a-las-21.23.01-300x184.png\" data-large-file=\"https:\/\/www.entremediosweb.com\/v2\/%77%70%2d%63%6f%6e%74%65%6e%74\/uploads\/2020\/03\/Captura-de-pantalla-2020-03-19-a-las-21.23.01.png\" \/><\/figure>\n<h3><strong>Total<\/strong><\/h3>\n<p>El Jefe de Estado defini\u00f3 los detalles de esa medida durante una cumbre con los gobernadores en la Quinta de Olivos.<\/p>\n<p>Seg\u00fan explic\u00f3 el Presidente, la cuarentena total establece que \u00abnadie puede moverse de su casa desde las 0 horas del viernes, hasta las 24 horas del 31 de marzo\u00bb y solamente se podr\u00e1 salir \u00aba farmacias y a los negocios de cercan\u00eda\u00bb.<\/p>\n<p>Y se advirti\u00f3 que ser\u00e1 considerado un \u00abdelito contra la salud p\u00fablica\u00bb\u00a0violar las medidas, por lo que las fuerzas de seguridad\u00a0podr\u00e1n proceder a la detenci\u00f3n de la persona. \u201cSeremos muy severos con quienes no respeten la norma\u201d.<\/p>\n<h3><strong>Decretos<\/strong><\/h3>\n<p>En las pr\u00f3ximas horas se publicar\u00e1n dos decretos, uno para oficializar la medida y otro con la reglamentaci\u00f3n. En este \u00faltimo se indicar\u00e1 qu\u00e9 comercios quedar\u00e1n exentos.<\/p>\n<p>La idea del Gobierno es aplacar la curva de contagiados, aseguran fuentes oficiales. Como contrapunto, el parate de la actividad impactar\u00e1 de lleno en los bolsillos por el cierre temporario de miles de negocios.<\/p>\n<p>La cuarentena total comenz\u00f3\u00a0a tomar forma el mi\u00e9rcoles, durante la reuni\u00f3n que Alberto Fern\u00e1ndez mantuvo con los jefes parlamentarios de la oposici\u00f3n. Puntualmente, all\u00ed se estudiaron los mecanismos para \u00abaumentar las restricciones y los niveles de aislamiento\u00bb.<\/p>\n<figure class=\"wp-block-image size-large\"><img decoding=\"async\" class=\"wp-image-36505\" src=\"https:\/\/www.entremediosweb.com\/v2\/%77%70%2d%63%6f%6e%74%65%6e%74\/uploads\/2020\/03\/Captura-de-pantalla-2020-03-19-a-las-21.38.34-1024x565.png\" sizes=\"(max-width: 1024px) 100vw, 1024px\" srcset=\"https:\/\/www.entremediosweb.com\/v2\/%77%70%2d%63%6f%6e%74%65%6e%74\/uploads\/2020\/03\/Captura-de-pantalla-2020-03-19-a-las-21.38.34-1024x565.png 1024w, https:\/\/www.entremediosweb.com\/v2\/%77%70%2d%63%6f%6e%74%65%6e%74\/uploads\/2020\/03\/Captura-de-pantalla-2020-03-19-a-las-21.38.34-300x166.png 300w, https:\/\/www.entremediosweb.com\/v2\/%77%70%2d%63%6f%6e%74%65%6e%74\/uploads\/2020\/03\/Captura-de-pantalla-2020-03-19-a-las-21.38.34-768x424.png 768w, https:\/\/www.entremediosweb.com\/v2\/%77%70%2d%63%6f%6e%74%65%6e%74\/uploads\/2020\/03\/Captura-de-pantalla-2020-03-19-a-las-21.38.34.png 1384w\" alt=\"\" data-attachment-id=\"36505\" data-permalink=\"https:\/\/www.entremediosweb.com\/v2\/desde-esta-medianoche-rige-la-cuarentena-obligatoria-en-el-pais\/captura-de-pantalla-2020-03-19-a-las-21-38-34\/\" data-orig-file=\"https:\/\/www.entremediosweb.com\/v2\/%77%70%2d%63%6f%6e%74%65%6e%74\/uploads\/2020\/03\/Captura-de-pantalla-2020-03-19-a-las-21.38.34.png\" data-orig-size=\"1384,764\" data-comments-opened=\"0\" data-image-meta=\"{&quot;aperture&quot;:&quot;0&quot;,&quot;credit&quot;:&quot;&quot;,&quot;camera&quot;:&quot;&quot;,&quot;caption&quot;:&quot;&quot;,&quot;created_timestamp&quot;:&quot;0&quot;,&quot;copyright&quot;:&quot;&quot;,&quot;focal_length&quot;:&quot;0&quot;,&quot;iso&quot;:&quot;0&quot;,&quot;shutter_speed&quot;:&quot;0&quot;,&quot;title&quot;:&quot;&quot;,&quot;orientation&quot;:&quot;0&quot;}\" data-image-title=\"Captura-de-pantalla-2020-03-19-a-las-21.38.34\" data-image-description=\"\" data-medium-file=\"https:\/\/www.entremediosweb.com\/v2\/%77%70%2d%63%6f%6e%74%65%6e%74\/uploads\/2020\/03\/Captura-de-pantalla-2020-03-19-a-las-21.38.34-300x166.png\" data-large-file=\"https:\/\/www.entremediosweb.com\/v2\/%77%70%2d%63%6f%6e%74%65%6e%74\/uploads\/2020\/03\/Captura-de-pantalla-2020-03-19-a-las-21.38.34-1024x565.png\" \/><\/figure>\n<h3><strong>Cumbre<\/strong><\/h3>\n<p>La reuni\u00f3n en la Quinta de Olivos se demor\u00f3 una hora, hasta las 18, porque se esper\u00f3 que el bonaerense Axel Kicillof termine un encuentro con intendentes de su distrito y se sume\u00a0a las deliberaciones mediante videoconferencia.<\/p>\n<p>Los mandatarios provinciales comenzaron a ingresar minutos antes de las 17. Algunos de los primeros en llegar fueron el de Jujuy,<strong> Gerardo Morales<\/strong>; el de San Luis, <strong>Alberto Rodr\u00edguez Sa\u00e1<\/strong>; el de Santiago del Estero, <strong>Gerardo Zamora<\/strong>; el de San Juan,<strong> Sergio U\u00f1ac,<\/strong> y el jefe de Gobierno porte\u00f1o, <strong>Horacio Rodr\u00edguez Larreta,<\/strong> entre otros.<\/p>\n<p>Tambi\u00e9n participan<strong>\u00a0Arabella Carreras<\/strong> (R\u00edo Negro), <strong>Oscar Herrera Ahuad<\/strong> (Misiones), <strong>Sergio Ziliotto<\/strong> (La Pampa), <strong>Omar Perotti<\/strong> (Santa Fe), <strong>Mariano Arcioni<\/strong> (Chubut), <strong>Gildo Insfr\u00e1n<\/strong> (Formosa),<strong> Juan Manzur<\/strong> (Tucum\u00e1n), <strong>Gustavo Vald\u00e9s<\/strong> (Corrientes), <strong>Gustavo Bordet<\/strong> (Entre R\u00edos) y <strong>Jorge Capitanich<\/strong> (Chaco), entre otros.<\/p>\n<p>En tanto, otros de los mandatarios que recurrieron a la videoconferencia para participar de las discusiones son el\u00a0Tierra del Fuego,<strong> Gustavo Melella,<\/strong> y el de Catamarca, <strong>Ra\u00fal Jalil<\/strong>, quien se encuentra en cuarentena porque d\u00edas atr\u00e1s viaj\u00f3 a Toronto, Canad\u00e1.<\/p>\n","protected":false},"excerpt":{"rendered":"<p>Las personas que circulen deber\u00e1n explicar por qu\u00e9 lo hacen. Gendarmer\u00eda, Prefectura, Polic\u00eda Federal y las polic\u00edas provinciales controlar\u00e1n.<\/p>\n","protected":false},"author":2,"featured_media":41102,"comment_status":"open","ping_status":"open","sticky":false,"template":"","format":"standard","meta":{"fifu_image_url":"","fifu_image_alt":"","footnotes":""},"categories":[16],"tags":[1311,1426,1479],"class_list":{"0":"post-41101","1":"post","2":"type-post","3":"status-publish","4":"format-standard","5":"has-post-thumbnail","7":"category-politi","8":"tag-alberto-fernandez","9":"tag-coronavirus","10":"tag-cuarentena"},"yoast_head":"<title>Desde esta medianoche rige la cuarentena obligatoria en el pa\u00eds - Informe Litoral<\/title>\n<meta name=\"robots\" content=\"index, follow, max-snippet:-1, max-image-preview:large, max-video-preview:-1\" \/>\n<link rel=\"canonical\" href=\"https:\/\/informelitoral.com.ar\/desde-esta-medianoche-rige-la-cuarentena-obligatoria-en-el-pais\/\" \/>\n<meta property=\"og:locale\" content=\"es_ES\" \/>\n<meta property=\"og:type\" content=\"article\" \/>\n<meta property=\"og:title\" content=\"Desde esta medianoche rige la cuarentena obligatoria en el pa\u00eds - Informe Litoral\" \/>\n<meta property=\"og:description\" content=\"Las personas que circulen deber\u00e1n explicar por qu\u00e9 lo hacen. Gendarmer\u00eda, Prefectura, Polic\u00eda Federal y las polic\u00edas provinciales controlar\u00e1n.\" \/>\n<meta property=\"og:url\" content=\"https:\/\/informelitoral.com.ar\/desde-esta-medianoche-rige-la-cuarentena-obligatoria-en-el-pais\/\" \/>\n<meta property=\"og:site_name\" content=\"Informe Litoral\" \/>\n<meta property=\"article:publisher\" content=\"https:\/\/www.facebook.com\/informelitoral\/\" \/>\n<meta property=\"article:published_time\" content=\"2020-03-20T09:24:58+00:00\" \/>\n<meta property=\"og:image\" content=\"https:\/\/informelitoral.com.ar\/%77%70%2d%63%6f%6e%74%65%6e%74\/uploads\/2020\/03\/Captura-de-pantalla-2020-03-19-a-las-21.24.13.png\" \/>\n\t<meta property=\"og:image:width\" content=\"1410\" \/>\n\t<meta property=\"og:image:height\" content=\"741\" \/>\n\t<meta property=\"og:image:type\" content=\"image\/png\" \/>\n<meta name=\"author\" content=\"Gonzalo Schmidt\" \/>\n<meta name=\"twitter:card\" content=\"summary_large_image\" \/>\n<meta name=\"twitter:creator\" content=\"@InformeLitoral\" \/>\n<meta name=\"twitter:site\" content=\"@InformeLitoral\" \/>\n<meta name=\"twitter:label1\" content=\"Escrito por\" \/>\n\t<meta name=\"twitter:data1\" content=\"Gonzalo Schmidt\" \/>\n\t<meta name=\"twitter:label2\" content=\"Tiempo de lectura\" \/>\n\t<meta name=\"twitter:data2\" content=\"3 minutos\" \/>\n<script type=\"application\/ld+json\" class=\"yoast-schema-graph\">{\"@context\":\"https:\\\/\\\/schema.org\",\"@graph\":[{\"@type\":\"Article\",\"@id\":\"https:\\\/\\\/informelitoral.com.ar\\\/desde-esta-medianoche-rige-la-cuarentena-obligatoria-en-el-pais\\\/#article\",\"isPartOf\":{\"@id\":\"https:\\\/\\\/informelitoral.com.ar\\\/desde-esta-medianoche-rige-la-cuarentena-obligatoria-en-el-pais\\\/\"},\"author\":{\"name\":\"Gonzalo Schmidt\",\"@id\":\"https:\\\/\\\/informelitoral.com.ar\\\/#\\\/schema\\\/person\\\/b9d00407c836482871ef1d57bf8e3180\"},\"headline\":\"Desde esta medianoche rige la cuarentena obligatoria en el pa\u00eds\",\"datePublished\":\"2020-03-20T09:24:58+00:00\",\"mainEntityOfPage\":{\"@id\":\"https:\\\/\\\/informelitoral.com.ar\\\/desde-esta-medianoche-rige-la-cuarentena-obligatoria-en-el-pais\\\/\"},\"wordCount\":628,\"commentCount\":0,\"publisher\":{\"@id\":\"https:\\\/\\\/informelitoral.com.ar\\\/#organization\"},\"image\":{\"@id\":\"https:\\\/\\\/informelitoral.com.ar\\\/desde-esta-medianoche-rige-la-cuarentena-obligatoria-en-el-pais\\\/#primaryimage\"},\"thumbnailUrl\":\"https:\\\/\\\/informelitoral.com.ar\\\/%77%70%2d%63%6f%6e%74%65%6e%74\\\/uploads\\\/2020\\\/03\\\/Captura-de-pantalla-2020-03-19-a-las-21.24.13.png\",\"keywords\":[\"Alberto Fern\u00e1ndez\",\"Coronavirus\",\"Cuarentena\"],\"articleSection\":[\"Politica\"],\"inLanguage\":\"es\",\"potentialAction\":[{\"@type\":\"CommentAction\",\"name\":\"Comment\",\"target\":[\"https:\\\/\\\/informelitoral.com.ar\\\/desde-esta-medianoche-rige-la-cuarentena-obligatoria-en-el-pais\\\/#respond\"]}]},{\"@type\":\"WebPage\",\"@id\":\"https:\\\/\\\/informelitoral.com.ar\\\/desde-esta-medianoche-rige-la-cuarentena-obligatoria-en-el-pais\\\/\",\"url\":\"https:\\\/\\\/informelitoral.com.ar\\\/desde-esta-medianoche-rige-la-cuarentena-obligatoria-en-el-pais\\\/\",\"name\":\"Desde esta medianoche rige la cuarentena obligatoria en el pa\u00eds - Informe Litoral\",\"isPartOf\":{\"@id\":\"https:\\\/\\\/informelitoral.com.ar\\\/#website\"},\"primaryImageOfPage\":{\"@id\":\"https:\\\/\\\/informelitoral.com.ar\\\/desde-esta-medianoche-rige-la-cuarentena-obligatoria-en-el-pais\\\/#primaryimage\"},\"image\":{\"@id\":\"https:\\\/\\\/informelitoral.com.ar\\\/desde-esta-medianoche-rige-la-cuarentena-obligatoria-en-el-pais\\\/#primaryimage\"},\"thumbnailUrl\":\"https:\\\/\\\/informelitoral.com.ar\\\/%77%70%2d%63%6f%6e%74%65%6e%74\\\/uploads\\\/2020\\\/03\\\/Captura-de-pantalla-2020-03-19-a-las-21.24.13.png\",\"datePublished\":\"2020-03-20T09:24:58+00:00\",\"breadcrumb\":{\"@id\":\"https:\\\/\\\/informelitoral.com.ar\\\/desde-esta-medianoche-rige-la-cuarentena-obligatoria-en-el-pais\\\/#breadcrumb\"},\"inLanguage\":\"es\",\"potentialAction\":[{\"@type\":\"ReadAction\",\"target\":[\"https:\\\/\\\/informelitoral.com.ar\\\/desde-esta-medianoche-rige-la-cuarentena-obligatoria-en-el-pais\\\/\"]}]},{\"@type\":\"ImageObject\",\"inLanguage\":\"es\",\"@id\":\"https:\\\/\\\/informelitoral.com.ar\\\/desde-esta-medianoche-rige-la-cuarentena-obligatoria-en-el-pais\\\/#primaryimage\",\"url\":\"https:\\\/\\\/informelitoral.com.ar\\\/%77%70%2d%63%6f%6e%74%65%6e%74\\\/uploads\\\/2020\\\/03\\\/Captura-de-pantalla-2020-03-19-a-las-21.24.13.png\",\"contentUrl\":\"https:\\\/\\\/informelitoral.com.ar\\\/%77%70%2d%63%6f%6e%74%65%6e%74\\\/uploads\\\/2020\\\/03\\\/Captura-de-pantalla-2020-03-19-a-las-21.24.13.png\",\"width\":1410,\"height\":741},{\"@type\":\"BreadcrumbList\",\"@id\":\"https:\\\/\\\/informelitoral.com.ar\\\/desde-esta-medianoche-rige-la-cuarentena-obligatoria-en-el-pais\\\/#breadcrumb\",\"itemListElement\":[{\"@type\":\"ListItem\",\"position\":1,\"name\":\"Portada\",\"item\":\"https:\\\/\\\/informelitoral.com.ar\\\/\"},{\"@type\":\"ListItem\",\"position\":2,\"name\":\"Desde esta medianoche rige la cuarentena obligatoria en el pa\u00eds\"}]},{\"@type\":\"WebSite\",\"@id\":\"https:\\\/\\\/informelitoral.com.ar\\\/#website\",\"url\":\"https:\\\/\\\/informelitoral.com.ar\\\/\",\"name\":\"Informe Litoral\",\"description\":\"&quot;Nos informamos&quot; \",\"publisher\":{\"@id\":\"https:\\\/\\\/informelitoral.com.ar\\\/#organization\"},\"potentialAction\":[{\"@type\":\"SearchAction\",\"target\":{\"@type\":\"EntryPoint\",\"urlTemplate\":\"https:\\\/\\\/informelitoral.com.ar\\\/?s={search_term_string}\"},\"query-input\":{\"@type\":\"PropertyValueSpecification\",\"valueRequired\":true,\"valueName\":\"search_term_string\"}}],\"inLanguage\":\"es\"},{\"@type\":\"Organization\",\"@id\":\"https:\\\/\\\/informelitoral.com.ar\\\/#organization\",\"name\":\"Informe Litoral\",\"url\":\"https:\\\/\\\/informelitoral.com.ar\\\/\",\"logo\":{\"@type\":\"ImageObject\",\"inLanguage\":\"es\",\"@id\":\"https:\\\/\\\/informelitoral.com.ar\\\/#\\\/schema\\\/logo\\\/image\\\/\",\"url\":\"https:\\\/\\\/informelitoral.com.ar\\\/%77%70%2d%63%6f%6e%74%65%6e%74\\\/uploads\\\/2021\\\/01\\\/circulo.png\",\"contentUrl\":\"https:\\\/\\\/informelitoral.com.ar\\\/%77%70%2d%63%6f%6e%74%65%6e%74\\\/uploads\\\/2021\\\/01\\\/circulo.png\",\"width\":723,\"height\":731,\"caption\":\"Informe Litoral\"},\"image\":{\"@id\":\"https:\\\/\\\/informelitoral.com.ar\\\/#\\\/schema\\\/logo\\\/image\\\/\"},\"sameAs\":[\"https:\\\/\\\/www.facebook.com\\\/informelitoral\\\/\",\"https:\\\/\\\/x.com\\\/InformeLitoral\",\"https:\\\/\\\/www.instagram.com\\\/informelitoral\\\/\",\"https:\\\/\\\/www.youtube.com\\\/channel\\\/UCua4Qvz8Icb6MYqhoq9xLXw\"]},{\"@type\":\"Person\",\"@id\":\"https:\\\/\\\/informelitoral.com.ar\\\/#\\\/schema\\\/person\\\/b9d00407c836482871ef1d57bf8e3180\",\"name\":\"Gonzalo Schmidt\",\"image\":{\"@type\":\"ImageObject\",\"inLanguage\":\"es\",\"@id\":\"https:\\\/\\\/secure.gravatar.com\\\/avatar\\\/31a1a7b66ff2de83bd0e9fd79d026630d2d99e55e8bfe501287647b4fd9743de?s=96&d=mm&r=g\",\"url\":\"https:\\\/\\\/secure.gravatar.com\\\/avatar\\\/31a1a7b66ff2de83bd0e9fd79d026630d2d99e55e8bfe501287647b4fd9743de?s=96&d=mm&r=g\",\"contentUrl\":\"https:\\\/\\\/secure.gravatar.com\\\/avatar\\\/31a1a7b66ff2de83bd0e9fd79d026630d2d99e55e8bfe501287647b4fd9743de?s=96&d=mm&r=g\",\"caption\":\"Gonzalo Schmidt\"},\"description\":\"Sitio web de noticias de la provincia de Entre R\u00edos, Argentina. Informaci\u00f3n y entretenimiento. Informe Litoral, nos informamos.\",\"sameAs\":[\"http:\\\/\\\/www.isletasnoticias.com.ar\"],\"url\":\"https:\\\/\\\/informelitoral.com.ar\\\/author\\\/gonzalo\\\/\"}]}<\/script>","yoast_head_json":{"title":"Desde esta medianoche rige la cuarentena obligatoria en el pa\u00eds - Informe Litoral","robots":{"index":"index","follow":"follow","max-snippet":"max-snippet:-1","max-image-preview":"max-image-preview:large","max-video-preview":"max-video-preview:-1"},"canonical":"https:\/\/informelitoral.com.ar\/desde-esta-medianoche-rige-la-cuarentena-obligatoria-en-el-pais\/","og_locale":"es_ES","og_type":"article","og_title":"Desde esta medianoche rige la cuarentena obligatoria en el pa\u00eds - Informe Litoral","og_description":"Las personas que circulen deber\u00e1n explicar por qu\u00e9 lo hacen. Gendarmer\u00eda, Prefectura, Polic\u00eda Federal y las polic\u00edas provinciales controlar\u00e1n.","og_url":"https:\/\/informelitoral.com.ar\/desde-esta-medianoche-rige-la-cuarentena-obligatoria-en-el-pais\/","og_site_name":"Informe Litoral","article_publisher":"https:\/\/www.facebook.com\/informelitoral\/","article_published_time":"2020-03-20T09:24:58+00:00","og_image":[{"width":1410,"height":741,"url":"https:\/\/informelitoral.com.ar\/%77%70%2d%63%6f%6e%74%65%6e%74\/uploads\/2020\/03\/Captura-de-pantalla-2020-03-19-a-las-21.24.13.png","type":"image\/png"}],"author":"Gonzalo Schmidt","twitter_card":"summary_large_image","twitter_creator":"@InformeLitoral","twitter_site":"@InformeLitoral","twitter_misc":{"Escrito por":"Gonzalo Schmidt","Tiempo de lectura":"3 minutos"},"schema":{"@context":"https:\/\/schema.org","@graph":[{"@type":"Article","@id":"https:\/\/informelitoral.com.ar\/desde-esta-medianoche-rige-la-cuarentena-obligatoria-en-el-pais\/#article","isPartOf":{"@id":"https:\/\/informelitoral.com.ar\/desde-esta-medianoche-rige-la-cuarentena-obligatoria-en-el-pais\/"},"author":{"name":"Gonzalo Schmidt","@id":"https:\/\/informelitoral.com.ar\/#\/schema\/person\/b9d00407c836482871ef1d57bf8e3180"},"headline":"Desde esta medianoche rige la cuarentena obligatoria en el pa\u00eds","datePublished":"2020-03-20T09:24:58+00:00","mainEntityOfPage":{"@id":"https:\/\/informelitoral.com.ar\/desde-esta-medianoche-rige-la-cuarentena-obligatoria-en-el-pais\/"},"wordCount":628,"commentCount":0,"publisher":{"@id":"https:\/\/informelitoral.com.ar\/#organization"},"image":{"@id":"https:\/\/informelitoral.com.ar\/desde-esta-medianoche-rige-la-cuarentena-obligatoria-en-el-pais\/#primaryimage"},"thumbnailUrl":"https:\/\/informelitoral.com.ar\/%77%70%2d%63%6f%6e%74%65%6e%74\/uploads\/2020\/03\/Captura-de-pantalla-2020-03-19-a-las-21.24.13.png","keywords":["Alberto Fern\u00e1ndez","Coronavirus","Cuarentena"],"articleSection":["Politica"],"inLanguage":"es","potentialAction":[{"@type":"CommentAction","name":"Comment","target":["https:\/\/informelitoral.com.ar\/desde-esta-medianoche-rige-la-cuarentena-obligatoria-en-el-pais\/#respond"]}]},{"@type":"WebPage","@id":"https:\/\/informelitoral.com.ar\/desde-esta-medianoche-rige-la-cuarentena-obligatoria-en-el-pais\/","url":"https:\/\/informelitoral.com.ar\/desde-esta-medianoche-rige-la-cuarentena-obligatoria-en-el-pais\/","name":"Desde esta medianoche rige la cuarentena obligatoria en el pa\u00eds - Informe Litoral","isPartOf":{"@id":"https:\/\/informelitoral.com.ar\/#website"},"primaryImageOfPage":{"@id":"https:\/\/informelitoral.com.ar\/desde-esta-medianoche-rige-la-cuarentena-obligatoria-en-el-pais\/#primaryimage"},"image":{"@id":"https:\/\/informelitoral.com.ar\/desde-esta-medianoche-rige-la-cuarentena-obligatoria-en-el-pais\/#primaryimage"},"thumbnailUrl":"https:\/\/informelitoral.com.ar\/%77%70%2d%63%6f%6e%74%65%6e%74\/uploads\/2020\/03\/Captura-de-pantalla-2020-03-19-a-las-21.24.13.png","datePublished":"2020-03-20T09:24:58+00:00","breadcrumb":{"@id":"https:\/\/informelitoral.com.ar\/desde-esta-medianoche-rige-la-cuarentena-obligatoria-en-el-pais\/#breadcrumb"},"inLanguage":"es","potentialAction":[{"@type":"ReadAction","target":["https:\/\/informelitoral.com.ar\/desde-esta-medianoche-rige-la-cuarentena-obligatoria-en-el-pais\/"]}]},{"@type":"ImageObject","inLanguage":"es","@id":"https:\/\/informelitoral.com.ar\/desde-esta-medianoche-rige-la-cuarentena-obligatoria-en-el-pais\/#primaryimage","url":"https:\/\/informelitoral.com.ar\/%77%70%2d%63%6f%6e%74%65%6e%74\/uploads\/2020\/03\/Captura-de-pantalla-2020-03-19-a-las-21.24.13.png","contentUrl":"https:\/\/informelitoral.com.ar\/%77%70%2d%63%6f%6e%74%65%6e%74\/uploads\/2020\/03\/Captura-de-pantalla-2020-03-19-a-las-21.24.13.png","width":1410,"height":741},{"@type":"BreadcrumbList","@id":"https:\/\/informelitoral.com.ar\/desde-esta-medianoche-rige-la-cuarentena-obligatoria-en-el-pais\/#breadcrumb","itemListElement":[{"@type":"ListItem","position":1,"name":"Portada","item":"https:\/\/informelitoral.com.ar\/"},{"@type":"ListItem","position":2,"name":"Desde esta medianoche rige la cuarentena obligatoria en el pa\u00eds"}]},{"@type":"WebSite","@id":"https:\/\/informelitoral.com.ar\/#website","url":"https:\/\/informelitoral.com.ar\/","name":"Informe Litoral","description":"&quot;Nos informamos&quot; ","publisher":{"@id":"https:\/\/informelitoral.com.ar\/#organization"},"potentialAction":[{"@type":"SearchAction","target":{"@type":"EntryPoint","urlTemplate":"https:\/\/informelitoral.com.ar\/?s={search_term_string}"},"query-input":{"@type":"PropertyValueSpecification","valueRequired":true,"valueName":"search_term_string"}}],"inLanguage":"es"},{"@type":"Organization","@id":"https:\/\/informelitoral.com.ar\/#organization","name":"Informe Litoral","url":"https:\/\/informelitoral.com.ar\/","logo":{"@type":"ImageObject","inLanguage":"es","@id":"https:\/\/informelitoral.com.ar\/#\/schema\/logo\/image\/","url":"https:\/\/informelitoral.com.ar\/%77%70%2d%63%6f%6e%74%65%6e%74\/uploads\/2021\/01\/circulo.png","contentUrl":"https:\/\/informelitoral.com.ar\/%77%70%2d%63%6f%6e%74%65%6e%74\/uploads\/2021\/01\/circulo.png","width":723,"height":731,"caption":"Informe Litoral"},"image":{"@id":"https:\/\/informelitoral.com.ar\/#\/schema\/logo\/image\/"},"sameAs":["https:\/\/www.facebook.com\/informelitoral\/","https:\/\/x.com\/InformeLitoral","https:\/\/www.instagram.com\/informelitoral\/","https:\/\/www.youtube.com\/channel\/UCua4Qvz8Icb6MYqhoq9xLXw"]},{"@type":"Person","@id":"https:\/\/informelitoral.com.ar\/#\/schema\/person\/b9d00407c836482871ef1d57bf8e3180","name":"Gonzalo Schmidt","image":{"@type":"ImageObject","inLanguage":"es","@id":"https:\/\/secure.gravatar.com\/avatar\/31a1a7b66ff2de83bd0e9fd79d026630d2d99e55e8bfe501287647b4fd9743de?s=96&d=mm&r=g","url":"https:\/\/secure.gravatar.com\/avatar\/31a1a7b66ff2de83bd0e9fd79d026630d2d99e55e8bfe501287647b4fd9743de?s=96&d=mm&r=g","contentUrl":"https:\/\/secure.gravatar.com\/avatar\/31a1a7b66ff2de83bd0e9fd79d026630d2d99e55e8bfe501287647b4fd9743de?s=96&d=mm&r=g","caption":"Gonzalo Schmidt"},"description":"Sitio web de noticias de la provincia de Entre R\u00edos, Argentina. Informaci\u00f3n y entretenimiento. Informe Litoral, nos informamos.","sameAs":["http:\/\/www.isletasnoticias.com.ar"],"url":"https:\/\/informelitoral.com.ar\/author\/gonzalo\/"}]}},"_links":{"self":[{"href":"https:\/\/informelitoral.com.ar\/%77%70%2d%6a%73%6f%6e\/wp\/v2\/posts\/41101","targetHints":{"allow":["GET"]}}],"collection":[{"href":"https:\/\/informelitoral.com.ar\/%77%70%2d%6a%73%6f%6e\/wp\/v2\/posts"}],"about":[{"href":"https:\/\/informelitoral.com.ar\/%77%70%2d%6a%73%6f%6e\/wp\/v2\/types\/post"}],"author":[{"embeddable":true,"href":"https:\/\/informelitoral.com.ar\/%77%70%2d%6a%73%6f%6e\/wp\/v2\/users\/2"}],"replies":[{"embeddable":true,"href":"https:\/\/informelitoral.com.ar\/%77%70%2d%6a%73%6f%6e\/wp\/v2\/comments?post=41101"}],"version-history":[{"count":0,"href":"https:\/\/informelitoral.com.ar\/%77%70%2d%6a%73%6f%6e\/wp\/v2\/posts\/41101\/revisions"}],"wp:featuredmedia":[{"embeddable":true,"href":"https:\/\/informelitoral.com.ar\/%77%70%2d%6a%73%6f%6e\/wp\/v2\/media\/41102"}],"wp:attachment":[{"href":"https:\/\/informelitoral.com.ar\/%77%70%2d%6a%73%6f%6e\/wp\/v2\/media?parent=41101"}],"wp:term":[{"taxonomy":"category","embeddable":true,"href":"https:\/\/informelitoral.com.ar\/%77%70%2d%6a%73%6f%6e\/wp\/v2\/categories?post=41101"},{"taxonomy":"post_tag","embeddable":true,"href":"https:\/\/informelitoral.com.ar\/%77%70%2d%6a%73%6f%6e\/wp\/v2\/tags?post=41101"}],"curies":[{"name":"wp","href":"https:\/\/api.w.org\/{rel}","templated":true}]}}