{"id":41093,"date":"2020-03-19T11:02:44","date_gmt":"2020-03-19T14:02:44","guid":{"rendered":"https:\/\/www.isletasnoticias.com.ar\/?p=41093"},"modified":"2020-03-20T09:20:41","modified_gmt":"2020-03-20T12:20:41","slug":"general-ramirez-ante-la-emergencia-sanitaria-declararon-asueto-administrativo","status":"publish","type":"post","link":"https:\/\/informelitoral.com.ar\/general-ramirez-ante-la-emergencia-sanitaria-declararon-asueto-administrativo\/","title":{"rendered":"General Ram\u00edrez: ante la emergencia sanitaria, declararon asueto administrativo"},"content":{"rendered":"<p>En el marco de las medidas tomadas por el Gobierno Nacional y Provincial, la <strong>Municipalidad de General Ram\u00edrez<\/strong> dispuso de manera preventiva decretar <strong>Asueto Administrativo desde el este jueves 19 hasta el 31 de marzo, inclusive.\u00a0<\/strong><\/p>\n<p>El Decreto 68\/2020 garantiza la<strong> prestaci\u00f3n de servicios esenciales y el funcionamiento de guardias activas y pasivas y\/o modalidades de trabajo a distancia<\/strong> en todas las \u00e1reas de la Municipalidad.<\/p>\n<p>\u00abComo siempre recordamos a toda la comunidad que quedarnos en casa es una de las medidas m\u00e1s eficaces para evitar la propagaci\u00f3n del virus\u00bb, indicaron.<\/p>\n<p><a href=\"https:\/\/www.isletasnoticias.com.ar\/%77%70%2d%63%6f%6e%74%65%6e%74\/uploads\/2020\/03\/85141810_1562647377219512_4392421147623292928_o.jpg\"><img loading=\"lazy\" decoding=\"async\" class=\"alignnone wp-image-41094 size-full\" src=\"https:\/\/www.isletasnoticias.com.ar\/%77%70%2d%63%6f%6e%74%65%6e%74\/uploads\/2020\/03\/85141810_1562647377219512_4392421147623292928_o.jpg\" alt=\"\" width=\"960\" height=\"960\" srcset=\"https:\/\/informelitoral.com.ar\/%77%70%2d%63%6f%6e%74%65%6e%74\/uploads\/2020\/03\/85141810_1562647377219512_4392421147623292928_o.jpg 960w, https:\/\/informelitoral.com.ar\/%77%70%2d%63%6f%6e%74%65%6e%74\/uploads\/2020\/03\/85141810_1562647377219512_4392421147623292928_o-150x150.jpg 150w, https:\/\/informelitoral.com.ar\/%77%70%2d%63%6f%6e%74%65%6e%74\/uploads\/2020\/03\/85141810_1562647377219512_4392421147623292928_o-300x300.jpg 300w, https:\/\/informelitoral.com.ar\/%77%70%2d%63%6f%6e%74%65%6e%74\/uploads\/2020\/03\/85141810_1562647377219512_4392421147623292928_o-768x768.jpg 768w, https:\/\/informelitoral.com.ar\/%77%70%2d%63%6f%6e%74%65%6e%74\/uploads\/2020\/03\/85141810_1562647377219512_4392421147623292928_o-696x696.jpg 696w, https:\/\/informelitoral.com.ar\/%77%70%2d%63%6f%6e%74%65%6e%74\/uploads\/2020\/03\/85141810_1562647377219512_4392421147623292928_o-420x420.jpg 420w\" sizes=\"auto, (max-width: 960px) 100vw, 960px\" \/><\/a><\/p>\n<h3><strong>Piden denunciar a quien haya viajado y no haga la cuarentena\u00a0<\/strong><\/h3>\n<p>\u00abSi sabes de alguien que viaj\u00f3 a algunos de los pa\u00edses de riesgo (China, Corea del Sur, Jap\u00f3n, Ir\u00e1n, Estados Unidos, Brasil, Chile y toda Europa) y no respeta la cuarentena es muy importante que denuncies comunic\u00e1ndote con la comisar\u00eda local\u00bb, indicaron las autoridades ramirenses.<\/p>\n<h3><strong>L\u00edneas telef\u00f3nicas de la Comisar\u00eda<\/strong><\/h3>\n<p><span class=\"_5mfr\"><span class=\"_6qdm\">\u260e<\/span><\/span>\u00a0101<br \/>\n<span class=\"_5mfr\"><span class=\"_6qdm\">\u260e<\/span><\/span>\u00a0(0343) 490 1509<\/p>\n<div class=\"text_exposed_show\">\n<p>En ese sentido recordaron que el aislamiento social \u00abnos protege de contagiar o ser contagiados, por eso invitamos a los vecinos a permanecer en sus hogares, salvo por razones laborales o casos de necesidad\u00bb. <em>(IN)<\/em><\/p>\n<p><em><a href=\"https:\/\/www.isletasnoticias.com.ar\/%77%70%2d%63%6f%6e%74%65%6e%74\/uploads\/2020\/03\/90003071_1563354367148813_3166273839348842496_o.png\"><img loading=\"lazy\" decoding=\"async\" class=\"aligncenter wp-image-41116 size-full\" src=\"https:\/\/www.isletasnoticias.com.ar\/%77%70%2d%63%6f%6e%74%65%6e%74\/uploads\/2020\/03\/90003071_1563354367148813_3166273839348842496_o.png\" alt=\"\" width=\"540\" height=\"960\" srcset=\"https:\/\/informelitoral.com.ar\/%77%70%2d%63%6f%6e%74%65%6e%74\/uploads\/2020\/03\/90003071_1563354367148813_3166273839348842496_o.png 540w, https:\/\/informelitoral.com.ar\/%77%70%2d%63%6f%6e%74%65%6e%74\/uploads\/2020\/03\/90003071_1563354367148813_3166273839348842496_o-169x300.png 169w, https:\/\/informelitoral.com.ar\/%77%70%2d%63%6f%6e%74%65%6e%74\/uploads\/2020\/03\/90003071_1563354367148813_3166273839348842496_o-236x420.png 236w\" sizes=\"auto, (max-width: 540px) 100vw, 540px\" \/><\/a><\/em><\/p>\n<\/div>\n","protected":false},"excerpt":{"rendered":"<p>Solo mantienen servicios esenciales y guardias m\u00ednimas. La medida rige desde este jueves 19 hasta el pr\u00f3ximo 31 de marzo.  Piden denunciar a quien haya viajado a zonas de riesgo y no cumpla con la cuarentena. <\/p>\n","protected":false},"author":2,"featured_media":38990,"comment_status":"open","ping_status":"open","sticky":false,"template":"","format":"standard","meta":{"fifu_image_url":"","fifu_image_alt":"","footnotes":""},"categories":[5],"tags":[1426,556,267,173,27],"class_list":{"0":"post-41093","1":"post","2":"type-post","3":"status-publish","4":"format-standard","5":"has-post-thumbnail","7":"category-zonales","8":"tag-coronavirus","9":"tag-general-ramirez","10":"tag-municipalidad","11":"tag-municipio","12":"tag-ramirez"},"yoast_head":"<title>General Ram\u00edrez: ante la emergencia sanitaria, declararon asueto administrativo - Informe Litoral<\/title>\n<meta name=\"robots\" content=\"index, follow, max-snippet:-1, max-image-preview:large, max-video-preview:-1\" \/>\n<link rel=\"canonical\" href=\"https:\/\/informelitoral.com.ar\/general-ramirez-ante-la-emergencia-sanitaria-declararon-asueto-administrativo\/\" \/>\n<meta property=\"og:locale\" content=\"es_ES\" \/>\n<meta property=\"og:type\" content=\"article\" \/>\n<meta property=\"og:title\" content=\"General Ram\u00edrez: ante la emergencia sanitaria, declararon asueto administrativo - Informe Litoral\" \/>\n<meta property=\"og:description\" content=\"Solo mantienen servicios esenciales y guardias m\u00ednimas. La medida rige desde este jueves 19 hasta el pr\u00f3ximo 31 de marzo. Piden denunciar a quien haya viajado a zonas de riesgo y no cumpla con la cuarentena.\" \/>\n<meta property=\"og:url\" content=\"https:\/\/informelitoral.com.ar\/general-ramirez-ante-la-emergencia-sanitaria-declararon-asueto-administrativo\/\" \/>\n<meta property=\"og:site_name\" content=\"Informe Litoral\" \/>\n<meta property=\"article:publisher\" content=\"https:\/\/www.facebook.com\/informelitoral\/\" \/>\n<meta property=\"article:published_time\" content=\"2020-03-19T14:02:44+00:00\" \/>\n<meta property=\"article:modified_time\" content=\"2020-03-20T12:20:41+00:00\" \/>\n<meta property=\"og:image\" content=\"https:\/\/informelitoral.com.ar\/%77%70%2d%63%6f%6e%74%65%6e%74\/uploads\/2019\/12\/municipalidad-2019-1024x768.jpg\" \/>\n\t<meta property=\"og:image:width\" content=\"1024\" \/>\n\t<meta property=\"og:image:height\" content=\"768\" \/>\n\t<meta property=\"og:image:type\" content=\"image\/jpeg\" \/>\n<meta name=\"author\" content=\"Gonzalo Schmidt\" \/>\n<meta name=\"twitter:card\" content=\"summary_large_image\" \/>\n<meta name=\"twitter:creator\" content=\"@InformeLitoral\" \/>\n<meta name=\"twitter:site\" content=\"@InformeLitoral\" \/>\n<meta name=\"twitter:label1\" content=\"Escrito por\" \/>\n\t<meta name=\"twitter:data1\" content=\"Gonzalo Schmidt\" \/>\n\t<meta name=\"twitter:label2\" content=\"Tiempo de lectura\" \/>\n\t<meta name=\"twitter:data2\" content=\"1 minuto\" \/>\n<script type=\"application\/ld+json\" class=\"yoast-schema-graph\">{\"@context\":\"https:\\\/\\\/schema.org\",\"@graph\":[{\"@type\":\"Article\",\"@id\":\"https:\\\/\\\/informelitoral.com.ar\\\/general-ramirez-ante-la-emergencia-sanitaria-declararon-asueto-administrativo\\\/#article\",\"isPartOf\":{\"@id\":\"https:\\\/\\\/informelitoral.com.ar\\\/general-ramirez-ante-la-emergencia-sanitaria-declararon-asueto-administrativo\\\/\"},\"author\":{\"name\":\"Gonzalo Schmidt\",\"@id\":\"https:\\\/\\\/informelitoral.com.ar\\\/#\\\/schema\\\/person\\\/b9d00407c836482871ef1d57bf8e3180\"},\"headline\":\"General Ram\u00edrez: ante la emergencia sanitaria, declararon asueto administrativo\",\"datePublished\":\"2020-03-19T14:02:44+00:00\",\"dateModified\":\"2020-03-20T12:20:41+00:00\",\"mainEntityOfPage\":{\"@id\":\"https:\\\/\\\/informelitoral.com.ar\\\/general-ramirez-ante-la-emergencia-sanitaria-declararon-asueto-administrativo\\\/\"},\"wordCount\":207,\"commentCount\":0,\"publisher\":{\"@id\":\"https:\\\/\\\/informelitoral.com.ar\\\/#organization\"},\"image\":{\"@id\":\"https:\\\/\\\/informelitoral.com.ar\\\/general-ramirez-ante-la-emergencia-sanitaria-declararon-asueto-administrativo\\\/#primaryimage\"},\"thumbnailUrl\":\"https:\\\/\\\/informelitoral.com.ar\\\/%77%70%2d%63%6f%6e%74%65%6e%74\\\/uploads\\\/2019\\\/12\\\/municipalidad-2019.jpg\",\"keywords\":[\"Coronavirus\",\"General Ram\u00edrez\",\"Municipalidad\",\"Municipio\",\"Ram\u00edrez\"],\"articleSection\":[\"Departamento Diamante\"],\"inLanguage\":\"es\",\"potentialAction\":[{\"@type\":\"CommentAction\",\"name\":\"Comment\",\"target\":[\"https:\\\/\\\/informelitoral.com.ar\\\/general-ramirez-ante-la-emergencia-sanitaria-declararon-asueto-administrativo\\\/#respond\"]}]},{\"@type\":\"WebPage\",\"@id\":\"https:\\\/\\\/informelitoral.com.ar\\\/general-ramirez-ante-la-emergencia-sanitaria-declararon-asueto-administrativo\\\/\",\"url\":\"https:\\\/\\\/informelitoral.com.ar\\\/general-ramirez-ante-la-emergencia-sanitaria-declararon-asueto-administrativo\\\/\",\"name\":\"General Ram\u00edrez: ante la emergencia sanitaria, declararon asueto administrativo - Informe Litoral\",\"isPartOf\":{\"@id\":\"https:\\\/\\\/informelitoral.com.ar\\\/#website\"},\"primaryImageOfPage\":{\"@id\":\"https:\\\/\\\/informelitoral.com.ar\\\/general-ramirez-ante-la-emergencia-sanitaria-declararon-asueto-administrativo\\\/#primaryimage\"},\"image\":{\"@id\":\"https:\\\/\\\/informelitoral.com.ar\\\/general-ramirez-ante-la-emergencia-sanitaria-declararon-asueto-administrativo\\\/#primaryimage\"},\"thumbnailUrl\":\"https:\\\/\\\/informelitoral.com.ar\\\/%77%70%2d%63%6f%6e%74%65%6e%74\\\/uploads\\\/2019\\\/12\\\/municipalidad-2019.jpg\",\"datePublished\":\"2020-03-19T14:02:44+00:00\",\"dateModified\":\"2020-03-20T12:20:41+00:00\",\"breadcrumb\":{\"@id\":\"https:\\\/\\\/informelitoral.com.ar\\\/general-ramirez-ante-la-emergencia-sanitaria-declararon-asueto-administrativo\\\/#breadcrumb\"},\"inLanguage\":\"es\",\"potentialAction\":[{\"@type\":\"ReadAction\",\"target\":[\"https:\\\/\\\/informelitoral.com.ar\\\/general-ramirez-ante-la-emergencia-sanitaria-declararon-asueto-administrativo\\\/\"]}]},{\"@type\":\"ImageObject\",\"inLanguage\":\"es\",\"@id\":\"https:\\\/\\\/informelitoral.com.ar\\\/general-ramirez-ante-la-emergencia-sanitaria-declararon-asueto-administrativo\\\/#primaryimage\",\"url\":\"https:\\\/\\\/informelitoral.com.ar\\\/%77%70%2d%63%6f%6e%74%65%6e%74\\\/uploads\\\/2019\\\/12\\\/municipalidad-2019.jpg\",\"contentUrl\":\"https:\\\/\\\/informelitoral.com.ar\\\/%77%70%2d%63%6f%6e%74%65%6e%74\\\/uploads\\\/2019\\\/12\\\/municipalidad-2019.jpg\",\"width\":4608,\"height\":3456},{\"@type\":\"BreadcrumbList\",\"@id\":\"https:\\\/\\\/informelitoral.com.ar\\\/general-ramirez-ante-la-emergencia-sanitaria-declararon-asueto-administrativo\\\/#breadcrumb\",\"itemListElement\":[{\"@type\":\"ListItem\",\"position\":1,\"name\":\"Portada\",\"item\":\"https:\\\/\\\/informelitoral.com.ar\\\/\"},{\"@type\":\"ListItem\",\"position\":2,\"name\":\"General Ram\u00edrez: ante la emergencia sanitaria, declararon asueto administrativo\"}]},{\"@type\":\"WebSite\",\"@id\":\"https:\\\/\\\/informelitoral.com.ar\\\/#website\",\"url\":\"https:\\\/\\\/informelitoral.com.ar\\\/\",\"name\":\"Informe Litoral\",\"description\":\"&quot;Nos informamos&quot; \",\"publisher\":{\"@id\":\"https:\\\/\\\/informelitoral.com.ar\\\/#organization\"},\"potentialAction\":[{\"@type\":\"SearchAction\",\"target\":{\"@type\":\"EntryPoint\",\"urlTemplate\":\"https:\\\/\\\/informelitoral.com.ar\\\/?s={search_term_string}\"},\"query-input\":{\"@type\":\"PropertyValueSpecification\",\"valueRequired\":true,\"valueName\":\"search_term_string\"}}],\"inLanguage\":\"es\"},{\"@type\":\"Organization\",\"@id\":\"https:\\\/\\\/informelitoral.com.ar\\\/#organization\",\"name\":\"Informe Litoral\",\"url\":\"https:\\\/\\\/informelitoral.com.ar\\\/\",\"logo\":{\"@type\":\"ImageObject\",\"inLanguage\":\"es\",\"@id\":\"https:\\\/\\\/informelitoral.com.ar\\\/#\\\/schema\\\/logo\\\/image\\\/\",\"url\":\"https:\\\/\\\/informelitoral.com.ar\\\/%77%70%2d%63%6f%6e%74%65%6e%74\\\/uploads\\\/2021\\\/01\\\/circulo.png\",\"contentUrl\":\"https:\\\/\\\/informelitoral.com.ar\\\/%77%70%2d%63%6f%6e%74%65%6e%74\\\/uploads\\\/2021\\\/01\\\/circulo.png\",\"width\":723,\"height\":731,\"caption\":\"Informe Litoral\"},\"image\":{\"@id\":\"https:\\\/\\\/informelitoral.com.ar\\\/#\\\/schema\\\/logo\\\/image\\\/\"},\"sameAs\":[\"https:\\\/\\\/www.facebook.com\\\/informelitoral\\\/\",\"https:\\\/\\\/x.com\\\/InformeLitoral\",\"https:\\\/\\\/www.instagram.com\\\/informelitoral\\\/\",\"https:\\\/\\\/www.youtube.com\\\/channel\\\/UCua4Qvz8Icb6MYqhoq9xLXw\"]},{\"@type\":\"Person\",\"@id\":\"https:\\\/\\\/informelitoral.com.ar\\\/#\\\/schema\\\/person\\\/b9d00407c836482871ef1d57bf8e3180\",\"name\":\"Gonzalo Schmidt\",\"image\":{\"@type\":\"ImageObject\",\"inLanguage\":\"es\",\"@id\":\"https:\\\/\\\/secure.gravatar.com\\\/avatar\\\/31a1a7b66ff2de83bd0e9fd79d026630d2d99e55e8bfe501287647b4fd9743de?s=96&d=mm&r=g\",\"url\":\"https:\\\/\\\/secure.gravatar.com\\\/avatar\\\/31a1a7b66ff2de83bd0e9fd79d026630d2d99e55e8bfe501287647b4fd9743de?s=96&d=mm&r=g\",\"contentUrl\":\"https:\\\/\\\/secure.gravatar.com\\\/avatar\\\/31a1a7b66ff2de83bd0e9fd79d026630d2d99e55e8bfe501287647b4fd9743de?s=96&d=mm&r=g\",\"caption\":\"Gonzalo Schmidt\"},\"description\":\"Sitio web de noticias de la provincia de Entre R\u00edos, Argentina. Informaci\u00f3n y entretenimiento. Informe Litoral, nos informamos.\",\"sameAs\":[\"http:\\\/\\\/www.isletasnoticias.com.ar\"],\"url\":\"https:\\\/\\\/informelitoral.com.ar\\\/author\\\/gonzalo\\\/\"}]}<\/script>","yoast_head_json":{"title":"General Ram\u00edrez: ante la emergencia sanitaria, declararon asueto administrativo - Informe Litoral","robots":{"index":"index","follow":"follow","max-snippet":"max-snippet:-1","max-image-preview":"max-image-preview:large","max-video-preview":"max-video-preview:-1"},"canonical":"https:\/\/informelitoral.com.ar\/general-ramirez-ante-la-emergencia-sanitaria-declararon-asueto-administrativo\/","og_locale":"es_ES","og_type":"article","og_title":"General Ram\u00edrez: ante la emergencia sanitaria, declararon asueto administrativo - Informe Litoral","og_description":"Solo mantienen servicios esenciales y guardias m\u00ednimas. La medida rige desde este jueves 19 hasta el pr\u00f3ximo 31 de marzo. Piden denunciar a quien haya viajado a zonas de riesgo y no cumpla con la cuarentena.","og_url":"https:\/\/informelitoral.com.ar\/general-ramirez-ante-la-emergencia-sanitaria-declararon-asueto-administrativo\/","og_site_name":"Informe Litoral","article_publisher":"https:\/\/www.facebook.com\/informelitoral\/","article_published_time":"2020-03-19T14:02:44+00:00","article_modified_time":"2020-03-20T12:20:41+00:00","og_image":[{"width":1024,"height":768,"url":"https:\/\/informelitoral.com.ar\/%77%70%2d%63%6f%6e%74%65%6e%74\/uploads\/2019\/12\/municipalidad-2019-1024x768.jpg","type":"image\/jpeg"}],"author":"Gonzalo Schmidt","twitter_card":"summary_large_image","twitter_creator":"@InformeLitoral","twitter_site":"@InformeLitoral","twitter_misc":{"Escrito por":"Gonzalo Schmidt","Tiempo de lectura":"1 minuto"},"schema":{"@context":"https:\/\/schema.org","@graph":[{"@type":"Article","@id":"https:\/\/informelitoral.com.ar\/general-ramirez-ante-la-emergencia-sanitaria-declararon-asueto-administrativo\/#article","isPartOf":{"@id":"https:\/\/informelitoral.com.ar\/general-ramirez-ante-la-emergencia-sanitaria-declararon-asueto-administrativo\/"},"author":{"name":"Gonzalo Schmidt","@id":"https:\/\/informelitoral.com.ar\/#\/schema\/person\/b9d00407c836482871ef1d57bf8e3180"},"headline":"General Ram\u00edrez: ante la emergencia sanitaria, declararon asueto administrativo","datePublished":"2020-03-19T14:02:44+00:00","dateModified":"2020-03-20T12:20:41+00:00","mainEntityOfPage":{"@id":"https:\/\/informelitoral.com.ar\/general-ramirez-ante-la-emergencia-sanitaria-declararon-asueto-administrativo\/"},"wordCount":207,"commentCount":0,"publisher":{"@id":"https:\/\/informelitoral.com.ar\/#organization"},"image":{"@id":"https:\/\/informelitoral.com.ar\/general-ramirez-ante-la-emergencia-sanitaria-declararon-asueto-administrativo\/#primaryimage"},"thumbnailUrl":"https:\/\/informelitoral.com.ar\/%77%70%2d%63%6f%6e%74%65%6e%74\/uploads\/2019\/12\/municipalidad-2019.jpg","keywords":["Coronavirus","General Ram\u00edrez","Municipalidad","Municipio","Ram\u00edrez"],"articleSection":["Departamento Diamante"],"inLanguage":"es","potentialAction":[{"@type":"CommentAction","name":"Comment","target":["https:\/\/informelitoral.com.ar\/general-ramirez-ante-la-emergencia-sanitaria-declararon-asueto-administrativo\/#respond"]}]},{"@type":"WebPage","@id":"https:\/\/informelitoral.com.ar\/general-ramirez-ante-la-emergencia-sanitaria-declararon-asueto-administrativo\/","url":"https:\/\/informelitoral.com.ar\/general-ramirez-ante-la-emergencia-sanitaria-declararon-asueto-administrativo\/","name":"General Ram\u00edrez: ante la emergencia sanitaria, declararon asueto administrativo - Informe Litoral","isPartOf":{"@id":"https:\/\/informelitoral.com.ar\/#website"},"primaryImageOfPage":{"@id":"https:\/\/informelitoral.com.ar\/general-ramirez-ante-la-emergencia-sanitaria-declararon-asueto-administrativo\/#primaryimage"},"image":{"@id":"https:\/\/informelitoral.com.ar\/general-ramirez-ante-la-emergencia-sanitaria-declararon-asueto-administrativo\/#primaryimage"},"thumbnailUrl":"https:\/\/informelitoral.com.ar\/%77%70%2d%63%6f%6e%74%65%6e%74\/uploads\/2019\/12\/municipalidad-2019.jpg","datePublished":"2020-03-19T14:02:44+00:00","dateModified":"2020-03-20T12:20:41+00:00","breadcrumb":{"@id":"https:\/\/informelitoral.com.ar\/general-ramirez-ante-la-emergencia-sanitaria-declararon-asueto-administrativo\/#breadcrumb"},"inLanguage":"es","potentialAction":[{"@type":"ReadAction","target":["https:\/\/informelitoral.com.ar\/general-ramirez-ante-la-emergencia-sanitaria-declararon-asueto-administrativo\/"]}]},{"@type":"ImageObject","inLanguage":"es","@id":"https:\/\/informelitoral.com.ar\/general-ramirez-ante-la-emergencia-sanitaria-declararon-asueto-administrativo\/#primaryimage","url":"https:\/\/informelitoral.com.ar\/%77%70%2d%63%6f%6e%74%65%6e%74\/uploads\/2019\/12\/municipalidad-2019.jpg","contentUrl":"https:\/\/informelitoral.com.ar\/%77%70%2d%63%6f%6e%74%65%6e%74\/uploads\/2019\/12\/municipalidad-2019.jpg","width":4608,"height":3456},{"@type":"BreadcrumbList","@id":"https:\/\/informelitoral.com.ar\/general-ramirez-ante-la-emergencia-sanitaria-declararon-asueto-administrativo\/#breadcrumb","itemListElement":[{"@type":"ListItem","position":1,"name":"Portada","item":"https:\/\/informelitoral.com.ar\/"},{"@type":"ListItem","position":2,"name":"General Ram\u00edrez: ante la emergencia sanitaria, declararon asueto administrativo"}]},{"@type":"WebSite","@id":"https:\/\/informelitoral.com.ar\/#website","url":"https:\/\/informelitoral.com.ar\/","name":"Informe Litoral","description":"&quot;Nos informamos&quot; ","publisher":{"@id":"https:\/\/informelitoral.com.ar\/#organization"},"potentialAction":[{"@type":"SearchAction","target":{"@type":"EntryPoint","urlTemplate":"https:\/\/informelitoral.com.ar\/?s={search_term_string}"},"query-input":{"@type":"PropertyValueSpecification","valueRequired":true,"valueName":"search_term_string"}}],"inLanguage":"es"},{"@type":"Organization","@id":"https:\/\/informelitoral.com.ar\/#organization","name":"Informe Litoral","url":"https:\/\/informelitoral.com.ar\/","logo":{"@type":"ImageObject","inLanguage":"es","@id":"https:\/\/informelitoral.com.ar\/#\/schema\/logo\/image\/","url":"https:\/\/informelitoral.com.ar\/%77%70%2d%63%6f%6e%74%65%6e%74\/uploads\/2021\/01\/circulo.png","contentUrl":"https:\/\/informelitoral.com.ar\/%77%70%2d%63%6f%6e%74%65%6e%74\/uploads\/2021\/01\/circulo.png","width":723,"height":731,"caption":"Informe Litoral"},"image":{"@id":"https:\/\/informelitoral.com.ar\/#\/schema\/logo\/image\/"},"sameAs":["https:\/\/www.facebook.com\/informelitoral\/","https:\/\/x.com\/InformeLitoral","https:\/\/www.instagram.com\/informelitoral\/","https:\/\/www.youtube.com\/channel\/UCua4Qvz8Icb6MYqhoq9xLXw"]},{"@type":"Person","@id":"https:\/\/informelitoral.com.ar\/#\/schema\/person\/b9d00407c836482871ef1d57bf8e3180","name":"Gonzalo Schmidt","image":{"@type":"ImageObject","inLanguage":"es","@id":"https:\/\/secure.gravatar.com\/avatar\/31a1a7b66ff2de83bd0e9fd79d026630d2d99e55e8bfe501287647b4fd9743de?s=96&d=mm&r=g","url":"https:\/\/secure.gravatar.com\/avatar\/31a1a7b66ff2de83bd0e9fd79d026630d2d99e55e8bfe501287647b4fd9743de?s=96&d=mm&r=g","contentUrl":"https:\/\/secure.gravatar.com\/avatar\/31a1a7b66ff2de83bd0e9fd79d026630d2d99e55e8bfe501287647b4fd9743de?s=96&d=mm&r=g","caption":"Gonzalo Schmidt"},"description":"Sitio web de noticias de la provincia de Entre R\u00edos, Argentina. Informaci\u00f3n y entretenimiento. Informe Litoral, nos informamos.","sameAs":["http:\/\/www.isletasnoticias.com.ar"],"url":"https:\/\/informelitoral.com.ar\/author\/gonzalo\/"}]}},"_links":{"self":[{"href":"https:\/\/informelitoral.com.ar\/%77%70%2d%6a%73%6f%6e\/wp\/v2\/posts\/41093","targetHints":{"allow":["GET"]}}],"collection":[{"href":"https:\/\/informelitoral.com.ar\/%77%70%2d%6a%73%6f%6e\/wp\/v2\/posts"}],"about":[{"href":"https:\/\/informelitoral.com.ar\/%77%70%2d%6a%73%6f%6e\/wp\/v2\/types\/post"}],"author":[{"embeddable":true,"href":"https:\/\/informelitoral.com.ar\/%77%70%2d%6a%73%6f%6e\/wp\/v2\/users\/2"}],"replies":[{"embeddable":true,"href":"https:\/\/informelitoral.com.ar\/%77%70%2d%6a%73%6f%6e\/wp\/v2\/comments?post=41093"}],"version-history":[{"count":0,"href":"https:\/\/informelitoral.com.ar\/%77%70%2d%6a%73%6f%6e\/wp\/v2\/posts\/41093\/revisions"}],"wp:featuredmedia":[{"embeddable":true,"href":"https:\/\/informelitoral.com.ar\/%77%70%2d%6a%73%6f%6e\/wp\/v2\/media\/38990"}],"wp:attachment":[{"href":"https:\/\/informelitoral.com.ar\/%77%70%2d%6a%73%6f%6e\/wp\/v2\/media?parent=41093"}],"wp:term":[{"taxonomy":"category","embeddable":true,"href":"https:\/\/informelitoral.com.ar\/%77%70%2d%6a%73%6f%6e\/wp\/v2\/categories?post=41093"},{"taxonomy":"post_tag","embeddable":true,"href":"https:\/\/informelitoral.com.ar\/%77%70%2d%6a%73%6f%6e\/wp\/v2\/tags?post=41093"}],"curies":[{"name":"wp","href":"https:\/\/api.w.org\/{rel}","templated":true}]}}