{"id":41086,"date":"2020-03-19T06:33:56","date_gmt":"2020-03-19T09:33:56","guid":{"rendered":"https:\/\/www.isletasnoticias.com.ar\/?p=41086"},"modified":"2020-03-19T07:34:18","modified_gmt":"2020-03-19T10:34:18","slug":"confirmaron-el-tercer-muerto-por-coronavirus-en-la-argentina","status":"publish","type":"post","link":"https:\/\/informelitoral.com.ar\/confirmaron-el-tercer-muerto-por-coronavirus-en-la-argentina\/","title":{"rendered":"Confirmaron el tercer muerto por coronavirus en la Argentina"},"content":{"rendered":"<p>Un paciente de 64 a\u00f1os que estaba internado en el Instituto del Diagn\u00f3stico de Buenos Aires muri\u00f3 esta noche afectado por Coronavirus y se convirti\u00f3 en el tercer caso en Argentina, desde que comenz\u00f3 la pandemia.<\/p>\n<p>El hombre en cuesti\u00f3n era el \u00abpaciente n\u00famero 15\u00bb dentro del listado de casos confirmados en de la Ciudad de Buenos Aires.<\/p>\n<p>El virus positivo del hombre fue confirmado el 13 de marzo y se trataba de uno de los primeros infectados por contacto estrecho ya que no ten\u00eda antecedentes de viaje al exterior pero s\u00ed hab\u00eda estado en contacto con un viajero infectado.<\/p>\n<p>\u00abEra un paciente con diabetes, obesidad e hipertensi\u00f3n arterial, todas enfermedades de base que complicaban el cuadro del Covid-19\u00bb, explicaron fuentes porte\u00f1as a este medio.<\/p>\n<p>La muerte llega a dos semanas de que se confirmara el primer caso en el pa\u00eds y cuando la cifra total de infectados sum\u00f3 97, tres de ellos murieron.<\/p>\n<p><span style=\"text-align: center;\">Las tres v\u00edctimas fatales tienen en com\u00fan el g\u00e9nero, todos son hombres, y mayores de 60 a\u00f1os, edad donde la curva de muertes por la nueva cepa del coronavirus se dispara por encima de la media.<\/span><\/p>\n<p><em>Fuente: La Naci\u00f3n<\/em><\/p>\n","protected":false},"excerpt":{"rendered":"<p>Se trata de un hombre de 64 a\u00f1os, que estaba internado en el Instituto del Diagn\u00f3stico de Buenos Aires. Padec\u00eda diabetes e hipertensi\u00f3n.<\/p>\n","protected":false},"author":2,"featured_media":41087,"comment_status":"open","ping_status":"open","sticky":false,"template":"","format":"standard","meta":{"fifu_image_url":"","fifu_image_alt":"","footnotes":""},"categories":[7],"tags":[1426],"class_list":{"0":"post-41086","1":"post","2":"type-post","3":"status-publish","4":"format-standard","5":"has-post-thumbnail","7":"category-nacionales","8":"tag-coronavirus"},"yoast_head":"<title>Confirmaron el tercer muerto por coronavirus en la Argentina - Informe Litoral<\/title>\n<meta name=\"robots\" content=\"index, follow, max-snippet:-1, max-image-preview:large, max-video-preview:-1\" \/>\n<link rel=\"canonical\" href=\"https:\/\/informelitoral.com.ar\/confirmaron-el-tercer-muerto-por-coronavirus-en-la-argentina\/\" \/>\n<meta property=\"og:locale\" content=\"es_ES\" \/>\n<meta property=\"og:type\" content=\"article\" \/>\n<meta property=\"og:title\" content=\"Confirmaron el tercer muerto por coronavirus en la Argentina - Informe Litoral\" \/>\n<meta property=\"og:description\" content=\"Se trata de un hombre de 64 a\u00f1os, que estaba internado en el Instituto del Diagn\u00f3stico de Buenos Aires. Padec\u00eda diabetes e hipertensi\u00f3n.\" \/>\n<meta property=\"og:url\" content=\"https:\/\/informelitoral.com.ar\/confirmaron-el-tercer-muerto-por-coronavirus-en-la-argentina\/\" \/>\n<meta property=\"og:site_name\" content=\"Informe Litoral\" \/>\n<meta property=\"article:publisher\" content=\"https:\/\/www.facebook.com\/informelitoral\/\" \/>\n<meta property=\"article:published_time\" content=\"2020-03-19T09:33:56+00:00\" \/>\n<meta property=\"article:modified_time\" content=\"2020-03-19T10:34:18+00:00\" \/>\n<meta property=\"og:image\" content=\"https:\/\/informelitoral.com.ar\/%77%70%2d%63%6f%6e%74%65%6e%74\/uploads\/2020\/03\/instituto-argentino-del-diagnostico____l80qLGud_1256x620__1.jpg\" \/>\n\t<meta property=\"og:image:width\" content=\"1256\" \/>\n\t<meta property=\"og:image:height\" content=\"620\" \/>\n\t<meta property=\"og:image:type\" content=\"image\/jpeg\" \/>\n<meta name=\"author\" content=\"Gonzalo Schmidt\" \/>\n<meta name=\"twitter:card\" content=\"summary_large_image\" \/>\n<meta name=\"twitter:creator\" content=\"@InformeLitoral\" \/>\n<meta name=\"twitter:site\" content=\"@InformeLitoral\" \/>\n<meta name=\"twitter:label1\" content=\"Escrito por\" \/>\n\t<meta name=\"twitter:data1\" content=\"Gonzalo Schmidt\" \/>\n\t<meta name=\"twitter:label2\" content=\"Tiempo de lectura\" \/>\n\t<meta name=\"twitter:data2\" content=\"1 minuto\" \/>\n<script type=\"application\/ld+json\" class=\"yoast-schema-graph\">{\"@context\":\"https:\\\/\\\/schema.org\",\"@graph\":[{\"@type\":\"Article\",\"@id\":\"https:\\\/\\\/informelitoral.com.ar\\\/confirmaron-el-tercer-muerto-por-coronavirus-en-la-argentina\\\/#article\",\"isPartOf\":{\"@id\":\"https:\\\/\\\/informelitoral.com.ar\\\/confirmaron-el-tercer-muerto-por-coronavirus-en-la-argentina\\\/\"},\"author\":{\"name\":\"Gonzalo Schmidt\",\"@id\":\"https:\\\/\\\/informelitoral.com.ar\\\/#\\\/schema\\\/person\\\/b9d00407c836482871ef1d57bf8e3180\"},\"headline\":\"Confirmaron el tercer muerto por coronavirus en la Argentina\",\"datePublished\":\"2020-03-19T09:33:56+00:00\",\"dateModified\":\"2020-03-19T10:34:18+00:00\",\"mainEntityOfPage\":{\"@id\":\"https:\\\/\\\/informelitoral.com.ar\\\/confirmaron-el-tercer-muerto-por-coronavirus-en-la-argentina\\\/\"},\"wordCount\":211,\"commentCount\":0,\"publisher\":{\"@id\":\"https:\\\/\\\/informelitoral.com.ar\\\/#organization\"},\"image\":{\"@id\":\"https:\\\/\\\/informelitoral.com.ar\\\/confirmaron-el-tercer-muerto-por-coronavirus-en-la-argentina\\\/#primaryimage\"},\"thumbnailUrl\":\"https:\\\/\\\/informelitoral.com.ar\\\/%77%70%2d%63%6f%6e%74%65%6e%74\\\/uploads\\\/2020\\\/03\\\/instituto-argentino-del-diagnostico____l80qLGud_1256x620__1.jpg\",\"keywords\":[\"Coronavirus\"],\"articleSection\":[\"Nacionales\"],\"inLanguage\":\"es\",\"potentialAction\":[{\"@type\":\"CommentAction\",\"name\":\"Comment\",\"target\":[\"https:\\\/\\\/informelitoral.com.ar\\\/confirmaron-el-tercer-muerto-por-coronavirus-en-la-argentina\\\/#respond\"]}]},{\"@type\":\"WebPage\",\"@id\":\"https:\\\/\\\/informelitoral.com.ar\\\/confirmaron-el-tercer-muerto-por-coronavirus-en-la-argentina\\\/\",\"url\":\"https:\\\/\\\/informelitoral.com.ar\\\/confirmaron-el-tercer-muerto-por-coronavirus-en-la-argentina\\\/\",\"name\":\"Confirmaron el tercer muerto por coronavirus en la Argentina - Informe Litoral\",\"isPartOf\":{\"@id\":\"https:\\\/\\\/informelitoral.com.ar\\\/#website\"},\"primaryImageOfPage\":{\"@id\":\"https:\\\/\\\/informelitoral.com.ar\\\/confirmaron-el-tercer-muerto-por-coronavirus-en-la-argentina\\\/#primaryimage\"},\"image\":{\"@id\":\"https:\\\/\\\/informelitoral.com.ar\\\/confirmaron-el-tercer-muerto-por-coronavirus-en-la-argentina\\\/#primaryimage\"},\"thumbnailUrl\":\"https:\\\/\\\/informelitoral.com.ar\\\/%77%70%2d%63%6f%6e%74%65%6e%74\\\/uploads\\\/2020\\\/03\\\/instituto-argentino-del-diagnostico____l80qLGud_1256x620__1.jpg\",\"datePublished\":\"2020-03-19T09:33:56+00:00\",\"dateModified\":\"2020-03-19T10:34:18+00:00\",\"breadcrumb\":{\"@id\":\"https:\\\/\\\/informelitoral.com.ar\\\/confirmaron-el-tercer-muerto-por-coronavirus-en-la-argentina\\\/#breadcrumb\"},\"inLanguage\":\"es\",\"potentialAction\":[{\"@type\":\"ReadAction\",\"target\":[\"https:\\\/\\\/informelitoral.com.ar\\\/confirmaron-el-tercer-muerto-por-coronavirus-en-la-argentina\\\/\"]}]},{\"@type\":\"ImageObject\",\"inLanguage\":\"es\",\"@id\":\"https:\\\/\\\/informelitoral.com.ar\\\/confirmaron-el-tercer-muerto-por-coronavirus-en-la-argentina\\\/#primaryimage\",\"url\":\"https:\\\/\\\/informelitoral.com.ar\\\/%77%70%2d%63%6f%6e%74%65%6e%74\\\/uploads\\\/2020\\\/03\\\/instituto-argentino-del-diagnostico____l80qLGud_1256x620__1.jpg\",\"contentUrl\":\"https:\\\/\\\/informelitoral.com.ar\\\/%77%70%2d%63%6f%6e%74%65%6e%74\\\/uploads\\\/2020\\\/03\\\/instituto-argentino-del-diagnostico____l80qLGud_1256x620__1.jpg\",\"width\":1256,\"height\":620},{\"@type\":\"BreadcrumbList\",\"@id\":\"https:\\\/\\\/informelitoral.com.ar\\\/confirmaron-el-tercer-muerto-por-coronavirus-en-la-argentina\\\/#breadcrumb\",\"itemListElement\":[{\"@type\":\"ListItem\",\"position\":1,\"name\":\"Portada\",\"item\":\"https:\\\/\\\/informelitoral.com.ar\\\/\"},{\"@type\":\"ListItem\",\"position\":2,\"name\":\"Confirmaron el tercer muerto por coronavirus en la Argentina\"}]},{\"@type\":\"WebSite\",\"@id\":\"https:\\\/\\\/informelitoral.com.ar\\\/#website\",\"url\":\"https:\\\/\\\/informelitoral.com.ar\\\/\",\"name\":\"Informe Litoral\",\"description\":\"&quot;Nos informamos&quot; \",\"publisher\":{\"@id\":\"https:\\\/\\\/informelitoral.com.ar\\\/#organization\"},\"potentialAction\":[{\"@type\":\"SearchAction\",\"target\":{\"@type\":\"EntryPoint\",\"urlTemplate\":\"https:\\\/\\\/informelitoral.com.ar\\\/?s={search_term_string}\"},\"query-input\":{\"@type\":\"PropertyValueSpecification\",\"valueRequired\":true,\"valueName\":\"search_term_string\"}}],\"inLanguage\":\"es\"},{\"@type\":\"Organization\",\"@id\":\"https:\\\/\\\/informelitoral.com.ar\\\/#organization\",\"name\":\"Informe Litoral\",\"url\":\"https:\\\/\\\/informelitoral.com.ar\\\/\",\"logo\":{\"@type\":\"ImageObject\",\"inLanguage\":\"es\",\"@id\":\"https:\\\/\\\/informelitoral.com.ar\\\/#\\\/schema\\\/logo\\\/image\\\/\",\"url\":\"https:\\\/\\\/informelitoral.com.ar\\\/%77%70%2d%63%6f%6e%74%65%6e%74\\\/uploads\\\/2021\\\/01\\\/circulo.png\",\"contentUrl\":\"https:\\\/\\\/informelitoral.com.ar\\\/%77%70%2d%63%6f%6e%74%65%6e%74\\\/uploads\\\/2021\\\/01\\\/circulo.png\",\"width\":723,\"height\":731,\"caption\":\"Informe Litoral\"},\"image\":{\"@id\":\"https:\\\/\\\/informelitoral.com.ar\\\/#\\\/schema\\\/logo\\\/image\\\/\"},\"sameAs\":[\"https:\\\/\\\/www.facebook.com\\\/informelitoral\\\/\",\"https:\\\/\\\/x.com\\\/InformeLitoral\",\"https:\\\/\\\/www.instagram.com\\\/informelitoral\\\/\",\"https:\\\/\\\/www.youtube.com\\\/channel\\\/UCua4Qvz8Icb6MYqhoq9xLXw\"]},{\"@type\":\"Person\",\"@id\":\"https:\\\/\\\/informelitoral.com.ar\\\/#\\\/schema\\\/person\\\/b9d00407c836482871ef1d57bf8e3180\",\"name\":\"Gonzalo Schmidt\",\"image\":{\"@type\":\"ImageObject\",\"inLanguage\":\"es\",\"@id\":\"https:\\\/\\\/secure.gravatar.com\\\/avatar\\\/31a1a7b66ff2de83bd0e9fd79d026630d2d99e55e8bfe501287647b4fd9743de?s=96&d=mm&r=g\",\"url\":\"https:\\\/\\\/secure.gravatar.com\\\/avatar\\\/31a1a7b66ff2de83bd0e9fd79d026630d2d99e55e8bfe501287647b4fd9743de?s=96&d=mm&r=g\",\"contentUrl\":\"https:\\\/\\\/secure.gravatar.com\\\/avatar\\\/31a1a7b66ff2de83bd0e9fd79d026630d2d99e55e8bfe501287647b4fd9743de?s=96&d=mm&r=g\",\"caption\":\"Gonzalo Schmidt\"},\"description\":\"Sitio web de noticias de la provincia de Entre R\u00edos, Argentina. Informaci\u00f3n y entretenimiento. Informe Litoral, nos informamos.\",\"sameAs\":[\"http:\\\/\\\/www.isletasnoticias.com.ar\"],\"url\":\"https:\\\/\\\/informelitoral.com.ar\\\/author\\\/gonzalo\\\/\"}]}<\/script>","yoast_head_json":{"title":"Confirmaron el tercer muerto por coronavirus en la Argentina - Informe Litoral","robots":{"index":"index","follow":"follow","max-snippet":"max-snippet:-1","max-image-preview":"max-image-preview:large","max-video-preview":"max-video-preview:-1"},"canonical":"https:\/\/informelitoral.com.ar\/confirmaron-el-tercer-muerto-por-coronavirus-en-la-argentina\/","og_locale":"es_ES","og_type":"article","og_title":"Confirmaron el tercer muerto por coronavirus en la Argentina - Informe Litoral","og_description":"Se trata de un hombre de 64 a\u00f1os, que estaba internado en el Instituto del Diagn\u00f3stico de Buenos Aires. Padec\u00eda diabetes e hipertensi\u00f3n.","og_url":"https:\/\/informelitoral.com.ar\/confirmaron-el-tercer-muerto-por-coronavirus-en-la-argentina\/","og_site_name":"Informe Litoral","article_publisher":"https:\/\/www.facebook.com\/informelitoral\/","article_published_time":"2020-03-19T09:33:56+00:00","article_modified_time":"2020-03-19T10:34:18+00:00","og_image":[{"width":1256,"height":620,"url":"https:\/\/informelitoral.com.ar\/%77%70%2d%63%6f%6e%74%65%6e%74\/uploads\/2020\/03\/instituto-argentino-del-diagnostico____l80qLGud_1256x620__1.jpg","type":"image\/jpeg"}],"author":"Gonzalo Schmidt","twitter_card":"summary_large_image","twitter_creator":"@InformeLitoral","twitter_site":"@InformeLitoral","twitter_misc":{"Escrito por":"Gonzalo Schmidt","Tiempo de lectura":"1 minuto"},"schema":{"@context":"https:\/\/schema.org","@graph":[{"@type":"Article","@id":"https:\/\/informelitoral.com.ar\/confirmaron-el-tercer-muerto-por-coronavirus-en-la-argentina\/#article","isPartOf":{"@id":"https:\/\/informelitoral.com.ar\/confirmaron-el-tercer-muerto-por-coronavirus-en-la-argentina\/"},"author":{"name":"Gonzalo Schmidt","@id":"https:\/\/informelitoral.com.ar\/#\/schema\/person\/b9d00407c836482871ef1d57bf8e3180"},"headline":"Confirmaron el tercer muerto por coronavirus en la Argentina","datePublished":"2020-03-19T09:33:56+00:00","dateModified":"2020-03-19T10:34:18+00:00","mainEntityOfPage":{"@id":"https:\/\/informelitoral.com.ar\/confirmaron-el-tercer-muerto-por-coronavirus-en-la-argentina\/"},"wordCount":211,"commentCount":0,"publisher":{"@id":"https:\/\/informelitoral.com.ar\/#organization"},"image":{"@id":"https:\/\/informelitoral.com.ar\/confirmaron-el-tercer-muerto-por-coronavirus-en-la-argentina\/#primaryimage"},"thumbnailUrl":"https:\/\/informelitoral.com.ar\/%77%70%2d%63%6f%6e%74%65%6e%74\/uploads\/2020\/03\/instituto-argentino-del-diagnostico____l80qLGud_1256x620__1.jpg","keywords":["Coronavirus"],"articleSection":["Nacionales"],"inLanguage":"es","potentialAction":[{"@type":"CommentAction","name":"Comment","target":["https:\/\/informelitoral.com.ar\/confirmaron-el-tercer-muerto-por-coronavirus-en-la-argentina\/#respond"]}]},{"@type":"WebPage","@id":"https:\/\/informelitoral.com.ar\/confirmaron-el-tercer-muerto-por-coronavirus-en-la-argentina\/","url":"https:\/\/informelitoral.com.ar\/confirmaron-el-tercer-muerto-por-coronavirus-en-la-argentina\/","name":"Confirmaron el tercer muerto por coronavirus en la Argentina - Informe Litoral","isPartOf":{"@id":"https:\/\/informelitoral.com.ar\/#website"},"primaryImageOfPage":{"@id":"https:\/\/informelitoral.com.ar\/confirmaron-el-tercer-muerto-por-coronavirus-en-la-argentina\/#primaryimage"},"image":{"@id":"https:\/\/informelitoral.com.ar\/confirmaron-el-tercer-muerto-por-coronavirus-en-la-argentina\/#primaryimage"},"thumbnailUrl":"https:\/\/informelitoral.com.ar\/%77%70%2d%63%6f%6e%74%65%6e%74\/uploads\/2020\/03\/instituto-argentino-del-diagnostico____l80qLGud_1256x620__1.jpg","datePublished":"2020-03-19T09:33:56+00:00","dateModified":"2020-03-19T10:34:18+00:00","breadcrumb":{"@id":"https:\/\/informelitoral.com.ar\/confirmaron-el-tercer-muerto-por-coronavirus-en-la-argentina\/#breadcrumb"},"inLanguage":"es","potentialAction":[{"@type":"ReadAction","target":["https:\/\/informelitoral.com.ar\/confirmaron-el-tercer-muerto-por-coronavirus-en-la-argentina\/"]}]},{"@type":"ImageObject","inLanguage":"es","@id":"https:\/\/informelitoral.com.ar\/confirmaron-el-tercer-muerto-por-coronavirus-en-la-argentina\/#primaryimage","url":"https:\/\/informelitoral.com.ar\/%77%70%2d%63%6f%6e%74%65%6e%74\/uploads\/2020\/03\/instituto-argentino-del-diagnostico____l80qLGud_1256x620__1.jpg","contentUrl":"https:\/\/informelitoral.com.ar\/%77%70%2d%63%6f%6e%74%65%6e%74\/uploads\/2020\/03\/instituto-argentino-del-diagnostico____l80qLGud_1256x620__1.jpg","width":1256,"height":620},{"@type":"BreadcrumbList","@id":"https:\/\/informelitoral.com.ar\/confirmaron-el-tercer-muerto-por-coronavirus-en-la-argentina\/#breadcrumb","itemListElement":[{"@type":"ListItem","position":1,"name":"Portada","item":"https:\/\/informelitoral.com.ar\/"},{"@type":"ListItem","position":2,"name":"Confirmaron el tercer muerto por coronavirus en la Argentina"}]},{"@type":"WebSite","@id":"https:\/\/informelitoral.com.ar\/#website","url":"https:\/\/informelitoral.com.ar\/","name":"Informe Litoral","description":"&quot;Nos informamos&quot; ","publisher":{"@id":"https:\/\/informelitoral.com.ar\/#organization"},"potentialAction":[{"@type":"SearchAction","target":{"@type":"EntryPoint","urlTemplate":"https:\/\/informelitoral.com.ar\/?s={search_term_string}"},"query-input":{"@type":"PropertyValueSpecification","valueRequired":true,"valueName":"search_term_string"}}],"inLanguage":"es"},{"@type":"Organization","@id":"https:\/\/informelitoral.com.ar\/#organization","name":"Informe Litoral","url":"https:\/\/informelitoral.com.ar\/","logo":{"@type":"ImageObject","inLanguage":"es","@id":"https:\/\/informelitoral.com.ar\/#\/schema\/logo\/image\/","url":"https:\/\/informelitoral.com.ar\/%77%70%2d%63%6f%6e%74%65%6e%74\/uploads\/2021\/01\/circulo.png","contentUrl":"https:\/\/informelitoral.com.ar\/%77%70%2d%63%6f%6e%74%65%6e%74\/uploads\/2021\/01\/circulo.png","width":723,"height":731,"caption":"Informe Litoral"},"image":{"@id":"https:\/\/informelitoral.com.ar\/#\/schema\/logo\/image\/"},"sameAs":["https:\/\/www.facebook.com\/informelitoral\/","https:\/\/x.com\/InformeLitoral","https:\/\/www.instagram.com\/informelitoral\/","https:\/\/www.youtube.com\/channel\/UCua4Qvz8Icb6MYqhoq9xLXw"]},{"@type":"Person","@id":"https:\/\/informelitoral.com.ar\/#\/schema\/person\/b9d00407c836482871ef1d57bf8e3180","name":"Gonzalo Schmidt","image":{"@type":"ImageObject","inLanguage":"es","@id":"https:\/\/secure.gravatar.com\/avatar\/31a1a7b66ff2de83bd0e9fd79d026630d2d99e55e8bfe501287647b4fd9743de?s=96&d=mm&r=g","url":"https:\/\/secure.gravatar.com\/avatar\/31a1a7b66ff2de83bd0e9fd79d026630d2d99e55e8bfe501287647b4fd9743de?s=96&d=mm&r=g","contentUrl":"https:\/\/secure.gravatar.com\/avatar\/31a1a7b66ff2de83bd0e9fd79d026630d2d99e55e8bfe501287647b4fd9743de?s=96&d=mm&r=g","caption":"Gonzalo Schmidt"},"description":"Sitio web de noticias de la provincia de Entre R\u00edos, Argentina. Informaci\u00f3n y entretenimiento. Informe Litoral, nos informamos.","sameAs":["http:\/\/www.isletasnoticias.com.ar"],"url":"https:\/\/informelitoral.com.ar\/author\/gonzalo\/"}]}},"_links":{"self":[{"href":"https:\/\/informelitoral.com.ar\/%77%70%2d%6a%73%6f%6e\/wp\/v2\/posts\/41086","targetHints":{"allow":["GET"]}}],"collection":[{"href":"https:\/\/informelitoral.com.ar\/%77%70%2d%6a%73%6f%6e\/wp\/v2\/posts"}],"about":[{"href":"https:\/\/informelitoral.com.ar\/%77%70%2d%6a%73%6f%6e\/wp\/v2\/types\/post"}],"author":[{"embeddable":true,"href":"https:\/\/informelitoral.com.ar\/%77%70%2d%6a%73%6f%6e\/wp\/v2\/users\/2"}],"replies":[{"embeddable":true,"href":"https:\/\/informelitoral.com.ar\/%77%70%2d%6a%73%6f%6e\/wp\/v2\/comments?post=41086"}],"version-history":[{"count":0,"href":"https:\/\/informelitoral.com.ar\/%77%70%2d%6a%73%6f%6e\/wp\/v2\/posts\/41086\/revisions"}],"wp:featuredmedia":[{"embeddable":true,"href":"https:\/\/informelitoral.com.ar\/%77%70%2d%6a%73%6f%6e\/wp\/v2\/media\/41087"}],"wp:attachment":[{"href":"https:\/\/informelitoral.com.ar\/%77%70%2d%6a%73%6f%6e\/wp\/v2\/media?parent=41086"}],"wp:term":[{"taxonomy":"category","embeddable":true,"href":"https:\/\/informelitoral.com.ar\/%77%70%2d%6a%73%6f%6e\/wp\/v2\/categories?post=41086"},{"taxonomy":"post_tag","embeddable":true,"href":"https:\/\/informelitoral.com.ar\/%77%70%2d%6a%73%6f%6e\/wp\/v2\/tags?post=41086"}],"curies":[{"name":"wp","href":"https:\/\/api.w.org\/{rel}","templated":true}]}}