{"id":41083,"date":"2020-03-19T07:29:45","date_gmt":"2020-03-19T10:29:45","guid":{"rendered":"https:\/\/www.isletasnoticias.com.ar\/?p=41083"},"modified":"2020-03-19T07:29:45","modified_gmt":"2020-03-19T10:29:45","slug":"alberto-estudia-decretar-una-cuarentena-total-y-obligatoria","status":"publish","type":"post","link":"https:\/\/informelitoral.com.ar\/alberto-estudia-decretar-una-cuarentena-total-y-obligatoria\/","title":{"rendered":"Alberto estudia decretar una cuarentena total y obligatoria"},"content":{"rendered":"<p>Alberto Fern\u00e1ndez\u00a0definir\u00e1 este jueves si decreta finalmente una cuarentena total y obligatoria en la Argentina. En las \u00faltimas horas\u00a0se reuni\u00f3 con los jefes parlamentarios de la oposici\u00f3n y\u00a0\u00e9stos le trasmitieron su aval para que se declare la \u201ccuarentena general\u201d en todo el pa\u00eds. La definici\u00f3n se producir\u00e1 luego de un encuentro clave que el jefe de Estado mantendr\u00e1 con los gobernadores en una cumbre en la Casa Rosada.<\/p>\n<p>Tambi\u00e9n particip\u00f3 de ese encuentro el ministro de Salud, Gin\u00e9s Gonz\u00e1lez Garc\u00eda, quien exhibi\u00f3 unas filminas que mostraban las acciones implementadas hasta el momento contra la pandemia del coronavirus y un protocolo de medidas posibles que se tomar\u00edan en caso de que crezca exponencialmente el n\u00famero de infectados. En ese documento se informaba:<\/p>\n<p>-Que de ser necesario para lograr el aplanamiento de la curva de contagiados, podr\u00eda ordenarse\u00a0un bloqueo por dos semanas de los centros urbanos con casos confirmados\u00a0de trasmisi\u00f3n local.<\/p>\n<p>-Profundizar el \u201cdistanciamiento social\u201d\u00a0por 14 d\u00edas, es decir cuarentena.<\/p>\n<p>-Cese de actividades comerciales, salvo aquellas esenciales, como farmacias, supermercados y estaciones de servicio.<\/p>\n<p><span style=\"text-align: center;\">-Evaluaci\u00f3n de los resultados de las medidas cada 15 d\u00edas para determinar si es necesario prolongarlas hasta que la tasa de crecimiento de contagios llegue a cero.<\/span><\/p>\n<p>De todos modos, algunos testigos de la reuni\u00f3n aclararon a\u00a0Clar\u00edn\u00a0que si bien el Gobierno analiza ese paquete de medidas, no estaba a\u00fan claro cu\u00e1ndo ser\u00eda conveniente implementarlas. Consideraban que solo deber\u00eda implementarse\u00a0en caso de que crezca muy fuerte el n\u00famero de infectados.<\/p>\n<p>Opciones. En caso de que no se decrete la cuarentena, en el Poder Ejecutivo evaluaban otros planes. Uno es que una vez que el 31 de marzo terminen las medidas restrictivas vigentes, unificar los feriados del 2 de abril con los de Semana Santa para facilitar el \u201caislamiento voluntario\u201d. As\u00ed habr\u00eda 13 d\u00edas feriados continuados. Esta opci\u00f3n se podr\u00eda adelantar ya a los feriados del 23 y 24 de marzo.<\/p>\n<p>El Presidente, que este mi\u00e9rcoles\u00a0estuvo todo el d\u00eda en la Casa Rosada,\u00a0comunicar\u00e1 el jueves medidas para aliviar el pago de tarifas y para monotributistas.<\/p>\n<p>Adem\u00e1s se estableci\u00f3 que los jefes parlamentarios de la oposici\u00f3n replicar\u00e1n la reuni\u00f3n de este mi\u00e9rcoles cada 15 d\u00edas.<\/p>\n<p>Por ahora, seg\u00fan dijeron los l\u00edderes parlamentarios que participaron de la reuni\u00f3n con Alberto, no se habla de la necesidad de dictar Estado de Sitio.<\/p>\n<p><em>Fuente: Clar\u00edn<\/em><\/p>\n","protected":false},"excerpt":{"rendered":"<p>Dispondr\u00eda un cese de actividades comerciales, salvo aquellas esenciales, como farmacias, supermercados y estaciones de servicio.<\/p>\n","protected":false},"author":2,"featured_media":41084,"comment_status":"open","ping_status":"open","sticky":false,"template":"","format":"standard","meta":{"fifu_image_url":"","fifu_image_alt":"","footnotes":""},"categories":[16],"tags":[1311,1426],"class_list":{"0":"post-41083","1":"post","2":"type-post","3":"status-publish","4":"format-standard","5":"has-post-thumbnail","7":"category-politi","8":"tag-alberto-fernandez","9":"tag-coronavirus"},"yoast_head":"<title>Alberto estudia decretar una cuarentena total y obligatoria - Informe Litoral<\/title>\n<meta name=\"robots\" content=\"index, follow, max-snippet:-1, max-image-preview:large, max-video-preview:-1\" \/>\n<link rel=\"canonical\" href=\"https:\/\/informelitoral.com.ar\/alberto-estudia-decretar-una-cuarentena-total-y-obligatoria\/\" \/>\n<meta property=\"og:locale\" content=\"es_ES\" \/>\n<meta property=\"og:type\" content=\"article\" \/>\n<meta property=\"og:title\" content=\"Alberto estudia decretar una cuarentena total y obligatoria - Informe Litoral\" \/>\n<meta property=\"og:description\" content=\"Dispondr\u00eda un cese de actividades comerciales, salvo aquellas esenciales, como farmacias, supermercados y estaciones de servicio.\" \/>\n<meta property=\"og:url\" content=\"https:\/\/informelitoral.com.ar\/alberto-estudia-decretar-una-cuarentena-total-y-obligatoria\/\" \/>\n<meta property=\"og:site_name\" content=\"Informe Litoral\" \/>\n<meta property=\"article:publisher\" content=\"https:\/\/www.facebook.com\/informelitoral\/\" \/>\n<meta property=\"article:published_time\" content=\"2020-03-19T10:29:45+00:00\" \/>\n<meta property=\"og:image\" content=\"https:\/\/informelitoral.com.ar\/%77%70%2d%63%6f%6e%74%65%6e%74\/uploads\/2020\/03\/alberto-fernandez.jpg\" \/>\n\t<meta property=\"og:image:width\" content=\"1199\" \/>\n\t<meta property=\"og:image:height\" content=\"674\" \/>\n\t<meta property=\"og:image:type\" content=\"image\/jpeg\" \/>\n<meta name=\"author\" content=\"Gonzalo Schmidt\" \/>\n<meta name=\"twitter:card\" content=\"summary_large_image\" \/>\n<meta name=\"twitter:creator\" content=\"@InformeLitoral\" \/>\n<meta name=\"twitter:site\" content=\"@InformeLitoral\" \/>\n<meta name=\"twitter:label1\" content=\"Escrito por\" \/>\n\t<meta name=\"twitter:data1\" content=\"Gonzalo Schmidt\" \/>\n\t<meta name=\"twitter:label2\" content=\"Tiempo de lectura\" \/>\n\t<meta name=\"twitter:data2\" content=\"2 minutos\" \/>\n<script type=\"application\/ld+json\" class=\"yoast-schema-graph\">{\"@context\":\"https:\\\/\\\/schema.org\",\"@graph\":[{\"@type\":\"Article\",\"@id\":\"https:\\\/\\\/informelitoral.com.ar\\\/alberto-estudia-decretar-una-cuarentena-total-y-obligatoria\\\/#article\",\"isPartOf\":{\"@id\":\"https:\\\/\\\/informelitoral.com.ar\\\/alberto-estudia-decretar-una-cuarentena-total-y-obligatoria\\\/\"},\"author\":{\"name\":\"Gonzalo Schmidt\",\"@id\":\"https:\\\/\\\/informelitoral.com.ar\\\/#\\\/schema\\\/person\\\/b9d00407c836482871ef1d57bf8e3180\"},\"headline\":\"Alberto estudia decretar una cuarentena total y obligatoria\",\"datePublished\":\"2020-03-19T10:29:45+00:00\",\"mainEntityOfPage\":{\"@id\":\"https:\\\/\\\/informelitoral.com.ar\\\/alberto-estudia-decretar-una-cuarentena-total-y-obligatoria\\\/\"},\"wordCount\":430,\"commentCount\":0,\"publisher\":{\"@id\":\"https:\\\/\\\/informelitoral.com.ar\\\/#organization\"},\"image\":{\"@id\":\"https:\\\/\\\/informelitoral.com.ar\\\/alberto-estudia-decretar-una-cuarentena-total-y-obligatoria\\\/#primaryimage\"},\"thumbnailUrl\":\"https:\\\/\\\/informelitoral.com.ar\\\/%77%70%2d%63%6f%6e%74%65%6e%74\\\/uploads\\\/2020\\\/03\\\/alberto-fernandez.jpg\",\"keywords\":[\"Alberto Fern\u00e1ndez\",\"Coronavirus\"],\"articleSection\":[\"Politica\"],\"inLanguage\":\"es\",\"potentialAction\":[{\"@type\":\"CommentAction\",\"name\":\"Comment\",\"target\":[\"https:\\\/\\\/informelitoral.com.ar\\\/alberto-estudia-decretar-una-cuarentena-total-y-obligatoria\\\/#respond\"]}]},{\"@type\":\"WebPage\",\"@id\":\"https:\\\/\\\/informelitoral.com.ar\\\/alberto-estudia-decretar-una-cuarentena-total-y-obligatoria\\\/\",\"url\":\"https:\\\/\\\/informelitoral.com.ar\\\/alberto-estudia-decretar-una-cuarentena-total-y-obligatoria\\\/\",\"name\":\"Alberto estudia decretar una cuarentena total y obligatoria - Informe Litoral\",\"isPartOf\":{\"@id\":\"https:\\\/\\\/informelitoral.com.ar\\\/#website\"},\"primaryImageOfPage\":{\"@id\":\"https:\\\/\\\/informelitoral.com.ar\\\/alberto-estudia-decretar-una-cuarentena-total-y-obligatoria\\\/#primaryimage\"},\"image\":{\"@id\":\"https:\\\/\\\/informelitoral.com.ar\\\/alberto-estudia-decretar-una-cuarentena-total-y-obligatoria\\\/#primaryimage\"},\"thumbnailUrl\":\"https:\\\/\\\/informelitoral.com.ar\\\/%77%70%2d%63%6f%6e%74%65%6e%74\\\/uploads\\\/2020\\\/03\\\/alberto-fernandez.jpg\",\"datePublished\":\"2020-03-19T10:29:45+00:00\",\"breadcrumb\":{\"@id\":\"https:\\\/\\\/informelitoral.com.ar\\\/alberto-estudia-decretar-una-cuarentena-total-y-obligatoria\\\/#breadcrumb\"},\"inLanguage\":\"es\",\"potentialAction\":[{\"@type\":\"ReadAction\",\"target\":[\"https:\\\/\\\/informelitoral.com.ar\\\/alberto-estudia-decretar-una-cuarentena-total-y-obligatoria\\\/\"]}]},{\"@type\":\"ImageObject\",\"inLanguage\":\"es\",\"@id\":\"https:\\\/\\\/informelitoral.com.ar\\\/alberto-estudia-decretar-una-cuarentena-total-y-obligatoria\\\/#primaryimage\",\"url\":\"https:\\\/\\\/informelitoral.com.ar\\\/%77%70%2d%63%6f%6e%74%65%6e%74\\\/uploads\\\/2020\\\/03\\\/alberto-fernandez.jpg\",\"contentUrl\":\"https:\\\/\\\/informelitoral.com.ar\\\/%77%70%2d%63%6f%6e%74%65%6e%74\\\/uploads\\\/2020\\\/03\\\/alberto-fernandez.jpg\",\"width\":1199,\"height\":674},{\"@type\":\"BreadcrumbList\",\"@id\":\"https:\\\/\\\/informelitoral.com.ar\\\/alberto-estudia-decretar-una-cuarentena-total-y-obligatoria\\\/#breadcrumb\",\"itemListElement\":[{\"@type\":\"ListItem\",\"position\":1,\"name\":\"Portada\",\"item\":\"https:\\\/\\\/informelitoral.com.ar\\\/\"},{\"@type\":\"ListItem\",\"position\":2,\"name\":\"Alberto estudia decretar una cuarentena total y obligatoria\"}]},{\"@type\":\"WebSite\",\"@id\":\"https:\\\/\\\/informelitoral.com.ar\\\/#website\",\"url\":\"https:\\\/\\\/informelitoral.com.ar\\\/\",\"name\":\"Informe Litoral\",\"description\":\"&quot;Nos informamos&quot; \",\"publisher\":{\"@id\":\"https:\\\/\\\/informelitoral.com.ar\\\/#organization\"},\"potentialAction\":[{\"@type\":\"SearchAction\",\"target\":{\"@type\":\"EntryPoint\",\"urlTemplate\":\"https:\\\/\\\/informelitoral.com.ar\\\/?s={search_term_string}\"},\"query-input\":{\"@type\":\"PropertyValueSpecification\",\"valueRequired\":true,\"valueName\":\"search_term_string\"}}],\"inLanguage\":\"es\"},{\"@type\":\"Organization\",\"@id\":\"https:\\\/\\\/informelitoral.com.ar\\\/#organization\",\"name\":\"Informe Litoral\",\"url\":\"https:\\\/\\\/informelitoral.com.ar\\\/\",\"logo\":{\"@type\":\"ImageObject\",\"inLanguage\":\"es\",\"@id\":\"https:\\\/\\\/informelitoral.com.ar\\\/#\\\/schema\\\/logo\\\/image\\\/\",\"url\":\"https:\\\/\\\/informelitoral.com.ar\\\/%77%70%2d%63%6f%6e%74%65%6e%74\\\/uploads\\\/2021\\\/01\\\/circulo.png\",\"contentUrl\":\"https:\\\/\\\/informelitoral.com.ar\\\/%77%70%2d%63%6f%6e%74%65%6e%74\\\/uploads\\\/2021\\\/01\\\/circulo.png\",\"width\":723,\"height\":731,\"caption\":\"Informe Litoral\"},\"image\":{\"@id\":\"https:\\\/\\\/informelitoral.com.ar\\\/#\\\/schema\\\/logo\\\/image\\\/\"},\"sameAs\":[\"https:\\\/\\\/www.facebook.com\\\/informelitoral\\\/\",\"https:\\\/\\\/x.com\\\/InformeLitoral\",\"https:\\\/\\\/www.instagram.com\\\/informelitoral\\\/\",\"https:\\\/\\\/www.youtube.com\\\/channel\\\/UCua4Qvz8Icb6MYqhoq9xLXw\"]},{\"@type\":\"Person\",\"@id\":\"https:\\\/\\\/informelitoral.com.ar\\\/#\\\/schema\\\/person\\\/b9d00407c836482871ef1d57bf8e3180\",\"name\":\"Gonzalo Schmidt\",\"image\":{\"@type\":\"ImageObject\",\"inLanguage\":\"es\",\"@id\":\"https:\\\/\\\/secure.gravatar.com\\\/avatar\\\/31a1a7b66ff2de83bd0e9fd79d026630d2d99e55e8bfe501287647b4fd9743de?s=96&d=mm&r=g\",\"url\":\"https:\\\/\\\/secure.gravatar.com\\\/avatar\\\/31a1a7b66ff2de83bd0e9fd79d026630d2d99e55e8bfe501287647b4fd9743de?s=96&d=mm&r=g\",\"contentUrl\":\"https:\\\/\\\/secure.gravatar.com\\\/avatar\\\/31a1a7b66ff2de83bd0e9fd79d026630d2d99e55e8bfe501287647b4fd9743de?s=96&d=mm&r=g\",\"caption\":\"Gonzalo Schmidt\"},\"description\":\"Sitio web de noticias de la provincia de Entre R\u00edos, Argentina. Informaci\u00f3n y entretenimiento. Informe Litoral, nos informamos.\",\"sameAs\":[\"http:\\\/\\\/www.isletasnoticias.com.ar\"],\"url\":\"https:\\\/\\\/informelitoral.com.ar\\\/author\\\/gonzalo\\\/\"}]}<\/script>","yoast_head_json":{"title":"Alberto estudia decretar una cuarentena total y obligatoria - Informe Litoral","robots":{"index":"index","follow":"follow","max-snippet":"max-snippet:-1","max-image-preview":"max-image-preview:large","max-video-preview":"max-video-preview:-1"},"canonical":"https:\/\/informelitoral.com.ar\/alberto-estudia-decretar-una-cuarentena-total-y-obligatoria\/","og_locale":"es_ES","og_type":"article","og_title":"Alberto estudia decretar una cuarentena total y obligatoria - Informe Litoral","og_description":"Dispondr\u00eda un cese de actividades comerciales, salvo aquellas esenciales, como farmacias, supermercados y estaciones de servicio.","og_url":"https:\/\/informelitoral.com.ar\/alberto-estudia-decretar-una-cuarentena-total-y-obligatoria\/","og_site_name":"Informe Litoral","article_publisher":"https:\/\/www.facebook.com\/informelitoral\/","article_published_time":"2020-03-19T10:29:45+00:00","og_image":[{"width":1199,"height":674,"url":"https:\/\/informelitoral.com.ar\/%77%70%2d%63%6f%6e%74%65%6e%74\/uploads\/2020\/03\/alberto-fernandez.jpg","type":"image\/jpeg"}],"author":"Gonzalo Schmidt","twitter_card":"summary_large_image","twitter_creator":"@InformeLitoral","twitter_site":"@InformeLitoral","twitter_misc":{"Escrito por":"Gonzalo Schmidt","Tiempo de lectura":"2 minutos"},"schema":{"@context":"https:\/\/schema.org","@graph":[{"@type":"Article","@id":"https:\/\/informelitoral.com.ar\/alberto-estudia-decretar-una-cuarentena-total-y-obligatoria\/#article","isPartOf":{"@id":"https:\/\/informelitoral.com.ar\/alberto-estudia-decretar-una-cuarentena-total-y-obligatoria\/"},"author":{"name":"Gonzalo Schmidt","@id":"https:\/\/informelitoral.com.ar\/#\/schema\/person\/b9d00407c836482871ef1d57bf8e3180"},"headline":"Alberto estudia decretar una cuarentena total y obligatoria","datePublished":"2020-03-19T10:29:45+00:00","mainEntityOfPage":{"@id":"https:\/\/informelitoral.com.ar\/alberto-estudia-decretar-una-cuarentena-total-y-obligatoria\/"},"wordCount":430,"commentCount":0,"publisher":{"@id":"https:\/\/informelitoral.com.ar\/#organization"},"image":{"@id":"https:\/\/informelitoral.com.ar\/alberto-estudia-decretar-una-cuarentena-total-y-obligatoria\/#primaryimage"},"thumbnailUrl":"https:\/\/informelitoral.com.ar\/%77%70%2d%63%6f%6e%74%65%6e%74\/uploads\/2020\/03\/alberto-fernandez.jpg","keywords":["Alberto Fern\u00e1ndez","Coronavirus"],"articleSection":["Politica"],"inLanguage":"es","potentialAction":[{"@type":"CommentAction","name":"Comment","target":["https:\/\/informelitoral.com.ar\/alberto-estudia-decretar-una-cuarentena-total-y-obligatoria\/#respond"]}]},{"@type":"WebPage","@id":"https:\/\/informelitoral.com.ar\/alberto-estudia-decretar-una-cuarentena-total-y-obligatoria\/","url":"https:\/\/informelitoral.com.ar\/alberto-estudia-decretar-una-cuarentena-total-y-obligatoria\/","name":"Alberto estudia decretar una cuarentena total y obligatoria - Informe Litoral","isPartOf":{"@id":"https:\/\/informelitoral.com.ar\/#website"},"primaryImageOfPage":{"@id":"https:\/\/informelitoral.com.ar\/alberto-estudia-decretar-una-cuarentena-total-y-obligatoria\/#primaryimage"},"image":{"@id":"https:\/\/informelitoral.com.ar\/alberto-estudia-decretar-una-cuarentena-total-y-obligatoria\/#primaryimage"},"thumbnailUrl":"https:\/\/informelitoral.com.ar\/%77%70%2d%63%6f%6e%74%65%6e%74\/uploads\/2020\/03\/alberto-fernandez.jpg","datePublished":"2020-03-19T10:29:45+00:00","breadcrumb":{"@id":"https:\/\/informelitoral.com.ar\/alberto-estudia-decretar-una-cuarentena-total-y-obligatoria\/#breadcrumb"},"inLanguage":"es","potentialAction":[{"@type":"ReadAction","target":["https:\/\/informelitoral.com.ar\/alberto-estudia-decretar-una-cuarentena-total-y-obligatoria\/"]}]},{"@type":"ImageObject","inLanguage":"es","@id":"https:\/\/informelitoral.com.ar\/alberto-estudia-decretar-una-cuarentena-total-y-obligatoria\/#primaryimage","url":"https:\/\/informelitoral.com.ar\/%77%70%2d%63%6f%6e%74%65%6e%74\/uploads\/2020\/03\/alberto-fernandez.jpg","contentUrl":"https:\/\/informelitoral.com.ar\/%77%70%2d%63%6f%6e%74%65%6e%74\/uploads\/2020\/03\/alberto-fernandez.jpg","width":1199,"height":674},{"@type":"BreadcrumbList","@id":"https:\/\/informelitoral.com.ar\/alberto-estudia-decretar-una-cuarentena-total-y-obligatoria\/#breadcrumb","itemListElement":[{"@type":"ListItem","position":1,"name":"Portada","item":"https:\/\/informelitoral.com.ar\/"},{"@type":"ListItem","position":2,"name":"Alberto estudia decretar una cuarentena total y obligatoria"}]},{"@type":"WebSite","@id":"https:\/\/informelitoral.com.ar\/#website","url":"https:\/\/informelitoral.com.ar\/","name":"Informe Litoral","description":"&quot;Nos informamos&quot; ","publisher":{"@id":"https:\/\/informelitoral.com.ar\/#organization"},"potentialAction":[{"@type":"SearchAction","target":{"@type":"EntryPoint","urlTemplate":"https:\/\/informelitoral.com.ar\/?s={search_term_string}"},"query-input":{"@type":"PropertyValueSpecification","valueRequired":true,"valueName":"search_term_string"}}],"inLanguage":"es"},{"@type":"Organization","@id":"https:\/\/informelitoral.com.ar\/#organization","name":"Informe Litoral","url":"https:\/\/informelitoral.com.ar\/","logo":{"@type":"ImageObject","inLanguage":"es","@id":"https:\/\/informelitoral.com.ar\/#\/schema\/logo\/image\/","url":"https:\/\/informelitoral.com.ar\/%77%70%2d%63%6f%6e%74%65%6e%74\/uploads\/2021\/01\/circulo.png","contentUrl":"https:\/\/informelitoral.com.ar\/%77%70%2d%63%6f%6e%74%65%6e%74\/uploads\/2021\/01\/circulo.png","width":723,"height":731,"caption":"Informe Litoral"},"image":{"@id":"https:\/\/informelitoral.com.ar\/#\/schema\/logo\/image\/"},"sameAs":["https:\/\/www.facebook.com\/informelitoral\/","https:\/\/x.com\/InformeLitoral","https:\/\/www.instagram.com\/informelitoral\/","https:\/\/www.youtube.com\/channel\/UCua4Qvz8Icb6MYqhoq9xLXw"]},{"@type":"Person","@id":"https:\/\/informelitoral.com.ar\/#\/schema\/person\/b9d00407c836482871ef1d57bf8e3180","name":"Gonzalo Schmidt","image":{"@type":"ImageObject","inLanguage":"es","@id":"https:\/\/secure.gravatar.com\/avatar\/31a1a7b66ff2de83bd0e9fd79d026630d2d99e55e8bfe501287647b4fd9743de?s=96&d=mm&r=g","url":"https:\/\/secure.gravatar.com\/avatar\/31a1a7b66ff2de83bd0e9fd79d026630d2d99e55e8bfe501287647b4fd9743de?s=96&d=mm&r=g","contentUrl":"https:\/\/secure.gravatar.com\/avatar\/31a1a7b66ff2de83bd0e9fd79d026630d2d99e55e8bfe501287647b4fd9743de?s=96&d=mm&r=g","caption":"Gonzalo Schmidt"},"description":"Sitio web de noticias de la provincia de Entre R\u00edos, Argentina. Informaci\u00f3n y entretenimiento. Informe Litoral, nos informamos.","sameAs":["http:\/\/www.isletasnoticias.com.ar"],"url":"https:\/\/informelitoral.com.ar\/author\/gonzalo\/"}]}},"_links":{"self":[{"href":"https:\/\/informelitoral.com.ar\/%77%70%2d%6a%73%6f%6e\/wp\/v2\/posts\/41083","targetHints":{"allow":["GET"]}}],"collection":[{"href":"https:\/\/informelitoral.com.ar\/%77%70%2d%6a%73%6f%6e\/wp\/v2\/posts"}],"about":[{"href":"https:\/\/informelitoral.com.ar\/%77%70%2d%6a%73%6f%6e\/wp\/v2\/types\/post"}],"author":[{"embeddable":true,"href":"https:\/\/informelitoral.com.ar\/%77%70%2d%6a%73%6f%6e\/wp\/v2\/users\/2"}],"replies":[{"embeddable":true,"href":"https:\/\/informelitoral.com.ar\/%77%70%2d%6a%73%6f%6e\/wp\/v2\/comments?post=41083"}],"version-history":[{"count":0,"href":"https:\/\/informelitoral.com.ar\/%77%70%2d%6a%73%6f%6e\/wp\/v2\/posts\/41083\/revisions"}],"wp:featuredmedia":[{"embeddable":true,"href":"https:\/\/informelitoral.com.ar\/%77%70%2d%6a%73%6f%6e\/wp\/v2\/media\/41084"}],"wp:attachment":[{"href":"https:\/\/informelitoral.com.ar\/%77%70%2d%6a%73%6f%6e\/wp\/v2\/media?parent=41083"}],"wp:term":[{"taxonomy":"category","embeddable":true,"href":"https:\/\/informelitoral.com.ar\/%77%70%2d%6a%73%6f%6e\/wp\/v2\/categories?post=41083"},{"taxonomy":"post_tag","embeddable":true,"href":"https:\/\/informelitoral.com.ar\/%77%70%2d%6a%73%6f%6e\/wp\/v2\/tags?post=41083"}],"curies":[{"name":"wp","href":"https:\/\/api.w.org\/{rel}","templated":true}]}}