{"id":41039,"date":"2020-03-17T15:03:08","date_gmt":"2020-03-17T18:03:08","guid":{"rendered":"https:\/\/www.isletasnoticias.com.ar\/?p=41039"},"modified":"2020-03-17T15:04:10","modified_gmt":"2020-03-17T18:04:10","slug":"bordet-dispuso-asueto-administrativo-hasta-el-31-de-marzo-en-entre-rios","status":"publish","type":"post","link":"https:\/\/informelitoral.com.ar\/bordet-dispuso-asueto-administrativo-hasta-el-31-de-marzo-en-entre-rios\/","title":{"rendered":"Bordet dispuso asueto administrativo hasta el 31 de marzo en Entre R\u00edos"},"content":{"rendered":"<p>En el marco de las pol\u00edticas para contener la propagaci\u00f3n del Coronavirus, el gobernador <strong>Gustavo Bordet<\/strong> decret\u00f3 <strong>asueto para la administraci\u00f3n p\u00fablica provincial hasta el 31 de marzo.<\/strong> Fue a trav\u00e9s del decreto N\u00b0 368.<strong> Se mantendr\u00e1n guardias m\u00ednimas para garantizar servicios esenciales.<\/strong><\/p>\n<p><strong>Tambi\u00e9n se dispensa de la asistencia a sus lugares de trabajo a las personas de 60 a\u00f1os o mayores, salvo las declaradas personal esencial, o que est\u00e9n afectadas a actividades cr\u00edticas o de prestaci\u00f3n de servicios indispensables, as\u00ed como tambi\u00e9n las declaradas en situaci\u00f3n de riesgo por el Comit\u00e9 de Organizaci\u00f3n de la Emergencia en Salud.<\/strong><\/p>\n<p><strong>Inh\u00e1bil<\/strong><\/p>\n<p>Adem\u00e1s, la norma declara inh\u00e1bil a los fines de los procesos administrativos para el periodo comprendido hasta el 31 de marzo, y especifica las excepciones correspondientes.<\/p>\n<p>Se dispone por otra parte el mantenimiento de guardias m\u00ednimas, facultando a los ministros y secretarios de Estado a establecer las medidas necesarias para garantizar los servicios esenciales y el funcionamiento de sus dependencias en el per\u00edodo de asueto. Para ello podr\u00e1n disponer de las modalidades bajo las cuales se prestar\u00e1n los servicios, agentes responsables, as\u00ed como los lineamientos a seguir para la atenci\u00f3n de situaciones extraordinarias y\/o de urgencia.<\/p>\n<p><strong>Guardias <\/strong><\/p>\n<p>Se establece tambi\u00e9n que el personal en guardia pasiva, es decir, el no afectado al cumplimiento de guardias m\u00ednimas, deber\u00e1 estar disponible en caso de ser requerido por la superioridad.<\/p>\n<p><span style=\"text-align: center;\">Asimismo, los responsables de cada jurisdicci\u00f3n podr\u00e1n determinar las condiciones y pautas para que se realicen las tareas habituales o an\u00e1logas que los agentes puedan desarrollar en forma remota.<\/span><\/p>\n<p>Por otra parte, se dispensa de la asistencia a sus lugares de trabajo a las personas de 60 a\u00f1os o mayores, salvo las declaradas personal esencial, o que est\u00e9n afectadas a actividades cr\u00edticas o de prestaci\u00f3n de servicios indispensables, as\u00ed como tambi\u00e9n las declaradas en situaci\u00f3n por el Comit\u00e9 de Organizaci\u00f3n de la Emergencia en Salud.<\/p>\n<p>La norma except\u00faa sin embargo al personal de la Polic\u00eda de Entre R\u00edos, de la Direcci\u00f3n General del Servicio Penitenciario, del Ministerio de Salud y de la Subsecretar\u00eda de Pol\u00edticas Alimentarias, incluyendo la Direcci\u00f3n de Comedores dependiente de esta \u00faltima.<\/p>\n<p><strong>Aumentos<\/strong><\/p>\n<p>En su art\u00edculo 9\u00b0, <strong>el decreto establece un aumento del 50 por ciento del adicional por riesgo (c\u00f3d. 201, 210, 212, 214, 226 y 238) para todos los escalafones de los agentes dependientes del Ministerio de Salud que perciban los mismos en raz\u00f3n de las tareas espec\u00edficas del \u00e1rea, quienes se encuentran al frente de la atenci\u00f3n sanitaria en el marco de esta situaci\u00f3n epidemiol\u00f3gica actual, por el plazo comprendido hasta el 31 de marzo.<\/strong><\/p>\n<p>Tambi\u00e9n se dispuso un<strong> aumento del 20 por ciento de las becas de los residentes en salud,<\/strong> por el mismo periodo.<\/p>\n<p>Por \u00faltimo, el Poder Ejecutivo invita a los titulares de los entes descentralizados y a los se\u00f1ores presidentes de las C\u00e1maras de Diputados y Senadores a adoptar medidas an\u00e1logas.<\/p>\n","protected":false},"excerpt":{"rendered":"<p>El gobernador Gustavo Bordet firm\u00f3 el decreto hoy. Mantienen guardias m\u00ednimas de servicios esenciales. Otorgan aumento a personal de Salud en riesgo.<\/p>\n","protected":false},"author":2,"featured_media":41041,"comment_status":"open","ping_status":"open","sticky":false,"template":"","format":"standard","meta":{"fifu_image_url":"","fifu_image_alt":"","footnotes":""},"categories":[6,16],"tags":[1426,167],"class_list":{"0":"post-41039","1":"post","2":"type-post","3":"status-publish","4":"format-standard","5":"has-post-thumbnail","7":"category-entre-rios","8":"category-politi","9":"tag-coronavirus","10":"tag-gustavo-bordet"},"yoast_head":"<title>Bordet dispuso asueto administrativo hasta el 31 de marzo en Entre R\u00edos - Informe Litoral<\/title>\n<meta name=\"robots\" content=\"index, follow, max-snippet:-1, max-image-preview:large, max-video-preview:-1\" \/>\n<link rel=\"canonical\" href=\"https:\/\/informelitoral.com.ar\/bordet-dispuso-asueto-administrativo-hasta-el-31-de-marzo-en-entre-rios\/\" \/>\n<meta property=\"og:locale\" content=\"es_ES\" \/>\n<meta property=\"og:type\" content=\"article\" \/>\n<meta property=\"og:title\" content=\"Bordet dispuso asueto administrativo hasta el 31 de marzo en Entre R\u00edos - Informe Litoral\" \/>\n<meta property=\"og:description\" content=\"El gobernador Gustavo Bordet firm\u00f3 el decreto hoy. Mantienen guardias m\u00ednimas de servicios esenciales. Otorgan aumento a personal de Salud en riesgo.\" \/>\n<meta property=\"og:url\" content=\"https:\/\/informelitoral.com.ar\/bordet-dispuso-asueto-administrativo-hasta-el-31-de-marzo-en-entre-rios\/\" \/>\n<meta property=\"og:site_name\" content=\"Informe Litoral\" \/>\n<meta property=\"article:publisher\" content=\"https:\/\/www.facebook.com\/informelitoral\/\" \/>\n<meta property=\"article:published_time\" content=\"2020-03-17T18:03:08+00:00\" \/>\n<meta property=\"article:modified_time\" content=\"2020-03-17T18:04:10+00:00\" \/>\n<meta property=\"og:image\" content=\"https:\/\/informelitoral.com.ar\/%77%70%2d%63%6f%6e%74%65%6e%74\/uploads\/2020\/03\/p_1584460724-1536x640.jpg\" \/>\n\t<meta property=\"og:image:width\" content=\"1536\" \/>\n\t<meta property=\"og:image:height\" content=\"640\" \/>\n\t<meta property=\"og:image:type\" content=\"image\/jpeg\" \/>\n<meta name=\"author\" content=\"Gonzalo Schmidt\" \/>\n<meta name=\"twitter:card\" content=\"summary_large_image\" \/>\n<meta name=\"twitter:creator\" content=\"@InformeLitoral\" \/>\n<meta name=\"twitter:site\" content=\"@InformeLitoral\" \/>\n<meta name=\"twitter:label1\" content=\"Escrito por\" \/>\n\t<meta name=\"twitter:data1\" content=\"Gonzalo Schmidt\" \/>\n\t<meta name=\"twitter:label2\" content=\"Tiempo de lectura\" \/>\n\t<meta name=\"twitter:data2\" content=\"3 minutos\" \/>\n<script type=\"application\/ld+json\" class=\"yoast-schema-graph\">{\"@context\":\"https:\\\/\\\/schema.org\",\"@graph\":[{\"@type\":\"Article\",\"@id\":\"https:\\\/\\\/informelitoral.com.ar\\\/bordet-dispuso-asueto-administrativo-hasta-el-31-de-marzo-en-entre-rios\\\/#article\",\"isPartOf\":{\"@id\":\"https:\\\/\\\/informelitoral.com.ar\\\/bordet-dispuso-asueto-administrativo-hasta-el-31-de-marzo-en-entre-rios\\\/\"},\"author\":{\"name\":\"Gonzalo Schmidt\",\"@id\":\"https:\\\/\\\/informelitoral.com.ar\\\/#\\\/schema\\\/person\\\/b9d00407c836482871ef1d57bf8e3180\"},\"headline\":\"Bordet dispuso asueto administrativo hasta el 31 de marzo en Entre R\u00edos\",\"datePublished\":\"2020-03-17T18:03:08+00:00\",\"dateModified\":\"2020-03-17T18:04:10+00:00\",\"mainEntityOfPage\":{\"@id\":\"https:\\\/\\\/informelitoral.com.ar\\\/bordet-dispuso-asueto-administrativo-hasta-el-31-de-marzo-en-entre-rios\\\/\"},\"wordCount\":529,\"commentCount\":0,\"publisher\":{\"@id\":\"https:\\\/\\\/informelitoral.com.ar\\\/#organization\"},\"image\":{\"@id\":\"https:\\\/\\\/informelitoral.com.ar\\\/bordet-dispuso-asueto-administrativo-hasta-el-31-de-marzo-en-entre-rios\\\/#primaryimage\"},\"thumbnailUrl\":\"https:\\\/\\\/informelitoral.com.ar\\\/%77%70%2d%63%6f%6e%74%65%6e%74\\\/uploads\\\/2020\\\/03\\\/p_1584460724-1536x640.jpg\",\"keywords\":[\"Coronavirus\",\"Gustavo Bordet\"],\"articleSection\":[\"Entre R\u00edos\",\"Politica\"],\"inLanguage\":\"es\",\"potentialAction\":[{\"@type\":\"CommentAction\",\"name\":\"Comment\",\"target\":[\"https:\\\/\\\/informelitoral.com.ar\\\/bordet-dispuso-asueto-administrativo-hasta-el-31-de-marzo-en-entre-rios\\\/#respond\"]}]},{\"@type\":\"WebPage\",\"@id\":\"https:\\\/\\\/informelitoral.com.ar\\\/bordet-dispuso-asueto-administrativo-hasta-el-31-de-marzo-en-entre-rios\\\/\",\"url\":\"https:\\\/\\\/informelitoral.com.ar\\\/bordet-dispuso-asueto-administrativo-hasta-el-31-de-marzo-en-entre-rios\\\/\",\"name\":\"Bordet dispuso asueto administrativo hasta el 31 de marzo en Entre R\u00edos - Informe Litoral\",\"isPartOf\":{\"@id\":\"https:\\\/\\\/informelitoral.com.ar\\\/#website\"},\"primaryImageOfPage\":{\"@id\":\"https:\\\/\\\/informelitoral.com.ar\\\/bordet-dispuso-asueto-administrativo-hasta-el-31-de-marzo-en-entre-rios\\\/#primaryimage\"},\"image\":{\"@id\":\"https:\\\/\\\/informelitoral.com.ar\\\/bordet-dispuso-asueto-administrativo-hasta-el-31-de-marzo-en-entre-rios\\\/#primaryimage\"},\"thumbnailUrl\":\"https:\\\/\\\/informelitoral.com.ar\\\/%77%70%2d%63%6f%6e%74%65%6e%74\\\/uploads\\\/2020\\\/03\\\/p_1584460724-1536x640.jpg\",\"datePublished\":\"2020-03-17T18:03:08+00:00\",\"dateModified\":\"2020-03-17T18:04:10+00:00\",\"breadcrumb\":{\"@id\":\"https:\\\/\\\/informelitoral.com.ar\\\/bordet-dispuso-asueto-administrativo-hasta-el-31-de-marzo-en-entre-rios\\\/#breadcrumb\"},\"inLanguage\":\"es\",\"potentialAction\":[{\"@type\":\"ReadAction\",\"target\":[\"https:\\\/\\\/informelitoral.com.ar\\\/bordet-dispuso-asueto-administrativo-hasta-el-31-de-marzo-en-entre-rios\\\/\"]}]},{\"@type\":\"ImageObject\",\"inLanguage\":\"es\",\"@id\":\"https:\\\/\\\/informelitoral.com.ar\\\/bordet-dispuso-asueto-administrativo-hasta-el-31-de-marzo-en-entre-rios\\\/#primaryimage\",\"url\":\"https:\\\/\\\/informelitoral.com.ar\\\/%77%70%2d%63%6f%6e%74%65%6e%74\\\/uploads\\\/2020\\\/03\\\/p_1584460724-1536x640.jpg\",\"contentUrl\":\"https:\\\/\\\/informelitoral.com.ar\\\/%77%70%2d%63%6f%6e%74%65%6e%74\\\/uploads\\\/2020\\\/03\\\/p_1584460724-1536x640.jpg\",\"width\":1536,\"height\":640},{\"@type\":\"BreadcrumbList\",\"@id\":\"https:\\\/\\\/informelitoral.com.ar\\\/bordet-dispuso-asueto-administrativo-hasta-el-31-de-marzo-en-entre-rios\\\/#breadcrumb\",\"itemListElement\":[{\"@type\":\"ListItem\",\"position\":1,\"name\":\"Portada\",\"item\":\"https:\\\/\\\/informelitoral.com.ar\\\/\"},{\"@type\":\"ListItem\",\"position\":2,\"name\":\"Bordet dispuso asueto administrativo hasta el 31 de marzo en Entre R\u00edos\"}]},{\"@type\":\"WebSite\",\"@id\":\"https:\\\/\\\/informelitoral.com.ar\\\/#website\",\"url\":\"https:\\\/\\\/informelitoral.com.ar\\\/\",\"name\":\"Informe Litoral\",\"description\":\"&quot;Nos informamos&quot; \",\"publisher\":{\"@id\":\"https:\\\/\\\/informelitoral.com.ar\\\/#organization\"},\"potentialAction\":[{\"@type\":\"SearchAction\",\"target\":{\"@type\":\"EntryPoint\",\"urlTemplate\":\"https:\\\/\\\/informelitoral.com.ar\\\/?s={search_term_string}\"},\"query-input\":{\"@type\":\"PropertyValueSpecification\",\"valueRequired\":true,\"valueName\":\"search_term_string\"}}],\"inLanguage\":\"es\"},{\"@type\":\"Organization\",\"@id\":\"https:\\\/\\\/informelitoral.com.ar\\\/#organization\",\"name\":\"Informe Litoral\",\"url\":\"https:\\\/\\\/informelitoral.com.ar\\\/\",\"logo\":{\"@type\":\"ImageObject\",\"inLanguage\":\"es\",\"@id\":\"https:\\\/\\\/informelitoral.com.ar\\\/#\\\/schema\\\/logo\\\/image\\\/\",\"url\":\"https:\\\/\\\/informelitoral.com.ar\\\/%77%70%2d%63%6f%6e%74%65%6e%74\\\/uploads\\\/2021\\\/01\\\/circulo.png\",\"contentUrl\":\"https:\\\/\\\/informelitoral.com.ar\\\/%77%70%2d%63%6f%6e%74%65%6e%74\\\/uploads\\\/2021\\\/01\\\/circulo.png\",\"width\":723,\"height\":731,\"caption\":\"Informe Litoral\"},\"image\":{\"@id\":\"https:\\\/\\\/informelitoral.com.ar\\\/#\\\/schema\\\/logo\\\/image\\\/\"},\"sameAs\":[\"https:\\\/\\\/www.facebook.com\\\/informelitoral\\\/\",\"https:\\\/\\\/x.com\\\/InformeLitoral\",\"https:\\\/\\\/www.instagram.com\\\/informelitoral\\\/\",\"https:\\\/\\\/www.youtube.com\\\/channel\\\/UCua4Qvz8Icb6MYqhoq9xLXw\"]},{\"@type\":\"Person\",\"@id\":\"https:\\\/\\\/informelitoral.com.ar\\\/#\\\/schema\\\/person\\\/b9d00407c836482871ef1d57bf8e3180\",\"name\":\"Gonzalo Schmidt\",\"image\":{\"@type\":\"ImageObject\",\"inLanguage\":\"es\",\"@id\":\"https:\\\/\\\/secure.gravatar.com\\\/avatar\\\/31a1a7b66ff2de83bd0e9fd79d026630d2d99e55e8bfe501287647b4fd9743de?s=96&d=mm&r=g\",\"url\":\"https:\\\/\\\/secure.gravatar.com\\\/avatar\\\/31a1a7b66ff2de83bd0e9fd79d026630d2d99e55e8bfe501287647b4fd9743de?s=96&d=mm&r=g\",\"contentUrl\":\"https:\\\/\\\/secure.gravatar.com\\\/avatar\\\/31a1a7b66ff2de83bd0e9fd79d026630d2d99e55e8bfe501287647b4fd9743de?s=96&d=mm&r=g\",\"caption\":\"Gonzalo Schmidt\"},\"description\":\"Sitio web de noticias de la provincia de Entre R\u00edos, Argentina. Informaci\u00f3n y entretenimiento. Informe Litoral, nos informamos.\",\"sameAs\":[\"http:\\\/\\\/www.isletasnoticias.com.ar\"],\"url\":\"https:\\\/\\\/informelitoral.com.ar\\\/author\\\/gonzalo\\\/\"}]}<\/script>","yoast_head_json":{"title":"Bordet dispuso asueto administrativo hasta el 31 de marzo en Entre R\u00edos - Informe Litoral","robots":{"index":"index","follow":"follow","max-snippet":"max-snippet:-1","max-image-preview":"max-image-preview:large","max-video-preview":"max-video-preview:-1"},"canonical":"https:\/\/informelitoral.com.ar\/bordet-dispuso-asueto-administrativo-hasta-el-31-de-marzo-en-entre-rios\/","og_locale":"es_ES","og_type":"article","og_title":"Bordet dispuso asueto administrativo hasta el 31 de marzo en Entre R\u00edos - Informe Litoral","og_description":"El gobernador Gustavo Bordet firm\u00f3 el decreto hoy. Mantienen guardias m\u00ednimas de servicios esenciales. Otorgan aumento a personal de Salud en riesgo.","og_url":"https:\/\/informelitoral.com.ar\/bordet-dispuso-asueto-administrativo-hasta-el-31-de-marzo-en-entre-rios\/","og_site_name":"Informe Litoral","article_publisher":"https:\/\/www.facebook.com\/informelitoral\/","article_published_time":"2020-03-17T18:03:08+00:00","article_modified_time":"2020-03-17T18:04:10+00:00","og_image":[{"width":1536,"height":640,"url":"https:\/\/informelitoral.com.ar\/%77%70%2d%63%6f%6e%74%65%6e%74\/uploads\/2020\/03\/p_1584460724-1536x640.jpg","type":"image\/jpeg"}],"author":"Gonzalo Schmidt","twitter_card":"summary_large_image","twitter_creator":"@InformeLitoral","twitter_site":"@InformeLitoral","twitter_misc":{"Escrito por":"Gonzalo Schmidt","Tiempo de lectura":"3 minutos"},"schema":{"@context":"https:\/\/schema.org","@graph":[{"@type":"Article","@id":"https:\/\/informelitoral.com.ar\/bordet-dispuso-asueto-administrativo-hasta-el-31-de-marzo-en-entre-rios\/#article","isPartOf":{"@id":"https:\/\/informelitoral.com.ar\/bordet-dispuso-asueto-administrativo-hasta-el-31-de-marzo-en-entre-rios\/"},"author":{"name":"Gonzalo Schmidt","@id":"https:\/\/informelitoral.com.ar\/#\/schema\/person\/b9d00407c836482871ef1d57bf8e3180"},"headline":"Bordet dispuso asueto administrativo hasta el 31 de marzo en Entre R\u00edos","datePublished":"2020-03-17T18:03:08+00:00","dateModified":"2020-03-17T18:04:10+00:00","mainEntityOfPage":{"@id":"https:\/\/informelitoral.com.ar\/bordet-dispuso-asueto-administrativo-hasta-el-31-de-marzo-en-entre-rios\/"},"wordCount":529,"commentCount":0,"publisher":{"@id":"https:\/\/informelitoral.com.ar\/#organization"},"image":{"@id":"https:\/\/informelitoral.com.ar\/bordet-dispuso-asueto-administrativo-hasta-el-31-de-marzo-en-entre-rios\/#primaryimage"},"thumbnailUrl":"https:\/\/informelitoral.com.ar\/%77%70%2d%63%6f%6e%74%65%6e%74\/uploads\/2020\/03\/p_1584460724-1536x640.jpg","keywords":["Coronavirus","Gustavo Bordet"],"articleSection":["Entre R\u00edos","Politica"],"inLanguage":"es","potentialAction":[{"@type":"CommentAction","name":"Comment","target":["https:\/\/informelitoral.com.ar\/bordet-dispuso-asueto-administrativo-hasta-el-31-de-marzo-en-entre-rios\/#respond"]}]},{"@type":"WebPage","@id":"https:\/\/informelitoral.com.ar\/bordet-dispuso-asueto-administrativo-hasta-el-31-de-marzo-en-entre-rios\/","url":"https:\/\/informelitoral.com.ar\/bordet-dispuso-asueto-administrativo-hasta-el-31-de-marzo-en-entre-rios\/","name":"Bordet dispuso asueto administrativo hasta el 31 de marzo en Entre R\u00edos - Informe Litoral","isPartOf":{"@id":"https:\/\/informelitoral.com.ar\/#website"},"primaryImageOfPage":{"@id":"https:\/\/informelitoral.com.ar\/bordet-dispuso-asueto-administrativo-hasta-el-31-de-marzo-en-entre-rios\/#primaryimage"},"image":{"@id":"https:\/\/informelitoral.com.ar\/bordet-dispuso-asueto-administrativo-hasta-el-31-de-marzo-en-entre-rios\/#primaryimage"},"thumbnailUrl":"https:\/\/informelitoral.com.ar\/%77%70%2d%63%6f%6e%74%65%6e%74\/uploads\/2020\/03\/p_1584460724-1536x640.jpg","datePublished":"2020-03-17T18:03:08+00:00","dateModified":"2020-03-17T18:04:10+00:00","breadcrumb":{"@id":"https:\/\/informelitoral.com.ar\/bordet-dispuso-asueto-administrativo-hasta-el-31-de-marzo-en-entre-rios\/#breadcrumb"},"inLanguage":"es","potentialAction":[{"@type":"ReadAction","target":["https:\/\/informelitoral.com.ar\/bordet-dispuso-asueto-administrativo-hasta-el-31-de-marzo-en-entre-rios\/"]}]},{"@type":"ImageObject","inLanguage":"es","@id":"https:\/\/informelitoral.com.ar\/bordet-dispuso-asueto-administrativo-hasta-el-31-de-marzo-en-entre-rios\/#primaryimage","url":"https:\/\/informelitoral.com.ar\/%77%70%2d%63%6f%6e%74%65%6e%74\/uploads\/2020\/03\/p_1584460724-1536x640.jpg","contentUrl":"https:\/\/informelitoral.com.ar\/%77%70%2d%63%6f%6e%74%65%6e%74\/uploads\/2020\/03\/p_1584460724-1536x640.jpg","width":1536,"height":640},{"@type":"BreadcrumbList","@id":"https:\/\/informelitoral.com.ar\/bordet-dispuso-asueto-administrativo-hasta-el-31-de-marzo-en-entre-rios\/#breadcrumb","itemListElement":[{"@type":"ListItem","position":1,"name":"Portada","item":"https:\/\/informelitoral.com.ar\/"},{"@type":"ListItem","position":2,"name":"Bordet dispuso asueto administrativo hasta el 31 de marzo en Entre R\u00edos"}]},{"@type":"WebSite","@id":"https:\/\/informelitoral.com.ar\/#website","url":"https:\/\/informelitoral.com.ar\/","name":"Informe Litoral","description":"&quot;Nos informamos&quot; ","publisher":{"@id":"https:\/\/informelitoral.com.ar\/#organization"},"potentialAction":[{"@type":"SearchAction","target":{"@type":"EntryPoint","urlTemplate":"https:\/\/informelitoral.com.ar\/?s={search_term_string}"},"query-input":{"@type":"PropertyValueSpecification","valueRequired":true,"valueName":"search_term_string"}}],"inLanguage":"es"},{"@type":"Organization","@id":"https:\/\/informelitoral.com.ar\/#organization","name":"Informe Litoral","url":"https:\/\/informelitoral.com.ar\/","logo":{"@type":"ImageObject","inLanguage":"es","@id":"https:\/\/informelitoral.com.ar\/#\/schema\/logo\/image\/","url":"https:\/\/informelitoral.com.ar\/%77%70%2d%63%6f%6e%74%65%6e%74\/uploads\/2021\/01\/circulo.png","contentUrl":"https:\/\/informelitoral.com.ar\/%77%70%2d%63%6f%6e%74%65%6e%74\/uploads\/2021\/01\/circulo.png","width":723,"height":731,"caption":"Informe Litoral"},"image":{"@id":"https:\/\/informelitoral.com.ar\/#\/schema\/logo\/image\/"},"sameAs":["https:\/\/www.facebook.com\/informelitoral\/","https:\/\/x.com\/InformeLitoral","https:\/\/www.instagram.com\/informelitoral\/","https:\/\/www.youtube.com\/channel\/UCua4Qvz8Icb6MYqhoq9xLXw"]},{"@type":"Person","@id":"https:\/\/informelitoral.com.ar\/#\/schema\/person\/b9d00407c836482871ef1d57bf8e3180","name":"Gonzalo Schmidt","image":{"@type":"ImageObject","inLanguage":"es","@id":"https:\/\/secure.gravatar.com\/avatar\/31a1a7b66ff2de83bd0e9fd79d026630d2d99e55e8bfe501287647b4fd9743de?s=96&d=mm&r=g","url":"https:\/\/secure.gravatar.com\/avatar\/31a1a7b66ff2de83bd0e9fd79d026630d2d99e55e8bfe501287647b4fd9743de?s=96&d=mm&r=g","contentUrl":"https:\/\/secure.gravatar.com\/avatar\/31a1a7b66ff2de83bd0e9fd79d026630d2d99e55e8bfe501287647b4fd9743de?s=96&d=mm&r=g","caption":"Gonzalo Schmidt"},"description":"Sitio web de noticias de la provincia de Entre R\u00edos, Argentina. Informaci\u00f3n y entretenimiento. Informe Litoral, nos informamos.","sameAs":["http:\/\/www.isletasnoticias.com.ar"],"url":"https:\/\/informelitoral.com.ar\/author\/gonzalo\/"}]}},"_links":{"self":[{"href":"https:\/\/informelitoral.com.ar\/%77%70%2d%6a%73%6f%6e\/wp\/v2\/posts\/41039","targetHints":{"allow":["GET"]}}],"collection":[{"href":"https:\/\/informelitoral.com.ar\/%77%70%2d%6a%73%6f%6e\/wp\/v2\/posts"}],"about":[{"href":"https:\/\/informelitoral.com.ar\/%77%70%2d%6a%73%6f%6e\/wp\/v2\/types\/post"}],"author":[{"embeddable":true,"href":"https:\/\/informelitoral.com.ar\/%77%70%2d%6a%73%6f%6e\/wp\/v2\/users\/2"}],"replies":[{"embeddable":true,"href":"https:\/\/informelitoral.com.ar\/%77%70%2d%6a%73%6f%6e\/wp\/v2\/comments?post=41039"}],"version-history":[{"count":0,"href":"https:\/\/informelitoral.com.ar\/%77%70%2d%6a%73%6f%6e\/wp\/v2\/posts\/41039\/revisions"}],"wp:featuredmedia":[{"embeddable":true,"href":"https:\/\/informelitoral.com.ar\/%77%70%2d%6a%73%6f%6e\/wp\/v2\/media\/41041"}],"wp:attachment":[{"href":"https:\/\/informelitoral.com.ar\/%77%70%2d%6a%73%6f%6e\/wp\/v2\/media?parent=41039"}],"wp:term":[{"taxonomy":"category","embeddable":true,"href":"https:\/\/informelitoral.com.ar\/%77%70%2d%6a%73%6f%6e\/wp\/v2\/categories?post=41039"},{"taxonomy":"post_tag","embeddable":true,"href":"https:\/\/informelitoral.com.ar\/%77%70%2d%6a%73%6f%6e\/wp\/v2\/tags?post=41039"}],"curies":[{"name":"wp","href":"https:\/\/api.w.org\/{rel}","templated":true}]}}