{"id":41029,"date":"2020-03-17T14:42:53","date_gmt":"2020-03-17T17:42:53","guid":{"rendered":"https:\/\/www.isletasnoticias.com.ar\/?p=41029"},"modified":"2020-03-17T14:42:53","modified_gmt":"2020-03-17T17:42:53","slug":"oficial-superliga-anuncio-la-suspension-del-futbol-hasta-el-31-de-marzo-por-el-coronavirus","status":"publish","type":"post","link":"https:\/\/informelitoral.com.ar\/oficial-superliga-anuncio-la-suspension-del-futbol-hasta-el-31-de-marzo-por-el-coronavirus\/","title":{"rendered":"Oficial: Superliga anunci\u00f3 la suspensi\u00f3n del f\u00fatbol hasta el 31 de marzo por el coronavirus"},"content":{"rendered":"<div class=\"row pb-content-type-text\">\n<div class=\"col-xs-12 col-print-12\">\n<p class=\"element element-paragraph\">La pelota no rodar\u00e1 de manera oficial en Argentina hasta el 31 de marzo. El f\u00fatbol dentro del territorio nacional estar\u00e1 en pausa tras el pedido de los futbolistas, luego de que la \u00faltima fecha de la Copa de la Superliga se disputara a puertas cerradas (lo mismo sucedi\u00f3 con las categor\u00edas de ascenso).<\/p>\n<\/div>\n<\/div>\n<div class=\"row pb-content-type-text\">\n<div class=\"col-xs-12 col-print-12\">\n<p class=\"element element-paragraph\">Tras el\u00a0anuncio del presidente Alberto Fern\u00e1ndez\u00a0de suspender las clases por dos semanas o el cierre de las fronteras,\u00a0la AFA tom\u00f3 nota y en primera medida posterg\u00f3 las competencias a nivel infantil y juvenil. En el mismo comunicado, advirtieron que la Reserva, como la \u00e9lite del f\u00fatbol femenino y masculino iban a continuar desarroll\u00e1ndose sin p\u00fablico.<\/p>\n<\/div>\n<\/div>\n<div class=\"row pb-content-type-text\">\n<div class=\"col-xs-12 col-print-12\">\n<p class=\"element element-paragraph\">Sin embargo, l<b>a postura de los capitanes de los equipos de la Superliga de no jugar lleg\u00f3 a la sede de Futbolistas Argentinos Agremiados y aceler\u00f3 la suspensi\u00f3n de la actividad<\/b>. \u201cMa\u00f1ana (por hoy) se va a resolver la situaci\u00f3n de manera oficial\u201d, hab\u00eda anticipado Sergio Marchi, titular de FAA, tras la reuni\u00f3n.<\/p>\n<p class=\"element element-paragraph\"><i>\u201cEn virtud de la situaci\u00f3n de p\u00fablico conocimiento, en el marco de las nuevas medidas adoptadas por el Gobierno Nacional referidas al COVID-19 y habiendo recibido la preocupaci\u00f3n de parte de Futbolistas Argentinos Agremiados, solicitamos tenga a bien suspender la realizaci\u00f3n de los partidos de todas las categor\u00edas programadas por la entidad que usted preside <\/i><i><b>hasta el d\u00eda 31 de marzo de 2020<\/b><\/i><i>. Asimismo, recomendamos la suspensi\u00f3n de los entrenamientos de los planteles por el mismo periodo\u201d,\u00a0<\/i>fue el texto que le envi\u00f3 Mat\u00edas Lammens, Ministro de Turismo y Deportes, a Marcelo Tinelli (titular de la Superliga) y Claudio Tapia (presidente de AFA).<\/p>\n<\/div>\n<\/div>\n<div class=\"row pb-content-type-text\">\n<div class=\"col-xs-12 col-print-12\">\n<p class=\"element element-paragraph\">As\u00ed, con la suspensi\u00f3n en Argentina, todos los pa\u00edses sudamericanos optaron por frenar las competencias en pos de evitar la difusi\u00f3n del COVID-19. Durante el \u00faltimo fin de semana, durante la disputa de la primera fecha de la Copa de la Superliga, River opt\u00f3 por no presentarse el s\u00e1bado ante Atl\u00e9tico Tucum\u00e1n, luego de que un futbolista de la reserva Thomas Guti\u00e9rrez presentara s\u00edntomas de la enfermedad, aunque luego el test le dio negativo. Adem\u00e1s, el club defini\u00f3 licenciar al plantel por tiempo indeterminado.<\/p>\n<p class=\"element element-paragraph\"><span style=\"font-style: italic; text-align: center;\">A nivel internacional, <\/span>La Confederaci\u00f3n Sudamericana ya hab\u00eda tomado la decisi\u00f3n de suspender los partidos de la Copa Libertadores<span style=\"font-style: italic; text-align: center;\">\u00a0pautados para esta semana. \u201cComprometida con la prevenci\u00f3n del COVID-19, ante el riesgo de expansi\u00f3n del mismo, y en salvaguarda de los jugadores, cuerpo t\u00e9cnico, delegados, \u00e1rbitros, dirigentes, prensa e hinchas, ha tomado la decisi\u00f3n de suspender los encuentros de la Conmebol Libertadores 2020 de la semana del 15 al 21 de marzo\u201d, rez\u00f3 el comunicado que difundi\u00f3 la Conmebol el pasado 12 de marzo.<\/span><\/p>\n<\/div>\n<\/div>\n<div class=\"row pb-content-type-text\">\n<div class=\"col-xs-12 col-print-12\">\n<p class=\"element element-paragraph\">De esta forma, si la entidad entiende que la situaci\u00f3n mejora como para que se reinicie la competencia, la Libertadores volver\u00e1 a la acci\u00f3n a partir del 7 de abril. <em>(Fuente: Infobae)<\/em><\/p>\n<\/div>\n<\/div>\n","protected":false},"excerpt":{"rendered":"<p>Luego del pedido de los futbolistas, el ente que regula a la Primera Divisi\u00f3n decidi\u00f3 parar a ra\u00edz del COVID-19.<\/p>\n","protected":false},"author":2,"featured_media":41030,"comment_status":"open","ping_status":"open","sticky":false,"template":"","format":"standard","meta":{"fifu_image_url":"","fifu_image_alt":"","footnotes":""},"categories":[13],"tags":[504,57],"class_list":{"0":"post-41029","1":"post","2":"type-post","3":"status-publish","4":"format-standard","5":"has-post-thumbnail","7":"category-deportes","8":"tag-afa","9":"tag-futbol"},"yoast_head":"<title>Oficial: Superliga anunci\u00f3 la suspensi\u00f3n del f\u00fatbol hasta el 31 de marzo por el coronavirus - Informe Litoral<\/title>\n<meta name=\"robots\" content=\"index, follow, max-snippet:-1, max-image-preview:large, max-video-preview:-1\" \/>\n<link rel=\"canonical\" href=\"https:\/\/informelitoral.com.ar\/oficial-superliga-anuncio-la-suspension-del-futbol-hasta-el-31-de-marzo-por-el-coronavirus\/\" \/>\n<meta property=\"og:locale\" content=\"es_ES\" \/>\n<meta property=\"og:type\" content=\"article\" \/>\n<meta property=\"og:title\" content=\"Oficial: Superliga anunci\u00f3 la suspensi\u00f3n del f\u00fatbol hasta el 31 de marzo por el coronavirus - Informe Litoral\" \/>\n<meta property=\"og:description\" content=\"Luego del pedido de los futbolistas, el ente que regula a la Primera Divisi\u00f3n decidi\u00f3 parar a ra\u00edz del COVID-19.\" \/>\n<meta property=\"og:url\" content=\"https:\/\/informelitoral.com.ar\/oficial-superliga-anuncio-la-suspension-del-futbol-hasta-el-31-de-marzo-por-el-coronavirus\/\" \/>\n<meta property=\"og:site_name\" content=\"Informe Litoral\" \/>\n<meta property=\"article:publisher\" content=\"https:\/\/www.facebook.com\/informelitoral\/\" \/>\n<meta property=\"article:published_time\" content=\"2020-03-17T17:42:53+00:00\" \/>\n<meta property=\"og:image\" content=\"https:\/\/informelitoral.com.ar\/%77%70%2d%63%6f%6e%74%65%6e%74\/uploads\/2020\/03\/bombonera2.jpg\" \/>\n\t<meta property=\"og:image:width\" content=\"1008\" \/>\n\t<meta property=\"og:image:height\" content=\"566\" \/>\n\t<meta property=\"og:image:type\" content=\"image\/jpeg\" \/>\n<meta name=\"author\" content=\"Gonzalo Schmidt\" \/>\n<meta name=\"twitter:card\" content=\"summary_large_image\" \/>\n<meta name=\"twitter:creator\" content=\"@InformeLitoral\" \/>\n<meta name=\"twitter:site\" content=\"@InformeLitoral\" \/>\n<meta name=\"twitter:label1\" content=\"Escrito por\" \/>\n\t<meta name=\"twitter:data1\" content=\"Gonzalo Schmidt\" \/>\n\t<meta name=\"twitter:label2\" content=\"Tiempo de lectura\" \/>\n\t<meta name=\"twitter:data2\" content=\"2 minutos\" \/>\n<script type=\"application\/ld+json\" class=\"yoast-schema-graph\">{\"@context\":\"https:\\\/\\\/schema.org\",\"@graph\":[{\"@type\":\"Article\",\"@id\":\"https:\\\/\\\/informelitoral.com.ar\\\/oficial-superliga-anuncio-la-suspension-del-futbol-hasta-el-31-de-marzo-por-el-coronavirus\\\/#article\",\"isPartOf\":{\"@id\":\"https:\\\/\\\/informelitoral.com.ar\\\/oficial-superliga-anuncio-la-suspension-del-futbol-hasta-el-31-de-marzo-por-el-coronavirus\\\/\"},\"author\":{\"name\":\"Gonzalo Schmidt\",\"@id\":\"https:\\\/\\\/informelitoral.com.ar\\\/#\\\/schema\\\/person\\\/b9d00407c836482871ef1d57bf8e3180\"},\"headline\":\"Oficial: Superliga anunci\u00f3 la suspensi\u00f3n del f\u00fatbol hasta el 31 de marzo por el coronavirus\",\"datePublished\":\"2020-03-17T17:42:53+00:00\",\"mainEntityOfPage\":{\"@id\":\"https:\\\/\\\/informelitoral.com.ar\\\/oficial-superliga-anuncio-la-suspension-del-futbol-hasta-el-31-de-marzo-por-el-coronavirus\\\/\"},\"wordCount\":513,\"commentCount\":0,\"publisher\":{\"@id\":\"https:\\\/\\\/informelitoral.com.ar\\\/#organization\"},\"image\":{\"@id\":\"https:\\\/\\\/informelitoral.com.ar\\\/oficial-superliga-anuncio-la-suspension-del-futbol-hasta-el-31-de-marzo-por-el-coronavirus\\\/#primaryimage\"},\"thumbnailUrl\":\"https:\\\/\\\/informelitoral.com.ar\\\/%77%70%2d%63%6f%6e%74%65%6e%74\\\/uploads\\\/2020\\\/03\\\/bombonera2.jpg\",\"keywords\":[\"AFA\",\"F\u00fatbol\"],\"articleSection\":[\"Deportes\"],\"inLanguage\":\"es\",\"potentialAction\":[{\"@type\":\"CommentAction\",\"name\":\"Comment\",\"target\":[\"https:\\\/\\\/informelitoral.com.ar\\\/oficial-superliga-anuncio-la-suspension-del-futbol-hasta-el-31-de-marzo-por-el-coronavirus\\\/#respond\"]}]},{\"@type\":\"WebPage\",\"@id\":\"https:\\\/\\\/informelitoral.com.ar\\\/oficial-superliga-anuncio-la-suspension-del-futbol-hasta-el-31-de-marzo-por-el-coronavirus\\\/\",\"url\":\"https:\\\/\\\/informelitoral.com.ar\\\/oficial-superliga-anuncio-la-suspension-del-futbol-hasta-el-31-de-marzo-por-el-coronavirus\\\/\",\"name\":\"Oficial: Superliga anunci\u00f3 la suspensi\u00f3n del f\u00fatbol hasta el 31 de marzo por el coronavirus - Informe Litoral\",\"isPartOf\":{\"@id\":\"https:\\\/\\\/informelitoral.com.ar\\\/#website\"},\"primaryImageOfPage\":{\"@id\":\"https:\\\/\\\/informelitoral.com.ar\\\/oficial-superliga-anuncio-la-suspension-del-futbol-hasta-el-31-de-marzo-por-el-coronavirus\\\/#primaryimage\"},\"image\":{\"@id\":\"https:\\\/\\\/informelitoral.com.ar\\\/oficial-superliga-anuncio-la-suspension-del-futbol-hasta-el-31-de-marzo-por-el-coronavirus\\\/#primaryimage\"},\"thumbnailUrl\":\"https:\\\/\\\/informelitoral.com.ar\\\/%77%70%2d%63%6f%6e%74%65%6e%74\\\/uploads\\\/2020\\\/03\\\/bombonera2.jpg\",\"datePublished\":\"2020-03-17T17:42:53+00:00\",\"breadcrumb\":{\"@id\":\"https:\\\/\\\/informelitoral.com.ar\\\/oficial-superliga-anuncio-la-suspension-del-futbol-hasta-el-31-de-marzo-por-el-coronavirus\\\/#breadcrumb\"},\"inLanguage\":\"es\",\"potentialAction\":[{\"@type\":\"ReadAction\",\"target\":[\"https:\\\/\\\/informelitoral.com.ar\\\/oficial-superliga-anuncio-la-suspension-del-futbol-hasta-el-31-de-marzo-por-el-coronavirus\\\/\"]}]},{\"@type\":\"ImageObject\",\"inLanguage\":\"es\",\"@id\":\"https:\\\/\\\/informelitoral.com.ar\\\/oficial-superliga-anuncio-la-suspension-del-futbol-hasta-el-31-de-marzo-por-el-coronavirus\\\/#primaryimage\",\"url\":\"https:\\\/\\\/informelitoral.com.ar\\\/%77%70%2d%63%6f%6e%74%65%6e%74\\\/uploads\\\/2020\\\/03\\\/bombonera2.jpg\",\"contentUrl\":\"https:\\\/\\\/informelitoral.com.ar\\\/%77%70%2d%63%6f%6e%74%65%6e%74\\\/uploads\\\/2020\\\/03\\\/bombonera2.jpg\",\"width\":1008,\"height\":566},{\"@type\":\"BreadcrumbList\",\"@id\":\"https:\\\/\\\/informelitoral.com.ar\\\/oficial-superliga-anuncio-la-suspension-del-futbol-hasta-el-31-de-marzo-por-el-coronavirus\\\/#breadcrumb\",\"itemListElement\":[{\"@type\":\"ListItem\",\"position\":1,\"name\":\"Portada\",\"item\":\"https:\\\/\\\/informelitoral.com.ar\\\/\"},{\"@type\":\"ListItem\",\"position\":2,\"name\":\"Oficial: Superliga anunci\u00f3 la suspensi\u00f3n del f\u00fatbol hasta el 31 de marzo por el coronavirus\"}]},{\"@type\":\"WebSite\",\"@id\":\"https:\\\/\\\/informelitoral.com.ar\\\/#website\",\"url\":\"https:\\\/\\\/informelitoral.com.ar\\\/\",\"name\":\"Informe Litoral\",\"description\":\"&quot;Nos informamos&quot; \",\"publisher\":{\"@id\":\"https:\\\/\\\/informelitoral.com.ar\\\/#organization\"},\"potentialAction\":[{\"@type\":\"SearchAction\",\"target\":{\"@type\":\"EntryPoint\",\"urlTemplate\":\"https:\\\/\\\/informelitoral.com.ar\\\/?s={search_term_string}\"},\"query-input\":{\"@type\":\"PropertyValueSpecification\",\"valueRequired\":true,\"valueName\":\"search_term_string\"}}],\"inLanguage\":\"es\"},{\"@type\":\"Organization\",\"@id\":\"https:\\\/\\\/informelitoral.com.ar\\\/#organization\",\"name\":\"Informe Litoral\",\"url\":\"https:\\\/\\\/informelitoral.com.ar\\\/\",\"logo\":{\"@type\":\"ImageObject\",\"inLanguage\":\"es\",\"@id\":\"https:\\\/\\\/informelitoral.com.ar\\\/#\\\/schema\\\/logo\\\/image\\\/\",\"url\":\"https:\\\/\\\/informelitoral.com.ar\\\/%77%70%2d%63%6f%6e%74%65%6e%74\\\/uploads\\\/2021\\\/01\\\/circulo.png\",\"contentUrl\":\"https:\\\/\\\/informelitoral.com.ar\\\/%77%70%2d%63%6f%6e%74%65%6e%74\\\/uploads\\\/2021\\\/01\\\/circulo.png\",\"width\":723,\"height\":731,\"caption\":\"Informe Litoral\"},\"image\":{\"@id\":\"https:\\\/\\\/informelitoral.com.ar\\\/#\\\/schema\\\/logo\\\/image\\\/\"},\"sameAs\":[\"https:\\\/\\\/www.facebook.com\\\/informelitoral\\\/\",\"https:\\\/\\\/x.com\\\/InformeLitoral\",\"https:\\\/\\\/www.instagram.com\\\/informelitoral\\\/\",\"https:\\\/\\\/www.youtube.com\\\/channel\\\/UCua4Qvz8Icb6MYqhoq9xLXw\"]},{\"@type\":\"Person\",\"@id\":\"https:\\\/\\\/informelitoral.com.ar\\\/#\\\/schema\\\/person\\\/b9d00407c836482871ef1d57bf8e3180\",\"name\":\"Gonzalo Schmidt\",\"image\":{\"@type\":\"ImageObject\",\"inLanguage\":\"es\",\"@id\":\"https:\\\/\\\/secure.gravatar.com\\\/avatar\\\/31a1a7b66ff2de83bd0e9fd79d026630d2d99e55e8bfe501287647b4fd9743de?s=96&d=mm&r=g\",\"url\":\"https:\\\/\\\/secure.gravatar.com\\\/avatar\\\/31a1a7b66ff2de83bd0e9fd79d026630d2d99e55e8bfe501287647b4fd9743de?s=96&d=mm&r=g\",\"contentUrl\":\"https:\\\/\\\/secure.gravatar.com\\\/avatar\\\/31a1a7b66ff2de83bd0e9fd79d026630d2d99e55e8bfe501287647b4fd9743de?s=96&d=mm&r=g\",\"caption\":\"Gonzalo Schmidt\"},\"description\":\"Sitio web de noticias de la provincia de Entre R\u00edos, Argentina. Informaci\u00f3n y entretenimiento. Informe Litoral, nos informamos.\",\"sameAs\":[\"http:\\\/\\\/www.isletasnoticias.com.ar\"],\"url\":\"https:\\\/\\\/informelitoral.com.ar\\\/author\\\/gonzalo\\\/\"}]}<\/script>","yoast_head_json":{"title":"Oficial: Superliga anunci\u00f3 la suspensi\u00f3n del f\u00fatbol hasta el 31 de marzo por el coronavirus - Informe Litoral","robots":{"index":"index","follow":"follow","max-snippet":"max-snippet:-1","max-image-preview":"max-image-preview:large","max-video-preview":"max-video-preview:-1"},"canonical":"https:\/\/informelitoral.com.ar\/oficial-superliga-anuncio-la-suspension-del-futbol-hasta-el-31-de-marzo-por-el-coronavirus\/","og_locale":"es_ES","og_type":"article","og_title":"Oficial: Superliga anunci\u00f3 la suspensi\u00f3n del f\u00fatbol hasta el 31 de marzo por el coronavirus - Informe Litoral","og_description":"Luego del pedido de los futbolistas, el ente que regula a la Primera Divisi\u00f3n decidi\u00f3 parar a ra\u00edz del COVID-19.","og_url":"https:\/\/informelitoral.com.ar\/oficial-superliga-anuncio-la-suspension-del-futbol-hasta-el-31-de-marzo-por-el-coronavirus\/","og_site_name":"Informe Litoral","article_publisher":"https:\/\/www.facebook.com\/informelitoral\/","article_published_time":"2020-03-17T17:42:53+00:00","og_image":[{"width":1008,"height":566,"url":"https:\/\/informelitoral.com.ar\/%77%70%2d%63%6f%6e%74%65%6e%74\/uploads\/2020\/03\/bombonera2.jpg","type":"image\/jpeg"}],"author":"Gonzalo Schmidt","twitter_card":"summary_large_image","twitter_creator":"@InformeLitoral","twitter_site":"@InformeLitoral","twitter_misc":{"Escrito por":"Gonzalo Schmidt","Tiempo de lectura":"2 minutos"},"schema":{"@context":"https:\/\/schema.org","@graph":[{"@type":"Article","@id":"https:\/\/informelitoral.com.ar\/oficial-superliga-anuncio-la-suspension-del-futbol-hasta-el-31-de-marzo-por-el-coronavirus\/#article","isPartOf":{"@id":"https:\/\/informelitoral.com.ar\/oficial-superliga-anuncio-la-suspension-del-futbol-hasta-el-31-de-marzo-por-el-coronavirus\/"},"author":{"name":"Gonzalo Schmidt","@id":"https:\/\/informelitoral.com.ar\/#\/schema\/person\/b9d00407c836482871ef1d57bf8e3180"},"headline":"Oficial: Superliga anunci\u00f3 la suspensi\u00f3n del f\u00fatbol hasta el 31 de marzo por el coronavirus","datePublished":"2020-03-17T17:42:53+00:00","mainEntityOfPage":{"@id":"https:\/\/informelitoral.com.ar\/oficial-superliga-anuncio-la-suspension-del-futbol-hasta-el-31-de-marzo-por-el-coronavirus\/"},"wordCount":513,"commentCount":0,"publisher":{"@id":"https:\/\/informelitoral.com.ar\/#organization"},"image":{"@id":"https:\/\/informelitoral.com.ar\/oficial-superliga-anuncio-la-suspension-del-futbol-hasta-el-31-de-marzo-por-el-coronavirus\/#primaryimage"},"thumbnailUrl":"https:\/\/informelitoral.com.ar\/%77%70%2d%63%6f%6e%74%65%6e%74\/uploads\/2020\/03\/bombonera2.jpg","keywords":["AFA","F\u00fatbol"],"articleSection":["Deportes"],"inLanguage":"es","potentialAction":[{"@type":"CommentAction","name":"Comment","target":["https:\/\/informelitoral.com.ar\/oficial-superliga-anuncio-la-suspension-del-futbol-hasta-el-31-de-marzo-por-el-coronavirus\/#respond"]}]},{"@type":"WebPage","@id":"https:\/\/informelitoral.com.ar\/oficial-superliga-anuncio-la-suspension-del-futbol-hasta-el-31-de-marzo-por-el-coronavirus\/","url":"https:\/\/informelitoral.com.ar\/oficial-superliga-anuncio-la-suspension-del-futbol-hasta-el-31-de-marzo-por-el-coronavirus\/","name":"Oficial: Superliga anunci\u00f3 la suspensi\u00f3n del f\u00fatbol hasta el 31 de marzo por el coronavirus - Informe Litoral","isPartOf":{"@id":"https:\/\/informelitoral.com.ar\/#website"},"primaryImageOfPage":{"@id":"https:\/\/informelitoral.com.ar\/oficial-superliga-anuncio-la-suspension-del-futbol-hasta-el-31-de-marzo-por-el-coronavirus\/#primaryimage"},"image":{"@id":"https:\/\/informelitoral.com.ar\/oficial-superliga-anuncio-la-suspension-del-futbol-hasta-el-31-de-marzo-por-el-coronavirus\/#primaryimage"},"thumbnailUrl":"https:\/\/informelitoral.com.ar\/%77%70%2d%63%6f%6e%74%65%6e%74\/uploads\/2020\/03\/bombonera2.jpg","datePublished":"2020-03-17T17:42:53+00:00","breadcrumb":{"@id":"https:\/\/informelitoral.com.ar\/oficial-superliga-anuncio-la-suspension-del-futbol-hasta-el-31-de-marzo-por-el-coronavirus\/#breadcrumb"},"inLanguage":"es","potentialAction":[{"@type":"ReadAction","target":["https:\/\/informelitoral.com.ar\/oficial-superliga-anuncio-la-suspension-del-futbol-hasta-el-31-de-marzo-por-el-coronavirus\/"]}]},{"@type":"ImageObject","inLanguage":"es","@id":"https:\/\/informelitoral.com.ar\/oficial-superliga-anuncio-la-suspension-del-futbol-hasta-el-31-de-marzo-por-el-coronavirus\/#primaryimage","url":"https:\/\/informelitoral.com.ar\/%77%70%2d%63%6f%6e%74%65%6e%74\/uploads\/2020\/03\/bombonera2.jpg","contentUrl":"https:\/\/informelitoral.com.ar\/%77%70%2d%63%6f%6e%74%65%6e%74\/uploads\/2020\/03\/bombonera2.jpg","width":1008,"height":566},{"@type":"BreadcrumbList","@id":"https:\/\/informelitoral.com.ar\/oficial-superliga-anuncio-la-suspension-del-futbol-hasta-el-31-de-marzo-por-el-coronavirus\/#breadcrumb","itemListElement":[{"@type":"ListItem","position":1,"name":"Portada","item":"https:\/\/informelitoral.com.ar\/"},{"@type":"ListItem","position":2,"name":"Oficial: Superliga anunci\u00f3 la suspensi\u00f3n del f\u00fatbol hasta el 31 de marzo por el coronavirus"}]},{"@type":"WebSite","@id":"https:\/\/informelitoral.com.ar\/#website","url":"https:\/\/informelitoral.com.ar\/","name":"Informe Litoral","description":"&quot;Nos informamos&quot; ","publisher":{"@id":"https:\/\/informelitoral.com.ar\/#organization"},"potentialAction":[{"@type":"SearchAction","target":{"@type":"EntryPoint","urlTemplate":"https:\/\/informelitoral.com.ar\/?s={search_term_string}"},"query-input":{"@type":"PropertyValueSpecification","valueRequired":true,"valueName":"search_term_string"}}],"inLanguage":"es"},{"@type":"Organization","@id":"https:\/\/informelitoral.com.ar\/#organization","name":"Informe Litoral","url":"https:\/\/informelitoral.com.ar\/","logo":{"@type":"ImageObject","inLanguage":"es","@id":"https:\/\/informelitoral.com.ar\/#\/schema\/logo\/image\/","url":"https:\/\/informelitoral.com.ar\/%77%70%2d%63%6f%6e%74%65%6e%74\/uploads\/2021\/01\/circulo.png","contentUrl":"https:\/\/informelitoral.com.ar\/%77%70%2d%63%6f%6e%74%65%6e%74\/uploads\/2021\/01\/circulo.png","width":723,"height":731,"caption":"Informe Litoral"},"image":{"@id":"https:\/\/informelitoral.com.ar\/#\/schema\/logo\/image\/"},"sameAs":["https:\/\/www.facebook.com\/informelitoral\/","https:\/\/x.com\/InformeLitoral","https:\/\/www.instagram.com\/informelitoral\/","https:\/\/www.youtube.com\/channel\/UCua4Qvz8Icb6MYqhoq9xLXw"]},{"@type":"Person","@id":"https:\/\/informelitoral.com.ar\/#\/schema\/person\/b9d00407c836482871ef1d57bf8e3180","name":"Gonzalo Schmidt","image":{"@type":"ImageObject","inLanguage":"es","@id":"https:\/\/secure.gravatar.com\/avatar\/31a1a7b66ff2de83bd0e9fd79d026630d2d99e55e8bfe501287647b4fd9743de?s=96&d=mm&r=g","url":"https:\/\/secure.gravatar.com\/avatar\/31a1a7b66ff2de83bd0e9fd79d026630d2d99e55e8bfe501287647b4fd9743de?s=96&d=mm&r=g","contentUrl":"https:\/\/secure.gravatar.com\/avatar\/31a1a7b66ff2de83bd0e9fd79d026630d2d99e55e8bfe501287647b4fd9743de?s=96&d=mm&r=g","caption":"Gonzalo Schmidt"},"description":"Sitio web de noticias de la provincia de Entre R\u00edos, Argentina. Informaci\u00f3n y entretenimiento. Informe Litoral, nos informamos.","sameAs":["http:\/\/www.isletasnoticias.com.ar"],"url":"https:\/\/informelitoral.com.ar\/author\/gonzalo\/"}]}},"_links":{"self":[{"href":"https:\/\/informelitoral.com.ar\/%77%70%2d%6a%73%6f%6e\/wp\/v2\/posts\/41029","targetHints":{"allow":["GET"]}}],"collection":[{"href":"https:\/\/informelitoral.com.ar\/%77%70%2d%6a%73%6f%6e\/wp\/v2\/posts"}],"about":[{"href":"https:\/\/informelitoral.com.ar\/%77%70%2d%6a%73%6f%6e\/wp\/v2\/types\/post"}],"author":[{"embeddable":true,"href":"https:\/\/informelitoral.com.ar\/%77%70%2d%6a%73%6f%6e\/wp\/v2\/users\/2"}],"replies":[{"embeddable":true,"href":"https:\/\/informelitoral.com.ar\/%77%70%2d%6a%73%6f%6e\/wp\/v2\/comments?post=41029"}],"version-history":[{"count":0,"href":"https:\/\/informelitoral.com.ar\/%77%70%2d%6a%73%6f%6e\/wp\/v2\/posts\/41029\/revisions"}],"wp:featuredmedia":[{"embeddable":true,"href":"https:\/\/informelitoral.com.ar\/%77%70%2d%6a%73%6f%6e\/wp\/v2\/media\/41030"}],"wp:attachment":[{"href":"https:\/\/informelitoral.com.ar\/%77%70%2d%6a%73%6f%6e\/wp\/v2\/media?parent=41029"}],"wp:term":[{"taxonomy":"category","embeddable":true,"href":"https:\/\/informelitoral.com.ar\/%77%70%2d%6a%73%6f%6e\/wp\/v2\/categories?post=41029"},{"taxonomy":"post_tag","embeddable":true,"href":"https:\/\/informelitoral.com.ar\/%77%70%2d%6a%73%6f%6e\/wp\/v2\/tags?post=41029"}],"curies":[{"name":"wp","href":"https:\/\/api.w.org\/{rel}","templated":true}]}}