{"id":4094,"date":"2013-11-05T08:09:54","date_gmt":"2013-11-05T11:09:54","guid":{"rendered":"http:\/\/www.isletasnoticias.com.ar\/?p=4094"},"modified":"2013-11-05T08:09:54","modified_gmt":"2013-11-05T11:09:54","slug":"desde-villa-paranacito-exportaron-nueces-pecan-a-china","status":"publish","type":"post","link":"https:\/\/informelitoral.com.ar\/desde-villa-paranacito-exportaron-nueces-pecan-a-china\/","title":{"rendered":"Desde Villa Paranacito exportaron nueces pec\u00e1n a China"},"content":{"rendered":"<p style=\"text-align: left;\"><strong>Un grupo de productores asociados de Entre R\u00edos export\u00f3 los primeros 10 mil kilos de nueces a China, en el marco de un programa en el que el Ministerio de Industria de la Naci\u00f3n asisti\u00f3 a la cooperativa con aportes no reembolsables por 260 mil pesos destinados a la construcci\u00f3n de la planta productiva.<a href=\"http:\/\/www.isletasnoticias.com.ar\/%77%70%2d%63%6f%6e%74%65%6e%74\/uploads\/2013\/11\/arbol-de-nuezpecan.jpg\"><img loading=\"lazy\" decoding=\"async\" class=\"size-medium wp-image-4095 aligncenter\" alt=\"arbol de nuezpecan\" src=\"http:\/\/www.isletasnoticias.com.ar\/%77%70%2d%63%6f%6e%74%65%6e%74\/uploads\/2013\/11\/arbol-de-nuezpecan-300x224.jpg\" width=\"300\" height=\"224\" srcset=\"https:\/\/informelitoral.com.ar\/%77%70%2d%63%6f%6e%74%65%6e%74\/uploads\/2013\/11\/arbol-de-nuezpecan-300x224.jpg 300w, https:\/\/informelitoral.com.ar\/%77%70%2d%63%6f%6e%74%65%6e%74\/uploads\/2013\/11\/arbol-de-nuezpecan.jpg 511w\" sizes=\"auto, (max-width: 300px) 100vw, 300px\" \/><\/a><\/strong><\/p>\n<p>Un grupo de productores asociados de Entre R\u00edos export\u00f3 los primeros 10 mil kilos de nueces a China, en el marco de un programa en el que el Ministerio de Industria de la Naci\u00f3n asisti\u00f3 a la cooperativa con aportes no reembolsables por 260 mil pesos destinados a la construcci\u00f3n de la planta productiva ubicada en Villa Paranacito.<\/p>\n<p>Los productores est\u00e1n nucleados en la Cooperativa Agr\u00edcola Delta, y la exportaci\u00f3n de nuez pec\u00e1n a China fue por un monto de 200 mil pesos.<\/p>\n<p>\u00abEsto es el resultado del esfuerzo entre trabajadores de cooperativas y el Estado Nacional que pone a disposici\u00f3n herramientas para generar una industria de calidad, competitiva, con trabajo genuino y que permite que nuestros productos puedan ser exportadores a los principales mercados mundiales\u00bb, dijo la ministro de Industria, <strong>D\u00e9bora Giorgi<\/strong>, al resaltar la iniciativa.<\/p>\n<p>La coordinadora de la cooperativa entrerriana, <strong>Yanina Restelli<\/strong>, manifest\u00f3 la \u00absatisfacci\u00f3n\u00bb de los productores al afirmar que \u00abpara nosotros, los pecanicultares, con esta comercializaci\u00f3n estamos haciendo historia ya que son las primeras nueces de pecan argentinas con ese rumbo\u00bb.<\/p>\n<p>El Ministerio de Industria entreg\u00f3 un subsidio de 260 mil pesos a la Cooperativa Agr\u00edcola Delta (Integrante del Consorcio Argentino de Productores de Pec\u00e1n, que aglutina a productores de todo el pa\u00eds) para la construcci\u00f3n de una planta de secado, acopio y envasado de nuez.<\/p>\n<p>Ese monto tambi\u00e9n les permiti\u00f3 adquirir m\u00e1quinas para industrializar la producci\u00f3n de nueces como tama\u00f1adora, limpiadora, humed\u00edmetro, secadora, sopladora columnar, cinta transportadora y envasadora.<\/p>\n<p>Adem\u00e1s la cartera productiva asesor\u00f3 a los trabajadores en el fortalecimiento del grupo asociativo, en la creaci\u00f3n de un vivero experimental y comercial, y en el proceso de certificaci\u00f3n org\u00e1nica para que la cooperativa pueda comercializar sus productos en mercados premium.<\/p>\n<p>\u00abEl sector pecanicultor prev\u00e9 una producci\u00f3n creciente y nuevos caminos donde destinar la producci\u00f3n que se avecina, con la calidad que exigen los mercados externos e internos; nos preparamos para un futuro alentador y pr\u00f3spero\u00bb, adelant\u00f3 la coordinadora de la cooperativa.<\/p>\n<p>Segun indica <em>T\u00e9lam<\/em>, el programa Sistemas Productivos Locales -al que corresponde la ayuda econ\u00f3mica- asiste a grupos asociativos -formados por un m\u00ednimo de 5 pymes- y cooperativas para la consolidaci\u00f3n de estas iniciativas territoriales y de asentamiento poblacional, lo que contribuye a la generaci\u00f3n de m\u00e1s empleo y arraigo regional.<\/p>\n","protected":false},"excerpt":{"rendered":"<p>Un grupo de productores asociados de Entre R&iacute;os export&oacute; los primeros 10 mil kilos de nueces a China, en el marco de un programa en el que el Ministerio de Industria de la Naci&oacute;n asisti&oacute; a la cooperativa con aportes no reembolsables por 260 mil pesos destinados a la construcci&oacute;n de la planta productiva. Un [&hellip;]<\/p>\n","protected":false},"author":2,"featured_media":0,"comment_status":"open","ping_status":"open","sticky":false,"template":"","format":"standard","meta":{"fifu_image_url":"","fifu_image_alt":"","footnotes":""},"categories":[10],"tags":[],"class_list":{"0":"post-4094","1":"post","2":"type-post","3":"status-publish","4":"format-standard","6":"category-campo"},"yoast_head":"<title>Desde Villa Paranacito exportaron nueces pec\u00e1n a China - Informe Litoral<\/title>\n<meta name=\"robots\" content=\"index, follow, max-snippet:-1, max-image-preview:large, max-video-preview:-1\" \/>\n<link rel=\"canonical\" href=\"https:\/\/informelitoral.com.ar\/desde-villa-paranacito-exportaron-nueces-pecan-a-china\/\" \/>\n<meta property=\"og:locale\" content=\"es_ES\" \/>\n<meta property=\"og:type\" content=\"article\" \/>\n<meta property=\"og:title\" content=\"Desde Villa Paranacito exportaron nueces pec\u00e1n a China - Informe Litoral\" \/>\n<meta property=\"og:description\" content=\"Un grupo de productores asociados de Entre R&iacute;os export&oacute; los primeros 10 mil kilos de nueces a China, en el marco de un programa en el que el Ministerio de Industria de la Naci&oacute;n asisti&oacute; a la cooperativa con aportes no reembolsables por 260 mil pesos destinados a la construcci&oacute;n de la planta productiva. Un [&hellip;]\" \/>\n<meta property=\"og:url\" content=\"https:\/\/informelitoral.com.ar\/desde-villa-paranacito-exportaron-nueces-pecan-a-china\/\" \/>\n<meta property=\"og:site_name\" content=\"Informe Litoral\" \/>\n<meta property=\"article:publisher\" content=\"https:\/\/www.facebook.com\/informelitoral\/\" \/>\n<meta property=\"article:published_time\" content=\"2013-11-05T11:09:54+00:00\" \/>\n<meta property=\"og:image\" content=\"https:\/\/informelitoral.com.ar\/%77%70%2d%63%6f%6e%74%65%6e%74\/uploads\/2013\/11\/arbol-de-nuezpecan.jpg\" \/>\n\t<meta property=\"og:image:width\" content=\"511\" \/>\n\t<meta property=\"og:image:height\" content=\"382\" \/>\n\t<meta property=\"og:image:type\" content=\"image\/jpeg\" \/>\n<meta name=\"author\" content=\"Gonzalo Schmidt\" \/>\n<meta name=\"twitter:card\" content=\"summary_large_image\" \/>\n<meta name=\"twitter:creator\" content=\"@InformeLitoral\" \/>\n<meta name=\"twitter:site\" content=\"@InformeLitoral\" \/>\n<meta name=\"twitter:label1\" content=\"Escrito por\" \/>\n\t<meta name=\"twitter:data1\" content=\"Gonzalo Schmidt\" \/>\n\t<meta name=\"twitter:label2\" content=\"Tiempo de lectura\" \/>\n\t<meta name=\"twitter:data2\" content=\"2 minutos\" \/>\n<script type=\"application\/ld+json\" class=\"yoast-schema-graph\">{\"@context\":\"https:\\\/\\\/schema.org\",\"@graph\":[{\"@type\":\"Article\",\"@id\":\"https:\\\/\\\/informelitoral.com.ar\\\/desde-villa-paranacito-exportaron-nueces-pecan-a-china\\\/#article\",\"isPartOf\":{\"@id\":\"https:\\\/\\\/informelitoral.com.ar\\\/desde-villa-paranacito-exportaron-nueces-pecan-a-china\\\/\"},\"author\":{\"name\":\"Gonzalo Schmidt\",\"@id\":\"https:\\\/\\\/informelitoral.com.ar\\\/#\\\/schema\\\/person\\\/b9d00407c836482871ef1d57bf8e3180\"},\"headline\":\"Desde Villa Paranacito exportaron nueces pec\u00e1n a China\",\"datePublished\":\"2013-11-05T11:09:54+00:00\",\"mainEntityOfPage\":{\"@id\":\"https:\\\/\\\/informelitoral.com.ar\\\/desde-villa-paranacito-exportaron-nueces-pecan-a-china\\\/\"},\"wordCount\":469,\"commentCount\":0,\"publisher\":{\"@id\":\"https:\\\/\\\/informelitoral.com.ar\\\/#organization\"},\"image\":{\"@id\":\"https:\\\/\\\/informelitoral.com.ar\\\/desde-villa-paranacito-exportaron-nueces-pecan-a-china\\\/#primaryimage\"},\"thumbnailUrl\":\"http:\\\/\\\/www.isletasnoticias.com.ar\\\/%77%70%2d%63%6f%6e%74%65%6e%74\\\/uploads\\\/2013\\\/11\\\/arbol-de-nuezpecan-300x224.jpg\",\"articleSection\":[\"Campo\"],\"inLanguage\":\"es\",\"potentialAction\":[{\"@type\":\"CommentAction\",\"name\":\"Comment\",\"target\":[\"https:\\\/\\\/informelitoral.com.ar\\\/desde-villa-paranacito-exportaron-nueces-pecan-a-china\\\/#respond\"]}]},{\"@type\":\"WebPage\",\"@id\":\"https:\\\/\\\/informelitoral.com.ar\\\/desde-villa-paranacito-exportaron-nueces-pecan-a-china\\\/\",\"url\":\"https:\\\/\\\/informelitoral.com.ar\\\/desde-villa-paranacito-exportaron-nueces-pecan-a-china\\\/\",\"name\":\"Desde Villa Paranacito exportaron nueces pec\u00e1n a China - Informe Litoral\",\"isPartOf\":{\"@id\":\"https:\\\/\\\/informelitoral.com.ar\\\/#website\"},\"primaryImageOfPage\":{\"@id\":\"https:\\\/\\\/informelitoral.com.ar\\\/desde-villa-paranacito-exportaron-nueces-pecan-a-china\\\/#primaryimage\"},\"image\":{\"@id\":\"https:\\\/\\\/informelitoral.com.ar\\\/desde-villa-paranacito-exportaron-nueces-pecan-a-china\\\/#primaryimage\"},\"thumbnailUrl\":\"http:\\\/\\\/www.isletasnoticias.com.ar\\\/%77%70%2d%63%6f%6e%74%65%6e%74\\\/uploads\\\/2013\\\/11\\\/arbol-de-nuezpecan-300x224.jpg\",\"datePublished\":\"2013-11-05T11:09:54+00:00\",\"breadcrumb\":{\"@id\":\"https:\\\/\\\/informelitoral.com.ar\\\/desde-villa-paranacito-exportaron-nueces-pecan-a-china\\\/#breadcrumb\"},\"inLanguage\":\"es\",\"potentialAction\":[{\"@type\":\"ReadAction\",\"target\":[\"https:\\\/\\\/informelitoral.com.ar\\\/desde-villa-paranacito-exportaron-nueces-pecan-a-china\\\/\"]}]},{\"@type\":\"ImageObject\",\"inLanguage\":\"es\",\"@id\":\"https:\\\/\\\/informelitoral.com.ar\\\/desde-villa-paranacito-exportaron-nueces-pecan-a-china\\\/#primaryimage\",\"url\":\"http:\\\/\\\/www.isletasnoticias.com.ar\\\/%77%70%2d%63%6f%6e%74%65%6e%74\\\/uploads\\\/2013\\\/11\\\/arbol-de-nuezpecan-300x224.jpg\",\"contentUrl\":\"http:\\\/\\\/www.isletasnoticias.com.ar\\\/%77%70%2d%63%6f%6e%74%65%6e%74\\\/uploads\\\/2013\\\/11\\\/arbol-de-nuezpecan-300x224.jpg\"},{\"@type\":\"BreadcrumbList\",\"@id\":\"https:\\\/\\\/informelitoral.com.ar\\\/desde-villa-paranacito-exportaron-nueces-pecan-a-china\\\/#breadcrumb\",\"itemListElement\":[{\"@type\":\"ListItem\",\"position\":1,\"name\":\"Portada\",\"item\":\"https:\\\/\\\/informelitoral.com.ar\\\/\"},{\"@type\":\"ListItem\",\"position\":2,\"name\":\"Desde Villa Paranacito exportaron nueces pec\u00e1n a China\"}]},{\"@type\":\"WebSite\",\"@id\":\"https:\\\/\\\/informelitoral.com.ar\\\/#website\",\"url\":\"https:\\\/\\\/informelitoral.com.ar\\\/\",\"name\":\"Informe Litoral\",\"description\":\"&quot;Nos informamos&quot; \",\"publisher\":{\"@id\":\"https:\\\/\\\/informelitoral.com.ar\\\/#organization\"},\"potentialAction\":[{\"@type\":\"SearchAction\",\"target\":{\"@type\":\"EntryPoint\",\"urlTemplate\":\"https:\\\/\\\/informelitoral.com.ar\\\/?s={search_term_string}\"},\"query-input\":{\"@type\":\"PropertyValueSpecification\",\"valueRequired\":true,\"valueName\":\"search_term_string\"}}],\"inLanguage\":\"es\"},{\"@type\":\"Organization\",\"@id\":\"https:\\\/\\\/informelitoral.com.ar\\\/#organization\",\"name\":\"Informe Litoral\",\"url\":\"https:\\\/\\\/informelitoral.com.ar\\\/\",\"logo\":{\"@type\":\"ImageObject\",\"inLanguage\":\"es\",\"@id\":\"https:\\\/\\\/informelitoral.com.ar\\\/#\\\/schema\\\/logo\\\/image\\\/\",\"url\":\"https:\\\/\\\/informelitoral.com.ar\\\/%77%70%2d%63%6f%6e%74%65%6e%74\\\/uploads\\\/2021\\\/01\\\/circulo.png\",\"contentUrl\":\"https:\\\/\\\/informelitoral.com.ar\\\/%77%70%2d%63%6f%6e%74%65%6e%74\\\/uploads\\\/2021\\\/01\\\/circulo.png\",\"width\":723,\"height\":731,\"caption\":\"Informe Litoral\"},\"image\":{\"@id\":\"https:\\\/\\\/informelitoral.com.ar\\\/#\\\/schema\\\/logo\\\/image\\\/\"},\"sameAs\":[\"https:\\\/\\\/www.facebook.com\\\/informelitoral\\\/\",\"https:\\\/\\\/x.com\\\/InformeLitoral\",\"https:\\\/\\\/www.instagram.com\\\/informelitoral\\\/\",\"https:\\\/\\\/www.youtube.com\\\/channel\\\/UCua4Qvz8Icb6MYqhoq9xLXw\"]},{\"@type\":\"Person\",\"@id\":\"https:\\\/\\\/informelitoral.com.ar\\\/#\\\/schema\\\/person\\\/b9d00407c836482871ef1d57bf8e3180\",\"name\":\"Gonzalo Schmidt\",\"image\":{\"@type\":\"ImageObject\",\"inLanguage\":\"es\",\"@id\":\"https:\\\/\\\/secure.gravatar.com\\\/avatar\\\/31a1a7b66ff2de83bd0e9fd79d026630d2d99e55e8bfe501287647b4fd9743de?s=96&d=mm&r=g\",\"url\":\"https:\\\/\\\/secure.gravatar.com\\\/avatar\\\/31a1a7b66ff2de83bd0e9fd79d026630d2d99e55e8bfe501287647b4fd9743de?s=96&d=mm&r=g\",\"contentUrl\":\"https:\\\/\\\/secure.gravatar.com\\\/avatar\\\/31a1a7b66ff2de83bd0e9fd79d026630d2d99e55e8bfe501287647b4fd9743de?s=96&d=mm&r=g\",\"caption\":\"Gonzalo Schmidt\"},\"description\":\"Sitio web de noticias de la provincia de Entre R\u00edos, Argentina. Informaci\u00f3n y entretenimiento. Informe Litoral, nos informamos.\",\"sameAs\":[\"http:\\\/\\\/www.isletasnoticias.com.ar\"],\"url\":\"https:\\\/\\\/informelitoral.com.ar\\\/author\\\/gonzalo\\\/\"}]}<\/script>","yoast_head_json":{"title":"Desde Villa Paranacito exportaron nueces pec\u00e1n a China - Informe Litoral","robots":{"index":"index","follow":"follow","max-snippet":"max-snippet:-1","max-image-preview":"max-image-preview:large","max-video-preview":"max-video-preview:-1"},"canonical":"https:\/\/informelitoral.com.ar\/desde-villa-paranacito-exportaron-nueces-pecan-a-china\/","og_locale":"es_ES","og_type":"article","og_title":"Desde Villa Paranacito exportaron nueces pec\u00e1n a China - Informe Litoral","og_description":"Un grupo de productores asociados de Entre R&iacute;os export&oacute; los primeros 10 mil kilos de nueces a China, en el marco de un programa en el que el Ministerio de Industria de la Naci&oacute;n asisti&oacute; a la cooperativa con aportes no reembolsables por 260 mil pesos destinados a la construcci&oacute;n de la planta productiva. Un [&hellip;]","og_url":"https:\/\/informelitoral.com.ar\/desde-villa-paranacito-exportaron-nueces-pecan-a-china\/","og_site_name":"Informe Litoral","article_publisher":"https:\/\/www.facebook.com\/informelitoral\/","article_published_time":"2013-11-05T11:09:54+00:00","og_image":[{"width":511,"height":382,"url":"https:\/\/informelitoral.com.ar\/%77%70%2d%63%6f%6e%74%65%6e%74\/uploads\/2013\/11\/arbol-de-nuezpecan.jpg","type":"image\/jpeg"}],"author":"Gonzalo Schmidt","twitter_card":"summary_large_image","twitter_creator":"@InformeLitoral","twitter_site":"@InformeLitoral","twitter_misc":{"Escrito por":"Gonzalo Schmidt","Tiempo de lectura":"2 minutos"},"schema":{"@context":"https:\/\/schema.org","@graph":[{"@type":"Article","@id":"https:\/\/informelitoral.com.ar\/desde-villa-paranacito-exportaron-nueces-pecan-a-china\/#article","isPartOf":{"@id":"https:\/\/informelitoral.com.ar\/desde-villa-paranacito-exportaron-nueces-pecan-a-china\/"},"author":{"name":"Gonzalo Schmidt","@id":"https:\/\/informelitoral.com.ar\/#\/schema\/person\/b9d00407c836482871ef1d57bf8e3180"},"headline":"Desde Villa Paranacito exportaron nueces pec\u00e1n a China","datePublished":"2013-11-05T11:09:54+00:00","mainEntityOfPage":{"@id":"https:\/\/informelitoral.com.ar\/desde-villa-paranacito-exportaron-nueces-pecan-a-china\/"},"wordCount":469,"commentCount":0,"publisher":{"@id":"https:\/\/informelitoral.com.ar\/#organization"},"image":{"@id":"https:\/\/informelitoral.com.ar\/desde-villa-paranacito-exportaron-nueces-pecan-a-china\/#primaryimage"},"thumbnailUrl":"http:\/\/www.isletasnoticias.com.ar\/%77%70%2d%63%6f%6e%74%65%6e%74\/uploads\/2013\/11\/arbol-de-nuezpecan-300x224.jpg","articleSection":["Campo"],"inLanguage":"es","potentialAction":[{"@type":"CommentAction","name":"Comment","target":["https:\/\/informelitoral.com.ar\/desde-villa-paranacito-exportaron-nueces-pecan-a-china\/#respond"]}]},{"@type":"WebPage","@id":"https:\/\/informelitoral.com.ar\/desde-villa-paranacito-exportaron-nueces-pecan-a-china\/","url":"https:\/\/informelitoral.com.ar\/desde-villa-paranacito-exportaron-nueces-pecan-a-china\/","name":"Desde Villa Paranacito exportaron nueces pec\u00e1n a China - Informe Litoral","isPartOf":{"@id":"https:\/\/informelitoral.com.ar\/#website"},"primaryImageOfPage":{"@id":"https:\/\/informelitoral.com.ar\/desde-villa-paranacito-exportaron-nueces-pecan-a-china\/#primaryimage"},"image":{"@id":"https:\/\/informelitoral.com.ar\/desde-villa-paranacito-exportaron-nueces-pecan-a-china\/#primaryimage"},"thumbnailUrl":"http:\/\/www.isletasnoticias.com.ar\/%77%70%2d%63%6f%6e%74%65%6e%74\/uploads\/2013\/11\/arbol-de-nuezpecan-300x224.jpg","datePublished":"2013-11-05T11:09:54+00:00","breadcrumb":{"@id":"https:\/\/informelitoral.com.ar\/desde-villa-paranacito-exportaron-nueces-pecan-a-china\/#breadcrumb"},"inLanguage":"es","potentialAction":[{"@type":"ReadAction","target":["https:\/\/informelitoral.com.ar\/desde-villa-paranacito-exportaron-nueces-pecan-a-china\/"]}]},{"@type":"ImageObject","inLanguage":"es","@id":"https:\/\/informelitoral.com.ar\/desde-villa-paranacito-exportaron-nueces-pecan-a-china\/#primaryimage","url":"http:\/\/www.isletasnoticias.com.ar\/%77%70%2d%63%6f%6e%74%65%6e%74\/uploads\/2013\/11\/arbol-de-nuezpecan-300x224.jpg","contentUrl":"http:\/\/www.isletasnoticias.com.ar\/%77%70%2d%63%6f%6e%74%65%6e%74\/uploads\/2013\/11\/arbol-de-nuezpecan-300x224.jpg"},{"@type":"BreadcrumbList","@id":"https:\/\/informelitoral.com.ar\/desde-villa-paranacito-exportaron-nueces-pecan-a-china\/#breadcrumb","itemListElement":[{"@type":"ListItem","position":1,"name":"Portada","item":"https:\/\/informelitoral.com.ar\/"},{"@type":"ListItem","position":2,"name":"Desde Villa Paranacito exportaron nueces pec\u00e1n a China"}]},{"@type":"WebSite","@id":"https:\/\/informelitoral.com.ar\/#website","url":"https:\/\/informelitoral.com.ar\/","name":"Informe Litoral","description":"&quot;Nos informamos&quot; ","publisher":{"@id":"https:\/\/informelitoral.com.ar\/#organization"},"potentialAction":[{"@type":"SearchAction","target":{"@type":"EntryPoint","urlTemplate":"https:\/\/informelitoral.com.ar\/?s={search_term_string}"},"query-input":{"@type":"PropertyValueSpecification","valueRequired":true,"valueName":"search_term_string"}}],"inLanguage":"es"},{"@type":"Organization","@id":"https:\/\/informelitoral.com.ar\/#organization","name":"Informe Litoral","url":"https:\/\/informelitoral.com.ar\/","logo":{"@type":"ImageObject","inLanguage":"es","@id":"https:\/\/informelitoral.com.ar\/#\/schema\/logo\/image\/","url":"https:\/\/informelitoral.com.ar\/%77%70%2d%63%6f%6e%74%65%6e%74\/uploads\/2021\/01\/circulo.png","contentUrl":"https:\/\/informelitoral.com.ar\/%77%70%2d%63%6f%6e%74%65%6e%74\/uploads\/2021\/01\/circulo.png","width":723,"height":731,"caption":"Informe Litoral"},"image":{"@id":"https:\/\/informelitoral.com.ar\/#\/schema\/logo\/image\/"},"sameAs":["https:\/\/www.facebook.com\/informelitoral\/","https:\/\/x.com\/InformeLitoral","https:\/\/www.instagram.com\/informelitoral\/","https:\/\/www.youtube.com\/channel\/UCua4Qvz8Icb6MYqhoq9xLXw"]},{"@type":"Person","@id":"https:\/\/informelitoral.com.ar\/#\/schema\/person\/b9d00407c836482871ef1d57bf8e3180","name":"Gonzalo Schmidt","image":{"@type":"ImageObject","inLanguage":"es","@id":"https:\/\/secure.gravatar.com\/avatar\/31a1a7b66ff2de83bd0e9fd79d026630d2d99e55e8bfe501287647b4fd9743de?s=96&d=mm&r=g","url":"https:\/\/secure.gravatar.com\/avatar\/31a1a7b66ff2de83bd0e9fd79d026630d2d99e55e8bfe501287647b4fd9743de?s=96&d=mm&r=g","contentUrl":"https:\/\/secure.gravatar.com\/avatar\/31a1a7b66ff2de83bd0e9fd79d026630d2d99e55e8bfe501287647b4fd9743de?s=96&d=mm&r=g","caption":"Gonzalo Schmidt"},"description":"Sitio web de noticias de la provincia de Entre R\u00edos, Argentina. Informaci\u00f3n y entretenimiento. Informe Litoral, nos informamos.","sameAs":["http:\/\/www.isletasnoticias.com.ar"],"url":"https:\/\/informelitoral.com.ar\/author\/gonzalo\/"}]}},"_links":{"self":[{"href":"https:\/\/informelitoral.com.ar\/%77%70%2d%6a%73%6f%6e\/wp\/v2\/posts\/4094","targetHints":{"allow":["GET"]}}],"collection":[{"href":"https:\/\/informelitoral.com.ar\/%77%70%2d%6a%73%6f%6e\/wp\/v2\/posts"}],"about":[{"href":"https:\/\/informelitoral.com.ar\/%77%70%2d%6a%73%6f%6e\/wp\/v2\/types\/post"}],"author":[{"embeddable":true,"href":"https:\/\/informelitoral.com.ar\/%77%70%2d%6a%73%6f%6e\/wp\/v2\/users\/2"}],"replies":[{"embeddable":true,"href":"https:\/\/informelitoral.com.ar\/%77%70%2d%6a%73%6f%6e\/wp\/v2\/comments?post=4094"}],"version-history":[{"count":0,"href":"https:\/\/informelitoral.com.ar\/%77%70%2d%6a%73%6f%6e\/wp\/v2\/posts\/4094\/revisions"}],"wp:attachment":[{"href":"https:\/\/informelitoral.com.ar\/%77%70%2d%6a%73%6f%6e\/wp\/v2\/media?parent=4094"}],"wp:term":[{"taxonomy":"category","embeddable":true,"href":"https:\/\/informelitoral.com.ar\/%77%70%2d%6a%73%6f%6e\/wp\/v2\/categories?post=4094"},{"taxonomy":"post_tag","embeddable":true,"href":"https:\/\/informelitoral.com.ar\/%77%70%2d%6a%73%6f%6e\/wp\/v2\/tags?post=4094"}],"curies":[{"name":"wp","href":"https:\/\/api.w.org\/{rel}","templated":true}]}}