{"id":40901,"date":"2020-03-13T10:57:18","date_gmt":"2020-03-13T13:57:18","guid":{"rendered":"https:\/\/www.isletasnoticias.com.ar\/?p=40901"},"modified":"2020-03-13T10:57:18","modified_gmt":"2020-03-13T13:57:18","slug":"anuncian-38-grados-para-este-viernes-y-el-fin-de-semana-llegara-el-alivio","status":"publish","type":"post","link":"https:\/\/informelitoral.com.ar\/anuncian-38-grados-para-este-viernes-y-el-fin-de-semana-llegara-el-alivio\/","title":{"rendered":"Anuncian 38 grados para este viernes y el fin de semana llegar\u00e1 el alivio"},"content":{"rendered":"<p>Ser\u00e1 otra<strong>\u00a0jornada agobiante en Entre R\u00edos<\/strong>. Se espera cielo algo nublado y\u00a0<strong>la temperatura m\u00e1xima llegar\u00e1 a los 38 grados.<\/strong>\u00a0Durante el d\u00eda no se pronostican lluvias, aunque el alivio llegar\u00eda el fin de semana.<\/p>\n<p><strong>Qu\u00e9 pasar\u00e1 el s\u00e1bado y domingo<\/strong><\/p>\n<p>La formaci\u00f3n de una baja presi\u00f3n al oeste de Chubut extender\u00e1 un frente fr\u00edo que provocara lluvias y tormentas en el sudeste de Buenos Aires y noreste de la Patagonia con un posterior descenso de la temperaturas, precisaron especialistas del sitio Meteorolog\u00eda y la gente.<\/p>\n<p>A medida que dicho frente fr\u00edo avance hacia el norte se ir\u00e1n activando las\u00a0<strong>tormentas, que es muy probable que para la zona central se den a partir del s\u00e1bado.<\/strong>\u00a0Ese d\u00eda se espera una m\u00ednima de 25 y m\u00e1xima de 33 grados con tormentas aisladas desde la tarde.<\/p>\n<p>En tanto el<strong>\u00a0domingo<\/strong>\u00a0se prev\u00e9n tormentas por la ma\u00f1ana y chaparrones hacia la tarde o noche. La temperatura m\u00ednima estar\u00e1 en los 19 grados y la m\u00e1xima solamente llegar\u00e1 a los 25.<\/p>\n","protected":false},"excerpt":{"rendered":"<p>Tanto para el s\u00e1bado como para el domingo se anuncian precipitaciones en el territorio entrerriano.<\/p>\n","protected":false},"author":2,"featured_media":23718,"comment_status":"open","ping_status":"open","sticky":false,"template":"","format":"standard","meta":{"fifu_image_url":"","fifu_image_alt":"","footnotes":""},"categories":[6],"tags":[38,114,113],"class_list":{"0":"post-40901","1":"post","2":"type-post","3":"status-publish","4":"format-standard","5":"has-post-thumbnail","7":"category-entre-rios","8":"tag-el-tiempo","9":"tag-pronostico","10":"tag-smn"},"yoast_head":"<title>Anuncian 38 grados para este viernes y el fin de semana llegar\u00e1 el alivio - Informe Litoral<\/title>\n<meta name=\"robots\" content=\"index, follow, max-snippet:-1, max-image-preview:large, max-video-preview:-1\" \/>\n<link rel=\"canonical\" href=\"https:\/\/informelitoral.com.ar\/anuncian-38-grados-para-este-viernes-y-el-fin-de-semana-llegara-el-alivio\/\" \/>\n<meta property=\"og:locale\" content=\"es_ES\" \/>\n<meta property=\"og:type\" content=\"article\" \/>\n<meta property=\"og:title\" content=\"Anuncian 38 grados para este viernes y el fin de semana llegar\u00e1 el alivio - Informe Litoral\" \/>\n<meta property=\"og:description\" content=\"Tanto para el s\u00e1bado como para el domingo se anuncian precipitaciones en el territorio entrerriano.\" \/>\n<meta property=\"og:url\" content=\"https:\/\/informelitoral.com.ar\/anuncian-38-grados-para-este-viernes-y-el-fin-de-semana-llegara-el-alivio\/\" \/>\n<meta property=\"og:site_name\" content=\"Informe Litoral\" \/>\n<meta property=\"article:publisher\" content=\"https:\/\/www.facebook.com\/informelitoral\/\" \/>\n<meta property=\"article:published_time\" content=\"2020-03-13T13:57:18+00:00\" \/>\n<meta property=\"og:image\" content=\"https:\/\/informelitoral.com.ar\/%77%70%2d%63%6f%6e%74%65%6e%74\/uploads\/2017\/11\/calor1.jpg\" \/>\n\t<meta property=\"og:image:width\" content=\"1600\" \/>\n\t<meta property=\"og:image:height\" content=\"1095\" \/>\n\t<meta property=\"og:image:type\" content=\"image\/jpeg\" \/>\n<meta name=\"author\" content=\"Gonzalo Schmidt\" \/>\n<meta name=\"twitter:card\" content=\"summary_large_image\" \/>\n<meta name=\"twitter:creator\" content=\"@InformeLitoral\" \/>\n<meta name=\"twitter:site\" content=\"@InformeLitoral\" \/>\n<meta name=\"twitter:label1\" content=\"Escrito por\" \/>\n\t<meta name=\"twitter:data1\" content=\"Gonzalo Schmidt\" \/>\n\t<meta name=\"twitter:label2\" content=\"Tiempo de lectura\" \/>\n\t<meta name=\"twitter:data2\" content=\"1 minuto\" \/>\n<script type=\"application\/ld+json\" class=\"yoast-schema-graph\">{\"@context\":\"https:\\\/\\\/schema.org\",\"@graph\":[{\"@type\":\"Article\",\"@id\":\"https:\\\/\\\/informelitoral.com.ar\\\/anuncian-38-grados-para-este-viernes-y-el-fin-de-semana-llegara-el-alivio\\\/#article\",\"isPartOf\":{\"@id\":\"https:\\\/\\\/informelitoral.com.ar\\\/anuncian-38-grados-para-este-viernes-y-el-fin-de-semana-llegara-el-alivio\\\/\"},\"author\":{\"name\":\"Gonzalo Schmidt\",\"@id\":\"https:\\\/\\\/informelitoral.com.ar\\\/#\\\/schema\\\/person\\\/b9d00407c836482871ef1d57bf8e3180\"},\"headline\":\"Anuncian 38 grados para este viernes y el fin de semana llegar\u00e1 el alivio\",\"datePublished\":\"2020-03-13T13:57:18+00:00\",\"mainEntityOfPage\":{\"@id\":\"https:\\\/\\\/informelitoral.com.ar\\\/anuncian-38-grados-para-este-viernes-y-el-fin-de-semana-llegara-el-alivio\\\/\"},\"wordCount\":196,\"commentCount\":0,\"publisher\":{\"@id\":\"https:\\\/\\\/informelitoral.com.ar\\\/#organization\"},\"image\":{\"@id\":\"https:\\\/\\\/informelitoral.com.ar\\\/anuncian-38-grados-para-este-viernes-y-el-fin-de-semana-llegara-el-alivio\\\/#primaryimage\"},\"thumbnailUrl\":\"https:\\\/\\\/informelitoral.com.ar\\\/%77%70%2d%63%6f%6e%74%65%6e%74\\\/uploads\\\/2017\\\/11\\\/calor1.jpg\",\"keywords\":[\"El tiempo\",\"Pron\u00f3stico\",\"SMN\"],\"articleSection\":[\"Entre R\u00edos\"],\"inLanguage\":\"es\",\"potentialAction\":[{\"@type\":\"CommentAction\",\"name\":\"Comment\",\"target\":[\"https:\\\/\\\/informelitoral.com.ar\\\/anuncian-38-grados-para-este-viernes-y-el-fin-de-semana-llegara-el-alivio\\\/#respond\"]}]},{\"@type\":\"WebPage\",\"@id\":\"https:\\\/\\\/informelitoral.com.ar\\\/anuncian-38-grados-para-este-viernes-y-el-fin-de-semana-llegara-el-alivio\\\/\",\"url\":\"https:\\\/\\\/informelitoral.com.ar\\\/anuncian-38-grados-para-este-viernes-y-el-fin-de-semana-llegara-el-alivio\\\/\",\"name\":\"Anuncian 38 grados para este viernes y el fin de semana llegar\u00e1 el alivio - Informe Litoral\",\"isPartOf\":{\"@id\":\"https:\\\/\\\/informelitoral.com.ar\\\/#website\"},\"primaryImageOfPage\":{\"@id\":\"https:\\\/\\\/informelitoral.com.ar\\\/anuncian-38-grados-para-este-viernes-y-el-fin-de-semana-llegara-el-alivio\\\/#primaryimage\"},\"image\":{\"@id\":\"https:\\\/\\\/informelitoral.com.ar\\\/anuncian-38-grados-para-este-viernes-y-el-fin-de-semana-llegara-el-alivio\\\/#primaryimage\"},\"thumbnailUrl\":\"https:\\\/\\\/informelitoral.com.ar\\\/%77%70%2d%63%6f%6e%74%65%6e%74\\\/uploads\\\/2017\\\/11\\\/calor1.jpg\",\"datePublished\":\"2020-03-13T13:57:18+00:00\",\"breadcrumb\":{\"@id\":\"https:\\\/\\\/informelitoral.com.ar\\\/anuncian-38-grados-para-este-viernes-y-el-fin-de-semana-llegara-el-alivio\\\/#breadcrumb\"},\"inLanguage\":\"es\",\"potentialAction\":[{\"@type\":\"ReadAction\",\"target\":[\"https:\\\/\\\/informelitoral.com.ar\\\/anuncian-38-grados-para-este-viernes-y-el-fin-de-semana-llegara-el-alivio\\\/\"]}]},{\"@type\":\"ImageObject\",\"inLanguage\":\"es\",\"@id\":\"https:\\\/\\\/informelitoral.com.ar\\\/anuncian-38-grados-para-este-viernes-y-el-fin-de-semana-llegara-el-alivio\\\/#primaryimage\",\"url\":\"https:\\\/\\\/informelitoral.com.ar\\\/%77%70%2d%63%6f%6e%74%65%6e%74\\\/uploads\\\/2017\\\/11\\\/calor1.jpg\",\"contentUrl\":\"https:\\\/\\\/informelitoral.com.ar\\\/%77%70%2d%63%6f%6e%74%65%6e%74\\\/uploads\\\/2017\\\/11\\\/calor1.jpg\",\"width\":1600,\"height\":1095},{\"@type\":\"BreadcrumbList\",\"@id\":\"https:\\\/\\\/informelitoral.com.ar\\\/anuncian-38-grados-para-este-viernes-y-el-fin-de-semana-llegara-el-alivio\\\/#breadcrumb\",\"itemListElement\":[{\"@type\":\"ListItem\",\"position\":1,\"name\":\"Portada\",\"item\":\"https:\\\/\\\/informelitoral.com.ar\\\/\"},{\"@type\":\"ListItem\",\"position\":2,\"name\":\"Anuncian 38 grados para este viernes y el fin de semana llegar\u00e1 el alivio\"}]},{\"@type\":\"WebSite\",\"@id\":\"https:\\\/\\\/informelitoral.com.ar\\\/#website\",\"url\":\"https:\\\/\\\/informelitoral.com.ar\\\/\",\"name\":\"Informe Litoral\",\"description\":\"&quot;Nos informamos&quot; \",\"publisher\":{\"@id\":\"https:\\\/\\\/informelitoral.com.ar\\\/#organization\"},\"potentialAction\":[{\"@type\":\"SearchAction\",\"target\":{\"@type\":\"EntryPoint\",\"urlTemplate\":\"https:\\\/\\\/informelitoral.com.ar\\\/?s={search_term_string}\"},\"query-input\":{\"@type\":\"PropertyValueSpecification\",\"valueRequired\":true,\"valueName\":\"search_term_string\"}}],\"inLanguage\":\"es\"},{\"@type\":\"Organization\",\"@id\":\"https:\\\/\\\/informelitoral.com.ar\\\/#organization\",\"name\":\"Informe Litoral\",\"url\":\"https:\\\/\\\/informelitoral.com.ar\\\/\",\"logo\":{\"@type\":\"ImageObject\",\"inLanguage\":\"es\",\"@id\":\"https:\\\/\\\/informelitoral.com.ar\\\/#\\\/schema\\\/logo\\\/image\\\/\",\"url\":\"https:\\\/\\\/informelitoral.com.ar\\\/%77%70%2d%63%6f%6e%74%65%6e%74\\\/uploads\\\/2021\\\/01\\\/circulo.png\",\"contentUrl\":\"https:\\\/\\\/informelitoral.com.ar\\\/%77%70%2d%63%6f%6e%74%65%6e%74\\\/uploads\\\/2021\\\/01\\\/circulo.png\",\"width\":723,\"height\":731,\"caption\":\"Informe Litoral\"},\"image\":{\"@id\":\"https:\\\/\\\/informelitoral.com.ar\\\/#\\\/schema\\\/logo\\\/image\\\/\"},\"sameAs\":[\"https:\\\/\\\/www.facebook.com\\\/informelitoral\\\/\",\"https:\\\/\\\/x.com\\\/InformeLitoral\",\"https:\\\/\\\/www.instagram.com\\\/informelitoral\\\/\",\"https:\\\/\\\/www.youtube.com\\\/channel\\\/UCua4Qvz8Icb6MYqhoq9xLXw\"]},{\"@type\":\"Person\",\"@id\":\"https:\\\/\\\/informelitoral.com.ar\\\/#\\\/schema\\\/person\\\/b9d00407c836482871ef1d57bf8e3180\",\"name\":\"Gonzalo Schmidt\",\"image\":{\"@type\":\"ImageObject\",\"inLanguage\":\"es\",\"@id\":\"https:\\\/\\\/secure.gravatar.com\\\/avatar\\\/31a1a7b66ff2de83bd0e9fd79d026630d2d99e55e8bfe501287647b4fd9743de?s=96&d=mm&r=g\",\"url\":\"https:\\\/\\\/secure.gravatar.com\\\/avatar\\\/31a1a7b66ff2de83bd0e9fd79d026630d2d99e55e8bfe501287647b4fd9743de?s=96&d=mm&r=g\",\"contentUrl\":\"https:\\\/\\\/secure.gravatar.com\\\/avatar\\\/31a1a7b66ff2de83bd0e9fd79d026630d2d99e55e8bfe501287647b4fd9743de?s=96&d=mm&r=g\",\"caption\":\"Gonzalo Schmidt\"},\"description\":\"Sitio web de noticias de la provincia de Entre R\u00edos, Argentina. Informaci\u00f3n y entretenimiento. Informe Litoral, nos informamos.\",\"sameAs\":[\"http:\\\/\\\/www.isletasnoticias.com.ar\"],\"url\":\"https:\\\/\\\/informelitoral.com.ar\\\/author\\\/gonzalo\\\/\"}]}<\/script>","yoast_head_json":{"title":"Anuncian 38 grados para este viernes y el fin de semana llegar\u00e1 el alivio - Informe Litoral","robots":{"index":"index","follow":"follow","max-snippet":"max-snippet:-1","max-image-preview":"max-image-preview:large","max-video-preview":"max-video-preview:-1"},"canonical":"https:\/\/informelitoral.com.ar\/anuncian-38-grados-para-este-viernes-y-el-fin-de-semana-llegara-el-alivio\/","og_locale":"es_ES","og_type":"article","og_title":"Anuncian 38 grados para este viernes y el fin de semana llegar\u00e1 el alivio - Informe Litoral","og_description":"Tanto para el s\u00e1bado como para el domingo se anuncian precipitaciones en el territorio entrerriano.","og_url":"https:\/\/informelitoral.com.ar\/anuncian-38-grados-para-este-viernes-y-el-fin-de-semana-llegara-el-alivio\/","og_site_name":"Informe Litoral","article_publisher":"https:\/\/www.facebook.com\/informelitoral\/","article_published_time":"2020-03-13T13:57:18+00:00","og_image":[{"width":1600,"height":1095,"url":"https:\/\/informelitoral.com.ar\/%77%70%2d%63%6f%6e%74%65%6e%74\/uploads\/2017\/11\/calor1.jpg","type":"image\/jpeg"}],"author":"Gonzalo Schmidt","twitter_card":"summary_large_image","twitter_creator":"@InformeLitoral","twitter_site":"@InformeLitoral","twitter_misc":{"Escrito por":"Gonzalo Schmidt","Tiempo de lectura":"1 minuto"},"schema":{"@context":"https:\/\/schema.org","@graph":[{"@type":"Article","@id":"https:\/\/informelitoral.com.ar\/anuncian-38-grados-para-este-viernes-y-el-fin-de-semana-llegara-el-alivio\/#article","isPartOf":{"@id":"https:\/\/informelitoral.com.ar\/anuncian-38-grados-para-este-viernes-y-el-fin-de-semana-llegara-el-alivio\/"},"author":{"name":"Gonzalo Schmidt","@id":"https:\/\/informelitoral.com.ar\/#\/schema\/person\/b9d00407c836482871ef1d57bf8e3180"},"headline":"Anuncian 38 grados para este viernes y el fin de semana llegar\u00e1 el alivio","datePublished":"2020-03-13T13:57:18+00:00","mainEntityOfPage":{"@id":"https:\/\/informelitoral.com.ar\/anuncian-38-grados-para-este-viernes-y-el-fin-de-semana-llegara-el-alivio\/"},"wordCount":196,"commentCount":0,"publisher":{"@id":"https:\/\/informelitoral.com.ar\/#organization"},"image":{"@id":"https:\/\/informelitoral.com.ar\/anuncian-38-grados-para-este-viernes-y-el-fin-de-semana-llegara-el-alivio\/#primaryimage"},"thumbnailUrl":"https:\/\/informelitoral.com.ar\/%77%70%2d%63%6f%6e%74%65%6e%74\/uploads\/2017\/11\/calor1.jpg","keywords":["El tiempo","Pron\u00f3stico","SMN"],"articleSection":["Entre R\u00edos"],"inLanguage":"es","potentialAction":[{"@type":"CommentAction","name":"Comment","target":["https:\/\/informelitoral.com.ar\/anuncian-38-grados-para-este-viernes-y-el-fin-de-semana-llegara-el-alivio\/#respond"]}]},{"@type":"WebPage","@id":"https:\/\/informelitoral.com.ar\/anuncian-38-grados-para-este-viernes-y-el-fin-de-semana-llegara-el-alivio\/","url":"https:\/\/informelitoral.com.ar\/anuncian-38-grados-para-este-viernes-y-el-fin-de-semana-llegara-el-alivio\/","name":"Anuncian 38 grados para este viernes y el fin de semana llegar\u00e1 el alivio - Informe Litoral","isPartOf":{"@id":"https:\/\/informelitoral.com.ar\/#website"},"primaryImageOfPage":{"@id":"https:\/\/informelitoral.com.ar\/anuncian-38-grados-para-este-viernes-y-el-fin-de-semana-llegara-el-alivio\/#primaryimage"},"image":{"@id":"https:\/\/informelitoral.com.ar\/anuncian-38-grados-para-este-viernes-y-el-fin-de-semana-llegara-el-alivio\/#primaryimage"},"thumbnailUrl":"https:\/\/informelitoral.com.ar\/%77%70%2d%63%6f%6e%74%65%6e%74\/uploads\/2017\/11\/calor1.jpg","datePublished":"2020-03-13T13:57:18+00:00","breadcrumb":{"@id":"https:\/\/informelitoral.com.ar\/anuncian-38-grados-para-este-viernes-y-el-fin-de-semana-llegara-el-alivio\/#breadcrumb"},"inLanguage":"es","potentialAction":[{"@type":"ReadAction","target":["https:\/\/informelitoral.com.ar\/anuncian-38-grados-para-este-viernes-y-el-fin-de-semana-llegara-el-alivio\/"]}]},{"@type":"ImageObject","inLanguage":"es","@id":"https:\/\/informelitoral.com.ar\/anuncian-38-grados-para-este-viernes-y-el-fin-de-semana-llegara-el-alivio\/#primaryimage","url":"https:\/\/informelitoral.com.ar\/%77%70%2d%63%6f%6e%74%65%6e%74\/uploads\/2017\/11\/calor1.jpg","contentUrl":"https:\/\/informelitoral.com.ar\/%77%70%2d%63%6f%6e%74%65%6e%74\/uploads\/2017\/11\/calor1.jpg","width":1600,"height":1095},{"@type":"BreadcrumbList","@id":"https:\/\/informelitoral.com.ar\/anuncian-38-grados-para-este-viernes-y-el-fin-de-semana-llegara-el-alivio\/#breadcrumb","itemListElement":[{"@type":"ListItem","position":1,"name":"Portada","item":"https:\/\/informelitoral.com.ar\/"},{"@type":"ListItem","position":2,"name":"Anuncian 38 grados para este viernes y el fin de semana llegar\u00e1 el alivio"}]},{"@type":"WebSite","@id":"https:\/\/informelitoral.com.ar\/#website","url":"https:\/\/informelitoral.com.ar\/","name":"Informe Litoral","description":"&quot;Nos informamos&quot; ","publisher":{"@id":"https:\/\/informelitoral.com.ar\/#organization"},"potentialAction":[{"@type":"SearchAction","target":{"@type":"EntryPoint","urlTemplate":"https:\/\/informelitoral.com.ar\/?s={search_term_string}"},"query-input":{"@type":"PropertyValueSpecification","valueRequired":true,"valueName":"search_term_string"}}],"inLanguage":"es"},{"@type":"Organization","@id":"https:\/\/informelitoral.com.ar\/#organization","name":"Informe Litoral","url":"https:\/\/informelitoral.com.ar\/","logo":{"@type":"ImageObject","inLanguage":"es","@id":"https:\/\/informelitoral.com.ar\/#\/schema\/logo\/image\/","url":"https:\/\/informelitoral.com.ar\/%77%70%2d%63%6f%6e%74%65%6e%74\/uploads\/2021\/01\/circulo.png","contentUrl":"https:\/\/informelitoral.com.ar\/%77%70%2d%63%6f%6e%74%65%6e%74\/uploads\/2021\/01\/circulo.png","width":723,"height":731,"caption":"Informe Litoral"},"image":{"@id":"https:\/\/informelitoral.com.ar\/#\/schema\/logo\/image\/"},"sameAs":["https:\/\/www.facebook.com\/informelitoral\/","https:\/\/x.com\/InformeLitoral","https:\/\/www.instagram.com\/informelitoral\/","https:\/\/www.youtube.com\/channel\/UCua4Qvz8Icb6MYqhoq9xLXw"]},{"@type":"Person","@id":"https:\/\/informelitoral.com.ar\/#\/schema\/person\/b9d00407c836482871ef1d57bf8e3180","name":"Gonzalo Schmidt","image":{"@type":"ImageObject","inLanguage":"es","@id":"https:\/\/secure.gravatar.com\/avatar\/31a1a7b66ff2de83bd0e9fd79d026630d2d99e55e8bfe501287647b4fd9743de?s=96&d=mm&r=g","url":"https:\/\/secure.gravatar.com\/avatar\/31a1a7b66ff2de83bd0e9fd79d026630d2d99e55e8bfe501287647b4fd9743de?s=96&d=mm&r=g","contentUrl":"https:\/\/secure.gravatar.com\/avatar\/31a1a7b66ff2de83bd0e9fd79d026630d2d99e55e8bfe501287647b4fd9743de?s=96&d=mm&r=g","caption":"Gonzalo Schmidt"},"description":"Sitio web de noticias de la provincia de Entre R\u00edos, Argentina. Informaci\u00f3n y entretenimiento. Informe Litoral, nos informamos.","sameAs":["http:\/\/www.isletasnoticias.com.ar"],"url":"https:\/\/informelitoral.com.ar\/author\/gonzalo\/"}]}},"_links":{"self":[{"href":"https:\/\/informelitoral.com.ar\/%77%70%2d%6a%73%6f%6e\/wp\/v2\/posts\/40901","targetHints":{"allow":["GET"]}}],"collection":[{"href":"https:\/\/informelitoral.com.ar\/%77%70%2d%6a%73%6f%6e\/wp\/v2\/posts"}],"about":[{"href":"https:\/\/informelitoral.com.ar\/%77%70%2d%6a%73%6f%6e\/wp\/v2\/types\/post"}],"author":[{"embeddable":true,"href":"https:\/\/informelitoral.com.ar\/%77%70%2d%6a%73%6f%6e\/wp\/v2\/users\/2"}],"replies":[{"embeddable":true,"href":"https:\/\/informelitoral.com.ar\/%77%70%2d%6a%73%6f%6e\/wp\/v2\/comments?post=40901"}],"version-history":[{"count":0,"href":"https:\/\/informelitoral.com.ar\/%77%70%2d%6a%73%6f%6e\/wp\/v2\/posts\/40901\/revisions"}],"wp:featuredmedia":[{"embeddable":true,"href":"https:\/\/informelitoral.com.ar\/%77%70%2d%6a%73%6f%6e\/wp\/v2\/media\/23718"}],"wp:attachment":[{"href":"https:\/\/informelitoral.com.ar\/%77%70%2d%6a%73%6f%6e\/wp\/v2\/media?parent=40901"}],"wp:term":[{"taxonomy":"category","embeddable":true,"href":"https:\/\/informelitoral.com.ar\/%77%70%2d%6a%73%6f%6e\/wp\/v2\/categories?post=40901"},{"taxonomy":"post_tag","embeddable":true,"href":"https:\/\/informelitoral.com.ar\/%77%70%2d%6a%73%6f%6e\/wp\/v2\/tags?post=40901"}],"curies":[{"name":"wp","href":"https:\/\/api.w.org\/{rel}","templated":true}]}}