{"id":409,"date":"2013-03-20T15:24:24","date_gmt":"2013-03-20T18:24:24","guid":{"rendered":"http:\/\/www.isletasnoticias.com.ar\/?p=409"},"modified":"2013-03-20T15:25:11","modified_gmt":"2013-03-20T18:25:11","slug":"detuvieron-a-uno-de-los-hermanos-de-diamante-que-perpetro-el-asalto-a-la-familia-de-crespo","status":"publish","type":"post","link":"https:\/\/informelitoral.com.ar\/detuvieron-a-uno-de-los-hermanos-de-diamante-que-perpetro-el-asalto-a-la-familia-de-crespo\/","title":{"rendered":"Detuvieron a uno de los hermanos de Diamante que perpetr\u00f3 el asalto a la familia de Crespo"},"content":{"rendered":"<p><strong>Fuentes policiales info<\/strong><strong>rmaron\u00a0de la detenci\u00f3n de un sujeto oriundo de Diamante, part\u00edcipe en el asalto al matrimonio de la zona rural de Crespo. <em>\u00abSer\u00eda inminente la detenci\u00f3n del hermano de este\u201d,<\/em> adelantaron.<\/strong><\/p>\n<p><a href=\"http:\/\/www.isletasnoticias.com.ar\/%77%70%2d%63%6f%6e%74%65%6e%74\/uploads\/2013\/03\/policial.jpg\"><img loading=\"lazy\" decoding=\"async\" class=\"size-medium wp-image-410 alignleft\" alt=\"policial\" src=\"http:\/\/www.isletasnoticias.com.ar\/%77%70%2d%63%6f%6e%74%65%6e%74\/uploads\/2013\/03\/policial-300x225.jpg\" width=\"300\" height=\"225\" srcset=\"https:\/\/informelitoral.com.ar\/%77%70%2d%63%6f%6e%74%65%6e%74\/uploads\/2013\/03\/policial-300x225.jpg 300w, https:\/\/informelitoral.com.ar\/%77%70%2d%63%6f%6e%74%65%6e%74\/uploads\/2013\/03\/policial.jpg 320w\" sizes=\"auto, (max-width: 300px) 100vw, 300px\" \/><\/a><\/p>\n<p><strong>Mario Muller,<\/strong>\u00a0jefe de la\u00a0Departamental Paran\u00e1, inform\u00f3\u00a0sobre los adelantos en la causa que investiga el asalto a un matrimonio de la zona rural de Crespo: <em>\u201cPersonal de la comisar\u00eda de esa localidad, logr\u00f3 la detenci\u00f3n de un joven de 24 a\u00f1os de apellido Schleger, oriundo de Diamante, quien est\u00e1 sindicado de ser uno de los autores del il\u00edcito\u201d<\/em>, expres\u00f3. Y agreg\u00f3: <em>\u201cEn el domicilio del aprehendido, de calle Jorge Heinze al final de Crespo, fue que se secuestraron 5000 pesos, 5000 d\u00f3lares, un arma de fuego y un pasamonta\u00f1as\u201d.\u00a0<\/em><\/p>\n<p><em><\/em>El comisario indic\u00f3 que en cumplimiento con lo dispuesto por el Juez de Instrucci\u00f3n Dr Mauricio Mayer, el detenido fue trasladado a Alcaid\u00eda de Tribunales y puesto a disposici\u00f3n de la justicia. En tanto, personal de la Departamental Diamante trabaja arduamente para lograr la detenci\u00f3n del hermano de esta persona, quien tambi\u00e9n cuenta con pedido de captura: <em>\u201cSu detenci\u00f3n ser\u00eda inminente\u201d, <\/em>adelant\u00f3 Muller, al tiempo que reconoci\u00f3 que<em> \u201cambos hermanos son conocidos en Diamante por sus antecedentes policiales y judiciales\u201d.\u00a0<\/em><\/p>\n<p>Tras la investigaci\u00f3n, el Jefe de la Departamental Paran\u00e1 indic\u00f3:<em id=\"__mceDel\"><em> \u201cUn contratista que se dedica a la limpieza de criaderos de pollos, propiedad de la familia damnificada, los hab\u00eda empleado y en la oportunidad, realizaron tareas de inteligencia para lograr el ingreso a la finca\u201d,<\/em> <\/em>finaliz\u00f3.<\/p>\n<p>Fuente: Elonce.com<\/p>\n","protected":false},"excerpt":{"rendered":"<p>Fuentes policiales informaron&nbsp;de la detenci&oacute;n de un sujeto oriundo de Diamante, part&iacute;cipe en el asalto al matrimonio de la zona rural de Crespo. &laquo;Ser&iacute;a inminente la detenci&oacute;n del hermano de este&rdquo;, adelantaron. Mario Muller,&nbsp;jefe de la&nbsp;Departamental Paran&aacute;, inform&oacute;&nbsp;sobre los adelantos en la causa que investiga el asalto a un matrimonio de la zona rural de [&hellip;]<\/p>\n","protected":false},"author":2,"featured_media":0,"comment_status":"open","ping_status":"open","sticky":false,"template":"","format":"standard","meta":{"fifu_image_url":"","fifu_image_alt":"","footnotes":""},"categories":[14],"tags":[],"class_list":{"0":"post-409","1":"post","2":"type-post","3":"status-publish","4":"format-standard","6":"category-policiales"},"yoast_head":"<title>Detuvieron a uno de los hermanos de Diamante que perpetr\u00f3 el asalto a la familia de Crespo - Informe Litoral<\/title>\n<meta name=\"robots\" content=\"index, follow, max-snippet:-1, max-image-preview:large, max-video-preview:-1\" \/>\n<link rel=\"canonical\" href=\"https:\/\/informelitoral.com.ar\/detuvieron-a-uno-de-los-hermanos-de-diamante-que-perpetro-el-asalto-a-la-familia-de-crespo\/\" \/>\n<meta property=\"og:locale\" content=\"es_ES\" \/>\n<meta property=\"og:type\" content=\"article\" \/>\n<meta property=\"og:title\" content=\"Detuvieron a uno de los hermanos de Diamante que perpetr\u00f3 el asalto a la familia de Crespo - Informe Litoral\" \/>\n<meta property=\"og:description\" content=\"Fuentes policiales informaron&nbsp;de la detenci&oacute;n de un sujeto oriundo de Diamante, part&iacute;cipe en el asalto al matrimonio de la zona rural de Crespo. &laquo;Ser&iacute;a inminente la detenci&oacute;n del hermano de este&rdquo;, adelantaron. Mario Muller,&nbsp;jefe de la&nbsp;Departamental Paran&aacute;, inform&oacute;&nbsp;sobre los adelantos en la causa que investiga el asalto a un matrimonio de la zona rural de [&hellip;]\" \/>\n<meta property=\"og:url\" content=\"https:\/\/informelitoral.com.ar\/detuvieron-a-uno-de-los-hermanos-de-diamante-que-perpetro-el-asalto-a-la-familia-de-crespo\/\" \/>\n<meta property=\"og:site_name\" content=\"Informe Litoral\" \/>\n<meta property=\"article:publisher\" content=\"https:\/\/www.facebook.com\/informelitoral\/\" \/>\n<meta property=\"article:published_time\" content=\"2013-03-20T18:24:24+00:00\" \/>\n<meta property=\"article:modified_time\" content=\"2013-03-20T18:25:11+00:00\" \/>\n<meta property=\"og:image\" content=\"https:\/\/informelitoral.com.ar\/%77%70%2d%63%6f%6e%74%65%6e%74\/uploads\/2013\/03\/policial.jpg\" \/>\n\t<meta property=\"og:image:width\" content=\"320\" \/>\n\t<meta property=\"og:image:height\" content=\"240\" \/>\n\t<meta property=\"og:image:type\" content=\"image\/jpeg\" \/>\n<meta name=\"author\" content=\"Gonzalo Schmidt\" \/>\n<meta name=\"twitter:card\" content=\"summary_large_image\" \/>\n<meta name=\"twitter:creator\" content=\"@InformeLitoral\" \/>\n<meta name=\"twitter:site\" content=\"@InformeLitoral\" \/>\n<meta name=\"twitter:label1\" content=\"Escrito por\" \/>\n\t<meta name=\"twitter:data1\" content=\"Gonzalo Schmidt\" \/>\n\t<meta name=\"twitter:label2\" content=\"Tiempo de lectura\" \/>\n\t<meta name=\"twitter:data2\" content=\"1 minuto\" \/>\n<script type=\"application\/ld+json\" class=\"yoast-schema-graph\">{\"@context\":\"https:\\\/\\\/schema.org\",\"@graph\":[{\"@type\":\"Article\",\"@id\":\"https:\\\/\\\/informelitoral.com.ar\\\/detuvieron-a-uno-de-los-hermanos-de-diamante-que-perpetro-el-asalto-a-la-familia-de-crespo\\\/#article\",\"isPartOf\":{\"@id\":\"https:\\\/\\\/informelitoral.com.ar\\\/detuvieron-a-uno-de-los-hermanos-de-diamante-que-perpetro-el-asalto-a-la-familia-de-crespo\\\/\"},\"author\":{\"name\":\"Gonzalo Schmidt\",\"@id\":\"https:\\\/\\\/informelitoral.com.ar\\\/#\\\/schema\\\/person\\\/b9d00407c836482871ef1d57bf8e3180\"},\"headline\":\"Detuvieron a uno de los hermanos de Diamante que perpetr\u00f3 el asalto a la familia de Crespo\",\"datePublished\":\"2013-03-20T18:24:24+00:00\",\"dateModified\":\"2013-03-20T18:25:11+00:00\",\"mainEntityOfPage\":{\"@id\":\"https:\\\/\\\/informelitoral.com.ar\\\/detuvieron-a-uno-de-los-hermanos-de-diamante-que-perpetro-el-asalto-a-la-familia-de-crespo\\\/\"},\"wordCount\":287,\"commentCount\":0,\"publisher\":{\"@id\":\"https:\\\/\\\/informelitoral.com.ar\\\/#organization\"},\"image\":{\"@id\":\"https:\\\/\\\/informelitoral.com.ar\\\/detuvieron-a-uno-de-los-hermanos-de-diamante-que-perpetro-el-asalto-a-la-familia-de-crespo\\\/#primaryimage\"},\"thumbnailUrl\":\"http:\\\/\\\/www.isletasnoticias.com.ar\\\/%77%70%2d%63%6f%6e%74%65%6e%74\\\/uploads\\\/2013\\\/03\\\/policial-300x225.jpg\",\"articleSection\":[\"Policiales\"],\"inLanguage\":\"es\",\"potentialAction\":[{\"@type\":\"CommentAction\",\"name\":\"Comment\",\"target\":[\"https:\\\/\\\/informelitoral.com.ar\\\/detuvieron-a-uno-de-los-hermanos-de-diamante-que-perpetro-el-asalto-a-la-familia-de-crespo\\\/#respond\"]}]},{\"@type\":\"WebPage\",\"@id\":\"https:\\\/\\\/informelitoral.com.ar\\\/detuvieron-a-uno-de-los-hermanos-de-diamante-que-perpetro-el-asalto-a-la-familia-de-crespo\\\/\",\"url\":\"https:\\\/\\\/informelitoral.com.ar\\\/detuvieron-a-uno-de-los-hermanos-de-diamante-que-perpetro-el-asalto-a-la-familia-de-crespo\\\/\",\"name\":\"Detuvieron a uno de los hermanos de Diamante que perpetr\u00f3 el asalto a la familia de Crespo - Informe Litoral\",\"isPartOf\":{\"@id\":\"https:\\\/\\\/informelitoral.com.ar\\\/#website\"},\"primaryImageOfPage\":{\"@id\":\"https:\\\/\\\/informelitoral.com.ar\\\/detuvieron-a-uno-de-los-hermanos-de-diamante-que-perpetro-el-asalto-a-la-familia-de-crespo\\\/#primaryimage\"},\"image\":{\"@id\":\"https:\\\/\\\/informelitoral.com.ar\\\/detuvieron-a-uno-de-los-hermanos-de-diamante-que-perpetro-el-asalto-a-la-familia-de-crespo\\\/#primaryimage\"},\"thumbnailUrl\":\"http:\\\/\\\/www.isletasnoticias.com.ar\\\/%77%70%2d%63%6f%6e%74%65%6e%74\\\/uploads\\\/2013\\\/03\\\/policial-300x225.jpg\",\"datePublished\":\"2013-03-20T18:24:24+00:00\",\"dateModified\":\"2013-03-20T18:25:11+00:00\",\"breadcrumb\":{\"@id\":\"https:\\\/\\\/informelitoral.com.ar\\\/detuvieron-a-uno-de-los-hermanos-de-diamante-que-perpetro-el-asalto-a-la-familia-de-crespo\\\/#breadcrumb\"},\"inLanguage\":\"es\",\"potentialAction\":[{\"@type\":\"ReadAction\",\"target\":[\"https:\\\/\\\/informelitoral.com.ar\\\/detuvieron-a-uno-de-los-hermanos-de-diamante-que-perpetro-el-asalto-a-la-familia-de-crespo\\\/\"]}]},{\"@type\":\"ImageObject\",\"inLanguage\":\"es\",\"@id\":\"https:\\\/\\\/informelitoral.com.ar\\\/detuvieron-a-uno-de-los-hermanos-de-diamante-que-perpetro-el-asalto-a-la-familia-de-crespo\\\/#primaryimage\",\"url\":\"http:\\\/\\\/www.isletasnoticias.com.ar\\\/%77%70%2d%63%6f%6e%74%65%6e%74\\\/uploads\\\/2013\\\/03\\\/policial-300x225.jpg\",\"contentUrl\":\"http:\\\/\\\/www.isletasnoticias.com.ar\\\/%77%70%2d%63%6f%6e%74%65%6e%74\\\/uploads\\\/2013\\\/03\\\/policial-300x225.jpg\"},{\"@type\":\"BreadcrumbList\",\"@id\":\"https:\\\/\\\/informelitoral.com.ar\\\/detuvieron-a-uno-de-los-hermanos-de-diamante-que-perpetro-el-asalto-a-la-familia-de-crespo\\\/#breadcrumb\",\"itemListElement\":[{\"@type\":\"ListItem\",\"position\":1,\"name\":\"Portada\",\"item\":\"https:\\\/\\\/informelitoral.com.ar\\\/\"},{\"@type\":\"ListItem\",\"position\":2,\"name\":\"Detuvieron a uno de los hermanos de Diamante que perpetr\u00f3 el asalto a la familia de Crespo\"}]},{\"@type\":\"WebSite\",\"@id\":\"https:\\\/\\\/informelitoral.com.ar\\\/#website\",\"url\":\"https:\\\/\\\/informelitoral.com.ar\\\/\",\"name\":\"Informe Litoral\",\"description\":\"&quot;Nos informamos&quot; \",\"publisher\":{\"@id\":\"https:\\\/\\\/informelitoral.com.ar\\\/#organization\"},\"potentialAction\":[{\"@type\":\"SearchAction\",\"target\":{\"@type\":\"EntryPoint\",\"urlTemplate\":\"https:\\\/\\\/informelitoral.com.ar\\\/?s={search_term_string}\"},\"query-input\":{\"@type\":\"PropertyValueSpecification\",\"valueRequired\":true,\"valueName\":\"search_term_string\"}}],\"inLanguage\":\"es\"},{\"@type\":\"Organization\",\"@id\":\"https:\\\/\\\/informelitoral.com.ar\\\/#organization\",\"name\":\"Informe Litoral\",\"url\":\"https:\\\/\\\/informelitoral.com.ar\\\/\",\"logo\":{\"@type\":\"ImageObject\",\"inLanguage\":\"es\",\"@id\":\"https:\\\/\\\/informelitoral.com.ar\\\/#\\\/schema\\\/logo\\\/image\\\/\",\"url\":\"https:\\\/\\\/informelitoral.com.ar\\\/%77%70%2d%63%6f%6e%74%65%6e%74\\\/uploads\\\/2021\\\/01\\\/circulo.png\",\"contentUrl\":\"https:\\\/\\\/informelitoral.com.ar\\\/%77%70%2d%63%6f%6e%74%65%6e%74\\\/uploads\\\/2021\\\/01\\\/circulo.png\",\"width\":723,\"height\":731,\"caption\":\"Informe Litoral\"},\"image\":{\"@id\":\"https:\\\/\\\/informelitoral.com.ar\\\/#\\\/schema\\\/logo\\\/image\\\/\"},\"sameAs\":[\"https:\\\/\\\/www.facebook.com\\\/informelitoral\\\/\",\"https:\\\/\\\/x.com\\\/InformeLitoral\",\"https:\\\/\\\/www.instagram.com\\\/informelitoral\\\/\",\"https:\\\/\\\/www.youtube.com\\\/channel\\\/UCua4Qvz8Icb6MYqhoq9xLXw\"]},{\"@type\":\"Person\",\"@id\":\"https:\\\/\\\/informelitoral.com.ar\\\/#\\\/schema\\\/person\\\/b9d00407c836482871ef1d57bf8e3180\",\"name\":\"Gonzalo Schmidt\",\"image\":{\"@type\":\"ImageObject\",\"inLanguage\":\"es\",\"@id\":\"https:\\\/\\\/secure.gravatar.com\\\/avatar\\\/31a1a7b66ff2de83bd0e9fd79d026630d2d99e55e8bfe501287647b4fd9743de?s=96&d=mm&r=g\",\"url\":\"https:\\\/\\\/secure.gravatar.com\\\/avatar\\\/31a1a7b66ff2de83bd0e9fd79d026630d2d99e55e8bfe501287647b4fd9743de?s=96&d=mm&r=g\",\"contentUrl\":\"https:\\\/\\\/secure.gravatar.com\\\/avatar\\\/31a1a7b66ff2de83bd0e9fd79d026630d2d99e55e8bfe501287647b4fd9743de?s=96&d=mm&r=g\",\"caption\":\"Gonzalo Schmidt\"},\"description\":\"Sitio web de noticias de la provincia de Entre R\u00edos, Argentina. Informaci\u00f3n y entretenimiento. Informe Litoral, nos informamos.\",\"sameAs\":[\"http:\\\/\\\/www.isletasnoticias.com.ar\"],\"url\":\"https:\\\/\\\/informelitoral.com.ar\\\/author\\\/gonzalo\\\/\"}]}<\/script>","yoast_head_json":{"title":"Detuvieron a uno de los hermanos de Diamante que perpetr\u00f3 el asalto a la familia de Crespo - Informe Litoral","robots":{"index":"index","follow":"follow","max-snippet":"max-snippet:-1","max-image-preview":"max-image-preview:large","max-video-preview":"max-video-preview:-1"},"canonical":"https:\/\/informelitoral.com.ar\/detuvieron-a-uno-de-los-hermanos-de-diamante-que-perpetro-el-asalto-a-la-familia-de-crespo\/","og_locale":"es_ES","og_type":"article","og_title":"Detuvieron a uno de los hermanos de Diamante que perpetr\u00f3 el asalto a la familia de Crespo - Informe Litoral","og_description":"Fuentes policiales informaron&nbsp;de la detenci&oacute;n de un sujeto oriundo de Diamante, part&iacute;cipe en el asalto al matrimonio de la zona rural de Crespo. &laquo;Ser&iacute;a inminente la detenci&oacute;n del hermano de este&rdquo;, adelantaron. Mario Muller,&nbsp;jefe de la&nbsp;Departamental Paran&aacute;, inform&oacute;&nbsp;sobre los adelantos en la causa que investiga el asalto a un matrimonio de la zona rural de [&hellip;]","og_url":"https:\/\/informelitoral.com.ar\/detuvieron-a-uno-de-los-hermanos-de-diamante-que-perpetro-el-asalto-a-la-familia-de-crespo\/","og_site_name":"Informe Litoral","article_publisher":"https:\/\/www.facebook.com\/informelitoral\/","article_published_time":"2013-03-20T18:24:24+00:00","article_modified_time":"2013-03-20T18:25:11+00:00","og_image":[{"width":320,"height":240,"url":"https:\/\/informelitoral.com.ar\/%77%70%2d%63%6f%6e%74%65%6e%74\/uploads\/2013\/03\/policial.jpg","type":"image\/jpeg"}],"author":"Gonzalo Schmidt","twitter_card":"summary_large_image","twitter_creator":"@InformeLitoral","twitter_site":"@InformeLitoral","twitter_misc":{"Escrito por":"Gonzalo Schmidt","Tiempo de lectura":"1 minuto"},"schema":{"@context":"https:\/\/schema.org","@graph":[{"@type":"Article","@id":"https:\/\/informelitoral.com.ar\/detuvieron-a-uno-de-los-hermanos-de-diamante-que-perpetro-el-asalto-a-la-familia-de-crespo\/#article","isPartOf":{"@id":"https:\/\/informelitoral.com.ar\/detuvieron-a-uno-de-los-hermanos-de-diamante-que-perpetro-el-asalto-a-la-familia-de-crespo\/"},"author":{"name":"Gonzalo Schmidt","@id":"https:\/\/informelitoral.com.ar\/#\/schema\/person\/b9d00407c836482871ef1d57bf8e3180"},"headline":"Detuvieron a uno de los hermanos de Diamante que perpetr\u00f3 el asalto a la familia de Crespo","datePublished":"2013-03-20T18:24:24+00:00","dateModified":"2013-03-20T18:25:11+00:00","mainEntityOfPage":{"@id":"https:\/\/informelitoral.com.ar\/detuvieron-a-uno-de-los-hermanos-de-diamante-que-perpetro-el-asalto-a-la-familia-de-crespo\/"},"wordCount":287,"commentCount":0,"publisher":{"@id":"https:\/\/informelitoral.com.ar\/#organization"},"image":{"@id":"https:\/\/informelitoral.com.ar\/detuvieron-a-uno-de-los-hermanos-de-diamante-que-perpetro-el-asalto-a-la-familia-de-crespo\/#primaryimage"},"thumbnailUrl":"http:\/\/www.isletasnoticias.com.ar\/%77%70%2d%63%6f%6e%74%65%6e%74\/uploads\/2013\/03\/policial-300x225.jpg","articleSection":["Policiales"],"inLanguage":"es","potentialAction":[{"@type":"CommentAction","name":"Comment","target":["https:\/\/informelitoral.com.ar\/detuvieron-a-uno-de-los-hermanos-de-diamante-que-perpetro-el-asalto-a-la-familia-de-crespo\/#respond"]}]},{"@type":"WebPage","@id":"https:\/\/informelitoral.com.ar\/detuvieron-a-uno-de-los-hermanos-de-diamante-que-perpetro-el-asalto-a-la-familia-de-crespo\/","url":"https:\/\/informelitoral.com.ar\/detuvieron-a-uno-de-los-hermanos-de-diamante-que-perpetro-el-asalto-a-la-familia-de-crespo\/","name":"Detuvieron a uno de los hermanos de Diamante que perpetr\u00f3 el asalto a la familia de Crespo - Informe Litoral","isPartOf":{"@id":"https:\/\/informelitoral.com.ar\/#website"},"primaryImageOfPage":{"@id":"https:\/\/informelitoral.com.ar\/detuvieron-a-uno-de-los-hermanos-de-diamante-que-perpetro-el-asalto-a-la-familia-de-crespo\/#primaryimage"},"image":{"@id":"https:\/\/informelitoral.com.ar\/detuvieron-a-uno-de-los-hermanos-de-diamante-que-perpetro-el-asalto-a-la-familia-de-crespo\/#primaryimage"},"thumbnailUrl":"http:\/\/www.isletasnoticias.com.ar\/%77%70%2d%63%6f%6e%74%65%6e%74\/uploads\/2013\/03\/policial-300x225.jpg","datePublished":"2013-03-20T18:24:24+00:00","dateModified":"2013-03-20T18:25:11+00:00","breadcrumb":{"@id":"https:\/\/informelitoral.com.ar\/detuvieron-a-uno-de-los-hermanos-de-diamante-que-perpetro-el-asalto-a-la-familia-de-crespo\/#breadcrumb"},"inLanguage":"es","potentialAction":[{"@type":"ReadAction","target":["https:\/\/informelitoral.com.ar\/detuvieron-a-uno-de-los-hermanos-de-diamante-que-perpetro-el-asalto-a-la-familia-de-crespo\/"]}]},{"@type":"ImageObject","inLanguage":"es","@id":"https:\/\/informelitoral.com.ar\/detuvieron-a-uno-de-los-hermanos-de-diamante-que-perpetro-el-asalto-a-la-familia-de-crespo\/#primaryimage","url":"http:\/\/www.isletasnoticias.com.ar\/%77%70%2d%63%6f%6e%74%65%6e%74\/uploads\/2013\/03\/policial-300x225.jpg","contentUrl":"http:\/\/www.isletasnoticias.com.ar\/%77%70%2d%63%6f%6e%74%65%6e%74\/uploads\/2013\/03\/policial-300x225.jpg"},{"@type":"BreadcrumbList","@id":"https:\/\/informelitoral.com.ar\/detuvieron-a-uno-de-los-hermanos-de-diamante-que-perpetro-el-asalto-a-la-familia-de-crespo\/#breadcrumb","itemListElement":[{"@type":"ListItem","position":1,"name":"Portada","item":"https:\/\/informelitoral.com.ar\/"},{"@type":"ListItem","position":2,"name":"Detuvieron a uno de los hermanos de Diamante que perpetr\u00f3 el asalto a la familia de Crespo"}]},{"@type":"WebSite","@id":"https:\/\/informelitoral.com.ar\/#website","url":"https:\/\/informelitoral.com.ar\/","name":"Informe Litoral","description":"&quot;Nos informamos&quot; ","publisher":{"@id":"https:\/\/informelitoral.com.ar\/#organization"},"potentialAction":[{"@type":"SearchAction","target":{"@type":"EntryPoint","urlTemplate":"https:\/\/informelitoral.com.ar\/?s={search_term_string}"},"query-input":{"@type":"PropertyValueSpecification","valueRequired":true,"valueName":"search_term_string"}}],"inLanguage":"es"},{"@type":"Organization","@id":"https:\/\/informelitoral.com.ar\/#organization","name":"Informe Litoral","url":"https:\/\/informelitoral.com.ar\/","logo":{"@type":"ImageObject","inLanguage":"es","@id":"https:\/\/informelitoral.com.ar\/#\/schema\/logo\/image\/","url":"https:\/\/informelitoral.com.ar\/%77%70%2d%63%6f%6e%74%65%6e%74\/uploads\/2021\/01\/circulo.png","contentUrl":"https:\/\/informelitoral.com.ar\/%77%70%2d%63%6f%6e%74%65%6e%74\/uploads\/2021\/01\/circulo.png","width":723,"height":731,"caption":"Informe Litoral"},"image":{"@id":"https:\/\/informelitoral.com.ar\/#\/schema\/logo\/image\/"},"sameAs":["https:\/\/www.facebook.com\/informelitoral\/","https:\/\/x.com\/InformeLitoral","https:\/\/www.instagram.com\/informelitoral\/","https:\/\/www.youtube.com\/channel\/UCua4Qvz8Icb6MYqhoq9xLXw"]},{"@type":"Person","@id":"https:\/\/informelitoral.com.ar\/#\/schema\/person\/b9d00407c836482871ef1d57bf8e3180","name":"Gonzalo Schmidt","image":{"@type":"ImageObject","inLanguage":"es","@id":"https:\/\/secure.gravatar.com\/avatar\/31a1a7b66ff2de83bd0e9fd79d026630d2d99e55e8bfe501287647b4fd9743de?s=96&d=mm&r=g","url":"https:\/\/secure.gravatar.com\/avatar\/31a1a7b66ff2de83bd0e9fd79d026630d2d99e55e8bfe501287647b4fd9743de?s=96&d=mm&r=g","contentUrl":"https:\/\/secure.gravatar.com\/avatar\/31a1a7b66ff2de83bd0e9fd79d026630d2d99e55e8bfe501287647b4fd9743de?s=96&d=mm&r=g","caption":"Gonzalo Schmidt"},"description":"Sitio web de noticias de la provincia de Entre R\u00edos, Argentina. Informaci\u00f3n y entretenimiento. Informe Litoral, nos informamos.","sameAs":["http:\/\/www.isletasnoticias.com.ar"],"url":"https:\/\/informelitoral.com.ar\/author\/gonzalo\/"}]}},"_links":{"self":[{"href":"https:\/\/informelitoral.com.ar\/%77%70%2d%6a%73%6f%6e\/wp\/v2\/posts\/409","targetHints":{"allow":["GET"]}}],"collection":[{"href":"https:\/\/informelitoral.com.ar\/%77%70%2d%6a%73%6f%6e\/wp\/v2\/posts"}],"about":[{"href":"https:\/\/informelitoral.com.ar\/%77%70%2d%6a%73%6f%6e\/wp\/v2\/types\/post"}],"author":[{"embeddable":true,"href":"https:\/\/informelitoral.com.ar\/%77%70%2d%6a%73%6f%6e\/wp\/v2\/users\/2"}],"replies":[{"embeddable":true,"href":"https:\/\/informelitoral.com.ar\/%77%70%2d%6a%73%6f%6e\/wp\/v2\/comments?post=409"}],"version-history":[{"count":0,"href":"https:\/\/informelitoral.com.ar\/%77%70%2d%6a%73%6f%6e\/wp\/v2\/posts\/409\/revisions"}],"wp:attachment":[{"href":"https:\/\/informelitoral.com.ar\/%77%70%2d%6a%73%6f%6e\/wp\/v2\/media?parent=409"}],"wp:term":[{"taxonomy":"category","embeddable":true,"href":"https:\/\/informelitoral.com.ar\/%77%70%2d%6a%73%6f%6e\/wp\/v2\/categories?post=409"},{"taxonomy":"post_tag","embeddable":true,"href":"https:\/\/informelitoral.com.ar\/%77%70%2d%6a%73%6f%6e\/wp\/v2\/tags?post=409"}],"curies":[{"name":"wp","href":"https:\/\/api.w.org\/{rel}","templated":true}]}}