{"id":40880,"date":"2020-03-12T17:35:10","date_gmt":"2020-03-12T20:35:10","guid":{"rendered":"https:\/\/www.isletasnoticias.com.ar\/?p=40880"},"modified":"2020-03-12T17:35:10","modified_gmt":"2020-03-12T20:35:10","slug":"la-inflacion-en-febrero-llego-al-2-el-nivel-mas-bajo-en-los-ultimos-dos-anos","status":"publish","type":"post","link":"https:\/\/informelitoral.com.ar\/la-inflacion-en-febrero-llego-al-2-el-nivel-mas-bajo-en-los-ultimos-dos-anos\/","title":{"rendered":"La inflaci\u00f3n en febrero lleg\u00f3 al 2%, el nivel m\u00e1s bajo en los \u00faltimos dos a\u00f1os"},"content":{"rendered":"<div class=\"detail-body\">\n<article id=\"note-body\" class=\"note-body first\" data-twitter-link=\"https:\/\/twitter.com\/intent\/tweet?url=https:\/\/www.minutouno.com\/c5088333&amp;v\u00eda=minutounocom&amp;related=MinutoUno&amp;text=\">\n<div class=\"row\">\n<div class=\"inside-note col-xs-12\">\n<p>La\u00a0<strong>inflaci\u00f3n\u00a0<\/strong>en febrero 2%, el menor nivel en los \u00faltimos dos a\u00f1os y acumularon un alza del 50,3% en su medici\u00f3n interanual, inform\u00f3 este jueves el Instituto Nacional de Estad\u00edstica y Censos (Indec) al dar a conocer el \u00cdndice de\u00a0precios al Consumidor (IPC). El dato de febrero es la variaci\u00f3n m\u00e1s baja desde enero de 2018.<\/p>\n<p>La suba fue impulsada principalmente por los rubros Restaurantes y hoteles, que avanz\u00f3 3,1%; seguido de Alimentos y Bebidas, con un avance de 2,7%.<\/p>\n<\/div>\n<\/div>\n<\/article>\n<\/div>\n<div class=\"detail-body \">\n<article id=\"note-body\" class=\"note-body\" data-twitter-link=\"https:\/\/twitter.com\/intent\/tweet?url=https:\/\/www.minutouno.com\/c5088333&amp;v\u00eda=minutounocom&amp;related=MinutoUno&amp;text=\">\n<div class=\"row\">\n<div class=\"inside-note col-xs-12\">\n<p>Si se analizan los resultados regionalmente, puede observarse que la inflaci\u00f3n fue menor al promedio en el Gran Buenos Aires (GBA), en el Noroeste (NOA) y en la Patagonia, ya que percibieron una variaci\u00f3n del 1,8%. Cabe destacar que, en el NOA, los precios del rubro Vivienda, agua, electricidad y combustibles bajaron un 3,7%.<\/p>\n<p>De esta manera\u00a0<span id=\"saysCMSEmphasise545gdulath\" class=\"saysCMSEmphasis\">en los dos primeros meses del a\u00f1o los precios acumulan un avance del 4,3%. Alimentos y Bebidas lidera el \u00edndice con un aumento en el a\u00f1o del 7,5%,<\/span>\u00a0seguido por Restaurantes y hoteles y por Recreaci\u00f3n y Cultura, con subas del 7,4% y del 7,3%, respectivamente. De manera inversa, Vivienda (1,3%), Equipamiento del Hogar (0,8%) y Salud (-1,6%), muestran los indicadores m\u00e1s bajos.<\/p>\n<p>La desaceleraci\u00f3n en la suba de precios es una variable clave para el Banco Central (BCRA), ya que es una de las justificaciones para el recorte en la tasa de inter\u00e9s de referencia, que ya acumula 25 puntos porcentuales con la nueva gesti\u00f3n de\u00a0<strong>Miguel Pesce<\/strong>. En la actualidad se encuentra en el 38%.<\/p>\n<p>La semana pasada, la autoridad monetaria dio a conocer su relevamiento mensual de expectativas de mercado (REM), en el cual\u00a0<span id=\"saysCMSEmphasiske0n8zx87xq\" class=\"saysCMSEmphasis\">la inflaci\u00f3n esperada para 2020 baj\u00f3 al 40%.<\/span> Sin embargo, bajo la nueva metodolog\u00eda, que distingue las estimaciones de las consultoras y entidades financieras m\u00e1s precisas, los precios aumentar\u00edan un 39,3% durante el a\u00f1o en curso, public\u00f3 <em>Minutouno.<\/em><\/p>\n<\/div>\n<\/div>\n<\/article>\n<\/div>\n","protected":false},"excerpt":{"rendered":"<p>El INDEC inform\u00f3 adem\u00e1s que la inflaci\u00f3n en los \u00faltimos 12 meses trep\u00f3 al 50,3% y acumula un avance del 4,3% en lo que va del a\u00f1o.<\/p>\n","protected":false},"author":2,"featured_media":24321,"comment_status":"open","ping_status":"open","sticky":false,"template":"","format":"standard","meta":{"fifu_image_url":"","fifu_image_alt":"","footnotes":""},"categories":[7],"tags":[78,95,32],"class_list":{"0":"post-40880","1":"post","2":"type-post","3":"status-publish","4":"format-standard","5":"has-post-thumbnail","7":"category-nacionales","8":"tag-indec","9":"tag-inflacion","10":"tag-precios"},"yoast_head":"<title>La inflaci\u00f3n en febrero lleg\u00f3 al 2%, el nivel m\u00e1s bajo en los \u00faltimos dos a\u00f1os - Informe Litoral<\/title>\n<meta name=\"robots\" content=\"index, follow, max-snippet:-1, max-image-preview:large, max-video-preview:-1\" \/>\n<link rel=\"canonical\" href=\"https:\/\/informelitoral.com.ar\/la-inflacion-en-febrero-llego-al-2-el-nivel-mas-bajo-en-los-ultimos-dos-anos\/\" \/>\n<meta property=\"og:locale\" content=\"es_ES\" \/>\n<meta property=\"og:type\" content=\"article\" \/>\n<meta property=\"og:title\" content=\"La inflaci\u00f3n en febrero lleg\u00f3 al 2%, el nivel m\u00e1s bajo en los \u00faltimos dos a\u00f1os - Informe Litoral\" \/>\n<meta property=\"og:description\" content=\"El INDEC inform\u00f3 adem\u00e1s que la inflaci\u00f3n en los \u00faltimos 12 meses trep\u00f3 al 50,3% y acumula un avance del 4,3% en lo que va del a\u00f1o.\" \/>\n<meta property=\"og:url\" content=\"https:\/\/informelitoral.com.ar\/la-inflacion-en-febrero-llego-al-2-el-nivel-mas-bajo-en-los-ultimos-dos-anos\/\" \/>\n<meta property=\"og:site_name\" content=\"Informe Litoral\" \/>\n<meta property=\"article:publisher\" content=\"https:\/\/www.facebook.com\/informelitoral\/\" \/>\n<meta property=\"article:published_time\" content=\"2020-03-12T20:35:10+00:00\" \/>\n<meta property=\"og:image\" content=\"https:\/\/informelitoral.com.ar\/%77%70%2d%63%6f%6e%74%65%6e%74\/uploads\/2017\/12\/inflacion-y-precios-2451203w620.jpg\" \/>\n\t<meta property=\"og:image:width\" content=\"620\" \/>\n\t<meta property=\"og:image:height\" content=\"348\" \/>\n\t<meta property=\"og:image:type\" content=\"image\/jpeg\" \/>\n<meta name=\"author\" content=\"Gonzalo Schmidt\" \/>\n<meta name=\"twitter:card\" content=\"summary_large_image\" \/>\n<meta name=\"twitter:creator\" content=\"@InformeLitoral\" \/>\n<meta name=\"twitter:site\" content=\"@InformeLitoral\" \/>\n<meta name=\"twitter:label1\" content=\"Escrito por\" \/>\n\t<meta name=\"twitter:data1\" content=\"Gonzalo Schmidt\" \/>\n\t<meta name=\"twitter:label2\" content=\"Tiempo de lectura\" \/>\n\t<meta name=\"twitter:data2\" content=\"2 minutos\" \/>\n<script type=\"application\/ld+json\" class=\"yoast-schema-graph\">{\"@context\":\"https:\\\/\\\/schema.org\",\"@graph\":[{\"@type\":\"Article\",\"@id\":\"https:\\\/\\\/informelitoral.com.ar\\\/la-inflacion-en-febrero-llego-al-2-el-nivel-mas-bajo-en-los-ultimos-dos-anos\\\/#article\",\"isPartOf\":{\"@id\":\"https:\\\/\\\/informelitoral.com.ar\\\/la-inflacion-en-febrero-llego-al-2-el-nivel-mas-bajo-en-los-ultimos-dos-anos\\\/\"},\"author\":{\"name\":\"Gonzalo Schmidt\",\"@id\":\"https:\\\/\\\/informelitoral.com.ar\\\/#\\\/schema\\\/person\\\/b9d00407c836482871ef1d57bf8e3180\"},\"headline\":\"La inflaci\u00f3n en febrero lleg\u00f3 al 2%, el nivel m\u00e1s bajo en los \u00faltimos dos a\u00f1os\",\"datePublished\":\"2020-03-12T20:35:10+00:00\",\"mainEntityOfPage\":{\"@id\":\"https:\\\/\\\/informelitoral.com.ar\\\/la-inflacion-en-febrero-llego-al-2-el-nivel-mas-bajo-en-los-ultimos-dos-anos\\\/\"},\"wordCount\":334,\"commentCount\":0,\"publisher\":{\"@id\":\"https:\\\/\\\/informelitoral.com.ar\\\/#organization\"},\"image\":{\"@id\":\"https:\\\/\\\/informelitoral.com.ar\\\/la-inflacion-en-febrero-llego-al-2-el-nivel-mas-bajo-en-los-ultimos-dos-anos\\\/#primaryimage\"},\"thumbnailUrl\":\"https:\\\/\\\/informelitoral.com.ar\\\/%77%70%2d%63%6f%6e%74%65%6e%74\\\/uploads\\\/2017\\\/12\\\/inflacion-y-precios-2451203w620.jpg\",\"keywords\":[\"Indec\",\"Inflaci\u00f3n\",\"precios\"],\"articleSection\":[\"Nacionales\"],\"inLanguage\":\"es\",\"potentialAction\":[{\"@type\":\"CommentAction\",\"name\":\"Comment\",\"target\":[\"https:\\\/\\\/informelitoral.com.ar\\\/la-inflacion-en-febrero-llego-al-2-el-nivel-mas-bajo-en-los-ultimos-dos-anos\\\/#respond\"]}]},{\"@type\":\"WebPage\",\"@id\":\"https:\\\/\\\/informelitoral.com.ar\\\/la-inflacion-en-febrero-llego-al-2-el-nivel-mas-bajo-en-los-ultimos-dos-anos\\\/\",\"url\":\"https:\\\/\\\/informelitoral.com.ar\\\/la-inflacion-en-febrero-llego-al-2-el-nivel-mas-bajo-en-los-ultimos-dos-anos\\\/\",\"name\":\"La inflaci\u00f3n en febrero lleg\u00f3 al 2%, el nivel m\u00e1s bajo en los \u00faltimos dos a\u00f1os - Informe Litoral\",\"isPartOf\":{\"@id\":\"https:\\\/\\\/informelitoral.com.ar\\\/#website\"},\"primaryImageOfPage\":{\"@id\":\"https:\\\/\\\/informelitoral.com.ar\\\/la-inflacion-en-febrero-llego-al-2-el-nivel-mas-bajo-en-los-ultimos-dos-anos\\\/#primaryimage\"},\"image\":{\"@id\":\"https:\\\/\\\/informelitoral.com.ar\\\/la-inflacion-en-febrero-llego-al-2-el-nivel-mas-bajo-en-los-ultimos-dos-anos\\\/#primaryimage\"},\"thumbnailUrl\":\"https:\\\/\\\/informelitoral.com.ar\\\/%77%70%2d%63%6f%6e%74%65%6e%74\\\/uploads\\\/2017\\\/12\\\/inflacion-y-precios-2451203w620.jpg\",\"datePublished\":\"2020-03-12T20:35:10+00:00\",\"breadcrumb\":{\"@id\":\"https:\\\/\\\/informelitoral.com.ar\\\/la-inflacion-en-febrero-llego-al-2-el-nivel-mas-bajo-en-los-ultimos-dos-anos\\\/#breadcrumb\"},\"inLanguage\":\"es\",\"potentialAction\":[{\"@type\":\"ReadAction\",\"target\":[\"https:\\\/\\\/informelitoral.com.ar\\\/la-inflacion-en-febrero-llego-al-2-el-nivel-mas-bajo-en-los-ultimos-dos-anos\\\/\"]}]},{\"@type\":\"ImageObject\",\"inLanguage\":\"es\",\"@id\":\"https:\\\/\\\/informelitoral.com.ar\\\/la-inflacion-en-febrero-llego-al-2-el-nivel-mas-bajo-en-los-ultimos-dos-anos\\\/#primaryimage\",\"url\":\"https:\\\/\\\/informelitoral.com.ar\\\/%77%70%2d%63%6f%6e%74%65%6e%74\\\/uploads\\\/2017\\\/12\\\/inflacion-y-precios-2451203w620.jpg\",\"contentUrl\":\"https:\\\/\\\/informelitoral.com.ar\\\/%77%70%2d%63%6f%6e%74%65%6e%74\\\/uploads\\\/2017\\\/12\\\/inflacion-y-precios-2451203w620.jpg\",\"width\":620,\"height\":348},{\"@type\":\"BreadcrumbList\",\"@id\":\"https:\\\/\\\/informelitoral.com.ar\\\/la-inflacion-en-febrero-llego-al-2-el-nivel-mas-bajo-en-los-ultimos-dos-anos\\\/#breadcrumb\",\"itemListElement\":[{\"@type\":\"ListItem\",\"position\":1,\"name\":\"Portada\",\"item\":\"https:\\\/\\\/informelitoral.com.ar\\\/\"},{\"@type\":\"ListItem\",\"position\":2,\"name\":\"La inflaci\u00f3n en febrero lleg\u00f3 al 2%, el nivel m\u00e1s bajo en los \u00faltimos dos a\u00f1os\"}]},{\"@type\":\"WebSite\",\"@id\":\"https:\\\/\\\/informelitoral.com.ar\\\/#website\",\"url\":\"https:\\\/\\\/informelitoral.com.ar\\\/\",\"name\":\"Informe Litoral\",\"description\":\"&quot;Nos informamos&quot; \",\"publisher\":{\"@id\":\"https:\\\/\\\/informelitoral.com.ar\\\/#organization\"},\"potentialAction\":[{\"@type\":\"SearchAction\",\"target\":{\"@type\":\"EntryPoint\",\"urlTemplate\":\"https:\\\/\\\/informelitoral.com.ar\\\/?s={search_term_string}\"},\"query-input\":{\"@type\":\"PropertyValueSpecification\",\"valueRequired\":true,\"valueName\":\"search_term_string\"}}],\"inLanguage\":\"es\"},{\"@type\":\"Organization\",\"@id\":\"https:\\\/\\\/informelitoral.com.ar\\\/#organization\",\"name\":\"Informe Litoral\",\"url\":\"https:\\\/\\\/informelitoral.com.ar\\\/\",\"logo\":{\"@type\":\"ImageObject\",\"inLanguage\":\"es\",\"@id\":\"https:\\\/\\\/informelitoral.com.ar\\\/#\\\/schema\\\/logo\\\/image\\\/\",\"url\":\"https:\\\/\\\/informelitoral.com.ar\\\/%77%70%2d%63%6f%6e%74%65%6e%74\\\/uploads\\\/2021\\\/01\\\/circulo.png\",\"contentUrl\":\"https:\\\/\\\/informelitoral.com.ar\\\/%77%70%2d%63%6f%6e%74%65%6e%74\\\/uploads\\\/2021\\\/01\\\/circulo.png\",\"width\":723,\"height\":731,\"caption\":\"Informe Litoral\"},\"image\":{\"@id\":\"https:\\\/\\\/informelitoral.com.ar\\\/#\\\/schema\\\/logo\\\/image\\\/\"},\"sameAs\":[\"https:\\\/\\\/www.facebook.com\\\/informelitoral\\\/\",\"https:\\\/\\\/x.com\\\/InformeLitoral\",\"https:\\\/\\\/www.instagram.com\\\/informelitoral\\\/\",\"https:\\\/\\\/www.youtube.com\\\/channel\\\/UCua4Qvz8Icb6MYqhoq9xLXw\"]},{\"@type\":\"Person\",\"@id\":\"https:\\\/\\\/informelitoral.com.ar\\\/#\\\/schema\\\/person\\\/b9d00407c836482871ef1d57bf8e3180\",\"name\":\"Gonzalo Schmidt\",\"image\":{\"@type\":\"ImageObject\",\"inLanguage\":\"es\",\"@id\":\"https:\\\/\\\/secure.gravatar.com\\\/avatar\\\/31a1a7b66ff2de83bd0e9fd79d026630d2d99e55e8bfe501287647b4fd9743de?s=96&d=mm&r=g\",\"url\":\"https:\\\/\\\/secure.gravatar.com\\\/avatar\\\/31a1a7b66ff2de83bd0e9fd79d026630d2d99e55e8bfe501287647b4fd9743de?s=96&d=mm&r=g\",\"contentUrl\":\"https:\\\/\\\/secure.gravatar.com\\\/avatar\\\/31a1a7b66ff2de83bd0e9fd79d026630d2d99e55e8bfe501287647b4fd9743de?s=96&d=mm&r=g\",\"caption\":\"Gonzalo Schmidt\"},\"description\":\"Sitio web de noticias de la provincia de Entre R\u00edos, Argentina. Informaci\u00f3n y entretenimiento. Informe Litoral, nos informamos.\",\"sameAs\":[\"http:\\\/\\\/www.isletasnoticias.com.ar\"],\"url\":\"https:\\\/\\\/informelitoral.com.ar\\\/author\\\/gonzalo\\\/\"}]}<\/script>","yoast_head_json":{"title":"La inflaci\u00f3n en febrero lleg\u00f3 al 2%, el nivel m\u00e1s bajo en los \u00faltimos dos a\u00f1os - Informe Litoral","robots":{"index":"index","follow":"follow","max-snippet":"max-snippet:-1","max-image-preview":"max-image-preview:large","max-video-preview":"max-video-preview:-1"},"canonical":"https:\/\/informelitoral.com.ar\/la-inflacion-en-febrero-llego-al-2-el-nivel-mas-bajo-en-los-ultimos-dos-anos\/","og_locale":"es_ES","og_type":"article","og_title":"La inflaci\u00f3n en febrero lleg\u00f3 al 2%, el nivel m\u00e1s bajo en los \u00faltimos dos a\u00f1os - Informe Litoral","og_description":"El INDEC inform\u00f3 adem\u00e1s que la inflaci\u00f3n en los \u00faltimos 12 meses trep\u00f3 al 50,3% y acumula un avance del 4,3% en lo que va del a\u00f1o.","og_url":"https:\/\/informelitoral.com.ar\/la-inflacion-en-febrero-llego-al-2-el-nivel-mas-bajo-en-los-ultimos-dos-anos\/","og_site_name":"Informe Litoral","article_publisher":"https:\/\/www.facebook.com\/informelitoral\/","article_published_time":"2020-03-12T20:35:10+00:00","og_image":[{"width":620,"height":348,"url":"https:\/\/informelitoral.com.ar\/%77%70%2d%63%6f%6e%74%65%6e%74\/uploads\/2017\/12\/inflacion-y-precios-2451203w620.jpg","type":"image\/jpeg"}],"author":"Gonzalo Schmidt","twitter_card":"summary_large_image","twitter_creator":"@InformeLitoral","twitter_site":"@InformeLitoral","twitter_misc":{"Escrito por":"Gonzalo Schmidt","Tiempo de lectura":"2 minutos"},"schema":{"@context":"https:\/\/schema.org","@graph":[{"@type":"Article","@id":"https:\/\/informelitoral.com.ar\/la-inflacion-en-febrero-llego-al-2-el-nivel-mas-bajo-en-los-ultimos-dos-anos\/#article","isPartOf":{"@id":"https:\/\/informelitoral.com.ar\/la-inflacion-en-febrero-llego-al-2-el-nivel-mas-bajo-en-los-ultimos-dos-anos\/"},"author":{"name":"Gonzalo Schmidt","@id":"https:\/\/informelitoral.com.ar\/#\/schema\/person\/b9d00407c836482871ef1d57bf8e3180"},"headline":"La inflaci\u00f3n en febrero lleg\u00f3 al 2%, el nivel m\u00e1s bajo en los \u00faltimos dos a\u00f1os","datePublished":"2020-03-12T20:35:10+00:00","mainEntityOfPage":{"@id":"https:\/\/informelitoral.com.ar\/la-inflacion-en-febrero-llego-al-2-el-nivel-mas-bajo-en-los-ultimos-dos-anos\/"},"wordCount":334,"commentCount":0,"publisher":{"@id":"https:\/\/informelitoral.com.ar\/#organization"},"image":{"@id":"https:\/\/informelitoral.com.ar\/la-inflacion-en-febrero-llego-al-2-el-nivel-mas-bajo-en-los-ultimos-dos-anos\/#primaryimage"},"thumbnailUrl":"https:\/\/informelitoral.com.ar\/%77%70%2d%63%6f%6e%74%65%6e%74\/uploads\/2017\/12\/inflacion-y-precios-2451203w620.jpg","keywords":["Indec","Inflaci\u00f3n","precios"],"articleSection":["Nacionales"],"inLanguage":"es","potentialAction":[{"@type":"CommentAction","name":"Comment","target":["https:\/\/informelitoral.com.ar\/la-inflacion-en-febrero-llego-al-2-el-nivel-mas-bajo-en-los-ultimos-dos-anos\/#respond"]}]},{"@type":"WebPage","@id":"https:\/\/informelitoral.com.ar\/la-inflacion-en-febrero-llego-al-2-el-nivel-mas-bajo-en-los-ultimos-dos-anos\/","url":"https:\/\/informelitoral.com.ar\/la-inflacion-en-febrero-llego-al-2-el-nivel-mas-bajo-en-los-ultimos-dos-anos\/","name":"La inflaci\u00f3n en febrero lleg\u00f3 al 2%, el nivel m\u00e1s bajo en los \u00faltimos dos a\u00f1os - Informe Litoral","isPartOf":{"@id":"https:\/\/informelitoral.com.ar\/#website"},"primaryImageOfPage":{"@id":"https:\/\/informelitoral.com.ar\/la-inflacion-en-febrero-llego-al-2-el-nivel-mas-bajo-en-los-ultimos-dos-anos\/#primaryimage"},"image":{"@id":"https:\/\/informelitoral.com.ar\/la-inflacion-en-febrero-llego-al-2-el-nivel-mas-bajo-en-los-ultimos-dos-anos\/#primaryimage"},"thumbnailUrl":"https:\/\/informelitoral.com.ar\/%77%70%2d%63%6f%6e%74%65%6e%74\/uploads\/2017\/12\/inflacion-y-precios-2451203w620.jpg","datePublished":"2020-03-12T20:35:10+00:00","breadcrumb":{"@id":"https:\/\/informelitoral.com.ar\/la-inflacion-en-febrero-llego-al-2-el-nivel-mas-bajo-en-los-ultimos-dos-anos\/#breadcrumb"},"inLanguage":"es","potentialAction":[{"@type":"ReadAction","target":["https:\/\/informelitoral.com.ar\/la-inflacion-en-febrero-llego-al-2-el-nivel-mas-bajo-en-los-ultimos-dos-anos\/"]}]},{"@type":"ImageObject","inLanguage":"es","@id":"https:\/\/informelitoral.com.ar\/la-inflacion-en-febrero-llego-al-2-el-nivel-mas-bajo-en-los-ultimos-dos-anos\/#primaryimage","url":"https:\/\/informelitoral.com.ar\/%77%70%2d%63%6f%6e%74%65%6e%74\/uploads\/2017\/12\/inflacion-y-precios-2451203w620.jpg","contentUrl":"https:\/\/informelitoral.com.ar\/%77%70%2d%63%6f%6e%74%65%6e%74\/uploads\/2017\/12\/inflacion-y-precios-2451203w620.jpg","width":620,"height":348},{"@type":"BreadcrumbList","@id":"https:\/\/informelitoral.com.ar\/la-inflacion-en-febrero-llego-al-2-el-nivel-mas-bajo-en-los-ultimos-dos-anos\/#breadcrumb","itemListElement":[{"@type":"ListItem","position":1,"name":"Portada","item":"https:\/\/informelitoral.com.ar\/"},{"@type":"ListItem","position":2,"name":"La inflaci\u00f3n en febrero lleg\u00f3 al 2%, el nivel m\u00e1s bajo en los \u00faltimos dos a\u00f1os"}]},{"@type":"WebSite","@id":"https:\/\/informelitoral.com.ar\/#website","url":"https:\/\/informelitoral.com.ar\/","name":"Informe Litoral","description":"&quot;Nos informamos&quot; ","publisher":{"@id":"https:\/\/informelitoral.com.ar\/#organization"},"potentialAction":[{"@type":"SearchAction","target":{"@type":"EntryPoint","urlTemplate":"https:\/\/informelitoral.com.ar\/?s={search_term_string}"},"query-input":{"@type":"PropertyValueSpecification","valueRequired":true,"valueName":"search_term_string"}}],"inLanguage":"es"},{"@type":"Organization","@id":"https:\/\/informelitoral.com.ar\/#organization","name":"Informe Litoral","url":"https:\/\/informelitoral.com.ar\/","logo":{"@type":"ImageObject","inLanguage":"es","@id":"https:\/\/informelitoral.com.ar\/#\/schema\/logo\/image\/","url":"https:\/\/informelitoral.com.ar\/%77%70%2d%63%6f%6e%74%65%6e%74\/uploads\/2021\/01\/circulo.png","contentUrl":"https:\/\/informelitoral.com.ar\/%77%70%2d%63%6f%6e%74%65%6e%74\/uploads\/2021\/01\/circulo.png","width":723,"height":731,"caption":"Informe Litoral"},"image":{"@id":"https:\/\/informelitoral.com.ar\/#\/schema\/logo\/image\/"},"sameAs":["https:\/\/www.facebook.com\/informelitoral\/","https:\/\/x.com\/InformeLitoral","https:\/\/www.instagram.com\/informelitoral\/","https:\/\/www.youtube.com\/channel\/UCua4Qvz8Icb6MYqhoq9xLXw"]},{"@type":"Person","@id":"https:\/\/informelitoral.com.ar\/#\/schema\/person\/b9d00407c836482871ef1d57bf8e3180","name":"Gonzalo Schmidt","image":{"@type":"ImageObject","inLanguage":"es","@id":"https:\/\/secure.gravatar.com\/avatar\/31a1a7b66ff2de83bd0e9fd79d026630d2d99e55e8bfe501287647b4fd9743de?s=96&d=mm&r=g","url":"https:\/\/secure.gravatar.com\/avatar\/31a1a7b66ff2de83bd0e9fd79d026630d2d99e55e8bfe501287647b4fd9743de?s=96&d=mm&r=g","contentUrl":"https:\/\/secure.gravatar.com\/avatar\/31a1a7b66ff2de83bd0e9fd79d026630d2d99e55e8bfe501287647b4fd9743de?s=96&d=mm&r=g","caption":"Gonzalo Schmidt"},"description":"Sitio web de noticias de la provincia de Entre R\u00edos, Argentina. Informaci\u00f3n y entretenimiento. Informe Litoral, nos informamos.","sameAs":["http:\/\/www.isletasnoticias.com.ar"],"url":"https:\/\/informelitoral.com.ar\/author\/gonzalo\/"}]}},"_links":{"self":[{"href":"https:\/\/informelitoral.com.ar\/%77%70%2d%6a%73%6f%6e\/wp\/v2\/posts\/40880","targetHints":{"allow":["GET"]}}],"collection":[{"href":"https:\/\/informelitoral.com.ar\/%77%70%2d%6a%73%6f%6e\/wp\/v2\/posts"}],"about":[{"href":"https:\/\/informelitoral.com.ar\/%77%70%2d%6a%73%6f%6e\/wp\/v2\/types\/post"}],"author":[{"embeddable":true,"href":"https:\/\/informelitoral.com.ar\/%77%70%2d%6a%73%6f%6e\/wp\/v2\/users\/2"}],"replies":[{"embeddable":true,"href":"https:\/\/informelitoral.com.ar\/%77%70%2d%6a%73%6f%6e\/wp\/v2\/comments?post=40880"}],"version-history":[{"count":0,"href":"https:\/\/informelitoral.com.ar\/%77%70%2d%6a%73%6f%6e\/wp\/v2\/posts\/40880\/revisions"}],"wp:featuredmedia":[{"embeddable":true,"href":"https:\/\/informelitoral.com.ar\/%77%70%2d%6a%73%6f%6e\/wp\/v2\/media\/24321"}],"wp:attachment":[{"href":"https:\/\/informelitoral.com.ar\/%77%70%2d%6a%73%6f%6e\/wp\/v2\/media?parent=40880"}],"wp:term":[{"taxonomy":"category","embeddable":true,"href":"https:\/\/informelitoral.com.ar\/%77%70%2d%6a%73%6f%6e\/wp\/v2\/categories?post=40880"},{"taxonomy":"post_tag","embeddable":true,"href":"https:\/\/informelitoral.com.ar\/%77%70%2d%6a%73%6f%6e\/wp\/v2\/tags?post=40880"}],"curies":[{"name":"wp","href":"https:\/\/api.w.org\/{rel}","templated":true}]}}