{"id":4088,"date":"2013-11-05T07:55:16","date_gmt":"2013-11-05T10:55:16","guid":{"rendered":"http:\/\/www.isletasnoticias.com.ar\/?p=4088"},"modified":"2013-11-05T07:55:16","modified_gmt":"2013-11-05T10:55:16","slug":"la-paz-gestionan-una-carrera-orientada-al-perfil-de-la-provincia","status":"publish","type":"post","link":"https:\/\/informelitoral.com.ar\/la-paz-gestionan-una-carrera-orientada-al-perfil-de-la-provincia\/","title":{"rendered":"La Paz: gestionan una carrera orientada al perfil de la provincia"},"content":{"rendered":"<p style=\"text-align: left;\"><strong>Desde la Municipalidad de La Paz se gestiona el dictado de la carrera de T\u00e9cnico Superior en Equipamiento de maquinas Viales, Miner\u00eda y Agroindustria, de la Universidad Tecnol\u00f3gica Nacional. <em>V\u00edctor Quintana<\/em>, secretario de Desarrollo Social, indic\u00f3 que \u00abbuscamos alternativas para que nuestros j\u00f3venes se capaciten en rubros afines al perfil de provincia que tenemos\u00bb. \u00abEl Instituto Becario ser\u00e1 un pilar en el dictado de la carrera\u00bb, dijo.<a href=\"http:\/\/www.isletasnoticias.com.ar\/%77%70%2d%63%6f%6e%74%65%6e%74\/uploads\/2013\/11\/la_paz_1383582044.jpg\"><img loading=\"lazy\" decoding=\"async\" class=\"size-medium wp-image-4089 aligncenter\" alt=\"la_paz_1383582044\" src=\"http:\/\/www.isletasnoticias.com.ar\/%77%70%2d%63%6f%6e%74%65%6e%74\/uploads\/2013\/11\/la_paz_1383582044-300x198.jpg\" width=\"300\" height=\"198\" srcset=\"https:\/\/informelitoral.com.ar\/%77%70%2d%63%6f%6e%74%65%6e%74\/uploads\/2013\/11\/la_paz_1383582044-300x198.jpg 300w, https:\/\/informelitoral.com.ar\/%77%70%2d%63%6f%6e%74%65%6e%74\/uploads\/2013\/11\/la_paz_1383582044.jpg 640w\" sizes=\"auto, (max-width: 300px) 100vw, 300px\" \/><\/a><\/strong><\/p>\n<p>Este lunes, autoridades del municipio de La Paz visitaron el Instituto Becario para contarle a la directora Ejecutiva, <strong>Mayda Cresto<\/strong>, sobre las gestiones para brindar una nueva carrera en la localidad.<\/p>\n<p>Se trata de T\u00e9cnico Superior en Equipamiento de maquinas Viales, Miner\u00eda y Agroindustria, de la UTN. Es una carrera Terciaria, de dictado a t\u00e9rmino y que significar\u00e1 \u00abuna propuesta educativa nueva, que posibilitar\u00e1 a los estudiantes del departamento y la regi\u00f3n capacitarse en un rubro fundamental como es la agroindustria, la construcci\u00f3n, por citar ejemplos\u00bb.<\/p>\n<p><strong>Victor Quintana<\/strong>, secretario de Desarrollo Social de La Paz, <strong>Victoria Fabri<\/strong> y <strong>Rub\u00e9n Faviere<\/strong> explicaron que \u00abvinimos a hablar con la dra. Cresto porque el apoyo de este organismo ser\u00e1 trascendental para que nuestros alumnos se vuelquen a la carrera. Sabemos que se encuentra entre las detectadas como Prioritarias, por lo que el Becario apuntalar\u00e1 a los estudiantes con una beca que servir\u00e1 como un aliciente para continuar capacit\u00e1ndose\u00bb, dijo. Cabe recordar que la beca Terciaria Prioritaria alcanza los 360 pesos por mes, de abril a noviembre.<\/p>\n<p>Por otra parte, Quintana subray\u00f3 que \u00aba corto plazo se cursar\u00e1 en la Escuela T\u00e9cnica, que gentilmente ha ofrecido sus c\u00f3modas instalaciones para el cursado diario en 2014. Buscaremos que dos promociones alcancen el t\u00edtulo de T\u00e9cnico\u00bb.<\/p>\n<p>Esta carrera ya se dicta en la Regional Paran\u00e1 de la UTN, y es una de las modalidades de tres a\u00f1os con que cuenta la prestigiosa casa de altos estudios.<\/p>\n","protected":false},"excerpt":{"rendered":"<p>Desde la Municipalidad de La Paz se gestiona el dictado de la carrera de T&eacute;cnico Superior en Equipamiento de maquinas Viales, Miner&iacute;a y Agroindustria, de la Universidad Tecnol&oacute;gica Nacional. V&iacute;ctor Quintana, secretario de Desarrollo Social, indic&oacute; que &laquo;buscamos alternativas para que nuestros j&oacute;venes se capaciten en rubros afines al perfil de provincia que tenemos&raquo;. &laquo;El [&hellip;]<\/p>\n","protected":false},"author":2,"featured_media":0,"comment_status":"open","ping_status":"open","sticky":false,"template":"","format":"standard","meta":{"fifu_image_url":"","fifu_image_alt":"","footnotes":""},"categories":[6],"tags":[],"class_list":{"0":"post-4088","1":"post","2":"type-post","3":"status-publish","4":"format-standard","6":"category-entre-rios"},"yoast_head":"<title>La Paz: gestionan una carrera orientada al perfil de la provincia - Informe Litoral<\/title>\n<meta name=\"robots\" content=\"index, follow, max-snippet:-1, max-image-preview:large, max-video-preview:-1\" \/>\n<link rel=\"canonical\" href=\"https:\/\/informelitoral.com.ar\/la-paz-gestionan-una-carrera-orientada-al-perfil-de-la-provincia\/\" \/>\n<meta property=\"og:locale\" content=\"es_ES\" \/>\n<meta property=\"og:type\" content=\"article\" \/>\n<meta property=\"og:title\" content=\"La Paz: gestionan una carrera orientada al perfil de la provincia - Informe Litoral\" \/>\n<meta property=\"og:description\" content=\"Desde la Municipalidad de La Paz se gestiona el dictado de la carrera de T&eacute;cnico Superior en Equipamiento de maquinas Viales, Miner&iacute;a y Agroindustria, de la Universidad Tecnol&oacute;gica Nacional. V&iacute;ctor Quintana, secretario de Desarrollo Social, indic&oacute; que &laquo;buscamos alternativas para que nuestros j&oacute;venes se capaciten en rubros afines al perfil de provincia que tenemos&raquo;. &laquo;El [&hellip;]\" \/>\n<meta property=\"og:url\" content=\"https:\/\/informelitoral.com.ar\/la-paz-gestionan-una-carrera-orientada-al-perfil-de-la-provincia\/\" \/>\n<meta property=\"og:site_name\" content=\"Informe Litoral\" \/>\n<meta property=\"article:publisher\" content=\"https:\/\/www.facebook.com\/informelitoral\/\" \/>\n<meta property=\"article:published_time\" content=\"2013-11-05T10:55:16+00:00\" \/>\n<meta property=\"og:image\" content=\"https:\/\/informelitoral.com.ar\/%77%70%2d%63%6f%6e%74%65%6e%74\/uploads\/2013\/11\/la_paz_1383582044.jpg\" \/>\n\t<meta property=\"og:image:width\" content=\"640\" \/>\n\t<meta property=\"og:image:height\" content=\"423\" \/>\n\t<meta property=\"og:image:type\" content=\"image\/jpeg\" \/>\n<meta name=\"author\" content=\"Gonzalo Schmidt\" \/>\n<meta name=\"twitter:card\" content=\"summary_large_image\" \/>\n<meta name=\"twitter:creator\" content=\"@InformeLitoral\" \/>\n<meta name=\"twitter:site\" content=\"@InformeLitoral\" \/>\n<meta name=\"twitter:label1\" content=\"Escrito por\" \/>\n\t<meta name=\"twitter:data1\" content=\"Gonzalo Schmidt\" \/>\n\t<meta name=\"twitter:label2\" content=\"Tiempo de lectura\" \/>\n\t<meta name=\"twitter:data2\" content=\"2 minutos\" \/>\n<script type=\"application\/ld+json\" class=\"yoast-schema-graph\">{\"@context\":\"https:\\\/\\\/schema.org\",\"@graph\":[{\"@type\":\"Article\",\"@id\":\"https:\\\/\\\/informelitoral.com.ar\\\/la-paz-gestionan-una-carrera-orientada-al-perfil-de-la-provincia\\\/#article\",\"isPartOf\":{\"@id\":\"https:\\\/\\\/informelitoral.com.ar\\\/la-paz-gestionan-una-carrera-orientada-al-perfil-de-la-provincia\\\/\"},\"author\":{\"name\":\"Gonzalo Schmidt\",\"@id\":\"https:\\\/\\\/informelitoral.com.ar\\\/#\\\/schema\\\/person\\\/b9d00407c836482871ef1d57bf8e3180\"},\"headline\":\"La Paz: gestionan una carrera orientada al perfil de la provincia\",\"datePublished\":\"2013-11-05T10:55:16+00:00\",\"mainEntityOfPage\":{\"@id\":\"https:\\\/\\\/informelitoral.com.ar\\\/la-paz-gestionan-una-carrera-orientada-al-perfil-de-la-provincia\\\/\"},\"wordCount\":333,\"commentCount\":0,\"publisher\":{\"@id\":\"https:\\\/\\\/informelitoral.com.ar\\\/#organization\"},\"image\":{\"@id\":\"https:\\\/\\\/informelitoral.com.ar\\\/la-paz-gestionan-una-carrera-orientada-al-perfil-de-la-provincia\\\/#primaryimage\"},\"thumbnailUrl\":\"http:\\\/\\\/www.isletasnoticias.com.ar\\\/%77%70%2d%63%6f%6e%74%65%6e%74\\\/uploads\\\/2013\\\/11\\\/la_paz_1383582044-300x198.jpg\",\"articleSection\":[\"Entre R\u00edos\"],\"inLanguage\":\"es\",\"potentialAction\":[{\"@type\":\"CommentAction\",\"name\":\"Comment\",\"target\":[\"https:\\\/\\\/informelitoral.com.ar\\\/la-paz-gestionan-una-carrera-orientada-al-perfil-de-la-provincia\\\/#respond\"]}]},{\"@type\":\"WebPage\",\"@id\":\"https:\\\/\\\/informelitoral.com.ar\\\/la-paz-gestionan-una-carrera-orientada-al-perfil-de-la-provincia\\\/\",\"url\":\"https:\\\/\\\/informelitoral.com.ar\\\/la-paz-gestionan-una-carrera-orientada-al-perfil-de-la-provincia\\\/\",\"name\":\"La Paz: gestionan una carrera orientada al perfil de la provincia - Informe Litoral\",\"isPartOf\":{\"@id\":\"https:\\\/\\\/informelitoral.com.ar\\\/#website\"},\"primaryImageOfPage\":{\"@id\":\"https:\\\/\\\/informelitoral.com.ar\\\/la-paz-gestionan-una-carrera-orientada-al-perfil-de-la-provincia\\\/#primaryimage\"},\"image\":{\"@id\":\"https:\\\/\\\/informelitoral.com.ar\\\/la-paz-gestionan-una-carrera-orientada-al-perfil-de-la-provincia\\\/#primaryimage\"},\"thumbnailUrl\":\"http:\\\/\\\/www.isletasnoticias.com.ar\\\/%77%70%2d%63%6f%6e%74%65%6e%74\\\/uploads\\\/2013\\\/11\\\/la_paz_1383582044-300x198.jpg\",\"datePublished\":\"2013-11-05T10:55:16+00:00\",\"breadcrumb\":{\"@id\":\"https:\\\/\\\/informelitoral.com.ar\\\/la-paz-gestionan-una-carrera-orientada-al-perfil-de-la-provincia\\\/#breadcrumb\"},\"inLanguage\":\"es\",\"potentialAction\":[{\"@type\":\"ReadAction\",\"target\":[\"https:\\\/\\\/informelitoral.com.ar\\\/la-paz-gestionan-una-carrera-orientada-al-perfil-de-la-provincia\\\/\"]}]},{\"@type\":\"ImageObject\",\"inLanguage\":\"es\",\"@id\":\"https:\\\/\\\/informelitoral.com.ar\\\/la-paz-gestionan-una-carrera-orientada-al-perfil-de-la-provincia\\\/#primaryimage\",\"url\":\"http:\\\/\\\/www.isletasnoticias.com.ar\\\/%77%70%2d%63%6f%6e%74%65%6e%74\\\/uploads\\\/2013\\\/11\\\/la_paz_1383582044-300x198.jpg\",\"contentUrl\":\"http:\\\/\\\/www.isletasnoticias.com.ar\\\/%77%70%2d%63%6f%6e%74%65%6e%74\\\/uploads\\\/2013\\\/11\\\/la_paz_1383582044-300x198.jpg\"},{\"@type\":\"BreadcrumbList\",\"@id\":\"https:\\\/\\\/informelitoral.com.ar\\\/la-paz-gestionan-una-carrera-orientada-al-perfil-de-la-provincia\\\/#breadcrumb\",\"itemListElement\":[{\"@type\":\"ListItem\",\"position\":1,\"name\":\"Portada\",\"item\":\"https:\\\/\\\/informelitoral.com.ar\\\/\"},{\"@type\":\"ListItem\",\"position\":2,\"name\":\"La Paz: gestionan una carrera orientada al perfil de la provincia\"}]},{\"@type\":\"WebSite\",\"@id\":\"https:\\\/\\\/informelitoral.com.ar\\\/#website\",\"url\":\"https:\\\/\\\/informelitoral.com.ar\\\/\",\"name\":\"Informe Litoral\",\"description\":\"&quot;Nos informamos&quot; \",\"publisher\":{\"@id\":\"https:\\\/\\\/informelitoral.com.ar\\\/#organization\"},\"potentialAction\":[{\"@type\":\"SearchAction\",\"target\":{\"@type\":\"EntryPoint\",\"urlTemplate\":\"https:\\\/\\\/informelitoral.com.ar\\\/?s={search_term_string}\"},\"query-input\":{\"@type\":\"PropertyValueSpecification\",\"valueRequired\":true,\"valueName\":\"search_term_string\"}}],\"inLanguage\":\"es\"},{\"@type\":\"Organization\",\"@id\":\"https:\\\/\\\/informelitoral.com.ar\\\/#organization\",\"name\":\"Informe Litoral\",\"url\":\"https:\\\/\\\/informelitoral.com.ar\\\/\",\"logo\":{\"@type\":\"ImageObject\",\"inLanguage\":\"es\",\"@id\":\"https:\\\/\\\/informelitoral.com.ar\\\/#\\\/schema\\\/logo\\\/image\\\/\",\"url\":\"https:\\\/\\\/informelitoral.com.ar\\\/%77%70%2d%63%6f%6e%74%65%6e%74\\\/uploads\\\/2021\\\/01\\\/circulo.png\",\"contentUrl\":\"https:\\\/\\\/informelitoral.com.ar\\\/%77%70%2d%63%6f%6e%74%65%6e%74\\\/uploads\\\/2021\\\/01\\\/circulo.png\",\"width\":723,\"height\":731,\"caption\":\"Informe Litoral\"},\"image\":{\"@id\":\"https:\\\/\\\/informelitoral.com.ar\\\/#\\\/schema\\\/logo\\\/image\\\/\"},\"sameAs\":[\"https:\\\/\\\/www.facebook.com\\\/informelitoral\\\/\",\"https:\\\/\\\/x.com\\\/InformeLitoral\",\"https:\\\/\\\/www.instagram.com\\\/informelitoral\\\/\",\"https:\\\/\\\/www.youtube.com\\\/channel\\\/UCua4Qvz8Icb6MYqhoq9xLXw\"]},{\"@type\":\"Person\",\"@id\":\"https:\\\/\\\/informelitoral.com.ar\\\/#\\\/schema\\\/person\\\/b9d00407c836482871ef1d57bf8e3180\",\"name\":\"Gonzalo Schmidt\",\"image\":{\"@type\":\"ImageObject\",\"inLanguage\":\"es\",\"@id\":\"https:\\\/\\\/secure.gravatar.com\\\/avatar\\\/31a1a7b66ff2de83bd0e9fd79d026630d2d99e55e8bfe501287647b4fd9743de?s=96&d=mm&r=g\",\"url\":\"https:\\\/\\\/secure.gravatar.com\\\/avatar\\\/31a1a7b66ff2de83bd0e9fd79d026630d2d99e55e8bfe501287647b4fd9743de?s=96&d=mm&r=g\",\"contentUrl\":\"https:\\\/\\\/secure.gravatar.com\\\/avatar\\\/31a1a7b66ff2de83bd0e9fd79d026630d2d99e55e8bfe501287647b4fd9743de?s=96&d=mm&r=g\",\"caption\":\"Gonzalo Schmidt\"},\"description\":\"Sitio web de noticias de la provincia de Entre R\u00edos, Argentina. Informaci\u00f3n y entretenimiento. Informe Litoral, nos informamos.\",\"sameAs\":[\"http:\\\/\\\/www.isletasnoticias.com.ar\"],\"url\":\"https:\\\/\\\/informelitoral.com.ar\\\/author\\\/gonzalo\\\/\"}]}<\/script>","yoast_head_json":{"title":"La Paz: gestionan una carrera orientada al perfil de la provincia - Informe Litoral","robots":{"index":"index","follow":"follow","max-snippet":"max-snippet:-1","max-image-preview":"max-image-preview:large","max-video-preview":"max-video-preview:-1"},"canonical":"https:\/\/informelitoral.com.ar\/la-paz-gestionan-una-carrera-orientada-al-perfil-de-la-provincia\/","og_locale":"es_ES","og_type":"article","og_title":"La Paz: gestionan una carrera orientada al perfil de la provincia - Informe Litoral","og_description":"Desde la Municipalidad de La Paz se gestiona el dictado de la carrera de T&eacute;cnico Superior en Equipamiento de maquinas Viales, Miner&iacute;a y Agroindustria, de la Universidad Tecnol&oacute;gica Nacional. V&iacute;ctor Quintana, secretario de Desarrollo Social, indic&oacute; que &laquo;buscamos alternativas para que nuestros j&oacute;venes se capaciten en rubros afines al perfil de provincia que tenemos&raquo;. &laquo;El [&hellip;]","og_url":"https:\/\/informelitoral.com.ar\/la-paz-gestionan-una-carrera-orientada-al-perfil-de-la-provincia\/","og_site_name":"Informe Litoral","article_publisher":"https:\/\/www.facebook.com\/informelitoral\/","article_published_time":"2013-11-05T10:55:16+00:00","og_image":[{"width":640,"height":423,"url":"https:\/\/informelitoral.com.ar\/%77%70%2d%63%6f%6e%74%65%6e%74\/uploads\/2013\/11\/la_paz_1383582044.jpg","type":"image\/jpeg"}],"author":"Gonzalo Schmidt","twitter_card":"summary_large_image","twitter_creator":"@InformeLitoral","twitter_site":"@InformeLitoral","twitter_misc":{"Escrito por":"Gonzalo Schmidt","Tiempo de lectura":"2 minutos"},"schema":{"@context":"https:\/\/schema.org","@graph":[{"@type":"Article","@id":"https:\/\/informelitoral.com.ar\/la-paz-gestionan-una-carrera-orientada-al-perfil-de-la-provincia\/#article","isPartOf":{"@id":"https:\/\/informelitoral.com.ar\/la-paz-gestionan-una-carrera-orientada-al-perfil-de-la-provincia\/"},"author":{"name":"Gonzalo Schmidt","@id":"https:\/\/informelitoral.com.ar\/#\/schema\/person\/b9d00407c836482871ef1d57bf8e3180"},"headline":"La Paz: gestionan una carrera orientada al perfil de la provincia","datePublished":"2013-11-05T10:55:16+00:00","mainEntityOfPage":{"@id":"https:\/\/informelitoral.com.ar\/la-paz-gestionan-una-carrera-orientada-al-perfil-de-la-provincia\/"},"wordCount":333,"commentCount":0,"publisher":{"@id":"https:\/\/informelitoral.com.ar\/#organization"},"image":{"@id":"https:\/\/informelitoral.com.ar\/la-paz-gestionan-una-carrera-orientada-al-perfil-de-la-provincia\/#primaryimage"},"thumbnailUrl":"http:\/\/www.isletasnoticias.com.ar\/%77%70%2d%63%6f%6e%74%65%6e%74\/uploads\/2013\/11\/la_paz_1383582044-300x198.jpg","articleSection":["Entre R\u00edos"],"inLanguage":"es","potentialAction":[{"@type":"CommentAction","name":"Comment","target":["https:\/\/informelitoral.com.ar\/la-paz-gestionan-una-carrera-orientada-al-perfil-de-la-provincia\/#respond"]}]},{"@type":"WebPage","@id":"https:\/\/informelitoral.com.ar\/la-paz-gestionan-una-carrera-orientada-al-perfil-de-la-provincia\/","url":"https:\/\/informelitoral.com.ar\/la-paz-gestionan-una-carrera-orientada-al-perfil-de-la-provincia\/","name":"La Paz: gestionan una carrera orientada al perfil de la provincia - Informe Litoral","isPartOf":{"@id":"https:\/\/informelitoral.com.ar\/#website"},"primaryImageOfPage":{"@id":"https:\/\/informelitoral.com.ar\/la-paz-gestionan-una-carrera-orientada-al-perfil-de-la-provincia\/#primaryimage"},"image":{"@id":"https:\/\/informelitoral.com.ar\/la-paz-gestionan-una-carrera-orientada-al-perfil-de-la-provincia\/#primaryimage"},"thumbnailUrl":"http:\/\/www.isletasnoticias.com.ar\/%77%70%2d%63%6f%6e%74%65%6e%74\/uploads\/2013\/11\/la_paz_1383582044-300x198.jpg","datePublished":"2013-11-05T10:55:16+00:00","breadcrumb":{"@id":"https:\/\/informelitoral.com.ar\/la-paz-gestionan-una-carrera-orientada-al-perfil-de-la-provincia\/#breadcrumb"},"inLanguage":"es","potentialAction":[{"@type":"ReadAction","target":["https:\/\/informelitoral.com.ar\/la-paz-gestionan-una-carrera-orientada-al-perfil-de-la-provincia\/"]}]},{"@type":"ImageObject","inLanguage":"es","@id":"https:\/\/informelitoral.com.ar\/la-paz-gestionan-una-carrera-orientada-al-perfil-de-la-provincia\/#primaryimage","url":"http:\/\/www.isletasnoticias.com.ar\/%77%70%2d%63%6f%6e%74%65%6e%74\/uploads\/2013\/11\/la_paz_1383582044-300x198.jpg","contentUrl":"http:\/\/www.isletasnoticias.com.ar\/%77%70%2d%63%6f%6e%74%65%6e%74\/uploads\/2013\/11\/la_paz_1383582044-300x198.jpg"},{"@type":"BreadcrumbList","@id":"https:\/\/informelitoral.com.ar\/la-paz-gestionan-una-carrera-orientada-al-perfil-de-la-provincia\/#breadcrumb","itemListElement":[{"@type":"ListItem","position":1,"name":"Portada","item":"https:\/\/informelitoral.com.ar\/"},{"@type":"ListItem","position":2,"name":"La Paz: gestionan una carrera orientada al perfil de la provincia"}]},{"@type":"WebSite","@id":"https:\/\/informelitoral.com.ar\/#website","url":"https:\/\/informelitoral.com.ar\/","name":"Informe Litoral","description":"&quot;Nos informamos&quot; ","publisher":{"@id":"https:\/\/informelitoral.com.ar\/#organization"},"potentialAction":[{"@type":"SearchAction","target":{"@type":"EntryPoint","urlTemplate":"https:\/\/informelitoral.com.ar\/?s={search_term_string}"},"query-input":{"@type":"PropertyValueSpecification","valueRequired":true,"valueName":"search_term_string"}}],"inLanguage":"es"},{"@type":"Organization","@id":"https:\/\/informelitoral.com.ar\/#organization","name":"Informe Litoral","url":"https:\/\/informelitoral.com.ar\/","logo":{"@type":"ImageObject","inLanguage":"es","@id":"https:\/\/informelitoral.com.ar\/#\/schema\/logo\/image\/","url":"https:\/\/informelitoral.com.ar\/%77%70%2d%63%6f%6e%74%65%6e%74\/uploads\/2021\/01\/circulo.png","contentUrl":"https:\/\/informelitoral.com.ar\/%77%70%2d%63%6f%6e%74%65%6e%74\/uploads\/2021\/01\/circulo.png","width":723,"height":731,"caption":"Informe Litoral"},"image":{"@id":"https:\/\/informelitoral.com.ar\/#\/schema\/logo\/image\/"},"sameAs":["https:\/\/www.facebook.com\/informelitoral\/","https:\/\/x.com\/InformeLitoral","https:\/\/www.instagram.com\/informelitoral\/","https:\/\/www.youtube.com\/channel\/UCua4Qvz8Icb6MYqhoq9xLXw"]},{"@type":"Person","@id":"https:\/\/informelitoral.com.ar\/#\/schema\/person\/b9d00407c836482871ef1d57bf8e3180","name":"Gonzalo Schmidt","image":{"@type":"ImageObject","inLanguage":"es","@id":"https:\/\/secure.gravatar.com\/avatar\/31a1a7b66ff2de83bd0e9fd79d026630d2d99e55e8bfe501287647b4fd9743de?s=96&d=mm&r=g","url":"https:\/\/secure.gravatar.com\/avatar\/31a1a7b66ff2de83bd0e9fd79d026630d2d99e55e8bfe501287647b4fd9743de?s=96&d=mm&r=g","contentUrl":"https:\/\/secure.gravatar.com\/avatar\/31a1a7b66ff2de83bd0e9fd79d026630d2d99e55e8bfe501287647b4fd9743de?s=96&d=mm&r=g","caption":"Gonzalo Schmidt"},"description":"Sitio web de noticias de la provincia de Entre R\u00edos, Argentina. Informaci\u00f3n y entretenimiento. Informe Litoral, nos informamos.","sameAs":["http:\/\/www.isletasnoticias.com.ar"],"url":"https:\/\/informelitoral.com.ar\/author\/gonzalo\/"}]}},"_links":{"self":[{"href":"https:\/\/informelitoral.com.ar\/%77%70%2d%6a%73%6f%6e\/wp\/v2\/posts\/4088","targetHints":{"allow":["GET"]}}],"collection":[{"href":"https:\/\/informelitoral.com.ar\/%77%70%2d%6a%73%6f%6e\/wp\/v2\/posts"}],"about":[{"href":"https:\/\/informelitoral.com.ar\/%77%70%2d%6a%73%6f%6e\/wp\/v2\/types\/post"}],"author":[{"embeddable":true,"href":"https:\/\/informelitoral.com.ar\/%77%70%2d%6a%73%6f%6e\/wp\/v2\/users\/2"}],"replies":[{"embeddable":true,"href":"https:\/\/informelitoral.com.ar\/%77%70%2d%6a%73%6f%6e\/wp\/v2\/comments?post=4088"}],"version-history":[{"count":0,"href":"https:\/\/informelitoral.com.ar\/%77%70%2d%6a%73%6f%6e\/wp\/v2\/posts\/4088\/revisions"}],"wp:attachment":[{"href":"https:\/\/informelitoral.com.ar\/%77%70%2d%6a%73%6f%6e\/wp\/v2\/media?parent=4088"}],"wp:term":[{"taxonomy":"category","embeddable":true,"href":"https:\/\/informelitoral.com.ar\/%77%70%2d%6a%73%6f%6e\/wp\/v2\/categories?post=4088"},{"taxonomy":"post_tag","embeddable":true,"href":"https:\/\/informelitoral.com.ar\/%77%70%2d%6a%73%6f%6e\/wp\/v2\/tags?post=4088"}],"curies":[{"name":"wp","href":"https:\/\/api.w.org\/{rel}","templated":true}]}}