{"id":40869,"date":"2020-03-13T07:52:20","date_gmt":"2020-03-13T10:52:20","guid":{"rendered":"https:\/\/www.isletasnoticias.com.ar\/?p=40869"},"modified":"2020-03-13T08:02:52","modified_gmt":"2020-03-13T11:02:52","slug":"general-ramirez-celebra-su-132-aniversario","status":"publish","type":"post","link":"https:\/\/informelitoral.com.ar\/general-ramirez-celebra-su-132-aniversario\/","title":{"rendered":"General Ram\u00edrez celebra su 132\u00b0 aniversario"},"content":{"rendered":"<p>Este <strong>viernes 13 de marzo<\/strong> la ciudad de<strong> General Ram\u00edrez<\/strong> celebra su<strong> 132\u00b0 aniversario<\/strong>. El <strong>acto central<\/strong> se realizar\u00e1 desde las <strong>18.30 frente al busto de \u201cPancho\u201d Ram\u00edrez<\/strong> y contar\u00e1 con la presencia del gobernador <strong>Gustavo Bordet<\/strong> y la <strong>Banda Municipal de Crespo<\/strong>.<\/p>\n<figure id=\"attachment_40888\" aria-describedby=\"caption-attachment-40888\" style=\"width: 960px\" class=\"wp-caption aligncenter\"><a href=\"https:\/\/www.isletasnoticias.com.ar\/%77%70%2d%63%6f%6e%74%65%6e%74\/uploads\/2020\/03\/86794890_2796855007027319_2194624659285082112_o.jpg\"><img loading=\"lazy\" decoding=\"async\" class=\"wp-image-40888 size-full\" src=\"https:\/\/www.isletasnoticias.com.ar\/%77%70%2d%63%6f%6e%74%65%6e%74\/uploads\/2020\/03\/86794890_2796855007027319_2194624659285082112_o.jpg\" alt=\"\" width=\"960\" height=\"686\" srcset=\"https:\/\/informelitoral.com.ar\/%77%70%2d%63%6f%6e%74%65%6e%74\/uploads\/2020\/03\/86794890_2796855007027319_2194624659285082112_o.jpg 960w, https:\/\/informelitoral.com.ar\/%77%70%2d%63%6f%6e%74%65%6e%74\/uploads\/2020\/03\/86794890_2796855007027319_2194624659285082112_o-300x214.jpg 300w, https:\/\/informelitoral.com.ar\/%77%70%2d%63%6f%6e%74%65%6e%74\/uploads\/2020\/03\/86794890_2796855007027319_2194624659285082112_o-768x549.jpg 768w, https:\/\/informelitoral.com.ar\/%77%70%2d%63%6f%6e%74%65%6e%74\/uploads\/2020\/03\/86794890_2796855007027319_2194624659285082112_o-100x70.jpg 100w, https:\/\/informelitoral.com.ar\/%77%70%2d%63%6f%6e%74%65%6e%74\/uploads\/2020\/03\/86794890_2796855007027319_2194624659285082112_o-696x497.jpg 696w, https:\/\/informelitoral.com.ar\/%77%70%2d%63%6f%6e%74%65%6e%74\/uploads\/2020\/03\/86794890_2796855007027319_2194624659285082112_o-588x420.jpg 588w\" sizes=\"auto, (max-width: 960px) 100vw, 960px\" \/><\/a><figcaption id=\"caption-attachment-40888\" class=\"wp-caption-text\">La tradicional avenida San Mart\u00edn de General Ram\u00edrez. Foto: General Ram\u00edrez &#8211; Entre R\u00edos (Facebook)<\/figcaption><\/figure>\n<p>Desde el mi\u00e9rcoles 11 se realizan diferente actividades en el marco del programa<span style=\"background-color: #ffff00;\"><em><strong> <a style=\"background-color: #ffff00;\" href=\"https:\/\/www.isletasnoticias.com.ar\/ramirez-festeja-una-propuesta-para-celebrar-el-aniversario-y-mostrar-el-potencial-de-general-ramirez\/\">Ram\u00edrez Festeja<\/a><a style=\"background-color: #ffff00;\" href=\"https:\/\/www.facebook.com\/RamirezFesteja\/?fref=ts\">.<\/a><\/strong><\/em><\/span> Las propuestas deportivas, musicales, teatrales, gastron\u00f3micas, y la muestra de emprendedores son coordinadas por diferentes \u00e1reas del municipio, con la participaci\u00f3n del sector privado.<\/p>\n<figure id=\"attachment_40887\" aria-describedby=\"caption-attachment-40887\" style=\"width: 960px\" class=\"wp-caption aligncenter\"><a href=\"https:\/\/www.isletasnoticias.com.ar\/%77%70%2d%63%6f%6e%74%65%6e%74\/uploads\/2020\/03\/86730815_2796855060360647_3637057827572285440_o.jpg\"><img loading=\"lazy\" decoding=\"async\" class=\"wp-image-40887 size-full\" src=\"https:\/\/www.isletasnoticias.com.ar\/%77%70%2d%63%6f%6e%74%65%6e%74\/uploads\/2020\/03\/86730815_2796855060360647_3637057827572285440_o.jpg\" alt=\"\" width=\"960\" height=\"720\" srcset=\"https:\/\/informelitoral.com.ar\/%77%70%2d%63%6f%6e%74%65%6e%74\/uploads\/2020\/03\/86730815_2796855060360647_3637057827572285440_o.jpg 960w, https:\/\/informelitoral.com.ar\/%77%70%2d%63%6f%6e%74%65%6e%74\/uploads\/2020\/03\/86730815_2796855060360647_3637057827572285440_o-300x225.jpg 300w, https:\/\/informelitoral.com.ar\/%77%70%2d%63%6f%6e%74%65%6e%74\/uploads\/2020\/03\/86730815_2796855060360647_3637057827572285440_o-768x576.jpg 768w, https:\/\/informelitoral.com.ar\/%77%70%2d%63%6f%6e%74%65%6e%74\/uploads\/2020\/03\/86730815_2796855060360647_3637057827572285440_o-80x60.jpg 80w, https:\/\/informelitoral.com.ar\/%77%70%2d%63%6f%6e%74%65%6e%74\/uploads\/2020\/03\/86730815_2796855060360647_3637057827572285440_o-265x198.jpg 265w, https:\/\/informelitoral.com.ar\/%77%70%2d%63%6f%6e%74%65%6e%74\/uploads\/2020\/03\/86730815_2796855060360647_3637057827572285440_o-696x522.jpg 696w, https:\/\/informelitoral.com.ar\/%77%70%2d%63%6f%6e%74%65%6e%74\/uploads\/2020\/03\/86730815_2796855060360647_3637057827572285440_o-560x420.jpg 560w\" sizes=\"auto, (max-width: 960px) 100vw, 960px\" \/><\/a><figcaption id=\"caption-attachment-40887\" class=\"wp-caption-text\">El cl\u00e1sico paseo del bulevar San Mart\u00edn. Foto: General Ram\u00edrez &#8211; Entre R\u00edos (Facebook)<\/figcaption><\/figure>\n<p>Para el<strong> s\u00e1bado 14 y domingo 15<\/strong> se destacan las <strong>noches de escenario y la muestra de empresas y emprendedores en el Parque de la Democracia.<\/strong> La primera de las jornadas contar\u00e1 con la presencia de <a href=\"https:\/\/www.isletasnoticias.com.ar\/general-ramirez-se-prepara-para-recibir-a-kapanga\/\">Kapanga<\/a> y diversos artistas locales y de la regi\u00f3n, adem\u00e1s de un patio gastron\u00f3mico.<strong> Todo es con entrada libre y gratuita<\/strong>, supo <em><strong>IN<\/strong><\/em>.<\/p>\n<h3><strong>Breve repaso por la historia <a href=\"https:\/\/www.isletasnoticias.com.ar\/%77%70%2d%63%6f%6e%74%65%6e%74\/uploads\/2020\/03\/82776507_2741966709182816_878670903406231552_o.jpg\"><img loading=\"lazy\" decoding=\"async\" class=\"aligncenter wp-image-40891 size-full\" src=\"https:\/\/www.isletasnoticias.com.ar\/%77%70%2d%63%6f%6e%74%65%6e%74\/uploads\/2020\/03\/82776507_2741966709182816_878670903406231552_o.jpg\" alt=\"\" width=\"960\" height=\"530\" srcset=\"https:\/\/informelitoral.com.ar\/%77%70%2d%63%6f%6e%74%65%6e%74\/uploads\/2020\/03\/82776507_2741966709182816_878670903406231552_o.jpg 960w, https:\/\/informelitoral.com.ar\/%77%70%2d%63%6f%6e%74%65%6e%74\/uploads\/2020\/03\/82776507_2741966709182816_878670903406231552_o-300x166.jpg 300w, https:\/\/informelitoral.com.ar\/%77%70%2d%63%6f%6e%74%65%6e%74\/uploads\/2020\/03\/82776507_2741966709182816_878670903406231552_o-768x424.jpg 768w, https:\/\/informelitoral.com.ar\/%77%70%2d%63%6f%6e%74%65%6e%74\/uploads\/2020\/03\/82776507_2741966709182816_878670903406231552_o-696x385.jpg 696w, https:\/\/informelitoral.com.ar\/%77%70%2d%63%6f%6e%74%65%6e%74\/uploads\/2020\/03\/82776507_2741966709182816_878670903406231552_o-761x420.jpg 761w\" sizes=\"auto, (max-width: 960px) 100vw, 960px\" \/><\/a><\/strong><\/h3>\n<p>General Ram\u00edrez no tiene acta de fundaci\u00f3n ya que fue conform\u00e1ndose como asentamiento de las peonadas de las estancias de las zonas, s\u00ed se sabe que en marzo de 1888, se aprob\u00f3 en Paran\u00e1, el plano y mensura del pueblo. Finalmente, se declar\u00f3 el 13 de marzo como \u201cD\u00eda de la Ciudad\u201d, como un claro y merecido homenaje al Supremo Entrerriano (Gral. Francisco Ram\u00edrez), nacido en esa fecha, pero de 1786.<\/p>\n<p>En sus or\u00edgenes, se encuentra tambi\u00e9n la instalaci\u00f3n de una posta de diligencias, contando con caballos de recambio con el recorrido Concepci\u00f3n del Uruguay \u2013 Paran\u00e1 y viceversa.<\/p>\n<p>En 1860, por disposici\u00f3n del Gral. Justo Jos\u00e9 de Urquiza, se estableci\u00f3 lo que se denomin\u00f3 carrera de postas, mensajer\u00eda y correo. Jos\u00e9 Nicasio Ferreira, empleado de mensajer\u00eda, en 1867 se instal\u00f3 en el lugar con una posta, teniendo aproximadamente 50 caballos de recambio. Lo secundaron algunos familiares, venidos de la Bajada del Paran\u00e1, de apellidos Moando, Abasto, Ruiz y Segovia. Don Ferreira y su esposa Francisca Ibarra, se cree que construyeron un rancho donde instalaron la mencionada posta, que se denominaba \u201cApeadero Los Para\u00edsos\u201d, aunque se dice tambi\u00e9n que la llamaban \u201cLa Posta del Locro\u201d, porque nunca falt\u00f3 este gran plato del men\u00fa criollo.<\/p>\n<p>En 1880, se construy\u00f3 la primera casa de material en las actuales calles Col\u00f3n y Urquiza, que todav\u00eda sigue en pie y fue declarada de Inter\u00e9s Hist\u00f3rico en la ciudad, conserv\u00e1ndola actualmente \u201ccomo un verdadero pedazo de historia\u201d, consigna Carlos A. Chort, en su libro \u201cPasaje de otros tiempos\u201d.<\/p>\n<p>Ubicada a 60 kil\u00f3metros de Paran\u00e1, en el Departamento Diamante, General Ram\u00edrez sustenta su econom\u00eda en la actividad rural, pero posee un importante grupo de empresas y firmas comerciales que le han permitido desarrollarse y ser uno de los pilares en la regi\u00f3n.<\/p>\n<h3><a href=\"https:\/\/www.isletasnoticias.com.ar\/%77%70%2d%63%6f%6e%74%65%6e%74\/uploads\/2020\/03\/89175967_1555916417892608_7360600203243552768_o.jpg\"><img loading=\"lazy\" decoding=\"async\" class=\"aligncenter wp-image-40870 size-full\" src=\"https:\/\/www.isletasnoticias.com.ar\/%77%70%2d%63%6f%6e%74%65%6e%74\/uploads\/2020\/03\/89175967_1555916417892608_7360600203243552768_o.jpg\" alt=\"\" width=\"960\" height=\"960\" srcset=\"https:\/\/informelitoral.com.ar\/%77%70%2d%63%6f%6e%74%65%6e%74\/uploads\/2020\/03\/89175967_1555916417892608_7360600203243552768_o.jpg 960w, https:\/\/informelitoral.com.ar\/%77%70%2d%63%6f%6e%74%65%6e%74\/uploads\/2020\/03\/89175967_1555916417892608_7360600203243552768_o-150x150.jpg 150w, https:\/\/informelitoral.com.ar\/%77%70%2d%63%6f%6e%74%65%6e%74\/uploads\/2020\/03\/89175967_1555916417892608_7360600203243552768_o-300x300.jpg 300w, https:\/\/informelitoral.com.ar\/%77%70%2d%63%6f%6e%74%65%6e%74\/uploads\/2020\/03\/89175967_1555916417892608_7360600203243552768_o-768x768.jpg 768w, https:\/\/informelitoral.com.ar\/%77%70%2d%63%6f%6e%74%65%6e%74\/uploads\/2020\/03\/89175967_1555916417892608_7360600203243552768_o-696x696.jpg 696w, https:\/\/informelitoral.com.ar\/%77%70%2d%63%6f%6e%74%65%6e%74\/uploads\/2020\/03\/89175967_1555916417892608_7360600203243552768_o-420x420.jpg 420w\" sizes=\"auto, (max-width: 960px) 100vw, 960px\" \/><em><strong>NOTAS RELACIONADAS:\u00a0<\/strong><\/em><\/a><\/h3>\n<blockquote class=\"wp-embedded-content\" data-secret=\"ED6LE3I99a\"><p><a href=\"https:\/\/www.isletasnoticias.com.ar\/ramirez-festeja-2020-que-se-podra-consumir-en-el-patio-de-comidas\/\">Ram\u00edrez Festeja 2020: qu\u00e9 se podr\u00e1 consumir en el patio de comidas<\/a><\/p><\/blockquote>\n<p><iframe loading=\"lazy\" title=\"&#171;Ram\u00edrez Festeja 2020: qu\u00e9 se podr\u00e1 consumir en el patio de comidas&#187; &#8212; Isletas Noticias\" class=\"wp-embedded-content\" sandbox=\"allow-scripts\" security=\"restricted\" style=\"position: absolute; clip: rect(1px, 1px, 1px, 1px);\" src=\"https:\/\/www.isletasnoticias.com.ar\/ramirez-festeja-2020-que-se-podra-consumir-en-el-patio-de-comidas\/embed\/#?secret=ED6LE3I99a\" data-secret=\"ED6LE3I99a\" width=\"600\" height=\"338\" frameborder=\"0\" marginwidth=\"0\" marginheight=\"0\" scrolling=\"no\"><\/iframe><\/p>\n<blockquote class=\"wp-embedded-content\" data-secret=\"pL0VVyXHUt\"><p><a href=\"https:\/\/www.isletasnoticias.com.ar\/dieron-a-conocer-el-videoclip-de-la-cancion-del-ramirez-festeja-2020\/\">Dieron a conocer el videoclip de la canci\u00f3n del Ram\u00edrez Festeja 2020<\/a><\/p><\/blockquote>\n<p><iframe loading=\"lazy\" title=\"&#171;Dieron a conocer el videoclip de la canci\u00f3n del Ram\u00edrez Festeja 2020&#187; &#8212; Isletas Noticias\" class=\"wp-embedded-content\" sandbox=\"allow-scripts\" security=\"restricted\" style=\"position: absolute; clip: rect(1px, 1px, 1px, 1px);\" src=\"https:\/\/www.isletasnoticias.com.ar\/dieron-a-conocer-el-videoclip-de-la-cancion-del-ramirez-festeja-2020\/embed\/#?secret=pL0VVyXHUt\" data-secret=\"pL0VVyXHUt\" width=\"600\" height=\"338\" frameborder=\"0\" marginwidth=\"0\" marginheight=\"0\" scrolling=\"no\"><\/iframe><\/p>\n","protected":false},"excerpt":{"rendered":"<p>El acto central est\u00e1 previsto para las 18.30. Las actividades conmemorativas se vienen realizando desde el mi\u00e9rcoles 11 de marzo en el marco del Ram\u00edrez Festeja. Un breve repaso de la historia de esa ciudad del departamento Diamante.<\/p>\n","protected":false},"author":2,"featured_media":40884,"comment_status":"open","ping_status":"open","sticky":false,"template":"","format":"standard","meta":{"fifu_image_url":"","fifu_image_alt":"","footnotes":""},"categories":[5],"tags":[320,1385,556,1433,27,1286],"class_list":{"0":"post-40869","1":"post","2":"type-post","3":"status-publish","4":"format-standard","5":"has-post-thumbnail","7":"category-zonales","8":"tag-aniversario","9":"tag-departamento-diamante","10":"tag-general-ramirez","11":"tag-municipalidad-de-general-ramirez","12":"tag-ramirez","13":"tag-ramirez-festeja"},"yoast_head":"<title>General Ram\u00edrez celebra su 132\u00b0 aniversario - Informe Litoral<\/title>\n<meta name=\"robots\" content=\"index, follow, max-snippet:-1, max-image-preview:large, max-video-preview:-1\" \/>\n<link rel=\"canonical\" href=\"https:\/\/informelitoral.com.ar\/general-ramirez-celebra-su-132-aniversario\/\" \/>\n<meta property=\"og:locale\" content=\"es_ES\" \/>\n<meta property=\"og:type\" content=\"article\" \/>\n<meta property=\"og:title\" content=\"General Ram\u00edrez celebra su 132\u00b0 aniversario - Informe Litoral\" \/>\n<meta property=\"og:description\" content=\"El acto central est\u00e1 previsto para las 18.30. Las actividades conmemorativas se vienen realizando desde el mi\u00e9rcoles 11 de marzo en el marco del Ram\u00edrez Festeja. Un breve repaso de la historia de esa ciudad del departamento Diamante.\" \/>\n<meta property=\"og:url\" content=\"https:\/\/informelitoral.com.ar\/general-ramirez-celebra-su-132-aniversario\/\" \/>\n<meta property=\"og:site_name\" content=\"Informe Litoral\" \/>\n<meta property=\"article:publisher\" content=\"https:\/\/www.facebook.com\/informelitoral\/\" \/>\n<meta property=\"article:published_time\" content=\"2020-03-13T10:52:20+00:00\" \/>\n<meta property=\"article:modified_time\" content=\"2020-03-13T11:02:52+00:00\" \/>\n<meta property=\"og:image\" content=\"https:\/\/informelitoral.com.ar\/%77%70%2d%63%6f%6e%74%65%6e%74\/uploads\/2020\/03\/83554776_2743927112320109_6261655558395265024_o.jpg\" \/>\n\t<meta property=\"og:image:width\" content=\"960\" \/>\n\t<meta property=\"og:image:height\" content=\"691\" \/>\n\t<meta property=\"og:image:type\" content=\"image\/jpeg\" \/>\n<meta name=\"author\" content=\"Gonzalo Schmidt\" \/>\n<meta name=\"twitter:card\" content=\"summary_large_image\" \/>\n<meta name=\"twitter:creator\" content=\"@InformeLitoral\" \/>\n<meta name=\"twitter:site\" content=\"@InformeLitoral\" \/>\n<meta name=\"twitter:label1\" content=\"Escrito por\" \/>\n\t<meta name=\"twitter:data1\" content=\"Gonzalo Schmidt\" \/>\n\t<meta name=\"twitter:label2\" content=\"Tiempo de lectura\" \/>\n\t<meta name=\"twitter:data2\" content=\"3 minutos\" \/>\n<script type=\"application\/ld+json\" class=\"yoast-schema-graph\">{\"@context\":\"https:\\\/\\\/schema.org\",\"@graph\":[{\"@type\":\"Article\",\"@id\":\"https:\\\/\\\/informelitoral.com.ar\\\/general-ramirez-celebra-su-132-aniversario\\\/#article\",\"isPartOf\":{\"@id\":\"https:\\\/\\\/informelitoral.com.ar\\\/general-ramirez-celebra-su-132-aniversario\\\/\"},\"author\":{\"name\":\"Gonzalo Schmidt\",\"@id\":\"https:\\\/\\\/informelitoral.com.ar\\\/#\\\/schema\\\/person\\\/b9d00407c836482871ef1d57bf8e3180\"},\"headline\":\"General Ram\u00edrez celebra su 132\u00b0 aniversario\",\"datePublished\":\"2020-03-13T10:52:20+00:00\",\"dateModified\":\"2020-03-13T11:02:52+00:00\",\"mainEntityOfPage\":{\"@id\":\"https:\\\/\\\/informelitoral.com.ar\\\/general-ramirez-celebra-su-132-aniversario\\\/\"},\"wordCount\":532,\"commentCount\":0,\"publisher\":{\"@id\":\"https:\\\/\\\/informelitoral.com.ar\\\/#organization\"},\"image\":{\"@id\":\"https:\\\/\\\/informelitoral.com.ar\\\/general-ramirez-celebra-su-132-aniversario\\\/#primaryimage\"},\"thumbnailUrl\":\"https:\\\/\\\/informelitoral.com.ar\\\/%77%70%2d%63%6f%6e%74%65%6e%74\\\/uploads\\\/2020\\\/03\\\/83554776_2743927112320109_6261655558395265024_o.jpg\",\"keywords\":[\"Aniversario\",\"Departamento Diamante\",\"General Ram\u00edrez\",\"Municipalidad de General Ram\u00edrez\",\"Ram\u00edrez\",\"Ram\u00edrez Festeja\"],\"articleSection\":[\"Departamento Diamante\"],\"inLanguage\":\"es\",\"potentialAction\":[{\"@type\":\"CommentAction\",\"name\":\"Comment\",\"target\":[\"https:\\\/\\\/informelitoral.com.ar\\\/general-ramirez-celebra-su-132-aniversario\\\/#respond\"]}]},{\"@type\":\"WebPage\",\"@id\":\"https:\\\/\\\/informelitoral.com.ar\\\/general-ramirez-celebra-su-132-aniversario\\\/\",\"url\":\"https:\\\/\\\/informelitoral.com.ar\\\/general-ramirez-celebra-su-132-aniversario\\\/\",\"name\":\"General Ram\u00edrez celebra su 132\u00b0 aniversario - Informe Litoral\",\"isPartOf\":{\"@id\":\"https:\\\/\\\/informelitoral.com.ar\\\/#website\"},\"primaryImageOfPage\":{\"@id\":\"https:\\\/\\\/informelitoral.com.ar\\\/general-ramirez-celebra-su-132-aniversario\\\/#primaryimage\"},\"image\":{\"@id\":\"https:\\\/\\\/informelitoral.com.ar\\\/general-ramirez-celebra-su-132-aniversario\\\/#primaryimage\"},\"thumbnailUrl\":\"https:\\\/\\\/informelitoral.com.ar\\\/%77%70%2d%63%6f%6e%74%65%6e%74\\\/uploads\\\/2020\\\/03\\\/83554776_2743927112320109_6261655558395265024_o.jpg\",\"datePublished\":\"2020-03-13T10:52:20+00:00\",\"dateModified\":\"2020-03-13T11:02:52+00:00\",\"breadcrumb\":{\"@id\":\"https:\\\/\\\/informelitoral.com.ar\\\/general-ramirez-celebra-su-132-aniversario\\\/#breadcrumb\"},\"inLanguage\":\"es\",\"potentialAction\":[{\"@type\":\"ReadAction\",\"target\":[\"https:\\\/\\\/informelitoral.com.ar\\\/general-ramirez-celebra-su-132-aniversario\\\/\"]}]},{\"@type\":\"ImageObject\",\"inLanguage\":\"es\",\"@id\":\"https:\\\/\\\/informelitoral.com.ar\\\/general-ramirez-celebra-su-132-aniversario\\\/#primaryimage\",\"url\":\"https:\\\/\\\/informelitoral.com.ar\\\/%77%70%2d%63%6f%6e%74%65%6e%74\\\/uploads\\\/2020\\\/03\\\/83554776_2743927112320109_6261655558395265024_o.jpg\",\"contentUrl\":\"https:\\\/\\\/informelitoral.com.ar\\\/%77%70%2d%63%6f%6e%74%65%6e%74\\\/uploads\\\/2020\\\/03\\\/83554776_2743927112320109_6261655558395265024_o.jpg\",\"width\":960,\"height\":691},{\"@type\":\"BreadcrumbList\",\"@id\":\"https:\\\/\\\/informelitoral.com.ar\\\/general-ramirez-celebra-su-132-aniversario\\\/#breadcrumb\",\"itemListElement\":[{\"@type\":\"ListItem\",\"position\":1,\"name\":\"Portada\",\"item\":\"https:\\\/\\\/informelitoral.com.ar\\\/\"},{\"@type\":\"ListItem\",\"position\":2,\"name\":\"General Ram\u00edrez celebra su 132\u00b0 aniversario\"}]},{\"@type\":\"WebSite\",\"@id\":\"https:\\\/\\\/informelitoral.com.ar\\\/#website\",\"url\":\"https:\\\/\\\/informelitoral.com.ar\\\/\",\"name\":\"Informe Litoral\",\"description\":\"&quot;Nos informamos&quot; \",\"publisher\":{\"@id\":\"https:\\\/\\\/informelitoral.com.ar\\\/#organization\"},\"potentialAction\":[{\"@type\":\"SearchAction\",\"target\":{\"@type\":\"EntryPoint\",\"urlTemplate\":\"https:\\\/\\\/informelitoral.com.ar\\\/?s={search_term_string}\"},\"query-input\":{\"@type\":\"PropertyValueSpecification\",\"valueRequired\":true,\"valueName\":\"search_term_string\"}}],\"inLanguage\":\"es\"},{\"@type\":\"Organization\",\"@id\":\"https:\\\/\\\/informelitoral.com.ar\\\/#organization\",\"name\":\"Informe Litoral\",\"url\":\"https:\\\/\\\/informelitoral.com.ar\\\/\",\"logo\":{\"@type\":\"ImageObject\",\"inLanguage\":\"es\",\"@id\":\"https:\\\/\\\/informelitoral.com.ar\\\/#\\\/schema\\\/logo\\\/image\\\/\",\"url\":\"https:\\\/\\\/informelitoral.com.ar\\\/%77%70%2d%63%6f%6e%74%65%6e%74\\\/uploads\\\/2021\\\/01\\\/circulo.png\",\"contentUrl\":\"https:\\\/\\\/informelitoral.com.ar\\\/%77%70%2d%63%6f%6e%74%65%6e%74\\\/uploads\\\/2021\\\/01\\\/circulo.png\",\"width\":723,\"height\":731,\"caption\":\"Informe Litoral\"},\"image\":{\"@id\":\"https:\\\/\\\/informelitoral.com.ar\\\/#\\\/schema\\\/logo\\\/image\\\/\"},\"sameAs\":[\"https:\\\/\\\/www.facebook.com\\\/informelitoral\\\/\",\"https:\\\/\\\/x.com\\\/InformeLitoral\",\"https:\\\/\\\/www.instagram.com\\\/informelitoral\\\/\",\"https:\\\/\\\/www.youtube.com\\\/channel\\\/UCua4Qvz8Icb6MYqhoq9xLXw\"]},{\"@type\":\"Person\",\"@id\":\"https:\\\/\\\/informelitoral.com.ar\\\/#\\\/schema\\\/person\\\/b9d00407c836482871ef1d57bf8e3180\",\"name\":\"Gonzalo Schmidt\",\"image\":{\"@type\":\"ImageObject\",\"inLanguage\":\"es\",\"@id\":\"https:\\\/\\\/secure.gravatar.com\\\/avatar\\\/31a1a7b66ff2de83bd0e9fd79d026630d2d99e55e8bfe501287647b4fd9743de?s=96&d=mm&r=g\",\"url\":\"https:\\\/\\\/secure.gravatar.com\\\/avatar\\\/31a1a7b66ff2de83bd0e9fd79d026630d2d99e55e8bfe501287647b4fd9743de?s=96&d=mm&r=g\",\"contentUrl\":\"https:\\\/\\\/secure.gravatar.com\\\/avatar\\\/31a1a7b66ff2de83bd0e9fd79d026630d2d99e55e8bfe501287647b4fd9743de?s=96&d=mm&r=g\",\"caption\":\"Gonzalo Schmidt\"},\"description\":\"Sitio web de noticias de la provincia de Entre R\u00edos, Argentina. Informaci\u00f3n y entretenimiento. Informe Litoral, nos informamos.\",\"sameAs\":[\"http:\\\/\\\/www.isletasnoticias.com.ar\"],\"url\":\"https:\\\/\\\/informelitoral.com.ar\\\/author\\\/gonzalo\\\/\"}]}<\/script>","yoast_head_json":{"title":"General Ram\u00edrez celebra su 132\u00b0 aniversario - Informe Litoral","robots":{"index":"index","follow":"follow","max-snippet":"max-snippet:-1","max-image-preview":"max-image-preview:large","max-video-preview":"max-video-preview:-1"},"canonical":"https:\/\/informelitoral.com.ar\/general-ramirez-celebra-su-132-aniversario\/","og_locale":"es_ES","og_type":"article","og_title":"General Ram\u00edrez celebra su 132\u00b0 aniversario - Informe Litoral","og_description":"El acto central est\u00e1 previsto para las 18.30. Las actividades conmemorativas se vienen realizando desde el mi\u00e9rcoles 11 de marzo en el marco del Ram\u00edrez Festeja. Un breve repaso de la historia de esa ciudad del departamento Diamante.","og_url":"https:\/\/informelitoral.com.ar\/general-ramirez-celebra-su-132-aniversario\/","og_site_name":"Informe Litoral","article_publisher":"https:\/\/www.facebook.com\/informelitoral\/","article_published_time":"2020-03-13T10:52:20+00:00","article_modified_time":"2020-03-13T11:02:52+00:00","og_image":[{"width":960,"height":691,"url":"https:\/\/informelitoral.com.ar\/%77%70%2d%63%6f%6e%74%65%6e%74\/uploads\/2020\/03\/83554776_2743927112320109_6261655558395265024_o.jpg","type":"image\/jpeg"}],"author":"Gonzalo Schmidt","twitter_card":"summary_large_image","twitter_creator":"@InformeLitoral","twitter_site":"@InformeLitoral","twitter_misc":{"Escrito por":"Gonzalo Schmidt","Tiempo de lectura":"3 minutos"},"schema":{"@context":"https:\/\/schema.org","@graph":[{"@type":"Article","@id":"https:\/\/informelitoral.com.ar\/general-ramirez-celebra-su-132-aniversario\/#article","isPartOf":{"@id":"https:\/\/informelitoral.com.ar\/general-ramirez-celebra-su-132-aniversario\/"},"author":{"name":"Gonzalo Schmidt","@id":"https:\/\/informelitoral.com.ar\/#\/schema\/person\/b9d00407c836482871ef1d57bf8e3180"},"headline":"General Ram\u00edrez celebra su 132\u00b0 aniversario","datePublished":"2020-03-13T10:52:20+00:00","dateModified":"2020-03-13T11:02:52+00:00","mainEntityOfPage":{"@id":"https:\/\/informelitoral.com.ar\/general-ramirez-celebra-su-132-aniversario\/"},"wordCount":532,"commentCount":0,"publisher":{"@id":"https:\/\/informelitoral.com.ar\/#organization"},"image":{"@id":"https:\/\/informelitoral.com.ar\/general-ramirez-celebra-su-132-aniversario\/#primaryimage"},"thumbnailUrl":"https:\/\/informelitoral.com.ar\/%77%70%2d%63%6f%6e%74%65%6e%74\/uploads\/2020\/03\/83554776_2743927112320109_6261655558395265024_o.jpg","keywords":["Aniversario","Departamento Diamante","General Ram\u00edrez","Municipalidad de General Ram\u00edrez","Ram\u00edrez","Ram\u00edrez Festeja"],"articleSection":["Departamento Diamante"],"inLanguage":"es","potentialAction":[{"@type":"CommentAction","name":"Comment","target":["https:\/\/informelitoral.com.ar\/general-ramirez-celebra-su-132-aniversario\/#respond"]}]},{"@type":"WebPage","@id":"https:\/\/informelitoral.com.ar\/general-ramirez-celebra-su-132-aniversario\/","url":"https:\/\/informelitoral.com.ar\/general-ramirez-celebra-su-132-aniversario\/","name":"General Ram\u00edrez celebra su 132\u00b0 aniversario - Informe Litoral","isPartOf":{"@id":"https:\/\/informelitoral.com.ar\/#website"},"primaryImageOfPage":{"@id":"https:\/\/informelitoral.com.ar\/general-ramirez-celebra-su-132-aniversario\/#primaryimage"},"image":{"@id":"https:\/\/informelitoral.com.ar\/general-ramirez-celebra-su-132-aniversario\/#primaryimage"},"thumbnailUrl":"https:\/\/informelitoral.com.ar\/%77%70%2d%63%6f%6e%74%65%6e%74\/uploads\/2020\/03\/83554776_2743927112320109_6261655558395265024_o.jpg","datePublished":"2020-03-13T10:52:20+00:00","dateModified":"2020-03-13T11:02:52+00:00","breadcrumb":{"@id":"https:\/\/informelitoral.com.ar\/general-ramirez-celebra-su-132-aniversario\/#breadcrumb"},"inLanguage":"es","potentialAction":[{"@type":"ReadAction","target":["https:\/\/informelitoral.com.ar\/general-ramirez-celebra-su-132-aniversario\/"]}]},{"@type":"ImageObject","inLanguage":"es","@id":"https:\/\/informelitoral.com.ar\/general-ramirez-celebra-su-132-aniversario\/#primaryimage","url":"https:\/\/informelitoral.com.ar\/%77%70%2d%63%6f%6e%74%65%6e%74\/uploads\/2020\/03\/83554776_2743927112320109_6261655558395265024_o.jpg","contentUrl":"https:\/\/informelitoral.com.ar\/%77%70%2d%63%6f%6e%74%65%6e%74\/uploads\/2020\/03\/83554776_2743927112320109_6261655558395265024_o.jpg","width":960,"height":691},{"@type":"BreadcrumbList","@id":"https:\/\/informelitoral.com.ar\/general-ramirez-celebra-su-132-aniversario\/#breadcrumb","itemListElement":[{"@type":"ListItem","position":1,"name":"Portada","item":"https:\/\/informelitoral.com.ar\/"},{"@type":"ListItem","position":2,"name":"General Ram\u00edrez celebra su 132\u00b0 aniversario"}]},{"@type":"WebSite","@id":"https:\/\/informelitoral.com.ar\/#website","url":"https:\/\/informelitoral.com.ar\/","name":"Informe Litoral","description":"&quot;Nos informamos&quot; ","publisher":{"@id":"https:\/\/informelitoral.com.ar\/#organization"},"potentialAction":[{"@type":"SearchAction","target":{"@type":"EntryPoint","urlTemplate":"https:\/\/informelitoral.com.ar\/?s={search_term_string}"},"query-input":{"@type":"PropertyValueSpecification","valueRequired":true,"valueName":"search_term_string"}}],"inLanguage":"es"},{"@type":"Organization","@id":"https:\/\/informelitoral.com.ar\/#organization","name":"Informe Litoral","url":"https:\/\/informelitoral.com.ar\/","logo":{"@type":"ImageObject","inLanguage":"es","@id":"https:\/\/informelitoral.com.ar\/#\/schema\/logo\/image\/","url":"https:\/\/informelitoral.com.ar\/%77%70%2d%63%6f%6e%74%65%6e%74\/uploads\/2021\/01\/circulo.png","contentUrl":"https:\/\/informelitoral.com.ar\/%77%70%2d%63%6f%6e%74%65%6e%74\/uploads\/2021\/01\/circulo.png","width":723,"height":731,"caption":"Informe Litoral"},"image":{"@id":"https:\/\/informelitoral.com.ar\/#\/schema\/logo\/image\/"},"sameAs":["https:\/\/www.facebook.com\/informelitoral\/","https:\/\/x.com\/InformeLitoral","https:\/\/www.instagram.com\/informelitoral\/","https:\/\/www.youtube.com\/channel\/UCua4Qvz8Icb6MYqhoq9xLXw"]},{"@type":"Person","@id":"https:\/\/informelitoral.com.ar\/#\/schema\/person\/b9d00407c836482871ef1d57bf8e3180","name":"Gonzalo Schmidt","image":{"@type":"ImageObject","inLanguage":"es","@id":"https:\/\/secure.gravatar.com\/avatar\/31a1a7b66ff2de83bd0e9fd79d026630d2d99e55e8bfe501287647b4fd9743de?s=96&d=mm&r=g","url":"https:\/\/secure.gravatar.com\/avatar\/31a1a7b66ff2de83bd0e9fd79d026630d2d99e55e8bfe501287647b4fd9743de?s=96&d=mm&r=g","contentUrl":"https:\/\/secure.gravatar.com\/avatar\/31a1a7b66ff2de83bd0e9fd79d026630d2d99e55e8bfe501287647b4fd9743de?s=96&d=mm&r=g","caption":"Gonzalo Schmidt"},"description":"Sitio web de noticias de la provincia de Entre R\u00edos, Argentina. Informaci\u00f3n y entretenimiento. Informe Litoral, nos informamos.","sameAs":["http:\/\/www.isletasnoticias.com.ar"],"url":"https:\/\/informelitoral.com.ar\/author\/gonzalo\/"}]}},"_links":{"self":[{"href":"https:\/\/informelitoral.com.ar\/%77%70%2d%6a%73%6f%6e\/wp\/v2\/posts\/40869","targetHints":{"allow":["GET"]}}],"collection":[{"href":"https:\/\/informelitoral.com.ar\/%77%70%2d%6a%73%6f%6e\/wp\/v2\/posts"}],"about":[{"href":"https:\/\/informelitoral.com.ar\/%77%70%2d%6a%73%6f%6e\/wp\/v2\/types\/post"}],"author":[{"embeddable":true,"href":"https:\/\/informelitoral.com.ar\/%77%70%2d%6a%73%6f%6e\/wp\/v2\/users\/2"}],"replies":[{"embeddable":true,"href":"https:\/\/informelitoral.com.ar\/%77%70%2d%6a%73%6f%6e\/wp\/v2\/comments?post=40869"}],"version-history":[{"count":0,"href":"https:\/\/informelitoral.com.ar\/%77%70%2d%6a%73%6f%6e\/wp\/v2\/posts\/40869\/revisions"}],"wp:featuredmedia":[{"embeddable":true,"href":"https:\/\/informelitoral.com.ar\/%77%70%2d%6a%73%6f%6e\/wp\/v2\/media\/40884"}],"wp:attachment":[{"href":"https:\/\/informelitoral.com.ar\/%77%70%2d%6a%73%6f%6e\/wp\/v2\/media?parent=40869"}],"wp:term":[{"taxonomy":"category","embeddable":true,"href":"https:\/\/informelitoral.com.ar\/%77%70%2d%6a%73%6f%6e\/wp\/v2\/categories?post=40869"},{"taxonomy":"post_tag","embeddable":true,"href":"https:\/\/informelitoral.com.ar\/%77%70%2d%6a%73%6f%6e\/wp\/v2\/tags?post=40869"}],"curies":[{"name":"wp","href":"https:\/\/api.w.org\/{rel}","templated":true}]}}